{"id":210105,"date":"2026-03-12T16:49:49","date_gmt":"2026-03-12T19:49:49","guid":{"rendered":"https:\/\/radioinfinitagoya.com.ar\/v1\/?p=210105"},"modified":"2026-03-12T16:49:49","modified_gmt":"2026-03-12T19:49:49","slug":"la-frase-del-presidente-del-barcelona-sobre-el-interes-por-julian-alvarez","status":"publish","type":"post","link":"https:\/\/radioinfinitagoya.com.ar\/v1\/2026\/03\/12\/la-frase-del-presidente-del-barcelona-sobre-el-interes-por-julian-alvarez\/","title":{"rendered":"La frase del presidente del Barcelona sobre el inter\u00e9s por Juli\u00e1n \u00c1lvarez"},"content":{"rendered":"<p>&#8220;Que da que hablar en Europa&#8221;<\/p>\n<p>Joan Laporta se pronunci\u00f3 sobre el argentino y lanz\u00f3 una advertencia acerca del precio a pagar por el delantero<\/p>\n<p>La situaci\u00f3n contractual de Juli\u00e1n \u00c1lvarez ha provocado incertidumbre en el Atl\u00e9tico de Madrid y ha llamado la atenci\u00f3n del FC Barcelona, que observa con detenimiento cualquier movimiento del delantero argentino. La posibilidad de que \u00c1lvarez no contin\u00fae en el conjunto colchonero ha sido puesta en duda por declaraciones recientes del propio futbolista, as\u00ed como por la postura p\u00fablica de la directiva azulgrana sobre su inter\u00e9s y las condiciones econ\u00f3micas para un posible traspaso.<\/p>\n<p>El debate sobre el futuro de \u00c1lvarez, de 26 a\u00f1os, se intensific\u00f3 este martes tras el partido en el que el Atl\u00e9tico de Madrid se impuso al Tottenham por 5-2 en el duelo de ida de los octavos de final de la Champions, encuentro en el que el delantero argentino convirti\u00f3 dos goles.<\/p>\n<p>En la zona mixta, fue consultado sobre la posibilidad de permanecer en el club la pr\u00f3xima temporada. \u201cYo qu\u00e9 s\u00e9. No s\u00e9, puede ser que s\u00ed, puede ser que no, nunca se sabe. Pero yo estoy muy feliz ac\u00e1. Me hicieron una pregunta que luego sale por todos lados. Yo estoy feliz, pienso en el d\u00eda a d\u00eda\u201d, afirm\u00f3 \u00c1lvarez ante los medios presentes.<\/p>\n<p>Las palabras del jugador volvieron a poner en duda su continuidad, pese a que mantiene contrato vigente con el Atl\u00e9tico de Madrid hasta 2030. El propio futbolista ya hab\u00eda abordado el tema en noviembre durante una entrevista con el diario L\u2019Equipe, donde expres\u00f3: \u201cSe habla mucho de m\u00ed y del Barcelona y ya veremos qu\u00e9 pasa a final de temporada\u201d.<\/p>\n<p>Del otro lado, el inter\u00e9s del FC Barcelona ha sido reconocido p\u00fablicamente. Joan Laporta, quien apuesta a una reelecci\u00f3n como presidente de la instituci\u00f3n, declar\u00f3 a R\u00e0dio Barcelona: \u201cJuli\u00e1n \u00c1lvarez es un jugador excelente que, seg\u00fan dicen, encajar\u00eda perfectamente en el sistema del Bar\u00e7a, pero no es un jugador por el que tengas que pagar una fortuna. Primero deber\u00eda demostrar su voluntad de venir, que es lo que queremos de todos los jugadores que nos puedan interesar, y deber\u00eda ser a un precio razonable\u201d. Adem\u00e1s, Laporta agreg\u00f3: \u201cEntonces, se podr\u00eda estudiar. Pero, tal y como son las pretensiones, est\u00e1n fuera de lugar\u201d.<\/p>\n<p>El contexto econ\u00f3mico condiciona cualquier negociaci\u00f3n. Seg\u00fan lo informado por el medio Mundo Deportivo, el club no contempla invertir m\u00e1s de 100 millones de euros (107 millones de d\u00f3lares) entre montos fijos y variables por la contrataci\u00f3n de un delantero centro. Para que la operaci\u00f3n avance, la entidad catalana espera que sea el propio futbolista quien impulse su llegada y que el traspaso se ajuste a los par\u00e1metros de la regla 1:1 del fair play financiero que impone LaLiga.<\/p>\n<p>Por otra parte, de acuerdo con la informaci\u00f3n publicada por Sport, el Atl\u00e9tico de Madrid mantiene una postura firme respecto a la continuidad de su delantero. El medio se\u00f1al\u00f3 que \u201cel club colchonero tiene la firme decisi\u00f3n, no solo de retener al futbolista, sino de impedir totalmente su salida al Camp Nou\u201d. La misma fuente remarc\u00f3 que las declaraciones de \u00c1lvarez, en las que abri\u00f3 la puerta a una eventual salida a final de temporada, no han sido bien recibidas por la directiva madrile\u00f1a.<\/p>\n<p>Actualmente, la plantilla dirigida por Diego Pablo Simeone enfrenta una etapa clave de la temporada. El equipo ocupa la tercera posici\u00f3n en la liga espa\u00f1ola con 54 puntos, tiene pendiente la final de la Copa del Rey ante la Real Sociedad, y deber\u00e1 jugar el partido de vuelta ante el Tottenham, mirando de reojo el desenlace entre Newcastle y Barcelona para conocer a su posible rival en los cuartos de final de la Champions League.<\/p>\n<p>Cabe recordar que el contrato del delantero argentino contempla una cl\u00e1usula de rescisi\u00f3n de 500 millones de euros (535 millones de d\u00f3lares), cifra que refuerza la intenci\u00f3n del club madrile\u00f1o de evitar cualquier salida no consensuada. Sport tambi\u00e9n inform\u00f3 que, tras ciertos episodios de sequ\u00eda goleadora, \u00c1lvarez fue sustituido por Simeone en m\u00e1s de una ocasi\u00f3n en partidos trascendentes, lo que gener\u00f3 debate entre aficionados y analistas sobre su valoraci\u00f3n dentro del plantel, considerando su condici\u00f3n de campe\u00f3n del mundo y bicampe\u00f3n de Am\u00e9rica con la selecci\u00f3n argentina.<\/p>\n<p>&nbsp;<\/p>\n","protected":false},"excerpt":{"rendered":"<p>&#8220;Que da que hablar en Europa&#8221; Joan Laporta se pronunci\u00f3 sobre el argentino y lanz\u00f3 una advertencia acerca del precio a pagar por el delantero La situaci\u00f3n contractual de Juli\u00e1n \u00c1lvarez ha provocado incertidumbre en el Atl\u00e9tico de Madrid y ha llamado la atenci\u00f3n del FC Barcelona, que observa con detenimiento cualquier movimiento del delantero [&hellip;]<\/p>\n","protected":false},"author":4,"featured_media":210106,"comment_status":"open","ping_status":"open","sticky":false,"template":"","format":"standard","meta":{"_joinchat":[],"footnotes":""},"categories":[28],"tags":[],"class_list":{"0":"post-210105","1":"post","2":"type-post","3":"status-publish","4":"format-standard","5":"has-post-thumbnail","7":"category-deportes"},"yoast_head":"<!-- This site is optimized with the Yoast SEO plugin v27.2 - https:\/\/yoast.com\/product\/yoast-seo-wordpress\/ -->\n<title>La frase del presidente del Barcelona sobre el inter\u00e9s por Juli\u00e1n \u00c1lvarez - Radio Infinita Goya<\/title>\n<meta name=\"description\" content=\"&quot;Que da que hablar en Europa&quot; Joan Laporta se pronunci\u00f3 sobre el argentino y lanz\u00f3 una advertencia acerca del precio a pagar por el delantero La situaci\u00f3n\" \/>\n<meta name=\"robots\" content=\"index, follow, max-snippet:-1, max-image-preview:large, max-video-preview:-1\" \/>\n<link rel=\"canonical\" href=\"https:\/\/radioinfinitagoya.com.ar\/v1\/2026\/03\/12\/la-frase-del-presidente-del-barcelona-sobre-el-interes-por-julian-alvarez\/\" \/>\n<meta property=\"og:locale\" content=\"es_ES\" \/>\n<meta property=\"og:type\" content=\"article\" \/>\n<meta property=\"og:title\" content=\"La frase del presidente del Barcelona sobre el inter\u00e9s por Juli\u00e1n \u00c1lvarez - Radio Infinita Goya\" \/>\n<meta property=\"og:description\" content=\"&quot;Que da que hablar en Europa&quot; Joan Laporta se pronunci\u00f3 sobre el argentino y lanz\u00f3 una advertencia acerca del precio a pagar por el delantero La situaci\u00f3n\" \/>\n<meta property=\"og:url\" content=\"https:\/\/radioinfinitagoya.com.ar\/v1\/2026\/03\/12\/la-frase-del-presidente-del-barcelona-sobre-el-interes-por-julian-alvarez\/\" \/>\n<meta property=\"og:site_name\" content=\"Radio Infinita Goya\" \/>\n<meta property=\"article:publisher\" content=\"https:\/\/www.facebook.com\/p\/Infinita-Goya-100063870918311\/\" \/>\n<meta property=\"article:published_time\" content=\"2026-03-12T19:49:49+00:00\" \/>\n<meta name=\"author\" content=\"Jorge Mi\u00f1o\" \/>\n<meta name=\"twitter:card\" content=\"summary_large_image\" \/>\n<meta name=\"twitter:label1\" content=\"Escrito por\" \/>\n\t<meta name=\"twitter:data1\" content=\"Jorge Mi\u00f1o\" \/>\n\t<meta name=\"twitter:label2\" content=\"Tiempo de lectura\" \/>\n\t<meta name=\"twitter:data2\" content=\"4 minutos\" \/>\n<script type=\"application\/ld+json\" class=\"yoast-schema-graph\">{\"@context\":\"https:\/\/schema.org\",\"@graph\":[{\"@type\":\"Article\",\"@id\":\"https:\/\/radioinfinitagoya.com.ar\/v1\/2026\/03\/12\/la-frase-del-presidente-del-barcelona-sobre-el-interes-por-julian-alvarez\/#article\",\"isPartOf\":{\"@id\":\"https:\/\/radioinfinitagoya.com.ar\/v1\/2026\/03\/12\/la-frase-del-presidente-del-barcelona-sobre-el-interes-por-julian-alvarez\/\"},\"author\":{\"name\":\"Jorge Mi\u00f1o\",\"@id\":\"https:\/\/radioinfinitagoya.com.ar\/v1\/#\/schema\/person\/d4cf9c413d4f6edb24aabdccab49ca4a\"},\"headline\":\"La frase del presidente del Barcelona sobre el inter\u00e9s por Juli\u00e1n \u00c1lvarez\",\"datePublished\":\"2026-03-12T19:49:49+00:00\",\"mainEntityOfPage\":{\"@id\":\"https:\/\/radioinfinitagoya.com.ar\/v1\/2026\/03\/12\/la-frase-del-presidente-del-barcelona-sobre-el-interes-por-julian-alvarez\/\"},\"wordCount\":771,\"commentCount\":0,\"publisher\":{\"@id\":\"https:\/\/radioinfinitagoya.com.ar\/v1\/#organization\"},\"image\":{\"@id\":\"https:\/\/radioinfinitagoya.com.ar\/v1\/2026\/03\/12\/la-frase-del-presidente-del-barcelona-sobre-el-interes-por-julian-alvarez\/#primaryimage\"},\"thumbnailUrl\":\"https:\/\/radioinfinitagoya.com.ar\/v1\/wp-content\/uploads\/2026\/03\/XJ6HAKCDWZEEVNG7ZIZP3PZ66U.avif\",\"articleSection\":[\"DEPORTES\"],\"inLanguage\":\"es-AR\",\"potentialAction\":[{\"@type\":\"CommentAction\",\"name\":\"Comment\",\"target\":[\"https:\/\/radioinfinitagoya.com.ar\/v1\/2026\/03\/12\/la-frase-del-presidente-del-barcelona-sobre-el-interes-por-julian-alvarez\/#respond\"]}]},{\"@type\":\"WebPage\",\"@id\":\"https:\/\/radioinfinitagoya.com.ar\/v1\/2026\/03\/12\/la-frase-del-presidente-del-barcelona-sobre-el-interes-por-julian-alvarez\/\",\"url\":\"https:\/\/radioinfinitagoya.com.ar\/v1\/2026\/03\/12\/la-frase-del-presidente-del-barcelona-sobre-el-interes-por-julian-alvarez\/\",\"name\":\"La frase del presidente del Barcelona sobre el inter\u00e9s por Juli\u00e1n \u00c1lvarez - Radio Infinita Goya\",\"isPartOf\":{\"@id\":\"https:\/\/radioinfinitagoya.com.ar\/v1\/#website\"},\"primaryImageOfPage\":{\"@id\":\"https:\/\/radioinfinitagoya.com.ar\/v1\/2026\/03\/12\/la-frase-del-presidente-del-barcelona-sobre-el-interes-por-julian-alvarez\/#primaryimage\"},\"image\":{\"@id\":\"https:\/\/radioinfinitagoya.com.ar\/v1\/2026\/03\/12\/la-frase-del-presidente-del-barcelona-sobre-el-interes-por-julian-alvarez\/#primaryimage\"},\"thumbnailUrl\":\"https:\/\/radioinfinitagoya.com.ar\/v1\/wp-content\/uploads\/2026\/03\/XJ6HAKCDWZEEVNG7ZIZP3PZ66U.avif\",\"datePublished\":\"2026-03-12T19:49:49+00:00\",\"description\":\"\\\"Que da que hablar en Europa\\\" Joan Laporta se pronunci\u00f3 sobre el argentino y lanz\u00f3 una advertencia acerca del precio a pagar por el delantero La situaci\u00f3n\",\"breadcrumb\":{\"@id\":\"https:\/\/radioinfinitagoya.com.ar\/v1\/2026\/03\/12\/la-frase-del-presidente-del-barcelona-sobre-el-interes-por-julian-alvarez\/#breadcrumb\"},\"inLanguage\":\"es-AR\",\"potentialAction\":[{\"@type\":\"ReadAction\",\"target\":[\"https:\/\/radioinfinitagoya.com.ar\/v1\/2026\/03\/12\/la-frase-del-presidente-del-barcelona-sobre-el-interes-por-julian-alvarez\/\"]}]},{\"@type\":\"ImageObject\",\"inLanguage\":\"es-AR\",\"@id\":\"https:\/\/radioinfinitagoya.com.ar\/v1\/2026\/03\/12\/la-frase-del-presidente-del-barcelona-sobre-el-interes-por-julian-alvarez\/#primaryimage\",\"url\":\"https:\/\/radioinfinitagoya.com.ar\/v1\/wp-content\/uploads\/2026\/03\/XJ6HAKCDWZEEVNG7ZIZP3PZ66U.avif\",\"contentUrl\":\"https:\/\/radioinfinitagoya.com.ar\/v1\/wp-content\/uploads\/2026\/03\/XJ6HAKCDWZEEVNG7ZIZP3PZ66U.avif\",\"width\":992,\"height\":558},{\"@type\":\"BreadcrumbList\",\"@id\":\"https:\/\/radioinfinitagoya.com.ar\/v1\/2026\/03\/12\/la-frase-del-presidente-del-barcelona-sobre-el-interes-por-julian-alvarez\/#breadcrumb\",\"itemListElement\":[{\"@type\":\"ListItem\",\"position\":1,\"name\":\"Inicio\",\"item\":\"https:\/\/radioinfinitagoya.com.ar\/v1\/\"},{\"@type\":\"ListItem\",\"position\":2,\"name\":\"La frase del presidente del Barcelona sobre el inter\u00e9s por Juli\u00e1n \u00c1lvarez\"}]},{\"@type\":\"WebSite\",\"@id\":\"https:\/\/radioinfinitagoya.com.ar\/v1\/#website\",\"url\":\"https:\/\/radioinfinitagoya.com.ar\/v1\/\",\"name\":\"radioinfinitagoya.com.ar\",\"description\":\"Radio de noticias\",\"publisher\":{\"@id\":\"https:\/\/radioinfinitagoya.com.ar\/v1\/#organization\"},\"potentialAction\":[{\"@type\":\"SearchAction\",\"target\":{\"@type\":\"EntryPoint\",\"urlTemplate\":\"https:\/\/radioinfinitagoya.com.ar\/v1\/?s={search_term_string}\"},\"query-input\":{\"@type\":\"PropertyValueSpecification\",\"valueRequired\":true,\"valueName\":\"search_term_string\"}}],\"inLanguage\":\"es-AR\"},{\"@type\":\"Organization\",\"@id\":\"https:\/\/radioinfinitagoya.com.ar\/v1\/#organization\",\"name\":\"Radio Infinita Goya\",\"url\":\"https:\/\/radioinfinitagoya.com.ar\/v1\/\",\"logo\":{\"@type\":\"ImageObject\",\"inLanguage\":\"es-AR\",\"@id\":\"https:\/\/radioinfinitagoya.com.ar\/v1\/#\/schema\/logo\/image\/\",\"url\":\"https:\/\/radioinfinitagoya.com.ar\/v1\/wp-content\/uploads\/2019\/11\/logo-pie-web.png\",\"contentUrl\":\"https:\/\/radioinfinitagoya.com.ar\/v1\/wp-content\/uploads\/2019\/11\/logo-pie-web.png\",\"width\":635,\"height\":326,\"caption\":\"Radio Infinita Goya\"},\"image\":{\"@id\":\"https:\/\/radioinfinitagoya.com.ar\/v1\/#\/schema\/logo\/image\/\"},\"sameAs\":[\"https:\/\/www.facebook.com\/p\/Infinita-Goya-100063870918311\/\"]},{\"@type\":\"Person\",\"@id\":\"https:\/\/radioinfinitagoya.com.ar\/v1\/#\/schema\/person\/d4cf9c413d4f6edb24aabdccab49ca4a\",\"name\":\"Jorge Mi\u00f1o\",\"image\":{\"@type\":\"ImageObject\",\"inLanguage\":\"es-AR\",\"@id\":\"https:\/\/secure.gravatar.com\/avatar\/910fcf6728fe95320e07a6643c1581fec1c7fc4bf8ae12e3d8f0d0373dc844be?s=96&d=mm&r=g\",\"url\":\"https:\/\/secure.gravatar.com\/avatar\/910fcf6728fe95320e07a6643c1581fec1c7fc4bf8ae12e3d8f0d0373dc844be?s=96&d=mm&r=g\",\"contentUrl\":\"https:\/\/secure.gravatar.com\/avatar\/910fcf6728fe95320e07a6643c1581fec1c7fc4bf8ae12e3d8f0d0373dc844be?s=96&d=mm&r=g\",\"caption\":\"Jorge Mi\u00f1o\"},\"sameAs\":[\"http:\/\/radioinfinitagoya.com.ar\"]}]}<\/script>\n<!-- \/ Yoast SEO plugin. -->","yoast_head_json":{"title":"La frase del presidente del Barcelona sobre el inter\u00e9s por Juli\u00e1n \u00c1lvarez - Radio Infinita Goya","description":"\"Que da que hablar en Europa\" Joan Laporta se pronunci\u00f3 sobre el argentino y lanz\u00f3 una advertencia acerca del precio a pagar por el delantero La situaci\u00f3n","robots":{"index":"index","follow":"follow","max-snippet":"max-snippet:-1","max-image-preview":"max-image-preview:large","max-video-preview":"max-video-preview:-1"},"canonical":"https:\/\/radioinfinitagoya.com.ar\/v1\/2026\/03\/12\/la-frase-del-presidente-del-barcelona-sobre-el-interes-por-julian-alvarez\/","og_locale":"es_ES","og_type":"article","og_title":"La frase del presidente del Barcelona sobre el inter\u00e9s por Juli\u00e1n \u00c1lvarez - Radio Infinita Goya","og_description":"\"Que da que hablar en Europa\" Joan Laporta se pronunci\u00f3 sobre el argentino y lanz\u00f3 una advertencia acerca del precio a pagar por el delantero La situaci\u00f3n","og_url":"https:\/\/radioinfinitagoya.com.ar\/v1\/2026\/03\/12\/la-frase-del-presidente-del-barcelona-sobre-el-interes-por-julian-alvarez\/","og_site_name":"Radio Infinita Goya","article_publisher":"https:\/\/www.facebook.com\/p\/Infinita-Goya-100063870918311\/","article_published_time":"2026-03-12T19:49:49+00:00","author":"Jorge Mi\u00f1o","twitter_card":"summary_large_image","twitter_misc":{"Escrito por":"Jorge Mi\u00f1o","Tiempo de lectura":"4 minutos"},"schema":{"@context":"https:\/\/schema.org","@graph":[{"@type":"Article","@id":"https:\/\/radioinfinitagoya.com.ar\/v1\/2026\/03\/12\/la-frase-del-presidente-del-barcelona-sobre-el-interes-por-julian-alvarez\/#article","isPartOf":{"@id":"https:\/\/radioinfinitagoya.com.ar\/v1\/2026\/03\/12\/la-frase-del-presidente-del-barcelona-sobre-el-interes-por-julian-alvarez\/"},"author":{"name":"Jorge Mi\u00f1o","@id":"https:\/\/radioinfinitagoya.com.ar\/v1\/#\/schema\/person\/d4cf9c413d4f6edb24aabdccab49ca4a"},"headline":"La frase del presidente del Barcelona sobre el inter\u00e9s por Juli\u00e1n \u00c1lvarez","datePublished":"2026-03-12T19:49:49+00:00","mainEntityOfPage":{"@id":"https:\/\/radioinfinitagoya.com.ar\/v1\/2026\/03\/12\/la-frase-del-presidente-del-barcelona-sobre-el-interes-por-julian-alvarez\/"},"wordCount":771,"commentCount":0,"publisher":{"@id":"https:\/\/radioinfinitagoya.com.ar\/v1\/#organization"},"image":{"@id":"https:\/\/radioinfinitagoya.com.ar\/v1\/2026\/03\/12\/la-frase-del-presidente-del-barcelona-sobre-el-interes-por-julian-alvarez\/#primaryimage"},"thumbnailUrl":"https:\/\/radioinfinitagoya.com.ar\/v1\/wp-content\/uploads\/2026\/03\/XJ6HAKCDWZEEVNG7ZIZP3PZ66U.avif","articleSection":["DEPORTES"],"inLanguage":"es-AR","potentialAction":[{"@type":"CommentAction","name":"Comment","target":["https:\/\/radioinfinitagoya.com.ar\/v1\/2026\/03\/12\/la-frase-del-presidente-del-barcelona-sobre-el-interes-por-julian-alvarez\/#respond"]}]},{"@type":"WebPage","@id":"https:\/\/radioinfinitagoya.com.ar\/v1\/2026\/03\/12\/la-frase-del-presidente-del-barcelona-sobre-el-interes-por-julian-alvarez\/","url":"https:\/\/radioinfinitagoya.com.ar\/v1\/2026\/03\/12\/la-frase-del-presidente-del-barcelona-sobre-el-interes-por-julian-alvarez\/","name":"La frase del presidente del Barcelona sobre el inter\u00e9s por Juli\u00e1n \u00c1lvarez - Radio Infinita Goya","isPartOf":{"@id":"https:\/\/radioinfinitagoya.com.ar\/v1\/#website"},"primaryImageOfPage":{"@id":"https:\/\/radioinfinitagoya.com.ar\/v1\/2026\/03\/12\/la-frase-del-presidente-del-barcelona-sobre-el-interes-por-julian-alvarez\/#primaryimage"},"image":{"@id":"https:\/\/radioinfinitagoya.com.ar\/v1\/2026\/03\/12\/la-frase-del-presidente-del-barcelona-sobre-el-interes-por-julian-alvarez\/#primaryimage"},"thumbnailUrl":"https:\/\/radioinfinitagoya.com.ar\/v1\/wp-content\/uploads\/2026\/03\/XJ6HAKCDWZEEVNG7ZIZP3PZ66U.avif","datePublished":"2026-03-12T19:49:49+00:00","description":"\"Que da que hablar en Europa\" Joan Laporta se pronunci\u00f3 sobre el argentino y lanz\u00f3 una advertencia acerca del precio a pagar por el delantero La situaci\u00f3n","breadcrumb":{"@id":"https:\/\/radioinfinitagoya.com.ar\/v1\/2026\/03\/12\/la-frase-del-presidente-del-barcelona-sobre-el-interes-por-julian-alvarez\/#breadcrumb"},"inLanguage":"es-AR","potentialAction":[{"@type":"ReadAction","target":["https:\/\/radioinfinitagoya.com.ar\/v1\/2026\/03\/12\/la-frase-del-presidente-del-barcelona-sobre-el-interes-por-julian-alvarez\/"]}]},{"@type":"ImageObject","inLanguage":"es-AR","@id":"https:\/\/radioinfinitagoya.com.ar\/v1\/2026\/03\/12\/la-frase-del-presidente-del-barcelona-sobre-el-interes-por-julian-alvarez\/#primaryimage","url":"https:\/\/radioinfinitagoya.com.ar\/v1\/wp-content\/uploads\/2026\/03\/XJ6HAKCDWZEEVNG7ZIZP3PZ66U.avif","contentUrl":"https:\/\/radioinfinitagoya.com.ar\/v1\/wp-content\/uploads\/2026\/03\/XJ6HAKCDWZEEVNG7ZIZP3PZ66U.avif","width":992,"height":558},{"@type":"BreadcrumbList","@id":"https:\/\/radioinfinitagoya.com.ar\/v1\/2026\/03\/12\/la-frase-del-presidente-del-barcelona-sobre-el-interes-por-julian-alvarez\/#breadcrumb","itemListElement":[{"@type":"ListItem","position":1,"name":"Inicio","item":"https:\/\/radioinfinitagoya.com.ar\/v1\/"},{"@type":"ListItem","position":2,"name":"La frase del presidente del Barcelona sobre el inter\u00e9s por Juli\u00e1n \u00c1lvarez"}]},{"@type":"WebSite","@id":"https:\/\/radioinfinitagoya.com.ar\/v1\/#website","url":"https:\/\/radioinfinitagoya.com.ar\/v1\/","name":"radioinfinitagoya.com.ar","description":"Radio de noticias","publisher":{"@id":"https:\/\/radioinfinitagoya.com.ar\/v1\/#organization"},"potentialAction":[{"@type":"SearchAction","target":{"@type":"EntryPoint","urlTemplate":"https:\/\/radioinfinitagoya.com.ar\/v1\/?s={search_term_string}"},"query-input":{"@type":"PropertyValueSpecification","valueRequired":true,"valueName":"search_term_string"}}],"inLanguage":"es-AR"},{"@type":"Organization","@id":"https:\/\/radioinfinitagoya.com.ar\/v1\/#organization","name":"Radio Infinita Goya","url":"https:\/\/radioinfinitagoya.com.ar\/v1\/","logo":{"@type":"ImageObject","inLanguage":"es-AR","@id":"https:\/\/radioinfinitagoya.com.ar\/v1\/#\/schema\/logo\/image\/","url":"https:\/\/radioinfinitagoya.com.ar\/v1\/wp-content\/uploads\/2019\/11\/logo-pie-web.png","contentUrl":"https:\/\/radioinfinitagoya.com.ar\/v1\/wp-content\/uploads\/2019\/11\/logo-pie-web.png","width":635,"height":326,"caption":"Radio Infinita Goya"},"image":{"@id":"https:\/\/radioinfinitagoya.com.ar\/v1\/#\/schema\/logo\/image\/"},"sameAs":["https:\/\/www.facebook.com\/p\/Infinita-Goya-100063870918311\/"]},{"@type":"Person","@id":"https:\/\/radioinfinitagoya.com.ar\/v1\/#\/schema\/person\/d4cf9c413d4f6edb24aabdccab49ca4a","name":"Jorge Mi\u00f1o","image":{"@type":"ImageObject","inLanguage":"es-AR","@id":"https:\/\/secure.gravatar.com\/avatar\/910fcf6728fe95320e07a6643c1581fec1c7fc4bf8ae12e3d8f0d0373dc844be?s=96&d=mm&r=g","url":"https:\/\/secure.gravatar.com\/avatar\/910fcf6728fe95320e07a6643c1581fec1c7fc4bf8ae12e3d8f0d0373dc844be?s=96&d=mm&r=g","contentUrl":"https:\/\/secure.gravatar.com\/avatar\/910fcf6728fe95320e07a6643c1581fec1c7fc4bf8ae12e3d8f0d0373dc844be?s=96&d=mm&r=g","caption":"Jorge Mi\u00f1o"},"sameAs":["http:\/\/radioinfinitagoya.com.ar"]}]}},"_links":{"self":[{"href":"https:\/\/radioinfinitagoya.com.ar\/v1\/wp-json\/wp\/v2\/posts\/210105","targetHints":{"allow":["GET"]}}],"collection":[{"href":"https:\/\/radioinfinitagoya.com.ar\/v1\/wp-json\/wp\/v2\/posts"}],"about":[{"href":"https:\/\/radioinfinitagoya.com.ar\/v1\/wp-json\/wp\/v2\/types\/post"}],"author":[{"embeddable":true,"href":"https:\/\/radioinfinitagoya.com.ar\/v1\/wp-json\/wp\/v2\/users\/4"}],"replies":[{"embeddable":true,"href":"https:\/\/radioinfinitagoya.com.ar\/v1\/wp-json\/wp\/v2\/comments?post=210105"}],"version-history":[{"count":0,"href":"https:\/\/radioinfinitagoya.com.ar\/v1\/wp-json\/wp\/v2\/posts\/210105\/revisions"}],"wp:featuredmedia":[{"embeddable":true,"href":"https:\/\/radioinfinitagoya.com.ar\/v1\/wp-json\/wp\/v2\/media\/210106"}],"wp:attachment":[{"href":"https:\/\/radioinfinitagoya.com.ar\/v1\/wp-json\/wp\/v2\/media?parent=210105"}],"wp:term":[{"taxonomy":"category","embeddable":true,"href":"https:\/\/radioinfinitagoya.com.ar\/v1\/wp-json\/wp\/v2\/categories?post=210105"},{"taxonomy":"post_tag","embeddable":true,"href":"https:\/\/radioinfinitagoya.com.ar\/v1\/wp-json\/wp\/v2\/tags?post=210105"}],"curies":[{"name":"wp","href":"https:\/\/api.w.org\/{rel}","templated":true}]}}