{"id":210109,"date":"2026-03-12T16:57:13","date_gmt":"2026-03-12T19:57:13","guid":{"rendered":"https:\/\/radioinfinitagoya.com.ar\/v1\/?p=210109"},"modified":"2026-03-12T16:57:13","modified_gmt":"2026-03-12T19:57:13","slug":"alerta-turistas-anuncian-paro-en-todos-los-vuelos-de-aeroparque-ezeiza-y-todo-el-pais","status":"publish","type":"post","link":"https:\/\/radioinfinitagoya.com.ar\/v1\/2026\/03\/12\/alerta-turistas-anuncian-paro-en-todos-los-vuelos-de-aeroparque-ezeiza-y-todo-el-pais\/","title":{"rendered":"Alerta turistas: anuncian paro en todos los vuelos de Aeroparque, Ezeiza y todo el pa\u00eds"},"content":{"rendered":"<p>El gremio de ANAC anunci\u00f3 una huelga que afectar\u00e1 los vuelos comerciales en pleno fin de semana largo. Habr\u00e1 cancelaciones del 18 al 24 de marzo.<\/p>\n<p>La Asociaci\u00f3n de Trabajadores del Estado (ATE) anunci\u00f3 una dr\u00e1stica medida de fuerza que impactar\u00e1 de lleno en los aeropuertos del pa\u00eds. A trav\u00e9s de un comunicado oficial, el gremio de ANAC confirm\u00f3 un paro que arruinar\u00e1 los planes de miles de turistas durante el fin de semana largo.<\/p>\n<p>La huelga se llevar\u00e1 a cabo entre el mi\u00e9rcoles 18 y el martes 24 de marzo inclusive, generando previsibles demoras y cancelaciones masivas en todo el transporte aerocomercial a nivel nacional.<\/p>\n<p>Fin de semana largo sin vuelos por paro de ATE<br \/>\nVuelos cancelados y horarios afectados<br \/>\nDesde ATE ANAC detallaron que la protesta no ser\u00e1 por 24 horas continuas, sino que se aplicar\u00e1 mediante un cese de tareas que paralizar\u00e1 los vuelos en dos franjas horarias espec\u00edficas durante cada jornada:<br \/>\nTurno ma\u00f1ana: De 09:00 a 12:00 horas.<br \/>\nTurno tarde\/noche: De 16:00 a 20:00 horas.<\/p>\n<p>Durante esos bloques horarios de retenci\u00f3n de tareas, el gremio aclar\u00f3 que solo se garantizar\u00e1 la asistencia t\u00e9cnica para aviones oficiales, sanitarios y humanitarios.<\/p>\n<p>Los motivos del paro en los aeropuertos durante el fin de semana largo<\/p>\n<p>La decisi\u00f3n de frenar el funcionamiento de las terminales a\u00e9reas fue tomada de manera colectiva en asambleas. El reclamo central de la ANAC apunta contra las autoridades gubernamentales por aumentos salariales que fueron acordados previamente pero que a\u00fan no se efectivizaron en los recibos de sueldo.<\/p>\n<p>Mercedes Cabezas, secretaria general adjunta de ATE Nacional, apunt\u00f3 duramente contra la gesti\u00f3n: &#8220;El paro siempre es la \u00faltima herramienta que tenemos porque no queremos afectar a los usuarios, pero nos vienen mintiendo en la cara&#8221;.<\/p>\n<p>La dirigente detall\u00f3 que a principios de febrero hab\u00edan mantenido una reuni\u00f3n donde los funcionarios acordaron pagar el aumento, algo que finalmente no cumplieron. &#8220;La situaci\u00f3n ya es insostenible&#8221;, sentenci\u00f3. Por \u00faltimo, desde el sindicato exigieron a las empresas que informen con anticipaci\u00f3n a los pasajeros para intentar minimizar el caos inminente en todos los aeropuertos.<\/p>\n","protected":false},"excerpt":{"rendered":"<p>El gremio de ANAC anunci\u00f3 una huelga que afectar\u00e1 los vuelos comerciales en pleno fin de semana largo. Habr\u00e1 cancelaciones del 18 al 24 de marzo. La Asociaci\u00f3n de Trabajadores del Estado (ATE) anunci\u00f3 una dr\u00e1stica medida de fuerza que impactar\u00e1 de lleno en los aeropuertos del pa\u00eds. A trav\u00e9s de un comunicado oficial, el [&hellip;]<\/p>\n","protected":false},"author":4,"featured_media":210110,"comment_status":"open","ping_status":"open","sticky":false,"template":"","format":"standard","meta":{"_joinchat":[],"footnotes":""},"categories":[29],"tags":[],"class_list":{"0":"post-210109","1":"post","2":"type-post","3":"status-publish","4":"format-standard","5":"has-post-thumbnail","7":"category-nacionales"},"yoast_head":"<!-- This site is optimized with the Yoast SEO plugin v27.2 - https:\/\/yoast.com\/product\/yoast-seo-wordpress\/ -->\n<title>Alerta turistas: anuncian paro en todos los vuelos de Aeroparque, Ezeiza y todo el pa\u00eds - Radio Infinita Goya<\/title>\n<meta name=\"description\" content=\"El gremio de ANAC anunci\u00f3 una huelga que afectar\u00e1 los vuelos comerciales en pleno fin de semana largo. Habr\u00e1 cancelaciones del 18 al 24 de marzo. La\" \/>\n<meta name=\"robots\" content=\"index, follow, max-snippet:-1, max-image-preview:large, max-video-preview:-1\" \/>\n<link rel=\"canonical\" href=\"https:\/\/radioinfinitagoya.com.ar\/v1\/2026\/03\/12\/alerta-turistas-anuncian-paro-en-todos-los-vuelos-de-aeroparque-ezeiza-y-todo-el-pais\/\" \/>\n<meta property=\"og:locale\" content=\"es_ES\" \/>\n<meta property=\"og:type\" content=\"article\" \/>\n<meta property=\"og:title\" content=\"Alerta turistas: anuncian paro en todos los vuelos de Aeroparque, Ezeiza y todo el pa\u00eds - Radio Infinita Goya\" \/>\n<meta property=\"og:description\" content=\"El gremio de ANAC anunci\u00f3 una huelga que afectar\u00e1 los vuelos comerciales en pleno fin de semana largo. Habr\u00e1 cancelaciones del 18 al 24 de marzo. La\" \/>\n<meta property=\"og:url\" content=\"https:\/\/radioinfinitagoya.com.ar\/v1\/2026\/03\/12\/alerta-turistas-anuncian-paro-en-todos-los-vuelos-de-aeroparque-ezeiza-y-todo-el-pais\/\" \/>\n<meta property=\"og:site_name\" content=\"Radio Infinita Goya\" \/>\n<meta property=\"article:publisher\" content=\"https:\/\/www.facebook.com\/p\/Infinita-Goya-100063870918311\/\" \/>\n<meta property=\"article:published_time\" content=\"2026-03-12T19:57:13+00:00\" \/>\n<meta property=\"og:image\" content=\"https:\/\/radioinfinitagoya.com.ar\/v1\/wp-content\/uploads\/2026\/03\/281913w380h284c.jpg.webp\" \/>\n\t<meta property=\"og:image:width\" content=\"380\" \/>\n\t<meta property=\"og:image:height\" content=\"284\" \/>\n\t<meta property=\"og:image:type\" content=\"image\/webp\" \/>\n<meta name=\"author\" content=\"Jorge Mi\u00f1o\" \/>\n<meta name=\"twitter:card\" content=\"summary_large_image\" \/>\n<meta name=\"twitter:label1\" content=\"Escrito por\" \/>\n\t<meta name=\"twitter:data1\" content=\"Jorge Mi\u00f1o\" \/>\n\t<meta name=\"twitter:label2\" content=\"Tiempo de lectura\" \/>\n\t<meta name=\"twitter:data2\" content=\"2 minutos\" \/>\n<script type=\"application\/ld+json\" class=\"yoast-schema-graph\">{\"@context\":\"https:\/\/schema.org\",\"@graph\":[{\"@type\":\"Article\",\"@id\":\"https:\/\/radioinfinitagoya.com.ar\/v1\/2026\/03\/12\/alerta-turistas-anuncian-paro-en-todos-los-vuelos-de-aeroparque-ezeiza-y-todo-el-pais\/#article\",\"isPartOf\":{\"@id\":\"https:\/\/radioinfinitagoya.com.ar\/v1\/2026\/03\/12\/alerta-turistas-anuncian-paro-en-todos-los-vuelos-de-aeroparque-ezeiza-y-todo-el-pais\/\"},\"author\":{\"name\":\"Jorge Mi\u00f1o\",\"@id\":\"https:\/\/radioinfinitagoya.com.ar\/v1\/#\/schema\/person\/d4cf9c413d4f6edb24aabdccab49ca4a\"},\"headline\":\"Alerta turistas: anuncian paro en todos los vuelos de Aeroparque, Ezeiza y todo el pa\u00eds\",\"datePublished\":\"2026-03-12T19:57:13+00:00\",\"mainEntityOfPage\":{\"@id\":\"https:\/\/radioinfinitagoya.com.ar\/v1\/2026\/03\/12\/alerta-turistas-anuncian-paro-en-todos-los-vuelos-de-aeroparque-ezeiza-y-todo-el-pais\/\"},\"wordCount\":369,\"commentCount\":0,\"publisher\":{\"@id\":\"https:\/\/radioinfinitagoya.com.ar\/v1\/#organization\"},\"image\":{\"@id\":\"https:\/\/radioinfinitagoya.com.ar\/v1\/2026\/03\/12\/alerta-turistas-anuncian-paro-en-todos-los-vuelos-de-aeroparque-ezeiza-y-todo-el-pais\/#primaryimage\"},\"thumbnailUrl\":\"https:\/\/radioinfinitagoya.com.ar\/v1\/wp-content\/uploads\/2026\/03\/281913w380h284c.jpg.webp\",\"articleSection\":[\"NACIONALES\"],\"inLanguage\":\"es-AR\",\"potentialAction\":[{\"@type\":\"CommentAction\",\"name\":\"Comment\",\"target\":[\"https:\/\/radioinfinitagoya.com.ar\/v1\/2026\/03\/12\/alerta-turistas-anuncian-paro-en-todos-los-vuelos-de-aeroparque-ezeiza-y-todo-el-pais\/#respond\"]}]},{\"@type\":\"WebPage\",\"@id\":\"https:\/\/radioinfinitagoya.com.ar\/v1\/2026\/03\/12\/alerta-turistas-anuncian-paro-en-todos-los-vuelos-de-aeroparque-ezeiza-y-todo-el-pais\/\",\"url\":\"https:\/\/radioinfinitagoya.com.ar\/v1\/2026\/03\/12\/alerta-turistas-anuncian-paro-en-todos-los-vuelos-de-aeroparque-ezeiza-y-todo-el-pais\/\",\"name\":\"Alerta turistas: anuncian paro en todos los vuelos de Aeroparque, Ezeiza y todo el pa\u00eds - Radio Infinita Goya\",\"isPartOf\":{\"@id\":\"https:\/\/radioinfinitagoya.com.ar\/v1\/#website\"},\"primaryImageOfPage\":{\"@id\":\"https:\/\/radioinfinitagoya.com.ar\/v1\/2026\/03\/12\/alerta-turistas-anuncian-paro-en-todos-los-vuelos-de-aeroparque-ezeiza-y-todo-el-pais\/#primaryimage\"},\"image\":{\"@id\":\"https:\/\/radioinfinitagoya.com.ar\/v1\/2026\/03\/12\/alerta-turistas-anuncian-paro-en-todos-los-vuelos-de-aeroparque-ezeiza-y-todo-el-pais\/#primaryimage\"},\"thumbnailUrl\":\"https:\/\/radioinfinitagoya.com.ar\/v1\/wp-content\/uploads\/2026\/03\/281913w380h284c.jpg.webp\",\"datePublished\":\"2026-03-12T19:57:13+00:00\",\"description\":\"El gremio de ANAC anunci\u00f3 una huelga que afectar\u00e1 los vuelos comerciales en pleno fin de semana largo. Habr\u00e1 cancelaciones del 18 al 24 de marzo. La\",\"breadcrumb\":{\"@id\":\"https:\/\/radioinfinitagoya.com.ar\/v1\/2026\/03\/12\/alerta-turistas-anuncian-paro-en-todos-los-vuelos-de-aeroparque-ezeiza-y-todo-el-pais\/#breadcrumb\"},\"inLanguage\":\"es-AR\",\"potentialAction\":[{\"@type\":\"ReadAction\",\"target\":[\"https:\/\/radioinfinitagoya.com.ar\/v1\/2026\/03\/12\/alerta-turistas-anuncian-paro-en-todos-los-vuelos-de-aeroparque-ezeiza-y-todo-el-pais\/\"]}]},{\"@type\":\"ImageObject\",\"inLanguage\":\"es-AR\",\"@id\":\"https:\/\/radioinfinitagoya.com.ar\/v1\/2026\/03\/12\/alerta-turistas-anuncian-paro-en-todos-los-vuelos-de-aeroparque-ezeiza-y-todo-el-pais\/#primaryimage\",\"url\":\"https:\/\/radioinfinitagoya.com.ar\/v1\/wp-content\/uploads\/2026\/03\/281913w380h284c.jpg.webp\",\"contentUrl\":\"https:\/\/radioinfinitagoya.com.ar\/v1\/wp-content\/uploads\/2026\/03\/281913w380h284c.jpg.webp\",\"width\":380,\"height\":284},{\"@type\":\"BreadcrumbList\",\"@id\":\"https:\/\/radioinfinitagoya.com.ar\/v1\/2026\/03\/12\/alerta-turistas-anuncian-paro-en-todos-los-vuelos-de-aeroparque-ezeiza-y-todo-el-pais\/#breadcrumb\",\"itemListElement\":[{\"@type\":\"ListItem\",\"position\":1,\"name\":\"Inicio\",\"item\":\"https:\/\/radioinfinitagoya.com.ar\/v1\/\"},{\"@type\":\"ListItem\",\"position\":2,\"name\":\"Alerta turistas: anuncian paro en todos los vuelos de Aeroparque, Ezeiza y todo el pa\u00eds\"}]},{\"@type\":\"WebSite\",\"@id\":\"https:\/\/radioinfinitagoya.com.ar\/v1\/#website\",\"url\":\"https:\/\/radioinfinitagoya.com.ar\/v1\/\",\"name\":\"radioinfinitagoya.com.ar\",\"description\":\"Radio de noticias\",\"publisher\":{\"@id\":\"https:\/\/radioinfinitagoya.com.ar\/v1\/#organization\"},\"potentialAction\":[{\"@type\":\"SearchAction\",\"target\":{\"@type\":\"EntryPoint\",\"urlTemplate\":\"https:\/\/radioinfinitagoya.com.ar\/v1\/?s={search_term_string}\"},\"query-input\":{\"@type\":\"PropertyValueSpecification\",\"valueRequired\":true,\"valueName\":\"search_term_string\"}}],\"inLanguage\":\"es-AR\"},{\"@type\":\"Organization\",\"@id\":\"https:\/\/radioinfinitagoya.com.ar\/v1\/#organization\",\"name\":\"Radio Infinita Goya\",\"url\":\"https:\/\/radioinfinitagoya.com.ar\/v1\/\",\"logo\":{\"@type\":\"ImageObject\",\"inLanguage\":\"es-AR\",\"@id\":\"https:\/\/radioinfinitagoya.com.ar\/v1\/#\/schema\/logo\/image\/\",\"url\":\"https:\/\/radioinfinitagoya.com.ar\/v1\/wp-content\/uploads\/2019\/11\/logo-pie-web.png\",\"contentUrl\":\"https:\/\/radioinfinitagoya.com.ar\/v1\/wp-content\/uploads\/2019\/11\/logo-pie-web.png\",\"width\":635,\"height\":326,\"caption\":\"Radio Infinita Goya\"},\"image\":{\"@id\":\"https:\/\/radioinfinitagoya.com.ar\/v1\/#\/schema\/logo\/image\/\"},\"sameAs\":[\"https:\/\/www.facebook.com\/p\/Infinita-Goya-100063870918311\/\"]},{\"@type\":\"Person\",\"@id\":\"https:\/\/radioinfinitagoya.com.ar\/v1\/#\/schema\/person\/d4cf9c413d4f6edb24aabdccab49ca4a\",\"name\":\"Jorge Mi\u00f1o\",\"image\":{\"@type\":\"ImageObject\",\"inLanguage\":\"es-AR\",\"@id\":\"https:\/\/secure.gravatar.com\/avatar\/910fcf6728fe95320e07a6643c1581fec1c7fc4bf8ae12e3d8f0d0373dc844be?s=96&d=mm&r=g\",\"url\":\"https:\/\/secure.gravatar.com\/avatar\/910fcf6728fe95320e07a6643c1581fec1c7fc4bf8ae12e3d8f0d0373dc844be?s=96&d=mm&r=g\",\"contentUrl\":\"https:\/\/secure.gravatar.com\/avatar\/910fcf6728fe95320e07a6643c1581fec1c7fc4bf8ae12e3d8f0d0373dc844be?s=96&d=mm&r=g\",\"caption\":\"Jorge Mi\u00f1o\"},\"sameAs\":[\"http:\/\/radioinfinitagoya.com.ar\"]}]}<\/script>\n<!-- \/ Yoast SEO plugin. -->","yoast_head_json":{"title":"Alerta turistas: anuncian paro en todos los vuelos de Aeroparque, Ezeiza y todo el pa\u00eds - Radio Infinita Goya","description":"El gremio de ANAC anunci\u00f3 una huelga que afectar\u00e1 los vuelos comerciales en pleno fin de semana largo. Habr\u00e1 cancelaciones del 18 al 24 de marzo. La","robots":{"index":"index","follow":"follow","max-snippet":"max-snippet:-1","max-image-preview":"max-image-preview:large","max-video-preview":"max-video-preview:-1"},"canonical":"https:\/\/radioinfinitagoya.com.ar\/v1\/2026\/03\/12\/alerta-turistas-anuncian-paro-en-todos-los-vuelos-de-aeroparque-ezeiza-y-todo-el-pais\/","og_locale":"es_ES","og_type":"article","og_title":"Alerta turistas: anuncian paro en todos los vuelos de Aeroparque, Ezeiza y todo el pa\u00eds - Radio Infinita Goya","og_description":"El gremio de ANAC anunci\u00f3 una huelga que afectar\u00e1 los vuelos comerciales en pleno fin de semana largo. Habr\u00e1 cancelaciones del 18 al 24 de marzo. La","og_url":"https:\/\/radioinfinitagoya.com.ar\/v1\/2026\/03\/12\/alerta-turistas-anuncian-paro-en-todos-los-vuelos-de-aeroparque-ezeiza-y-todo-el-pais\/","og_site_name":"Radio Infinita Goya","article_publisher":"https:\/\/www.facebook.com\/p\/Infinita-Goya-100063870918311\/","article_published_time":"2026-03-12T19:57:13+00:00","og_image":[{"width":380,"height":284,"url":"https:\/\/radioinfinitagoya.com.ar\/v1\/wp-content\/uploads\/2026\/03\/281913w380h284c.jpg.webp","type":"image\/webp"}],"author":"Jorge Mi\u00f1o","twitter_card":"summary_large_image","twitter_misc":{"Escrito por":"Jorge Mi\u00f1o","Tiempo de lectura":"2 minutos"},"schema":{"@context":"https:\/\/schema.org","@graph":[{"@type":"Article","@id":"https:\/\/radioinfinitagoya.com.ar\/v1\/2026\/03\/12\/alerta-turistas-anuncian-paro-en-todos-los-vuelos-de-aeroparque-ezeiza-y-todo-el-pais\/#article","isPartOf":{"@id":"https:\/\/radioinfinitagoya.com.ar\/v1\/2026\/03\/12\/alerta-turistas-anuncian-paro-en-todos-los-vuelos-de-aeroparque-ezeiza-y-todo-el-pais\/"},"author":{"name":"Jorge Mi\u00f1o","@id":"https:\/\/radioinfinitagoya.com.ar\/v1\/#\/schema\/person\/d4cf9c413d4f6edb24aabdccab49ca4a"},"headline":"Alerta turistas: anuncian paro en todos los vuelos de Aeroparque, Ezeiza y todo el pa\u00eds","datePublished":"2026-03-12T19:57:13+00:00","mainEntityOfPage":{"@id":"https:\/\/radioinfinitagoya.com.ar\/v1\/2026\/03\/12\/alerta-turistas-anuncian-paro-en-todos-los-vuelos-de-aeroparque-ezeiza-y-todo-el-pais\/"},"wordCount":369,"commentCount":0,"publisher":{"@id":"https:\/\/radioinfinitagoya.com.ar\/v1\/#organization"},"image":{"@id":"https:\/\/radioinfinitagoya.com.ar\/v1\/2026\/03\/12\/alerta-turistas-anuncian-paro-en-todos-los-vuelos-de-aeroparque-ezeiza-y-todo-el-pais\/#primaryimage"},"thumbnailUrl":"https:\/\/radioinfinitagoya.com.ar\/v1\/wp-content\/uploads\/2026\/03\/281913w380h284c.jpg.webp","articleSection":["NACIONALES"],"inLanguage":"es-AR","potentialAction":[{"@type":"CommentAction","name":"Comment","target":["https:\/\/radioinfinitagoya.com.ar\/v1\/2026\/03\/12\/alerta-turistas-anuncian-paro-en-todos-los-vuelos-de-aeroparque-ezeiza-y-todo-el-pais\/#respond"]}]},{"@type":"WebPage","@id":"https:\/\/radioinfinitagoya.com.ar\/v1\/2026\/03\/12\/alerta-turistas-anuncian-paro-en-todos-los-vuelos-de-aeroparque-ezeiza-y-todo-el-pais\/","url":"https:\/\/radioinfinitagoya.com.ar\/v1\/2026\/03\/12\/alerta-turistas-anuncian-paro-en-todos-los-vuelos-de-aeroparque-ezeiza-y-todo-el-pais\/","name":"Alerta turistas: anuncian paro en todos los vuelos de Aeroparque, Ezeiza y todo el pa\u00eds - Radio Infinita Goya","isPartOf":{"@id":"https:\/\/radioinfinitagoya.com.ar\/v1\/#website"},"primaryImageOfPage":{"@id":"https:\/\/radioinfinitagoya.com.ar\/v1\/2026\/03\/12\/alerta-turistas-anuncian-paro-en-todos-los-vuelos-de-aeroparque-ezeiza-y-todo-el-pais\/#primaryimage"},"image":{"@id":"https:\/\/radioinfinitagoya.com.ar\/v1\/2026\/03\/12\/alerta-turistas-anuncian-paro-en-todos-los-vuelos-de-aeroparque-ezeiza-y-todo-el-pais\/#primaryimage"},"thumbnailUrl":"https:\/\/radioinfinitagoya.com.ar\/v1\/wp-content\/uploads\/2026\/03\/281913w380h284c.jpg.webp","datePublished":"2026-03-12T19:57:13+00:00","description":"El gremio de ANAC anunci\u00f3 una huelga que afectar\u00e1 los vuelos comerciales en pleno fin de semana largo. Habr\u00e1 cancelaciones del 18 al 24 de marzo. La","breadcrumb":{"@id":"https:\/\/radioinfinitagoya.com.ar\/v1\/2026\/03\/12\/alerta-turistas-anuncian-paro-en-todos-los-vuelos-de-aeroparque-ezeiza-y-todo-el-pais\/#breadcrumb"},"inLanguage":"es-AR","potentialAction":[{"@type":"ReadAction","target":["https:\/\/radioinfinitagoya.com.ar\/v1\/2026\/03\/12\/alerta-turistas-anuncian-paro-en-todos-los-vuelos-de-aeroparque-ezeiza-y-todo-el-pais\/"]}]},{"@type":"ImageObject","inLanguage":"es-AR","@id":"https:\/\/radioinfinitagoya.com.ar\/v1\/2026\/03\/12\/alerta-turistas-anuncian-paro-en-todos-los-vuelos-de-aeroparque-ezeiza-y-todo-el-pais\/#primaryimage","url":"https:\/\/radioinfinitagoya.com.ar\/v1\/wp-content\/uploads\/2026\/03\/281913w380h284c.jpg.webp","contentUrl":"https:\/\/radioinfinitagoya.com.ar\/v1\/wp-content\/uploads\/2026\/03\/281913w380h284c.jpg.webp","width":380,"height":284},{"@type":"BreadcrumbList","@id":"https:\/\/radioinfinitagoya.com.ar\/v1\/2026\/03\/12\/alerta-turistas-anuncian-paro-en-todos-los-vuelos-de-aeroparque-ezeiza-y-todo-el-pais\/#breadcrumb","itemListElement":[{"@type":"ListItem","position":1,"name":"Inicio","item":"https:\/\/radioinfinitagoya.com.ar\/v1\/"},{"@type":"ListItem","position":2,"name":"Alerta turistas: anuncian paro en todos los vuelos de Aeroparque, Ezeiza y todo el pa\u00eds"}]},{"@type":"WebSite","@id":"https:\/\/radioinfinitagoya.com.ar\/v1\/#website","url":"https:\/\/radioinfinitagoya.com.ar\/v1\/","name":"radioinfinitagoya.com.ar","description":"Radio de noticias","publisher":{"@id":"https:\/\/radioinfinitagoya.com.ar\/v1\/#organization"},"potentialAction":[{"@type":"SearchAction","target":{"@type":"EntryPoint","urlTemplate":"https:\/\/radioinfinitagoya.com.ar\/v1\/?s={search_term_string}"},"query-input":{"@type":"PropertyValueSpecification","valueRequired":true,"valueName":"search_term_string"}}],"inLanguage":"es-AR"},{"@type":"Organization","@id":"https:\/\/radioinfinitagoya.com.ar\/v1\/#organization","name":"Radio Infinita Goya","url":"https:\/\/radioinfinitagoya.com.ar\/v1\/","logo":{"@type":"ImageObject","inLanguage":"es-AR","@id":"https:\/\/radioinfinitagoya.com.ar\/v1\/#\/schema\/logo\/image\/","url":"https:\/\/radioinfinitagoya.com.ar\/v1\/wp-content\/uploads\/2019\/11\/logo-pie-web.png","contentUrl":"https:\/\/radioinfinitagoya.com.ar\/v1\/wp-content\/uploads\/2019\/11\/logo-pie-web.png","width":635,"height":326,"caption":"Radio Infinita Goya"},"image":{"@id":"https:\/\/radioinfinitagoya.com.ar\/v1\/#\/schema\/logo\/image\/"},"sameAs":["https:\/\/www.facebook.com\/p\/Infinita-Goya-100063870918311\/"]},{"@type":"Person","@id":"https:\/\/radioinfinitagoya.com.ar\/v1\/#\/schema\/person\/d4cf9c413d4f6edb24aabdccab49ca4a","name":"Jorge Mi\u00f1o","image":{"@type":"ImageObject","inLanguage":"es-AR","@id":"https:\/\/secure.gravatar.com\/avatar\/910fcf6728fe95320e07a6643c1581fec1c7fc4bf8ae12e3d8f0d0373dc844be?s=96&d=mm&r=g","url":"https:\/\/secure.gravatar.com\/avatar\/910fcf6728fe95320e07a6643c1581fec1c7fc4bf8ae12e3d8f0d0373dc844be?s=96&d=mm&r=g","contentUrl":"https:\/\/secure.gravatar.com\/avatar\/910fcf6728fe95320e07a6643c1581fec1c7fc4bf8ae12e3d8f0d0373dc844be?s=96&d=mm&r=g","caption":"Jorge Mi\u00f1o"},"sameAs":["http:\/\/radioinfinitagoya.com.ar"]}]}},"_links":{"self":[{"href":"https:\/\/radioinfinitagoya.com.ar\/v1\/wp-json\/wp\/v2\/posts\/210109","targetHints":{"allow":["GET"]}}],"collection":[{"href":"https:\/\/radioinfinitagoya.com.ar\/v1\/wp-json\/wp\/v2\/posts"}],"about":[{"href":"https:\/\/radioinfinitagoya.com.ar\/v1\/wp-json\/wp\/v2\/types\/post"}],"author":[{"embeddable":true,"href":"https:\/\/radioinfinitagoya.com.ar\/v1\/wp-json\/wp\/v2\/users\/4"}],"replies":[{"embeddable":true,"href":"https:\/\/radioinfinitagoya.com.ar\/v1\/wp-json\/wp\/v2\/comments?post=210109"}],"version-history":[{"count":0,"href":"https:\/\/radioinfinitagoya.com.ar\/v1\/wp-json\/wp\/v2\/posts\/210109\/revisions"}],"wp:featuredmedia":[{"embeddable":true,"href":"https:\/\/radioinfinitagoya.com.ar\/v1\/wp-json\/wp\/v2\/media\/210110"}],"wp:attachment":[{"href":"https:\/\/radioinfinitagoya.com.ar\/v1\/wp-json\/wp\/v2\/media?parent=210109"}],"wp:term":[{"taxonomy":"category","embeddable":true,"href":"https:\/\/radioinfinitagoya.com.ar\/v1\/wp-json\/wp\/v2\/categories?post=210109"},{"taxonomy":"post_tag","embeddable":true,"href":"https:\/\/radioinfinitagoya.com.ar\/v1\/wp-json\/wp\/v2\/tags?post=210109"}],"curies":[{"name":"wp","href":"https:\/\/api.w.org\/{rel}","templated":true}]}}