{"id":210112,"date":"2026-03-12T17:11:13","date_gmt":"2026-03-12T20:11:13","guid":{"rendered":"https:\/\/radioinfinitagoya.com.ar\/v1\/?p=210112"},"modified":"2026-03-12T17:12:45","modified_gmt":"2026-03-12T20:12:45","slug":"la-guerra-en-iran-se-concentra-en-el-estrecho-de-ormuz","status":"publish","type":"post","link":"https:\/\/radioinfinitagoya.com.ar\/v1\/2026\/03\/12\/la-guerra-en-iran-se-concentra-en-el-estrecho-de-ormuz\/","title":{"rendered":"La guerra en Ir\u00e1n se concentra en el Estrecho de Ormuz"},"content":{"rendered":"<p>Al menos tres buques atacados y el petr\u00f3leo en alza otra vez<\/p>\n<p>El ej\u00e9rcito iran\u00ed afirm\u00f3 que cualquier barco perteneciente a Estados Unidos, Israel o sus aliados que atraviese el estrat\u00e9gico estrecho es un blanco &#8220;leg\u00edtimo&#8221;.<\/p>\n<p>EE.UU. advierte a la poblaci\u00f3n iran\u00ed junto a instalaciones portuarias usadas para ataques.<\/p>\n<p>La guerra en Ir\u00e1n, que este mi\u00e9rcoles entra en su d\u00eda 12, hace foco en el estrat\u00e9gico Estrecho de Ormuz, donde varios buques cargueros han sido atacados. El ej\u00e9rcito iran\u00ed afirm\u00f3 que cualquier barco perteneciente a Estados Unidos, Israel o sus aliados que atraviese el estrat\u00e9gico estrecho es un blanco &#8220;leg\u00edtimo&#8221;.<\/p>\n<p>&#8220;Cualquier buque cuya carga de petr\u00f3leo o el propio buque pertenezca a Estados Unidos, al r\u00e9gimen sionista o a sus aliados hostiles ser\u00e1 considerado un objetivo leg\u00edtimo&#8221;, afirm\u00f3 el comando operativo central del ej\u00e9rcito, Khatam Al Anbiya, en un comunicado difundido por la televisi\u00f3n estatal.<\/p>\n<p>Reiter\u00f3 que las fuerzas armadas iran\u00edes &#8220;no permitir\u00e1n que ni un solo litro de petr\u00f3leo transite&#8221; por el estrecho.<\/p>\n<p>El estrecho de Ormuz, por el que pasa una quinta parte del petr\u00f3leo mundial, est\u00e1 pr\u00e1cticamente cerrado a medida que se extiende la guerra en Oriente Medio. Una agencia brit\u00e1nica inform\u00f3 que tres barcos fueron alcanzados por proyectiles no identificados en el estrecho o cerca de \u00e9l. Esto ha empujado otra vez el precio del petr\u00f3leo al alza.<\/p>\n<p>Ir\u00e1n advirti\u00f3 este mi\u00e9rcoles que si la guerra contin\u00faa, el barril del petr\u00f3leo trepara a 200 d\u00f3lares.<\/p>\n<p>Las Fuerzas Armadas de Estados Unidos emitieron este mi\u00e9rcoles una alerta a la poblaci\u00f3n iran\u00ed para que evite las instalaciones portuarias civiles desde donde las fuerzas navales de Ir\u00e1n realizan ataques en el estrecho de Ormuz.<\/p>\n<p>Precio del petr\u00f3leo sigue alto por miedo a cortes en transporte mar\u00edtimo<\/p>\n<p>Los precios del petr\u00f3leo reanudaron su ascenso este mi\u00e9rcoles, impulsados \u200b\u200buna vez m\u00e1s por la guerra en Oriente Medio, que paraliza el estrecho de Ormuz.<\/p>\n<p>Petr\u00f3leo Brent<br \/>\nValor del barril en contratos de futuros de petr\u00f3leo crudo con vencimiento mensual.<\/p>\n<p>Tras caer el martes tras las declaraciones de Donald Trump, consideradas tranquilizadoras, y la perspectiva de la liberaci\u00f3n de las reservas estrat\u00e9gicas de crudo de la Agencia Internacional de la Energ\u00eda (AIE), el precio del crudo Brent del Mar del Norte subi\u00f3 un 5,05%, hasta los 92,23 d\u00f3lares por barril alrededor de las 6.40 hora argentina. Su equivalente estadounidense, el West Texas Intermediate, subi\u00f3 un 5,91%, hasta los 88,38 d\u00f3lares por barril.<\/p>\n<p>Los precios del petr\u00f3leo se mantiene muy por debajo de los m\u00e1ximos alcanzados el lunes, pero el precio del crudo Brent, el referente internacional, continuaba siendo el mi\u00e9rcoles alrededor de un 20% m\u00e1s alto que cuando comenz\u00f3 la guerra, y los consumidores de todo el mundo ya estaban notando el efecto en las estaciones de servicio.<\/p>\n<p>El alza de los precios del petr\u00f3leo ha sacudido a los mercados financieros en todo el mundo por el temor de que una guerra prolongada pueda obstaculizar las exportaciones desde una regi\u00f3n cr\u00edtica.<\/p>\n<p>El ej\u00e9rcito de Estados Unidos dijo el martes que hab\u00eda destruido 16 buques iran\u00edes para la colocaci\u00f3n de minas cerca del estrecho de Ormuz, aunque Trump afirm\u00f3 en publicaciones en redes sociales que a\u00fan no hab\u00eda reportes de que Teher\u00e1n estuviera minando el paso.<\/p>\n<p>D\u00f3nde queda<\/p>\n<p>Si se mina el estrecho, su limpieza podr\u00eda tomar al menos semanas una vez termine el conflicto.<\/p>\n<p>Estados Unidos e Israel atacaron Ir\u00e1n el pasado 28 de febrero tras fracasar una serie de rondas negociadoras para desactivar el plan nuclear iran\u00ed y su programa de misiles. En el ataque muri\u00f3 el m\u00e1ximo l\u00edder el ayatollah Ali Khamenei. Teher\u00e1n respondi\u00f3 con una masiva andanada de ataques con drones y misiles bal\u00edsticos en todo el Golfo y cerrando el paso del Estrecho de Ormuz.<\/p>\n<p>Los petroleros fantasmas de Ir\u00e1n<br \/>\nAlgunos petroleros, que se cree est\u00e1n vinculados a Ir\u00e1n, contin\u00faan atravesando el estrecho en los llamados tr\u00e1nsitos \u201coscuros\u201d, lo que significa que no activan sus sistemas de identificaci\u00f3n autom\u00e1tica (AIS, por sus siglas en ingl\u00e9s) que muestran su posici\u00f3n. Los buques que transportan crudo iran\u00ed sancionado suelen apagar sus rastreadores AIS.<\/p>\n<p>La firma de seguridad Neptune P2P Group dijo el mi\u00e9rcoles que, desde el 8 de marzo, siete barcos atravesaron el estrecho, de los cuales cinco estaban vinculados a env\u00edos asociados a Ir\u00e1n. En circunstancias normales, por el estrecho pasan diariamente 100 barcos o m\u00e1s desde el golfo P\u00e9rsico hacia el golfo de Om\u00e1n.<\/p>\n<p>Tres buques comerciales atacados<br \/>\nEl granelero &#8216;Star Gwyneth&#8217;, que navega bajo bandera de las Islas Marshall pero pertenece a la naviera griega &#8216;Star Bulk Carriers&#8217;, fue alcanzado en el casco por un proyectil unas 50 millas n\u00e1uticas al noroeste de Dubai, inform\u00f3 ese medio griego.<\/p>\n<p>Seg\u00fan la alerta del Centro de Operaciones de Comercio Mar\u00edtimo del Reino Unido (UKMTO), el propio capit\u00e1n de la embarcaci\u00f3n inform\u00f3 del ataque, de autor\u00eda a\u00fan desconocida, y adelant\u00f3 que la tripulaci\u00f3n se encuentra &#8220;sana y salva&#8221;, sin destacar impactos ambientales.<\/p>\n<p>Antes de este incidente, UKMTO alert\u00f3 sobre otros dos ataques a un buque portacontenedores y a un carguero cerca del estrecho de Ormuz.<\/p>\n<p>Uno de esos barco ser\u00eda el Mayuree Naree, atacado a unas 11 millas n\u00e1uticas al norte de Om\u00e1n. De los 23 tripulantes tailandeses, 20 han sido rescatados por la Armada de Om\u00e1n y se encuentran a salvo. Sin embargo, tres marineros permanecen desaparecidos; se cree que estaban en la sala de m\u00e1quinas al momento del impacto.<\/p>\n<p>El capit\u00e1n del portacontenedores One Majesty, en tanto, inform\u00f3 que el buque, situado en el Golfo P\u00e9rsico unos kil\u00f3metros al noreste de Dubai sufri\u00f3 da\u00f1os causados por un proyectil de origen desconocido.<\/p>\n<p>&#8220;Por el momento se desconoce la magnitud de los da\u00f1os, pero la tripulaci\u00f3n los est\u00e1 investigando. El capit\u00e1n informa adem\u00e1s de que todos los miembros de la tripulaci\u00f3n se encuentran a salvo y localizados&#8221;, se\u00f1al\u00f3 UKMTO.<\/p>\n<p>&nbsp;<\/p>\n","protected":false},"excerpt":{"rendered":"<p>Al menos tres buques atacados y el petr\u00f3leo en alza otra vez El ej\u00e9rcito iran\u00ed afirm\u00f3 que cualquier barco perteneciente a Estados Unidos, Israel o sus aliados que atraviese el estrat\u00e9gico estrecho es un blanco &#8220;leg\u00edtimo&#8221;. EE.UU. advierte a la poblaci\u00f3n iran\u00ed junto a instalaciones portuarias usadas para ataques. La guerra en Ir\u00e1n, que este [&hellip;]<\/p>\n","protected":false},"author":4,"featured_media":210115,"comment_status":"open","ping_status":"open","sticky":false,"template":"","format":"standard","meta":{"_joinchat":[],"footnotes":""},"categories":[25],"tags":[],"class_list":{"0":"post-210112","1":"post","2":"type-post","3":"status-publish","4":"format-standard","5":"has-post-thumbnail","7":"category-destacados"},"yoast_head":"<!-- This site is optimized with the Yoast SEO plugin v27.2 - https:\/\/yoast.com\/product\/yoast-seo-wordpress\/ -->\n<title>La guerra en Ir\u00e1n se concentra en el Estrecho de Ormuz - Radio Infinita Goya<\/title>\n<meta name=\"description\" content=\"Al menos tres buques atacados y el petr\u00f3leo en alza otra vez El ej\u00e9rcito iran\u00ed afirm\u00f3 que cualquier barco perteneciente a Estados Unidos, Israel o sus\" \/>\n<meta name=\"robots\" content=\"index, follow, max-snippet:-1, max-image-preview:large, max-video-preview:-1\" \/>\n<link rel=\"canonical\" href=\"https:\/\/radioinfinitagoya.com.ar\/v1\/2026\/03\/12\/la-guerra-en-iran-se-concentra-en-el-estrecho-de-ormuz\/\" \/>\n<meta property=\"og:locale\" content=\"es_ES\" \/>\n<meta property=\"og:type\" content=\"article\" \/>\n<meta property=\"og:title\" content=\"La guerra en Ir\u00e1n se concentra en el Estrecho de Ormuz - Radio Infinita Goya\" \/>\n<meta property=\"og:description\" content=\"Al menos tres buques atacados y el petr\u00f3leo en alza otra vez El ej\u00e9rcito iran\u00ed afirm\u00f3 que cualquier barco perteneciente a Estados Unidos, Israel o sus\" \/>\n<meta property=\"og:url\" content=\"https:\/\/radioinfinitagoya.com.ar\/v1\/2026\/03\/12\/la-guerra-en-iran-se-concentra-en-el-estrecho-de-ormuz\/\" \/>\n<meta property=\"og:site_name\" content=\"Radio Infinita Goya\" \/>\n<meta property=\"article:publisher\" content=\"https:\/\/www.facebook.com\/p\/Infinita-Goya-100063870918311\/\" \/>\n<meta property=\"article:published_time\" content=\"2026-03-12T20:11:13+00:00\" \/>\n<meta property=\"article:modified_time\" content=\"2026-03-12T20:12:45+00:00\" \/>\n<meta property=\"og:image\" content=\"https:\/\/radioinfinitagoya.com.ar\/v1\/wp-content\/uploads\/2026\/03\/10bab617-3960-4aab-9e30-f30ba2c097d0.jpg\" \/>\n\t<meta property=\"og:image:width\" content=\"493\" \/>\n\t<meta property=\"og:image:height\" content=\"363\" \/>\n\t<meta property=\"og:image:type\" content=\"image\/jpeg\" \/>\n<meta name=\"author\" content=\"Jorge Mi\u00f1o\" \/>\n<meta name=\"twitter:card\" content=\"summary_large_image\" \/>\n<meta name=\"twitter:label1\" content=\"Escrito por\" \/>\n\t<meta name=\"twitter:data1\" content=\"Jorge Mi\u00f1o\" \/>\n\t<meta name=\"twitter:label2\" content=\"Tiempo de lectura\" \/>\n\t<meta name=\"twitter:data2\" content=\"5 minutos\" \/>\n<script type=\"application\/ld+json\" class=\"yoast-schema-graph\">{\"@context\":\"https:\/\/schema.org\",\"@graph\":[{\"@type\":\"Article\",\"@id\":\"https:\/\/radioinfinitagoya.com.ar\/v1\/2026\/03\/12\/la-guerra-en-iran-se-concentra-en-el-estrecho-de-ormuz\/#article\",\"isPartOf\":{\"@id\":\"https:\/\/radioinfinitagoya.com.ar\/v1\/2026\/03\/12\/la-guerra-en-iran-se-concentra-en-el-estrecho-de-ormuz\/\"},\"author\":{\"name\":\"Jorge Mi\u00f1o\",\"@id\":\"https:\/\/radioinfinitagoya.com.ar\/v1\/#\/schema\/person\/d4cf9c413d4f6edb24aabdccab49ca4a\"},\"headline\":\"La guerra en Ir\u00e1n se concentra en el Estrecho de Ormuz\",\"datePublished\":\"2026-03-12T20:11:13+00:00\",\"dateModified\":\"2026-03-12T20:12:45+00:00\",\"mainEntityOfPage\":{\"@id\":\"https:\/\/radioinfinitagoya.com.ar\/v1\/2026\/03\/12\/la-guerra-en-iran-se-concentra-en-el-estrecho-de-ormuz\/\"},\"wordCount\":1060,\"commentCount\":0,\"publisher\":{\"@id\":\"https:\/\/radioinfinitagoya.com.ar\/v1\/#organization\"},\"image\":{\"@id\":\"https:\/\/radioinfinitagoya.com.ar\/v1\/2026\/03\/12\/la-guerra-en-iran-se-concentra-en-el-estrecho-de-ormuz\/#primaryimage\"},\"thumbnailUrl\":\"https:\/\/radioinfinitagoya.com.ar\/v1\/wp-content\/uploads\/2026\/03\/10bab617-3960-4aab-9e30-f30ba2c097d0.jpg\",\"articleSection\":[\"DESTACADOS\"],\"inLanguage\":\"es-AR\",\"potentialAction\":[{\"@type\":\"CommentAction\",\"name\":\"Comment\",\"target\":[\"https:\/\/radioinfinitagoya.com.ar\/v1\/2026\/03\/12\/la-guerra-en-iran-se-concentra-en-el-estrecho-de-ormuz\/#respond\"]}]},{\"@type\":\"WebPage\",\"@id\":\"https:\/\/radioinfinitagoya.com.ar\/v1\/2026\/03\/12\/la-guerra-en-iran-se-concentra-en-el-estrecho-de-ormuz\/\",\"url\":\"https:\/\/radioinfinitagoya.com.ar\/v1\/2026\/03\/12\/la-guerra-en-iran-se-concentra-en-el-estrecho-de-ormuz\/\",\"name\":\"La guerra en Ir\u00e1n se concentra en el Estrecho de Ormuz - Radio Infinita Goya\",\"isPartOf\":{\"@id\":\"https:\/\/radioinfinitagoya.com.ar\/v1\/#website\"},\"primaryImageOfPage\":{\"@id\":\"https:\/\/radioinfinitagoya.com.ar\/v1\/2026\/03\/12\/la-guerra-en-iran-se-concentra-en-el-estrecho-de-ormuz\/#primaryimage\"},\"image\":{\"@id\":\"https:\/\/radioinfinitagoya.com.ar\/v1\/2026\/03\/12\/la-guerra-en-iran-se-concentra-en-el-estrecho-de-ormuz\/#primaryimage\"},\"thumbnailUrl\":\"https:\/\/radioinfinitagoya.com.ar\/v1\/wp-content\/uploads\/2026\/03\/10bab617-3960-4aab-9e30-f30ba2c097d0.jpg\",\"datePublished\":\"2026-03-12T20:11:13+00:00\",\"dateModified\":\"2026-03-12T20:12:45+00:00\",\"description\":\"Al menos tres buques atacados y el petr\u00f3leo en alza otra vez El ej\u00e9rcito iran\u00ed afirm\u00f3 que cualquier barco perteneciente a Estados Unidos, Israel o sus\",\"breadcrumb\":{\"@id\":\"https:\/\/radioinfinitagoya.com.ar\/v1\/2026\/03\/12\/la-guerra-en-iran-se-concentra-en-el-estrecho-de-ormuz\/#breadcrumb\"},\"inLanguage\":\"es-AR\",\"potentialAction\":[{\"@type\":\"ReadAction\",\"target\":[\"https:\/\/radioinfinitagoya.com.ar\/v1\/2026\/03\/12\/la-guerra-en-iran-se-concentra-en-el-estrecho-de-ormuz\/\"]}]},{\"@type\":\"ImageObject\",\"inLanguage\":\"es-AR\",\"@id\":\"https:\/\/radioinfinitagoya.com.ar\/v1\/2026\/03\/12\/la-guerra-en-iran-se-concentra-en-el-estrecho-de-ormuz\/#primaryimage\",\"url\":\"https:\/\/radioinfinitagoya.com.ar\/v1\/wp-content\/uploads\/2026\/03\/10bab617-3960-4aab-9e30-f30ba2c097d0.jpg\",\"contentUrl\":\"https:\/\/radioinfinitagoya.com.ar\/v1\/wp-content\/uploads\/2026\/03\/10bab617-3960-4aab-9e30-f30ba2c097d0.jpg\",\"width\":493,\"height\":363},{\"@type\":\"BreadcrumbList\",\"@id\":\"https:\/\/radioinfinitagoya.com.ar\/v1\/2026\/03\/12\/la-guerra-en-iran-se-concentra-en-el-estrecho-de-ormuz\/#breadcrumb\",\"itemListElement\":[{\"@type\":\"ListItem\",\"position\":1,\"name\":\"Inicio\",\"item\":\"https:\/\/radioinfinitagoya.com.ar\/v1\/\"},{\"@type\":\"ListItem\",\"position\":2,\"name\":\"La guerra en Ir\u00e1n se concentra en el Estrecho de Ormuz\"}]},{\"@type\":\"WebSite\",\"@id\":\"https:\/\/radioinfinitagoya.com.ar\/v1\/#website\",\"url\":\"https:\/\/radioinfinitagoya.com.ar\/v1\/\",\"name\":\"radioinfinitagoya.com.ar\",\"description\":\"Radio de noticias\",\"publisher\":{\"@id\":\"https:\/\/radioinfinitagoya.com.ar\/v1\/#organization\"},\"potentialAction\":[{\"@type\":\"SearchAction\",\"target\":{\"@type\":\"EntryPoint\",\"urlTemplate\":\"https:\/\/radioinfinitagoya.com.ar\/v1\/?s={search_term_string}\"},\"query-input\":{\"@type\":\"PropertyValueSpecification\",\"valueRequired\":true,\"valueName\":\"search_term_string\"}}],\"inLanguage\":\"es-AR\"},{\"@type\":\"Organization\",\"@id\":\"https:\/\/radioinfinitagoya.com.ar\/v1\/#organization\",\"name\":\"Radio Infinita Goya\",\"url\":\"https:\/\/radioinfinitagoya.com.ar\/v1\/\",\"logo\":{\"@type\":\"ImageObject\",\"inLanguage\":\"es-AR\",\"@id\":\"https:\/\/radioinfinitagoya.com.ar\/v1\/#\/schema\/logo\/image\/\",\"url\":\"https:\/\/radioinfinitagoya.com.ar\/v1\/wp-content\/uploads\/2019\/11\/logo-pie-web.png\",\"contentUrl\":\"https:\/\/radioinfinitagoya.com.ar\/v1\/wp-content\/uploads\/2019\/11\/logo-pie-web.png\",\"width\":635,\"height\":326,\"caption\":\"Radio Infinita Goya\"},\"image\":{\"@id\":\"https:\/\/radioinfinitagoya.com.ar\/v1\/#\/schema\/logo\/image\/\"},\"sameAs\":[\"https:\/\/www.facebook.com\/p\/Infinita-Goya-100063870918311\/\"]},{\"@type\":\"Person\",\"@id\":\"https:\/\/radioinfinitagoya.com.ar\/v1\/#\/schema\/person\/d4cf9c413d4f6edb24aabdccab49ca4a\",\"name\":\"Jorge Mi\u00f1o\",\"image\":{\"@type\":\"ImageObject\",\"inLanguage\":\"es-AR\",\"@id\":\"https:\/\/secure.gravatar.com\/avatar\/910fcf6728fe95320e07a6643c1581fec1c7fc4bf8ae12e3d8f0d0373dc844be?s=96&d=mm&r=g\",\"url\":\"https:\/\/secure.gravatar.com\/avatar\/910fcf6728fe95320e07a6643c1581fec1c7fc4bf8ae12e3d8f0d0373dc844be?s=96&d=mm&r=g\",\"contentUrl\":\"https:\/\/secure.gravatar.com\/avatar\/910fcf6728fe95320e07a6643c1581fec1c7fc4bf8ae12e3d8f0d0373dc844be?s=96&d=mm&r=g\",\"caption\":\"Jorge Mi\u00f1o\"},\"sameAs\":[\"http:\/\/radioinfinitagoya.com.ar\"]}]}<\/script>\n<!-- \/ Yoast SEO plugin. -->","yoast_head_json":{"title":"La guerra en Ir\u00e1n se concentra en el Estrecho de Ormuz - Radio Infinita Goya","description":"Al menos tres buques atacados y el petr\u00f3leo en alza otra vez El ej\u00e9rcito iran\u00ed afirm\u00f3 que cualquier barco perteneciente a Estados Unidos, Israel o sus","robots":{"index":"index","follow":"follow","max-snippet":"max-snippet:-1","max-image-preview":"max-image-preview:large","max-video-preview":"max-video-preview:-1"},"canonical":"https:\/\/radioinfinitagoya.com.ar\/v1\/2026\/03\/12\/la-guerra-en-iran-se-concentra-en-el-estrecho-de-ormuz\/","og_locale":"es_ES","og_type":"article","og_title":"La guerra en Ir\u00e1n se concentra en el Estrecho de Ormuz - Radio Infinita Goya","og_description":"Al menos tres buques atacados y el petr\u00f3leo en alza otra vez El ej\u00e9rcito iran\u00ed afirm\u00f3 que cualquier barco perteneciente a Estados Unidos, Israel o sus","og_url":"https:\/\/radioinfinitagoya.com.ar\/v1\/2026\/03\/12\/la-guerra-en-iran-se-concentra-en-el-estrecho-de-ormuz\/","og_site_name":"Radio Infinita Goya","article_publisher":"https:\/\/www.facebook.com\/p\/Infinita-Goya-100063870918311\/","article_published_time":"2026-03-12T20:11:13+00:00","article_modified_time":"2026-03-12T20:12:45+00:00","og_image":[{"width":493,"height":363,"url":"https:\/\/radioinfinitagoya.com.ar\/v1\/wp-content\/uploads\/2026\/03\/10bab617-3960-4aab-9e30-f30ba2c097d0.jpg","type":"image\/jpeg"}],"author":"Jorge Mi\u00f1o","twitter_card":"summary_large_image","twitter_misc":{"Escrito por":"Jorge Mi\u00f1o","Tiempo de lectura":"5 minutos"},"schema":{"@context":"https:\/\/schema.org","@graph":[{"@type":"Article","@id":"https:\/\/radioinfinitagoya.com.ar\/v1\/2026\/03\/12\/la-guerra-en-iran-se-concentra-en-el-estrecho-de-ormuz\/#article","isPartOf":{"@id":"https:\/\/radioinfinitagoya.com.ar\/v1\/2026\/03\/12\/la-guerra-en-iran-se-concentra-en-el-estrecho-de-ormuz\/"},"author":{"name":"Jorge Mi\u00f1o","@id":"https:\/\/radioinfinitagoya.com.ar\/v1\/#\/schema\/person\/d4cf9c413d4f6edb24aabdccab49ca4a"},"headline":"La guerra en Ir\u00e1n se concentra en el Estrecho de Ormuz","datePublished":"2026-03-12T20:11:13+00:00","dateModified":"2026-03-12T20:12:45+00:00","mainEntityOfPage":{"@id":"https:\/\/radioinfinitagoya.com.ar\/v1\/2026\/03\/12\/la-guerra-en-iran-se-concentra-en-el-estrecho-de-ormuz\/"},"wordCount":1060,"commentCount":0,"publisher":{"@id":"https:\/\/radioinfinitagoya.com.ar\/v1\/#organization"},"image":{"@id":"https:\/\/radioinfinitagoya.com.ar\/v1\/2026\/03\/12\/la-guerra-en-iran-se-concentra-en-el-estrecho-de-ormuz\/#primaryimage"},"thumbnailUrl":"https:\/\/radioinfinitagoya.com.ar\/v1\/wp-content\/uploads\/2026\/03\/10bab617-3960-4aab-9e30-f30ba2c097d0.jpg","articleSection":["DESTACADOS"],"inLanguage":"es-AR","potentialAction":[{"@type":"CommentAction","name":"Comment","target":["https:\/\/radioinfinitagoya.com.ar\/v1\/2026\/03\/12\/la-guerra-en-iran-se-concentra-en-el-estrecho-de-ormuz\/#respond"]}]},{"@type":"WebPage","@id":"https:\/\/radioinfinitagoya.com.ar\/v1\/2026\/03\/12\/la-guerra-en-iran-se-concentra-en-el-estrecho-de-ormuz\/","url":"https:\/\/radioinfinitagoya.com.ar\/v1\/2026\/03\/12\/la-guerra-en-iran-se-concentra-en-el-estrecho-de-ormuz\/","name":"La guerra en Ir\u00e1n se concentra en el Estrecho de Ormuz - Radio Infinita Goya","isPartOf":{"@id":"https:\/\/radioinfinitagoya.com.ar\/v1\/#website"},"primaryImageOfPage":{"@id":"https:\/\/radioinfinitagoya.com.ar\/v1\/2026\/03\/12\/la-guerra-en-iran-se-concentra-en-el-estrecho-de-ormuz\/#primaryimage"},"image":{"@id":"https:\/\/radioinfinitagoya.com.ar\/v1\/2026\/03\/12\/la-guerra-en-iran-se-concentra-en-el-estrecho-de-ormuz\/#primaryimage"},"thumbnailUrl":"https:\/\/radioinfinitagoya.com.ar\/v1\/wp-content\/uploads\/2026\/03\/10bab617-3960-4aab-9e30-f30ba2c097d0.jpg","datePublished":"2026-03-12T20:11:13+00:00","dateModified":"2026-03-12T20:12:45+00:00","description":"Al menos tres buques atacados y el petr\u00f3leo en alza otra vez El ej\u00e9rcito iran\u00ed afirm\u00f3 que cualquier barco perteneciente a Estados Unidos, Israel o sus","breadcrumb":{"@id":"https:\/\/radioinfinitagoya.com.ar\/v1\/2026\/03\/12\/la-guerra-en-iran-se-concentra-en-el-estrecho-de-ormuz\/#breadcrumb"},"inLanguage":"es-AR","potentialAction":[{"@type":"ReadAction","target":["https:\/\/radioinfinitagoya.com.ar\/v1\/2026\/03\/12\/la-guerra-en-iran-se-concentra-en-el-estrecho-de-ormuz\/"]}]},{"@type":"ImageObject","inLanguage":"es-AR","@id":"https:\/\/radioinfinitagoya.com.ar\/v1\/2026\/03\/12\/la-guerra-en-iran-se-concentra-en-el-estrecho-de-ormuz\/#primaryimage","url":"https:\/\/radioinfinitagoya.com.ar\/v1\/wp-content\/uploads\/2026\/03\/10bab617-3960-4aab-9e30-f30ba2c097d0.jpg","contentUrl":"https:\/\/radioinfinitagoya.com.ar\/v1\/wp-content\/uploads\/2026\/03\/10bab617-3960-4aab-9e30-f30ba2c097d0.jpg","width":493,"height":363},{"@type":"BreadcrumbList","@id":"https:\/\/radioinfinitagoya.com.ar\/v1\/2026\/03\/12\/la-guerra-en-iran-se-concentra-en-el-estrecho-de-ormuz\/#breadcrumb","itemListElement":[{"@type":"ListItem","position":1,"name":"Inicio","item":"https:\/\/radioinfinitagoya.com.ar\/v1\/"},{"@type":"ListItem","position":2,"name":"La guerra en Ir\u00e1n se concentra en el Estrecho de Ormuz"}]},{"@type":"WebSite","@id":"https:\/\/radioinfinitagoya.com.ar\/v1\/#website","url":"https:\/\/radioinfinitagoya.com.ar\/v1\/","name":"radioinfinitagoya.com.ar","description":"Radio de noticias","publisher":{"@id":"https:\/\/radioinfinitagoya.com.ar\/v1\/#organization"},"potentialAction":[{"@type":"SearchAction","target":{"@type":"EntryPoint","urlTemplate":"https:\/\/radioinfinitagoya.com.ar\/v1\/?s={search_term_string}"},"query-input":{"@type":"PropertyValueSpecification","valueRequired":true,"valueName":"search_term_string"}}],"inLanguage":"es-AR"},{"@type":"Organization","@id":"https:\/\/radioinfinitagoya.com.ar\/v1\/#organization","name":"Radio Infinita Goya","url":"https:\/\/radioinfinitagoya.com.ar\/v1\/","logo":{"@type":"ImageObject","inLanguage":"es-AR","@id":"https:\/\/radioinfinitagoya.com.ar\/v1\/#\/schema\/logo\/image\/","url":"https:\/\/radioinfinitagoya.com.ar\/v1\/wp-content\/uploads\/2019\/11\/logo-pie-web.png","contentUrl":"https:\/\/radioinfinitagoya.com.ar\/v1\/wp-content\/uploads\/2019\/11\/logo-pie-web.png","width":635,"height":326,"caption":"Radio Infinita Goya"},"image":{"@id":"https:\/\/radioinfinitagoya.com.ar\/v1\/#\/schema\/logo\/image\/"},"sameAs":["https:\/\/www.facebook.com\/p\/Infinita-Goya-100063870918311\/"]},{"@type":"Person","@id":"https:\/\/radioinfinitagoya.com.ar\/v1\/#\/schema\/person\/d4cf9c413d4f6edb24aabdccab49ca4a","name":"Jorge Mi\u00f1o","image":{"@type":"ImageObject","inLanguage":"es-AR","@id":"https:\/\/secure.gravatar.com\/avatar\/910fcf6728fe95320e07a6643c1581fec1c7fc4bf8ae12e3d8f0d0373dc844be?s=96&d=mm&r=g","url":"https:\/\/secure.gravatar.com\/avatar\/910fcf6728fe95320e07a6643c1581fec1c7fc4bf8ae12e3d8f0d0373dc844be?s=96&d=mm&r=g","contentUrl":"https:\/\/secure.gravatar.com\/avatar\/910fcf6728fe95320e07a6643c1581fec1c7fc4bf8ae12e3d8f0d0373dc844be?s=96&d=mm&r=g","caption":"Jorge Mi\u00f1o"},"sameAs":["http:\/\/radioinfinitagoya.com.ar"]}]}},"_links":{"self":[{"href":"https:\/\/radioinfinitagoya.com.ar\/v1\/wp-json\/wp\/v2\/posts\/210112","targetHints":{"allow":["GET"]}}],"collection":[{"href":"https:\/\/radioinfinitagoya.com.ar\/v1\/wp-json\/wp\/v2\/posts"}],"about":[{"href":"https:\/\/radioinfinitagoya.com.ar\/v1\/wp-json\/wp\/v2\/types\/post"}],"author":[{"embeddable":true,"href":"https:\/\/radioinfinitagoya.com.ar\/v1\/wp-json\/wp\/v2\/users\/4"}],"replies":[{"embeddable":true,"href":"https:\/\/radioinfinitagoya.com.ar\/v1\/wp-json\/wp\/v2\/comments?post=210112"}],"version-history":[{"count":0,"href":"https:\/\/radioinfinitagoya.com.ar\/v1\/wp-json\/wp\/v2\/posts\/210112\/revisions"}],"wp:featuredmedia":[{"embeddable":true,"href":"https:\/\/radioinfinitagoya.com.ar\/v1\/wp-json\/wp\/v2\/media\/210115"}],"wp:attachment":[{"href":"https:\/\/radioinfinitagoya.com.ar\/v1\/wp-json\/wp\/v2\/media?parent=210112"}],"wp:term":[{"taxonomy":"category","embeddable":true,"href":"https:\/\/radioinfinitagoya.com.ar\/v1\/wp-json\/wp\/v2\/categories?post=210112"},{"taxonomy":"post_tag","embeddable":true,"href":"https:\/\/radioinfinitagoya.com.ar\/v1\/wp-json\/wp\/v2\/tags?post=210112"}],"curies":[{"name":"wp","href":"https:\/\/api.w.org\/{rel}","templated":true}]}}