{"id":210118,"date":"2026-03-13T16:05:57","date_gmt":"2026-03-13T19:05:57","guid":{"rendered":"https:\/\/radioinfinitagoya.com.ar\/v1\/?p=210118"},"modified":"2026-03-13T16:05:57","modified_gmt":"2026-03-13T19:05:57","slug":"agenda-turistica-enriquecida-tras-la-integracion-de-cultura-y-deportes-a-la-secretaria-de-turismo","status":"publish","type":"post","link":"https:\/\/radioinfinitagoya.com.ar\/v1\/2026\/03\/13\/agenda-turistica-enriquecida-tras-la-integracion-de-cultura-y-deportes-a-la-secretaria-de-turismo\/","title":{"rendered":"Agenda turistica enriquecida tras la integraci\u00f3n de cultura y deportes a la Secretar\u00eda de Turismo"},"content":{"rendered":"<p>En una reciente entrevista, el secretario de Turismo Sebasti\u00e1n Candia De Biasio abord\u00f3 diversos temas clave para el desarrollo tur\u00edstico de la ciudad.<\/p>\n<p>Uno de los puntos destacados fue el anuncio de la integraci\u00f3n de las direcciones de Cultura y Deportes a la Secretar\u00eda de Turismo. El funcionario expres\u00f3 su optimismo ante este cambio en el organigrama municipal, resaltando que &#8220;ser\u00e1 una cuesti\u00f3n positiva&#8221;. Subray\u00f3 la val\u00eda de los directores de ambas \u00e1reas y anticip\u00f3 la formaci\u00f3n de &#8220;un buen equipo de trabajo&#8221;, gracias a la experiencia y el &#8220;sentido de pertenencia a las actividades deportivas y culturales&#8221; de sus integrantes.<\/p>\n<p>El secretario vislumbra una &#8220;agenda tur\u00edstica muy rica&#8221; como resultado de esta sinergia, reconociendo que en 2025 no se logr\u00f3 plasmar todas las actividades en un calendario unificado. Sin embargo, conf\u00eda en que esta modificaci\u00f3n permitir\u00e1 &#8220;trabajar mejor&#8221; y optimizar el uso de los recursos econ\u00f3micos y humanos.<\/p>\n<p>FORTALECIMIENTO DE LOS ATRACTIVOS TUR\u00cdSTICOS<\/p>\n<p>Durante la entrevista mantenida con Radio Ciudad, Sebasti\u00e1n Candia se mostr\u00f3 entusiasmado con las perspectivas para el a\u00f1o en curso, mencionando la pr\u00f3xima inauguraci\u00f3n de obras importantes que &#8220;cambiar\u00e1n el ritmo de vida de la ciudad&#8221; y generar\u00e1n &#8220;muchas expectativas&#8221;. Adem\u00e1s, reafirm\u00f3 el compromiso de seguir fortaleciendo los atractivos tur\u00edsticos existentes, manifestando su satisfacci\u00f3n por los avances logrados hasta el momento.<\/p>\n<p>Direcci\u00f3n de Prensa &#8211; Municipalidad de Goya<\/p>\n","protected":false},"excerpt":{"rendered":"<p>En una reciente entrevista, el secretario de Turismo Sebasti\u00e1n Candia De Biasio abord\u00f3 diversos temas clave para el desarrollo tur\u00edstico de la ciudad. Uno de los puntos destacados fue el anuncio de la integraci\u00f3n de las direcciones de Cultura y Deportes a la Secretar\u00eda de Turismo. El funcionario expres\u00f3 su optimismo ante este cambio en [&hellip;]<\/p>\n","protected":false},"author":4,"featured_media":210119,"comment_status":"open","ping_status":"open","sticky":false,"template":"","format":"standard","meta":{"_joinchat":[],"footnotes":""},"categories":[27],"tags":[],"class_list":{"0":"post-210118","1":"post","2":"type-post","3":"status-publish","4":"format-standard","5":"has-post-thumbnail","7":"category-locales"},"yoast_head":"<!-- This site is optimized with the Yoast SEO plugin v27.2 - https:\/\/yoast.com\/product\/yoast-seo-wordpress\/ -->\n<title>Agenda turistica enriquecida tras la integraci\u00f3n de cultura y deportes a la Secretar\u00eda de Turismo - Radio Infinita Goya<\/title>\n<meta name=\"description\" content=\"En una reciente entrevista, el secretario de Turismo Sebasti\u00e1n Candia De Biasio abord\u00f3 diversos temas clave para el desarrollo tur\u00edstico de la ciudad. Uno\" \/>\n<meta name=\"robots\" content=\"index, follow, max-snippet:-1, max-image-preview:large, max-video-preview:-1\" \/>\n<link rel=\"canonical\" href=\"https:\/\/radioinfinitagoya.com.ar\/v1\/2026\/03\/13\/agenda-turistica-enriquecida-tras-la-integracion-de-cultura-y-deportes-a-la-secretaria-de-turismo\/\" \/>\n<meta property=\"og:locale\" content=\"es_ES\" \/>\n<meta property=\"og:type\" content=\"article\" \/>\n<meta property=\"og:title\" content=\"Agenda turistica enriquecida tras la integraci\u00f3n de cultura y deportes a la Secretar\u00eda de Turismo - Radio Infinita Goya\" \/>\n<meta property=\"og:description\" content=\"En una reciente entrevista, el secretario de Turismo Sebasti\u00e1n Candia De Biasio abord\u00f3 diversos temas clave para el desarrollo tur\u00edstico de la ciudad. Uno\" \/>\n<meta property=\"og:url\" content=\"https:\/\/radioinfinitagoya.com.ar\/v1\/2026\/03\/13\/agenda-turistica-enriquecida-tras-la-integracion-de-cultura-y-deportes-a-la-secretaria-de-turismo\/\" \/>\n<meta property=\"og:site_name\" content=\"Radio Infinita Goya\" \/>\n<meta property=\"article:publisher\" content=\"https:\/\/www.facebook.com\/p\/Infinita-Goya-100063870918311\/\" \/>\n<meta property=\"article:published_time\" content=\"2026-03-13T19:05:57+00:00\" \/>\n<meta property=\"og:image\" content=\"https:\/\/radioinfinitagoya.com.ar\/v1\/wp-content\/uploads\/2026\/03\/agenda_tursitica_integracion_cultura_y_deporte_a_turismo_ilustracio.jpg\" \/>\n\t<meta property=\"og:image:width\" content=\"848\" \/>\n\t<meta property=\"og:image:height\" content=\"477\" \/>\n\t<meta property=\"og:image:type\" content=\"image\/jpeg\" \/>\n<meta name=\"author\" content=\"Jorge Mi\u00f1o\" \/>\n<meta name=\"twitter:card\" content=\"summary_large_image\" \/>\n<meta name=\"twitter:label1\" content=\"Escrito por\" \/>\n\t<meta name=\"twitter:data1\" content=\"Jorge Mi\u00f1o\" \/>\n\t<meta name=\"twitter:label2\" content=\"Tiempo de lectura\" \/>\n\t<meta name=\"twitter:data2\" content=\"2 minutos\" \/>\n<script type=\"application\/ld+json\" class=\"yoast-schema-graph\">{\"@context\":\"https:\/\/schema.org\",\"@graph\":[{\"@type\":\"Article\",\"@id\":\"https:\/\/radioinfinitagoya.com.ar\/v1\/2026\/03\/13\/agenda-turistica-enriquecida-tras-la-integracion-de-cultura-y-deportes-a-la-secretaria-de-turismo\/#article\",\"isPartOf\":{\"@id\":\"https:\/\/radioinfinitagoya.com.ar\/v1\/2026\/03\/13\/agenda-turistica-enriquecida-tras-la-integracion-de-cultura-y-deportes-a-la-secretaria-de-turismo\/\"},\"author\":{\"name\":\"Jorge Mi\u00f1o\",\"@id\":\"https:\/\/radioinfinitagoya.com.ar\/v1\/#\/schema\/person\/d4cf9c413d4f6edb24aabdccab49ca4a\"},\"headline\":\"Agenda turistica enriquecida tras la integraci\u00f3n de cultura y deportes a la Secretar\u00eda de Turismo\",\"datePublished\":\"2026-03-13T19:05:57+00:00\",\"mainEntityOfPage\":{\"@id\":\"https:\/\/radioinfinitagoya.com.ar\/v1\/2026\/03\/13\/agenda-turistica-enriquecida-tras-la-integracion-de-cultura-y-deportes-a-la-secretaria-de-turismo\/\"},\"wordCount\":260,\"commentCount\":0,\"publisher\":{\"@id\":\"https:\/\/radioinfinitagoya.com.ar\/v1\/#organization\"},\"image\":{\"@id\":\"https:\/\/radioinfinitagoya.com.ar\/v1\/2026\/03\/13\/agenda-turistica-enriquecida-tras-la-integracion-de-cultura-y-deportes-a-la-secretaria-de-turismo\/#primaryimage\"},\"thumbnailUrl\":\"https:\/\/radioinfinitagoya.com.ar\/v1\/wp-content\/uploads\/2026\/03\/agenda_tursitica_integracion_cultura_y_deporte_a_turismo_ilustracio.jpg\",\"articleSection\":[\"LOCALES\"],\"inLanguage\":\"es-AR\",\"potentialAction\":[{\"@type\":\"CommentAction\",\"name\":\"Comment\",\"target\":[\"https:\/\/radioinfinitagoya.com.ar\/v1\/2026\/03\/13\/agenda-turistica-enriquecida-tras-la-integracion-de-cultura-y-deportes-a-la-secretaria-de-turismo\/#respond\"]}]},{\"@type\":\"WebPage\",\"@id\":\"https:\/\/radioinfinitagoya.com.ar\/v1\/2026\/03\/13\/agenda-turistica-enriquecida-tras-la-integracion-de-cultura-y-deportes-a-la-secretaria-de-turismo\/\",\"url\":\"https:\/\/radioinfinitagoya.com.ar\/v1\/2026\/03\/13\/agenda-turistica-enriquecida-tras-la-integracion-de-cultura-y-deportes-a-la-secretaria-de-turismo\/\",\"name\":\"Agenda turistica enriquecida tras la integraci\u00f3n de cultura y deportes a la Secretar\u00eda de Turismo - Radio Infinita Goya\",\"isPartOf\":{\"@id\":\"https:\/\/radioinfinitagoya.com.ar\/v1\/#website\"},\"primaryImageOfPage\":{\"@id\":\"https:\/\/radioinfinitagoya.com.ar\/v1\/2026\/03\/13\/agenda-turistica-enriquecida-tras-la-integracion-de-cultura-y-deportes-a-la-secretaria-de-turismo\/#primaryimage\"},\"image\":{\"@id\":\"https:\/\/radioinfinitagoya.com.ar\/v1\/2026\/03\/13\/agenda-turistica-enriquecida-tras-la-integracion-de-cultura-y-deportes-a-la-secretaria-de-turismo\/#primaryimage\"},\"thumbnailUrl\":\"https:\/\/radioinfinitagoya.com.ar\/v1\/wp-content\/uploads\/2026\/03\/agenda_tursitica_integracion_cultura_y_deporte_a_turismo_ilustracio.jpg\",\"datePublished\":\"2026-03-13T19:05:57+00:00\",\"description\":\"En una reciente entrevista, el secretario de Turismo Sebasti\u00e1n Candia De Biasio abord\u00f3 diversos temas clave para el desarrollo tur\u00edstico de la ciudad. Uno\",\"breadcrumb\":{\"@id\":\"https:\/\/radioinfinitagoya.com.ar\/v1\/2026\/03\/13\/agenda-turistica-enriquecida-tras-la-integracion-de-cultura-y-deportes-a-la-secretaria-de-turismo\/#breadcrumb\"},\"inLanguage\":\"es-AR\",\"potentialAction\":[{\"@type\":\"ReadAction\",\"target\":[\"https:\/\/radioinfinitagoya.com.ar\/v1\/2026\/03\/13\/agenda-turistica-enriquecida-tras-la-integracion-de-cultura-y-deportes-a-la-secretaria-de-turismo\/\"]}]},{\"@type\":\"ImageObject\",\"inLanguage\":\"es-AR\",\"@id\":\"https:\/\/radioinfinitagoya.com.ar\/v1\/2026\/03\/13\/agenda-turistica-enriquecida-tras-la-integracion-de-cultura-y-deportes-a-la-secretaria-de-turismo\/#primaryimage\",\"url\":\"https:\/\/radioinfinitagoya.com.ar\/v1\/wp-content\/uploads\/2026\/03\/agenda_tursitica_integracion_cultura_y_deporte_a_turismo_ilustracio.jpg\",\"contentUrl\":\"https:\/\/radioinfinitagoya.com.ar\/v1\/wp-content\/uploads\/2026\/03\/agenda_tursitica_integracion_cultura_y_deporte_a_turismo_ilustracio.jpg\",\"width\":848,\"height\":477},{\"@type\":\"BreadcrumbList\",\"@id\":\"https:\/\/radioinfinitagoya.com.ar\/v1\/2026\/03\/13\/agenda-turistica-enriquecida-tras-la-integracion-de-cultura-y-deportes-a-la-secretaria-de-turismo\/#breadcrumb\",\"itemListElement\":[{\"@type\":\"ListItem\",\"position\":1,\"name\":\"Inicio\",\"item\":\"https:\/\/radioinfinitagoya.com.ar\/v1\/\"},{\"@type\":\"ListItem\",\"position\":2,\"name\":\"Agenda turistica enriquecida tras la integraci\u00f3n de cultura y deportes a la Secretar\u00eda de Turismo\"}]},{\"@type\":\"WebSite\",\"@id\":\"https:\/\/radioinfinitagoya.com.ar\/v1\/#website\",\"url\":\"https:\/\/radioinfinitagoya.com.ar\/v1\/\",\"name\":\"radioinfinitagoya.com.ar\",\"description\":\"Radio de noticias\",\"publisher\":{\"@id\":\"https:\/\/radioinfinitagoya.com.ar\/v1\/#organization\"},\"potentialAction\":[{\"@type\":\"SearchAction\",\"target\":{\"@type\":\"EntryPoint\",\"urlTemplate\":\"https:\/\/radioinfinitagoya.com.ar\/v1\/?s={search_term_string}\"},\"query-input\":{\"@type\":\"PropertyValueSpecification\",\"valueRequired\":true,\"valueName\":\"search_term_string\"}}],\"inLanguage\":\"es-AR\"},{\"@type\":\"Organization\",\"@id\":\"https:\/\/radioinfinitagoya.com.ar\/v1\/#organization\",\"name\":\"Radio Infinita Goya\",\"url\":\"https:\/\/radioinfinitagoya.com.ar\/v1\/\",\"logo\":{\"@type\":\"ImageObject\",\"inLanguage\":\"es-AR\",\"@id\":\"https:\/\/radioinfinitagoya.com.ar\/v1\/#\/schema\/logo\/image\/\",\"url\":\"https:\/\/radioinfinitagoya.com.ar\/v1\/wp-content\/uploads\/2019\/11\/logo-pie-web.png\",\"contentUrl\":\"https:\/\/radioinfinitagoya.com.ar\/v1\/wp-content\/uploads\/2019\/11\/logo-pie-web.png\",\"width\":635,\"height\":326,\"caption\":\"Radio Infinita Goya\"},\"image\":{\"@id\":\"https:\/\/radioinfinitagoya.com.ar\/v1\/#\/schema\/logo\/image\/\"},\"sameAs\":[\"https:\/\/www.facebook.com\/p\/Infinita-Goya-100063870918311\/\"]},{\"@type\":\"Person\",\"@id\":\"https:\/\/radioinfinitagoya.com.ar\/v1\/#\/schema\/person\/d4cf9c413d4f6edb24aabdccab49ca4a\",\"name\":\"Jorge Mi\u00f1o\",\"image\":{\"@type\":\"ImageObject\",\"inLanguage\":\"es-AR\",\"@id\":\"https:\/\/secure.gravatar.com\/avatar\/910fcf6728fe95320e07a6643c1581fec1c7fc4bf8ae12e3d8f0d0373dc844be?s=96&d=mm&r=g\",\"url\":\"https:\/\/secure.gravatar.com\/avatar\/910fcf6728fe95320e07a6643c1581fec1c7fc4bf8ae12e3d8f0d0373dc844be?s=96&d=mm&r=g\",\"contentUrl\":\"https:\/\/secure.gravatar.com\/avatar\/910fcf6728fe95320e07a6643c1581fec1c7fc4bf8ae12e3d8f0d0373dc844be?s=96&d=mm&r=g\",\"caption\":\"Jorge Mi\u00f1o\"},\"sameAs\":[\"http:\/\/radioinfinitagoya.com.ar\"]}]}<\/script>\n<!-- \/ Yoast SEO plugin. -->","yoast_head_json":{"title":"Agenda turistica enriquecida tras la integraci\u00f3n de cultura y deportes a la Secretar\u00eda de Turismo - Radio Infinita Goya","description":"En una reciente entrevista, el secretario de Turismo Sebasti\u00e1n Candia De Biasio abord\u00f3 diversos temas clave para el desarrollo tur\u00edstico de la ciudad. Uno","robots":{"index":"index","follow":"follow","max-snippet":"max-snippet:-1","max-image-preview":"max-image-preview:large","max-video-preview":"max-video-preview:-1"},"canonical":"https:\/\/radioinfinitagoya.com.ar\/v1\/2026\/03\/13\/agenda-turistica-enriquecida-tras-la-integracion-de-cultura-y-deportes-a-la-secretaria-de-turismo\/","og_locale":"es_ES","og_type":"article","og_title":"Agenda turistica enriquecida tras la integraci\u00f3n de cultura y deportes a la Secretar\u00eda de Turismo - Radio Infinita Goya","og_description":"En una reciente entrevista, el secretario de Turismo Sebasti\u00e1n Candia De Biasio abord\u00f3 diversos temas clave para el desarrollo tur\u00edstico de la ciudad. Uno","og_url":"https:\/\/radioinfinitagoya.com.ar\/v1\/2026\/03\/13\/agenda-turistica-enriquecida-tras-la-integracion-de-cultura-y-deportes-a-la-secretaria-de-turismo\/","og_site_name":"Radio Infinita Goya","article_publisher":"https:\/\/www.facebook.com\/p\/Infinita-Goya-100063870918311\/","article_published_time":"2026-03-13T19:05:57+00:00","og_image":[{"width":848,"height":477,"url":"https:\/\/radioinfinitagoya.com.ar\/v1\/wp-content\/uploads\/2026\/03\/agenda_tursitica_integracion_cultura_y_deporte_a_turismo_ilustracio.jpg","type":"image\/jpeg"}],"author":"Jorge Mi\u00f1o","twitter_card":"summary_large_image","twitter_misc":{"Escrito por":"Jorge Mi\u00f1o","Tiempo de lectura":"2 minutos"},"schema":{"@context":"https:\/\/schema.org","@graph":[{"@type":"Article","@id":"https:\/\/radioinfinitagoya.com.ar\/v1\/2026\/03\/13\/agenda-turistica-enriquecida-tras-la-integracion-de-cultura-y-deportes-a-la-secretaria-de-turismo\/#article","isPartOf":{"@id":"https:\/\/radioinfinitagoya.com.ar\/v1\/2026\/03\/13\/agenda-turistica-enriquecida-tras-la-integracion-de-cultura-y-deportes-a-la-secretaria-de-turismo\/"},"author":{"name":"Jorge Mi\u00f1o","@id":"https:\/\/radioinfinitagoya.com.ar\/v1\/#\/schema\/person\/d4cf9c413d4f6edb24aabdccab49ca4a"},"headline":"Agenda turistica enriquecida tras la integraci\u00f3n de cultura y deportes a la Secretar\u00eda de Turismo","datePublished":"2026-03-13T19:05:57+00:00","mainEntityOfPage":{"@id":"https:\/\/radioinfinitagoya.com.ar\/v1\/2026\/03\/13\/agenda-turistica-enriquecida-tras-la-integracion-de-cultura-y-deportes-a-la-secretaria-de-turismo\/"},"wordCount":260,"commentCount":0,"publisher":{"@id":"https:\/\/radioinfinitagoya.com.ar\/v1\/#organization"},"image":{"@id":"https:\/\/radioinfinitagoya.com.ar\/v1\/2026\/03\/13\/agenda-turistica-enriquecida-tras-la-integracion-de-cultura-y-deportes-a-la-secretaria-de-turismo\/#primaryimage"},"thumbnailUrl":"https:\/\/radioinfinitagoya.com.ar\/v1\/wp-content\/uploads\/2026\/03\/agenda_tursitica_integracion_cultura_y_deporte_a_turismo_ilustracio.jpg","articleSection":["LOCALES"],"inLanguage":"es-AR","potentialAction":[{"@type":"CommentAction","name":"Comment","target":["https:\/\/radioinfinitagoya.com.ar\/v1\/2026\/03\/13\/agenda-turistica-enriquecida-tras-la-integracion-de-cultura-y-deportes-a-la-secretaria-de-turismo\/#respond"]}]},{"@type":"WebPage","@id":"https:\/\/radioinfinitagoya.com.ar\/v1\/2026\/03\/13\/agenda-turistica-enriquecida-tras-la-integracion-de-cultura-y-deportes-a-la-secretaria-de-turismo\/","url":"https:\/\/radioinfinitagoya.com.ar\/v1\/2026\/03\/13\/agenda-turistica-enriquecida-tras-la-integracion-de-cultura-y-deportes-a-la-secretaria-de-turismo\/","name":"Agenda turistica enriquecida tras la integraci\u00f3n de cultura y deportes a la Secretar\u00eda de Turismo - Radio Infinita Goya","isPartOf":{"@id":"https:\/\/radioinfinitagoya.com.ar\/v1\/#website"},"primaryImageOfPage":{"@id":"https:\/\/radioinfinitagoya.com.ar\/v1\/2026\/03\/13\/agenda-turistica-enriquecida-tras-la-integracion-de-cultura-y-deportes-a-la-secretaria-de-turismo\/#primaryimage"},"image":{"@id":"https:\/\/radioinfinitagoya.com.ar\/v1\/2026\/03\/13\/agenda-turistica-enriquecida-tras-la-integracion-de-cultura-y-deportes-a-la-secretaria-de-turismo\/#primaryimage"},"thumbnailUrl":"https:\/\/radioinfinitagoya.com.ar\/v1\/wp-content\/uploads\/2026\/03\/agenda_tursitica_integracion_cultura_y_deporte_a_turismo_ilustracio.jpg","datePublished":"2026-03-13T19:05:57+00:00","description":"En una reciente entrevista, el secretario de Turismo Sebasti\u00e1n Candia De Biasio abord\u00f3 diversos temas clave para el desarrollo tur\u00edstico de la ciudad. Uno","breadcrumb":{"@id":"https:\/\/radioinfinitagoya.com.ar\/v1\/2026\/03\/13\/agenda-turistica-enriquecida-tras-la-integracion-de-cultura-y-deportes-a-la-secretaria-de-turismo\/#breadcrumb"},"inLanguage":"es-AR","potentialAction":[{"@type":"ReadAction","target":["https:\/\/radioinfinitagoya.com.ar\/v1\/2026\/03\/13\/agenda-turistica-enriquecida-tras-la-integracion-de-cultura-y-deportes-a-la-secretaria-de-turismo\/"]}]},{"@type":"ImageObject","inLanguage":"es-AR","@id":"https:\/\/radioinfinitagoya.com.ar\/v1\/2026\/03\/13\/agenda-turistica-enriquecida-tras-la-integracion-de-cultura-y-deportes-a-la-secretaria-de-turismo\/#primaryimage","url":"https:\/\/radioinfinitagoya.com.ar\/v1\/wp-content\/uploads\/2026\/03\/agenda_tursitica_integracion_cultura_y_deporte_a_turismo_ilustracio.jpg","contentUrl":"https:\/\/radioinfinitagoya.com.ar\/v1\/wp-content\/uploads\/2026\/03\/agenda_tursitica_integracion_cultura_y_deporte_a_turismo_ilustracio.jpg","width":848,"height":477},{"@type":"BreadcrumbList","@id":"https:\/\/radioinfinitagoya.com.ar\/v1\/2026\/03\/13\/agenda-turistica-enriquecida-tras-la-integracion-de-cultura-y-deportes-a-la-secretaria-de-turismo\/#breadcrumb","itemListElement":[{"@type":"ListItem","position":1,"name":"Inicio","item":"https:\/\/radioinfinitagoya.com.ar\/v1\/"},{"@type":"ListItem","position":2,"name":"Agenda turistica enriquecida tras la integraci\u00f3n de cultura y deportes a la Secretar\u00eda de Turismo"}]},{"@type":"WebSite","@id":"https:\/\/radioinfinitagoya.com.ar\/v1\/#website","url":"https:\/\/radioinfinitagoya.com.ar\/v1\/","name":"radioinfinitagoya.com.ar","description":"Radio de noticias","publisher":{"@id":"https:\/\/radioinfinitagoya.com.ar\/v1\/#organization"},"potentialAction":[{"@type":"SearchAction","target":{"@type":"EntryPoint","urlTemplate":"https:\/\/radioinfinitagoya.com.ar\/v1\/?s={search_term_string}"},"query-input":{"@type":"PropertyValueSpecification","valueRequired":true,"valueName":"search_term_string"}}],"inLanguage":"es-AR"},{"@type":"Organization","@id":"https:\/\/radioinfinitagoya.com.ar\/v1\/#organization","name":"Radio Infinita Goya","url":"https:\/\/radioinfinitagoya.com.ar\/v1\/","logo":{"@type":"ImageObject","inLanguage":"es-AR","@id":"https:\/\/radioinfinitagoya.com.ar\/v1\/#\/schema\/logo\/image\/","url":"https:\/\/radioinfinitagoya.com.ar\/v1\/wp-content\/uploads\/2019\/11\/logo-pie-web.png","contentUrl":"https:\/\/radioinfinitagoya.com.ar\/v1\/wp-content\/uploads\/2019\/11\/logo-pie-web.png","width":635,"height":326,"caption":"Radio Infinita Goya"},"image":{"@id":"https:\/\/radioinfinitagoya.com.ar\/v1\/#\/schema\/logo\/image\/"},"sameAs":["https:\/\/www.facebook.com\/p\/Infinita-Goya-100063870918311\/"]},{"@type":"Person","@id":"https:\/\/radioinfinitagoya.com.ar\/v1\/#\/schema\/person\/d4cf9c413d4f6edb24aabdccab49ca4a","name":"Jorge Mi\u00f1o","image":{"@type":"ImageObject","inLanguage":"es-AR","@id":"https:\/\/secure.gravatar.com\/avatar\/910fcf6728fe95320e07a6643c1581fec1c7fc4bf8ae12e3d8f0d0373dc844be?s=96&d=mm&r=g","url":"https:\/\/secure.gravatar.com\/avatar\/910fcf6728fe95320e07a6643c1581fec1c7fc4bf8ae12e3d8f0d0373dc844be?s=96&d=mm&r=g","contentUrl":"https:\/\/secure.gravatar.com\/avatar\/910fcf6728fe95320e07a6643c1581fec1c7fc4bf8ae12e3d8f0d0373dc844be?s=96&d=mm&r=g","caption":"Jorge Mi\u00f1o"},"sameAs":["http:\/\/radioinfinitagoya.com.ar"]}]}},"_links":{"self":[{"href":"https:\/\/radioinfinitagoya.com.ar\/v1\/wp-json\/wp\/v2\/posts\/210118","targetHints":{"allow":["GET"]}}],"collection":[{"href":"https:\/\/radioinfinitagoya.com.ar\/v1\/wp-json\/wp\/v2\/posts"}],"about":[{"href":"https:\/\/radioinfinitagoya.com.ar\/v1\/wp-json\/wp\/v2\/types\/post"}],"author":[{"embeddable":true,"href":"https:\/\/radioinfinitagoya.com.ar\/v1\/wp-json\/wp\/v2\/users\/4"}],"replies":[{"embeddable":true,"href":"https:\/\/radioinfinitagoya.com.ar\/v1\/wp-json\/wp\/v2\/comments?post=210118"}],"version-history":[{"count":0,"href":"https:\/\/radioinfinitagoya.com.ar\/v1\/wp-json\/wp\/v2\/posts\/210118\/revisions"}],"wp:featuredmedia":[{"embeddable":true,"href":"https:\/\/radioinfinitagoya.com.ar\/v1\/wp-json\/wp\/v2\/media\/210119"}],"wp:attachment":[{"href":"https:\/\/radioinfinitagoya.com.ar\/v1\/wp-json\/wp\/v2\/media?parent=210118"}],"wp:term":[{"taxonomy":"category","embeddable":true,"href":"https:\/\/radioinfinitagoya.com.ar\/v1\/wp-json\/wp\/v2\/categories?post=210118"},{"taxonomy":"post_tag","embeddable":true,"href":"https:\/\/radioinfinitagoya.com.ar\/v1\/wp-json\/wp\/v2\/tags?post=210118"}],"curies":[{"name":"wp","href":"https:\/\/api.w.org\/{rel}","templated":true}]}}