{"id":210121,"date":"2026-03-13T16:07:24","date_gmt":"2026-03-13T19:07:24","guid":{"rendered":"https:\/\/radioinfinitagoya.com.ar\/v1\/?p=210121"},"modified":"2026-03-13T16:32:56","modified_gmt":"2026-03-13T19:32:56","slug":"48-anos-de-la-escuela-municipal-de-musica-don-alcides-romero","status":"publish","type":"post","link":"https:\/\/radioinfinitagoya.com.ar\/v1\/2026\/03\/13\/48-anos-de-la-escuela-municipal-de-musica-don-alcides-romero\/","title":{"rendered":"48 a\u00f1os de la Escuela Municipal de M\u00fasica &#8220;Don Alcides Romero&#8221;"},"content":{"rendered":"<p>La Escuela Municipal de M\u00fasica naci\u00f3 el 13 de marzo de 1978, gracias al sue\u00f1o y la dedicaci\u00f3n de don Alcides Romero, quien crey\u00f3 profundamente en la m\u00fasica como herramienta de formaci\u00f3n, disciplina y encuentro para la comunidad.<\/p>\n<p>En sus comienzos, la escuela tuvo como principal objetivo la formaci\u00f3n de m\u00fasicos para integrar la Banda Municipal, preparando tambi\u00e9n a muchos j\u00f3venes que luego continuaron su camino en las fuerzas militares. Los primeros formadores fueron don Juan Gregorio Zamudio y don Manuel Sol\u00eds, maestros que con vocaci\u00f3n y compromiso transmitieron los primeros conocimientos musicales y sembraron las bases de esta querida instituci\u00f3n.<\/p>\n<p>En aquellos a\u00f1os, la ense\u00f1anza estaba orientada principalmente a bater\u00eda y a instrumentos de viento, como saxof\u00f3n, tuba, trompeta y tromb\u00f3n, y la formaci\u00f3n estaba destinada \u00fanicamente a varones.<\/p>\n<p>Con el paso del tiempo, la escuela fue creciendo y adapt\u00e1ndose a los cambios de la sociedad. A finales de la d\u00e9cada de 1980 y principios de 1990 se incorporaron las primeras mujeres, marcando un momento muy importante en su historia. Con esta nueva etapa tambi\u00e9n se ampliaron los instrumentos y las posibilidades de formaci\u00f3n, sum\u00e1ndose \u00f3rgano el\u00e9ctrico, clarinete, flauta traversa, guitarra criolla, acorde\u00f3n, viol\u00edn, violonchelo y bajo el\u00e9ctrico, enriqueciendo as\u00ed la propuesta musical.<\/p>\n<p>En los \u00faltimos a\u00f1os, la escuela ha dado un nuevo paso en su crecimiento acad\u00e9mico. Desde hace aproximadamente cuatro a\u00f1os, trabaja en conjunto con el Conservatorio Fracassi, fortaleciendo la formaci\u00f3n te\u00f3rica de los estudiantes.<\/p>\n<p>Como resultado de ese esfuerzo, en el a\u00f1o 2025 egres\u00f3 la primera promoci\u00f3n de profesores de Teor\u00eda y Solfeo, un logro que llena de orgullo a toda la comunidad educativa.<\/p>\n<p>Hoy, despu\u00e9s de tantos a\u00f1os de historia, la Escuela Municipal de M\u00fasica \u201cDon Alcides Romero\u201d contin\u00faa formando m\u00fasicos, cultivando valores y manteniendo viva la pasi\u00f3n por la m\u00fasica. Cada alumno, cada docente y cada melod\u00eda forman parte de un legado que comenz\u00f3 con un sue\u00f1o y que hoy sigue creciendo en cada nueva generaci\u00f3n.<\/p>\n<p>Porque la m\u00fasica no solo se aprende\u2026 tambi\u00e9n se comparte, se siente y se transmite de coraz\u00f3n a coraz\u00f3n.<\/p>\n<p>Durante este tiempo transcurrido ejercieron la funci\u00f3n de directores, o coordinadores, cumpliendo con el objetivo de acompa\u00f1ar este proceso formativo musical: Raquel Palacios (directora), Jorge Elgul (director), Daniel Quiroz (coordinador), y actualmente, su director es Lisandro D. Mart\u00ednez.<\/p>\n<p>Direcci\u00f3n de Prensa &#8211; Municipalidad de Goya<\/p>\n","protected":false},"excerpt":{"rendered":"<p>La Escuela Municipal de M\u00fasica naci\u00f3 el 13 de marzo de 1978, gracias al sue\u00f1o y la dedicaci\u00f3n de don Alcides Romero, quien crey\u00f3 profundamente en la m\u00fasica como herramienta de formaci\u00f3n, disciplina y encuentro para la comunidad. En sus comienzos, la escuela tuvo como principal objetivo la formaci\u00f3n de m\u00fasicos para integrar la Banda [&hellip;]<\/p>\n","protected":false},"author":4,"featured_media":210145,"comment_status":"open","ping_status":"open","sticky":false,"template":"","format":"standard","meta":{"_joinchat":[],"footnotes":""},"categories":[27],"tags":[],"class_list":{"0":"post-210121","1":"post","2":"type-post","3":"status-publish","4":"format-standard","5":"has-post-thumbnail","7":"category-locales"},"yoast_head":"<!-- This site is optimized with the Yoast SEO plugin v27.2 - https:\/\/yoast.com\/product\/yoast-seo-wordpress\/ -->\n<title>48 a\u00f1os de la Escuela Municipal de M\u00fasica &quot;Don Alcides Romero&quot; - Radio Infinita Goya<\/title>\n<meta name=\"description\" content=\"La Escuela Municipal de M\u00fasica naci\u00f3 el 13 de marzo de 1978, gracias al sue\u00f1o y la dedicaci\u00f3n de don Alcides Romero, quien crey\u00f3 profundamente en la\" \/>\n<meta name=\"robots\" content=\"index, follow, max-snippet:-1, max-image-preview:large, max-video-preview:-1\" \/>\n<link rel=\"canonical\" href=\"https:\/\/radioinfinitagoya.com.ar\/v1\/2026\/03\/13\/48-anos-de-la-escuela-municipal-de-musica-don-alcides-romero\/\" \/>\n<meta property=\"og:locale\" content=\"es_ES\" \/>\n<meta property=\"og:type\" content=\"article\" \/>\n<meta property=\"og:title\" content=\"48 a\u00f1os de la Escuela Municipal de M\u00fasica &quot;Don Alcides Romero&quot; - Radio Infinita Goya\" \/>\n<meta property=\"og:description\" content=\"La Escuela Municipal de M\u00fasica naci\u00f3 el 13 de marzo de 1978, gracias al sue\u00f1o y la dedicaci\u00f3n de don Alcides Romero, quien crey\u00f3 profundamente en la\" \/>\n<meta property=\"og:url\" content=\"https:\/\/radioinfinitagoya.com.ar\/v1\/2026\/03\/13\/48-anos-de-la-escuela-municipal-de-musica-don-alcides-romero\/\" \/>\n<meta property=\"og:site_name\" content=\"Radio Infinita Goya\" \/>\n<meta property=\"article:publisher\" content=\"https:\/\/www.facebook.com\/p\/Infinita-Goya-100063870918311\/\" \/>\n<meta property=\"article:published_time\" content=\"2026-03-13T19:07:24+00:00\" \/>\n<meta property=\"article:modified_time\" content=\"2026-03-13T19:32:56+00:00\" \/>\n<meta property=\"og:image\" content=\"https:\/\/radioinfinitagoya.com.ar\/v1\/wp-content\/uploads\/2026\/03\/escuela_municipal_de_musica_don_alcides_romero_actual_ilustrac-1.jpg\" \/>\n\t<meta property=\"og:image:width\" content=\"848\" \/>\n\t<meta property=\"og:image:height\" content=\"477\" \/>\n\t<meta property=\"og:image:type\" content=\"image\/jpeg\" \/>\n<meta name=\"author\" content=\"Jorge Mi\u00f1o\" \/>\n<meta name=\"twitter:card\" content=\"summary_large_image\" \/>\n<meta name=\"twitter:label1\" content=\"Escrito por\" \/>\n\t<meta name=\"twitter:data1\" content=\"Jorge Mi\u00f1o\" \/>\n\t<meta name=\"twitter:label2\" content=\"Tiempo de lectura\" \/>\n\t<meta name=\"twitter:data2\" content=\"2 minutos\" \/>\n<script type=\"application\/ld+json\" class=\"yoast-schema-graph\">{\"@context\":\"https:\/\/schema.org\",\"@graph\":[{\"@type\":\"Article\",\"@id\":\"https:\/\/radioinfinitagoya.com.ar\/v1\/2026\/03\/13\/48-anos-de-la-escuela-municipal-de-musica-don-alcides-romero\/#article\",\"isPartOf\":{\"@id\":\"https:\/\/radioinfinitagoya.com.ar\/v1\/2026\/03\/13\/48-anos-de-la-escuela-municipal-de-musica-don-alcides-romero\/\"},\"author\":{\"name\":\"Jorge Mi\u00f1o\",\"@id\":\"https:\/\/radioinfinitagoya.com.ar\/v1\/#\/schema\/person\/d4cf9c413d4f6edb24aabdccab49ca4a\"},\"headline\":\"48 a\u00f1os de la Escuela Municipal de M\u00fasica &#8220;Don Alcides Romero&#8221;\",\"datePublished\":\"2026-03-13T19:07:24+00:00\",\"dateModified\":\"2026-03-13T19:32:56+00:00\",\"mainEntityOfPage\":{\"@id\":\"https:\/\/radioinfinitagoya.com.ar\/v1\/2026\/03\/13\/48-anos-de-la-escuela-municipal-de-musica-don-alcides-romero\/\"},\"wordCount\":446,\"commentCount\":0,\"publisher\":{\"@id\":\"https:\/\/radioinfinitagoya.com.ar\/v1\/#organization\"},\"image\":{\"@id\":\"https:\/\/radioinfinitagoya.com.ar\/v1\/2026\/03\/13\/48-anos-de-la-escuela-municipal-de-musica-don-alcides-romero\/#primaryimage\"},\"thumbnailUrl\":\"https:\/\/radioinfinitagoya.com.ar\/v1\/wp-content\/uploads\/2026\/03\/escuela_municipal_de_musica_don_alcides_romero_actual_ilustrac-1.jpg\",\"articleSection\":[\"LOCALES\"],\"inLanguage\":\"es-AR\",\"potentialAction\":[{\"@type\":\"CommentAction\",\"name\":\"Comment\",\"target\":[\"https:\/\/radioinfinitagoya.com.ar\/v1\/2026\/03\/13\/48-anos-de-la-escuela-municipal-de-musica-don-alcides-romero\/#respond\"]}]},{\"@type\":\"WebPage\",\"@id\":\"https:\/\/radioinfinitagoya.com.ar\/v1\/2026\/03\/13\/48-anos-de-la-escuela-municipal-de-musica-don-alcides-romero\/\",\"url\":\"https:\/\/radioinfinitagoya.com.ar\/v1\/2026\/03\/13\/48-anos-de-la-escuela-municipal-de-musica-don-alcides-romero\/\",\"name\":\"48 a\u00f1os de la Escuela Municipal de M\u00fasica \\\"Don Alcides Romero\\\" - Radio Infinita Goya\",\"isPartOf\":{\"@id\":\"https:\/\/radioinfinitagoya.com.ar\/v1\/#website\"},\"primaryImageOfPage\":{\"@id\":\"https:\/\/radioinfinitagoya.com.ar\/v1\/2026\/03\/13\/48-anos-de-la-escuela-municipal-de-musica-don-alcides-romero\/#primaryimage\"},\"image\":{\"@id\":\"https:\/\/radioinfinitagoya.com.ar\/v1\/2026\/03\/13\/48-anos-de-la-escuela-municipal-de-musica-don-alcides-romero\/#primaryimage\"},\"thumbnailUrl\":\"https:\/\/radioinfinitagoya.com.ar\/v1\/wp-content\/uploads\/2026\/03\/escuela_municipal_de_musica_don_alcides_romero_actual_ilustrac-1.jpg\",\"datePublished\":\"2026-03-13T19:07:24+00:00\",\"dateModified\":\"2026-03-13T19:32:56+00:00\",\"description\":\"La Escuela Municipal de M\u00fasica naci\u00f3 el 13 de marzo de 1978, gracias al sue\u00f1o y la dedicaci\u00f3n de don Alcides Romero, quien crey\u00f3 profundamente en la\",\"breadcrumb\":{\"@id\":\"https:\/\/radioinfinitagoya.com.ar\/v1\/2026\/03\/13\/48-anos-de-la-escuela-municipal-de-musica-don-alcides-romero\/#breadcrumb\"},\"inLanguage\":\"es-AR\",\"potentialAction\":[{\"@type\":\"ReadAction\",\"target\":[\"https:\/\/radioinfinitagoya.com.ar\/v1\/2026\/03\/13\/48-anos-de-la-escuela-municipal-de-musica-don-alcides-romero\/\"]}]},{\"@type\":\"ImageObject\",\"inLanguage\":\"es-AR\",\"@id\":\"https:\/\/radioinfinitagoya.com.ar\/v1\/2026\/03\/13\/48-anos-de-la-escuela-municipal-de-musica-don-alcides-romero\/#primaryimage\",\"url\":\"https:\/\/radioinfinitagoya.com.ar\/v1\/wp-content\/uploads\/2026\/03\/escuela_municipal_de_musica_don_alcides_romero_actual_ilustrac-1.jpg\",\"contentUrl\":\"https:\/\/radioinfinitagoya.com.ar\/v1\/wp-content\/uploads\/2026\/03\/escuela_municipal_de_musica_don_alcides_romero_actual_ilustrac-1.jpg\",\"width\":848,\"height\":477},{\"@type\":\"BreadcrumbList\",\"@id\":\"https:\/\/radioinfinitagoya.com.ar\/v1\/2026\/03\/13\/48-anos-de-la-escuela-municipal-de-musica-don-alcides-romero\/#breadcrumb\",\"itemListElement\":[{\"@type\":\"ListItem\",\"position\":1,\"name\":\"Inicio\",\"item\":\"https:\/\/radioinfinitagoya.com.ar\/v1\/\"},{\"@type\":\"ListItem\",\"position\":2,\"name\":\"48 a\u00f1os de la Escuela Municipal de M\u00fasica &#8220;Don Alcides Romero&#8221;\"}]},{\"@type\":\"WebSite\",\"@id\":\"https:\/\/radioinfinitagoya.com.ar\/v1\/#website\",\"url\":\"https:\/\/radioinfinitagoya.com.ar\/v1\/\",\"name\":\"radioinfinitagoya.com.ar\",\"description\":\"Radio de noticias\",\"publisher\":{\"@id\":\"https:\/\/radioinfinitagoya.com.ar\/v1\/#organization\"},\"potentialAction\":[{\"@type\":\"SearchAction\",\"target\":{\"@type\":\"EntryPoint\",\"urlTemplate\":\"https:\/\/radioinfinitagoya.com.ar\/v1\/?s={search_term_string}\"},\"query-input\":{\"@type\":\"PropertyValueSpecification\",\"valueRequired\":true,\"valueName\":\"search_term_string\"}}],\"inLanguage\":\"es-AR\"},{\"@type\":\"Organization\",\"@id\":\"https:\/\/radioinfinitagoya.com.ar\/v1\/#organization\",\"name\":\"Radio Infinita Goya\",\"url\":\"https:\/\/radioinfinitagoya.com.ar\/v1\/\",\"logo\":{\"@type\":\"ImageObject\",\"inLanguage\":\"es-AR\",\"@id\":\"https:\/\/radioinfinitagoya.com.ar\/v1\/#\/schema\/logo\/image\/\",\"url\":\"https:\/\/radioinfinitagoya.com.ar\/v1\/wp-content\/uploads\/2019\/11\/logo-pie-web.png\",\"contentUrl\":\"https:\/\/radioinfinitagoya.com.ar\/v1\/wp-content\/uploads\/2019\/11\/logo-pie-web.png\",\"width\":635,\"height\":326,\"caption\":\"Radio Infinita Goya\"},\"image\":{\"@id\":\"https:\/\/radioinfinitagoya.com.ar\/v1\/#\/schema\/logo\/image\/\"},\"sameAs\":[\"https:\/\/www.facebook.com\/p\/Infinita-Goya-100063870918311\/\"]},{\"@type\":\"Person\",\"@id\":\"https:\/\/radioinfinitagoya.com.ar\/v1\/#\/schema\/person\/d4cf9c413d4f6edb24aabdccab49ca4a\",\"name\":\"Jorge Mi\u00f1o\",\"image\":{\"@type\":\"ImageObject\",\"inLanguage\":\"es-AR\",\"@id\":\"https:\/\/secure.gravatar.com\/avatar\/910fcf6728fe95320e07a6643c1581fec1c7fc4bf8ae12e3d8f0d0373dc844be?s=96&d=mm&r=g\",\"url\":\"https:\/\/secure.gravatar.com\/avatar\/910fcf6728fe95320e07a6643c1581fec1c7fc4bf8ae12e3d8f0d0373dc844be?s=96&d=mm&r=g\",\"contentUrl\":\"https:\/\/secure.gravatar.com\/avatar\/910fcf6728fe95320e07a6643c1581fec1c7fc4bf8ae12e3d8f0d0373dc844be?s=96&d=mm&r=g\",\"caption\":\"Jorge Mi\u00f1o\"},\"sameAs\":[\"http:\/\/radioinfinitagoya.com.ar\"]}]}<\/script>\n<!-- \/ Yoast SEO plugin. -->","yoast_head_json":{"title":"48 a\u00f1os de la Escuela Municipal de M\u00fasica \"Don Alcides Romero\" - Radio Infinita Goya","description":"La Escuela Municipal de M\u00fasica naci\u00f3 el 13 de marzo de 1978, gracias al sue\u00f1o y la dedicaci\u00f3n de don Alcides Romero, quien crey\u00f3 profundamente en la","robots":{"index":"index","follow":"follow","max-snippet":"max-snippet:-1","max-image-preview":"max-image-preview:large","max-video-preview":"max-video-preview:-1"},"canonical":"https:\/\/radioinfinitagoya.com.ar\/v1\/2026\/03\/13\/48-anos-de-la-escuela-municipal-de-musica-don-alcides-romero\/","og_locale":"es_ES","og_type":"article","og_title":"48 a\u00f1os de la Escuela Municipal de M\u00fasica \"Don Alcides Romero\" - Radio Infinita Goya","og_description":"La Escuela Municipal de M\u00fasica naci\u00f3 el 13 de marzo de 1978, gracias al sue\u00f1o y la dedicaci\u00f3n de don Alcides Romero, quien crey\u00f3 profundamente en la","og_url":"https:\/\/radioinfinitagoya.com.ar\/v1\/2026\/03\/13\/48-anos-de-la-escuela-municipal-de-musica-don-alcides-romero\/","og_site_name":"Radio Infinita Goya","article_publisher":"https:\/\/www.facebook.com\/p\/Infinita-Goya-100063870918311\/","article_published_time":"2026-03-13T19:07:24+00:00","article_modified_time":"2026-03-13T19:32:56+00:00","og_image":[{"width":848,"height":477,"url":"https:\/\/radioinfinitagoya.com.ar\/v1\/wp-content\/uploads\/2026\/03\/escuela_municipal_de_musica_don_alcides_romero_actual_ilustrac-1.jpg","type":"image\/jpeg"}],"author":"Jorge Mi\u00f1o","twitter_card":"summary_large_image","twitter_misc":{"Escrito por":"Jorge Mi\u00f1o","Tiempo de lectura":"2 minutos"},"schema":{"@context":"https:\/\/schema.org","@graph":[{"@type":"Article","@id":"https:\/\/radioinfinitagoya.com.ar\/v1\/2026\/03\/13\/48-anos-de-la-escuela-municipal-de-musica-don-alcides-romero\/#article","isPartOf":{"@id":"https:\/\/radioinfinitagoya.com.ar\/v1\/2026\/03\/13\/48-anos-de-la-escuela-municipal-de-musica-don-alcides-romero\/"},"author":{"name":"Jorge Mi\u00f1o","@id":"https:\/\/radioinfinitagoya.com.ar\/v1\/#\/schema\/person\/d4cf9c413d4f6edb24aabdccab49ca4a"},"headline":"48 a\u00f1os de la Escuela Municipal de M\u00fasica &#8220;Don Alcides Romero&#8221;","datePublished":"2026-03-13T19:07:24+00:00","dateModified":"2026-03-13T19:32:56+00:00","mainEntityOfPage":{"@id":"https:\/\/radioinfinitagoya.com.ar\/v1\/2026\/03\/13\/48-anos-de-la-escuela-municipal-de-musica-don-alcides-romero\/"},"wordCount":446,"commentCount":0,"publisher":{"@id":"https:\/\/radioinfinitagoya.com.ar\/v1\/#organization"},"image":{"@id":"https:\/\/radioinfinitagoya.com.ar\/v1\/2026\/03\/13\/48-anos-de-la-escuela-municipal-de-musica-don-alcides-romero\/#primaryimage"},"thumbnailUrl":"https:\/\/radioinfinitagoya.com.ar\/v1\/wp-content\/uploads\/2026\/03\/escuela_municipal_de_musica_don_alcides_romero_actual_ilustrac-1.jpg","articleSection":["LOCALES"],"inLanguage":"es-AR","potentialAction":[{"@type":"CommentAction","name":"Comment","target":["https:\/\/radioinfinitagoya.com.ar\/v1\/2026\/03\/13\/48-anos-de-la-escuela-municipal-de-musica-don-alcides-romero\/#respond"]}]},{"@type":"WebPage","@id":"https:\/\/radioinfinitagoya.com.ar\/v1\/2026\/03\/13\/48-anos-de-la-escuela-municipal-de-musica-don-alcides-romero\/","url":"https:\/\/radioinfinitagoya.com.ar\/v1\/2026\/03\/13\/48-anos-de-la-escuela-municipal-de-musica-don-alcides-romero\/","name":"48 a\u00f1os de la Escuela Municipal de M\u00fasica \"Don Alcides Romero\" - Radio Infinita Goya","isPartOf":{"@id":"https:\/\/radioinfinitagoya.com.ar\/v1\/#website"},"primaryImageOfPage":{"@id":"https:\/\/radioinfinitagoya.com.ar\/v1\/2026\/03\/13\/48-anos-de-la-escuela-municipal-de-musica-don-alcides-romero\/#primaryimage"},"image":{"@id":"https:\/\/radioinfinitagoya.com.ar\/v1\/2026\/03\/13\/48-anos-de-la-escuela-municipal-de-musica-don-alcides-romero\/#primaryimage"},"thumbnailUrl":"https:\/\/radioinfinitagoya.com.ar\/v1\/wp-content\/uploads\/2026\/03\/escuela_municipal_de_musica_don_alcides_romero_actual_ilustrac-1.jpg","datePublished":"2026-03-13T19:07:24+00:00","dateModified":"2026-03-13T19:32:56+00:00","description":"La Escuela Municipal de M\u00fasica naci\u00f3 el 13 de marzo de 1978, gracias al sue\u00f1o y la dedicaci\u00f3n de don Alcides Romero, quien crey\u00f3 profundamente en la","breadcrumb":{"@id":"https:\/\/radioinfinitagoya.com.ar\/v1\/2026\/03\/13\/48-anos-de-la-escuela-municipal-de-musica-don-alcides-romero\/#breadcrumb"},"inLanguage":"es-AR","potentialAction":[{"@type":"ReadAction","target":["https:\/\/radioinfinitagoya.com.ar\/v1\/2026\/03\/13\/48-anos-de-la-escuela-municipal-de-musica-don-alcides-romero\/"]}]},{"@type":"ImageObject","inLanguage":"es-AR","@id":"https:\/\/radioinfinitagoya.com.ar\/v1\/2026\/03\/13\/48-anos-de-la-escuela-municipal-de-musica-don-alcides-romero\/#primaryimage","url":"https:\/\/radioinfinitagoya.com.ar\/v1\/wp-content\/uploads\/2026\/03\/escuela_municipal_de_musica_don_alcides_romero_actual_ilustrac-1.jpg","contentUrl":"https:\/\/radioinfinitagoya.com.ar\/v1\/wp-content\/uploads\/2026\/03\/escuela_municipal_de_musica_don_alcides_romero_actual_ilustrac-1.jpg","width":848,"height":477},{"@type":"BreadcrumbList","@id":"https:\/\/radioinfinitagoya.com.ar\/v1\/2026\/03\/13\/48-anos-de-la-escuela-municipal-de-musica-don-alcides-romero\/#breadcrumb","itemListElement":[{"@type":"ListItem","position":1,"name":"Inicio","item":"https:\/\/radioinfinitagoya.com.ar\/v1\/"},{"@type":"ListItem","position":2,"name":"48 a\u00f1os de la Escuela Municipal de M\u00fasica &#8220;Don Alcides Romero&#8221;"}]},{"@type":"WebSite","@id":"https:\/\/radioinfinitagoya.com.ar\/v1\/#website","url":"https:\/\/radioinfinitagoya.com.ar\/v1\/","name":"radioinfinitagoya.com.ar","description":"Radio de noticias","publisher":{"@id":"https:\/\/radioinfinitagoya.com.ar\/v1\/#organization"},"potentialAction":[{"@type":"SearchAction","target":{"@type":"EntryPoint","urlTemplate":"https:\/\/radioinfinitagoya.com.ar\/v1\/?s={search_term_string}"},"query-input":{"@type":"PropertyValueSpecification","valueRequired":true,"valueName":"search_term_string"}}],"inLanguage":"es-AR"},{"@type":"Organization","@id":"https:\/\/radioinfinitagoya.com.ar\/v1\/#organization","name":"Radio Infinita Goya","url":"https:\/\/radioinfinitagoya.com.ar\/v1\/","logo":{"@type":"ImageObject","inLanguage":"es-AR","@id":"https:\/\/radioinfinitagoya.com.ar\/v1\/#\/schema\/logo\/image\/","url":"https:\/\/radioinfinitagoya.com.ar\/v1\/wp-content\/uploads\/2019\/11\/logo-pie-web.png","contentUrl":"https:\/\/radioinfinitagoya.com.ar\/v1\/wp-content\/uploads\/2019\/11\/logo-pie-web.png","width":635,"height":326,"caption":"Radio Infinita Goya"},"image":{"@id":"https:\/\/radioinfinitagoya.com.ar\/v1\/#\/schema\/logo\/image\/"},"sameAs":["https:\/\/www.facebook.com\/p\/Infinita-Goya-100063870918311\/"]},{"@type":"Person","@id":"https:\/\/radioinfinitagoya.com.ar\/v1\/#\/schema\/person\/d4cf9c413d4f6edb24aabdccab49ca4a","name":"Jorge Mi\u00f1o","image":{"@type":"ImageObject","inLanguage":"es-AR","@id":"https:\/\/secure.gravatar.com\/avatar\/910fcf6728fe95320e07a6643c1581fec1c7fc4bf8ae12e3d8f0d0373dc844be?s=96&d=mm&r=g","url":"https:\/\/secure.gravatar.com\/avatar\/910fcf6728fe95320e07a6643c1581fec1c7fc4bf8ae12e3d8f0d0373dc844be?s=96&d=mm&r=g","contentUrl":"https:\/\/secure.gravatar.com\/avatar\/910fcf6728fe95320e07a6643c1581fec1c7fc4bf8ae12e3d8f0d0373dc844be?s=96&d=mm&r=g","caption":"Jorge Mi\u00f1o"},"sameAs":["http:\/\/radioinfinitagoya.com.ar"]}]}},"_links":{"self":[{"href":"https:\/\/radioinfinitagoya.com.ar\/v1\/wp-json\/wp\/v2\/posts\/210121","targetHints":{"allow":["GET"]}}],"collection":[{"href":"https:\/\/radioinfinitagoya.com.ar\/v1\/wp-json\/wp\/v2\/posts"}],"about":[{"href":"https:\/\/radioinfinitagoya.com.ar\/v1\/wp-json\/wp\/v2\/types\/post"}],"author":[{"embeddable":true,"href":"https:\/\/radioinfinitagoya.com.ar\/v1\/wp-json\/wp\/v2\/users\/4"}],"replies":[{"embeddable":true,"href":"https:\/\/radioinfinitagoya.com.ar\/v1\/wp-json\/wp\/v2\/comments?post=210121"}],"version-history":[{"count":0,"href":"https:\/\/radioinfinitagoya.com.ar\/v1\/wp-json\/wp\/v2\/posts\/210121\/revisions"}],"wp:featuredmedia":[{"embeddable":true,"href":"https:\/\/radioinfinitagoya.com.ar\/v1\/wp-json\/wp\/v2\/media\/210145"}],"wp:attachment":[{"href":"https:\/\/radioinfinitagoya.com.ar\/v1\/wp-json\/wp\/v2\/media?parent=210121"}],"wp:term":[{"taxonomy":"category","embeddable":true,"href":"https:\/\/radioinfinitagoya.com.ar\/v1\/wp-json\/wp\/v2\/categories?post=210121"},{"taxonomy":"post_tag","embeddable":true,"href":"https:\/\/radioinfinitagoya.com.ar\/v1\/wp-json\/wp\/v2\/tags?post=210121"}],"curies":[{"name":"wp","href":"https:\/\/api.w.org\/{rel}","templated":true}]}}