{"id":210124,"date":"2026-03-13T16:09:10","date_gmt":"2026-03-13T19:09:10","guid":{"rendered":"https:\/\/radioinfinitagoya.com.ar\/v1\/?p=210124"},"modified":"2026-03-13T16:09:10","modified_gmt":"2026-03-13T19:09:10","slug":"el-intendente-impulsa-la-inclusion-digital","status":"publish","type":"post","link":"https:\/\/radioinfinitagoya.com.ar\/v1\/2026\/03\/13\/el-intendente-impulsa-la-inclusion-digital\/","title":{"rendered":"El Intendente impulsa la inclusi\u00f3n digital"},"content":{"rendered":"<p>Planificaci\u00f3n de la continuidad del Programa \u201cMayor Conectividad\u201d<\/p>\n<p>En una reuni\u00f3n estrat\u00e9gica celebrada en la Usina del Conocimiento, la Secretar\u00eda de Modernizaci\u00f3n y la Direcci\u00f3n de Fortalecimiento Familiar coordinaron las acciones para el ciclo 2026 de alfabetizaci\u00f3n digital destinada a adultos mayores.<\/p>\n<p>La gesti\u00f3n municipal del Intendente Dr. Mariano Hormaechea contin\u00faa fortaleciendo sus pilares de Modernizaci\u00f3n, Inclusi\u00f3n y Desarrollo. En este marco, este jueves 12 de marzo se llev\u00f3 adelante un encuentro clave para delinear la hoja de ruta del programa \u201cMayor Conectividad\u201d, una iniciativa que busca reducir la brecha digital y empoderar a los ciudadanos adultos mayores.<\/p>\n<p>El programa es el resultado de un intenso trabajo articulado entre la Secretar\u00eda de Modernizaci\u00f3n, Innovaci\u00f3n y Desarrollo Tecnol\u00f3gico, liderada por el Cr. Andr\u00e9s Zajarevich, y la Direcci\u00f3n de Fortalecimiento Familiar, a cargo de Sylvina Ram\u00edrez. Ambas \u00e1reas coinciden en que la modernizaci\u00f3n del Estado s\u00f3lo es efectiva cuando llega a todos los sectores de la sociedad, transformando la tecnolog\u00eda en una herramienta de cercan\u00eda y autonom\u00eda.<\/p>\n<p>Alfabetizaci\u00f3n y autonom\u00eda.<\/p>\n<p>Durante la reuni\u00f3n, se ultimaron detalles para el inicio de los talleres de alfabetizaci\u00f3n digital. La propuesta busca que los adultos mayores de nuestra ciudad, adquieran habilidades en el uso de dispositivos m\u00f3viles y computadoras, permiti\u00e9ndoles realizar tr\u00e1mites, comunicarse y navegar de forma segura y con total confianza.<\/p>\n<p>\u201cBajo la visi\u00f3n estrat\u00e9gica del intendente Hormaechea, se entiende que el desarrollo de Goya s\u00f3lo es completo si es inclusivo. \u201cMayor Conectividad\u201d no es solo un curso, es una pol\u00edtica p\u00fablica que garantiza que nuestros mayores sean protagonistas de la ciudad moderna que estamos construyendo juntos\u201d, destacaron desde la organizaci\u00f3n.<\/p>\n<p>Con esta acci\u00f3n, la Municipalidad de Goya reafirma su compromiso de seguir invirtiendo en el capital humano y en la integraci\u00f3n tecnol\u00f3gica, consolidando un ecosistema donde la innovaci\u00f3n est\u00e1 al servicio de la gente.<\/p>\n<p>Direcci\u00f3n de Prensa &#8211; Municipalidad de Goya<\/p>\n<p>Planificaci\u00f3n de la continuidad del Programa \u201cMayor Conectividad\u201d<\/p>\n<p>En una reuni\u00f3n estrat\u00e9gica celebrada en la Usina del Conocimiento, la Secretar\u00eda de Modernizaci\u00f3n y la Direcci\u00f3n de Fortalecimiento Familiar coordinaron las acciones para el ciclo 2026 de alfabetizaci\u00f3n digital destinada a adultos mayores.<\/p>\n<p>La gesti\u00f3n municipal del Intendente Dr. Mariano Hormaechea contin\u00faa fortaleciendo sus pilares de Modernizaci\u00f3n, Inclusi\u00f3n y Desarrollo. En este marco, este jueves 12 de marzo se llev\u00f3 adelante un encuentro clave para delinear la hoja de ruta del programa \u201cMayor Conectividad\u201d, una iniciativa que busca reducir la brecha digital y empoderar a los ciudadanos adultos mayores.<\/p>\n<p>El programa es el resultado de un intenso trabajo articulado entre la Secretar\u00eda de Modernizaci\u00f3n, Innovaci\u00f3n y Desarrollo Tecnol\u00f3gico, liderada por el Cr. Andr\u00e9s Zajarevich, y la Direcci\u00f3n de Fortalecimiento Familiar, a cargo de Sylvina Ram\u00edrez. Ambas \u00e1reas coinciden en que la modernizaci\u00f3n del Estado s\u00f3lo es efectiva cuando llega a todos los sectores de la sociedad, transformando la tecnolog\u00eda en una herramienta de cercan\u00eda y autonom\u00eda.<\/p>\n<p>Alfabetizaci\u00f3n y autonom\u00eda.<\/p>\n<p>Durante la reuni\u00f3n, se ultimaron detalles para el inicio de los talleres de alfabetizaci\u00f3n digital. La propuesta busca que los adultos mayores de nuestra ciudad, adquieran habilidades en el uso de dispositivos m\u00f3viles y computadoras, permiti\u00e9ndoles realizar tr\u00e1mites, comunicarse y navegar de forma segura y con total confianza.<\/p>\n<p>\u201cBajo la visi\u00f3n estrat\u00e9gica del intendente Hormaechea, se entiende que el desarrollo de Goya s\u00f3lo es completo si es inclusivo. \u201cMayor Conectividad\u201d no es solo un curso, es una pol\u00edtica p\u00fablica que garantiza que nuestros mayores sean protagonistas de la ciudad moderna que estamos construyendo juntos\u201d, destacaron desde la organizaci\u00f3n.<\/p>\n<p>Con esta acci\u00f3n, la Municipalidad de Goya reafirma su compromiso de seguir invirtiendo en el capital humano y en la integraci\u00f3n tecnol\u00f3gica, consolidando un ecosistema donde la innovaci\u00f3n est\u00e1 al servicio de la gente.<\/p>\n<p>Direcci\u00f3n de Prensa &#8211; Municipalidad de Goya<\/p>\n<p>&nbsp;<\/p>\n","protected":false},"excerpt":{"rendered":"<p>Planificaci\u00f3n de la continuidad del Programa \u201cMayor Conectividad\u201d En una reuni\u00f3n estrat\u00e9gica celebrada en la Usina del Conocimiento, la Secretar\u00eda de Modernizaci\u00f3n y la Direcci\u00f3n de Fortalecimiento Familiar coordinaron las acciones para el ciclo 2026 de alfabetizaci\u00f3n digital destinada a adultos mayores. La gesti\u00f3n municipal del Intendente Dr. Mariano Hormaechea contin\u00faa fortaleciendo sus pilares de [&hellip;]<\/p>\n","protected":false},"author":4,"featured_media":210125,"comment_status":"open","ping_status":"open","sticky":false,"template":"","format":"standard","meta":{"_joinchat":[],"footnotes":""},"categories":[27],"tags":[],"class_list":{"0":"post-210124","1":"post","2":"type-post","3":"status-publish","4":"format-standard","5":"has-post-thumbnail","7":"category-locales"},"yoast_head":"<!-- This site is optimized with the Yoast SEO plugin v27.2 - https:\/\/yoast.com\/product\/yoast-seo-wordpress\/ -->\n<title>El Intendente impulsa la inclusi\u00f3n digital - Radio Infinita Goya<\/title>\n<meta name=\"description\" content=\"Planificaci\u00f3n de la continuidad del Programa \u201cMayor Conectividad\u201d En una reuni\u00f3n estrat\u00e9gica celebrada en la Usina del Conocimiento, la Secretar\u00eda de\" \/>\n<meta name=\"robots\" content=\"index, follow, max-snippet:-1, max-image-preview:large, max-video-preview:-1\" \/>\n<link rel=\"canonical\" href=\"https:\/\/radioinfinitagoya.com.ar\/v1\/2026\/03\/13\/el-intendente-impulsa-la-inclusion-digital\/\" \/>\n<meta property=\"og:locale\" content=\"es_ES\" \/>\n<meta property=\"og:type\" content=\"article\" \/>\n<meta property=\"og:title\" content=\"El Intendente impulsa la inclusi\u00f3n digital - Radio Infinita Goya\" \/>\n<meta property=\"og:description\" content=\"Planificaci\u00f3n de la continuidad del Programa \u201cMayor Conectividad\u201d En una reuni\u00f3n estrat\u00e9gica celebrada en la Usina del Conocimiento, la Secretar\u00eda de\" \/>\n<meta property=\"og:url\" content=\"https:\/\/radioinfinitagoya.com.ar\/v1\/2026\/03\/13\/el-intendente-impulsa-la-inclusion-digital\/\" \/>\n<meta property=\"og:site_name\" content=\"Radio Infinita Goya\" \/>\n<meta property=\"article:publisher\" content=\"https:\/\/www.facebook.com\/p\/Infinita-Goya-100063870918311\/\" \/>\n<meta property=\"article:published_time\" content=\"2026-03-13T19:09:10+00:00\" \/>\n<meta property=\"og:image\" content=\"https:\/\/radioinfinitagoya.com.ar\/v1\/wp-content\/uploads\/2026\/03\/foto-1.jpg\" \/>\n\t<meta property=\"og:image:width\" content=\"848\" \/>\n\t<meta property=\"og:image:height\" content=\"477\" \/>\n\t<meta property=\"og:image:type\" content=\"image\/jpeg\" \/>\n<meta name=\"author\" content=\"Jorge Mi\u00f1o\" \/>\n<meta name=\"twitter:card\" content=\"summary_large_image\" \/>\n<meta name=\"twitter:label1\" content=\"Escrito por\" \/>\n\t<meta name=\"twitter:data1\" content=\"Jorge Mi\u00f1o\" \/>\n\t<meta name=\"twitter:label2\" content=\"Tiempo de lectura\" \/>\n\t<meta name=\"twitter:data2\" content=\"4 minutos\" \/>\n<script type=\"application\/ld+json\" class=\"yoast-schema-graph\">{\"@context\":\"https:\/\/schema.org\",\"@graph\":[{\"@type\":\"Article\",\"@id\":\"https:\/\/radioinfinitagoya.com.ar\/v1\/2026\/03\/13\/el-intendente-impulsa-la-inclusion-digital\/#article\",\"isPartOf\":{\"@id\":\"https:\/\/radioinfinitagoya.com.ar\/v1\/2026\/03\/13\/el-intendente-impulsa-la-inclusion-digital\/\"},\"author\":{\"name\":\"Jorge Mi\u00f1o\",\"@id\":\"https:\/\/radioinfinitagoya.com.ar\/v1\/#\/schema\/person\/d4cf9c413d4f6edb24aabdccab49ca4a\"},\"headline\":\"El Intendente impulsa la inclusi\u00f3n digital\",\"datePublished\":\"2026-03-13T19:09:10+00:00\",\"mainEntityOfPage\":{\"@id\":\"https:\/\/radioinfinitagoya.com.ar\/v1\/2026\/03\/13\/el-intendente-impulsa-la-inclusion-digital\/\"},\"wordCount\":700,\"commentCount\":0,\"publisher\":{\"@id\":\"https:\/\/radioinfinitagoya.com.ar\/v1\/#organization\"},\"image\":{\"@id\":\"https:\/\/radioinfinitagoya.com.ar\/v1\/2026\/03\/13\/el-intendente-impulsa-la-inclusion-digital\/#primaryimage\"},\"thumbnailUrl\":\"https:\/\/radioinfinitagoya.com.ar\/v1\/wp-content\/uploads\/2026\/03\/foto-1.jpg\",\"articleSection\":[\"LOCALES\"],\"inLanguage\":\"es-AR\",\"potentialAction\":[{\"@type\":\"CommentAction\",\"name\":\"Comment\",\"target\":[\"https:\/\/radioinfinitagoya.com.ar\/v1\/2026\/03\/13\/el-intendente-impulsa-la-inclusion-digital\/#respond\"]}]},{\"@type\":\"WebPage\",\"@id\":\"https:\/\/radioinfinitagoya.com.ar\/v1\/2026\/03\/13\/el-intendente-impulsa-la-inclusion-digital\/\",\"url\":\"https:\/\/radioinfinitagoya.com.ar\/v1\/2026\/03\/13\/el-intendente-impulsa-la-inclusion-digital\/\",\"name\":\"El Intendente impulsa la inclusi\u00f3n digital - Radio Infinita Goya\",\"isPartOf\":{\"@id\":\"https:\/\/radioinfinitagoya.com.ar\/v1\/#website\"},\"primaryImageOfPage\":{\"@id\":\"https:\/\/radioinfinitagoya.com.ar\/v1\/2026\/03\/13\/el-intendente-impulsa-la-inclusion-digital\/#primaryimage\"},\"image\":{\"@id\":\"https:\/\/radioinfinitagoya.com.ar\/v1\/2026\/03\/13\/el-intendente-impulsa-la-inclusion-digital\/#primaryimage\"},\"thumbnailUrl\":\"https:\/\/radioinfinitagoya.com.ar\/v1\/wp-content\/uploads\/2026\/03\/foto-1.jpg\",\"datePublished\":\"2026-03-13T19:09:10+00:00\",\"description\":\"Planificaci\u00f3n de la continuidad del Programa \u201cMayor Conectividad\u201d En una reuni\u00f3n estrat\u00e9gica celebrada en la Usina del Conocimiento, la Secretar\u00eda de\",\"breadcrumb\":{\"@id\":\"https:\/\/radioinfinitagoya.com.ar\/v1\/2026\/03\/13\/el-intendente-impulsa-la-inclusion-digital\/#breadcrumb\"},\"inLanguage\":\"es-AR\",\"potentialAction\":[{\"@type\":\"ReadAction\",\"target\":[\"https:\/\/radioinfinitagoya.com.ar\/v1\/2026\/03\/13\/el-intendente-impulsa-la-inclusion-digital\/\"]}]},{\"@type\":\"ImageObject\",\"inLanguage\":\"es-AR\",\"@id\":\"https:\/\/radioinfinitagoya.com.ar\/v1\/2026\/03\/13\/el-intendente-impulsa-la-inclusion-digital\/#primaryimage\",\"url\":\"https:\/\/radioinfinitagoya.com.ar\/v1\/wp-content\/uploads\/2026\/03\/foto-1.jpg\",\"contentUrl\":\"https:\/\/radioinfinitagoya.com.ar\/v1\/wp-content\/uploads\/2026\/03\/foto-1.jpg\",\"width\":848,\"height\":477},{\"@type\":\"BreadcrumbList\",\"@id\":\"https:\/\/radioinfinitagoya.com.ar\/v1\/2026\/03\/13\/el-intendente-impulsa-la-inclusion-digital\/#breadcrumb\",\"itemListElement\":[{\"@type\":\"ListItem\",\"position\":1,\"name\":\"Inicio\",\"item\":\"https:\/\/radioinfinitagoya.com.ar\/v1\/\"},{\"@type\":\"ListItem\",\"position\":2,\"name\":\"El Intendente impulsa la inclusi\u00f3n digital\"}]},{\"@type\":\"WebSite\",\"@id\":\"https:\/\/radioinfinitagoya.com.ar\/v1\/#website\",\"url\":\"https:\/\/radioinfinitagoya.com.ar\/v1\/\",\"name\":\"radioinfinitagoya.com.ar\",\"description\":\"Radio de noticias\",\"publisher\":{\"@id\":\"https:\/\/radioinfinitagoya.com.ar\/v1\/#organization\"},\"potentialAction\":[{\"@type\":\"SearchAction\",\"target\":{\"@type\":\"EntryPoint\",\"urlTemplate\":\"https:\/\/radioinfinitagoya.com.ar\/v1\/?s={search_term_string}\"},\"query-input\":{\"@type\":\"PropertyValueSpecification\",\"valueRequired\":true,\"valueName\":\"search_term_string\"}}],\"inLanguage\":\"es-AR\"},{\"@type\":\"Organization\",\"@id\":\"https:\/\/radioinfinitagoya.com.ar\/v1\/#organization\",\"name\":\"Radio Infinita Goya\",\"url\":\"https:\/\/radioinfinitagoya.com.ar\/v1\/\",\"logo\":{\"@type\":\"ImageObject\",\"inLanguage\":\"es-AR\",\"@id\":\"https:\/\/radioinfinitagoya.com.ar\/v1\/#\/schema\/logo\/image\/\",\"url\":\"https:\/\/radioinfinitagoya.com.ar\/v1\/wp-content\/uploads\/2019\/11\/logo-pie-web.png\",\"contentUrl\":\"https:\/\/radioinfinitagoya.com.ar\/v1\/wp-content\/uploads\/2019\/11\/logo-pie-web.png\",\"width\":635,\"height\":326,\"caption\":\"Radio Infinita Goya\"},\"image\":{\"@id\":\"https:\/\/radioinfinitagoya.com.ar\/v1\/#\/schema\/logo\/image\/\"},\"sameAs\":[\"https:\/\/www.facebook.com\/p\/Infinita-Goya-100063870918311\/\"]},{\"@type\":\"Person\",\"@id\":\"https:\/\/radioinfinitagoya.com.ar\/v1\/#\/schema\/person\/d4cf9c413d4f6edb24aabdccab49ca4a\",\"name\":\"Jorge Mi\u00f1o\",\"image\":{\"@type\":\"ImageObject\",\"inLanguage\":\"es-AR\",\"@id\":\"https:\/\/secure.gravatar.com\/avatar\/910fcf6728fe95320e07a6643c1581fec1c7fc4bf8ae12e3d8f0d0373dc844be?s=96&d=mm&r=g\",\"url\":\"https:\/\/secure.gravatar.com\/avatar\/910fcf6728fe95320e07a6643c1581fec1c7fc4bf8ae12e3d8f0d0373dc844be?s=96&d=mm&r=g\",\"contentUrl\":\"https:\/\/secure.gravatar.com\/avatar\/910fcf6728fe95320e07a6643c1581fec1c7fc4bf8ae12e3d8f0d0373dc844be?s=96&d=mm&r=g\",\"caption\":\"Jorge Mi\u00f1o\"},\"sameAs\":[\"http:\/\/radioinfinitagoya.com.ar\"]}]}<\/script>\n<!-- \/ Yoast SEO plugin. -->","yoast_head_json":{"title":"El Intendente impulsa la inclusi\u00f3n digital - Radio Infinita Goya","description":"Planificaci\u00f3n de la continuidad del Programa \u201cMayor Conectividad\u201d En una reuni\u00f3n estrat\u00e9gica celebrada en la Usina del Conocimiento, la Secretar\u00eda de","robots":{"index":"index","follow":"follow","max-snippet":"max-snippet:-1","max-image-preview":"max-image-preview:large","max-video-preview":"max-video-preview:-1"},"canonical":"https:\/\/radioinfinitagoya.com.ar\/v1\/2026\/03\/13\/el-intendente-impulsa-la-inclusion-digital\/","og_locale":"es_ES","og_type":"article","og_title":"El Intendente impulsa la inclusi\u00f3n digital - Radio Infinita Goya","og_description":"Planificaci\u00f3n de la continuidad del Programa \u201cMayor Conectividad\u201d En una reuni\u00f3n estrat\u00e9gica celebrada en la Usina del Conocimiento, la Secretar\u00eda de","og_url":"https:\/\/radioinfinitagoya.com.ar\/v1\/2026\/03\/13\/el-intendente-impulsa-la-inclusion-digital\/","og_site_name":"Radio Infinita Goya","article_publisher":"https:\/\/www.facebook.com\/p\/Infinita-Goya-100063870918311\/","article_published_time":"2026-03-13T19:09:10+00:00","og_image":[{"width":848,"height":477,"url":"https:\/\/radioinfinitagoya.com.ar\/v1\/wp-content\/uploads\/2026\/03\/foto-1.jpg","type":"image\/jpeg"}],"author":"Jorge Mi\u00f1o","twitter_card":"summary_large_image","twitter_misc":{"Escrito por":"Jorge Mi\u00f1o","Tiempo de lectura":"4 minutos"},"schema":{"@context":"https:\/\/schema.org","@graph":[{"@type":"Article","@id":"https:\/\/radioinfinitagoya.com.ar\/v1\/2026\/03\/13\/el-intendente-impulsa-la-inclusion-digital\/#article","isPartOf":{"@id":"https:\/\/radioinfinitagoya.com.ar\/v1\/2026\/03\/13\/el-intendente-impulsa-la-inclusion-digital\/"},"author":{"name":"Jorge Mi\u00f1o","@id":"https:\/\/radioinfinitagoya.com.ar\/v1\/#\/schema\/person\/d4cf9c413d4f6edb24aabdccab49ca4a"},"headline":"El Intendente impulsa la inclusi\u00f3n digital","datePublished":"2026-03-13T19:09:10+00:00","mainEntityOfPage":{"@id":"https:\/\/radioinfinitagoya.com.ar\/v1\/2026\/03\/13\/el-intendente-impulsa-la-inclusion-digital\/"},"wordCount":700,"commentCount":0,"publisher":{"@id":"https:\/\/radioinfinitagoya.com.ar\/v1\/#organization"},"image":{"@id":"https:\/\/radioinfinitagoya.com.ar\/v1\/2026\/03\/13\/el-intendente-impulsa-la-inclusion-digital\/#primaryimage"},"thumbnailUrl":"https:\/\/radioinfinitagoya.com.ar\/v1\/wp-content\/uploads\/2026\/03\/foto-1.jpg","articleSection":["LOCALES"],"inLanguage":"es-AR","potentialAction":[{"@type":"CommentAction","name":"Comment","target":["https:\/\/radioinfinitagoya.com.ar\/v1\/2026\/03\/13\/el-intendente-impulsa-la-inclusion-digital\/#respond"]}]},{"@type":"WebPage","@id":"https:\/\/radioinfinitagoya.com.ar\/v1\/2026\/03\/13\/el-intendente-impulsa-la-inclusion-digital\/","url":"https:\/\/radioinfinitagoya.com.ar\/v1\/2026\/03\/13\/el-intendente-impulsa-la-inclusion-digital\/","name":"El Intendente impulsa la inclusi\u00f3n digital - Radio Infinita Goya","isPartOf":{"@id":"https:\/\/radioinfinitagoya.com.ar\/v1\/#website"},"primaryImageOfPage":{"@id":"https:\/\/radioinfinitagoya.com.ar\/v1\/2026\/03\/13\/el-intendente-impulsa-la-inclusion-digital\/#primaryimage"},"image":{"@id":"https:\/\/radioinfinitagoya.com.ar\/v1\/2026\/03\/13\/el-intendente-impulsa-la-inclusion-digital\/#primaryimage"},"thumbnailUrl":"https:\/\/radioinfinitagoya.com.ar\/v1\/wp-content\/uploads\/2026\/03\/foto-1.jpg","datePublished":"2026-03-13T19:09:10+00:00","description":"Planificaci\u00f3n de la continuidad del Programa \u201cMayor Conectividad\u201d En una reuni\u00f3n estrat\u00e9gica celebrada en la Usina del Conocimiento, la Secretar\u00eda de","breadcrumb":{"@id":"https:\/\/radioinfinitagoya.com.ar\/v1\/2026\/03\/13\/el-intendente-impulsa-la-inclusion-digital\/#breadcrumb"},"inLanguage":"es-AR","potentialAction":[{"@type":"ReadAction","target":["https:\/\/radioinfinitagoya.com.ar\/v1\/2026\/03\/13\/el-intendente-impulsa-la-inclusion-digital\/"]}]},{"@type":"ImageObject","inLanguage":"es-AR","@id":"https:\/\/radioinfinitagoya.com.ar\/v1\/2026\/03\/13\/el-intendente-impulsa-la-inclusion-digital\/#primaryimage","url":"https:\/\/radioinfinitagoya.com.ar\/v1\/wp-content\/uploads\/2026\/03\/foto-1.jpg","contentUrl":"https:\/\/radioinfinitagoya.com.ar\/v1\/wp-content\/uploads\/2026\/03\/foto-1.jpg","width":848,"height":477},{"@type":"BreadcrumbList","@id":"https:\/\/radioinfinitagoya.com.ar\/v1\/2026\/03\/13\/el-intendente-impulsa-la-inclusion-digital\/#breadcrumb","itemListElement":[{"@type":"ListItem","position":1,"name":"Inicio","item":"https:\/\/radioinfinitagoya.com.ar\/v1\/"},{"@type":"ListItem","position":2,"name":"El Intendente impulsa la inclusi\u00f3n digital"}]},{"@type":"WebSite","@id":"https:\/\/radioinfinitagoya.com.ar\/v1\/#website","url":"https:\/\/radioinfinitagoya.com.ar\/v1\/","name":"radioinfinitagoya.com.ar","description":"Radio de noticias","publisher":{"@id":"https:\/\/radioinfinitagoya.com.ar\/v1\/#organization"},"potentialAction":[{"@type":"SearchAction","target":{"@type":"EntryPoint","urlTemplate":"https:\/\/radioinfinitagoya.com.ar\/v1\/?s={search_term_string}"},"query-input":{"@type":"PropertyValueSpecification","valueRequired":true,"valueName":"search_term_string"}}],"inLanguage":"es-AR"},{"@type":"Organization","@id":"https:\/\/radioinfinitagoya.com.ar\/v1\/#organization","name":"Radio Infinita Goya","url":"https:\/\/radioinfinitagoya.com.ar\/v1\/","logo":{"@type":"ImageObject","inLanguage":"es-AR","@id":"https:\/\/radioinfinitagoya.com.ar\/v1\/#\/schema\/logo\/image\/","url":"https:\/\/radioinfinitagoya.com.ar\/v1\/wp-content\/uploads\/2019\/11\/logo-pie-web.png","contentUrl":"https:\/\/radioinfinitagoya.com.ar\/v1\/wp-content\/uploads\/2019\/11\/logo-pie-web.png","width":635,"height":326,"caption":"Radio Infinita Goya"},"image":{"@id":"https:\/\/radioinfinitagoya.com.ar\/v1\/#\/schema\/logo\/image\/"},"sameAs":["https:\/\/www.facebook.com\/p\/Infinita-Goya-100063870918311\/"]},{"@type":"Person","@id":"https:\/\/radioinfinitagoya.com.ar\/v1\/#\/schema\/person\/d4cf9c413d4f6edb24aabdccab49ca4a","name":"Jorge Mi\u00f1o","image":{"@type":"ImageObject","inLanguage":"es-AR","@id":"https:\/\/secure.gravatar.com\/avatar\/910fcf6728fe95320e07a6643c1581fec1c7fc4bf8ae12e3d8f0d0373dc844be?s=96&d=mm&r=g","url":"https:\/\/secure.gravatar.com\/avatar\/910fcf6728fe95320e07a6643c1581fec1c7fc4bf8ae12e3d8f0d0373dc844be?s=96&d=mm&r=g","contentUrl":"https:\/\/secure.gravatar.com\/avatar\/910fcf6728fe95320e07a6643c1581fec1c7fc4bf8ae12e3d8f0d0373dc844be?s=96&d=mm&r=g","caption":"Jorge Mi\u00f1o"},"sameAs":["http:\/\/radioinfinitagoya.com.ar"]}]}},"_links":{"self":[{"href":"https:\/\/radioinfinitagoya.com.ar\/v1\/wp-json\/wp\/v2\/posts\/210124","targetHints":{"allow":["GET"]}}],"collection":[{"href":"https:\/\/radioinfinitagoya.com.ar\/v1\/wp-json\/wp\/v2\/posts"}],"about":[{"href":"https:\/\/radioinfinitagoya.com.ar\/v1\/wp-json\/wp\/v2\/types\/post"}],"author":[{"embeddable":true,"href":"https:\/\/radioinfinitagoya.com.ar\/v1\/wp-json\/wp\/v2\/users\/4"}],"replies":[{"embeddable":true,"href":"https:\/\/radioinfinitagoya.com.ar\/v1\/wp-json\/wp\/v2\/comments?post=210124"}],"version-history":[{"count":0,"href":"https:\/\/radioinfinitagoya.com.ar\/v1\/wp-json\/wp\/v2\/posts\/210124\/revisions"}],"wp:featuredmedia":[{"embeddable":true,"href":"https:\/\/radioinfinitagoya.com.ar\/v1\/wp-json\/wp\/v2\/media\/210125"}],"wp:attachment":[{"href":"https:\/\/radioinfinitagoya.com.ar\/v1\/wp-json\/wp\/v2\/media?parent=210124"}],"wp:term":[{"taxonomy":"category","embeddable":true,"href":"https:\/\/radioinfinitagoya.com.ar\/v1\/wp-json\/wp\/v2\/categories?post=210124"},{"taxonomy":"post_tag","embeddable":true,"href":"https:\/\/radioinfinitagoya.com.ar\/v1\/wp-json\/wp\/v2\/tags?post=210124"}],"curies":[{"name":"wp","href":"https:\/\/api.w.org\/{rel}","templated":true}]}}