{"id":210133,"date":"2026-03-13T16:19:37","date_gmt":"2026-03-13T19:19:37","guid":{"rendered":"https:\/\/radioinfinitagoya.com.ar\/v1\/?p=210133"},"modified":"2026-03-13T16:19:37","modified_gmt":"2026-03-13T19:19:37","slug":"que-dijo-juan-pablo-valdes-tras-su-viaje-a-eeuu-en-busca-de-inversiones","status":"publish","type":"post","link":"https:\/\/radioinfinitagoya.com.ar\/v1\/2026\/03\/13\/que-dijo-juan-pablo-valdes-tras-su-viaje-a-eeuu-en-busca-de-inversiones\/","title":{"rendered":"Qu\u00e9 dijo Juan Pablo Vald\u00e9s tras su viaje a EEUU en busca de inversiones"},"content":{"rendered":"<p>El mandatario se expres\u00f3 en redes sociales.<\/p>\n<p>El Gobernador de Corrientes, Juan Pablo Vald\u00e9s, puso el acento en las oportunidades de inversi\u00f3n energ\u00e9tica que ofrece la Corrientes, al expresar una serie de conceptos con los que cerr\u00f3 su participaci\u00f3n en &#8220;Argentina Week&#8221; en Estados Unidos.<\/p>\n<p>Desde Nueva York, el mandatario correntino ofreci\u00f3 su perspectiva a trav\u00e9s de sus cuentas en redes sociales, donde manifest\u00f3 que concluy\u00f3 el foro de inversiones internacionales &#8220;mostrando el enorme potencial de Corrientes&#8221;.<\/p>\n<p>&#8220;En un panel de gobernadores, expuse las oportunidades que se abren para nuestra producci\u00f3n e industria con el desarrollo energ\u00e9tico en la regi\u00f3n&#8221;, indic\u00f3 el gobernador.<\/p>\n<p>Y lo consider\u00f3 &#8220;clave para mejorar la competitividad, atraer inversiones y potenciar el crecimiento&#8221;.<\/p>\n<p>Se trata, dijo, de &#8220;un paso enorme para seguir generando m\u00e1s desarrollo y empleo para los correntinos&#8221;.<\/p>\n<p>Sus declaraciones se suman a una serie de consideraciones volcadas a los canales oficiales de difusi\u00f3n, donde manifest\u00f3 que una de las prioridades ser\u00e1 atraer capitales para la construcci\u00f3n de un gasoducto que unir\u00e1 a Corrientes con la provincia de Misiones, con lo que alcanzar\u00e1 a una poblaci\u00f3n superior a los dos millones de personas.<\/p>\n","protected":false},"excerpt":{"rendered":"<p>El mandatario se expres\u00f3 en redes sociales. El Gobernador de Corrientes, Juan Pablo Vald\u00e9s, puso el acento en las oportunidades de inversi\u00f3n energ\u00e9tica que ofrece la Corrientes, al expresar una serie de conceptos con los que cerr\u00f3 su participaci\u00f3n en &#8220;Argentina Week&#8221; en Estados Unidos. Desde Nueva York, el mandatario correntino ofreci\u00f3 su perspectiva a [&hellip;]<\/p>\n","protected":false},"author":4,"featured_media":210134,"comment_status":"open","ping_status":"open","sticky":false,"template":"","format":"standard","meta":{"_joinchat":[],"footnotes":""},"categories":[26],"tags":[],"class_list":{"0":"post-210133","1":"post","2":"type-post","3":"status-publish","4":"format-standard","5":"has-post-thumbnail","7":"category-provinciales"},"yoast_head":"<!-- This site is optimized with the Yoast SEO plugin v27.2 - https:\/\/yoast.com\/product\/yoast-seo-wordpress\/ -->\n<title>Qu\u00e9 dijo Juan Pablo Vald\u00e9s tras su viaje a EEUU en busca de inversiones - Radio Infinita Goya<\/title>\n<meta name=\"description\" content=\"El mandatario se expres\u00f3 en redes sociales. El Gobernador de Corrientes, Juan Pablo Vald\u00e9s, puso el acento en las oportunidades de inversi\u00f3n energ\u00e9tica\" \/>\n<meta name=\"robots\" content=\"index, follow, max-snippet:-1, max-image-preview:large, max-video-preview:-1\" \/>\n<link rel=\"canonical\" href=\"https:\/\/radioinfinitagoya.com.ar\/v1\/2026\/03\/13\/que-dijo-juan-pablo-valdes-tras-su-viaje-a-eeuu-en-busca-de-inversiones\/\" \/>\n<meta property=\"og:locale\" content=\"es_ES\" \/>\n<meta property=\"og:type\" content=\"article\" \/>\n<meta property=\"og:title\" content=\"Qu\u00e9 dijo Juan Pablo Vald\u00e9s tras su viaje a EEUU en busca de inversiones - Radio Infinita Goya\" \/>\n<meta property=\"og:description\" content=\"El mandatario se expres\u00f3 en redes sociales. El Gobernador de Corrientes, Juan Pablo Vald\u00e9s, puso el acento en las oportunidades de inversi\u00f3n energ\u00e9tica\" \/>\n<meta property=\"og:url\" content=\"https:\/\/radioinfinitagoya.com.ar\/v1\/2026\/03\/13\/que-dijo-juan-pablo-valdes-tras-su-viaje-a-eeuu-en-busca-de-inversiones\/\" \/>\n<meta property=\"og:site_name\" content=\"Radio Infinita Goya\" \/>\n<meta property=\"article:publisher\" content=\"https:\/\/www.facebook.com\/p\/Infinita-Goya-100063870918311\/\" \/>\n<meta property=\"article:published_time\" content=\"2026-03-13T19:19:37+00:00\" \/>\n<meta property=\"og:image\" content=\"https:\/\/radioinfinitagoya.com.ar\/v1\/wp-content\/uploads\/2026\/03\/4da8d7f1-e0d5-44d6-ab08-361087fa9ec3.jpg\" \/>\n\t<meta property=\"og:image:width\" content=\"883\" \/>\n\t<meta property=\"og:image:height\" content=\"669\" \/>\n\t<meta property=\"og:image:type\" content=\"image\/jpeg\" \/>\n<meta name=\"author\" content=\"Jorge Mi\u00f1o\" \/>\n<meta name=\"twitter:card\" content=\"summary_large_image\" \/>\n<meta name=\"twitter:label1\" content=\"Escrito por\" \/>\n\t<meta name=\"twitter:data1\" content=\"Jorge Mi\u00f1o\" \/>\n\t<meta name=\"twitter:label2\" content=\"Tiempo de lectura\" \/>\n\t<meta name=\"twitter:data2\" content=\"2 minutos\" \/>\n<script type=\"application\/ld+json\" class=\"yoast-schema-graph\">{\"@context\":\"https:\/\/schema.org\",\"@graph\":[{\"@type\":\"Article\",\"@id\":\"https:\/\/radioinfinitagoya.com.ar\/v1\/2026\/03\/13\/que-dijo-juan-pablo-valdes-tras-su-viaje-a-eeuu-en-busca-de-inversiones\/#article\",\"isPartOf\":{\"@id\":\"https:\/\/radioinfinitagoya.com.ar\/v1\/2026\/03\/13\/que-dijo-juan-pablo-valdes-tras-su-viaje-a-eeuu-en-busca-de-inversiones\/\"},\"author\":{\"name\":\"Jorge Mi\u00f1o\",\"@id\":\"https:\/\/radioinfinitagoya.com.ar\/v1\/#\/schema\/person\/d4cf9c413d4f6edb24aabdccab49ca4a\"},\"headline\":\"Qu\u00e9 dijo Juan Pablo Vald\u00e9s tras su viaje a EEUU en busca de inversiones\",\"datePublished\":\"2026-03-13T19:19:37+00:00\",\"mainEntityOfPage\":{\"@id\":\"https:\/\/radioinfinitagoya.com.ar\/v1\/2026\/03\/13\/que-dijo-juan-pablo-valdes-tras-su-viaje-a-eeuu-en-busca-de-inversiones\/\"},\"wordCount\":216,\"commentCount\":0,\"publisher\":{\"@id\":\"https:\/\/radioinfinitagoya.com.ar\/v1\/#organization\"},\"image\":{\"@id\":\"https:\/\/radioinfinitagoya.com.ar\/v1\/2026\/03\/13\/que-dijo-juan-pablo-valdes-tras-su-viaje-a-eeuu-en-busca-de-inversiones\/#primaryimage\"},\"thumbnailUrl\":\"https:\/\/radioinfinitagoya.com.ar\/v1\/wp-content\/uploads\/2026\/03\/4da8d7f1-e0d5-44d6-ab08-361087fa9ec3.jpg\",\"articleSection\":[\"PROVINCIALES\"],\"inLanguage\":\"es-AR\",\"potentialAction\":[{\"@type\":\"CommentAction\",\"name\":\"Comment\",\"target\":[\"https:\/\/radioinfinitagoya.com.ar\/v1\/2026\/03\/13\/que-dijo-juan-pablo-valdes-tras-su-viaje-a-eeuu-en-busca-de-inversiones\/#respond\"]}]},{\"@type\":\"WebPage\",\"@id\":\"https:\/\/radioinfinitagoya.com.ar\/v1\/2026\/03\/13\/que-dijo-juan-pablo-valdes-tras-su-viaje-a-eeuu-en-busca-de-inversiones\/\",\"url\":\"https:\/\/radioinfinitagoya.com.ar\/v1\/2026\/03\/13\/que-dijo-juan-pablo-valdes-tras-su-viaje-a-eeuu-en-busca-de-inversiones\/\",\"name\":\"Qu\u00e9 dijo Juan Pablo Vald\u00e9s tras su viaje a EEUU en busca de inversiones - Radio Infinita Goya\",\"isPartOf\":{\"@id\":\"https:\/\/radioinfinitagoya.com.ar\/v1\/#website\"},\"primaryImageOfPage\":{\"@id\":\"https:\/\/radioinfinitagoya.com.ar\/v1\/2026\/03\/13\/que-dijo-juan-pablo-valdes-tras-su-viaje-a-eeuu-en-busca-de-inversiones\/#primaryimage\"},\"image\":{\"@id\":\"https:\/\/radioinfinitagoya.com.ar\/v1\/2026\/03\/13\/que-dijo-juan-pablo-valdes-tras-su-viaje-a-eeuu-en-busca-de-inversiones\/#primaryimage\"},\"thumbnailUrl\":\"https:\/\/radioinfinitagoya.com.ar\/v1\/wp-content\/uploads\/2026\/03\/4da8d7f1-e0d5-44d6-ab08-361087fa9ec3.jpg\",\"datePublished\":\"2026-03-13T19:19:37+00:00\",\"description\":\"El mandatario se expres\u00f3 en redes sociales. El Gobernador de Corrientes, Juan Pablo Vald\u00e9s, puso el acento en las oportunidades de inversi\u00f3n energ\u00e9tica\",\"breadcrumb\":{\"@id\":\"https:\/\/radioinfinitagoya.com.ar\/v1\/2026\/03\/13\/que-dijo-juan-pablo-valdes-tras-su-viaje-a-eeuu-en-busca-de-inversiones\/#breadcrumb\"},\"inLanguage\":\"es-AR\",\"potentialAction\":[{\"@type\":\"ReadAction\",\"target\":[\"https:\/\/radioinfinitagoya.com.ar\/v1\/2026\/03\/13\/que-dijo-juan-pablo-valdes-tras-su-viaje-a-eeuu-en-busca-de-inversiones\/\"]}]},{\"@type\":\"ImageObject\",\"inLanguage\":\"es-AR\",\"@id\":\"https:\/\/radioinfinitagoya.com.ar\/v1\/2026\/03\/13\/que-dijo-juan-pablo-valdes-tras-su-viaje-a-eeuu-en-busca-de-inversiones\/#primaryimage\",\"url\":\"https:\/\/radioinfinitagoya.com.ar\/v1\/wp-content\/uploads\/2026\/03\/4da8d7f1-e0d5-44d6-ab08-361087fa9ec3.jpg\",\"contentUrl\":\"https:\/\/radioinfinitagoya.com.ar\/v1\/wp-content\/uploads\/2026\/03\/4da8d7f1-e0d5-44d6-ab08-361087fa9ec3.jpg\",\"width\":883,\"height\":669},{\"@type\":\"BreadcrumbList\",\"@id\":\"https:\/\/radioinfinitagoya.com.ar\/v1\/2026\/03\/13\/que-dijo-juan-pablo-valdes-tras-su-viaje-a-eeuu-en-busca-de-inversiones\/#breadcrumb\",\"itemListElement\":[{\"@type\":\"ListItem\",\"position\":1,\"name\":\"Inicio\",\"item\":\"https:\/\/radioinfinitagoya.com.ar\/v1\/\"},{\"@type\":\"ListItem\",\"position\":2,\"name\":\"Qu\u00e9 dijo Juan Pablo Vald\u00e9s tras su viaje a EEUU en busca de inversiones\"}]},{\"@type\":\"WebSite\",\"@id\":\"https:\/\/radioinfinitagoya.com.ar\/v1\/#website\",\"url\":\"https:\/\/radioinfinitagoya.com.ar\/v1\/\",\"name\":\"radioinfinitagoya.com.ar\",\"description\":\"Radio de noticias\",\"publisher\":{\"@id\":\"https:\/\/radioinfinitagoya.com.ar\/v1\/#organization\"},\"potentialAction\":[{\"@type\":\"SearchAction\",\"target\":{\"@type\":\"EntryPoint\",\"urlTemplate\":\"https:\/\/radioinfinitagoya.com.ar\/v1\/?s={search_term_string}\"},\"query-input\":{\"@type\":\"PropertyValueSpecification\",\"valueRequired\":true,\"valueName\":\"search_term_string\"}}],\"inLanguage\":\"es-AR\"},{\"@type\":\"Organization\",\"@id\":\"https:\/\/radioinfinitagoya.com.ar\/v1\/#organization\",\"name\":\"Radio Infinita Goya\",\"url\":\"https:\/\/radioinfinitagoya.com.ar\/v1\/\",\"logo\":{\"@type\":\"ImageObject\",\"inLanguage\":\"es-AR\",\"@id\":\"https:\/\/radioinfinitagoya.com.ar\/v1\/#\/schema\/logo\/image\/\",\"url\":\"https:\/\/radioinfinitagoya.com.ar\/v1\/wp-content\/uploads\/2019\/11\/logo-pie-web.png\",\"contentUrl\":\"https:\/\/radioinfinitagoya.com.ar\/v1\/wp-content\/uploads\/2019\/11\/logo-pie-web.png\",\"width\":635,\"height\":326,\"caption\":\"Radio Infinita Goya\"},\"image\":{\"@id\":\"https:\/\/radioinfinitagoya.com.ar\/v1\/#\/schema\/logo\/image\/\"},\"sameAs\":[\"https:\/\/www.facebook.com\/p\/Infinita-Goya-100063870918311\/\"]},{\"@type\":\"Person\",\"@id\":\"https:\/\/radioinfinitagoya.com.ar\/v1\/#\/schema\/person\/d4cf9c413d4f6edb24aabdccab49ca4a\",\"name\":\"Jorge Mi\u00f1o\",\"image\":{\"@type\":\"ImageObject\",\"inLanguage\":\"es-AR\",\"@id\":\"https:\/\/secure.gravatar.com\/avatar\/910fcf6728fe95320e07a6643c1581fec1c7fc4bf8ae12e3d8f0d0373dc844be?s=96&d=mm&r=g\",\"url\":\"https:\/\/secure.gravatar.com\/avatar\/910fcf6728fe95320e07a6643c1581fec1c7fc4bf8ae12e3d8f0d0373dc844be?s=96&d=mm&r=g\",\"contentUrl\":\"https:\/\/secure.gravatar.com\/avatar\/910fcf6728fe95320e07a6643c1581fec1c7fc4bf8ae12e3d8f0d0373dc844be?s=96&d=mm&r=g\",\"caption\":\"Jorge Mi\u00f1o\"},\"sameAs\":[\"http:\/\/radioinfinitagoya.com.ar\"]}]}<\/script>\n<!-- \/ Yoast SEO plugin. -->","yoast_head_json":{"title":"Qu\u00e9 dijo Juan Pablo Vald\u00e9s tras su viaje a EEUU en busca de inversiones - Radio Infinita Goya","description":"El mandatario se expres\u00f3 en redes sociales. El Gobernador de Corrientes, Juan Pablo Vald\u00e9s, puso el acento en las oportunidades de inversi\u00f3n energ\u00e9tica","robots":{"index":"index","follow":"follow","max-snippet":"max-snippet:-1","max-image-preview":"max-image-preview:large","max-video-preview":"max-video-preview:-1"},"canonical":"https:\/\/radioinfinitagoya.com.ar\/v1\/2026\/03\/13\/que-dijo-juan-pablo-valdes-tras-su-viaje-a-eeuu-en-busca-de-inversiones\/","og_locale":"es_ES","og_type":"article","og_title":"Qu\u00e9 dijo Juan Pablo Vald\u00e9s tras su viaje a EEUU en busca de inversiones - Radio Infinita Goya","og_description":"El mandatario se expres\u00f3 en redes sociales. El Gobernador de Corrientes, Juan Pablo Vald\u00e9s, puso el acento en las oportunidades de inversi\u00f3n energ\u00e9tica","og_url":"https:\/\/radioinfinitagoya.com.ar\/v1\/2026\/03\/13\/que-dijo-juan-pablo-valdes-tras-su-viaje-a-eeuu-en-busca-de-inversiones\/","og_site_name":"Radio Infinita Goya","article_publisher":"https:\/\/www.facebook.com\/p\/Infinita-Goya-100063870918311\/","article_published_time":"2026-03-13T19:19:37+00:00","og_image":[{"width":883,"height":669,"url":"https:\/\/radioinfinitagoya.com.ar\/v1\/wp-content\/uploads\/2026\/03\/4da8d7f1-e0d5-44d6-ab08-361087fa9ec3.jpg","type":"image\/jpeg"}],"author":"Jorge Mi\u00f1o","twitter_card":"summary_large_image","twitter_misc":{"Escrito por":"Jorge Mi\u00f1o","Tiempo de lectura":"2 minutos"},"schema":{"@context":"https:\/\/schema.org","@graph":[{"@type":"Article","@id":"https:\/\/radioinfinitagoya.com.ar\/v1\/2026\/03\/13\/que-dijo-juan-pablo-valdes-tras-su-viaje-a-eeuu-en-busca-de-inversiones\/#article","isPartOf":{"@id":"https:\/\/radioinfinitagoya.com.ar\/v1\/2026\/03\/13\/que-dijo-juan-pablo-valdes-tras-su-viaje-a-eeuu-en-busca-de-inversiones\/"},"author":{"name":"Jorge Mi\u00f1o","@id":"https:\/\/radioinfinitagoya.com.ar\/v1\/#\/schema\/person\/d4cf9c413d4f6edb24aabdccab49ca4a"},"headline":"Qu\u00e9 dijo Juan Pablo Vald\u00e9s tras su viaje a EEUU en busca de inversiones","datePublished":"2026-03-13T19:19:37+00:00","mainEntityOfPage":{"@id":"https:\/\/radioinfinitagoya.com.ar\/v1\/2026\/03\/13\/que-dijo-juan-pablo-valdes-tras-su-viaje-a-eeuu-en-busca-de-inversiones\/"},"wordCount":216,"commentCount":0,"publisher":{"@id":"https:\/\/radioinfinitagoya.com.ar\/v1\/#organization"},"image":{"@id":"https:\/\/radioinfinitagoya.com.ar\/v1\/2026\/03\/13\/que-dijo-juan-pablo-valdes-tras-su-viaje-a-eeuu-en-busca-de-inversiones\/#primaryimage"},"thumbnailUrl":"https:\/\/radioinfinitagoya.com.ar\/v1\/wp-content\/uploads\/2026\/03\/4da8d7f1-e0d5-44d6-ab08-361087fa9ec3.jpg","articleSection":["PROVINCIALES"],"inLanguage":"es-AR","potentialAction":[{"@type":"CommentAction","name":"Comment","target":["https:\/\/radioinfinitagoya.com.ar\/v1\/2026\/03\/13\/que-dijo-juan-pablo-valdes-tras-su-viaje-a-eeuu-en-busca-de-inversiones\/#respond"]}]},{"@type":"WebPage","@id":"https:\/\/radioinfinitagoya.com.ar\/v1\/2026\/03\/13\/que-dijo-juan-pablo-valdes-tras-su-viaje-a-eeuu-en-busca-de-inversiones\/","url":"https:\/\/radioinfinitagoya.com.ar\/v1\/2026\/03\/13\/que-dijo-juan-pablo-valdes-tras-su-viaje-a-eeuu-en-busca-de-inversiones\/","name":"Qu\u00e9 dijo Juan Pablo Vald\u00e9s tras su viaje a EEUU en busca de inversiones - Radio Infinita Goya","isPartOf":{"@id":"https:\/\/radioinfinitagoya.com.ar\/v1\/#website"},"primaryImageOfPage":{"@id":"https:\/\/radioinfinitagoya.com.ar\/v1\/2026\/03\/13\/que-dijo-juan-pablo-valdes-tras-su-viaje-a-eeuu-en-busca-de-inversiones\/#primaryimage"},"image":{"@id":"https:\/\/radioinfinitagoya.com.ar\/v1\/2026\/03\/13\/que-dijo-juan-pablo-valdes-tras-su-viaje-a-eeuu-en-busca-de-inversiones\/#primaryimage"},"thumbnailUrl":"https:\/\/radioinfinitagoya.com.ar\/v1\/wp-content\/uploads\/2026\/03\/4da8d7f1-e0d5-44d6-ab08-361087fa9ec3.jpg","datePublished":"2026-03-13T19:19:37+00:00","description":"El mandatario se expres\u00f3 en redes sociales. El Gobernador de Corrientes, Juan Pablo Vald\u00e9s, puso el acento en las oportunidades de inversi\u00f3n energ\u00e9tica","breadcrumb":{"@id":"https:\/\/radioinfinitagoya.com.ar\/v1\/2026\/03\/13\/que-dijo-juan-pablo-valdes-tras-su-viaje-a-eeuu-en-busca-de-inversiones\/#breadcrumb"},"inLanguage":"es-AR","potentialAction":[{"@type":"ReadAction","target":["https:\/\/radioinfinitagoya.com.ar\/v1\/2026\/03\/13\/que-dijo-juan-pablo-valdes-tras-su-viaje-a-eeuu-en-busca-de-inversiones\/"]}]},{"@type":"ImageObject","inLanguage":"es-AR","@id":"https:\/\/radioinfinitagoya.com.ar\/v1\/2026\/03\/13\/que-dijo-juan-pablo-valdes-tras-su-viaje-a-eeuu-en-busca-de-inversiones\/#primaryimage","url":"https:\/\/radioinfinitagoya.com.ar\/v1\/wp-content\/uploads\/2026\/03\/4da8d7f1-e0d5-44d6-ab08-361087fa9ec3.jpg","contentUrl":"https:\/\/radioinfinitagoya.com.ar\/v1\/wp-content\/uploads\/2026\/03\/4da8d7f1-e0d5-44d6-ab08-361087fa9ec3.jpg","width":883,"height":669},{"@type":"BreadcrumbList","@id":"https:\/\/radioinfinitagoya.com.ar\/v1\/2026\/03\/13\/que-dijo-juan-pablo-valdes-tras-su-viaje-a-eeuu-en-busca-de-inversiones\/#breadcrumb","itemListElement":[{"@type":"ListItem","position":1,"name":"Inicio","item":"https:\/\/radioinfinitagoya.com.ar\/v1\/"},{"@type":"ListItem","position":2,"name":"Qu\u00e9 dijo Juan Pablo Vald\u00e9s tras su viaje a EEUU en busca de inversiones"}]},{"@type":"WebSite","@id":"https:\/\/radioinfinitagoya.com.ar\/v1\/#website","url":"https:\/\/radioinfinitagoya.com.ar\/v1\/","name":"radioinfinitagoya.com.ar","description":"Radio de noticias","publisher":{"@id":"https:\/\/radioinfinitagoya.com.ar\/v1\/#organization"},"potentialAction":[{"@type":"SearchAction","target":{"@type":"EntryPoint","urlTemplate":"https:\/\/radioinfinitagoya.com.ar\/v1\/?s={search_term_string}"},"query-input":{"@type":"PropertyValueSpecification","valueRequired":true,"valueName":"search_term_string"}}],"inLanguage":"es-AR"},{"@type":"Organization","@id":"https:\/\/radioinfinitagoya.com.ar\/v1\/#organization","name":"Radio Infinita Goya","url":"https:\/\/radioinfinitagoya.com.ar\/v1\/","logo":{"@type":"ImageObject","inLanguage":"es-AR","@id":"https:\/\/radioinfinitagoya.com.ar\/v1\/#\/schema\/logo\/image\/","url":"https:\/\/radioinfinitagoya.com.ar\/v1\/wp-content\/uploads\/2019\/11\/logo-pie-web.png","contentUrl":"https:\/\/radioinfinitagoya.com.ar\/v1\/wp-content\/uploads\/2019\/11\/logo-pie-web.png","width":635,"height":326,"caption":"Radio Infinita Goya"},"image":{"@id":"https:\/\/radioinfinitagoya.com.ar\/v1\/#\/schema\/logo\/image\/"},"sameAs":["https:\/\/www.facebook.com\/p\/Infinita-Goya-100063870918311\/"]},{"@type":"Person","@id":"https:\/\/radioinfinitagoya.com.ar\/v1\/#\/schema\/person\/d4cf9c413d4f6edb24aabdccab49ca4a","name":"Jorge Mi\u00f1o","image":{"@type":"ImageObject","inLanguage":"es-AR","@id":"https:\/\/secure.gravatar.com\/avatar\/910fcf6728fe95320e07a6643c1581fec1c7fc4bf8ae12e3d8f0d0373dc844be?s=96&d=mm&r=g","url":"https:\/\/secure.gravatar.com\/avatar\/910fcf6728fe95320e07a6643c1581fec1c7fc4bf8ae12e3d8f0d0373dc844be?s=96&d=mm&r=g","contentUrl":"https:\/\/secure.gravatar.com\/avatar\/910fcf6728fe95320e07a6643c1581fec1c7fc4bf8ae12e3d8f0d0373dc844be?s=96&d=mm&r=g","caption":"Jorge Mi\u00f1o"},"sameAs":["http:\/\/radioinfinitagoya.com.ar"]}]}},"_links":{"self":[{"href":"https:\/\/radioinfinitagoya.com.ar\/v1\/wp-json\/wp\/v2\/posts\/210133","targetHints":{"allow":["GET"]}}],"collection":[{"href":"https:\/\/radioinfinitagoya.com.ar\/v1\/wp-json\/wp\/v2\/posts"}],"about":[{"href":"https:\/\/radioinfinitagoya.com.ar\/v1\/wp-json\/wp\/v2\/types\/post"}],"author":[{"embeddable":true,"href":"https:\/\/radioinfinitagoya.com.ar\/v1\/wp-json\/wp\/v2\/users\/4"}],"replies":[{"embeddable":true,"href":"https:\/\/radioinfinitagoya.com.ar\/v1\/wp-json\/wp\/v2\/comments?post=210133"}],"version-history":[{"count":0,"href":"https:\/\/radioinfinitagoya.com.ar\/v1\/wp-json\/wp\/v2\/posts\/210133\/revisions"}],"wp:featuredmedia":[{"embeddable":true,"href":"https:\/\/radioinfinitagoya.com.ar\/v1\/wp-json\/wp\/v2\/media\/210134"}],"wp:attachment":[{"href":"https:\/\/radioinfinitagoya.com.ar\/v1\/wp-json\/wp\/v2\/media?parent=210133"}],"wp:term":[{"taxonomy":"category","embeddable":true,"href":"https:\/\/radioinfinitagoya.com.ar\/v1\/wp-json\/wp\/v2\/categories?post=210133"},{"taxonomy":"post_tag","embeddable":true,"href":"https:\/\/radioinfinitagoya.com.ar\/v1\/wp-json\/wp\/v2\/tags?post=210133"}],"curies":[{"name":"wp","href":"https:\/\/api.w.org\/{rel}","templated":true}]}}