{"id":210139,"date":"2026-03-13T16:28:08","date_gmt":"2026-03-13T19:28:08","guid":{"rendered":"https:\/\/radioinfinitagoya.com.ar\/v1\/?p=210139"},"modified":"2026-03-13T16:28:08","modified_gmt":"2026-03-13T19:28:08","slug":"milei-y-su-mesa-politica-analizan-el-paquete-de-reformas-que-se-enviara-al-congreso","status":"publish","type":"post","link":"https:\/\/radioinfinitagoya.com.ar\/v1\/2026\/03\/13\/milei-y-su-mesa-politica-analizan-el-paquete-de-reformas-que-se-enviara-al-congreso\/","title":{"rendered":"Milei y su mesa pol\u00edtica analizan el paquete de reformas que se enviar\u00e1 al Congreso"},"content":{"rendered":"<p>Las decisiones marcar\u00e1n la din\u00e1mica que tendr\u00e1 cada sector del Gobierno, en un momento de puja de poder entre Karina Milei y Santiago Caputo.<\/p>\n<p>El Gobierno naci\u00f3nal atraviesa d\u00edas de internas pol\u00edticas por los cambios en \u00e1reas sensibles del Estado. En distintos despachos oficiales describieron el clima como \u201cca\u00f3tico\u201d. En ese contexto, se definir\u00e1 la estrategia de negociaci\u00f3n con los legisladores aliados y los gobernadores.<\/p>\n<p>En la Casa Rosada admiten que la sucesi\u00f3n de episodios recientes podr\u00eda acelerar definiciones pol\u00edticas que el oficialismo planeaba discutir m\u00e1s adelante. La disputa involucra a la secretaria general de la Presidencia, Karina Milei, y al asesor presidencial Santiago Caputo.<\/p>\n<p>Seg\u00fan fuentes del Ejecutivo, la avanzada pol\u00edtica de la hermana del presidente apunta a espacios de control que responden al entorno de Caputo. Entre ellos se mencionan la Secretar\u00eda de Inteligencia del Estado (Side), la Agencia de Recaudaci\u00f3n y Control Aduanero (Arca), la Secretar\u00eda de Legal y T\u00e9cnica, YPF y el \u00e1rea de Transporte.<\/p>\n<p>El \u00faltimo movimiento interno fue la designaci\u00f3n de Juan Bautista Mahiques como nuevo ministro de Justicia. La decisi\u00f3n incluy\u00f3 el desplazamiento de Sebasti\u00e1n Amerio como vice y gener\u00f3 impacto en el v\u00ednculo entre Javier Milei y Caputo.<\/p>\n<p>En sectores del Gobierno interpretaron el cambio como una se\u00f1al de p\u00e9rdida de influencia del asesor presidencial. \u201cFue una se\u00f1al de expulsi\u00f3n\u201d, indicaron fuentes oficiales al describir el clima dentro del Ejecutivo.<\/p>\n<p>La postura del presidente<br \/>\nSin embargo, allegados al jefe de Estado sostienen que Milei busca mantener a Caputo como estratega pol\u00edtico. En ese esquema, su rol continuar\u00eda, pero con menor incidencia directa en \u00e1reas del Estado.<\/p>\n<p>Desde el entorno de Karina Milei remarcan que este ser\u00e1 \u201cel a\u00f1o de Karina\u201d dentro del oficialismo. Tambi\u00e9n admiten que el di\u00e1logo y la coordinaci\u00f3n entre ambos sectores del Gobierno son casi inexistentes.<\/p>\n<p>Fuentes neutrales dentro de la administraci\u00f3n comparan el escenario con otras disputas internas recientes. Sostienen que el presidente intenta preservar v\u00ednculos personales, pero no logra frenar el avance pol\u00edtico de su hermana.<\/p>\n<p>La \u00fanica instancia de contacto entre las partes se produce en las reuniones de mesa pol\u00edtica. Ese espacio de coordinaci\u00f3n se retomar\u00eda la pr\u00f3xima semana.<\/p>\n<p>En paralelo, el Ejecutivo debe definir el cronograma de env\u00edo de reformas y pliegos judiciales al Congreso. Tambi\u00e9n se analiza la estrategia de negociaci\u00f3n con legisladores aliados y gobernadores. Esas decisiones influir\u00e1n en la din\u00e1mica interna del oficialismo y en la distribuci\u00f3n de poder dentro del Gobierno durante el a\u00f1o.<\/p>\n","protected":false},"excerpt":{"rendered":"<p>Las decisiones marcar\u00e1n la din\u00e1mica que tendr\u00e1 cada sector del Gobierno, en un momento de puja de poder entre Karina Milei y Santiago Caputo. El Gobierno naci\u00f3nal atraviesa d\u00edas de internas pol\u00edticas por los cambios en \u00e1reas sensibles del Estado. En distintos despachos oficiales describieron el clima como \u201cca\u00f3tico\u201d. En ese contexto, se definir\u00e1 la [&hellip;]<\/p>\n","protected":false},"author":4,"featured_media":210140,"comment_status":"open","ping_status":"open","sticky":false,"template":"","format":"standard","meta":{"_joinchat":[],"footnotes":""},"categories":[29],"tags":[],"class_list":{"0":"post-210139","1":"post","2":"type-post","3":"status-publish","4":"format-standard","5":"has-post-thumbnail","7":"category-nacionales"},"yoast_head":"<!-- This site is optimized with the Yoast SEO plugin v27.2 - https:\/\/yoast.com\/product\/yoast-seo-wordpress\/ -->\n<title>Milei y su mesa pol\u00edtica analizan el paquete de reformas que se enviar\u00e1 al Congreso - Radio Infinita Goya<\/title>\n<meta name=\"description\" content=\"Las decisiones marcar\u00e1n la din\u00e1mica que tendr\u00e1 cada sector del Gobierno, en un momento de puja de poder entre Karina Milei y Santiago Caputo. El Gobierno\" \/>\n<meta name=\"robots\" content=\"index, follow, max-snippet:-1, max-image-preview:large, max-video-preview:-1\" \/>\n<link rel=\"canonical\" href=\"https:\/\/radioinfinitagoya.com.ar\/v1\/2026\/03\/13\/milei-y-su-mesa-politica-analizan-el-paquete-de-reformas-que-se-enviara-al-congreso\/\" \/>\n<meta property=\"og:locale\" content=\"es_ES\" \/>\n<meta property=\"og:type\" content=\"article\" \/>\n<meta property=\"og:title\" content=\"Milei y su mesa pol\u00edtica analizan el paquete de reformas que se enviar\u00e1 al Congreso - Radio Infinita Goya\" \/>\n<meta property=\"og:description\" content=\"Las decisiones marcar\u00e1n la din\u00e1mica que tendr\u00e1 cada sector del Gobierno, en un momento de puja de poder entre Karina Milei y Santiago Caputo. El Gobierno\" \/>\n<meta property=\"og:url\" content=\"https:\/\/radioinfinitagoya.com.ar\/v1\/2026\/03\/13\/milei-y-su-mesa-politica-analizan-el-paquete-de-reformas-que-se-enviara-al-congreso\/\" \/>\n<meta property=\"og:site_name\" content=\"Radio Infinita Goya\" \/>\n<meta property=\"article:publisher\" content=\"https:\/\/www.facebook.com\/p\/Infinita-Goya-100063870918311\/\" \/>\n<meta property=\"article:published_time\" content=\"2026-03-13T19:28:08+00:00\" \/>\n<meta property=\"og:image\" content=\"https:\/\/radioinfinitagoya.com.ar\/v1\/wp-content\/uploads\/2026\/03\/HC6qebbXMAAzxsj.jpg\" \/>\n\t<meta property=\"og:image:width\" content=\"680\" \/>\n\t<meta property=\"og:image:height\" content=\"383\" \/>\n\t<meta property=\"og:image:type\" content=\"image\/jpeg\" \/>\n<meta name=\"author\" content=\"Jorge Mi\u00f1o\" \/>\n<meta name=\"twitter:card\" content=\"summary_large_image\" \/>\n<meta name=\"twitter:label1\" content=\"Escrito por\" \/>\n\t<meta name=\"twitter:data1\" content=\"Jorge Mi\u00f1o\" \/>\n\t<meta name=\"twitter:label2\" content=\"Tiempo de lectura\" \/>\n\t<meta name=\"twitter:data2\" content=\"3 minutos\" \/>\n<script type=\"application\/ld+json\" class=\"yoast-schema-graph\">{\"@context\":\"https:\/\/schema.org\",\"@graph\":[{\"@type\":\"Article\",\"@id\":\"https:\/\/radioinfinitagoya.com.ar\/v1\/2026\/03\/13\/milei-y-su-mesa-politica-analizan-el-paquete-de-reformas-que-se-enviara-al-congreso\/#article\",\"isPartOf\":{\"@id\":\"https:\/\/radioinfinitagoya.com.ar\/v1\/2026\/03\/13\/milei-y-su-mesa-politica-analizan-el-paquete-de-reformas-que-se-enviara-al-congreso\/\"},\"author\":{\"name\":\"Jorge Mi\u00f1o\",\"@id\":\"https:\/\/radioinfinitagoya.com.ar\/v1\/#\/schema\/person\/d4cf9c413d4f6edb24aabdccab49ca4a\"},\"headline\":\"Milei y su mesa pol\u00edtica analizan el paquete de reformas que se enviar\u00e1 al Congreso\",\"datePublished\":\"2026-03-13T19:28:08+00:00\",\"mainEntityOfPage\":{\"@id\":\"https:\/\/radioinfinitagoya.com.ar\/v1\/2026\/03\/13\/milei-y-su-mesa-politica-analizan-el-paquete-de-reformas-que-se-enviara-al-congreso\/\"},\"wordCount\":465,\"commentCount\":0,\"publisher\":{\"@id\":\"https:\/\/radioinfinitagoya.com.ar\/v1\/#organization\"},\"image\":{\"@id\":\"https:\/\/radioinfinitagoya.com.ar\/v1\/2026\/03\/13\/milei-y-su-mesa-politica-analizan-el-paquete-de-reformas-que-se-enviara-al-congreso\/#primaryimage\"},\"thumbnailUrl\":\"https:\/\/radioinfinitagoya.com.ar\/v1\/wp-content\/uploads\/2026\/03\/HC6qebbXMAAzxsj.jpg\",\"articleSection\":[\"NACIONALES\"],\"inLanguage\":\"es-AR\",\"potentialAction\":[{\"@type\":\"CommentAction\",\"name\":\"Comment\",\"target\":[\"https:\/\/radioinfinitagoya.com.ar\/v1\/2026\/03\/13\/milei-y-su-mesa-politica-analizan-el-paquete-de-reformas-que-se-enviara-al-congreso\/#respond\"]}]},{\"@type\":\"WebPage\",\"@id\":\"https:\/\/radioinfinitagoya.com.ar\/v1\/2026\/03\/13\/milei-y-su-mesa-politica-analizan-el-paquete-de-reformas-que-se-enviara-al-congreso\/\",\"url\":\"https:\/\/radioinfinitagoya.com.ar\/v1\/2026\/03\/13\/milei-y-su-mesa-politica-analizan-el-paquete-de-reformas-que-se-enviara-al-congreso\/\",\"name\":\"Milei y su mesa pol\u00edtica analizan el paquete de reformas que se enviar\u00e1 al Congreso - Radio Infinita Goya\",\"isPartOf\":{\"@id\":\"https:\/\/radioinfinitagoya.com.ar\/v1\/#website\"},\"primaryImageOfPage\":{\"@id\":\"https:\/\/radioinfinitagoya.com.ar\/v1\/2026\/03\/13\/milei-y-su-mesa-politica-analizan-el-paquete-de-reformas-que-se-enviara-al-congreso\/#primaryimage\"},\"image\":{\"@id\":\"https:\/\/radioinfinitagoya.com.ar\/v1\/2026\/03\/13\/milei-y-su-mesa-politica-analizan-el-paquete-de-reformas-que-se-enviara-al-congreso\/#primaryimage\"},\"thumbnailUrl\":\"https:\/\/radioinfinitagoya.com.ar\/v1\/wp-content\/uploads\/2026\/03\/HC6qebbXMAAzxsj.jpg\",\"datePublished\":\"2026-03-13T19:28:08+00:00\",\"description\":\"Las decisiones marcar\u00e1n la din\u00e1mica que tendr\u00e1 cada sector del Gobierno, en un momento de puja de poder entre Karina Milei y Santiago Caputo. El Gobierno\",\"breadcrumb\":{\"@id\":\"https:\/\/radioinfinitagoya.com.ar\/v1\/2026\/03\/13\/milei-y-su-mesa-politica-analizan-el-paquete-de-reformas-que-se-enviara-al-congreso\/#breadcrumb\"},\"inLanguage\":\"es-AR\",\"potentialAction\":[{\"@type\":\"ReadAction\",\"target\":[\"https:\/\/radioinfinitagoya.com.ar\/v1\/2026\/03\/13\/milei-y-su-mesa-politica-analizan-el-paquete-de-reformas-que-se-enviara-al-congreso\/\"]}]},{\"@type\":\"ImageObject\",\"inLanguage\":\"es-AR\",\"@id\":\"https:\/\/radioinfinitagoya.com.ar\/v1\/2026\/03\/13\/milei-y-su-mesa-politica-analizan-el-paquete-de-reformas-que-se-enviara-al-congreso\/#primaryimage\",\"url\":\"https:\/\/radioinfinitagoya.com.ar\/v1\/wp-content\/uploads\/2026\/03\/HC6qebbXMAAzxsj.jpg\",\"contentUrl\":\"https:\/\/radioinfinitagoya.com.ar\/v1\/wp-content\/uploads\/2026\/03\/HC6qebbXMAAzxsj.jpg\",\"width\":680,\"height\":383},{\"@type\":\"BreadcrumbList\",\"@id\":\"https:\/\/radioinfinitagoya.com.ar\/v1\/2026\/03\/13\/milei-y-su-mesa-politica-analizan-el-paquete-de-reformas-que-se-enviara-al-congreso\/#breadcrumb\",\"itemListElement\":[{\"@type\":\"ListItem\",\"position\":1,\"name\":\"Inicio\",\"item\":\"https:\/\/radioinfinitagoya.com.ar\/v1\/\"},{\"@type\":\"ListItem\",\"position\":2,\"name\":\"Milei y su mesa pol\u00edtica analizan el paquete de reformas que se enviar\u00e1 al Congreso\"}]},{\"@type\":\"WebSite\",\"@id\":\"https:\/\/radioinfinitagoya.com.ar\/v1\/#website\",\"url\":\"https:\/\/radioinfinitagoya.com.ar\/v1\/\",\"name\":\"radioinfinitagoya.com.ar\",\"description\":\"Radio de noticias\",\"publisher\":{\"@id\":\"https:\/\/radioinfinitagoya.com.ar\/v1\/#organization\"},\"potentialAction\":[{\"@type\":\"SearchAction\",\"target\":{\"@type\":\"EntryPoint\",\"urlTemplate\":\"https:\/\/radioinfinitagoya.com.ar\/v1\/?s={search_term_string}\"},\"query-input\":{\"@type\":\"PropertyValueSpecification\",\"valueRequired\":true,\"valueName\":\"search_term_string\"}}],\"inLanguage\":\"es-AR\"},{\"@type\":\"Organization\",\"@id\":\"https:\/\/radioinfinitagoya.com.ar\/v1\/#organization\",\"name\":\"Radio Infinita Goya\",\"url\":\"https:\/\/radioinfinitagoya.com.ar\/v1\/\",\"logo\":{\"@type\":\"ImageObject\",\"inLanguage\":\"es-AR\",\"@id\":\"https:\/\/radioinfinitagoya.com.ar\/v1\/#\/schema\/logo\/image\/\",\"url\":\"https:\/\/radioinfinitagoya.com.ar\/v1\/wp-content\/uploads\/2019\/11\/logo-pie-web.png\",\"contentUrl\":\"https:\/\/radioinfinitagoya.com.ar\/v1\/wp-content\/uploads\/2019\/11\/logo-pie-web.png\",\"width\":635,\"height\":326,\"caption\":\"Radio Infinita Goya\"},\"image\":{\"@id\":\"https:\/\/radioinfinitagoya.com.ar\/v1\/#\/schema\/logo\/image\/\"},\"sameAs\":[\"https:\/\/www.facebook.com\/p\/Infinita-Goya-100063870918311\/\"]},{\"@type\":\"Person\",\"@id\":\"https:\/\/radioinfinitagoya.com.ar\/v1\/#\/schema\/person\/d4cf9c413d4f6edb24aabdccab49ca4a\",\"name\":\"Jorge Mi\u00f1o\",\"image\":{\"@type\":\"ImageObject\",\"inLanguage\":\"es-AR\",\"@id\":\"https:\/\/secure.gravatar.com\/avatar\/910fcf6728fe95320e07a6643c1581fec1c7fc4bf8ae12e3d8f0d0373dc844be?s=96&d=mm&r=g\",\"url\":\"https:\/\/secure.gravatar.com\/avatar\/910fcf6728fe95320e07a6643c1581fec1c7fc4bf8ae12e3d8f0d0373dc844be?s=96&d=mm&r=g\",\"contentUrl\":\"https:\/\/secure.gravatar.com\/avatar\/910fcf6728fe95320e07a6643c1581fec1c7fc4bf8ae12e3d8f0d0373dc844be?s=96&d=mm&r=g\",\"caption\":\"Jorge Mi\u00f1o\"},\"sameAs\":[\"http:\/\/radioinfinitagoya.com.ar\"]}]}<\/script>\n<!-- \/ Yoast SEO plugin. -->","yoast_head_json":{"title":"Milei y su mesa pol\u00edtica analizan el paquete de reformas que se enviar\u00e1 al Congreso - Radio Infinita Goya","description":"Las decisiones marcar\u00e1n la din\u00e1mica que tendr\u00e1 cada sector del Gobierno, en un momento de puja de poder entre Karina Milei y Santiago Caputo. El Gobierno","robots":{"index":"index","follow":"follow","max-snippet":"max-snippet:-1","max-image-preview":"max-image-preview:large","max-video-preview":"max-video-preview:-1"},"canonical":"https:\/\/radioinfinitagoya.com.ar\/v1\/2026\/03\/13\/milei-y-su-mesa-politica-analizan-el-paquete-de-reformas-que-se-enviara-al-congreso\/","og_locale":"es_ES","og_type":"article","og_title":"Milei y su mesa pol\u00edtica analizan el paquete de reformas que se enviar\u00e1 al Congreso - Radio Infinita Goya","og_description":"Las decisiones marcar\u00e1n la din\u00e1mica que tendr\u00e1 cada sector del Gobierno, en un momento de puja de poder entre Karina Milei y Santiago Caputo. El Gobierno","og_url":"https:\/\/radioinfinitagoya.com.ar\/v1\/2026\/03\/13\/milei-y-su-mesa-politica-analizan-el-paquete-de-reformas-que-se-enviara-al-congreso\/","og_site_name":"Radio Infinita Goya","article_publisher":"https:\/\/www.facebook.com\/p\/Infinita-Goya-100063870918311\/","article_published_time":"2026-03-13T19:28:08+00:00","og_image":[{"width":680,"height":383,"url":"https:\/\/radioinfinitagoya.com.ar\/v1\/wp-content\/uploads\/2026\/03\/HC6qebbXMAAzxsj.jpg","type":"image\/jpeg"}],"author":"Jorge Mi\u00f1o","twitter_card":"summary_large_image","twitter_misc":{"Escrito por":"Jorge Mi\u00f1o","Tiempo de lectura":"3 minutos"},"schema":{"@context":"https:\/\/schema.org","@graph":[{"@type":"Article","@id":"https:\/\/radioinfinitagoya.com.ar\/v1\/2026\/03\/13\/milei-y-su-mesa-politica-analizan-el-paquete-de-reformas-que-se-enviara-al-congreso\/#article","isPartOf":{"@id":"https:\/\/radioinfinitagoya.com.ar\/v1\/2026\/03\/13\/milei-y-su-mesa-politica-analizan-el-paquete-de-reformas-que-se-enviara-al-congreso\/"},"author":{"name":"Jorge Mi\u00f1o","@id":"https:\/\/radioinfinitagoya.com.ar\/v1\/#\/schema\/person\/d4cf9c413d4f6edb24aabdccab49ca4a"},"headline":"Milei y su mesa pol\u00edtica analizan el paquete de reformas que se enviar\u00e1 al Congreso","datePublished":"2026-03-13T19:28:08+00:00","mainEntityOfPage":{"@id":"https:\/\/radioinfinitagoya.com.ar\/v1\/2026\/03\/13\/milei-y-su-mesa-politica-analizan-el-paquete-de-reformas-que-se-enviara-al-congreso\/"},"wordCount":465,"commentCount":0,"publisher":{"@id":"https:\/\/radioinfinitagoya.com.ar\/v1\/#organization"},"image":{"@id":"https:\/\/radioinfinitagoya.com.ar\/v1\/2026\/03\/13\/milei-y-su-mesa-politica-analizan-el-paquete-de-reformas-que-se-enviara-al-congreso\/#primaryimage"},"thumbnailUrl":"https:\/\/radioinfinitagoya.com.ar\/v1\/wp-content\/uploads\/2026\/03\/HC6qebbXMAAzxsj.jpg","articleSection":["NACIONALES"],"inLanguage":"es-AR","potentialAction":[{"@type":"CommentAction","name":"Comment","target":["https:\/\/radioinfinitagoya.com.ar\/v1\/2026\/03\/13\/milei-y-su-mesa-politica-analizan-el-paquete-de-reformas-que-se-enviara-al-congreso\/#respond"]}]},{"@type":"WebPage","@id":"https:\/\/radioinfinitagoya.com.ar\/v1\/2026\/03\/13\/milei-y-su-mesa-politica-analizan-el-paquete-de-reformas-que-se-enviara-al-congreso\/","url":"https:\/\/radioinfinitagoya.com.ar\/v1\/2026\/03\/13\/milei-y-su-mesa-politica-analizan-el-paquete-de-reformas-que-se-enviara-al-congreso\/","name":"Milei y su mesa pol\u00edtica analizan el paquete de reformas que se enviar\u00e1 al Congreso - Radio Infinita Goya","isPartOf":{"@id":"https:\/\/radioinfinitagoya.com.ar\/v1\/#website"},"primaryImageOfPage":{"@id":"https:\/\/radioinfinitagoya.com.ar\/v1\/2026\/03\/13\/milei-y-su-mesa-politica-analizan-el-paquete-de-reformas-que-se-enviara-al-congreso\/#primaryimage"},"image":{"@id":"https:\/\/radioinfinitagoya.com.ar\/v1\/2026\/03\/13\/milei-y-su-mesa-politica-analizan-el-paquete-de-reformas-que-se-enviara-al-congreso\/#primaryimage"},"thumbnailUrl":"https:\/\/radioinfinitagoya.com.ar\/v1\/wp-content\/uploads\/2026\/03\/HC6qebbXMAAzxsj.jpg","datePublished":"2026-03-13T19:28:08+00:00","description":"Las decisiones marcar\u00e1n la din\u00e1mica que tendr\u00e1 cada sector del Gobierno, en un momento de puja de poder entre Karina Milei y Santiago Caputo. El Gobierno","breadcrumb":{"@id":"https:\/\/radioinfinitagoya.com.ar\/v1\/2026\/03\/13\/milei-y-su-mesa-politica-analizan-el-paquete-de-reformas-que-se-enviara-al-congreso\/#breadcrumb"},"inLanguage":"es-AR","potentialAction":[{"@type":"ReadAction","target":["https:\/\/radioinfinitagoya.com.ar\/v1\/2026\/03\/13\/milei-y-su-mesa-politica-analizan-el-paquete-de-reformas-que-se-enviara-al-congreso\/"]}]},{"@type":"ImageObject","inLanguage":"es-AR","@id":"https:\/\/radioinfinitagoya.com.ar\/v1\/2026\/03\/13\/milei-y-su-mesa-politica-analizan-el-paquete-de-reformas-que-se-enviara-al-congreso\/#primaryimage","url":"https:\/\/radioinfinitagoya.com.ar\/v1\/wp-content\/uploads\/2026\/03\/HC6qebbXMAAzxsj.jpg","contentUrl":"https:\/\/radioinfinitagoya.com.ar\/v1\/wp-content\/uploads\/2026\/03\/HC6qebbXMAAzxsj.jpg","width":680,"height":383},{"@type":"BreadcrumbList","@id":"https:\/\/radioinfinitagoya.com.ar\/v1\/2026\/03\/13\/milei-y-su-mesa-politica-analizan-el-paquete-de-reformas-que-se-enviara-al-congreso\/#breadcrumb","itemListElement":[{"@type":"ListItem","position":1,"name":"Inicio","item":"https:\/\/radioinfinitagoya.com.ar\/v1\/"},{"@type":"ListItem","position":2,"name":"Milei y su mesa pol\u00edtica analizan el paquete de reformas que se enviar\u00e1 al Congreso"}]},{"@type":"WebSite","@id":"https:\/\/radioinfinitagoya.com.ar\/v1\/#website","url":"https:\/\/radioinfinitagoya.com.ar\/v1\/","name":"radioinfinitagoya.com.ar","description":"Radio de noticias","publisher":{"@id":"https:\/\/radioinfinitagoya.com.ar\/v1\/#organization"},"potentialAction":[{"@type":"SearchAction","target":{"@type":"EntryPoint","urlTemplate":"https:\/\/radioinfinitagoya.com.ar\/v1\/?s={search_term_string}"},"query-input":{"@type":"PropertyValueSpecification","valueRequired":true,"valueName":"search_term_string"}}],"inLanguage":"es-AR"},{"@type":"Organization","@id":"https:\/\/radioinfinitagoya.com.ar\/v1\/#organization","name":"Radio Infinita Goya","url":"https:\/\/radioinfinitagoya.com.ar\/v1\/","logo":{"@type":"ImageObject","inLanguage":"es-AR","@id":"https:\/\/radioinfinitagoya.com.ar\/v1\/#\/schema\/logo\/image\/","url":"https:\/\/radioinfinitagoya.com.ar\/v1\/wp-content\/uploads\/2019\/11\/logo-pie-web.png","contentUrl":"https:\/\/radioinfinitagoya.com.ar\/v1\/wp-content\/uploads\/2019\/11\/logo-pie-web.png","width":635,"height":326,"caption":"Radio Infinita Goya"},"image":{"@id":"https:\/\/radioinfinitagoya.com.ar\/v1\/#\/schema\/logo\/image\/"},"sameAs":["https:\/\/www.facebook.com\/p\/Infinita-Goya-100063870918311\/"]},{"@type":"Person","@id":"https:\/\/radioinfinitagoya.com.ar\/v1\/#\/schema\/person\/d4cf9c413d4f6edb24aabdccab49ca4a","name":"Jorge Mi\u00f1o","image":{"@type":"ImageObject","inLanguage":"es-AR","@id":"https:\/\/secure.gravatar.com\/avatar\/910fcf6728fe95320e07a6643c1581fec1c7fc4bf8ae12e3d8f0d0373dc844be?s=96&d=mm&r=g","url":"https:\/\/secure.gravatar.com\/avatar\/910fcf6728fe95320e07a6643c1581fec1c7fc4bf8ae12e3d8f0d0373dc844be?s=96&d=mm&r=g","contentUrl":"https:\/\/secure.gravatar.com\/avatar\/910fcf6728fe95320e07a6643c1581fec1c7fc4bf8ae12e3d8f0d0373dc844be?s=96&d=mm&r=g","caption":"Jorge Mi\u00f1o"},"sameAs":["http:\/\/radioinfinitagoya.com.ar"]}]}},"_links":{"self":[{"href":"https:\/\/radioinfinitagoya.com.ar\/v1\/wp-json\/wp\/v2\/posts\/210139","targetHints":{"allow":["GET"]}}],"collection":[{"href":"https:\/\/radioinfinitagoya.com.ar\/v1\/wp-json\/wp\/v2\/posts"}],"about":[{"href":"https:\/\/radioinfinitagoya.com.ar\/v1\/wp-json\/wp\/v2\/types\/post"}],"author":[{"embeddable":true,"href":"https:\/\/radioinfinitagoya.com.ar\/v1\/wp-json\/wp\/v2\/users\/4"}],"replies":[{"embeddable":true,"href":"https:\/\/radioinfinitagoya.com.ar\/v1\/wp-json\/wp\/v2\/comments?post=210139"}],"version-history":[{"count":0,"href":"https:\/\/radioinfinitagoya.com.ar\/v1\/wp-json\/wp\/v2\/posts\/210139\/revisions"}],"wp:featuredmedia":[{"embeddable":true,"href":"https:\/\/radioinfinitagoya.com.ar\/v1\/wp-json\/wp\/v2\/media\/210140"}],"wp:attachment":[{"href":"https:\/\/radioinfinitagoya.com.ar\/v1\/wp-json\/wp\/v2\/media?parent=210139"}],"wp:term":[{"taxonomy":"category","embeddable":true,"href":"https:\/\/radioinfinitagoya.com.ar\/v1\/wp-json\/wp\/v2\/categories?post=210139"},{"taxonomy":"post_tag","embeddable":true,"href":"https:\/\/radioinfinitagoya.com.ar\/v1\/wp-json\/wp\/v2\/tags?post=210139"}],"curies":[{"name":"wp","href":"https:\/\/api.w.org\/{rel}","templated":true}]}}