{"id":210142,"date":"2026-03-13T16:31:36","date_gmt":"2026-03-13T19:31:36","guid":{"rendered":"https:\/\/radioinfinitagoya.com.ar\/v1\/?p=210142"},"modified":"2026-03-13T16:31:36","modified_gmt":"2026-03-13T19:31:36","slug":"la-investigacion-contra-chiqui-tapia-por-retencion-de-aportes-entro-en-una-fase-decisiva","status":"publish","type":"post","link":"https:\/\/radioinfinitagoya.com.ar\/v1\/2026\/03\/13\/la-investigacion-contra-chiqui-tapia-por-retencion-de-aportes-entro-en-una-fase-decisiva\/","title":{"rendered":"La investigaci\u00f3n contra &#8220;Chiqui&#8221; Tapia por retenci\u00f3n de aportes entr\u00f3 en una fase decisiva"},"content":{"rendered":"<p>El presidente de la AFA enfrenta una posible imputaci\u00f3n por presunta retenci\u00f3n de aportes de la seguridad social. El juez tiene 10 d\u00edas h\u00e1biles para decidir sobre procesamiento, sobreseimiento o falta de m\u00e9rito.<\/p>\n<p>La causa judicial que investiga al presidente de la AFA, Claudio \u201cChiqui\u201d Tapia, por presunta retenci\u00f3n indebida de aportes entr\u00f3 en una etapa decisiva. Concluidas las indagatorias y presentados los escritos de defensa esta semana, el juez Pablo Amarante qued\u00f3 en condiciones de resolver la situaci\u00f3n procesal del dirigente.<\/p>\n<p>A partir de ahora, el magistrado tiene un plazo de diez d\u00edas h\u00e1biles para decidir si procesa a Tapia, lo sobresee o establece la falta de m\u00e9rito. Seg\u00fan fuentes judiciales, las pruebas complican la situaci\u00f3n tanto de Tapia como del tesorero Pablo Toviggino, y se inclinar\u00eda por procesarlos. La decisi\u00f3n sobre la prohibici\u00f3n de viajar al exterior a\u00fan no fue confirmada.<\/p>\n<p>La investigaci\u00f3n apunta a una presunta retenci\u00f3n indebida de aportes por un monto de 19.300 millones de pesos. Seg\u00fan la acusaci\u00f3n, la AFA no habr\u00eda pagado en tiempo y forma el Impuesto a las Ganancias, el IVA y los aportes previsionales entre marzo de 2024 y septiembre de 2025.<\/p>\n<p>De acuerdo con la normativa vigente, el delito se configura cuando se vence el plazo para ingresar el impuesto y el pago no se realiza. En este caso, ese plazo es de 30 d\u00edas desde la fecha de vencimiento de los aportes. La investigaci\u00f3n tambi\u00e9n detect\u00f3 que durante ese per\u00edodo la AFA constituy\u00f3 plazos fijos en pesos y d\u00f3lares.<\/p>\n<p>Las defensas<\/p>\n<p>Durante las indagatorias, Tapia y Toviggino presentaron escritos de defensa en los que sostuvieron que no existi\u00f3 incumplimiento. Alegaron que exist\u00eda una disposici\u00f3n de Arca que imped\u00eda la ejecuci\u00f3n fiscal de deudas impositivas para asociaciones civiles, y que la deuda ya hab\u00eda sido regularizada.<\/p>\n<p>Desde la AFA tambi\u00e9n argumentaron que hasta mitad de este a\u00f1o se mantienen vigentes resoluciones de Arca y del Ministerio de Econom\u00eda que impiden exigir deudas fiscales. Adem\u00e1s, se\u00f1alaron que la denuncia presentada por el Gobierno de Javier Milei en diciembre de 2025 constituye una persecuci\u00f3n, dado que los primeros incumplimientos investigados datan de marzo de ese a\u00f1o.<\/p>\n<p>Tapia y Toviggino solicitaron el sobreseimiento, pero el juez Amarante rechaz\u00f3 ese pedido. La decisi\u00f3n ahora se encuentra bajo an\u00e1lisis de la C\u00e1mara en lo Penal Econ\u00f3mico.<\/p>\n<p>&nbsp;<\/p>\n","protected":false},"excerpt":{"rendered":"<p>El presidente de la AFA enfrenta una posible imputaci\u00f3n por presunta retenci\u00f3n de aportes de la seguridad social. El juez tiene 10 d\u00edas h\u00e1biles para decidir sobre procesamiento, sobreseimiento o falta de m\u00e9rito. La causa judicial que investiga al presidente de la AFA, Claudio \u201cChiqui\u201d Tapia, por presunta retenci\u00f3n indebida de aportes entr\u00f3 en una [&hellip;]<\/p>\n","protected":false},"author":4,"featured_media":210143,"comment_status":"open","ping_status":"open","sticky":false,"template":"","format":"standard","meta":{"_joinchat":[],"footnotes":""},"categories":[29],"tags":[],"class_list":{"0":"post-210142","1":"post","2":"type-post","3":"status-publish","4":"format-standard","5":"has-post-thumbnail","7":"category-nacionales"},"yoast_head":"<!-- This site is optimized with the Yoast SEO plugin v27.2 - https:\/\/yoast.com\/product\/yoast-seo-wordpress\/ -->\n<title>La investigaci\u00f3n contra &quot;Chiqui&quot; Tapia por retenci\u00f3n de aportes entr\u00f3 en una fase decisiva - Radio Infinita Goya<\/title>\n<meta name=\"description\" content=\"El presidente de la AFA enfrenta una posible imputaci\u00f3n por presunta retenci\u00f3n de aportes de la seguridad social. El juez tiene 10 d\u00edas h\u00e1biles para\" \/>\n<meta name=\"robots\" content=\"index, follow, max-snippet:-1, max-image-preview:large, max-video-preview:-1\" \/>\n<link rel=\"canonical\" href=\"https:\/\/radioinfinitagoya.com.ar\/v1\/2026\/03\/13\/la-investigacion-contra-chiqui-tapia-por-retencion-de-aportes-entro-en-una-fase-decisiva\/\" \/>\n<meta property=\"og:locale\" content=\"es_ES\" \/>\n<meta property=\"og:type\" content=\"article\" \/>\n<meta property=\"og:title\" content=\"La investigaci\u00f3n contra &quot;Chiqui&quot; Tapia por retenci\u00f3n de aportes entr\u00f3 en una fase decisiva - Radio Infinita Goya\" \/>\n<meta property=\"og:description\" content=\"El presidente de la AFA enfrenta una posible imputaci\u00f3n por presunta retenci\u00f3n de aportes de la seguridad social. El juez tiene 10 d\u00edas h\u00e1biles para\" \/>\n<meta property=\"og:url\" content=\"https:\/\/radioinfinitagoya.com.ar\/v1\/2026\/03\/13\/la-investigacion-contra-chiqui-tapia-por-retencion-de-aportes-entro-en-una-fase-decisiva\/\" \/>\n<meta property=\"og:site_name\" content=\"Radio Infinita Goya\" \/>\n<meta property=\"article:publisher\" content=\"https:\/\/www.facebook.com\/p\/Infinita-Goya-100063870918311\/\" \/>\n<meta property=\"article:published_time\" content=\"2026-03-13T19:31:36+00:00\" \/>\n<meta property=\"og:image\" content=\"https:\/\/radioinfinitagoya.com.ar\/v1\/wp-content\/uploads\/2026\/03\/HDOTdEdWoAE7D3P.jpg\" \/>\n\t<meta property=\"og:image:width\" content=\"680\" \/>\n\t<meta property=\"og:image:height\" content=\"453\" \/>\n\t<meta property=\"og:image:type\" content=\"image\/jpeg\" \/>\n<meta name=\"author\" content=\"Jorge Mi\u00f1o\" \/>\n<meta name=\"twitter:card\" content=\"summary_large_image\" \/>\n<meta name=\"twitter:label1\" content=\"Escrito por\" \/>\n\t<meta name=\"twitter:data1\" content=\"Jorge Mi\u00f1o\" \/>\n\t<meta name=\"twitter:label2\" content=\"Tiempo de lectura\" \/>\n\t<meta name=\"twitter:data2\" content=\"2 minutos\" \/>\n<script type=\"application\/ld+json\" class=\"yoast-schema-graph\">{\"@context\":\"https:\/\/schema.org\",\"@graph\":[{\"@type\":\"Article\",\"@id\":\"https:\/\/radioinfinitagoya.com.ar\/v1\/2026\/03\/13\/la-investigacion-contra-chiqui-tapia-por-retencion-de-aportes-entro-en-una-fase-decisiva\/#article\",\"isPartOf\":{\"@id\":\"https:\/\/radioinfinitagoya.com.ar\/v1\/2026\/03\/13\/la-investigacion-contra-chiqui-tapia-por-retencion-de-aportes-entro-en-una-fase-decisiva\/\"},\"author\":{\"name\":\"Jorge Mi\u00f1o\",\"@id\":\"https:\/\/radioinfinitagoya.com.ar\/v1\/#\/schema\/person\/d4cf9c413d4f6edb24aabdccab49ca4a\"},\"headline\":\"La investigaci\u00f3n contra &#8220;Chiqui&#8221; Tapia por retenci\u00f3n de aportes entr\u00f3 en una fase decisiva\",\"datePublished\":\"2026-03-13T19:31:36+00:00\",\"mainEntityOfPage\":{\"@id\":\"https:\/\/radioinfinitagoya.com.ar\/v1\/2026\/03\/13\/la-investigacion-contra-chiqui-tapia-por-retencion-de-aportes-entro-en-una-fase-decisiva\/\"},\"wordCount\":435,\"commentCount\":0,\"publisher\":{\"@id\":\"https:\/\/radioinfinitagoya.com.ar\/v1\/#organization\"},\"image\":{\"@id\":\"https:\/\/radioinfinitagoya.com.ar\/v1\/2026\/03\/13\/la-investigacion-contra-chiqui-tapia-por-retencion-de-aportes-entro-en-una-fase-decisiva\/#primaryimage\"},\"thumbnailUrl\":\"https:\/\/radioinfinitagoya.com.ar\/v1\/wp-content\/uploads\/2026\/03\/HDOTdEdWoAE7D3P.jpg\",\"articleSection\":[\"NACIONALES\"],\"inLanguage\":\"es-AR\",\"potentialAction\":[{\"@type\":\"CommentAction\",\"name\":\"Comment\",\"target\":[\"https:\/\/radioinfinitagoya.com.ar\/v1\/2026\/03\/13\/la-investigacion-contra-chiqui-tapia-por-retencion-de-aportes-entro-en-una-fase-decisiva\/#respond\"]}]},{\"@type\":\"WebPage\",\"@id\":\"https:\/\/radioinfinitagoya.com.ar\/v1\/2026\/03\/13\/la-investigacion-contra-chiqui-tapia-por-retencion-de-aportes-entro-en-una-fase-decisiva\/\",\"url\":\"https:\/\/radioinfinitagoya.com.ar\/v1\/2026\/03\/13\/la-investigacion-contra-chiqui-tapia-por-retencion-de-aportes-entro-en-una-fase-decisiva\/\",\"name\":\"La investigaci\u00f3n contra \\\"Chiqui\\\" Tapia por retenci\u00f3n de aportes entr\u00f3 en una fase decisiva - Radio Infinita Goya\",\"isPartOf\":{\"@id\":\"https:\/\/radioinfinitagoya.com.ar\/v1\/#website\"},\"primaryImageOfPage\":{\"@id\":\"https:\/\/radioinfinitagoya.com.ar\/v1\/2026\/03\/13\/la-investigacion-contra-chiqui-tapia-por-retencion-de-aportes-entro-en-una-fase-decisiva\/#primaryimage\"},\"image\":{\"@id\":\"https:\/\/radioinfinitagoya.com.ar\/v1\/2026\/03\/13\/la-investigacion-contra-chiqui-tapia-por-retencion-de-aportes-entro-en-una-fase-decisiva\/#primaryimage\"},\"thumbnailUrl\":\"https:\/\/radioinfinitagoya.com.ar\/v1\/wp-content\/uploads\/2026\/03\/HDOTdEdWoAE7D3P.jpg\",\"datePublished\":\"2026-03-13T19:31:36+00:00\",\"description\":\"El presidente de la AFA enfrenta una posible imputaci\u00f3n por presunta retenci\u00f3n de aportes de la seguridad social. El juez tiene 10 d\u00edas h\u00e1biles para\",\"breadcrumb\":{\"@id\":\"https:\/\/radioinfinitagoya.com.ar\/v1\/2026\/03\/13\/la-investigacion-contra-chiqui-tapia-por-retencion-de-aportes-entro-en-una-fase-decisiva\/#breadcrumb\"},\"inLanguage\":\"es-AR\",\"potentialAction\":[{\"@type\":\"ReadAction\",\"target\":[\"https:\/\/radioinfinitagoya.com.ar\/v1\/2026\/03\/13\/la-investigacion-contra-chiqui-tapia-por-retencion-de-aportes-entro-en-una-fase-decisiva\/\"]}]},{\"@type\":\"ImageObject\",\"inLanguage\":\"es-AR\",\"@id\":\"https:\/\/radioinfinitagoya.com.ar\/v1\/2026\/03\/13\/la-investigacion-contra-chiqui-tapia-por-retencion-de-aportes-entro-en-una-fase-decisiva\/#primaryimage\",\"url\":\"https:\/\/radioinfinitagoya.com.ar\/v1\/wp-content\/uploads\/2026\/03\/HDOTdEdWoAE7D3P.jpg\",\"contentUrl\":\"https:\/\/radioinfinitagoya.com.ar\/v1\/wp-content\/uploads\/2026\/03\/HDOTdEdWoAE7D3P.jpg\",\"width\":680,\"height\":453},{\"@type\":\"BreadcrumbList\",\"@id\":\"https:\/\/radioinfinitagoya.com.ar\/v1\/2026\/03\/13\/la-investigacion-contra-chiqui-tapia-por-retencion-de-aportes-entro-en-una-fase-decisiva\/#breadcrumb\",\"itemListElement\":[{\"@type\":\"ListItem\",\"position\":1,\"name\":\"Inicio\",\"item\":\"https:\/\/radioinfinitagoya.com.ar\/v1\/\"},{\"@type\":\"ListItem\",\"position\":2,\"name\":\"La investigaci\u00f3n contra &#8220;Chiqui&#8221; Tapia por retenci\u00f3n de aportes entr\u00f3 en una fase decisiva\"}]},{\"@type\":\"WebSite\",\"@id\":\"https:\/\/radioinfinitagoya.com.ar\/v1\/#website\",\"url\":\"https:\/\/radioinfinitagoya.com.ar\/v1\/\",\"name\":\"radioinfinitagoya.com.ar\",\"description\":\"Radio de noticias\",\"publisher\":{\"@id\":\"https:\/\/radioinfinitagoya.com.ar\/v1\/#organization\"},\"potentialAction\":[{\"@type\":\"SearchAction\",\"target\":{\"@type\":\"EntryPoint\",\"urlTemplate\":\"https:\/\/radioinfinitagoya.com.ar\/v1\/?s={search_term_string}\"},\"query-input\":{\"@type\":\"PropertyValueSpecification\",\"valueRequired\":true,\"valueName\":\"search_term_string\"}}],\"inLanguage\":\"es-AR\"},{\"@type\":\"Organization\",\"@id\":\"https:\/\/radioinfinitagoya.com.ar\/v1\/#organization\",\"name\":\"Radio Infinita Goya\",\"url\":\"https:\/\/radioinfinitagoya.com.ar\/v1\/\",\"logo\":{\"@type\":\"ImageObject\",\"inLanguage\":\"es-AR\",\"@id\":\"https:\/\/radioinfinitagoya.com.ar\/v1\/#\/schema\/logo\/image\/\",\"url\":\"https:\/\/radioinfinitagoya.com.ar\/v1\/wp-content\/uploads\/2019\/11\/logo-pie-web.png\",\"contentUrl\":\"https:\/\/radioinfinitagoya.com.ar\/v1\/wp-content\/uploads\/2019\/11\/logo-pie-web.png\",\"width\":635,\"height\":326,\"caption\":\"Radio Infinita Goya\"},\"image\":{\"@id\":\"https:\/\/radioinfinitagoya.com.ar\/v1\/#\/schema\/logo\/image\/\"},\"sameAs\":[\"https:\/\/www.facebook.com\/p\/Infinita-Goya-100063870918311\/\"]},{\"@type\":\"Person\",\"@id\":\"https:\/\/radioinfinitagoya.com.ar\/v1\/#\/schema\/person\/d4cf9c413d4f6edb24aabdccab49ca4a\",\"name\":\"Jorge Mi\u00f1o\",\"image\":{\"@type\":\"ImageObject\",\"inLanguage\":\"es-AR\",\"@id\":\"https:\/\/secure.gravatar.com\/avatar\/910fcf6728fe95320e07a6643c1581fec1c7fc4bf8ae12e3d8f0d0373dc844be?s=96&d=mm&r=g\",\"url\":\"https:\/\/secure.gravatar.com\/avatar\/910fcf6728fe95320e07a6643c1581fec1c7fc4bf8ae12e3d8f0d0373dc844be?s=96&d=mm&r=g\",\"contentUrl\":\"https:\/\/secure.gravatar.com\/avatar\/910fcf6728fe95320e07a6643c1581fec1c7fc4bf8ae12e3d8f0d0373dc844be?s=96&d=mm&r=g\",\"caption\":\"Jorge Mi\u00f1o\"},\"sameAs\":[\"http:\/\/radioinfinitagoya.com.ar\"]}]}<\/script>\n<!-- \/ Yoast SEO plugin. -->","yoast_head_json":{"title":"La investigaci\u00f3n contra \"Chiqui\" Tapia por retenci\u00f3n de aportes entr\u00f3 en una fase decisiva - Radio Infinita Goya","description":"El presidente de la AFA enfrenta una posible imputaci\u00f3n por presunta retenci\u00f3n de aportes de la seguridad social. El juez tiene 10 d\u00edas h\u00e1biles para","robots":{"index":"index","follow":"follow","max-snippet":"max-snippet:-1","max-image-preview":"max-image-preview:large","max-video-preview":"max-video-preview:-1"},"canonical":"https:\/\/radioinfinitagoya.com.ar\/v1\/2026\/03\/13\/la-investigacion-contra-chiqui-tapia-por-retencion-de-aportes-entro-en-una-fase-decisiva\/","og_locale":"es_ES","og_type":"article","og_title":"La investigaci\u00f3n contra \"Chiqui\" Tapia por retenci\u00f3n de aportes entr\u00f3 en una fase decisiva - Radio Infinita Goya","og_description":"El presidente de la AFA enfrenta una posible imputaci\u00f3n por presunta retenci\u00f3n de aportes de la seguridad social. El juez tiene 10 d\u00edas h\u00e1biles para","og_url":"https:\/\/radioinfinitagoya.com.ar\/v1\/2026\/03\/13\/la-investigacion-contra-chiqui-tapia-por-retencion-de-aportes-entro-en-una-fase-decisiva\/","og_site_name":"Radio Infinita Goya","article_publisher":"https:\/\/www.facebook.com\/p\/Infinita-Goya-100063870918311\/","article_published_time":"2026-03-13T19:31:36+00:00","og_image":[{"width":680,"height":453,"url":"https:\/\/radioinfinitagoya.com.ar\/v1\/wp-content\/uploads\/2026\/03\/HDOTdEdWoAE7D3P.jpg","type":"image\/jpeg"}],"author":"Jorge Mi\u00f1o","twitter_card":"summary_large_image","twitter_misc":{"Escrito por":"Jorge Mi\u00f1o","Tiempo de lectura":"2 minutos"},"schema":{"@context":"https:\/\/schema.org","@graph":[{"@type":"Article","@id":"https:\/\/radioinfinitagoya.com.ar\/v1\/2026\/03\/13\/la-investigacion-contra-chiqui-tapia-por-retencion-de-aportes-entro-en-una-fase-decisiva\/#article","isPartOf":{"@id":"https:\/\/radioinfinitagoya.com.ar\/v1\/2026\/03\/13\/la-investigacion-contra-chiqui-tapia-por-retencion-de-aportes-entro-en-una-fase-decisiva\/"},"author":{"name":"Jorge Mi\u00f1o","@id":"https:\/\/radioinfinitagoya.com.ar\/v1\/#\/schema\/person\/d4cf9c413d4f6edb24aabdccab49ca4a"},"headline":"La investigaci\u00f3n contra &#8220;Chiqui&#8221; Tapia por retenci\u00f3n de aportes entr\u00f3 en una fase decisiva","datePublished":"2026-03-13T19:31:36+00:00","mainEntityOfPage":{"@id":"https:\/\/radioinfinitagoya.com.ar\/v1\/2026\/03\/13\/la-investigacion-contra-chiqui-tapia-por-retencion-de-aportes-entro-en-una-fase-decisiva\/"},"wordCount":435,"commentCount":0,"publisher":{"@id":"https:\/\/radioinfinitagoya.com.ar\/v1\/#organization"},"image":{"@id":"https:\/\/radioinfinitagoya.com.ar\/v1\/2026\/03\/13\/la-investigacion-contra-chiqui-tapia-por-retencion-de-aportes-entro-en-una-fase-decisiva\/#primaryimage"},"thumbnailUrl":"https:\/\/radioinfinitagoya.com.ar\/v1\/wp-content\/uploads\/2026\/03\/HDOTdEdWoAE7D3P.jpg","articleSection":["NACIONALES"],"inLanguage":"es-AR","potentialAction":[{"@type":"CommentAction","name":"Comment","target":["https:\/\/radioinfinitagoya.com.ar\/v1\/2026\/03\/13\/la-investigacion-contra-chiqui-tapia-por-retencion-de-aportes-entro-en-una-fase-decisiva\/#respond"]}]},{"@type":"WebPage","@id":"https:\/\/radioinfinitagoya.com.ar\/v1\/2026\/03\/13\/la-investigacion-contra-chiqui-tapia-por-retencion-de-aportes-entro-en-una-fase-decisiva\/","url":"https:\/\/radioinfinitagoya.com.ar\/v1\/2026\/03\/13\/la-investigacion-contra-chiqui-tapia-por-retencion-de-aportes-entro-en-una-fase-decisiva\/","name":"La investigaci\u00f3n contra \"Chiqui\" Tapia por retenci\u00f3n de aportes entr\u00f3 en una fase decisiva - Radio Infinita Goya","isPartOf":{"@id":"https:\/\/radioinfinitagoya.com.ar\/v1\/#website"},"primaryImageOfPage":{"@id":"https:\/\/radioinfinitagoya.com.ar\/v1\/2026\/03\/13\/la-investigacion-contra-chiqui-tapia-por-retencion-de-aportes-entro-en-una-fase-decisiva\/#primaryimage"},"image":{"@id":"https:\/\/radioinfinitagoya.com.ar\/v1\/2026\/03\/13\/la-investigacion-contra-chiqui-tapia-por-retencion-de-aportes-entro-en-una-fase-decisiva\/#primaryimage"},"thumbnailUrl":"https:\/\/radioinfinitagoya.com.ar\/v1\/wp-content\/uploads\/2026\/03\/HDOTdEdWoAE7D3P.jpg","datePublished":"2026-03-13T19:31:36+00:00","description":"El presidente de la AFA enfrenta una posible imputaci\u00f3n por presunta retenci\u00f3n de aportes de la seguridad social. El juez tiene 10 d\u00edas h\u00e1biles para","breadcrumb":{"@id":"https:\/\/radioinfinitagoya.com.ar\/v1\/2026\/03\/13\/la-investigacion-contra-chiqui-tapia-por-retencion-de-aportes-entro-en-una-fase-decisiva\/#breadcrumb"},"inLanguage":"es-AR","potentialAction":[{"@type":"ReadAction","target":["https:\/\/radioinfinitagoya.com.ar\/v1\/2026\/03\/13\/la-investigacion-contra-chiqui-tapia-por-retencion-de-aportes-entro-en-una-fase-decisiva\/"]}]},{"@type":"ImageObject","inLanguage":"es-AR","@id":"https:\/\/radioinfinitagoya.com.ar\/v1\/2026\/03\/13\/la-investigacion-contra-chiqui-tapia-por-retencion-de-aportes-entro-en-una-fase-decisiva\/#primaryimage","url":"https:\/\/radioinfinitagoya.com.ar\/v1\/wp-content\/uploads\/2026\/03\/HDOTdEdWoAE7D3P.jpg","contentUrl":"https:\/\/radioinfinitagoya.com.ar\/v1\/wp-content\/uploads\/2026\/03\/HDOTdEdWoAE7D3P.jpg","width":680,"height":453},{"@type":"BreadcrumbList","@id":"https:\/\/radioinfinitagoya.com.ar\/v1\/2026\/03\/13\/la-investigacion-contra-chiqui-tapia-por-retencion-de-aportes-entro-en-una-fase-decisiva\/#breadcrumb","itemListElement":[{"@type":"ListItem","position":1,"name":"Inicio","item":"https:\/\/radioinfinitagoya.com.ar\/v1\/"},{"@type":"ListItem","position":2,"name":"La investigaci\u00f3n contra &#8220;Chiqui&#8221; Tapia por retenci\u00f3n de aportes entr\u00f3 en una fase decisiva"}]},{"@type":"WebSite","@id":"https:\/\/radioinfinitagoya.com.ar\/v1\/#website","url":"https:\/\/radioinfinitagoya.com.ar\/v1\/","name":"radioinfinitagoya.com.ar","description":"Radio de noticias","publisher":{"@id":"https:\/\/radioinfinitagoya.com.ar\/v1\/#organization"},"potentialAction":[{"@type":"SearchAction","target":{"@type":"EntryPoint","urlTemplate":"https:\/\/radioinfinitagoya.com.ar\/v1\/?s={search_term_string}"},"query-input":{"@type":"PropertyValueSpecification","valueRequired":true,"valueName":"search_term_string"}}],"inLanguage":"es-AR"},{"@type":"Organization","@id":"https:\/\/radioinfinitagoya.com.ar\/v1\/#organization","name":"Radio Infinita Goya","url":"https:\/\/radioinfinitagoya.com.ar\/v1\/","logo":{"@type":"ImageObject","inLanguage":"es-AR","@id":"https:\/\/radioinfinitagoya.com.ar\/v1\/#\/schema\/logo\/image\/","url":"https:\/\/radioinfinitagoya.com.ar\/v1\/wp-content\/uploads\/2019\/11\/logo-pie-web.png","contentUrl":"https:\/\/radioinfinitagoya.com.ar\/v1\/wp-content\/uploads\/2019\/11\/logo-pie-web.png","width":635,"height":326,"caption":"Radio Infinita Goya"},"image":{"@id":"https:\/\/radioinfinitagoya.com.ar\/v1\/#\/schema\/logo\/image\/"},"sameAs":["https:\/\/www.facebook.com\/p\/Infinita-Goya-100063870918311\/"]},{"@type":"Person","@id":"https:\/\/radioinfinitagoya.com.ar\/v1\/#\/schema\/person\/d4cf9c413d4f6edb24aabdccab49ca4a","name":"Jorge Mi\u00f1o","image":{"@type":"ImageObject","inLanguage":"es-AR","@id":"https:\/\/secure.gravatar.com\/avatar\/910fcf6728fe95320e07a6643c1581fec1c7fc4bf8ae12e3d8f0d0373dc844be?s=96&d=mm&r=g","url":"https:\/\/secure.gravatar.com\/avatar\/910fcf6728fe95320e07a6643c1581fec1c7fc4bf8ae12e3d8f0d0373dc844be?s=96&d=mm&r=g","contentUrl":"https:\/\/secure.gravatar.com\/avatar\/910fcf6728fe95320e07a6643c1581fec1c7fc4bf8ae12e3d8f0d0373dc844be?s=96&d=mm&r=g","caption":"Jorge Mi\u00f1o"},"sameAs":["http:\/\/radioinfinitagoya.com.ar"]}]}},"_links":{"self":[{"href":"https:\/\/radioinfinitagoya.com.ar\/v1\/wp-json\/wp\/v2\/posts\/210142","targetHints":{"allow":["GET"]}}],"collection":[{"href":"https:\/\/radioinfinitagoya.com.ar\/v1\/wp-json\/wp\/v2\/posts"}],"about":[{"href":"https:\/\/radioinfinitagoya.com.ar\/v1\/wp-json\/wp\/v2\/types\/post"}],"author":[{"embeddable":true,"href":"https:\/\/radioinfinitagoya.com.ar\/v1\/wp-json\/wp\/v2\/users\/4"}],"replies":[{"embeddable":true,"href":"https:\/\/radioinfinitagoya.com.ar\/v1\/wp-json\/wp\/v2\/comments?post=210142"}],"version-history":[{"count":0,"href":"https:\/\/radioinfinitagoya.com.ar\/v1\/wp-json\/wp\/v2\/posts\/210142\/revisions"}],"wp:featuredmedia":[{"embeddable":true,"href":"https:\/\/radioinfinitagoya.com.ar\/v1\/wp-json\/wp\/v2\/media\/210143"}],"wp:attachment":[{"href":"https:\/\/radioinfinitagoya.com.ar\/v1\/wp-json\/wp\/v2\/media?parent=210142"}],"wp:term":[{"taxonomy":"category","embeddable":true,"href":"https:\/\/radioinfinitagoya.com.ar\/v1\/wp-json\/wp\/v2\/categories?post=210142"},{"taxonomy":"post_tag","embeddable":true,"href":"https:\/\/radioinfinitagoya.com.ar\/v1\/wp-json\/wp\/v2\/tags?post=210142"}],"curies":[{"name":"wp","href":"https:\/\/api.w.org\/{rel}","templated":true}]}}