{"id":210150,"date":"2026-03-13T16:40:42","date_gmt":"2026-03-13T19:40:42","guid":{"rendered":"https:\/\/radioinfinitagoya.com.ar\/v1\/?p=210150"},"modified":"2026-03-13T16:40:42","modified_gmt":"2026-03-13T19:40:42","slug":"colapinto-debuto-en-el-gran-premio-de-china-y-quedo-16-en-la-clasificacion-de-la-sprint","status":"publish","type":"post","link":"https:\/\/radioinfinitagoya.com.ar\/v1\/2026\/03\/13\/colapinto-debuto-en-el-gran-premio-de-china-y-quedo-16-en-la-clasificacion-de-la-sprint\/","title":{"rendered":"Colapinto debut\u00f3 en el Gran Premio de China y qued\u00f3 16\u00b0 en la clasificaci\u00f3n de la Sprint"},"content":{"rendered":"<p>El piloto argentino de Alpine no encontr\u00f3 el ritmo en Shangh\u00e1i y qued\u00f3 lejos de su compa\u00f1ero Pierre Gasly. Buscar\u00e1 mejorar en la Sprint del s\u00e1bado.<\/p>\n<p>Franco Colapinto tuvo un comienzo dif\u00edcil en el Gran Premio de China de F\u00f3rmula 1, al quedar 16\u00b0 en la clasificaci\u00f3n para la Sprint. El piloto argentino de Alpine no logr\u00f3 encontrar el ritmo este viernes y qued\u00f3 lejos de su compa\u00f1ero de equipo, Pierre Gasly.<\/p>\n<p>El joven de 22 a\u00f1os lleg\u00f3 al Circuito Internacional de Shangh\u00e1i sin experiencia previa en la pista y con apenas una hora de entrenamiento para adaptarse y trabajar en la puesta a punto del Alpine A526. Adem\u00e1s, debi\u00f3 gestionar la energ\u00eda de la unidad de potencia, un desaf\u00edo extra en la F\u00f3rmula 1 actual.<\/p>\n<p>En la pr\u00e1ctica libre, Colapinto se ubic\u00f3 15\u00b0, a menos de tres d\u00e9cimas de Gasly, que termin\u00f3 d\u00e9cimo. En la clasificaci\u00f3n, la diferencia se ampli\u00f3: Colapinto qued\u00f3 16\u00b0 y Gasly avanz\u00f3 al 7\u00b0, con casi un segundo de ventaja (0.922).<\/p>\n<p>La opini\u00f3n de Colapinto<br \/>\nEl piloto pilarense reconoci\u00f3 su frustraci\u00f3n en di\u00e1logo con Espn. \u201cEstoy un poco perdido con la clasificaci\u00f3n porque qued\u00e9 muy lejos de Pierre, que es un poco la referencia que tengo\u201d, se\u00f1al\u00f3.<\/p>\n<p>\u201cEstaba cerca en la FP1, no conoc\u00eda la pista, ten\u00eda mucho por mejorar y trabajar, pero no hice el paso de la pr\u00e1ctica a la clasificaci\u00f3n, as\u00ed que hay que entender un poco por qu\u00e9\u201d, agreg\u00f3.<\/p>\n<p>Colapinto afirm\u00f3 que tendr\u00e1 \u201cmucho que trabajar\u201d durante la noche en China para mejorar su rendimiento en la Sprint prevista el s\u00e1bado a la medianoche en Argentina.<\/p>\n<p>\u201cObviamente fue bueno conocer la pista hoy y tratar de entender un poquito m\u00e1s todo, pero me falt\u00f3 bastante rendimiento hoy en mi lado del garaje, as\u00ed que hay que entender por qu\u00e9 y volver mejor ma\u00f1ana\u201d, concluy\u00f3.<\/p>\n<p>&nbsp;<\/p>\n","protected":false},"excerpt":{"rendered":"<p>El piloto argentino de Alpine no encontr\u00f3 el ritmo en Shangh\u00e1i y qued\u00f3 lejos de su compa\u00f1ero Pierre Gasly. Buscar\u00e1 mejorar en la Sprint del s\u00e1bado. Franco Colapinto tuvo un comienzo dif\u00edcil en el Gran Premio de China de F\u00f3rmula 1, al quedar 16\u00b0 en la clasificaci\u00f3n para la Sprint. El piloto argentino de Alpine [&hellip;]<\/p>\n","protected":false},"author":4,"featured_media":210151,"comment_status":"open","ping_status":"open","sticky":false,"template":"","format":"standard","meta":{"_joinchat":[],"footnotes":""},"categories":[28],"tags":[],"class_list":{"0":"post-210150","1":"post","2":"type-post","3":"status-publish","4":"format-standard","5":"has-post-thumbnail","7":"category-deportes"},"yoast_head":"<!-- This site is optimized with the Yoast SEO plugin v27.2 - https:\/\/yoast.com\/product\/yoast-seo-wordpress\/ -->\n<title>Colapinto debut\u00f3 en el Gran Premio de China y qued\u00f3 16\u00b0 en la clasificaci\u00f3n de la Sprint - Radio Infinita Goya<\/title>\n<meta name=\"description\" content=\"El piloto argentino de Alpine no encontr\u00f3 el ritmo en Shangh\u00e1i y qued\u00f3 lejos de su compa\u00f1ero Pierre Gasly. Buscar\u00e1 mejorar en la Sprint del s\u00e1bado. Franco\" \/>\n<meta name=\"robots\" content=\"index, follow, max-snippet:-1, max-image-preview:large, max-video-preview:-1\" \/>\n<link rel=\"canonical\" href=\"https:\/\/radioinfinitagoya.com.ar\/v1\/2026\/03\/13\/colapinto-debuto-en-el-gran-premio-de-china-y-quedo-16-en-la-clasificacion-de-la-sprint\/\" \/>\n<meta property=\"og:locale\" content=\"es_ES\" \/>\n<meta property=\"og:type\" content=\"article\" \/>\n<meta property=\"og:title\" content=\"Colapinto debut\u00f3 en el Gran Premio de China y qued\u00f3 16\u00b0 en la clasificaci\u00f3n de la Sprint - Radio Infinita Goya\" \/>\n<meta property=\"og:description\" content=\"El piloto argentino de Alpine no encontr\u00f3 el ritmo en Shangh\u00e1i y qued\u00f3 lejos de su compa\u00f1ero Pierre Gasly. Buscar\u00e1 mejorar en la Sprint del s\u00e1bado. Franco\" \/>\n<meta property=\"og:url\" content=\"https:\/\/radioinfinitagoya.com.ar\/v1\/2026\/03\/13\/colapinto-debuto-en-el-gran-premio-de-china-y-quedo-16-en-la-clasificacion-de-la-sprint\/\" \/>\n<meta property=\"og:site_name\" content=\"Radio Infinita Goya\" \/>\n<meta property=\"article:publisher\" content=\"https:\/\/www.facebook.com\/p\/Infinita-Goya-100063870918311\/\" \/>\n<meta property=\"article:published_time\" content=\"2026-03-13T19:40:42+00:00\" \/>\n<meta property=\"og:image\" content=\"https:\/\/radioinfinitagoya.com.ar\/v1\/wp-content\/uploads\/2026\/03\/wtbRJgpF.jpg\" \/>\n\t<meta property=\"og:image:width\" content=\"680\" \/>\n\t<meta property=\"og:image:height\" content=\"340\" \/>\n\t<meta property=\"og:image:type\" content=\"image\/jpeg\" \/>\n<meta name=\"author\" content=\"Jorge Mi\u00f1o\" \/>\n<meta name=\"twitter:card\" content=\"summary_large_image\" \/>\n<meta name=\"twitter:label1\" content=\"Escrito por\" \/>\n\t<meta name=\"twitter:data1\" content=\"Jorge Mi\u00f1o\" \/>\n\t<meta name=\"twitter:label2\" content=\"Tiempo de lectura\" \/>\n\t<meta name=\"twitter:data2\" content=\"2 minutos\" \/>\n<script type=\"application\/ld+json\" class=\"yoast-schema-graph\">{\"@context\":\"https:\/\/schema.org\",\"@graph\":[{\"@type\":\"Article\",\"@id\":\"https:\/\/radioinfinitagoya.com.ar\/v1\/2026\/03\/13\/colapinto-debuto-en-el-gran-premio-de-china-y-quedo-16-en-la-clasificacion-de-la-sprint\/#article\",\"isPartOf\":{\"@id\":\"https:\/\/radioinfinitagoya.com.ar\/v1\/2026\/03\/13\/colapinto-debuto-en-el-gran-premio-de-china-y-quedo-16-en-la-clasificacion-de-la-sprint\/\"},\"author\":{\"name\":\"Jorge Mi\u00f1o\",\"@id\":\"https:\/\/radioinfinitagoya.com.ar\/v1\/#\/schema\/person\/d4cf9c413d4f6edb24aabdccab49ca4a\"},\"headline\":\"Colapinto debut\u00f3 en el Gran Premio de China y qued\u00f3 16\u00b0 en la clasificaci\u00f3n de la Sprint\",\"datePublished\":\"2026-03-13T19:40:42+00:00\",\"mainEntityOfPage\":{\"@id\":\"https:\/\/radioinfinitagoya.com.ar\/v1\/2026\/03\/13\/colapinto-debuto-en-el-gran-premio-de-china-y-quedo-16-en-la-clasificacion-de-la-sprint\/\"},\"wordCount\":342,\"commentCount\":0,\"publisher\":{\"@id\":\"https:\/\/radioinfinitagoya.com.ar\/v1\/#organization\"},\"image\":{\"@id\":\"https:\/\/radioinfinitagoya.com.ar\/v1\/2026\/03\/13\/colapinto-debuto-en-el-gran-premio-de-china-y-quedo-16-en-la-clasificacion-de-la-sprint\/#primaryimage\"},\"thumbnailUrl\":\"https:\/\/radioinfinitagoya.com.ar\/v1\/wp-content\/uploads\/2026\/03\/wtbRJgpF.jpg\",\"articleSection\":[\"DEPORTES\"],\"inLanguage\":\"es-AR\",\"potentialAction\":[{\"@type\":\"CommentAction\",\"name\":\"Comment\",\"target\":[\"https:\/\/radioinfinitagoya.com.ar\/v1\/2026\/03\/13\/colapinto-debuto-en-el-gran-premio-de-china-y-quedo-16-en-la-clasificacion-de-la-sprint\/#respond\"]}]},{\"@type\":\"WebPage\",\"@id\":\"https:\/\/radioinfinitagoya.com.ar\/v1\/2026\/03\/13\/colapinto-debuto-en-el-gran-premio-de-china-y-quedo-16-en-la-clasificacion-de-la-sprint\/\",\"url\":\"https:\/\/radioinfinitagoya.com.ar\/v1\/2026\/03\/13\/colapinto-debuto-en-el-gran-premio-de-china-y-quedo-16-en-la-clasificacion-de-la-sprint\/\",\"name\":\"Colapinto debut\u00f3 en el Gran Premio de China y qued\u00f3 16\u00b0 en la clasificaci\u00f3n de la Sprint - Radio Infinita Goya\",\"isPartOf\":{\"@id\":\"https:\/\/radioinfinitagoya.com.ar\/v1\/#website\"},\"primaryImageOfPage\":{\"@id\":\"https:\/\/radioinfinitagoya.com.ar\/v1\/2026\/03\/13\/colapinto-debuto-en-el-gran-premio-de-china-y-quedo-16-en-la-clasificacion-de-la-sprint\/#primaryimage\"},\"image\":{\"@id\":\"https:\/\/radioinfinitagoya.com.ar\/v1\/2026\/03\/13\/colapinto-debuto-en-el-gran-premio-de-china-y-quedo-16-en-la-clasificacion-de-la-sprint\/#primaryimage\"},\"thumbnailUrl\":\"https:\/\/radioinfinitagoya.com.ar\/v1\/wp-content\/uploads\/2026\/03\/wtbRJgpF.jpg\",\"datePublished\":\"2026-03-13T19:40:42+00:00\",\"description\":\"El piloto argentino de Alpine no encontr\u00f3 el ritmo en Shangh\u00e1i y qued\u00f3 lejos de su compa\u00f1ero Pierre Gasly. Buscar\u00e1 mejorar en la Sprint del s\u00e1bado. Franco\",\"breadcrumb\":{\"@id\":\"https:\/\/radioinfinitagoya.com.ar\/v1\/2026\/03\/13\/colapinto-debuto-en-el-gran-premio-de-china-y-quedo-16-en-la-clasificacion-de-la-sprint\/#breadcrumb\"},\"inLanguage\":\"es-AR\",\"potentialAction\":[{\"@type\":\"ReadAction\",\"target\":[\"https:\/\/radioinfinitagoya.com.ar\/v1\/2026\/03\/13\/colapinto-debuto-en-el-gran-premio-de-china-y-quedo-16-en-la-clasificacion-de-la-sprint\/\"]}]},{\"@type\":\"ImageObject\",\"inLanguage\":\"es-AR\",\"@id\":\"https:\/\/radioinfinitagoya.com.ar\/v1\/2026\/03\/13\/colapinto-debuto-en-el-gran-premio-de-china-y-quedo-16-en-la-clasificacion-de-la-sprint\/#primaryimage\",\"url\":\"https:\/\/radioinfinitagoya.com.ar\/v1\/wp-content\/uploads\/2026\/03\/wtbRJgpF.jpg\",\"contentUrl\":\"https:\/\/radioinfinitagoya.com.ar\/v1\/wp-content\/uploads\/2026\/03\/wtbRJgpF.jpg\",\"width\":680,\"height\":340},{\"@type\":\"BreadcrumbList\",\"@id\":\"https:\/\/radioinfinitagoya.com.ar\/v1\/2026\/03\/13\/colapinto-debuto-en-el-gran-premio-de-china-y-quedo-16-en-la-clasificacion-de-la-sprint\/#breadcrumb\",\"itemListElement\":[{\"@type\":\"ListItem\",\"position\":1,\"name\":\"Inicio\",\"item\":\"https:\/\/radioinfinitagoya.com.ar\/v1\/\"},{\"@type\":\"ListItem\",\"position\":2,\"name\":\"Colapinto debut\u00f3 en el Gran Premio de China y qued\u00f3 16\u00b0 en la clasificaci\u00f3n de la Sprint\"}]},{\"@type\":\"WebSite\",\"@id\":\"https:\/\/radioinfinitagoya.com.ar\/v1\/#website\",\"url\":\"https:\/\/radioinfinitagoya.com.ar\/v1\/\",\"name\":\"radioinfinitagoya.com.ar\",\"description\":\"Radio de noticias\",\"publisher\":{\"@id\":\"https:\/\/radioinfinitagoya.com.ar\/v1\/#organization\"},\"potentialAction\":[{\"@type\":\"SearchAction\",\"target\":{\"@type\":\"EntryPoint\",\"urlTemplate\":\"https:\/\/radioinfinitagoya.com.ar\/v1\/?s={search_term_string}\"},\"query-input\":{\"@type\":\"PropertyValueSpecification\",\"valueRequired\":true,\"valueName\":\"search_term_string\"}}],\"inLanguage\":\"es-AR\"},{\"@type\":\"Organization\",\"@id\":\"https:\/\/radioinfinitagoya.com.ar\/v1\/#organization\",\"name\":\"Radio Infinita Goya\",\"url\":\"https:\/\/radioinfinitagoya.com.ar\/v1\/\",\"logo\":{\"@type\":\"ImageObject\",\"inLanguage\":\"es-AR\",\"@id\":\"https:\/\/radioinfinitagoya.com.ar\/v1\/#\/schema\/logo\/image\/\",\"url\":\"https:\/\/radioinfinitagoya.com.ar\/v1\/wp-content\/uploads\/2019\/11\/logo-pie-web.png\",\"contentUrl\":\"https:\/\/radioinfinitagoya.com.ar\/v1\/wp-content\/uploads\/2019\/11\/logo-pie-web.png\",\"width\":635,\"height\":326,\"caption\":\"Radio Infinita Goya\"},\"image\":{\"@id\":\"https:\/\/radioinfinitagoya.com.ar\/v1\/#\/schema\/logo\/image\/\"},\"sameAs\":[\"https:\/\/www.facebook.com\/p\/Infinita-Goya-100063870918311\/\"]},{\"@type\":\"Person\",\"@id\":\"https:\/\/radioinfinitagoya.com.ar\/v1\/#\/schema\/person\/d4cf9c413d4f6edb24aabdccab49ca4a\",\"name\":\"Jorge Mi\u00f1o\",\"image\":{\"@type\":\"ImageObject\",\"inLanguage\":\"es-AR\",\"@id\":\"https:\/\/secure.gravatar.com\/avatar\/910fcf6728fe95320e07a6643c1581fec1c7fc4bf8ae12e3d8f0d0373dc844be?s=96&d=mm&r=g\",\"url\":\"https:\/\/secure.gravatar.com\/avatar\/910fcf6728fe95320e07a6643c1581fec1c7fc4bf8ae12e3d8f0d0373dc844be?s=96&d=mm&r=g\",\"contentUrl\":\"https:\/\/secure.gravatar.com\/avatar\/910fcf6728fe95320e07a6643c1581fec1c7fc4bf8ae12e3d8f0d0373dc844be?s=96&d=mm&r=g\",\"caption\":\"Jorge Mi\u00f1o\"},\"sameAs\":[\"http:\/\/radioinfinitagoya.com.ar\"]}]}<\/script>\n<!-- \/ Yoast SEO plugin. -->","yoast_head_json":{"title":"Colapinto debut\u00f3 en el Gran Premio de China y qued\u00f3 16\u00b0 en la clasificaci\u00f3n de la Sprint - Radio Infinita Goya","description":"El piloto argentino de Alpine no encontr\u00f3 el ritmo en Shangh\u00e1i y qued\u00f3 lejos de su compa\u00f1ero Pierre Gasly. Buscar\u00e1 mejorar en la Sprint del s\u00e1bado. Franco","robots":{"index":"index","follow":"follow","max-snippet":"max-snippet:-1","max-image-preview":"max-image-preview:large","max-video-preview":"max-video-preview:-1"},"canonical":"https:\/\/radioinfinitagoya.com.ar\/v1\/2026\/03\/13\/colapinto-debuto-en-el-gran-premio-de-china-y-quedo-16-en-la-clasificacion-de-la-sprint\/","og_locale":"es_ES","og_type":"article","og_title":"Colapinto debut\u00f3 en el Gran Premio de China y qued\u00f3 16\u00b0 en la clasificaci\u00f3n de la Sprint - Radio Infinita Goya","og_description":"El piloto argentino de Alpine no encontr\u00f3 el ritmo en Shangh\u00e1i y qued\u00f3 lejos de su compa\u00f1ero Pierre Gasly. Buscar\u00e1 mejorar en la Sprint del s\u00e1bado. Franco","og_url":"https:\/\/radioinfinitagoya.com.ar\/v1\/2026\/03\/13\/colapinto-debuto-en-el-gran-premio-de-china-y-quedo-16-en-la-clasificacion-de-la-sprint\/","og_site_name":"Radio Infinita Goya","article_publisher":"https:\/\/www.facebook.com\/p\/Infinita-Goya-100063870918311\/","article_published_time":"2026-03-13T19:40:42+00:00","og_image":[{"width":680,"height":340,"url":"https:\/\/radioinfinitagoya.com.ar\/v1\/wp-content\/uploads\/2026\/03\/wtbRJgpF.jpg","type":"image\/jpeg"}],"author":"Jorge Mi\u00f1o","twitter_card":"summary_large_image","twitter_misc":{"Escrito por":"Jorge Mi\u00f1o","Tiempo de lectura":"2 minutos"},"schema":{"@context":"https:\/\/schema.org","@graph":[{"@type":"Article","@id":"https:\/\/radioinfinitagoya.com.ar\/v1\/2026\/03\/13\/colapinto-debuto-en-el-gran-premio-de-china-y-quedo-16-en-la-clasificacion-de-la-sprint\/#article","isPartOf":{"@id":"https:\/\/radioinfinitagoya.com.ar\/v1\/2026\/03\/13\/colapinto-debuto-en-el-gran-premio-de-china-y-quedo-16-en-la-clasificacion-de-la-sprint\/"},"author":{"name":"Jorge Mi\u00f1o","@id":"https:\/\/radioinfinitagoya.com.ar\/v1\/#\/schema\/person\/d4cf9c413d4f6edb24aabdccab49ca4a"},"headline":"Colapinto debut\u00f3 en el Gran Premio de China y qued\u00f3 16\u00b0 en la clasificaci\u00f3n de la Sprint","datePublished":"2026-03-13T19:40:42+00:00","mainEntityOfPage":{"@id":"https:\/\/radioinfinitagoya.com.ar\/v1\/2026\/03\/13\/colapinto-debuto-en-el-gran-premio-de-china-y-quedo-16-en-la-clasificacion-de-la-sprint\/"},"wordCount":342,"commentCount":0,"publisher":{"@id":"https:\/\/radioinfinitagoya.com.ar\/v1\/#organization"},"image":{"@id":"https:\/\/radioinfinitagoya.com.ar\/v1\/2026\/03\/13\/colapinto-debuto-en-el-gran-premio-de-china-y-quedo-16-en-la-clasificacion-de-la-sprint\/#primaryimage"},"thumbnailUrl":"https:\/\/radioinfinitagoya.com.ar\/v1\/wp-content\/uploads\/2026\/03\/wtbRJgpF.jpg","articleSection":["DEPORTES"],"inLanguage":"es-AR","potentialAction":[{"@type":"CommentAction","name":"Comment","target":["https:\/\/radioinfinitagoya.com.ar\/v1\/2026\/03\/13\/colapinto-debuto-en-el-gran-premio-de-china-y-quedo-16-en-la-clasificacion-de-la-sprint\/#respond"]}]},{"@type":"WebPage","@id":"https:\/\/radioinfinitagoya.com.ar\/v1\/2026\/03\/13\/colapinto-debuto-en-el-gran-premio-de-china-y-quedo-16-en-la-clasificacion-de-la-sprint\/","url":"https:\/\/radioinfinitagoya.com.ar\/v1\/2026\/03\/13\/colapinto-debuto-en-el-gran-premio-de-china-y-quedo-16-en-la-clasificacion-de-la-sprint\/","name":"Colapinto debut\u00f3 en el Gran Premio de China y qued\u00f3 16\u00b0 en la clasificaci\u00f3n de la Sprint - Radio Infinita Goya","isPartOf":{"@id":"https:\/\/radioinfinitagoya.com.ar\/v1\/#website"},"primaryImageOfPage":{"@id":"https:\/\/radioinfinitagoya.com.ar\/v1\/2026\/03\/13\/colapinto-debuto-en-el-gran-premio-de-china-y-quedo-16-en-la-clasificacion-de-la-sprint\/#primaryimage"},"image":{"@id":"https:\/\/radioinfinitagoya.com.ar\/v1\/2026\/03\/13\/colapinto-debuto-en-el-gran-premio-de-china-y-quedo-16-en-la-clasificacion-de-la-sprint\/#primaryimage"},"thumbnailUrl":"https:\/\/radioinfinitagoya.com.ar\/v1\/wp-content\/uploads\/2026\/03\/wtbRJgpF.jpg","datePublished":"2026-03-13T19:40:42+00:00","description":"El piloto argentino de Alpine no encontr\u00f3 el ritmo en Shangh\u00e1i y qued\u00f3 lejos de su compa\u00f1ero Pierre Gasly. Buscar\u00e1 mejorar en la Sprint del s\u00e1bado. Franco","breadcrumb":{"@id":"https:\/\/radioinfinitagoya.com.ar\/v1\/2026\/03\/13\/colapinto-debuto-en-el-gran-premio-de-china-y-quedo-16-en-la-clasificacion-de-la-sprint\/#breadcrumb"},"inLanguage":"es-AR","potentialAction":[{"@type":"ReadAction","target":["https:\/\/radioinfinitagoya.com.ar\/v1\/2026\/03\/13\/colapinto-debuto-en-el-gran-premio-de-china-y-quedo-16-en-la-clasificacion-de-la-sprint\/"]}]},{"@type":"ImageObject","inLanguage":"es-AR","@id":"https:\/\/radioinfinitagoya.com.ar\/v1\/2026\/03\/13\/colapinto-debuto-en-el-gran-premio-de-china-y-quedo-16-en-la-clasificacion-de-la-sprint\/#primaryimage","url":"https:\/\/radioinfinitagoya.com.ar\/v1\/wp-content\/uploads\/2026\/03\/wtbRJgpF.jpg","contentUrl":"https:\/\/radioinfinitagoya.com.ar\/v1\/wp-content\/uploads\/2026\/03\/wtbRJgpF.jpg","width":680,"height":340},{"@type":"BreadcrumbList","@id":"https:\/\/radioinfinitagoya.com.ar\/v1\/2026\/03\/13\/colapinto-debuto-en-el-gran-premio-de-china-y-quedo-16-en-la-clasificacion-de-la-sprint\/#breadcrumb","itemListElement":[{"@type":"ListItem","position":1,"name":"Inicio","item":"https:\/\/radioinfinitagoya.com.ar\/v1\/"},{"@type":"ListItem","position":2,"name":"Colapinto debut\u00f3 en el Gran Premio de China y qued\u00f3 16\u00b0 en la clasificaci\u00f3n de la Sprint"}]},{"@type":"WebSite","@id":"https:\/\/radioinfinitagoya.com.ar\/v1\/#website","url":"https:\/\/radioinfinitagoya.com.ar\/v1\/","name":"radioinfinitagoya.com.ar","description":"Radio de noticias","publisher":{"@id":"https:\/\/radioinfinitagoya.com.ar\/v1\/#organization"},"potentialAction":[{"@type":"SearchAction","target":{"@type":"EntryPoint","urlTemplate":"https:\/\/radioinfinitagoya.com.ar\/v1\/?s={search_term_string}"},"query-input":{"@type":"PropertyValueSpecification","valueRequired":true,"valueName":"search_term_string"}}],"inLanguage":"es-AR"},{"@type":"Organization","@id":"https:\/\/radioinfinitagoya.com.ar\/v1\/#organization","name":"Radio Infinita Goya","url":"https:\/\/radioinfinitagoya.com.ar\/v1\/","logo":{"@type":"ImageObject","inLanguage":"es-AR","@id":"https:\/\/radioinfinitagoya.com.ar\/v1\/#\/schema\/logo\/image\/","url":"https:\/\/radioinfinitagoya.com.ar\/v1\/wp-content\/uploads\/2019\/11\/logo-pie-web.png","contentUrl":"https:\/\/radioinfinitagoya.com.ar\/v1\/wp-content\/uploads\/2019\/11\/logo-pie-web.png","width":635,"height":326,"caption":"Radio Infinita Goya"},"image":{"@id":"https:\/\/radioinfinitagoya.com.ar\/v1\/#\/schema\/logo\/image\/"},"sameAs":["https:\/\/www.facebook.com\/p\/Infinita-Goya-100063870918311\/"]},{"@type":"Person","@id":"https:\/\/radioinfinitagoya.com.ar\/v1\/#\/schema\/person\/d4cf9c413d4f6edb24aabdccab49ca4a","name":"Jorge Mi\u00f1o","image":{"@type":"ImageObject","inLanguage":"es-AR","@id":"https:\/\/secure.gravatar.com\/avatar\/910fcf6728fe95320e07a6643c1581fec1c7fc4bf8ae12e3d8f0d0373dc844be?s=96&d=mm&r=g","url":"https:\/\/secure.gravatar.com\/avatar\/910fcf6728fe95320e07a6643c1581fec1c7fc4bf8ae12e3d8f0d0373dc844be?s=96&d=mm&r=g","contentUrl":"https:\/\/secure.gravatar.com\/avatar\/910fcf6728fe95320e07a6643c1581fec1c7fc4bf8ae12e3d8f0d0373dc844be?s=96&d=mm&r=g","caption":"Jorge Mi\u00f1o"},"sameAs":["http:\/\/radioinfinitagoya.com.ar"]}]}},"_links":{"self":[{"href":"https:\/\/radioinfinitagoya.com.ar\/v1\/wp-json\/wp\/v2\/posts\/210150","targetHints":{"allow":["GET"]}}],"collection":[{"href":"https:\/\/radioinfinitagoya.com.ar\/v1\/wp-json\/wp\/v2\/posts"}],"about":[{"href":"https:\/\/radioinfinitagoya.com.ar\/v1\/wp-json\/wp\/v2\/types\/post"}],"author":[{"embeddable":true,"href":"https:\/\/radioinfinitagoya.com.ar\/v1\/wp-json\/wp\/v2\/users\/4"}],"replies":[{"embeddable":true,"href":"https:\/\/radioinfinitagoya.com.ar\/v1\/wp-json\/wp\/v2\/comments?post=210150"}],"version-history":[{"count":0,"href":"https:\/\/radioinfinitagoya.com.ar\/v1\/wp-json\/wp\/v2\/posts\/210150\/revisions"}],"wp:featuredmedia":[{"embeddable":true,"href":"https:\/\/radioinfinitagoya.com.ar\/v1\/wp-json\/wp\/v2\/media\/210151"}],"wp:attachment":[{"href":"https:\/\/radioinfinitagoya.com.ar\/v1\/wp-json\/wp\/v2\/media?parent=210150"}],"wp:term":[{"taxonomy":"category","embeddable":true,"href":"https:\/\/radioinfinitagoya.com.ar\/v1\/wp-json\/wp\/v2\/categories?post=210150"},{"taxonomy":"post_tag","embeddable":true,"href":"https:\/\/radioinfinitagoya.com.ar\/v1\/wp-json\/wp\/v2\/tags?post=210150"}],"curies":[{"name":"wp","href":"https:\/\/api.w.org\/{rel}","templated":true}]}}