{"id":210187,"date":"2026-03-13T17:58:39","date_gmt":"2026-03-13T20:58:39","guid":{"rendered":"https:\/\/radioinfinitagoya.com.ar\/v1\/?p=210187"},"modified":"2026-03-13T17:58:39","modified_gmt":"2026-03-13T20:58:39","slug":"la-provincia-de-corrientes-presento-la-campana-de-vacunacion-escolar-2026","status":"publish","type":"post","link":"https:\/\/radioinfinitagoya.com.ar\/v1\/2026\/03\/13\/la-provincia-de-corrientes-presento-la-campana-de-vacunacion-escolar-2026\/","title":{"rendered":"La Provincia de Corrientes present\u00f3 la Campa\u00f1a de Vacunaci\u00f3n Escolar 2026"},"content":{"rendered":"<p>En la Escuela N\u00b0 275 &#8220;Supervisor Isidro Moreira&#8221; del barrio Laguna Seca de Capital, el Gobierno Provincial present\u00f3 la Campa\u00f1a de Vacunaci\u00f3n Escolar 2026. A partir de la fecha, en las instituciones escolares de todas las localidades se colocar\u00e1n las dosis del Calendario Nacional de Vacunaci\u00f3n, con autorizaci\u00f3n previa de los tutores.<\/p>\n<p>El acto fue en la escuela primaria del barrio Laguna Seca. Estuvo el ministro de Salud P\u00fablica, Emilio Lanari Zubiaur y la ministra de Educaci\u00f3n, Ana Mi\u00f1o. El objetivo es completar el Calendario Nacional de Vacunaci\u00f3n.<\/p>\n<p>&#8220;Estamos dando inicio a la Campa\u00f1a de Vacunaci\u00f3n, quiero agradecer primero a los chicos y decirles que la vacuna sirve para prevenir enfermedades&#8221;, dijo el ministro de Salud P\u00fablica, Emilio Lanari Zubiaur y agreg\u00f3 que &#8220;las vacunas est\u00e1n disponibles para que puedan disfrutar de una vida sana&#8221;.<\/p>\n<p>Tambi\u00e9n, destac\u00f3 que &#8220;pensamos que la prevenci\u00f3n es una tarea prioritaria para que nuestros ni\u00f1os crezcan de una manera sana. Gracias a las autoridades presentes. Gracias a la ministra de Educaci\u00f3n, Ana Mi\u00f1o. Vamos a proceder con la tarea de cuidarnos entre todos&#8221;.<\/p>\n<p>Por su parte, la ministra de Educaci\u00f3n, Ana Mi\u00f1o, expres\u00f3 que esta campa\u00f1a es un trabajo coordinado entre Salud P\u00fablica y la cartera provincial que dirige, &#8220;para acompa\u00f1ar la salud de nuestros ni\u00f1os&#8221;.<\/p>\n<p>&#8220;Esta acci\u00f3n es una muestra del trabajo que se viene haciendo a nivel provincial, como integrantes de Gabinete. Nuestro gobernador Juan Pablo Vald\u00e9s nos solicita estar cerca de cada una de las comunidades. Es muy importante el trabajo interministerial ya que la tarea articulada entre Educaci\u00f3n y Salud permite fortalecer acciones de prevenci\u00f3n y acompa\u00f1amiento a familias&#8221;, dijo la ministra Mi\u00f1o y destac\u00f3 el trabajo de los docentes.<\/p>\n<p>La directora de Inmunizaciones, Marina Cantero, sostuvo que es una satisfacci\u00f3n iniciar con esta actividad donde el objetivo es completar los esquemas de vacunaci\u00f3n. Agradeci\u00f3 a los tutores por la colaboraci\u00f3n de siempre, a la ministra y a las instituciones escolares.<\/p>\n<p>&#8220;La vacuna es un escudo protector que previene diferentes enfermedades. Tenemos el Calendario Nacional con m\u00e1s de 17 vacunas que protegen m\u00e1s de 25 enfermedades, por eso es tan importante mantener esquemas actualizados&#8221;, dijo y detall\u00f3 las dosis que deben colocarse.<\/p>\n<p>A los cinco a\u00f1os, tienen que aplicarse 4 vacunas y una de ellas es contra la varicela; refuerzo de la Triple Viral; Triple Bacteriana; contra la Poliomelitis y, a los 11 a\u00f1os contra Meningococo, Fiebre Amarilla y refuerzo de Triple Bacteriana Acelular. Remarc\u00f3 que, tambi\u00e9n a los 11 a\u00f1os, una dosis \u00fanica de HPV, \u00e9sta previene el Virus de Papiloma Humano, en la mujer c\u00e1ncer de cuello uterino y en el hombre otros tipos de c\u00e1ncer.<\/p>\n<p>A la vez, la directora de la Escuela N\u00b0 275, Mar\u00eda de los \u00c1ngeles Lasala, se\u00f1al\u00f3 que &#8220;esto una clara muestra de compromiso de gesti\u00f3n, por la educaci\u00f3n p\u00fablica y la salud de toda la comunidad&#8221;. &#8220;Nos convoca una acci\u00f3n de enorme valor social. Como escuela tenemos valores fundamentales que son sumamente importante acompa\u00f1ar. Tenemos que fortalecer el cuidado para la prevenci\u00f3n y responsabilidad colectiva. Vacunarse es un acto de protecci\u00f3n, solidaridad y amor. Cada vacuna es una oportunidad para resguardar la salud de los ni\u00f1os y de toda la familia&#8221;, dijo.<\/p>\n<p>Estuvieron en el acto autoridades de ambos ministerios como tambi\u00e9n directivos del Gobierno Provincial. Al finalizar el mismo, se procedi\u00f3 a la vacunaci\u00f3n de estudiantes<\/p>\n<p>&nbsp;<\/p>\n","protected":false},"excerpt":{"rendered":"<p>En la Escuela N\u00b0 275 &#8220;Supervisor Isidro Moreira&#8221; del barrio Laguna Seca de Capital, el Gobierno Provincial present\u00f3 la Campa\u00f1a de Vacunaci\u00f3n Escolar 2026. A partir de la fecha, en las instituciones escolares de todas las localidades se colocar\u00e1n las dosis del Calendario Nacional de Vacunaci\u00f3n, con autorizaci\u00f3n previa de los tutores. El acto fue [&hellip;]<\/p>\n","protected":false},"author":4,"featured_media":210188,"comment_status":"open","ping_status":"open","sticky":false,"template":"","format":"standard","meta":{"_joinchat":[],"footnotes":""},"categories":[26],"tags":[],"class_list":{"0":"post-210187","1":"post","2":"type-post","3":"status-publish","4":"format-standard","5":"has-post-thumbnail","7":"category-provinciales"},"yoast_head":"<!-- This site is optimized with the Yoast SEO plugin v27.2 - https:\/\/yoast.com\/product\/yoast-seo-wordpress\/ -->\n<title>La Provincia de Corrientes present\u00f3 la Campa\u00f1a de Vacunaci\u00f3n Escolar 2026 - Radio Infinita Goya<\/title>\n<meta name=\"description\" content=\"En la Escuela N\u00b0 275 &quot;Supervisor Isidro Moreira&quot; del barrio Laguna Seca de Capital, el Gobierno Provincial present\u00f3 la Campa\u00f1a de Vacunaci\u00f3n Escolar 2026.\" \/>\n<meta name=\"robots\" content=\"index, follow, max-snippet:-1, max-image-preview:large, max-video-preview:-1\" \/>\n<link rel=\"canonical\" href=\"https:\/\/radioinfinitagoya.com.ar\/v1\/2026\/03\/13\/la-provincia-de-corrientes-presento-la-campana-de-vacunacion-escolar-2026\/\" \/>\n<meta property=\"og:locale\" content=\"es_ES\" \/>\n<meta property=\"og:type\" content=\"article\" \/>\n<meta property=\"og:title\" content=\"La Provincia de Corrientes present\u00f3 la Campa\u00f1a de Vacunaci\u00f3n Escolar 2026 - Radio Infinita Goya\" \/>\n<meta property=\"og:description\" content=\"En la Escuela N\u00b0 275 &quot;Supervisor Isidro Moreira&quot; del barrio Laguna Seca de Capital, el Gobierno Provincial present\u00f3 la Campa\u00f1a de Vacunaci\u00f3n Escolar 2026.\" \/>\n<meta property=\"og:url\" content=\"https:\/\/radioinfinitagoya.com.ar\/v1\/2026\/03\/13\/la-provincia-de-corrientes-presento-la-campana-de-vacunacion-escolar-2026\/\" \/>\n<meta property=\"og:site_name\" content=\"Radio Infinita Goya\" \/>\n<meta property=\"article:publisher\" content=\"https:\/\/www.facebook.com\/p\/Infinita-Goya-100063870918311\/\" \/>\n<meta property=\"article:published_time\" content=\"2026-03-13T20:58:39+00:00\" \/>\n<meta property=\"og:image\" content=\"https:\/\/radioinfinitagoya.com.ar\/v1\/wp-content\/uploads\/2026\/03\/282035w850h566c.jpg.webp\" \/>\n\t<meta property=\"og:image:width\" content=\"850\" \/>\n\t<meta property=\"og:image:height\" content=\"566\" \/>\n\t<meta property=\"og:image:type\" content=\"image\/webp\" \/>\n<meta name=\"author\" content=\"Jorge Mi\u00f1o\" \/>\n<meta name=\"twitter:card\" content=\"summary_large_image\" \/>\n<meta name=\"twitter:label1\" content=\"Escrito por\" \/>\n\t<meta name=\"twitter:data1\" content=\"Jorge Mi\u00f1o\" \/>\n\t<meta name=\"twitter:label2\" content=\"Tiempo de lectura\" \/>\n\t<meta name=\"twitter:data2\" content=\"3 minutos\" \/>\n<script type=\"application\/ld+json\" class=\"yoast-schema-graph\">{\"@context\":\"https:\/\/schema.org\",\"@graph\":[{\"@type\":\"Article\",\"@id\":\"https:\/\/radioinfinitagoya.com.ar\/v1\/2026\/03\/13\/la-provincia-de-corrientes-presento-la-campana-de-vacunacion-escolar-2026\/#article\",\"isPartOf\":{\"@id\":\"https:\/\/radioinfinitagoya.com.ar\/v1\/2026\/03\/13\/la-provincia-de-corrientes-presento-la-campana-de-vacunacion-escolar-2026\/\"},\"author\":{\"name\":\"Jorge Mi\u00f1o\",\"@id\":\"https:\/\/radioinfinitagoya.com.ar\/v1\/#\/schema\/person\/d4cf9c413d4f6edb24aabdccab49ca4a\"},\"headline\":\"La Provincia de Corrientes present\u00f3 la Campa\u00f1a de Vacunaci\u00f3n Escolar 2026\",\"datePublished\":\"2026-03-13T20:58:39+00:00\",\"mainEntityOfPage\":{\"@id\":\"https:\/\/radioinfinitagoya.com.ar\/v1\/2026\/03\/13\/la-provincia-de-corrientes-presento-la-campana-de-vacunacion-escolar-2026\/\"},\"wordCount\":612,\"commentCount\":0,\"publisher\":{\"@id\":\"https:\/\/radioinfinitagoya.com.ar\/v1\/#organization\"},\"image\":{\"@id\":\"https:\/\/radioinfinitagoya.com.ar\/v1\/2026\/03\/13\/la-provincia-de-corrientes-presento-la-campana-de-vacunacion-escolar-2026\/#primaryimage\"},\"thumbnailUrl\":\"https:\/\/radioinfinitagoya.com.ar\/v1\/wp-content\/uploads\/2026\/03\/282035w850h566c.jpg.webp\",\"articleSection\":[\"PROVINCIALES\"],\"inLanguage\":\"es-AR\",\"potentialAction\":[{\"@type\":\"CommentAction\",\"name\":\"Comment\",\"target\":[\"https:\/\/radioinfinitagoya.com.ar\/v1\/2026\/03\/13\/la-provincia-de-corrientes-presento-la-campana-de-vacunacion-escolar-2026\/#respond\"]}]},{\"@type\":\"WebPage\",\"@id\":\"https:\/\/radioinfinitagoya.com.ar\/v1\/2026\/03\/13\/la-provincia-de-corrientes-presento-la-campana-de-vacunacion-escolar-2026\/\",\"url\":\"https:\/\/radioinfinitagoya.com.ar\/v1\/2026\/03\/13\/la-provincia-de-corrientes-presento-la-campana-de-vacunacion-escolar-2026\/\",\"name\":\"La Provincia de Corrientes present\u00f3 la Campa\u00f1a de Vacunaci\u00f3n Escolar 2026 - Radio Infinita Goya\",\"isPartOf\":{\"@id\":\"https:\/\/radioinfinitagoya.com.ar\/v1\/#website\"},\"primaryImageOfPage\":{\"@id\":\"https:\/\/radioinfinitagoya.com.ar\/v1\/2026\/03\/13\/la-provincia-de-corrientes-presento-la-campana-de-vacunacion-escolar-2026\/#primaryimage\"},\"image\":{\"@id\":\"https:\/\/radioinfinitagoya.com.ar\/v1\/2026\/03\/13\/la-provincia-de-corrientes-presento-la-campana-de-vacunacion-escolar-2026\/#primaryimage\"},\"thumbnailUrl\":\"https:\/\/radioinfinitagoya.com.ar\/v1\/wp-content\/uploads\/2026\/03\/282035w850h566c.jpg.webp\",\"datePublished\":\"2026-03-13T20:58:39+00:00\",\"description\":\"En la Escuela N\u00b0 275 \\\"Supervisor Isidro Moreira\\\" del barrio Laguna Seca de Capital, el Gobierno Provincial present\u00f3 la Campa\u00f1a de Vacunaci\u00f3n Escolar 2026.\",\"breadcrumb\":{\"@id\":\"https:\/\/radioinfinitagoya.com.ar\/v1\/2026\/03\/13\/la-provincia-de-corrientes-presento-la-campana-de-vacunacion-escolar-2026\/#breadcrumb\"},\"inLanguage\":\"es-AR\",\"potentialAction\":[{\"@type\":\"ReadAction\",\"target\":[\"https:\/\/radioinfinitagoya.com.ar\/v1\/2026\/03\/13\/la-provincia-de-corrientes-presento-la-campana-de-vacunacion-escolar-2026\/\"]}]},{\"@type\":\"ImageObject\",\"inLanguage\":\"es-AR\",\"@id\":\"https:\/\/radioinfinitagoya.com.ar\/v1\/2026\/03\/13\/la-provincia-de-corrientes-presento-la-campana-de-vacunacion-escolar-2026\/#primaryimage\",\"url\":\"https:\/\/radioinfinitagoya.com.ar\/v1\/wp-content\/uploads\/2026\/03\/282035w850h566c.jpg.webp\",\"contentUrl\":\"https:\/\/radioinfinitagoya.com.ar\/v1\/wp-content\/uploads\/2026\/03\/282035w850h566c.jpg.webp\",\"width\":850,\"height\":566},{\"@type\":\"BreadcrumbList\",\"@id\":\"https:\/\/radioinfinitagoya.com.ar\/v1\/2026\/03\/13\/la-provincia-de-corrientes-presento-la-campana-de-vacunacion-escolar-2026\/#breadcrumb\",\"itemListElement\":[{\"@type\":\"ListItem\",\"position\":1,\"name\":\"Inicio\",\"item\":\"https:\/\/radioinfinitagoya.com.ar\/v1\/\"},{\"@type\":\"ListItem\",\"position\":2,\"name\":\"La Provincia de Corrientes present\u00f3 la Campa\u00f1a de Vacunaci\u00f3n Escolar 2026\"}]},{\"@type\":\"WebSite\",\"@id\":\"https:\/\/radioinfinitagoya.com.ar\/v1\/#website\",\"url\":\"https:\/\/radioinfinitagoya.com.ar\/v1\/\",\"name\":\"radioinfinitagoya.com.ar\",\"description\":\"Radio de noticias\",\"publisher\":{\"@id\":\"https:\/\/radioinfinitagoya.com.ar\/v1\/#organization\"},\"potentialAction\":[{\"@type\":\"SearchAction\",\"target\":{\"@type\":\"EntryPoint\",\"urlTemplate\":\"https:\/\/radioinfinitagoya.com.ar\/v1\/?s={search_term_string}\"},\"query-input\":{\"@type\":\"PropertyValueSpecification\",\"valueRequired\":true,\"valueName\":\"search_term_string\"}}],\"inLanguage\":\"es-AR\"},{\"@type\":\"Organization\",\"@id\":\"https:\/\/radioinfinitagoya.com.ar\/v1\/#organization\",\"name\":\"Radio Infinita Goya\",\"url\":\"https:\/\/radioinfinitagoya.com.ar\/v1\/\",\"logo\":{\"@type\":\"ImageObject\",\"inLanguage\":\"es-AR\",\"@id\":\"https:\/\/radioinfinitagoya.com.ar\/v1\/#\/schema\/logo\/image\/\",\"url\":\"https:\/\/radioinfinitagoya.com.ar\/v1\/wp-content\/uploads\/2019\/11\/logo-pie-web.png\",\"contentUrl\":\"https:\/\/radioinfinitagoya.com.ar\/v1\/wp-content\/uploads\/2019\/11\/logo-pie-web.png\",\"width\":635,\"height\":326,\"caption\":\"Radio Infinita Goya\"},\"image\":{\"@id\":\"https:\/\/radioinfinitagoya.com.ar\/v1\/#\/schema\/logo\/image\/\"},\"sameAs\":[\"https:\/\/www.facebook.com\/p\/Infinita-Goya-100063870918311\/\"]},{\"@type\":\"Person\",\"@id\":\"https:\/\/radioinfinitagoya.com.ar\/v1\/#\/schema\/person\/d4cf9c413d4f6edb24aabdccab49ca4a\",\"name\":\"Jorge Mi\u00f1o\",\"image\":{\"@type\":\"ImageObject\",\"inLanguage\":\"es-AR\",\"@id\":\"https:\/\/secure.gravatar.com\/avatar\/910fcf6728fe95320e07a6643c1581fec1c7fc4bf8ae12e3d8f0d0373dc844be?s=96&d=mm&r=g\",\"url\":\"https:\/\/secure.gravatar.com\/avatar\/910fcf6728fe95320e07a6643c1581fec1c7fc4bf8ae12e3d8f0d0373dc844be?s=96&d=mm&r=g\",\"contentUrl\":\"https:\/\/secure.gravatar.com\/avatar\/910fcf6728fe95320e07a6643c1581fec1c7fc4bf8ae12e3d8f0d0373dc844be?s=96&d=mm&r=g\",\"caption\":\"Jorge Mi\u00f1o\"},\"sameAs\":[\"http:\/\/radioinfinitagoya.com.ar\"]}]}<\/script>\n<!-- \/ Yoast SEO plugin. -->","yoast_head_json":{"title":"La Provincia de Corrientes present\u00f3 la Campa\u00f1a de Vacunaci\u00f3n Escolar 2026 - Radio Infinita Goya","description":"En la Escuela N\u00b0 275 \"Supervisor Isidro Moreira\" del barrio Laguna Seca de Capital, el Gobierno Provincial present\u00f3 la Campa\u00f1a de Vacunaci\u00f3n Escolar 2026.","robots":{"index":"index","follow":"follow","max-snippet":"max-snippet:-1","max-image-preview":"max-image-preview:large","max-video-preview":"max-video-preview:-1"},"canonical":"https:\/\/radioinfinitagoya.com.ar\/v1\/2026\/03\/13\/la-provincia-de-corrientes-presento-la-campana-de-vacunacion-escolar-2026\/","og_locale":"es_ES","og_type":"article","og_title":"La Provincia de Corrientes present\u00f3 la Campa\u00f1a de Vacunaci\u00f3n Escolar 2026 - Radio Infinita Goya","og_description":"En la Escuela N\u00b0 275 \"Supervisor Isidro Moreira\" del barrio Laguna Seca de Capital, el Gobierno Provincial present\u00f3 la Campa\u00f1a de Vacunaci\u00f3n Escolar 2026.","og_url":"https:\/\/radioinfinitagoya.com.ar\/v1\/2026\/03\/13\/la-provincia-de-corrientes-presento-la-campana-de-vacunacion-escolar-2026\/","og_site_name":"Radio Infinita Goya","article_publisher":"https:\/\/www.facebook.com\/p\/Infinita-Goya-100063870918311\/","article_published_time":"2026-03-13T20:58:39+00:00","og_image":[{"width":850,"height":566,"url":"https:\/\/radioinfinitagoya.com.ar\/v1\/wp-content\/uploads\/2026\/03\/282035w850h566c.jpg.webp","type":"image\/webp"}],"author":"Jorge Mi\u00f1o","twitter_card":"summary_large_image","twitter_misc":{"Escrito por":"Jorge Mi\u00f1o","Tiempo de lectura":"3 minutos"},"schema":{"@context":"https:\/\/schema.org","@graph":[{"@type":"Article","@id":"https:\/\/radioinfinitagoya.com.ar\/v1\/2026\/03\/13\/la-provincia-de-corrientes-presento-la-campana-de-vacunacion-escolar-2026\/#article","isPartOf":{"@id":"https:\/\/radioinfinitagoya.com.ar\/v1\/2026\/03\/13\/la-provincia-de-corrientes-presento-la-campana-de-vacunacion-escolar-2026\/"},"author":{"name":"Jorge Mi\u00f1o","@id":"https:\/\/radioinfinitagoya.com.ar\/v1\/#\/schema\/person\/d4cf9c413d4f6edb24aabdccab49ca4a"},"headline":"La Provincia de Corrientes present\u00f3 la Campa\u00f1a de Vacunaci\u00f3n Escolar 2026","datePublished":"2026-03-13T20:58:39+00:00","mainEntityOfPage":{"@id":"https:\/\/radioinfinitagoya.com.ar\/v1\/2026\/03\/13\/la-provincia-de-corrientes-presento-la-campana-de-vacunacion-escolar-2026\/"},"wordCount":612,"commentCount":0,"publisher":{"@id":"https:\/\/radioinfinitagoya.com.ar\/v1\/#organization"},"image":{"@id":"https:\/\/radioinfinitagoya.com.ar\/v1\/2026\/03\/13\/la-provincia-de-corrientes-presento-la-campana-de-vacunacion-escolar-2026\/#primaryimage"},"thumbnailUrl":"https:\/\/radioinfinitagoya.com.ar\/v1\/wp-content\/uploads\/2026\/03\/282035w850h566c.jpg.webp","articleSection":["PROVINCIALES"],"inLanguage":"es-AR","potentialAction":[{"@type":"CommentAction","name":"Comment","target":["https:\/\/radioinfinitagoya.com.ar\/v1\/2026\/03\/13\/la-provincia-de-corrientes-presento-la-campana-de-vacunacion-escolar-2026\/#respond"]}]},{"@type":"WebPage","@id":"https:\/\/radioinfinitagoya.com.ar\/v1\/2026\/03\/13\/la-provincia-de-corrientes-presento-la-campana-de-vacunacion-escolar-2026\/","url":"https:\/\/radioinfinitagoya.com.ar\/v1\/2026\/03\/13\/la-provincia-de-corrientes-presento-la-campana-de-vacunacion-escolar-2026\/","name":"La Provincia de Corrientes present\u00f3 la Campa\u00f1a de Vacunaci\u00f3n Escolar 2026 - Radio Infinita Goya","isPartOf":{"@id":"https:\/\/radioinfinitagoya.com.ar\/v1\/#website"},"primaryImageOfPage":{"@id":"https:\/\/radioinfinitagoya.com.ar\/v1\/2026\/03\/13\/la-provincia-de-corrientes-presento-la-campana-de-vacunacion-escolar-2026\/#primaryimage"},"image":{"@id":"https:\/\/radioinfinitagoya.com.ar\/v1\/2026\/03\/13\/la-provincia-de-corrientes-presento-la-campana-de-vacunacion-escolar-2026\/#primaryimage"},"thumbnailUrl":"https:\/\/radioinfinitagoya.com.ar\/v1\/wp-content\/uploads\/2026\/03\/282035w850h566c.jpg.webp","datePublished":"2026-03-13T20:58:39+00:00","description":"En la Escuela N\u00b0 275 \"Supervisor Isidro Moreira\" del barrio Laguna Seca de Capital, el Gobierno Provincial present\u00f3 la Campa\u00f1a de Vacunaci\u00f3n Escolar 2026.","breadcrumb":{"@id":"https:\/\/radioinfinitagoya.com.ar\/v1\/2026\/03\/13\/la-provincia-de-corrientes-presento-la-campana-de-vacunacion-escolar-2026\/#breadcrumb"},"inLanguage":"es-AR","potentialAction":[{"@type":"ReadAction","target":["https:\/\/radioinfinitagoya.com.ar\/v1\/2026\/03\/13\/la-provincia-de-corrientes-presento-la-campana-de-vacunacion-escolar-2026\/"]}]},{"@type":"ImageObject","inLanguage":"es-AR","@id":"https:\/\/radioinfinitagoya.com.ar\/v1\/2026\/03\/13\/la-provincia-de-corrientes-presento-la-campana-de-vacunacion-escolar-2026\/#primaryimage","url":"https:\/\/radioinfinitagoya.com.ar\/v1\/wp-content\/uploads\/2026\/03\/282035w850h566c.jpg.webp","contentUrl":"https:\/\/radioinfinitagoya.com.ar\/v1\/wp-content\/uploads\/2026\/03\/282035w850h566c.jpg.webp","width":850,"height":566},{"@type":"BreadcrumbList","@id":"https:\/\/radioinfinitagoya.com.ar\/v1\/2026\/03\/13\/la-provincia-de-corrientes-presento-la-campana-de-vacunacion-escolar-2026\/#breadcrumb","itemListElement":[{"@type":"ListItem","position":1,"name":"Inicio","item":"https:\/\/radioinfinitagoya.com.ar\/v1\/"},{"@type":"ListItem","position":2,"name":"La Provincia de Corrientes present\u00f3 la Campa\u00f1a de Vacunaci\u00f3n Escolar 2026"}]},{"@type":"WebSite","@id":"https:\/\/radioinfinitagoya.com.ar\/v1\/#website","url":"https:\/\/radioinfinitagoya.com.ar\/v1\/","name":"radioinfinitagoya.com.ar","description":"Radio de noticias","publisher":{"@id":"https:\/\/radioinfinitagoya.com.ar\/v1\/#organization"},"potentialAction":[{"@type":"SearchAction","target":{"@type":"EntryPoint","urlTemplate":"https:\/\/radioinfinitagoya.com.ar\/v1\/?s={search_term_string}"},"query-input":{"@type":"PropertyValueSpecification","valueRequired":true,"valueName":"search_term_string"}}],"inLanguage":"es-AR"},{"@type":"Organization","@id":"https:\/\/radioinfinitagoya.com.ar\/v1\/#organization","name":"Radio Infinita Goya","url":"https:\/\/radioinfinitagoya.com.ar\/v1\/","logo":{"@type":"ImageObject","inLanguage":"es-AR","@id":"https:\/\/radioinfinitagoya.com.ar\/v1\/#\/schema\/logo\/image\/","url":"https:\/\/radioinfinitagoya.com.ar\/v1\/wp-content\/uploads\/2019\/11\/logo-pie-web.png","contentUrl":"https:\/\/radioinfinitagoya.com.ar\/v1\/wp-content\/uploads\/2019\/11\/logo-pie-web.png","width":635,"height":326,"caption":"Radio Infinita Goya"},"image":{"@id":"https:\/\/radioinfinitagoya.com.ar\/v1\/#\/schema\/logo\/image\/"},"sameAs":["https:\/\/www.facebook.com\/p\/Infinita-Goya-100063870918311\/"]},{"@type":"Person","@id":"https:\/\/radioinfinitagoya.com.ar\/v1\/#\/schema\/person\/d4cf9c413d4f6edb24aabdccab49ca4a","name":"Jorge Mi\u00f1o","image":{"@type":"ImageObject","inLanguage":"es-AR","@id":"https:\/\/secure.gravatar.com\/avatar\/910fcf6728fe95320e07a6643c1581fec1c7fc4bf8ae12e3d8f0d0373dc844be?s=96&d=mm&r=g","url":"https:\/\/secure.gravatar.com\/avatar\/910fcf6728fe95320e07a6643c1581fec1c7fc4bf8ae12e3d8f0d0373dc844be?s=96&d=mm&r=g","contentUrl":"https:\/\/secure.gravatar.com\/avatar\/910fcf6728fe95320e07a6643c1581fec1c7fc4bf8ae12e3d8f0d0373dc844be?s=96&d=mm&r=g","caption":"Jorge Mi\u00f1o"},"sameAs":["http:\/\/radioinfinitagoya.com.ar"]}]}},"_links":{"self":[{"href":"https:\/\/radioinfinitagoya.com.ar\/v1\/wp-json\/wp\/v2\/posts\/210187","targetHints":{"allow":["GET"]}}],"collection":[{"href":"https:\/\/radioinfinitagoya.com.ar\/v1\/wp-json\/wp\/v2\/posts"}],"about":[{"href":"https:\/\/radioinfinitagoya.com.ar\/v1\/wp-json\/wp\/v2\/types\/post"}],"author":[{"embeddable":true,"href":"https:\/\/radioinfinitagoya.com.ar\/v1\/wp-json\/wp\/v2\/users\/4"}],"replies":[{"embeddable":true,"href":"https:\/\/radioinfinitagoya.com.ar\/v1\/wp-json\/wp\/v2\/comments?post=210187"}],"version-history":[{"count":0,"href":"https:\/\/radioinfinitagoya.com.ar\/v1\/wp-json\/wp\/v2\/posts\/210187\/revisions"}],"wp:featuredmedia":[{"embeddable":true,"href":"https:\/\/radioinfinitagoya.com.ar\/v1\/wp-json\/wp\/v2\/media\/210188"}],"wp:attachment":[{"href":"https:\/\/radioinfinitagoya.com.ar\/v1\/wp-json\/wp\/v2\/media?parent=210187"}],"wp:term":[{"taxonomy":"category","embeddable":true,"href":"https:\/\/radioinfinitagoya.com.ar\/v1\/wp-json\/wp\/v2\/categories?post=210187"},{"taxonomy":"post_tag","embeddable":true,"href":"https:\/\/radioinfinitagoya.com.ar\/v1\/wp-json\/wp\/v2\/tags?post=210187"}],"curies":[{"name":"wp","href":"https:\/\/api.w.org\/{rel}","templated":true}]}}