{"id":210193,"date":"2026-03-14T17:26:00","date_gmt":"2026-03-14T20:26:00","guid":{"rendered":"https:\/\/radioinfinitagoya.com.ar\/v1\/?p=210193"},"modified":"2026-03-14T17:26:00","modified_gmt":"2026-03-14T20:26:00","slug":"mariano-hormaechea-anuncio-la-inauguracion-de-la-nueva-costanera-de-goya","status":"publish","type":"post","link":"https:\/\/radioinfinitagoya.com.ar\/v1\/2026\/03\/14\/mariano-hormaechea-anuncio-la-inauguracion-de-la-nueva-costanera-de-goya\/","title":{"rendered":"Mariano Hormaechea anunci\u00f3 la inauguraci\u00f3n de la Nueva Costanera de Goya"},"content":{"rendered":"<p>El intendente de Goya, habl\u00f3 sobre los avances de la costanera que se encuentra en la etapa final. Se trata de una megaobra multimillonaria que representar\u00e1 un hito en la historia de Goya y el turismo de toda la regi\u00f3n. Todo se acelera para estrenarla en la Fiesta Nacional del Surub\u00ed 2026.<\/p>\n<p>Mariano Hormaechea comenz\u00f3 diciendo: \u201cEstuvimos recorriendo estos d\u00edas nuestra nueva costanera, est\u00e1 quedando muy linda. Tuvimos la oportunidad de recorrer con el equipo de obra. Con muchas expectativas y ansiedad\u201d. Expres\u00f3 con gran entusiasmo pensando en lo que esto significa para nuestra ciudad.<\/p>\n<p>Luego, con entusiasmo, se apresur\u00f3 a anunciar: \u201cSi Dios quiere antes de la Fiesta Nacional del Surub\u00ed estar\u00edamos inaugurando teniendo nuestra costanera nueva&#8221;.<\/p>\n<p>Adem\u00e1s, destac\u00f3 el dise\u00f1o arquitect\u00f3nico de la obra que presenta una estructura ideal para disfrutar del espect\u00e1culo de largada de lanchas del Mundial de Pesca. El intendente explic\u00f3 que cuenta con un paseo peatonal superior e inferior. &#8220;Se pens\u00f3 para que eso sea una especie de tribuna para poder ver la largada de nuestra fiesta nacional del surub\u00ed\u201d, coment\u00f3.<\/p>\n<p>La nueva costanera ser\u00e1 moderna e inclusiva, con un panorama donde se podr\u00e1 observar al r\u00edo Paran\u00e1 en todo su esplendor. Ubicada en un lugar hist\u00f3rico, el viejo amarradero del viento, que relata el poema interpretado por G\u00f3mez Mu\u00f1oz en la apertura del Surub\u00ed y mueve nuestros corazones. Ser\u00e1 un antes y un despu\u00e9s en la vida de todos los goyanos.<\/p>\n<p>&nbsp;<\/p>\n<p>&nbsp;<\/p>\n<p>&nbsp;<\/p>\n","protected":false},"excerpt":{"rendered":"<p>El intendente de Goya, habl\u00f3 sobre los avances de la costanera que se encuentra en la etapa final. Se trata de una megaobra multimillonaria que representar\u00e1 un hito en la historia de Goya y el turismo de toda la regi\u00f3n. Todo se acelera para estrenarla en la Fiesta Nacional del Surub\u00ed 2026. Mariano Hormaechea comenz\u00f3 [&hellip;]<\/p>\n","protected":false},"author":4,"featured_media":210194,"comment_status":"open","ping_status":"open","sticky":false,"template":"","format":"standard","meta":{"_joinchat":[],"footnotes":""},"categories":[27],"tags":[],"class_list":{"0":"post-210193","1":"post","2":"type-post","3":"status-publish","4":"format-standard","5":"has-post-thumbnail","7":"category-locales"},"yoast_head":"<!-- This site is optimized with the Yoast SEO plugin v27.2 - https:\/\/yoast.com\/product\/yoast-seo-wordpress\/ -->\n<title>Mariano Hormaechea anunci\u00f3 la inauguraci\u00f3n de la Nueva Costanera de Goya - Radio Infinita Goya<\/title>\n<meta name=\"description\" content=\"El intendente de Goya, habl\u00f3 sobre los avances de la costanera que se encuentra en la etapa final. Se trata de una megaobra multimillonaria que\" \/>\n<meta name=\"robots\" content=\"index, follow, max-snippet:-1, max-image-preview:large, max-video-preview:-1\" \/>\n<link rel=\"canonical\" href=\"https:\/\/radioinfinitagoya.com.ar\/v1\/2026\/03\/14\/mariano-hormaechea-anuncio-la-inauguracion-de-la-nueva-costanera-de-goya\/\" \/>\n<meta property=\"og:locale\" content=\"es_ES\" \/>\n<meta property=\"og:type\" content=\"article\" \/>\n<meta property=\"og:title\" content=\"Mariano Hormaechea anunci\u00f3 la inauguraci\u00f3n de la Nueva Costanera de Goya - Radio Infinita Goya\" \/>\n<meta property=\"og:description\" content=\"El intendente de Goya, habl\u00f3 sobre los avances de la costanera que se encuentra en la etapa final. Se trata de una megaobra multimillonaria que\" \/>\n<meta property=\"og:url\" content=\"https:\/\/radioinfinitagoya.com.ar\/v1\/2026\/03\/14\/mariano-hormaechea-anuncio-la-inauguracion-de-la-nueva-costanera-de-goya\/\" \/>\n<meta property=\"og:site_name\" content=\"Radio Infinita Goya\" \/>\n<meta property=\"article:publisher\" content=\"https:\/\/www.facebook.com\/p\/Infinita-Goya-100063870918311\/\" \/>\n<meta property=\"article:published_time\" content=\"2026-03-14T20:26:00+00:00\" \/>\n<meta property=\"og:image\" content=\"https:\/\/radioinfinitagoya.com.ar\/v1\/wp-content\/uploads\/2026\/03\/goya_crece_nueva_costaner-696x392-1.jpg\" \/>\n\t<meta property=\"og:image:width\" content=\"696\" \/>\n\t<meta property=\"og:image:height\" content=\"392\" \/>\n\t<meta property=\"og:image:type\" content=\"image\/jpeg\" \/>\n<meta name=\"author\" content=\"Jorge Mi\u00f1o\" \/>\n<meta name=\"twitter:card\" content=\"summary_large_image\" \/>\n<meta name=\"twitter:label1\" content=\"Escrito por\" \/>\n\t<meta name=\"twitter:data1\" content=\"Jorge Mi\u00f1o\" \/>\n\t<meta name=\"twitter:label2\" content=\"Tiempo de lectura\" \/>\n\t<meta name=\"twitter:data2\" content=\"2 minutos\" \/>\n<script type=\"application\/ld+json\" class=\"yoast-schema-graph\">{\"@context\":\"https:\/\/schema.org\",\"@graph\":[{\"@type\":\"Article\",\"@id\":\"https:\/\/radioinfinitagoya.com.ar\/v1\/2026\/03\/14\/mariano-hormaechea-anuncio-la-inauguracion-de-la-nueva-costanera-de-goya\/#article\",\"isPartOf\":{\"@id\":\"https:\/\/radioinfinitagoya.com.ar\/v1\/2026\/03\/14\/mariano-hormaechea-anuncio-la-inauguracion-de-la-nueva-costanera-de-goya\/\"},\"author\":{\"name\":\"Jorge Mi\u00f1o\",\"@id\":\"https:\/\/radioinfinitagoya.com.ar\/v1\/#\/schema\/person\/d4cf9c413d4f6edb24aabdccab49ca4a\"},\"headline\":\"Mariano Hormaechea anunci\u00f3 la inauguraci\u00f3n de la Nueva Costanera de Goya\",\"datePublished\":\"2026-03-14T20:26:00+00:00\",\"mainEntityOfPage\":{\"@id\":\"https:\/\/radioinfinitagoya.com.ar\/v1\/2026\/03\/14\/mariano-hormaechea-anuncio-la-inauguracion-de-la-nueva-costanera-de-goya\/\"},\"wordCount\":264,\"commentCount\":0,\"publisher\":{\"@id\":\"https:\/\/radioinfinitagoya.com.ar\/v1\/#organization\"},\"image\":{\"@id\":\"https:\/\/radioinfinitagoya.com.ar\/v1\/2026\/03\/14\/mariano-hormaechea-anuncio-la-inauguracion-de-la-nueva-costanera-de-goya\/#primaryimage\"},\"thumbnailUrl\":\"https:\/\/radioinfinitagoya.com.ar\/v1\/wp-content\/uploads\/2026\/03\/goya_crece_nueva_costaner-696x392-1.jpg\",\"articleSection\":[\"LOCALES\"],\"inLanguage\":\"es-AR\",\"potentialAction\":[{\"@type\":\"CommentAction\",\"name\":\"Comment\",\"target\":[\"https:\/\/radioinfinitagoya.com.ar\/v1\/2026\/03\/14\/mariano-hormaechea-anuncio-la-inauguracion-de-la-nueva-costanera-de-goya\/#respond\"]}]},{\"@type\":\"WebPage\",\"@id\":\"https:\/\/radioinfinitagoya.com.ar\/v1\/2026\/03\/14\/mariano-hormaechea-anuncio-la-inauguracion-de-la-nueva-costanera-de-goya\/\",\"url\":\"https:\/\/radioinfinitagoya.com.ar\/v1\/2026\/03\/14\/mariano-hormaechea-anuncio-la-inauguracion-de-la-nueva-costanera-de-goya\/\",\"name\":\"Mariano Hormaechea anunci\u00f3 la inauguraci\u00f3n de la Nueva Costanera de Goya - Radio Infinita Goya\",\"isPartOf\":{\"@id\":\"https:\/\/radioinfinitagoya.com.ar\/v1\/#website\"},\"primaryImageOfPage\":{\"@id\":\"https:\/\/radioinfinitagoya.com.ar\/v1\/2026\/03\/14\/mariano-hormaechea-anuncio-la-inauguracion-de-la-nueva-costanera-de-goya\/#primaryimage\"},\"image\":{\"@id\":\"https:\/\/radioinfinitagoya.com.ar\/v1\/2026\/03\/14\/mariano-hormaechea-anuncio-la-inauguracion-de-la-nueva-costanera-de-goya\/#primaryimage\"},\"thumbnailUrl\":\"https:\/\/radioinfinitagoya.com.ar\/v1\/wp-content\/uploads\/2026\/03\/goya_crece_nueva_costaner-696x392-1.jpg\",\"datePublished\":\"2026-03-14T20:26:00+00:00\",\"description\":\"El intendente de Goya, habl\u00f3 sobre los avances de la costanera que se encuentra en la etapa final. Se trata de una megaobra multimillonaria que\",\"breadcrumb\":{\"@id\":\"https:\/\/radioinfinitagoya.com.ar\/v1\/2026\/03\/14\/mariano-hormaechea-anuncio-la-inauguracion-de-la-nueva-costanera-de-goya\/#breadcrumb\"},\"inLanguage\":\"es-AR\",\"potentialAction\":[{\"@type\":\"ReadAction\",\"target\":[\"https:\/\/radioinfinitagoya.com.ar\/v1\/2026\/03\/14\/mariano-hormaechea-anuncio-la-inauguracion-de-la-nueva-costanera-de-goya\/\"]}]},{\"@type\":\"ImageObject\",\"inLanguage\":\"es-AR\",\"@id\":\"https:\/\/radioinfinitagoya.com.ar\/v1\/2026\/03\/14\/mariano-hormaechea-anuncio-la-inauguracion-de-la-nueva-costanera-de-goya\/#primaryimage\",\"url\":\"https:\/\/radioinfinitagoya.com.ar\/v1\/wp-content\/uploads\/2026\/03\/goya_crece_nueva_costaner-696x392-1.jpg\",\"contentUrl\":\"https:\/\/radioinfinitagoya.com.ar\/v1\/wp-content\/uploads\/2026\/03\/goya_crece_nueva_costaner-696x392-1.jpg\",\"width\":696,\"height\":392},{\"@type\":\"BreadcrumbList\",\"@id\":\"https:\/\/radioinfinitagoya.com.ar\/v1\/2026\/03\/14\/mariano-hormaechea-anuncio-la-inauguracion-de-la-nueva-costanera-de-goya\/#breadcrumb\",\"itemListElement\":[{\"@type\":\"ListItem\",\"position\":1,\"name\":\"Inicio\",\"item\":\"https:\/\/radioinfinitagoya.com.ar\/v1\/\"},{\"@type\":\"ListItem\",\"position\":2,\"name\":\"Mariano Hormaechea anunci\u00f3 la inauguraci\u00f3n de la Nueva Costanera de Goya\"}]},{\"@type\":\"WebSite\",\"@id\":\"https:\/\/radioinfinitagoya.com.ar\/v1\/#website\",\"url\":\"https:\/\/radioinfinitagoya.com.ar\/v1\/\",\"name\":\"radioinfinitagoya.com.ar\",\"description\":\"Radio de noticias\",\"publisher\":{\"@id\":\"https:\/\/radioinfinitagoya.com.ar\/v1\/#organization\"},\"potentialAction\":[{\"@type\":\"SearchAction\",\"target\":{\"@type\":\"EntryPoint\",\"urlTemplate\":\"https:\/\/radioinfinitagoya.com.ar\/v1\/?s={search_term_string}\"},\"query-input\":{\"@type\":\"PropertyValueSpecification\",\"valueRequired\":true,\"valueName\":\"search_term_string\"}}],\"inLanguage\":\"es-AR\"},{\"@type\":\"Organization\",\"@id\":\"https:\/\/radioinfinitagoya.com.ar\/v1\/#organization\",\"name\":\"Radio Infinita Goya\",\"url\":\"https:\/\/radioinfinitagoya.com.ar\/v1\/\",\"logo\":{\"@type\":\"ImageObject\",\"inLanguage\":\"es-AR\",\"@id\":\"https:\/\/radioinfinitagoya.com.ar\/v1\/#\/schema\/logo\/image\/\",\"url\":\"https:\/\/radioinfinitagoya.com.ar\/v1\/wp-content\/uploads\/2019\/11\/logo-pie-web.png\",\"contentUrl\":\"https:\/\/radioinfinitagoya.com.ar\/v1\/wp-content\/uploads\/2019\/11\/logo-pie-web.png\",\"width\":635,\"height\":326,\"caption\":\"Radio Infinita Goya\"},\"image\":{\"@id\":\"https:\/\/radioinfinitagoya.com.ar\/v1\/#\/schema\/logo\/image\/\"},\"sameAs\":[\"https:\/\/www.facebook.com\/p\/Infinita-Goya-100063870918311\/\"]},{\"@type\":\"Person\",\"@id\":\"https:\/\/radioinfinitagoya.com.ar\/v1\/#\/schema\/person\/d4cf9c413d4f6edb24aabdccab49ca4a\",\"name\":\"Jorge Mi\u00f1o\",\"image\":{\"@type\":\"ImageObject\",\"inLanguage\":\"es-AR\",\"@id\":\"https:\/\/secure.gravatar.com\/avatar\/910fcf6728fe95320e07a6643c1581fec1c7fc4bf8ae12e3d8f0d0373dc844be?s=96&d=mm&r=g\",\"url\":\"https:\/\/secure.gravatar.com\/avatar\/910fcf6728fe95320e07a6643c1581fec1c7fc4bf8ae12e3d8f0d0373dc844be?s=96&d=mm&r=g\",\"contentUrl\":\"https:\/\/secure.gravatar.com\/avatar\/910fcf6728fe95320e07a6643c1581fec1c7fc4bf8ae12e3d8f0d0373dc844be?s=96&d=mm&r=g\",\"caption\":\"Jorge Mi\u00f1o\"},\"sameAs\":[\"http:\/\/radioinfinitagoya.com.ar\"]}]}<\/script>\n<!-- \/ Yoast SEO plugin. -->","yoast_head_json":{"title":"Mariano Hormaechea anunci\u00f3 la inauguraci\u00f3n de la Nueva Costanera de Goya - Radio Infinita Goya","description":"El intendente de Goya, habl\u00f3 sobre los avances de la costanera que se encuentra en la etapa final. Se trata de una megaobra multimillonaria que","robots":{"index":"index","follow":"follow","max-snippet":"max-snippet:-1","max-image-preview":"max-image-preview:large","max-video-preview":"max-video-preview:-1"},"canonical":"https:\/\/radioinfinitagoya.com.ar\/v1\/2026\/03\/14\/mariano-hormaechea-anuncio-la-inauguracion-de-la-nueva-costanera-de-goya\/","og_locale":"es_ES","og_type":"article","og_title":"Mariano Hormaechea anunci\u00f3 la inauguraci\u00f3n de la Nueva Costanera de Goya - Radio Infinita Goya","og_description":"El intendente de Goya, habl\u00f3 sobre los avances de la costanera que se encuentra en la etapa final. Se trata de una megaobra multimillonaria que","og_url":"https:\/\/radioinfinitagoya.com.ar\/v1\/2026\/03\/14\/mariano-hormaechea-anuncio-la-inauguracion-de-la-nueva-costanera-de-goya\/","og_site_name":"Radio Infinita Goya","article_publisher":"https:\/\/www.facebook.com\/p\/Infinita-Goya-100063870918311\/","article_published_time":"2026-03-14T20:26:00+00:00","og_image":[{"width":696,"height":392,"url":"https:\/\/radioinfinitagoya.com.ar\/v1\/wp-content\/uploads\/2026\/03\/goya_crece_nueva_costaner-696x392-1.jpg","type":"image\/jpeg"}],"author":"Jorge Mi\u00f1o","twitter_card":"summary_large_image","twitter_misc":{"Escrito por":"Jorge Mi\u00f1o","Tiempo de lectura":"2 minutos"},"schema":{"@context":"https:\/\/schema.org","@graph":[{"@type":"Article","@id":"https:\/\/radioinfinitagoya.com.ar\/v1\/2026\/03\/14\/mariano-hormaechea-anuncio-la-inauguracion-de-la-nueva-costanera-de-goya\/#article","isPartOf":{"@id":"https:\/\/radioinfinitagoya.com.ar\/v1\/2026\/03\/14\/mariano-hormaechea-anuncio-la-inauguracion-de-la-nueva-costanera-de-goya\/"},"author":{"name":"Jorge Mi\u00f1o","@id":"https:\/\/radioinfinitagoya.com.ar\/v1\/#\/schema\/person\/d4cf9c413d4f6edb24aabdccab49ca4a"},"headline":"Mariano Hormaechea anunci\u00f3 la inauguraci\u00f3n de la Nueva Costanera de Goya","datePublished":"2026-03-14T20:26:00+00:00","mainEntityOfPage":{"@id":"https:\/\/radioinfinitagoya.com.ar\/v1\/2026\/03\/14\/mariano-hormaechea-anuncio-la-inauguracion-de-la-nueva-costanera-de-goya\/"},"wordCount":264,"commentCount":0,"publisher":{"@id":"https:\/\/radioinfinitagoya.com.ar\/v1\/#organization"},"image":{"@id":"https:\/\/radioinfinitagoya.com.ar\/v1\/2026\/03\/14\/mariano-hormaechea-anuncio-la-inauguracion-de-la-nueva-costanera-de-goya\/#primaryimage"},"thumbnailUrl":"https:\/\/radioinfinitagoya.com.ar\/v1\/wp-content\/uploads\/2026\/03\/goya_crece_nueva_costaner-696x392-1.jpg","articleSection":["LOCALES"],"inLanguage":"es-AR","potentialAction":[{"@type":"CommentAction","name":"Comment","target":["https:\/\/radioinfinitagoya.com.ar\/v1\/2026\/03\/14\/mariano-hormaechea-anuncio-la-inauguracion-de-la-nueva-costanera-de-goya\/#respond"]}]},{"@type":"WebPage","@id":"https:\/\/radioinfinitagoya.com.ar\/v1\/2026\/03\/14\/mariano-hormaechea-anuncio-la-inauguracion-de-la-nueva-costanera-de-goya\/","url":"https:\/\/radioinfinitagoya.com.ar\/v1\/2026\/03\/14\/mariano-hormaechea-anuncio-la-inauguracion-de-la-nueva-costanera-de-goya\/","name":"Mariano Hormaechea anunci\u00f3 la inauguraci\u00f3n de la Nueva Costanera de Goya - Radio Infinita Goya","isPartOf":{"@id":"https:\/\/radioinfinitagoya.com.ar\/v1\/#website"},"primaryImageOfPage":{"@id":"https:\/\/radioinfinitagoya.com.ar\/v1\/2026\/03\/14\/mariano-hormaechea-anuncio-la-inauguracion-de-la-nueva-costanera-de-goya\/#primaryimage"},"image":{"@id":"https:\/\/radioinfinitagoya.com.ar\/v1\/2026\/03\/14\/mariano-hormaechea-anuncio-la-inauguracion-de-la-nueva-costanera-de-goya\/#primaryimage"},"thumbnailUrl":"https:\/\/radioinfinitagoya.com.ar\/v1\/wp-content\/uploads\/2026\/03\/goya_crece_nueva_costaner-696x392-1.jpg","datePublished":"2026-03-14T20:26:00+00:00","description":"El intendente de Goya, habl\u00f3 sobre los avances de la costanera que se encuentra en la etapa final. Se trata de una megaobra multimillonaria que","breadcrumb":{"@id":"https:\/\/radioinfinitagoya.com.ar\/v1\/2026\/03\/14\/mariano-hormaechea-anuncio-la-inauguracion-de-la-nueva-costanera-de-goya\/#breadcrumb"},"inLanguage":"es-AR","potentialAction":[{"@type":"ReadAction","target":["https:\/\/radioinfinitagoya.com.ar\/v1\/2026\/03\/14\/mariano-hormaechea-anuncio-la-inauguracion-de-la-nueva-costanera-de-goya\/"]}]},{"@type":"ImageObject","inLanguage":"es-AR","@id":"https:\/\/radioinfinitagoya.com.ar\/v1\/2026\/03\/14\/mariano-hormaechea-anuncio-la-inauguracion-de-la-nueva-costanera-de-goya\/#primaryimage","url":"https:\/\/radioinfinitagoya.com.ar\/v1\/wp-content\/uploads\/2026\/03\/goya_crece_nueva_costaner-696x392-1.jpg","contentUrl":"https:\/\/radioinfinitagoya.com.ar\/v1\/wp-content\/uploads\/2026\/03\/goya_crece_nueva_costaner-696x392-1.jpg","width":696,"height":392},{"@type":"BreadcrumbList","@id":"https:\/\/radioinfinitagoya.com.ar\/v1\/2026\/03\/14\/mariano-hormaechea-anuncio-la-inauguracion-de-la-nueva-costanera-de-goya\/#breadcrumb","itemListElement":[{"@type":"ListItem","position":1,"name":"Inicio","item":"https:\/\/radioinfinitagoya.com.ar\/v1\/"},{"@type":"ListItem","position":2,"name":"Mariano Hormaechea anunci\u00f3 la inauguraci\u00f3n de la Nueva Costanera de Goya"}]},{"@type":"WebSite","@id":"https:\/\/radioinfinitagoya.com.ar\/v1\/#website","url":"https:\/\/radioinfinitagoya.com.ar\/v1\/","name":"radioinfinitagoya.com.ar","description":"Radio de noticias","publisher":{"@id":"https:\/\/radioinfinitagoya.com.ar\/v1\/#organization"},"potentialAction":[{"@type":"SearchAction","target":{"@type":"EntryPoint","urlTemplate":"https:\/\/radioinfinitagoya.com.ar\/v1\/?s={search_term_string}"},"query-input":{"@type":"PropertyValueSpecification","valueRequired":true,"valueName":"search_term_string"}}],"inLanguage":"es-AR"},{"@type":"Organization","@id":"https:\/\/radioinfinitagoya.com.ar\/v1\/#organization","name":"Radio Infinita Goya","url":"https:\/\/radioinfinitagoya.com.ar\/v1\/","logo":{"@type":"ImageObject","inLanguage":"es-AR","@id":"https:\/\/radioinfinitagoya.com.ar\/v1\/#\/schema\/logo\/image\/","url":"https:\/\/radioinfinitagoya.com.ar\/v1\/wp-content\/uploads\/2019\/11\/logo-pie-web.png","contentUrl":"https:\/\/radioinfinitagoya.com.ar\/v1\/wp-content\/uploads\/2019\/11\/logo-pie-web.png","width":635,"height":326,"caption":"Radio Infinita Goya"},"image":{"@id":"https:\/\/radioinfinitagoya.com.ar\/v1\/#\/schema\/logo\/image\/"},"sameAs":["https:\/\/www.facebook.com\/p\/Infinita-Goya-100063870918311\/"]},{"@type":"Person","@id":"https:\/\/radioinfinitagoya.com.ar\/v1\/#\/schema\/person\/d4cf9c413d4f6edb24aabdccab49ca4a","name":"Jorge Mi\u00f1o","image":{"@type":"ImageObject","inLanguage":"es-AR","@id":"https:\/\/secure.gravatar.com\/avatar\/910fcf6728fe95320e07a6643c1581fec1c7fc4bf8ae12e3d8f0d0373dc844be?s=96&d=mm&r=g","url":"https:\/\/secure.gravatar.com\/avatar\/910fcf6728fe95320e07a6643c1581fec1c7fc4bf8ae12e3d8f0d0373dc844be?s=96&d=mm&r=g","contentUrl":"https:\/\/secure.gravatar.com\/avatar\/910fcf6728fe95320e07a6643c1581fec1c7fc4bf8ae12e3d8f0d0373dc844be?s=96&d=mm&r=g","caption":"Jorge Mi\u00f1o"},"sameAs":["http:\/\/radioinfinitagoya.com.ar"]}]}},"_links":{"self":[{"href":"https:\/\/radioinfinitagoya.com.ar\/v1\/wp-json\/wp\/v2\/posts\/210193","targetHints":{"allow":["GET"]}}],"collection":[{"href":"https:\/\/radioinfinitagoya.com.ar\/v1\/wp-json\/wp\/v2\/posts"}],"about":[{"href":"https:\/\/radioinfinitagoya.com.ar\/v1\/wp-json\/wp\/v2\/types\/post"}],"author":[{"embeddable":true,"href":"https:\/\/radioinfinitagoya.com.ar\/v1\/wp-json\/wp\/v2\/users\/4"}],"replies":[{"embeddable":true,"href":"https:\/\/radioinfinitagoya.com.ar\/v1\/wp-json\/wp\/v2\/comments?post=210193"}],"version-history":[{"count":0,"href":"https:\/\/radioinfinitagoya.com.ar\/v1\/wp-json\/wp\/v2\/posts\/210193\/revisions"}],"wp:featuredmedia":[{"embeddable":true,"href":"https:\/\/radioinfinitagoya.com.ar\/v1\/wp-json\/wp\/v2\/media\/210194"}],"wp:attachment":[{"href":"https:\/\/radioinfinitagoya.com.ar\/v1\/wp-json\/wp\/v2\/media?parent=210193"}],"wp:term":[{"taxonomy":"category","embeddable":true,"href":"https:\/\/radioinfinitagoya.com.ar\/v1\/wp-json\/wp\/v2\/categories?post=210193"},{"taxonomy":"post_tag","embeddable":true,"href":"https:\/\/radioinfinitagoya.com.ar\/v1\/wp-json\/wp\/v2\/tags?post=210193"}],"curies":[{"name":"wp","href":"https:\/\/api.w.org\/{rel}","templated":true}]}}