{"id":210208,"date":"2026-03-14T17:43:45","date_gmt":"2026-03-14T20:43:45","guid":{"rendered":"https:\/\/radioinfinitagoya.com.ar\/v1\/?p=210208"},"modified":"2026-03-14T17:43:45","modified_gmt":"2026-03-14T20:43:45","slug":"a-caputo-le-preocupa-la-inflacion-pero-pronostico-que-llegaria-a-cero","status":"publish","type":"post","link":"https:\/\/radioinfinitagoya.com.ar\/v1\/2026\/03\/14\/a-caputo-le-preocupa-la-inflacion-pero-pronostico-que-llegaria-a-cero\/","title":{"rendered":"A Caputo le preocupa la inflaci\u00f3n pero pronostic\u00f3 que llegar\u00eda a cero"},"content":{"rendered":"<p>&#8220;Si no es en agosto, ser\u00e1 en septiembre u octubre&#8221;, dijo.<\/p>\n<p>El ministro de Econom\u00eda, Luis Caputo, asegur\u00f3 este viernes que en el Gabinete no hubo sorpresa por el \u00edndice de inflaci\u00f3n relativo a febrero, que seg\u00fan el Indec fue de 2,9 %. &#8220;Esper\u00e1bamos el dato y sab\u00edamos que vendr\u00eda en ese entorno. Claro nos preocupa pero nos ocupa&#8221;, se\u00f1al\u00f3 el funcionario durante una entrevista televisiva.<\/p>\n<p>&#8220;La suba de la carne peg\u00f3, as\u00ed como la suba de las tarifas tambi\u00e9n. Claro que nos preocupa, pero sobre todo nos ocupa&#8221;, declar\u00f3 Caputo, consultado por el dato difundido por el Indec este jueves, que marc\u00f3 el noveno mes consecutivo sin que la inflaci\u00f3n baje. &#8220;Pero la pol\u00edtica monetaria del Banco Central (BCRA) apunta a tener los niveles de inflaci\u00f3n m\u00e1s bajos posibles&#8221;, agreg\u00f3.<\/p>\n<p>Tambi\u00e9n este jueves, adem\u00e1s de que se conociera el dato de inflaci\u00f3n, el Gobierno tuvo una buena noticia: en una licitaci\u00f3n clave, el Ministerio de Econom\u00eda refinanci\u00f3 m\u00e1s del 100 % de vencimientos y coloc\u00f3 alrededor de 150 millones de d\u00f3lares en un bono emitido en d\u00f3lares.<\/p>\n<p>Caputo, en di\u00e1logo con TN, encaden\u00f3 ese factor al de la inflaci\u00f3n y la pol\u00edtica del BCRA: &#8220;La cantidad de pesos est\u00e1 muy controlada y viene creciendo por debajo de la inflaci\u00f3n, y eso terminar\u00e1 en una inflaci\u00f3n m\u00e1s baja. Se sigue haciendo los deberes, no hay d\u00e9ficit fiscal y la inflaci\u00f3n va a terminar convergiendo en los niveles internacionales&#8221;.<\/p>\n<p>&#8220;La inflaci\u00f3n se ralentiz\u00f3 desde el ataque pol\u00edtico del a\u00f1o pasado, desde las elecciones. Hasta junio la inflaci\u00f3n baj\u00f3 al 1,5 % pero vino ese ataque furioso y decant\u00f3 en una dolarizaci\u00f3n. Cay\u00f3 la demanda de nuestra moneda y subieron los otros precios. El mismo riesgo pa\u00eds estaba en 500 y pico y se fue a 1.500.<\/p>\n<p>Ese ataque pol\u00edtico nos hizo retroceder algunos casilleros pero ahora estamos encaminados de nuevo&#8221;, sugiri\u00f3 el ministro.<\/p>\n<p>Consultado sobre si se cumplir\u00e1 el pron\u00f3stico del Presidente de inflaci\u00f3n cero en agosto, el ministro contest\u00f3: &#8220;Podr\u00eda ser, tranquilamente. Es dif\u00edcil predecir el cu\u00e1ndo en los \u00edndices. Pero no me preocupa. Si no es agosto, ser\u00e1 septiembre u octubre&#8221;.<\/p>\n<p>Habl\u00f3 de un shock externo &#8220;brutal&#8221;, por el contexto geopol\u00edtico, aunque destac\u00f3 que el orden en la macroeconom\u00eda redujo los da\u00f1os.<\/p>\n<p>Luego en la entrevista le preguntaron si hay una combinaci\u00f3n de inflaci\u00f3n y estancamiento en la Argentina. &#8220;No, y eso no lo digo yo, sino los n\u00fameros. Es dato, no es opinable&#8221;, dijo Caputo, que apunt\u00f3 al crecimiento de la econom\u00eda y las expectativas de crecimiento de 1 % por trimestre.<br \/>\n&#8220;Hay mucha gente que la pasa mal, somos consientes de eso&#8221;, reconoci\u00f3 el ministro.<\/p>\n<p>&nbsp;<\/p>\n<p>&nbsp;<\/p>\n","protected":false},"excerpt":{"rendered":"<p>&#8220;Si no es en agosto, ser\u00e1 en septiembre u octubre&#8221;, dijo. El ministro de Econom\u00eda, Luis Caputo, asegur\u00f3 este viernes que en el Gabinete no hubo sorpresa por el \u00edndice de inflaci\u00f3n relativo a febrero, que seg\u00fan el Indec fue de 2,9 %. &#8220;Esper\u00e1bamos el dato y sab\u00edamos que vendr\u00eda en ese entorno. Claro nos [&hellip;]<\/p>\n","protected":false},"author":4,"featured_media":210209,"comment_status":"open","ping_status":"open","sticky":false,"template":"","format":"standard","meta":{"_joinchat":[],"footnotes":""},"categories":[29],"tags":[],"class_list":{"0":"post-210208","1":"post","2":"type-post","3":"status-publish","4":"format-standard","5":"has-post-thumbnail","7":"category-nacionales"},"yoast_head":"<!-- This site is optimized with the Yoast SEO plugin v27.2 - https:\/\/yoast.com\/product\/yoast-seo-wordpress\/ -->\n<title>A Caputo le preocupa la inflaci\u00f3n pero pronostic\u00f3 que llegar\u00eda a cero - Radio Infinita Goya<\/title>\n<meta name=\"description\" content=\"&quot;Si no es en agosto, ser\u00e1 en septiembre u octubre&quot;, dijo. El ministro de Econom\u00eda, Luis Caputo, asegur\u00f3 este viernes que en el Gabinete no hubo sorpresa\" \/>\n<meta name=\"robots\" content=\"index, follow, max-snippet:-1, max-image-preview:large, max-video-preview:-1\" \/>\n<link rel=\"canonical\" href=\"https:\/\/radioinfinitagoya.com.ar\/v1\/2026\/03\/14\/a-caputo-le-preocupa-la-inflacion-pero-pronostico-que-llegaria-a-cero\/\" \/>\n<meta property=\"og:locale\" content=\"es_ES\" \/>\n<meta property=\"og:type\" content=\"article\" \/>\n<meta property=\"og:title\" content=\"A Caputo le preocupa la inflaci\u00f3n pero pronostic\u00f3 que llegar\u00eda a cero - Radio Infinita Goya\" \/>\n<meta property=\"og:description\" content=\"&quot;Si no es en agosto, ser\u00e1 en septiembre u octubre&quot;, dijo. El ministro de Econom\u00eda, Luis Caputo, asegur\u00f3 este viernes que en el Gabinete no hubo sorpresa\" \/>\n<meta property=\"og:url\" content=\"https:\/\/radioinfinitagoya.com.ar\/v1\/2026\/03\/14\/a-caputo-le-preocupa-la-inflacion-pero-pronostico-que-llegaria-a-cero\/\" \/>\n<meta property=\"og:site_name\" content=\"Radio Infinita Goya\" \/>\n<meta property=\"article:publisher\" content=\"https:\/\/www.facebook.com\/p\/Infinita-Goya-100063870918311\/\" \/>\n<meta property=\"article:published_time\" content=\"2026-03-14T20:43:45+00:00\" \/>\n<meta property=\"og:image\" content=\"https:\/\/radioinfinitagoya.com.ar\/v1\/wp-content\/uploads\/2026\/03\/QuMF3DCA.jpg\" \/>\n\t<meta property=\"og:image:width\" content=\"680\" \/>\n\t<meta property=\"og:image:height\" content=\"340\" \/>\n\t<meta property=\"og:image:type\" content=\"image\/jpeg\" \/>\n<meta name=\"author\" content=\"Jorge Mi\u00f1o\" \/>\n<meta name=\"twitter:card\" content=\"summary_large_image\" \/>\n<meta name=\"twitter:label1\" content=\"Escrito por\" \/>\n\t<meta name=\"twitter:data1\" content=\"Jorge Mi\u00f1o\" \/>\n\t<meta name=\"twitter:label2\" content=\"Tiempo de lectura\" \/>\n\t<meta name=\"twitter:data2\" content=\"3 minutos\" \/>\n<script type=\"application\/ld+json\" class=\"yoast-schema-graph\">{\"@context\":\"https:\/\/schema.org\",\"@graph\":[{\"@type\":\"Article\",\"@id\":\"https:\/\/radioinfinitagoya.com.ar\/v1\/2026\/03\/14\/a-caputo-le-preocupa-la-inflacion-pero-pronostico-que-llegaria-a-cero\/#article\",\"isPartOf\":{\"@id\":\"https:\/\/radioinfinitagoya.com.ar\/v1\/2026\/03\/14\/a-caputo-le-preocupa-la-inflacion-pero-pronostico-que-llegaria-a-cero\/\"},\"author\":{\"name\":\"Jorge Mi\u00f1o\",\"@id\":\"https:\/\/radioinfinitagoya.com.ar\/v1\/#\/schema\/person\/d4cf9c413d4f6edb24aabdccab49ca4a\"},\"headline\":\"A Caputo le preocupa la inflaci\u00f3n pero pronostic\u00f3 que llegar\u00eda a cero\",\"datePublished\":\"2026-03-14T20:43:45+00:00\",\"mainEntityOfPage\":{\"@id\":\"https:\/\/radioinfinitagoya.com.ar\/v1\/2026\/03\/14\/a-caputo-le-preocupa-la-inflacion-pero-pronostico-que-llegaria-a-cero\/\"},\"wordCount\":490,\"commentCount\":0,\"publisher\":{\"@id\":\"https:\/\/radioinfinitagoya.com.ar\/v1\/#organization\"},\"image\":{\"@id\":\"https:\/\/radioinfinitagoya.com.ar\/v1\/2026\/03\/14\/a-caputo-le-preocupa-la-inflacion-pero-pronostico-que-llegaria-a-cero\/#primaryimage\"},\"thumbnailUrl\":\"https:\/\/radioinfinitagoya.com.ar\/v1\/wp-content\/uploads\/2026\/03\/QuMF3DCA.jpg\",\"articleSection\":[\"NACIONALES\"],\"inLanguage\":\"es-AR\",\"potentialAction\":[{\"@type\":\"CommentAction\",\"name\":\"Comment\",\"target\":[\"https:\/\/radioinfinitagoya.com.ar\/v1\/2026\/03\/14\/a-caputo-le-preocupa-la-inflacion-pero-pronostico-que-llegaria-a-cero\/#respond\"]}]},{\"@type\":\"WebPage\",\"@id\":\"https:\/\/radioinfinitagoya.com.ar\/v1\/2026\/03\/14\/a-caputo-le-preocupa-la-inflacion-pero-pronostico-que-llegaria-a-cero\/\",\"url\":\"https:\/\/radioinfinitagoya.com.ar\/v1\/2026\/03\/14\/a-caputo-le-preocupa-la-inflacion-pero-pronostico-que-llegaria-a-cero\/\",\"name\":\"A Caputo le preocupa la inflaci\u00f3n pero pronostic\u00f3 que llegar\u00eda a cero - Radio Infinita Goya\",\"isPartOf\":{\"@id\":\"https:\/\/radioinfinitagoya.com.ar\/v1\/#website\"},\"primaryImageOfPage\":{\"@id\":\"https:\/\/radioinfinitagoya.com.ar\/v1\/2026\/03\/14\/a-caputo-le-preocupa-la-inflacion-pero-pronostico-que-llegaria-a-cero\/#primaryimage\"},\"image\":{\"@id\":\"https:\/\/radioinfinitagoya.com.ar\/v1\/2026\/03\/14\/a-caputo-le-preocupa-la-inflacion-pero-pronostico-que-llegaria-a-cero\/#primaryimage\"},\"thumbnailUrl\":\"https:\/\/radioinfinitagoya.com.ar\/v1\/wp-content\/uploads\/2026\/03\/QuMF3DCA.jpg\",\"datePublished\":\"2026-03-14T20:43:45+00:00\",\"description\":\"\\\"Si no es en agosto, ser\u00e1 en septiembre u octubre\\\", dijo. El ministro de Econom\u00eda, Luis Caputo, asegur\u00f3 este viernes que en el Gabinete no hubo sorpresa\",\"breadcrumb\":{\"@id\":\"https:\/\/radioinfinitagoya.com.ar\/v1\/2026\/03\/14\/a-caputo-le-preocupa-la-inflacion-pero-pronostico-que-llegaria-a-cero\/#breadcrumb\"},\"inLanguage\":\"es-AR\",\"potentialAction\":[{\"@type\":\"ReadAction\",\"target\":[\"https:\/\/radioinfinitagoya.com.ar\/v1\/2026\/03\/14\/a-caputo-le-preocupa-la-inflacion-pero-pronostico-que-llegaria-a-cero\/\"]}]},{\"@type\":\"ImageObject\",\"inLanguage\":\"es-AR\",\"@id\":\"https:\/\/radioinfinitagoya.com.ar\/v1\/2026\/03\/14\/a-caputo-le-preocupa-la-inflacion-pero-pronostico-que-llegaria-a-cero\/#primaryimage\",\"url\":\"https:\/\/radioinfinitagoya.com.ar\/v1\/wp-content\/uploads\/2026\/03\/QuMF3DCA.jpg\",\"contentUrl\":\"https:\/\/radioinfinitagoya.com.ar\/v1\/wp-content\/uploads\/2026\/03\/QuMF3DCA.jpg\",\"width\":680,\"height\":340},{\"@type\":\"BreadcrumbList\",\"@id\":\"https:\/\/radioinfinitagoya.com.ar\/v1\/2026\/03\/14\/a-caputo-le-preocupa-la-inflacion-pero-pronostico-que-llegaria-a-cero\/#breadcrumb\",\"itemListElement\":[{\"@type\":\"ListItem\",\"position\":1,\"name\":\"Inicio\",\"item\":\"https:\/\/radioinfinitagoya.com.ar\/v1\/\"},{\"@type\":\"ListItem\",\"position\":2,\"name\":\"A Caputo le preocupa la inflaci\u00f3n pero pronostic\u00f3 que llegar\u00eda a cero\"}]},{\"@type\":\"WebSite\",\"@id\":\"https:\/\/radioinfinitagoya.com.ar\/v1\/#website\",\"url\":\"https:\/\/radioinfinitagoya.com.ar\/v1\/\",\"name\":\"radioinfinitagoya.com.ar\",\"description\":\"Radio de noticias\",\"publisher\":{\"@id\":\"https:\/\/radioinfinitagoya.com.ar\/v1\/#organization\"},\"potentialAction\":[{\"@type\":\"SearchAction\",\"target\":{\"@type\":\"EntryPoint\",\"urlTemplate\":\"https:\/\/radioinfinitagoya.com.ar\/v1\/?s={search_term_string}\"},\"query-input\":{\"@type\":\"PropertyValueSpecification\",\"valueRequired\":true,\"valueName\":\"search_term_string\"}}],\"inLanguage\":\"es-AR\"},{\"@type\":\"Organization\",\"@id\":\"https:\/\/radioinfinitagoya.com.ar\/v1\/#organization\",\"name\":\"Radio Infinita Goya\",\"url\":\"https:\/\/radioinfinitagoya.com.ar\/v1\/\",\"logo\":{\"@type\":\"ImageObject\",\"inLanguage\":\"es-AR\",\"@id\":\"https:\/\/radioinfinitagoya.com.ar\/v1\/#\/schema\/logo\/image\/\",\"url\":\"https:\/\/radioinfinitagoya.com.ar\/v1\/wp-content\/uploads\/2019\/11\/logo-pie-web.png\",\"contentUrl\":\"https:\/\/radioinfinitagoya.com.ar\/v1\/wp-content\/uploads\/2019\/11\/logo-pie-web.png\",\"width\":635,\"height\":326,\"caption\":\"Radio Infinita Goya\"},\"image\":{\"@id\":\"https:\/\/radioinfinitagoya.com.ar\/v1\/#\/schema\/logo\/image\/\"},\"sameAs\":[\"https:\/\/www.facebook.com\/p\/Infinita-Goya-100063870918311\/\"]},{\"@type\":\"Person\",\"@id\":\"https:\/\/radioinfinitagoya.com.ar\/v1\/#\/schema\/person\/d4cf9c413d4f6edb24aabdccab49ca4a\",\"name\":\"Jorge Mi\u00f1o\",\"image\":{\"@type\":\"ImageObject\",\"inLanguage\":\"es-AR\",\"@id\":\"https:\/\/secure.gravatar.com\/avatar\/910fcf6728fe95320e07a6643c1581fec1c7fc4bf8ae12e3d8f0d0373dc844be?s=96&d=mm&r=g\",\"url\":\"https:\/\/secure.gravatar.com\/avatar\/910fcf6728fe95320e07a6643c1581fec1c7fc4bf8ae12e3d8f0d0373dc844be?s=96&d=mm&r=g\",\"contentUrl\":\"https:\/\/secure.gravatar.com\/avatar\/910fcf6728fe95320e07a6643c1581fec1c7fc4bf8ae12e3d8f0d0373dc844be?s=96&d=mm&r=g\",\"caption\":\"Jorge Mi\u00f1o\"},\"sameAs\":[\"http:\/\/radioinfinitagoya.com.ar\"]}]}<\/script>\n<!-- \/ Yoast SEO plugin. -->","yoast_head_json":{"title":"A Caputo le preocupa la inflaci\u00f3n pero pronostic\u00f3 que llegar\u00eda a cero - Radio Infinita Goya","description":"\"Si no es en agosto, ser\u00e1 en septiembre u octubre\", dijo. El ministro de Econom\u00eda, Luis Caputo, asegur\u00f3 este viernes que en el Gabinete no hubo sorpresa","robots":{"index":"index","follow":"follow","max-snippet":"max-snippet:-1","max-image-preview":"max-image-preview:large","max-video-preview":"max-video-preview:-1"},"canonical":"https:\/\/radioinfinitagoya.com.ar\/v1\/2026\/03\/14\/a-caputo-le-preocupa-la-inflacion-pero-pronostico-que-llegaria-a-cero\/","og_locale":"es_ES","og_type":"article","og_title":"A Caputo le preocupa la inflaci\u00f3n pero pronostic\u00f3 que llegar\u00eda a cero - Radio Infinita Goya","og_description":"\"Si no es en agosto, ser\u00e1 en septiembre u octubre\", dijo. El ministro de Econom\u00eda, Luis Caputo, asegur\u00f3 este viernes que en el Gabinete no hubo sorpresa","og_url":"https:\/\/radioinfinitagoya.com.ar\/v1\/2026\/03\/14\/a-caputo-le-preocupa-la-inflacion-pero-pronostico-que-llegaria-a-cero\/","og_site_name":"Radio Infinita Goya","article_publisher":"https:\/\/www.facebook.com\/p\/Infinita-Goya-100063870918311\/","article_published_time":"2026-03-14T20:43:45+00:00","og_image":[{"width":680,"height":340,"url":"https:\/\/radioinfinitagoya.com.ar\/v1\/wp-content\/uploads\/2026\/03\/QuMF3DCA.jpg","type":"image\/jpeg"}],"author":"Jorge Mi\u00f1o","twitter_card":"summary_large_image","twitter_misc":{"Escrito por":"Jorge Mi\u00f1o","Tiempo de lectura":"3 minutos"},"schema":{"@context":"https:\/\/schema.org","@graph":[{"@type":"Article","@id":"https:\/\/radioinfinitagoya.com.ar\/v1\/2026\/03\/14\/a-caputo-le-preocupa-la-inflacion-pero-pronostico-que-llegaria-a-cero\/#article","isPartOf":{"@id":"https:\/\/radioinfinitagoya.com.ar\/v1\/2026\/03\/14\/a-caputo-le-preocupa-la-inflacion-pero-pronostico-que-llegaria-a-cero\/"},"author":{"name":"Jorge Mi\u00f1o","@id":"https:\/\/radioinfinitagoya.com.ar\/v1\/#\/schema\/person\/d4cf9c413d4f6edb24aabdccab49ca4a"},"headline":"A Caputo le preocupa la inflaci\u00f3n pero pronostic\u00f3 que llegar\u00eda a cero","datePublished":"2026-03-14T20:43:45+00:00","mainEntityOfPage":{"@id":"https:\/\/radioinfinitagoya.com.ar\/v1\/2026\/03\/14\/a-caputo-le-preocupa-la-inflacion-pero-pronostico-que-llegaria-a-cero\/"},"wordCount":490,"commentCount":0,"publisher":{"@id":"https:\/\/radioinfinitagoya.com.ar\/v1\/#organization"},"image":{"@id":"https:\/\/radioinfinitagoya.com.ar\/v1\/2026\/03\/14\/a-caputo-le-preocupa-la-inflacion-pero-pronostico-que-llegaria-a-cero\/#primaryimage"},"thumbnailUrl":"https:\/\/radioinfinitagoya.com.ar\/v1\/wp-content\/uploads\/2026\/03\/QuMF3DCA.jpg","articleSection":["NACIONALES"],"inLanguage":"es-AR","potentialAction":[{"@type":"CommentAction","name":"Comment","target":["https:\/\/radioinfinitagoya.com.ar\/v1\/2026\/03\/14\/a-caputo-le-preocupa-la-inflacion-pero-pronostico-que-llegaria-a-cero\/#respond"]}]},{"@type":"WebPage","@id":"https:\/\/radioinfinitagoya.com.ar\/v1\/2026\/03\/14\/a-caputo-le-preocupa-la-inflacion-pero-pronostico-que-llegaria-a-cero\/","url":"https:\/\/radioinfinitagoya.com.ar\/v1\/2026\/03\/14\/a-caputo-le-preocupa-la-inflacion-pero-pronostico-que-llegaria-a-cero\/","name":"A Caputo le preocupa la inflaci\u00f3n pero pronostic\u00f3 que llegar\u00eda a cero - Radio Infinita Goya","isPartOf":{"@id":"https:\/\/radioinfinitagoya.com.ar\/v1\/#website"},"primaryImageOfPage":{"@id":"https:\/\/radioinfinitagoya.com.ar\/v1\/2026\/03\/14\/a-caputo-le-preocupa-la-inflacion-pero-pronostico-que-llegaria-a-cero\/#primaryimage"},"image":{"@id":"https:\/\/radioinfinitagoya.com.ar\/v1\/2026\/03\/14\/a-caputo-le-preocupa-la-inflacion-pero-pronostico-que-llegaria-a-cero\/#primaryimage"},"thumbnailUrl":"https:\/\/radioinfinitagoya.com.ar\/v1\/wp-content\/uploads\/2026\/03\/QuMF3DCA.jpg","datePublished":"2026-03-14T20:43:45+00:00","description":"\"Si no es en agosto, ser\u00e1 en septiembre u octubre\", dijo. El ministro de Econom\u00eda, Luis Caputo, asegur\u00f3 este viernes que en el Gabinete no hubo sorpresa","breadcrumb":{"@id":"https:\/\/radioinfinitagoya.com.ar\/v1\/2026\/03\/14\/a-caputo-le-preocupa-la-inflacion-pero-pronostico-que-llegaria-a-cero\/#breadcrumb"},"inLanguage":"es-AR","potentialAction":[{"@type":"ReadAction","target":["https:\/\/radioinfinitagoya.com.ar\/v1\/2026\/03\/14\/a-caputo-le-preocupa-la-inflacion-pero-pronostico-que-llegaria-a-cero\/"]}]},{"@type":"ImageObject","inLanguage":"es-AR","@id":"https:\/\/radioinfinitagoya.com.ar\/v1\/2026\/03\/14\/a-caputo-le-preocupa-la-inflacion-pero-pronostico-que-llegaria-a-cero\/#primaryimage","url":"https:\/\/radioinfinitagoya.com.ar\/v1\/wp-content\/uploads\/2026\/03\/QuMF3DCA.jpg","contentUrl":"https:\/\/radioinfinitagoya.com.ar\/v1\/wp-content\/uploads\/2026\/03\/QuMF3DCA.jpg","width":680,"height":340},{"@type":"BreadcrumbList","@id":"https:\/\/radioinfinitagoya.com.ar\/v1\/2026\/03\/14\/a-caputo-le-preocupa-la-inflacion-pero-pronostico-que-llegaria-a-cero\/#breadcrumb","itemListElement":[{"@type":"ListItem","position":1,"name":"Inicio","item":"https:\/\/radioinfinitagoya.com.ar\/v1\/"},{"@type":"ListItem","position":2,"name":"A Caputo le preocupa la inflaci\u00f3n pero pronostic\u00f3 que llegar\u00eda a cero"}]},{"@type":"WebSite","@id":"https:\/\/radioinfinitagoya.com.ar\/v1\/#website","url":"https:\/\/radioinfinitagoya.com.ar\/v1\/","name":"radioinfinitagoya.com.ar","description":"Radio de noticias","publisher":{"@id":"https:\/\/radioinfinitagoya.com.ar\/v1\/#organization"},"potentialAction":[{"@type":"SearchAction","target":{"@type":"EntryPoint","urlTemplate":"https:\/\/radioinfinitagoya.com.ar\/v1\/?s={search_term_string}"},"query-input":{"@type":"PropertyValueSpecification","valueRequired":true,"valueName":"search_term_string"}}],"inLanguage":"es-AR"},{"@type":"Organization","@id":"https:\/\/radioinfinitagoya.com.ar\/v1\/#organization","name":"Radio Infinita Goya","url":"https:\/\/radioinfinitagoya.com.ar\/v1\/","logo":{"@type":"ImageObject","inLanguage":"es-AR","@id":"https:\/\/radioinfinitagoya.com.ar\/v1\/#\/schema\/logo\/image\/","url":"https:\/\/radioinfinitagoya.com.ar\/v1\/wp-content\/uploads\/2019\/11\/logo-pie-web.png","contentUrl":"https:\/\/radioinfinitagoya.com.ar\/v1\/wp-content\/uploads\/2019\/11\/logo-pie-web.png","width":635,"height":326,"caption":"Radio Infinita Goya"},"image":{"@id":"https:\/\/radioinfinitagoya.com.ar\/v1\/#\/schema\/logo\/image\/"},"sameAs":["https:\/\/www.facebook.com\/p\/Infinita-Goya-100063870918311\/"]},{"@type":"Person","@id":"https:\/\/radioinfinitagoya.com.ar\/v1\/#\/schema\/person\/d4cf9c413d4f6edb24aabdccab49ca4a","name":"Jorge Mi\u00f1o","image":{"@type":"ImageObject","inLanguage":"es-AR","@id":"https:\/\/secure.gravatar.com\/avatar\/910fcf6728fe95320e07a6643c1581fec1c7fc4bf8ae12e3d8f0d0373dc844be?s=96&d=mm&r=g","url":"https:\/\/secure.gravatar.com\/avatar\/910fcf6728fe95320e07a6643c1581fec1c7fc4bf8ae12e3d8f0d0373dc844be?s=96&d=mm&r=g","contentUrl":"https:\/\/secure.gravatar.com\/avatar\/910fcf6728fe95320e07a6643c1581fec1c7fc4bf8ae12e3d8f0d0373dc844be?s=96&d=mm&r=g","caption":"Jorge Mi\u00f1o"},"sameAs":["http:\/\/radioinfinitagoya.com.ar"]}]}},"_links":{"self":[{"href":"https:\/\/radioinfinitagoya.com.ar\/v1\/wp-json\/wp\/v2\/posts\/210208","targetHints":{"allow":["GET"]}}],"collection":[{"href":"https:\/\/radioinfinitagoya.com.ar\/v1\/wp-json\/wp\/v2\/posts"}],"about":[{"href":"https:\/\/radioinfinitagoya.com.ar\/v1\/wp-json\/wp\/v2\/types\/post"}],"author":[{"embeddable":true,"href":"https:\/\/radioinfinitagoya.com.ar\/v1\/wp-json\/wp\/v2\/users\/4"}],"replies":[{"embeddable":true,"href":"https:\/\/radioinfinitagoya.com.ar\/v1\/wp-json\/wp\/v2\/comments?post=210208"}],"version-history":[{"count":0,"href":"https:\/\/radioinfinitagoya.com.ar\/v1\/wp-json\/wp\/v2\/posts\/210208\/revisions"}],"wp:featuredmedia":[{"embeddable":true,"href":"https:\/\/radioinfinitagoya.com.ar\/v1\/wp-json\/wp\/v2\/media\/210209"}],"wp:attachment":[{"href":"https:\/\/radioinfinitagoya.com.ar\/v1\/wp-json\/wp\/v2\/media?parent=210208"}],"wp:term":[{"taxonomy":"category","embeddable":true,"href":"https:\/\/radioinfinitagoya.com.ar\/v1\/wp-json\/wp\/v2\/categories?post=210208"},{"taxonomy":"post_tag","embeddable":true,"href":"https:\/\/radioinfinitagoya.com.ar\/v1\/wp-json\/wp\/v2\/tags?post=210208"}],"curies":[{"name":"wp","href":"https:\/\/api.w.org\/{rel}","templated":true}]}}