{"id":210211,"date":"2026-03-14T17:47:55","date_gmt":"2026-03-14T20:47:55","guid":{"rendered":"https:\/\/radioinfinitagoya.com.ar\/v1\/?p=210211"},"modified":"2026-03-14T17:47:55","modified_gmt":"2026-03-14T20:47:55","slug":"manuel-adorni-se-defendio-y-denuncio-una-operacion","status":"publish","type":"post","link":"https:\/\/radioinfinitagoya.com.ar\/v1\/2026\/03\/14\/manuel-adorni-se-defendio-y-denuncio-una-operacion\/","title":{"rendered":"Manuel Adorni se defendi\u00f3 y denunci\u00f3 una operaci\u00f3n"},"content":{"rendered":"<p>\u201cMi esposa fue una invitada del presiedente&#8221;<\/p>\n<p>Tambi\u00e9n habl\u00f3 de la pol\u00e9mica por su viaje a Punta del Este.<\/p>\n<p>El jefe de Gabinete, Manuel Adorni, volvi\u00f3 a dar explicaciones sobre la presencia de su esposa durante el \u00faltimo viaje presidencial a Nueva York. \u201cEl hecho es que mi mujer fue una invitada del oresidente Javier Milei\u201d, se\u00f1al\u00f3 en di\u00e1logo con Forbes.<\/p>\n<p>Adorni agreg\u00f3 que \u201cprobablemente\u201d su esposa ya no volver\u00e1 a viajar con \u00e9l en un avi\u00f3n presidencial ni invitada por Javier Milei. Sobre la pol\u00e9mica por el viaje a Punta del Este, afirm\u00f3: \u201cEsperaron el momento para hacerlo y, evidentemente, ten\u00edan un video guardado de hace un mes, cuando fue mi viaje a Uruguay. Es parte de la mugre y de la mafia de una vieja pol\u00edtica que no es compatible con nosotros\u201d.<\/p>\n<p>Consultado sobre el origen de los registros, indic\u00f3 que \u201cest\u00e1 bajo investigaci\u00f3n\u201d y sugiri\u00f3 que alguien habr\u00eda guardado el video para encontrar el momento exacto y generar pol\u00e9mica. \u201cAlguien guard\u00f3 el video un mes para armar una historia donde no hay nada ni ilegal, ni anti\u00e9tico, ni malo\u201d, enfatiz\u00f3.<\/p>\n<p>El funcionario remarc\u00f3 que la invitaci\u00f3n de su esposa fue de un \u201camigo de toda la vida\u201d, en referencia a Marcelo Grandio, y que se acord\u00f3 que el exvocero presidencial pagara su parte.<\/p>\n<p>Grandio hab\u00eda declarado previamente que el viaje no implic\u00f3 gastos del Estado: \u201cLo invit\u00e9 a mi casa porque hac\u00eda dos a\u00f1os no se tomaba vacaciones. Pag\u00f3 con su plata, no con plata del Estado. Lo pag\u00f3 \u00e9l a m\u00ed y tengo el recibo del recibo. Yo le pagu\u00e9 a la compa\u00f1\u00eda\u201d, sostuvo.<\/p>\n<p>Adorni tambi\u00e9n se refiri\u00f3 a comentarios suyos en redes sociales: \u201cUno puede decir alguna palabra o frase desafortunada en un vivo, s\u00ed. Me ha ocurrido muchas veces. La palabra no debi\u00f3 ser deslomarse. Somos humanos y cometemos errores\u201d.<\/p>\n","protected":false},"excerpt":{"rendered":"<p>\u201cMi esposa fue una invitada del presiedente&#8221; Tambi\u00e9n habl\u00f3 de la pol\u00e9mica por su viaje a Punta del Este. El jefe de Gabinete, Manuel Adorni, volvi\u00f3 a dar explicaciones sobre la presencia de su esposa durante el \u00faltimo viaje presidencial a Nueva York. \u201cEl hecho es que mi mujer fue una invitada del oresidente Javier [&hellip;]<\/p>\n","protected":false},"author":4,"featured_media":210212,"comment_status":"open","ping_status":"open","sticky":false,"template":"","format":"standard","meta":{"_joinchat":[],"footnotes":""},"categories":[29],"tags":[],"class_list":{"0":"post-210211","1":"post","2":"type-post","3":"status-publish","4":"format-standard","5":"has-post-thumbnail","7":"category-nacionales"},"yoast_head":"<!-- This site is optimized with the Yoast SEO plugin v27.2 - https:\/\/yoast.com\/product\/yoast-seo-wordpress\/ -->\n<title>Manuel Adorni se defendi\u00f3 y denunci\u00f3 una operaci\u00f3n - Radio Infinita Goya<\/title>\n<meta name=\"description\" content=\"\u201cMi esposa fue una invitada del presiedente&quot; Tambi\u00e9n habl\u00f3 de la pol\u00e9mica por su viaje a Punta del Este. El jefe de Gabinete, Manuel Adorni, volvi\u00f3 a dar\" \/>\n<meta name=\"robots\" content=\"index, follow, max-snippet:-1, max-image-preview:large, max-video-preview:-1\" \/>\n<link rel=\"canonical\" href=\"https:\/\/radioinfinitagoya.com.ar\/v1\/2026\/03\/14\/manuel-adorni-se-defendio-y-denuncio-una-operacion\/\" \/>\n<meta property=\"og:locale\" content=\"es_ES\" \/>\n<meta property=\"og:type\" content=\"article\" \/>\n<meta property=\"og:title\" content=\"Manuel Adorni se defendi\u00f3 y denunci\u00f3 una operaci\u00f3n - Radio Infinita Goya\" \/>\n<meta property=\"og:description\" content=\"\u201cMi esposa fue una invitada del presiedente&quot; Tambi\u00e9n habl\u00f3 de la pol\u00e9mica por su viaje a Punta del Este. El jefe de Gabinete, Manuel Adorni, volvi\u00f3 a dar\" \/>\n<meta property=\"og:url\" content=\"https:\/\/radioinfinitagoya.com.ar\/v1\/2026\/03\/14\/manuel-adorni-se-defendio-y-denuncio-una-operacion\/\" \/>\n<meta property=\"og:site_name\" content=\"Radio Infinita Goya\" \/>\n<meta property=\"article:publisher\" content=\"https:\/\/www.facebook.com\/p\/Infinita-Goya-100063870918311\/\" \/>\n<meta property=\"article:published_time\" content=\"2026-03-14T20:47:55+00:00\" \/>\n<meta property=\"og:image\" content=\"https:\/\/radioinfinitagoya.com.ar\/v1\/wp-content\/uploads\/2026\/03\/1773517178990.webp\" \/>\n\t<meta property=\"og:image:width\" content=\"1200\" \/>\n\t<meta property=\"og:image:height\" content=\"675\" \/>\n\t<meta property=\"og:image:type\" content=\"image\/webp\" \/>\n<meta name=\"author\" content=\"Jorge Mi\u00f1o\" \/>\n<meta name=\"twitter:card\" content=\"summary_large_image\" \/>\n<meta name=\"twitter:label1\" content=\"Escrito por\" \/>\n\t<meta name=\"twitter:data1\" content=\"Jorge Mi\u00f1o\" \/>\n\t<meta name=\"twitter:label2\" content=\"Tiempo de lectura\" \/>\n\t<meta name=\"twitter:data2\" content=\"2 minutos\" \/>\n<script type=\"application\/ld+json\" class=\"yoast-schema-graph\">{\"@context\":\"https:\/\/schema.org\",\"@graph\":[{\"@type\":\"Article\",\"@id\":\"https:\/\/radioinfinitagoya.com.ar\/v1\/2026\/03\/14\/manuel-adorni-se-defendio-y-denuncio-una-operacion\/#article\",\"isPartOf\":{\"@id\":\"https:\/\/radioinfinitagoya.com.ar\/v1\/2026\/03\/14\/manuel-adorni-se-defendio-y-denuncio-una-operacion\/\"},\"author\":{\"name\":\"Jorge Mi\u00f1o\",\"@id\":\"https:\/\/radioinfinitagoya.com.ar\/v1\/#\/schema\/person\/d4cf9c413d4f6edb24aabdccab49ca4a\"},\"headline\":\"Manuel Adorni se defendi\u00f3 y denunci\u00f3 una operaci\u00f3n\",\"datePublished\":\"2026-03-14T20:47:55+00:00\",\"mainEntityOfPage\":{\"@id\":\"https:\/\/radioinfinitagoya.com.ar\/v1\/2026\/03\/14\/manuel-adorni-se-defendio-y-denuncio-una-operacion\/\"},\"wordCount\":333,\"commentCount\":0,\"publisher\":{\"@id\":\"https:\/\/radioinfinitagoya.com.ar\/v1\/#organization\"},\"image\":{\"@id\":\"https:\/\/radioinfinitagoya.com.ar\/v1\/2026\/03\/14\/manuel-adorni-se-defendio-y-denuncio-una-operacion\/#primaryimage\"},\"thumbnailUrl\":\"https:\/\/radioinfinitagoya.com.ar\/v1\/wp-content\/uploads\/2026\/03\/1773517178990.webp\",\"articleSection\":[\"NACIONALES\"],\"inLanguage\":\"es-AR\",\"potentialAction\":[{\"@type\":\"CommentAction\",\"name\":\"Comment\",\"target\":[\"https:\/\/radioinfinitagoya.com.ar\/v1\/2026\/03\/14\/manuel-adorni-se-defendio-y-denuncio-una-operacion\/#respond\"]}]},{\"@type\":\"WebPage\",\"@id\":\"https:\/\/radioinfinitagoya.com.ar\/v1\/2026\/03\/14\/manuel-adorni-se-defendio-y-denuncio-una-operacion\/\",\"url\":\"https:\/\/radioinfinitagoya.com.ar\/v1\/2026\/03\/14\/manuel-adorni-se-defendio-y-denuncio-una-operacion\/\",\"name\":\"Manuel Adorni se defendi\u00f3 y denunci\u00f3 una operaci\u00f3n - Radio Infinita Goya\",\"isPartOf\":{\"@id\":\"https:\/\/radioinfinitagoya.com.ar\/v1\/#website\"},\"primaryImageOfPage\":{\"@id\":\"https:\/\/radioinfinitagoya.com.ar\/v1\/2026\/03\/14\/manuel-adorni-se-defendio-y-denuncio-una-operacion\/#primaryimage\"},\"image\":{\"@id\":\"https:\/\/radioinfinitagoya.com.ar\/v1\/2026\/03\/14\/manuel-adorni-se-defendio-y-denuncio-una-operacion\/#primaryimage\"},\"thumbnailUrl\":\"https:\/\/radioinfinitagoya.com.ar\/v1\/wp-content\/uploads\/2026\/03\/1773517178990.webp\",\"datePublished\":\"2026-03-14T20:47:55+00:00\",\"description\":\"\u201cMi esposa fue una invitada del presiedente\\\" Tambi\u00e9n habl\u00f3 de la pol\u00e9mica por su viaje a Punta del Este. El jefe de Gabinete, Manuel Adorni, volvi\u00f3 a dar\",\"breadcrumb\":{\"@id\":\"https:\/\/radioinfinitagoya.com.ar\/v1\/2026\/03\/14\/manuel-adorni-se-defendio-y-denuncio-una-operacion\/#breadcrumb\"},\"inLanguage\":\"es-AR\",\"potentialAction\":[{\"@type\":\"ReadAction\",\"target\":[\"https:\/\/radioinfinitagoya.com.ar\/v1\/2026\/03\/14\/manuel-adorni-se-defendio-y-denuncio-una-operacion\/\"]}]},{\"@type\":\"ImageObject\",\"inLanguage\":\"es-AR\",\"@id\":\"https:\/\/radioinfinitagoya.com.ar\/v1\/2026\/03\/14\/manuel-adorni-se-defendio-y-denuncio-una-operacion\/#primaryimage\",\"url\":\"https:\/\/radioinfinitagoya.com.ar\/v1\/wp-content\/uploads\/2026\/03\/1773517178990.webp\",\"contentUrl\":\"https:\/\/radioinfinitagoya.com.ar\/v1\/wp-content\/uploads\/2026\/03\/1773517178990.webp\",\"width\":1200,\"height\":675},{\"@type\":\"BreadcrumbList\",\"@id\":\"https:\/\/radioinfinitagoya.com.ar\/v1\/2026\/03\/14\/manuel-adorni-se-defendio-y-denuncio-una-operacion\/#breadcrumb\",\"itemListElement\":[{\"@type\":\"ListItem\",\"position\":1,\"name\":\"Inicio\",\"item\":\"https:\/\/radioinfinitagoya.com.ar\/v1\/\"},{\"@type\":\"ListItem\",\"position\":2,\"name\":\"Manuel Adorni se defendi\u00f3 y denunci\u00f3 una operaci\u00f3n\"}]},{\"@type\":\"WebSite\",\"@id\":\"https:\/\/radioinfinitagoya.com.ar\/v1\/#website\",\"url\":\"https:\/\/radioinfinitagoya.com.ar\/v1\/\",\"name\":\"radioinfinitagoya.com.ar\",\"description\":\"Radio de noticias\",\"publisher\":{\"@id\":\"https:\/\/radioinfinitagoya.com.ar\/v1\/#organization\"},\"potentialAction\":[{\"@type\":\"SearchAction\",\"target\":{\"@type\":\"EntryPoint\",\"urlTemplate\":\"https:\/\/radioinfinitagoya.com.ar\/v1\/?s={search_term_string}\"},\"query-input\":{\"@type\":\"PropertyValueSpecification\",\"valueRequired\":true,\"valueName\":\"search_term_string\"}}],\"inLanguage\":\"es-AR\"},{\"@type\":\"Organization\",\"@id\":\"https:\/\/radioinfinitagoya.com.ar\/v1\/#organization\",\"name\":\"Radio Infinita Goya\",\"url\":\"https:\/\/radioinfinitagoya.com.ar\/v1\/\",\"logo\":{\"@type\":\"ImageObject\",\"inLanguage\":\"es-AR\",\"@id\":\"https:\/\/radioinfinitagoya.com.ar\/v1\/#\/schema\/logo\/image\/\",\"url\":\"https:\/\/radioinfinitagoya.com.ar\/v1\/wp-content\/uploads\/2019\/11\/logo-pie-web.png\",\"contentUrl\":\"https:\/\/radioinfinitagoya.com.ar\/v1\/wp-content\/uploads\/2019\/11\/logo-pie-web.png\",\"width\":635,\"height\":326,\"caption\":\"Radio Infinita Goya\"},\"image\":{\"@id\":\"https:\/\/radioinfinitagoya.com.ar\/v1\/#\/schema\/logo\/image\/\"},\"sameAs\":[\"https:\/\/www.facebook.com\/p\/Infinita-Goya-100063870918311\/\"]},{\"@type\":\"Person\",\"@id\":\"https:\/\/radioinfinitagoya.com.ar\/v1\/#\/schema\/person\/d4cf9c413d4f6edb24aabdccab49ca4a\",\"name\":\"Jorge Mi\u00f1o\",\"image\":{\"@type\":\"ImageObject\",\"inLanguage\":\"es-AR\",\"@id\":\"https:\/\/secure.gravatar.com\/avatar\/910fcf6728fe95320e07a6643c1581fec1c7fc4bf8ae12e3d8f0d0373dc844be?s=96&d=mm&r=g\",\"url\":\"https:\/\/secure.gravatar.com\/avatar\/910fcf6728fe95320e07a6643c1581fec1c7fc4bf8ae12e3d8f0d0373dc844be?s=96&d=mm&r=g\",\"contentUrl\":\"https:\/\/secure.gravatar.com\/avatar\/910fcf6728fe95320e07a6643c1581fec1c7fc4bf8ae12e3d8f0d0373dc844be?s=96&d=mm&r=g\",\"caption\":\"Jorge Mi\u00f1o\"},\"sameAs\":[\"http:\/\/radioinfinitagoya.com.ar\"]}]}<\/script>\n<!-- \/ Yoast SEO plugin. -->","yoast_head_json":{"title":"Manuel Adorni se defendi\u00f3 y denunci\u00f3 una operaci\u00f3n - Radio Infinita Goya","description":"\u201cMi esposa fue una invitada del presiedente\" Tambi\u00e9n habl\u00f3 de la pol\u00e9mica por su viaje a Punta del Este. El jefe de Gabinete, Manuel Adorni, volvi\u00f3 a dar","robots":{"index":"index","follow":"follow","max-snippet":"max-snippet:-1","max-image-preview":"max-image-preview:large","max-video-preview":"max-video-preview:-1"},"canonical":"https:\/\/radioinfinitagoya.com.ar\/v1\/2026\/03\/14\/manuel-adorni-se-defendio-y-denuncio-una-operacion\/","og_locale":"es_ES","og_type":"article","og_title":"Manuel Adorni se defendi\u00f3 y denunci\u00f3 una operaci\u00f3n - Radio Infinita Goya","og_description":"\u201cMi esposa fue una invitada del presiedente\" Tambi\u00e9n habl\u00f3 de la pol\u00e9mica por su viaje a Punta del Este. El jefe de Gabinete, Manuel Adorni, volvi\u00f3 a dar","og_url":"https:\/\/radioinfinitagoya.com.ar\/v1\/2026\/03\/14\/manuel-adorni-se-defendio-y-denuncio-una-operacion\/","og_site_name":"Radio Infinita Goya","article_publisher":"https:\/\/www.facebook.com\/p\/Infinita-Goya-100063870918311\/","article_published_time":"2026-03-14T20:47:55+00:00","og_image":[{"width":1200,"height":675,"url":"https:\/\/radioinfinitagoya.com.ar\/v1\/wp-content\/uploads\/2026\/03\/1773517178990.webp","type":"image\/webp"}],"author":"Jorge Mi\u00f1o","twitter_card":"summary_large_image","twitter_misc":{"Escrito por":"Jorge Mi\u00f1o","Tiempo de lectura":"2 minutos"},"schema":{"@context":"https:\/\/schema.org","@graph":[{"@type":"Article","@id":"https:\/\/radioinfinitagoya.com.ar\/v1\/2026\/03\/14\/manuel-adorni-se-defendio-y-denuncio-una-operacion\/#article","isPartOf":{"@id":"https:\/\/radioinfinitagoya.com.ar\/v1\/2026\/03\/14\/manuel-adorni-se-defendio-y-denuncio-una-operacion\/"},"author":{"name":"Jorge Mi\u00f1o","@id":"https:\/\/radioinfinitagoya.com.ar\/v1\/#\/schema\/person\/d4cf9c413d4f6edb24aabdccab49ca4a"},"headline":"Manuel Adorni se defendi\u00f3 y denunci\u00f3 una operaci\u00f3n","datePublished":"2026-03-14T20:47:55+00:00","mainEntityOfPage":{"@id":"https:\/\/radioinfinitagoya.com.ar\/v1\/2026\/03\/14\/manuel-adorni-se-defendio-y-denuncio-una-operacion\/"},"wordCount":333,"commentCount":0,"publisher":{"@id":"https:\/\/radioinfinitagoya.com.ar\/v1\/#organization"},"image":{"@id":"https:\/\/radioinfinitagoya.com.ar\/v1\/2026\/03\/14\/manuel-adorni-se-defendio-y-denuncio-una-operacion\/#primaryimage"},"thumbnailUrl":"https:\/\/radioinfinitagoya.com.ar\/v1\/wp-content\/uploads\/2026\/03\/1773517178990.webp","articleSection":["NACIONALES"],"inLanguage":"es-AR","potentialAction":[{"@type":"CommentAction","name":"Comment","target":["https:\/\/radioinfinitagoya.com.ar\/v1\/2026\/03\/14\/manuel-adorni-se-defendio-y-denuncio-una-operacion\/#respond"]}]},{"@type":"WebPage","@id":"https:\/\/radioinfinitagoya.com.ar\/v1\/2026\/03\/14\/manuel-adorni-se-defendio-y-denuncio-una-operacion\/","url":"https:\/\/radioinfinitagoya.com.ar\/v1\/2026\/03\/14\/manuel-adorni-se-defendio-y-denuncio-una-operacion\/","name":"Manuel Adorni se defendi\u00f3 y denunci\u00f3 una operaci\u00f3n - Radio Infinita Goya","isPartOf":{"@id":"https:\/\/radioinfinitagoya.com.ar\/v1\/#website"},"primaryImageOfPage":{"@id":"https:\/\/radioinfinitagoya.com.ar\/v1\/2026\/03\/14\/manuel-adorni-se-defendio-y-denuncio-una-operacion\/#primaryimage"},"image":{"@id":"https:\/\/radioinfinitagoya.com.ar\/v1\/2026\/03\/14\/manuel-adorni-se-defendio-y-denuncio-una-operacion\/#primaryimage"},"thumbnailUrl":"https:\/\/radioinfinitagoya.com.ar\/v1\/wp-content\/uploads\/2026\/03\/1773517178990.webp","datePublished":"2026-03-14T20:47:55+00:00","description":"\u201cMi esposa fue una invitada del presiedente\" Tambi\u00e9n habl\u00f3 de la pol\u00e9mica por su viaje a Punta del Este. El jefe de Gabinete, Manuel Adorni, volvi\u00f3 a dar","breadcrumb":{"@id":"https:\/\/radioinfinitagoya.com.ar\/v1\/2026\/03\/14\/manuel-adorni-se-defendio-y-denuncio-una-operacion\/#breadcrumb"},"inLanguage":"es-AR","potentialAction":[{"@type":"ReadAction","target":["https:\/\/radioinfinitagoya.com.ar\/v1\/2026\/03\/14\/manuel-adorni-se-defendio-y-denuncio-una-operacion\/"]}]},{"@type":"ImageObject","inLanguage":"es-AR","@id":"https:\/\/radioinfinitagoya.com.ar\/v1\/2026\/03\/14\/manuel-adorni-se-defendio-y-denuncio-una-operacion\/#primaryimage","url":"https:\/\/radioinfinitagoya.com.ar\/v1\/wp-content\/uploads\/2026\/03\/1773517178990.webp","contentUrl":"https:\/\/radioinfinitagoya.com.ar\/v1\/wp-content\/uploads\/2026\/03\/1773517178990.webp","width":1200,"height":675},{"@type":"BreadcrumbList","@id":"https:\/\/radioinfinitagoya.com.ar\/v1\/2026\/03\/14\/manuel-adorni-se-defendio-y-denuncio-una-operacion\/#breadcrumb","itemListElement":[{"@type":"ListItem","position":1,"name":"Inicio","item":"https:\/\/radioinfinitagoya.com.ar\/v1\/"},{"@type":"ListItem","position":2,"name":"Manuel Adorni se defendi\u00f3 y denunci\u00f3 una operaci\u00f3n"}]},{"@type":"WebSite","@id":"https:\/\/radioinfinitagoya.com.ar\/v1\/#website","url":"https:\/\/radioinfinitagoya.com.ar\/v1\/","name":"radioinfinitagoya.com.ar","description":"Radio de noticias","publisher":{"@id":"https:\/\/radioinfinitagoya.com.ar\/v1\/#organization"},"potentialAction":[{"@type":"SearchAction","target":{"@type":"EntryPoint","urlTemplate":"https:\/\/radioinfinitagoya.com.ar\/v1\/?s={search_term_string}"},"query-input":{"@type":"PropertyValueSpecification","valueRequired":true,"valueName":"search_term_string"}}],"inLanguage":"es-AR"},{"@type":"Organization","@id":"https:\/\/radioinfinitagoya.com.ar\/v1\/#organization","name":"Radio Infinita Goya","url":"https:\/\/radioinfinitagoya.com.ar\/v1\/","logo":{"@type":"ImageObject","inLanguage":"es-AR","@id":"https:\/\/radioinfinitagoya.com.ar\/v1\/#\/schema\/logo\/image\/","url":"https:\/\/radioinfinitagoya.com.ar\/v1\/wp-content\/uploads\/2019\/11\/logo-pie-web.png","contentUrl":"https:\/\/radioinfinitagoya.com.ar\/v1\/wp-content\/uploads\/2019\/11\/logo-pie-web.png","width":635,"height":326,"caption":"Radio Infinita Goya"},"image":{"@id":"https:\/\/radioinfinitagoya.com.ar\/v1\/#\/schema\/logo\/image\/"},"sameAs":["https:\/\/www.facebook.com\/p\/Infinita-Goya-100063870918311\/"]},{"@type":"Person","@id":"https:\/\/radioinfinitagoya.com.ar\/v1\/#\/schema\/person\/d4cf9c413d4f6edb24aabdccab49ca4a","name":"Jorge Mi\u00f1o","image":{"@type":"ImageObject","inLanguage":"es-AR","@id":"https:\/\/secure.gravatar.com\/avatar\/910fcf6728fe95320e07a6643c1581fec1c7fc4bf8ae12e3d8f0d0373dc844be?s=96&d=mm&r=g","url":"https:\/\/secure.gravatar.com\/avatar\/910fcf6728fe95320e07a6643c1581fec1c7fc4bf8ae12e3d8f0d0373dc844be?s=96&d=mm&r=g","contentUrl":"https:\/\/secure.gravatar.com\/avatar\/910fcf6728fe95320e07a6643c1581fec1c7fc4bf8ae12e3d8f0d0373dc844be?s=96&d=mm&r=g","caption":"Jorge Mi\u00f1o"},"sameAs":["http:\/\/radioinfinitagoya.com.ar"]}]}},"_links":{"self":[{"href":"https:\/\/radioinfinitagoya.com.ar\/v1\/wp-json\/wp\/v2\/posts\/210211","targetHints":{"allow":["GET"]}}],"collection":[{"href":"https:\/\/radioinfinitagoya.com.ar\/v1\/wp-json\/wp\/v2\/posts"}],"about":[{"href":"https:\/\/radioinfinitagoya.com.ar\/v1\/wp-json\/wp\/v2\/types\/post"}],"author":[{"embeddable":true,"href":"https:\/\/radioinfinitagoya.com.ar\/v1\/wp-json\/wp\/v2\/users\/4"}],"replies":[{"embeddable":true,"href":"https:\/\/radioinfinitagoya.com.ar\/v1\/wp-json\/wp\/v2\/comments?post=210211"}],"version-history":[{"count":0,"href":"https:\/\/radioinfinitagoya.com.ar\/v1\/wp-json\/wp\/v2\/posts\/210211\/revisions"}],"wp:featuredmedia":[{"embeddable":true,"href":"https:\/\/radioinfinitagoya.com.ar\/v1\/wp-json\/wp\/v2\/media\/210212"}],"wp:attachment":[{"href":"https:\/\/radioinfinitagoya.com.ar\/v1\/wp-json\/wp\/v2\/media?parent=210211"}],"wp:term":[{"taxonomy":"category","embeddable":true,"href":"https:\/\/radioinfinitagoya.com.ar\/v1\/wp-json\/wp\/v2\/categories?post=210211"},{"taxonomy":"post_tag","embeddable":true,"href":"https:\/\/radioinfinitagoya.com.ar\/v1\/wp-json\/wp\/v2\/tags?post=210211"}],"curies":[{"name":"wp","href":"https:\/\/api.w.org\/{rel}","templated":true}]}}