{"id":210217,"date":"2026-03-14T17:57:15","date_gmt":"2026-03-14T20:57:15","guid":{"rendered":"https:\/\/radioinfinitagoya.com.ar\/v1\/?p=210217"},"modified":"2026-03-14T17:57:15","modified_gmt":"2026-03-14T20:57:15","slug":"la-importante-revolucion-que-piensa-llevar-adelante-el-real-madrid","status":"publish","type":"post","link":"https:\/\/radioinfinitagoya.com.ar\/v1\/2026\/03\/14\/la-importante-revolucion-que-piensa-llevar-adelante-el-real-madrid\/","title":{"rendered":"La importante revoluci\u00f3n que piensa llevar adelante el Real Madrid"},"content":{"rendered":"<p>Y el t\u00e9cnico argentino que tiene en la mira<br \/>\nLa dirigencia del club blanco eval\u00faa cambios profundos en su estructura deportiva y considera a un entrenador albiceleste para la pr\u00f3xima temporada<\/p>\n<p>El Real Madrid se prepara para una profunda reestructuraci\u00f3n en su direcci\u00f3n deportiva y en la conducci\u00f3n del primer equipo de cara al pr\u00f3ximo verano europeo, seg\u00fan inform\u00f3 el diario espa\u00f1ol Mundo Deportivo. El club blanco, que a\u00fan compite en la Liga de Espa\u00f1a y en la Liga de Campeones, atraviesa uno de los momentos de mayor tensi\u00f3n interna de los \u00faltimos a\u00f1os, mientras la c\u00fapula directiva eval\u00faa cambios de gran alcance que podr\u00edan afectar tanto al organigrama como al futuro del banquillo.<\/p>\n<p>Las fuentes consultadas por el mencionado rotativo se\u00f1alaron que la situaci\u00f3n dentro del \u00e1rea noble del Real Madrid es de especial nerviosismo. El debate gira en torno a la necesidad de un cambio de rumbo, impulsado en parte por el fallido fichaje de Xabi Alonso como entrenador y el rendimiento irregular del equipo bajo la actual gesti\u00f3n de \u00c1lvaro Arbeloa. La directiva considera que la pr\u00f3xima ventana de verano ser\u00e1 decisiva para tomar medidas que modifiquen la estructura de poder y las responsabilidades deportivas dentro de la instituci\u00f3n.<\/p>\n<p>Entre las figuras que podr\u00edan verse directamente involucradas en esta transformaci\u00f3n destacan Jos\u00e9 \u00c1ngel S\u00e1nchez, director general y responsable del \u00e1rea deportiva, y Juni Calafat, jefe de ojeadores y art\u00edfice de la llegada de jugadores como Vinicius Junior, Rodrygo y Franco Mastantuono. La continuidad de ambos est\u00e1 en revisi\u00f3n, mientras la directiva sopesa los pasos a seguir para fortalecer el proyecto deportivo del club. La posici\u00f3n de Anas Laghari, asesor de confianza del presidente Florentino P\u00e9rez, tambi\u00e9n est\u00e1 bajo an\u00e1lisis en el marco de las negociaciones internas.<\/p>\n<p>El primer gran objetivo del Real Madrid ser\u00e1 la designaci\u00f3n del entrenador para la pr\u00f3xima temporada. Solamente la obtenci\u00f3n de la decimosexta Liga de Campeones podr\u00eda mantener abiertas las posibilidades de continuidad para \u00c1lvaro Arbeloa al frente del equipo. De lo contrario, la directiva ya ha elaborado una lista de candidatos para el banquillo, en la que destacan dos nombres internacionales.<\/p>\n<p>De acuerdo con la informaci\u00f3n de dicho medio, J\u00fcrgen Klopp, actualmente sin equipo y desempe\u00f1\u00e1ndose como director de f\u00fatbol en el grupo Red Bull, es una de las opciones preferidas por la dirigencia. El t\u00e9cnico alem\u00e1n cuenta con experiencia en la \u00e9lite europea y su perfil se ajusta a la exigencia de un club como el Real Madrid.<\/p>\n<p>No obstante, en las \u00faltimas semanas ha cobrado fuerza la alternativa de Mauricio Pochettino, seleccionador nacional de Estados Unidos. El entrenador argentino ya figur\u00f3 en la agenda de Florentino P\u00e9rez en otras oportunidades, especialmente tras la renuncia de Zinedine Zidane en 2022 y antes de la contrataci\u00f3n de Carlo Ancelotti. El inter\u00e9s de la instituci\u00f3n en el estratega argentino responde a su perfil internacional y a su historial en equipos de alto nivel, as\u00ed como a la buena consideraci\u00f3n que mantiene dentro del c\u00edrculo presidencial.<\/p>\n<p>El club blanco, no obstante, enfrenta competencia por los servicios de Pochettino. Seg\u00fan Mundo Deportivo, el Tottenham Hotspur, entidad de la Premier League que ya dirigi\u00f3 el t\u00e9cnico albiceleste, ha mostrado un inter\u00e9s concreto en repatriarlo. Esta situaci\u00f3n a\u00f1ade presi\u00f3n a la decisi\u00f3n que deber\u00e1 tomar la dirigencia madridista en las pr\u00f3ximas semanas.<\/p>\n<p>La planificaci\u00f3n de la revoluci\u00f3n en el Real Madrid contempla tambi\u00e9n la revisi\u00f3n del \u00e1rea de captaci\u00f3n de talentos y la posible reasignaci\u00f3n de funciones en departamentos clave. El club busca reforzar su capacidad para identificar y asegurar j\u00f3venes promesas, en l\u00ednea con la estrategia de renovaci\u00f3n que ha marcado la \u00faltima d\u00e9cada.<\/p>\n<p>La temporada actual, marcada por altibajos y decisiones relevantes en el \u00e1mbito deportivo, ha acelerado la necesidad de introducir ajustes en la pol\u00edtica institucional. La permanencia de algunos directivos, as\u00ed como la elecci\u00f3n del pr\u00f3ximo entrenador, se han convertido en temas de debate prioritario en las reuniones internas de la c\u00fapula del club.<\/p>\n<p>El Merengue atraviesa una irregular temporada. Tras caer en la Supercopa de Espa\u00f1a ante Barcelona y ser eliminados de la Copa del Rey en octavos de final ante Albacete, conjunto que milita en la Segunda Divisi\u00f3n del pa\u00eds, los de la Casa Blanca buscan dar pelea en La Liga (figuran en la segunda posici\u00f3n con 63 unidades, cuatro menos que el l\u00edder Barcelona) y en la Champions League (superaron por 3-0 en la ida de los octavos de final al Manchester City). Su pr\u00f3xima presentaci\u00f3n ser\u00e1 este s\u00e1bado, desde las 17, cuando reciba al Elche. Luego, el martes 17 de marzo, viajar\u00e1 a Inglaterra para medirse con los Ciudadanos por el m\u00e1ximo certamen europeo.<\/p>\n<p>En paralelo a estos movimientos, la din\u00e1mica interna del vestuario se ha visto alterada por una serie de contratiempos. Seg\u00fan public\u00f3 Marca, \u00c1lvaro Arbeloa convoc\u00f3 de urgencia a cuatro de los principales referentes disponibles: Aur\u00e9lien Tchouam\u00e9ni, Antonio R\u00fcdiger, Federico Valverde y Vinicius Junior. La reuni\u00f3n, celebrada en Valdebebas, tuvo como objetivo conocer de primera mano el estado f\u00edsico de los futbolistas ante la baja de Marco Asensio, que se sum\u00f3 a una lista de diez lesionados.<\/p>\n<p>El t\u00e9cnico busc\u00f3 as\u00ed medir riesgos y decidir si era conveniente exigir a los futbolistas o dar prioridad a su recuperaci\u00f3n, en v\u00edsperas de una semana determinante para el club, con partidos frente al Elche, el Manchester City y el derbi ante el Atl\u00e9tico de Madrid.<\/p>\n","protected":false},"excerpt":{"rendered":"<p>Y el t\u00e9cnico argentino que tiene en la mira La dirigencia del club blanco eval\u00faa cambios profundos en su estructura deportiva y considera a un entrenador albiceleste para la pr\u00f3xima temporada El Real Madrid se prepara para una profunda reestructuraci\u00f3n en su direcci\u00f3n deportiva y en la conducci\u00f3n del primer equipo de cara al pr\u00f3ximo [&hellip;]<\/p>\n","protected":false},"author":4,"featured_media":210218,"comment_status":"open","ping_status":"open","sticky":false,"template":"","format":"standard","meta":{"_joinchat":[],"footnotes":""},"categories":[28],"tags":[],"class_list":{"0":"post-210217","1":"post","2":"type-post","3":"status-publish","4":"format-standard","5":"has-post-thumbnail","7":"category-deportes"},"yoast_head":"<!-- This site is optimized with the Yoast SEO plugin v27.2 - https:\/\/yoast.com\/product\/yoast-seo-wordpress\/ -->\n<title>La importante revoluci\u00f3n que piensa llevar adelante el Real Madrid - Radio Infinita Goya<\/title>\n<meta name=\"description\" content=\"Y el t\u00e9cnico argentino que tiene en la mira La dirigencia del club blanco eval\u00faa cambios profundos en su estructura deportiva y considera a un entrenador\" \/>\n<meta name=\"robots\" content=\"index, follow, max-snippet:-1, max-image-preview:large, max-video-preview:-1\" \/>\n<link rel=\"canonical\" href=\"https:\/\/radioinfinitagoya.com.ar\/v1\/2026\/03\/14\/la-importante-revolucion-que-piensa-llevar-adelante-el-real-madrid\/\" \/>\n<meta property=\"og:locale\" content=\"es_ES\" \/>\n<meta property=\"og:type\" content=\"article\" \/>\n<meta property=\"og:title\" content=\"La importante revoluci\u00f3n que piensa llevar adelante el Real Madrid - Radio Infinita Goya\" \/>\n<meta property=\"og:description\" content=\"Y el t\u00e9cnico argentino que tiene en la mira La dirigencia del club blanco eval\u00faa cambios profundos en su estructura deportiva y considera a un entrenador\" \/>\n<meta property=\"og:url\" content=\"https:\/\/radioinfinitagoya.com.ar\/v1\/2026\/03\/14\/la-importante-revolucion-que-piensa-llevar-adelante-el-real-madrid\/\" \/>\n<meta property=\"og:site_name\" content=\"Radio Infinita Goya\" \/>\n<meta property=\"article:publisher\" content=\"https:\/\/www.facebook.com\/p\/Infinita-Goya-100063870918311\/\" \/>\n<meta property=\"article:published_time\" content=\"2026-03-14T20:57:15+00:00\" \/>\n<meta property=\"og:image\" content=\"https:\/\/radioinfinitagoya.com.ar\/v1\/wp-content\/uploads\/2026\/03\/D7AaQjc4.jpg\" \/>\n\t<meta property=\"og:image:width\" content=\"680\" \/>\n\t<meta property=\"og:image:height\" content=\"340\" \/>\n\t<meta property=\"og:image:type\" content=\"image\/jpeg\" \/>\n<meta name=\"author\" content=\"Jorge Mi\u00f1o\" \/>\n<meta name=\"twitter:card\" content=\"summary_large_image\" \/>\n<meta name=\"twitter:label1\" content=\"Escrito por\" \/>\n\t<meta name=\"twitter:data1\" content=\"Jorge Mi\u00f1o\" \/>\n\t<meta name=\"twitter:label2\" content=\"Tiempo de lectura\" \/>\n\t<meta name=\"twitter:data2\" content=\"5 minutos\" \/>\n<script type=\"application\/ld+json\" class=\"yoast-schema-graph\">{\"@context\":\"https:\/\/schema.org\",\"@graph\":[{\"@type\":\"Article\",\"@id\":\"https:\/\/radioinfinitagoya.com.ar\/v1\/2026\/03\/14\/la-importante-revolucion-que-piensa-llevar-adelante-el-real-madrid\/#article\",\"isPartOf\":{\"@id\":\"https:\/\/radioinfinitagoya.com.ar\/v1\/2026\/03\/14\/la-importante-revolucion-que-piensa-llevar-adelante-el-real-madrid\/\"},\"author\":{\"name\":\"Jorge Mi\u00f1o\",\"@id\":\"https:\/\/radioinfinitagoya.com.ar\/v1\/#\/schema\/person\/d4cf9c413d4f6edb24aabdccab49ca4a\"},\"headline\":\"La importante revoluci\u00f3n que piensa llevar adelante el Real Madrid\",\"datePublished\":\"2026-03-14T20:57:15+00:00\",\"mainEntityOfPage\":{\"@id\":\"https:\/\/radioinfinitagoya.com.ar\/v1\/2026\/03\/14\/la-importante-revolucion-que-piensa-llevar-adelante-el-real-madrid\/\"},\"wordCount\":983,\"commentCount\":0,\"publisher\":{\"@id\":\"https:\/\/radioinfinitagoya.com.ar\/v1\/#organization\"},\"image\":{\"@id\":\"https:\/\/radioinfinitagoya.com.ar\/v1\/2026\/03\/14\/la-importante-revolucion-que-piensa-llevar-adelante-el-real-madrid\/#primaryimage\"},\"thumbnailUrl\":\"https:\/\/radioinfinitagoya.com.ar\/v1\/wp-content\/uploads\/2026\/03\/D7AaQjc4.jpg\",\"articleSection\":[\"DEPORTES\"],\"inLanguage\":\"es-AR\",\"potentialAction\":[{\"@type\":\"CommentAction\",\"name\":\"Comment\",\"target\":[\"https:\/\/radioinfinitagoya.com.ar\/v1\/2026\/03\/14\/la-importante-revolucion-que-piensa-llevar-adelante-el-real-madrid\/#respond\"]}]},{\"@type\":\"WebPage\",\"@id\":\"https:\/\/radioinfinitagoya.com.ar\/v1\/2026\/03\/14\/la-importante-revolucion-que-piensa-llevar-adelante-el-real-madrid\/\",\"url\":\"https:\/\/radioinfinitagoya.com.ar\/v1\/2026\/03\/14\/la-importante-revolucion-que-piensa-llevar-adelante-el-real-madrid\/\",\"name\":\"La importante revoluci\u00f3n que piensa llevar adelante el Real Madrid - Radio Infinita Goya\",\"isPartOf\":{\"@id\":\"https:\/\/radioinfinitagoya.com.ar\/v1\/#website\"},\"primaryImageOfPage\":{\"@id\":\"https:\/\/radioinfinitagoya.com.ar\/v1\/2026\/03\/14\/la-importante-revolucion-que-piensa-llevar-adelante-el-real-madrid\/#primaryimage\"},\"image\":{\"@id\":\"https:\/\/radioinfinitagoya.com.ar\/v1\/2026\/03\/14\/la-importante-revolucion-que-piensa-llevar-adelante-el-real-madrid\/#primaryimage\"},\"thumbnailUrl\":\"https:\/\/radioinfinitagoya.com.ar\/v1\/wp-content\/uploads\/2026\/03\/D7AaQjc4.jpg\",\"datePublished\":\"2026-03-14T20:57:15+00:00\",\"description\":\"Y el t\u00e9cnico argentino que tiene en la mira La dirigencia del club blanco eval\u00faa cambios profundos en su estructura deportiva y considera a un entrenador\",\"breadcrumb\":{\"@id\":\"https:\/\/radioinfinitagoya.com.ar\/v1\/2026\/03\/14\/la-importante-revolucion-que-piensa-llevar-adelante-el-real-madrid\/#breadcrumb\"},\"inLanguage\":\"es-AR\",\"potentialAction\":[{\"@type\":\"ReadAction\",\"target\":[\"https:\/\/radioinfinitagoya.com.ar\/v1\/2026\/03\/14\/la-importante-revolucion-que-piensa-llevar-adelante-el-real-madrid\/\"]}]},{\"@type\":\"ImageObject\",\"inLanguage\":\"es-AR\",\"@id\":\"https:\/\/radioinfinitagoya.com.ar\/v1\/2026\/03\/14\/la-importante-revolucion-que-piensa-llevar-adelante-el-real-madrid\/#primaryimage\",\"url\":\"https:\/\/radioinfinitagoya.com.ar\/v1\/wp-content\/uploads\/2026\/03\/D7AaQjc4.jpg\",\"contentUrl\":\"https:\/\/radioinfinitagoya.com.ar\/v1\/wp-content\/uploads\/2026\/03\/D7AaQjc4.jpg\",\"width\":680,\"height\":340},{\"@type\":\"BreadcrumbList\",\"@id\":\"https:\/\/radioinfinitagoya.com.ar\/v1\/2026\/03\/14\/la-importante-revolucion-que-piensa-llevar-adelante-el-real-madrid\/#breadcrumb\",\"itemListElement\":[{\"@type\":\"ListItem\",\"position\":1,\"name\":\"Inicio\",\"item\":\"https:\/\/radioinfinitagoya.com.ar\/v1\/\"},{\"@type\":\"ListItem\",\"position\":2,\"name\":\"La importante revoluci\u00f3n que piensa llevar adelante el Real Madrid\"}]},{\"@type\":\"WebSite\",\"@id\":\"https:\/\/radioinfinitagoya.com.ar\/v1\/#website\",\"url\":\"https:\/\/radioinfinitagoya.com.ar\/v1\/\",\"name\":\"radioinfinitagoya.com.ar\",\"description\":\"Radio de noticias\",\"publisher\":{\"@id\":\"https:\/\/radioinfinitagoya.com.ar\/v1\/#organization\"},\"potentialAction\":[{\"@type\":\"SearchAction\",\"target\":{\"@type\":\"EntryPoint\",\"urlTemplate\":\"https:\/\/radioinfinitagoya.com.ar\/v1\/?s={search_term_string}\"},\"query-input\":{\"@type\":\"PropertyValueSpecification\",\"valueRequired\":true,\"valueName\":\"search_term_string\"}}],\"inLanguage\":\"es-AR\"},{\"@type\":\"Organization\",\"@id\":\"https:\/\/radioinfinitagoya.com.ar\/v1\/#organization\",\"name\":\"Radio Infinita Goya\",\"url\":\"https:\/\/radioinfinitagoya.com.ar\/v1\/\",\"logo\":{\"@type\":\"ImageObject\",\"inLanguage\":\"es-AR\",\"@id\":\"https:\/\/radioinfinitagoya.com.ar\/v1\/#\/schema\/logo\/image\/\",\"url\":\"https:\/\/radioinfinitagoya.com.ar\/v1\/wp-content\/uploads\/2019\/11\/logo-pie-web.png\",\"contentUrl\":\"https:\/\/radioinfinitagoya.com.ar\/v1\/wp-content\/uploads\/2019\/11\/logo-pie-web.png\",\"width\":635,\"height\":326,\"caption\":\"Radio Infinita Goya\"},\"image\":{\"@id\":\"https:\/\/radioinfinitagoya.com.ar\/v1\/#\/schema\/logo\/image\/\"},\"sameAs\":[\"https:\/\/www.facebook.com\/p\/Infinita-Goya-100063870918311\/\"]},{\"@type\":\"Person\",\"@id\":\"https:\/\/radioinfinitagoya.com.ar\/v1\/#\/schema\/person\/d4cf9c413d4f6edb24aabdccab49ca4a\",\"name\":\"Jorge Mi\u00f1o\",\"image\":{\"@type\":\"ImageObject\",\"inLanguage\":\"es-AR\",\"@id\":\"https:\/\/secure.gravatar.com\/avatar\/910fcf6728fe95320e07a6643c1581fec1c7fc4bf8ae12e3d8f0d0373dc844be?s=96&d=mm&r=g\",\"url\":\"https:\/\/secure.gravatar.com\/avatar\/910fcf6728fe95320e07a6643c1581fec1c7fc4bf8ae12e3d8f0d0373dc844be?s=96&d=mm&r=g\",\"contentUrl\":\"https:\/\/secure.gravatar.com\/avatar\/910fcf6728fe95320e07a6643c1581fec1c7fc4bf8ae12e3d8f0d0373dc844be?s=96&d=mm&r=g\",\"caption\":\"Jorge Mi\u00f1o\"},\"sameAs\":[\"http:\/\/radioinfinitagoya.com.ar\"]}]}<\/script>\n<!-- \/ Yoast SEO plugin. -->","yoast_head_json":{"title":"La importante revoluci\u00f3n que piensa llevar adelante el Real Madrid - Radio Infinita Goya","description":"Y el t\u00e9cnico argentino que tiene en la mira La dirigencia del club blanco eval\u00faa cambios profundos en su estructura deportiva y considera a un entrenador","robots":{"index":"index","follow":"follow","max-snippet":"max-snippet:-1","max-image-preview":"max-image-preview:large","max-video-preview":"max-video-preview:-1"},"canonical":"https:\/\/radioinfinitagoya.com.ar\/v1\/2026\/03\/14\/la-importante-revolucion-que-piensa-llevar-adelante-el-real-madrid\/","og_locale":"es_ES","og_type":"article","og_title":"La importante revoluci\u00f3n que piensa llevar adelante el Real Madrid - Radio Infinita Goya","og_description":"Y el t\u00e9cnico argentino que tiene en la mira La dirigencia del club blanco eval\u00faa cambios profundos en su estructura deportiva y considera a un entrenador","og_url":"https:\/\/radioinfinitagoya.com.ar\/v1\/2026\/03\/14\/la-importante-revolucion-que-piensa-llevar-adelante-el-real-madrid\/","og_site_name":"Radio Infinita Goya","article_publisher":"https:\/\/www.facebook.com\/p\/Infinita-Goya-100063870918311\/","article_published_time":"2026-03-14T20:57:15+00:00","og_image":[{"width":680,"height":340,"url":"https:\/\/radioinfinitagoya.com.ar\/v1\/wp-content\/uploads\/2026\/03\/D7AaQjc4.jpg","type":"image\/jpeg"}],"author":"Jorge Mi\u00f1o","twitter_card":"summary_large_image","twitter_misc":{"Escrito por":"Jorge Mi\u00f1o","Tiempo de lectura":"5 minutos"},"schema":{"@context":"https:\/\/schema.org","@graph":[{"@type":"Article","@id":"https:\/\/radioinfinitagoya.com.ar\/v1\/2026\/03\/14\/la-importante-revolucion-que-piensa-llevar-adelante-el-real-madrid\/#article","isPartOf":{"@id":"https:\/\/radioinfinitagoya.com.ar\/v1\/2026\/03\/14\/la-importante-revolucion-que-piensa-llevar-adelante-el-real-madrid\/"},"author":{"name":"Jorge Mi\u00f1o","@id":"https:\/\/radioinfinitagoya.com.ar\/v1\/#\/schema\/person\/d4cf9c413d4f6edb24aabdccab49ca4a"},"headline":"La importante revoluci\u00f3n que piensa llevar adelante el Real Madrid","datePublished":"2026-03-14T20:57:15+00:00","mainEntityOfPage":{"@id":"https:\/\/radioinfinitagoya.com.ar\/v1\/2026\/03\/14\/la-importante-revolucion-que-piensa-llevar-adelante-el-real-madrid\/"},"wordCount":983,"commentCount":0,"publisher":{"@id":"https:\/\/radioinfinitagoya.com.ar\/v1\/#organization"},"image":{"@id":"https:\/\/radioinfinitagoya.com.ar\/v1\/2026\/03\/14\/la-importante-revolucion-que-piensa-llevar-adelante-el-real-madrid\/#primaryimage"},"thumbnailUrl":"https:\/\/radioinfinitagoya.com.ar\/v1\/wp-content\/uploads\/2026\/03\/D7AaQjc4.jpg","articleSection":["DEPORTES"],"inLanguage":"es-AR","potentialAction":[{"@type":"CommentAction","name":"Comment","target":["https:\/\/radioinfinitagoya.com.ar\/v1\/2026\/03\/14\/la-importante-revolucion-que-piensa-llevar-adelante-el-real-madrid\/#respond"]}]},{"@type":"WebPage","@id":"https:\/\/radioinfinitagoya.com.ar\/v1\/2026\/03\/14\/la-importante-revolucion-que-piensa-llevar-adelante-el-real-madrid\/","url":"https:\/\/radioinfinitagoya.com.ar\/v1\/2026\/03\/14\/la-importante-revolucion-que-piensa-llevar-adelante-el-real-madrid\/","name":"La importante revoluci\u00f3n que piensa llevar adelante el Real Madrid - Radio Infinita Goya","isPartOf":{"@id":"https:\/\/radioinfinitagoya.com.ar\/v1\/#website"},"primaryImageOfPage":{"@id":"https:\/\/radioinfinitagoya.com.ar\/v1\/2026\/03\/14\/la-importante-revolucion-que-piensa-llevar-adelante-el-real-madrid\/#primaryimage"},"image":{"@id":"https:\/\/radioinfinitagoya.com.ar\/v1\/2026\/03\/14\/la-importante-revolucion-que-piensa-llevar-adelante-el-real-madrid\/#primaryimage"},"thumbnailUrl":"https:\/\/radioinfinitagoya.com.ar\/v1\/wp-content\/uploads\/2026\/03\/D7AaQjc4.jpg","datePublished":"2026-03-14T20:57:15+00:00","description":"Y el t\u00e9cnico argentino que tiene en la mira La dirigencia del club blanco eval\u00faa cambios profundos en su estructura deportiva y considera a un entrenador","breadcrumb":{"@id":"https:\/\/radioinfinitagoya.com.ar\/v1\/2026\/03\/14\/la-importante-revolucion-que-piensa-llevar-adelante-el-real-madrid\/#breadcrumb"},"inLanguage":"es-AR","potentialAction":[{"@type":"ReadAction","target":["https:\/\/radioinfinitagoya.com.ar\/v1\/2026\/03\/14\/la-importante-revolucion-que-piensa-llevar-adelante-el-real-madrid\/"]}]},{"@type":"ImageObject","inLanguage":"es-AR","@id":"https:\/\/radioinfinitagoya.com.ar\/v1\/2026\/03\/14\/la-importante-revolucion-que-piensa-llevar-adelante-el-real-madrid\/#primaryimage","url":"https:\/\/radioinfinitagoya.com.ar\/v1\/wp-content\/uploads\/2026\/03\/D7AaQjc4.jpg","contentUrl":"https:\/\/radioinfinitagoya.com.ar\/v1\/wp-content\/uploads\/2026\/03\/D7AaQjc4.jpg","width":680,"height":340},{"@type":"BreadcrumbList","@id":"https:\/\/radioinfinitagoya.com.ar\/v1\/2026\/03\/14\/la-importante-revolucion-que-piensa-llevar-adelante-el-real-madrid\/#breadcrumb","itemListElement":[{"@type":"ListItem","position":1,"name":"Inicio","item":"https:\/\/radioinfinitagoya.com.ar\/v1\/"},{"@type":"ListItem","position":2,"name":"La importante revoluci\u00f3n que piensa llevar adelante el Real Madrid"}]},{"@type":"WebSite","@id":"https:\/\/radioinfinitagoya.com.ar\/v1\/#website","url":"https:\/\/radioinfinitagoya.com.ar\/v1\/","name":"radioinfinitagoya.com.ar","description":"Radio de noticias","publisher":{"@id":"https:\/\/radioinfinitagoya.com.ar\/v1\/#organization"},"potentialAction":[{"@type":"SearchAction","target":{"@type":"EntryPoint","urlTemplate":"https:\/\/radioinfinitagoya.com.ar\/v1\/?s={search_term_string}"},"query-input":{"@type":"PropertyValueSpecification","valueRequired":true,"valueName":"search_term_string"}}],"inLanguage":"es-AR"},{"@type":"Organization","@id":"https:\/\/radioinfinitagoya.com.ar\/v1\/#organization","name":"Radio Infinita Goya","url":"https:\/\/radioinfinitagoya.com.ar\/v1\/","logo":{"@type":"ImageObject","inLanguage":"es-AR","@id":"https:\/\/radioinfinitagoya.com.ar\/v1\/#\/schema\/logo\/image\/","url":"https:\/\/radioinfinitagoya.com.ar\/v1\/wp-content\/uploads\/2019\/11\/logo-pie-web.png","contentUrl":"https:\/\/radioinfinitagoya.com.ar\/v1\/wp-content\/uploads\/2019\/11\/logo-pie-web.png","width":635,"height":326,"caption":"Radio Infinita Goya"},"image":{"@id":"https:\/\/radioinfinitagoya.com.ar\/v1\/#\/schema\/logo\/image\/"},"sameAs":["https:\/\/www.facebook.com\/p\/Infinita-Goya-100063870918311\/"]},{"@type":"Person","@id":"https:\/\/radioinfinitagoya.com.ar\/v1\/#\/schema\/person\/d4cf9c413d4f6edb24aabdccab49ca4a","name":"Jorge Mi\u00f1o","image":{"@type":"ImageObject","inLanguage":"es-AR","@id":"https:\/\/secure.gravatar.com\/avatar\/910fcf6728fe95320e07a6643c1581fec1c7fc4bf8ae12e3d8f0d0373dc844be?s=96&d=mm&r=g","url":"https:\/\/secure.gravatar.com\/avatar\/910fcf6728fe95320e07a6643c1581fec1c7fc4bf8ae12e3d8f0d0373dc844be?s=96&d=mm&r=g","contentUrl":"https:\/\/secure.gravatar.com\/avatar\/910fcf6728fe95320e07a6643c1581fec1c7fc4bf8ae12e3d8f0d0373dc844be?s=96&d=mm&r=g","caption":"Jorge Mi\u00f1o"},"sameAs":["http:\/\/radioinfinitagoya.com.ar"]}]}},"_links":{"self":[{"href":"https:\/\/radioinfinitagoya.com.ar\/v1\/wp-json\/wp\/v2\/posts\/210217","targetHints":{"allow":["GET"]}}],"collection":[{"href":"https:\/\/radioinfinitagoya.com.ar\/v1\/wp-json\/wp\/v2\/posts"}],"about":[{"href":"https:\/\/radioinfinitagoya.com.ar\/v1\/wp-json\/wp\/v2\/types\/post"}],"author":[{"embeddable":true,"href":"https:\/\/radioinfinitagoya.com.ar\/v1\/wp-json\/wp\/v2\/users\/4"}],"replies":[{"embeddable":true,"href":"https:\/\/radioinfinitagoya.com.ar\/v1\/wp-json\/wp\/v2\/comments?post=210217"}],"version-history":[{"count":0,"href":"https:\/\/radioinfinitagoya.com.ar\/v1\/wp-json\/wp\/v2\/posts\/210217\/revisions"}],"wp:featuredmedia":[{"embeddable":true,"href":"https:\/\/radioinfinitagoya.com.ar\/v1\/wp-json\/wp\/v2\/media\/210218"}],"wp:attachment":[{"href":"https:\/\/radioinfinitagoya.com.ar\/v1\/wp-json\/wp\/v2\/media?parent=210217"}],"wp:term":[{"taxonomy":"category","embeddable":true,"href":"https:\/\/radioinfinitagoya.com.ar\/v1\/wp-json\/wp\/v2\/categories?post=210217"},{"taxonomy":"post_tag","embeddable":true,"href":"https:\/\/radioinfinitagoya.com.ar\/v1\/wp-json\/wp\/v2\/tags?post=210217"}],"curies":[{"name":"wp","href":"https:\/\/api.w.org\/{rel}","templated":true}]}}