{"id":210220,"date":"2026-03-14T18:02:42","date_gmt":"2026-03-14T21:02:42","guid":{"rendered":"https:\/\/radioinfinitagoya.com.ar\/v1\/?p=210220"},"modified":"2026-03-14T18:02:42","modified_gmt":"2026-03-14T21:02:42","slug":"fue-campeon-del-futbol-argentino-desembarco-en-espana","status":"publish","type":"post","link":"https:\/\/radioinfinitagoya.com.ar\/v1\/2026\/03\/14\/fue-campeon-del-futbol-argentino-desembarco-en-espana\/","title":{"rendered":"Fue campe\u00f3n del f\u00fatbol argentino, desembarc\u00f3 en Espa\u00f1a"},"content":{"rendered":"<p>Y la prensa local lo catalog\u00f3 como \u201cel nuevo Di Mar\u00eda\u201d<\/p>\n<p>Ignacio Schor dej\u00f3 Platense para sumarse al Ceuta de la Segunda Divisi\u00f3n y est\u00e1 dejando su huella en Europa<\/p>\n<p>El recorrido de Ignacio Schor en el f\u00fatbol dio un giro notable en menos de un a\u00f1o. Tras consagrarse campe\u00f3n del Torneo Apertura 2025 con Platense, el extremo argentino desembarc\u00f3 en la competencia espa\u00f1ola. Un mes despu\u00e9s de su llegada, la prensa local ya lo compar\u00f3 con \u00c1ngel Di Mar\u00eda, se\u00f1alan similitudes que van m\u00e1s all\u00e1 de la posici\u00f3n en el campo de juego.<\/p>\n<p>El apodo de \u201cel nuevo Di Mar\u00eda\u201d surgi\u00f3 tras una entrevista concedida por Schor al diario Marca, en la que el propio jugador reconoci\u00f3 cu\u00e1l es su mayor referente futbol\u00edstico. El argentino confes\u00f3: \u201cSiempre me fij\u00e9 en Di Mar\u00eda, Cristiano Ronaldo y Gareth Bale; siempre en jugadores verticales. Pero sobre todo Di Mar\u00eda; siempre me marc\u00f3 en los clubes en los que jug\u00f3 y en la selecci\u00f3n argentina tambi\u00e9n\u201d. La prensa espa\u00f1ola se apropi\u00f3 de esa declaraci\u00f3n y subray\u00f3 el paralelismo entre ambos por su condici\u00f3n de extremo, adem\u00e1s resaltaron la proyecci\u00f3n del joven atacante del Ceuta.<\/p>\n<p>El salto a Europa signific\u00f3 un reto en varios aspectos para Schor. El argentino firm\u00f3 con la AD Ceuta hasta junio de 2027, en un equipo que actualmente pelea por acercarse a los puestos de ascenso en la Segunda Divisi\u00f3n. Su adaptaci\u00f3n, sin embargo, no ha sido inmediata. Sum\u00f3 54 minutos a lo largo de tres encuentros, situaci\u00f3n que el propio futbolista atribuye a las diferencias de calendario y ritmo entre Argentina y Espa\u00f1a. \u201cLos partidos tienen otro ritmo y otra velocidad que no hay en Argentina. Espero seguir agarrando el ritmo necesario para poder entrar en el once titular\u201d, explic\u00f3 el extremo durante la entrevista.<\/p>\n<p>La llegada de Schor a Ceuta se produjo en un club que atraviesa su mejor temporada hist\u00f3rica. El equipo ocupa la octava posici\u00f3n de la liga y acumula 44 unidades, mientras observa al Racing de Santander, l\u00edder del campeonato con 56 puntos, desde cierta distancia. En ese marco, la presi\u00f3n por adaptarse y responder a las expectativas crece, aunque el jugador no pierde la calma y se enfoca en integrarse al grupo y al estilo de juego espa\u00f1ol.<\/p>\n<p><img loading=\"lazy\" decoding=\"async\" class=\"alignnone size-full wp-image-210222\" src=\"https:\/\/radioinfinitagoya.com.ar\/v1\/wp-content\/uploads\/2026\/03\/6RPKD76DRNCW3FT5D7ESZGS4DU.avif\" alt=\"\" width=\"992\" height=\"992\" srcset=\"https:\/\/radioinfinitagoya.com.ar\/v1\/wp-content\/uploads\/2026\/03\/6RPKD76DRNCW3FT5D7ESZGS4DU.avif 992w, https:\/\/radioinfinitagoya.com.ar\/v1\/wp-content\/uploads\/2026\/03\/6RPKD76DRNCW3FT5D7ESZGS4DU-150x150.jpg 150w, https:\/\/radioinfinitagoya.com.ar\/v1\/wp-content\/uploads\/2026\/03\/6RPKD76DRNCW3FT5D7ESZGS4DU-768x768.jpg 768w, https:\/\/radioinfinitagoya.com.ar\/v1\/wp-content\/uploads\/2026\/03\/6RPKD76DRNCW3FT5D7ESZGS4DU-420x420.jpg 420w, https:\/\/radioinfinitagoya.com.ar\/v1\/wp-content\/uploads\/2026\/03\/6RPKD76DRNCW3FT5D7ESZGS4DU-696x696.jpg 696w\" sizes=\"auto, (max-width: 992px) 100vw, 992px\" \/>La historia reciente de Schor est\u00e1 marcada por momentos determinantes. El penal que convirti\u00f3 frente a River Plate no solo le otorg\u00f3 la clasificaci\u00f3n a semifinales a Platense en el Apertura 2025, sino que tambi\u00e9n consolid\u00f3 su figura en el f\u00fatbol argentino. El atacante record\u00f3 ese instante como uno de los m\u00e1s intensos de su trayectoria: \u201cFue uno de los momentos m\u00e1s lindos de mi carrera porque la pelota entr\u00f3, si no hubiese sido uno de los m\u00e1s feos, pero el f\u00fatbol es as\u00ed, un cent\u00edmetro marca las diferencias y te puede cambiar todo. Fue incre\u00edble porque le ganamos a River. Yo no sab\u00eda que me iba a tocar ese penal a m\u00ed, me toc\u00f3 el quinto para ganar y no son coincidencia\u201d.<\/p>\n<p>Ignacio Schor tambi\u00e9n rememor\u00f3 su experiencia en un partido ben\u00e9fico con la camiseta de Newell\u2019s, ocasi\u00f3n que le permiti\u00f3 compartir cancha con Lionel Messi en Miami. \u201cFue un momento \u00fanico en mi vida, verlo jugar en la misma cancha, tan cerca te das cuenta que es el mejor jugador del mundo. Verlo en directo es mejor todav\u00eda\u201d, relat\u00f3 el delantero para el diario MARCA, en admiraci\u00f3n por el astro rosarino.<\/p>\n<p>El futbolista describi\u00f3 su estilo en el campo como en\u00e9rgico y vers\u00e1til, con preferencia por desbordar por ambas bandas, aunque \u00faltimamente se desempe\u00f1\u00f3 tambi\u00e9n como delantero centro. \u201cMe gusta aportar energ\u00eda y velocidad. Puedo correr todo el partido por el carril y ojal\u00e1 ac\u00e1 en Espa\u00f1a pueda aportar muchas cosas\u201d, afirm\u00f3 Schor. No obstante, reconoci\u00f3 que esa energ\u00eda a veces le juega en contra a la hora de definir o dar el \u00faltimo pase.<\/p>\n<p><img loading=\"lazy\" decoding=\"async\" class=\"alignnone size-full wp-image-210223\" src=\"https:\/\/radioinfinitagoya.com.ar\/v1\/wp-content\/uploads\/2026\/03\/2CKPA6M7V5FN5I7KLRPCQMTGME.avif\" alt=\"\" width=\"992\" height=\"1240\" srcset=\"https:\/\/radioinfinitagoya.com.ar\/v1\/wp-content\/uploads\/2026\/03\/2CKPA6M7V5FN5I7KLRPCQMTGME.avif 992w, https:\/\/radioinfinitagoya.com.ar\/v1\/wp-content\/uploads\/2026\/03\/2CKPA6M7V5FN5I7KLRPCQMTGME-120x150.jpg 120w, https:\/\/radioinfinitagoya.com.ar\/v1\/wp-content\/uploads\/2026\/03\/2CKPA6M7V5FN5I7KLRPCQMTGME-768x960.jpg 768w, https:\/\/radioinfinitagoya.com.ar\/v1\/wp-content\/uploads\/2026\/03\/2CKPA6M7V5FN5I7KLRPCQMTGME-336x420.jpg 336w, https:\/\/radioinfinitagoya.com.ar\/v1\/wp-content\/uploads\/2026\/03\/2CKPA6M7V5FN5I7KLRPCQMTGME-696x870.jpg 696w\" sizes=\"auto, (max-width: 992px) 100vw, 992px\" \/>Por su parte, el proceso de adaptaci\u00f3n a Ceuta result\u00f3 positivo en lo personal. Schor destac\u00f3 la calidez del entorno y la recepci\u00f3n que le brindaron desde su llegada: \u201cEs una ciudad muy acogedora, muy familiar, si ven que viene de afuera te tratan como si fueras de ac\u00e1 y desde el primer d\u00eda me siento muy bien\u201d. La transici\u00f3n deportiva, sin embargo, requiere tiempo y trabajo, sobre todo por la diferencia de ritmo y exigencia entre las ligas de ambos pa\u00edses.<\/p>\n<p>Ignacio Schor, a sus 25 a\u00f1os, encara el desaf\u00edo de consolidarse en el f\u00fatbol europeo y responder a la etiqueta del \u201cnuevo Di Mar\u00eda\u201d que le adjudic\u00f3 la prensa espa\u00f1ola. El ex Platense, protagonista de una temporada inolvidable en Argentina, ahora busca ganarse un lugar en el Ceuta y demostrar que las comparaciones no son casualidad. Su historia reciente cruza consagraci\u00f3n, adaptaci\u00f3n y sue\u00f1os cumplidos, en un presente que lo encuentra decidido a dejar una huella en la Segunda Divisi\u00f3n de Espa\u00f1a.<\/p>\n","protected":false},"excerpt":{"rendered":"<p>Y la prensa local lo catalog\u00f3 como \u201cel nuevo Di Mar\u00eda\u201d Ignacio Schor dej\u00f3 Platense para sumarse al Ceuta de la Segunda Divisi\u00f3n y est\u00e1 dejando su huella en Europa El recorrido de Ignacio Schor en el f\u00fatbol dio un giro notable en menos de un a\u00f1o. Tras consagrarse campe\u00f3n del Torneo Apertura 2025 con [&hellip;]<\/p>\n","protected":false},"author":4,"featured_media":210221,"comment_status":"open","ping_status":"open","sticky":false,"template":"","format":"standard","meta":{"_joinchat":[],"footnotes":""},"categories":[28],"tags":[],"class_list":{"0":"post-210220","1":"post","2":"type-post","3":"status-publish","4":"format-standard","5":"has-post-thumbnail","7":"category-deportes"},"yoast_head":"<!-- This site is optimized with the Yoast SEO plugin v27.2 - https:\/\/yoast.com\/product\/yoast-seo-wordpress\/ -->\n<title>Fue campe\u00f3n del f\u00fatbol argentino, desembarc\u00f3 en Espa\u00f1a - Radio Infinita Goya<\/title>\n<meta name=\"description\" content=\"Y la prensa local lo catalog\u00f3 como \u201cel nuevo Di Mar\u00eda\u201d Ignacio Schor dej\u00f3 Platense para sumarse al Ceuta de la Segunda Divisi\u00f3n y est\u00e1 dejando su huella\" \/>\n<meta name=\"robots\" content=\"index, follow, max-snippet:-1, max-image-preview:large, max-video-preview:-1\" \/>\n<link rel=\"canonical\" href=\"https:\/\/radioinfinitagoya.com.ar\/v1\/2026\/03\/14\/fue-campeon-del-futbol-argentino-desembarco-en-espana\/\" \/>\n<meta property=\"og:locale\" content=\"es_ES\" \/>\n<meta property=\"og:type\" content=\"article\" \/>\n<meta property=\"og:title\" content=\"Fue campe\u00f3n del f\u00fatbol argentino, desembarc\u00f3 en Espa\u00f1a - Radio Infinita Goya\" \/>\n<meta property=\"og:description\" content=\"Y la prensa local lo catalog\u00f3 como \u201cel nuevo Di Mar\u00eda\u201d Ignacio Schor dej\u00f3 Platense para sumarse al Ceuta de la Segunda Divisi\u00f3n y est\u00e1 dejando su huella\" \/>\n<meta property=\"og:url\" content=\"https:\/\/radioinfinitagoya.com.ar\/v1\/2026\/03\/14\/fue-campeon-del-futbol-argentino-desembarco-en-espana\/\" \/>\n<meta property=\"og:site_name\" content=\"Radio Infinita Goya\" \/>\n<meta property=\"article:publisher\" content=\"https:\/\/www.facebook.com\/p\/Infinita-Goya-100063870918311\/\" \/>\n<meta property=\"article:published_time\" content=\"2026-03-14T21:02:42+00:00\" \/>\n<meta name=\"author\" content=\"Jorge Mi\u00f1o\" \/>\n<meta name=\"twitter:card\" content=\"summary_large_image\" \/>\n<meta name=\"twitter:label1\" content=\"Escrito por\" \/>\n\t<meta name=\"twitter:data1\" content=\"Jorge Mi\u00f1o\" \/>\n\t<meta name=\"twitter:label2\" content=\"Tiempo de lectura\" \/>\n\t<meta name=\"twitter:data2\" content=\"5 minutos\" \/>\n<script type=\"application\/ld+json\" class=\"yoast-schema-graph\">{\"@context\":\"https:\/\/schema.org\",\"@graph\":[{\"@type\":\"Article\",\"@id\":\"https:\/\/radioinfinitagoya.com.ar\/v1\/2026\/03\/14\/fue-campeon-del-futbol-argentino-desembarco-en-espana\/#article\",\"isPartOf\":{\"@id\":\"https:\/\/radioinfinitagoya.com.ar\/v1\/2026\/03\/14\/fue-campeon-del-futbol-argentino-desembarco-en-espana\/\"},\"author\":{\"name\":\"Jorge Mi\u00f1o\",\"@id\":\"https:\/\/radioinfinitagoya.com.ar\/v1\/#\/schema\/person\/d4cf9c413d4f6edb24aabdccab49ca4a\"},\"headline\":\"Fue campe\u00f3n del f\u00fatbol argentino, desembarc\u00f3 en Espa\u00f1a\",\"datePublished\":\"2026-03-14T21:02:42+00:00\",\"mainEntityOfPage\":{\"@id\":\"https:\/\/radioinfinitagoya.com.ar\/v1\/2026\/03\/14\/fue-campeon-del-futbol-argentino-desembarco-en-espana\/\"},\"wordCount\":879,\"commentCount\":0,\"publisher\":{\"@id\":\"https:\/\/radioinfinitagoya.com.ar\/v1\/#organization\"},\"image\":{\"@id\":\"https:\/\/radioinfinitagoya.com.ar\/v1\/2026\/03\/14\/fue-campeon-del-futbol-argentino-desembarco-en-espana\/#primaryimage\"},\"thumbnailUrl\":\"https:\/\/radioinfinitagoya.com.ar\/v1\/wp-content\/uploads\/2026\/03\/IGHL2V2G5RAGBF22XXJ6XYT46A.avif\",\"articleSection\":[\"DEPORTES\"],\"inLanguage\":\"es-AR\",\"potentialAction\":[{\"@type\":\"CommentAction\",\"name\":\"Comment\",\"target\":[\"https:\/\/radioinfinitagoya.com.ar\/v1\/2026\/03\/14\/fue-campeon-del-futbol-argentino-desembarco-en-espana\/#respond\"]}]},{\"@type\":\"WebPage\",\"@id\":\"https:\/\/radioinfinitagoya.com.ar\/v1\/2026\/03\/14\/fue-campeon-del-futbol-argentino-desembarco-en-espana\/\",\"url\":\"https:\/\/radioinfinitagoya.com.ar\/v1\/2026\/03\/14\/fue-campeon-del-futbol-argentino-desembarco-en-espana\/\",\"name\":\"Fue campe\u00f3n del f\u00fatbol argentino, desembarc\u00f3 en Espa\u00f1a - Radio Infinita Goya\",\"isPartOf\":{\"@id\":\"https:\/\/radioinfinitagoya.com.ar\/v1\/#website\"},\"primaryImageOfPage\":{\"@id\":\"https:\/\/radioinfinitagoya.com.ar\/v1\/2026\/03\/14\/fue-campeon-del-futbol-argentino-desembarco-en-espana\/#primaryimage\"},\"image\":{\"@id\":\"https:\/\/radioinfinitagoya.com.ar\/v1\/2026\/03\/14\/fue-campeon-del-futbol-argentino-desembarco-en-espana\/#primaryimage\"},\"thumbnailUrl\":\"https:\/\/radioinfinitagoya.com.ar\/v1\/wp-content\/uploads\/2026\/03\/IGHL2V2G5RAGBF22XXJ6XYT46A.avif\",\"datePublished\":\"2026-03-14T21:02:42+00:00\",\"description\":\"Y la prensa local lo catalog\u00f3 como \u201cel nuevo Di Mar\u00eda\u201d Ignacio Schor dej\u00f3 Platense para sumarse al Ceuta de la Segunda Divisi\u00f3n y est\u00e1 dejando su huella\",\"breadcrumb\":{\"@id\":\"https:\/\/radioinfinitagoya.com.ar\/v1\/2026\/03\/14\/fue-campeon-del-futbol-argentino-desembarco-en-espana\/#breadcrumb\"},\"inLanguage\":\"es-AR\",\"potentialAction\":[{\"@type\":\"ReadAction\",\"target\":[\"https:\/\/radioinfinitagoya.com.ar\/v1\/2026\/03\/14\/fue-campeon-del-futbol-argentino-desembarco-en-espana\/\"]}]},{\"@type\":\"ImageObject\",\"inLanguage\":\"es-AR\",\"@id\":\"https:\/\/radioinfinitagoya.com.ar\/v1\/2026\/03\/14\/fue-campeon-del-futbol-argentino-desembarco-en-espana\/#primaryimage\",\"url\":\"https:\/\/radioinfinitagoya.com.ar\/v1\/wp-content\/uploads\/2026\/03\/IGHL2V2G5RAGBF22XXJ6XYT46A.avif\",\"contentUrl\":\"https:\/\/radioinfinitagoya.com.ar\/v1\/wp-content\/uploads\/2026\/03\/IGHL2V2G5RAGBF22XXJ6XYT46A.avif\",\"width\":992,\"height\":992},{\"@type\":\"BreadcrumbList\",\"@id\":\"https:\/\/radioinfinitagoya.com.ar\/v1\/2026\/03\/14\/fue-campeon-del-futbol-argentino-desembarco-en-espana\/#breadcrumb\",\"itemListElement\":[{\"@type\":\"ListItem\",\"position\":1,\"name\":\"Inicio\",\"item\":\"https:\/\/radioinfinitagoya.com.ar\/v1\/\"},{\"@type\":\"ListItem\",\"position\":2,\"name\":\"Fue campe\u00f3n del f\u00fatbol argentino, desembarc\u00f3 en Espa\u00f1a\"}]},{\"@type\":\"WebSite\",\"@id\":\"https:\/\/radioinfinitagoya.com.ar\/v1\/#website\",\"url\":\"https:\/\/radioinfinitagoya.com.ar\/v1\/\",\"name\":\"radioinfinitagoya.com.ar\",\"description\":\"Radio de noticias\",\"publisher\":{\"@id\":\"https:\/\/radioinfinitagoya.com.ar\/v1\/#organization\"},\"potentialAction\":[{\"@type\":\"SearchAction\",\"target\":{\"@type\":\"EntryPoint\",\"urlTemplate\":\"https:\/\/radioinfinitagoya.com.ar\/v1\/?s={search_term_string}\"},\"query-input\":{\"@type\":\"PropertyValueSpecification\",\"valueRequired\":true,\"valueName\":\"search_term_string\"}}],\"inLanguage\":\"es-AR\"},{\"@type\":\"Organization\",\"@id\":\"https:\/\/radioinfinitagoya.com.ar\/v1\/#organization\",\"name\":\"Radio Infinita Goya\",\"url\":\"https:\/\/radioinfinitagoya.com.ar\/v1\/\",\"logo\":{\"@type\":\"ImageObject\",\"inLanguage\":\"es-AR\",\"@id\":\"https:\/\/radioinfinitagoya.com.ar\/v1\/#\/schema\/logo\/image\/\",\"url\":\"https:\/\/radioinfinitagoya.com.ar\/v1\/wp-content\/uploads\/2019\/11\/logo-pie-web.png\",\"contentUrl\":\"https:\/\/radioinfinitagoya.com.ar\/v1\/wp-content\/uploads\/2019\/11\/logo-pie-web.png\",\"width\":635,\"height\":326,\"caption\":\"Radio Infinita Goya\"},\"image\":{\"@id\":\"https:\/\/radioinfinitagoya.com.ar\/v1\/#\/schema\/logo\/image\/\"},\"sameAs\":[\"https:\/\/www.facebook.com\/p\/Infinita-Goya-100063870918311\/\"]},{\"@type\":\"Person\",\"@id\":\"https:\/\/radioinfinitagoya.com.ar\/v1\/#\/schema\/person\/d4cf9c413d4f6edb24aabdccab49ca4a\",\"name\":\"Jorge Mi\u00f1o\",\"image\":{\"@type\":\"ImageObject\",\"inLanguage\":\"es-AR\",\"@id\":\"https:\/\/secure.gravatar.com\/avatar\/910fcf6728fe95320e07a6643c1581fec1c7fc4bf8ae12e3d8f0d0373dc844be?s=96&d=mm&r=g\",\"url\":\"https:\/\/secure.gravatar.com\/avatar\/910fcf6728fe95320e07a6643c1581fec1c7fc4bf8ae12e3d8f0d0373dc844be?s=96&d=mm&r=g\",\"contentUrl\":\"https:\/\/secure.gravatar.com\/avatar\/910fcf6728fe95320e07a6643c1581fec1c7fc4bf8ae12e3d8f0d0373dc844be?s=96&d=mm&r=g\",\"caption\":\"Jorge Mi\u00f1o\"},\"sameAs\":[\"http:\/\/radioinfinitagoya.com.ar\"]}]}<\/script>\n<!-- \/ Yoast SEO plugin. -->","yoast_head_json":{"title":"Fue campe\u00f3n del f\u00fatbol argentino, desembarc\u00f3 en Espa\u00f1a - Radio Infinita Goya","description":"Y la prensa local lo catalog\u00f3 como \u201cel nuevo Di Mar\u00eda\u201d Ignacio Schor dej\u00f3 Platense para sumarse al Ceuta de la Segunda Divisi\u00f3n y est\u00e1 dejando su huella","robots":{"index":"index","follow":"follow","max-snippet":"max-snippet:-1","max-image-preview":"max-image-preview:large","max-video-preview":"max-video-preview:-1"},"canonical":"https:\/\/radioinfinitagoya.com.ar\/v1\/2026\/03\/14\/fue-campeon-del-futbol-argentino-desembarco-en-espana\/","og_locale":"es_ES","og_type":"article","og_title":"Fue campe\u00f3n del f\u00fatbol argentino, desembarc\u00f3 en Espa\u00f1a - Radio Infinita Goya","og_description":"Y la prensa local lo catalog\u00f3 como \u201cel nuevo Di Mar\u00eda\u201d Ignacio Schor dej\u00f3 Platense para sumarse al Ceuta de la Segunda Divisi\u00f3n y est\u00e1 dejando su huella","og_url":"https:\/\/radioinfinitagoya.com.ar\/v1\/2026\/03\/14\/fue-campeon-del-futbol-argentino-desembarco-en-espana\/","og_site_name":"Radio Infinita Goya","article_publisher":"https:\/\/www.facebook.com\/p\/Infinita-Goya-100063870918311\/","article_published_time":"2026-03-14T21:02:42+00:00","author":"Jorge Mi\u00f1o","twitter_card":"summary_large_image","twitter_misc":{"Escrito por":"Jorge Mi\u00f1o","Tiempo de lectura":"5 minutos"},"schema":{"@context":"https:\/\/schema.org","@graph":[{"@type":"Article","@id":"https:\/\/radioinfinitagoya.com.ar\/v1\/2026\/03\/14\/fue-campeon-del-futbol-argentino-desembarco-en-espana\/#article","isPartOf":{"@id":"https:\/\/radioinfinitagoya.com.ar\/v1\/2026\/03\/14\/fue-campeon-del-futbol-argentino-desembarco-en-espana\/"},"author":{"name":"Jorge Mi\u00f1o","@id":"https:\/\/radioinfinitagoya.com.ar\/v1\/#\/schema\/person\/d4cf9c413d4f6edb24aabdccab49ca4a"},"headline":"Fue campe\u00f3n del f\u00fatbol argentino, desembarc\u00f3 en Espa\u00f1a","datePublished":"2026-03-14T21:02:42+00:00","mainEntityOfPage":{"@id":"https:\/\/radioinfinitagoya.com.ar\/v1\/2026\/03\/14\/fue-campeon-del-futbol-argentino-desembarco-en-espana\/"},"wordCount":879,"commentCount":0,"publisher":{"@id":"https:\/\/radioinfinitagoya.com.ar\/v1\/#organization"},"image":{"@id":"https:\/\/radioinfinitagoya.com.ar\/v1\/2026\/03\/14\/fue-campeon-del-futbol-argentino-desembarco-en-espana\/#primaryimage"},"thumbnailUrl":"https:\/\/radioinfinitagoya.com.ar\/v1\/wp-content\/uploads\/2026\/03\/IGHL2V2G5RAGBF22XXJ6XYT46A.avif","articleSection":["DEPORTES"],"inLanguage":"es-AR","potentialAction":[{"@type":"CommentAction","name":"Comment","target":["https:\/\/radioinfinitagoya.com.ar\/v1\/2026\/03\/14\/fue-campeon-del-futbol-argentino-desembarco-en-espana\/#respond"]}]},{"@type":"WebPage","@id":"https:\/\/radioinfinitagoya.com.ar\/v1\/2026\/03\/14\/fue-campeon-del-futbol-argentino-desembarco-en-espana\/","url":"https:\/\/radioinfinitagoya.com.ar\/v1\/2026\/03\/14\/fue-campeon-del-futbol-argentino-desembarco-en-espana\/","name":"Fue campe\u00f3n del f\u00fatbol argentino, desembarc\u00f3 en Espa\u00f1a - Radio Infinita Goya","isPartOf":{"@id":"https:\/\/radioinfinitagoya.com.ar\/v1\/#website"},"primaryImageOfPage":{"@id":"https:\/\/radioinfinitagoya.com.ar\/v1\/2026\/03\/14\/fue-campeon-del-futbol-argentino-desembarco-en-espana\/#primaryimage"},"image":{"@id":"https:\/\/radioinfinitagoya.com.ar\/v1\/2026\/03\/14\/fue-campeon-del-futbol-argentino-desembarco-en-espana\/#primaryimage"},"thumbnailUrl":"https:\/\/radioinfinitagoya.com.ar\/v1\/wp-content\/uploads\/2026\/03\/IGHL2V2G5RAGBF22XXJ6XYT46A.avif","datePublished":"2026-03-14T21:02:42+00:00","description":"Y la prensa local lo catalog\u00f3 como \u201cel nuevo Di Mar\u00eda\u201d Ignacio Schor dej\u00f3 Platense para sumarse al Ceuta de la Segunda Divisi\u00f3n y est\u00e1 dejando su huella","breadcrumb":{"@id":"https:\/\/radioinfinitagoya.com.ar\/v1\/2026\/03\/14\/fue-campeon-del-futbol-argentino-desembarco-en-espana\/#breadcrumb"},"inLanguage":"es-AR","potentialAction":[{"@type":"ReadAction","target":["https:\/\/radioinfinitagoya.com.ar\/v1\/2026\/03\/14\/fue-campeon-del-futbol-argentino-desembarco-en-espana\/"]}]},{"@type":"ImageObject","inLanguage":"es-AR","@id":"https:\/\/radioinfinitagoya.com.ar\/v1\/2026\/03\/14\/fue-campeon-del-futbol-argentino-desembarco-en-espana\/#primaryimage","url":"https:\/\/radioinfinitagoya.com.ar\/v1\/wp-content\/uploads\/2026\/03\/IGHL2V2G5RAGBF22XXJ6XYT46A.avif","contentUrl":"https:\/\/radioinfinitagoya.com.ar\/v1\/wp-content\/uploads\/2026\/03\/IGHL2V2G5RAGBF22XXJ6XYT46A.avif","width":992,"height":992},{"@type":"BreadcrumbList","@id":"https:\/\/radioinfinitagoya.com.ar\/v1\/2026\/03\/14\/fue-campeon-del-futbol-argentino-desembarco-en-espana\/#breadcrumb","itemListElement":[{"@type":"ListItem","position":1,"name":"Inicio","item":"https:\/\/radioinfinitagoya.com.ar\/v1\/"},{"@type":"ListItem","position":2,"name":"Fue campe\u00f3n del f\u00fatbol argentino, desembarc\u00f3 en Espa\u00f1a"}]},{"@type":"WebSite","@id":"https:\/\/radioinfinitagoya.com.ar\/v1\/#website","url":"https:\/\/radioinfinitagoya.com.ar\/v1\/","name":"radioinfinitagoya.com.ar","description":"Radio de noticias","publisher":{"@id":"https:\/\/radioinfinitagoya.com.ar\/v1\/#organization"},"potentialAction":[{"@type":"SearchAction","target":{"@type":"EntryPoint","urlTemplate":"https:\/\/radioinfinitagoya.com.ar\/v1\/?s={search_term_string}"},"query-input":{"@type":"PropertyValueSpecification","valueRequired":true,"valueName":"search_term_string"}}],"inLanguage":"es-AR"},{"@type":"Organization","@id":"https:\/\/radioinfinitagoya.com.ar\/v1\/#organization","name":"Radio Infinita Goya","url":"https:\/\/radioinfinitagoya.com.ar\/v1\/","logo":{"@type":"ImageObject","inLanguage":"es-AR","@id":"https:\/\/radioinfinitagoya.com.ar\/v1\/#\/schema\/logo\/image\/","url":"https:\/\/radioinfinitagoya.com.ar\/v1\/wp-content\/uploads\/2019\/11\/logo-pie-web.png","contentUrl":"https:\/\/radioinfinitagoya.com.ar\/v1\/wp-content\/uploads\/2019\/11\/logo-pie-web.png","width":635,"height":326,"caption":"Radio Infinita Goya"},"image":{"@id":"https:\/\/radioinfinitagoya.com.ar\/v1\/#\/schema\/logo\/image\/"},"sameAs":["https:\/\/www.facebook.com\/p\/Infinita-Goya-100063870918311\/"]},{"@type":"Person","@id":"https:\/\/radioinfinitagoya.com.ar\/v1\/#\/schema\/person\/d4cf9c413d4f6edb24aabdccab49ca4a","name":"Jorge Mi\u00f1o","image":{"@type":"ImageObject","inLanguage":"es-AR","@id":"https:\/\/secure.gravatar.com\/avatar\/910fcf6728fe95320e07a6643c1581fec1c7fc4bf8ae12e3d8f0d0373dc844be?s=96&d=mm&r=g","url":"https:\/\/secure.gravatar.com\/avatar\/910fcf6728fe95320e07a6643c1581fec1c7fc4bf8ae12e3d8f0d0373dc844be?s=96&d=mm&r=g","contentUrl":"https:\/\/secure.gravatar.com\/avatar\/910fcf6728fe95320e07a6643c1581fec1c7fc4bf8ae12e3d8f0d0373dc844be?s=96&d=mm&r=g","caption":"Jorge Mi\u00f1o"},"sameAs":["http:\/\/radioinfinitagoya.com.ar"]}]}},"_links":{"self":[{"href":"https:\/\/radioinfinitagoya.com.ar\/v1\/wp-json\/wp\/v2\/posts\/210220","targetHints":{"allow":["GET"]}}],"collection":[{"href":"https:\/\/radioinfinitagoya.com.ar\/v1\/wp-json\/wp\/v2\/posts"}],"about":[{"href":"https:\/\/radioinfinitagoya.com.ar\/v1\/wp-json\/wp\/v2\/types\/post"}],"author":[{"embeddable":true,"href":"https:\/\/radioinfinitagoya.com.ar\/v1\/wp-json\/wp\/v2\/users\/4"}],"replies":[{"embeddable":true,"href":"https:\/\/radioinfinitagoya.com.ar\/v1\/wp-json\/wp\/v2\/comments?post=210220"}],"version-history":[{"count":0,"href":"https:\/\/radioinfinitagoya.com.ar\/v1\/wp-json\/wp\/v2\/posts\/210220\/revisions"}],"wp:featuredmedia":[{"embeddable":true,"href":"https:\/\/radioinfinitagoya.com.ar\/v1\/wp-json\/wp\/v2\/media\/210221"}],"wp:attachment":[{"href":"https:\/\/radioinfinitagoya.com.ar\/v1\/wp-json\/wp\/v2\/media?parent=210220"}],"wp:term":[{"taxonomy":"category","embeddable":true,"href":"https:\/\/radioinfinitagoya.com.ar\/v1\/wp-json\/wp\/v2\/categories?post=210220"},{"taxonomy":"post_tag","embeddable":true,"href":"https:\/\/radioinfinitagoya.com.ar\/v1\/wp-json\/wp\/v2\/tags?post=210220"}],"curies":[{"name":"wp","href":"https:\/\/api.w.org\/{rel}","templated":true}]}}