{"id":210225,"date":"2026-03-14T18:14:02","date_gmt":"2026-03-14T21:14:02","guid":{"rendered":"https:\/\/radioinfinitagoya.com.ar\/v1\/?p=210225"},"modified":"2026-03-14T18:14:02","modified_gmt":"2026-03-14T21:14:02","slug":"javier-milei-califico-de-impresentable-a-pedro-sanchez-y-volvio-a-apuntar-contra-madanes-quintanilla","status":"publish","type":"post","link":"https:\/\/radioinfinitagoya.com.ar\/v1\/2026\/03\/14\/javier-milei-califico-de-impresentable-a-pedro-sanchez-y-volvio-a-apuntar-contra-madanes-quintanilla\/","title":{"rendered":"Javier Milei calific\u00f3 de \u201cimpresentable\u201d a Pedro S\u00e1nchez y volvi\u00f3 a apuntar contra Madanes Quintanilla"},"content":{"rendered":"<p>El mandatario encabeza el Madrid Economic Forum, un encuentro privado ultraliberal que reune a economistas, emprendedores, traders y expertos en criptomonedas<\/p>\n<p>avier Milei aprovech\u00f3 esta tarde el escenario del Madrid Economic Forum, ante unos 7000 simpatizantes de la ultraderecha espa\u00f1ola que lo veneran como la contracara de Pedro S\u00e1nchez, para volver a atacar a los empresarios Paolo Rocca y Javier Madanes Quintanilla. El Presidente los calific\u00f3 de \u201cprebendarios\u201d, \u201cextorsionadores\u201d y \u201ccorruptos\u201d cuando le toc\u00f3 hablar sobre la apertura de la econom\u00eda argentina.<\/p>\n<p>Despu\u00e9s de una hora de lectura sobre teor\u00edas econ\u00f3micas, Milei hizo subir al escenario a una mujer del p\u00fablico para sortear sobre qu\u00e9 iba a hablar en t\u00e9rminos de econom\u00eda aplicada. Se ri\u00f3 cuando el dado inflable indic\u00f3 la opci\u00f3n de \u201cla apertura de los mercados\u201d. Enseguida, el libertario expuso los casos de los empresarios a los que se enfrent\u00f3 en los \u00faltimos d\u00edas.<\/p>\n<p>Al igual que hizo durante su paso por el Argentina Week en Nueva York, Milei carg\u00f3 en duros t\u00e9rminos contra los due\u00f1os de Techint y Aluar, Paolo Rocca y Javier Madanes Quintanilla, a quienes volvi\u00f3 a llamar \u201cempresarios corruptos\u201d y los acus\u00f3 de querer extorsionar al Gobierno, pese al pedido que le hab\u00edan hecho d\u00edas atr\u00e1s desde la Asociaci\u00f3n Empresaria Argentina (AEA) y la Uni\u00f3n Industrial Argentina (UIA) sobre entablar un di\u00e1logo constructivo y respetuoso, y generar las condiciones para poder invertir.<\/p>\n<p>\u201cLo que se est\u00e1 defendiendo en Argentina es la posibilidad que tienen los empresarios corruptos para seguir cazando en el zool\u00f3gico. Argentina es el pa\u00eds m\u00e1s cerrado del mundo. Todas esas quejas de apertura indiscriminada son mentiras que quieren instalar\u201d, remarc\u00f3 Milei.<\/p>\n<p>\u201cSi tuvieran un Banco Central de Espa\u00f1a, con el impresentable que tienen a cargo del poder, tendr\u00edan un desastre peor que el que tienen. Son todas sucursales de la misma basura inmunda, que es el socialismo del Siglo XXI. Afortunadamente, por Donald Trump se est\u00e1 cayendo a pedazos. No est\u00e1 lejos so\u00f1ar con una Cuba libre\u201d, sentenci\u00f3 Milei.<\/p>\n<p>Al ritmo de Panic Show, el tema de La Renga con el que el Presidente suele hacer sus ingresos al escenario, Milei fue recibido por unas 10.000 personas que se congregaron en el Palacio de Vistalegre, en Madrid, para escucharlo. Acompa\u00f1\u00f3 su entrada, bajo el grito de \u00a1Viva la Libertad Carajo!, frase devenida en marca registrada del Gobierno, mientras parte del p\u00fablico insultaba al presidente S\u00e1nchez.<\/p>\n<p>\u201cMe parece que entre las coimas y las saunas no lo quieren mucho\u201d, ironiz\u00f3 Milei apenas se subi\u00f3 al escenario, en una clara chicana destinada al mandatario espa\u00f1ol, con quien no disimula sus diferencias pol\u00edticas.<\/p>\n<p>La referencia de Milei no es casual, a mediados del a\u00f1o pasado S\u00e1nchez fue relacionado a un esc\u00e1ndalo por explotaci\u00f3n sexual luego que la oposici\u00f3n espa\u00f1ola acusara a su suegro, Saturnino G\u00f3mez, de haber regenteado saunas donde se ejerc\u00eda la prostituci\u00f3n.<\/p>\n<p>A lo largo de su alocuci\u00f3n, Milei denost\u00f3 al socialismo, al que acus\u00f3 de violentar el \u201cderecho a la vida, la libertad, y la propiedad\u201d y en el plano local, lo emparent\u00f3 al kirchnerismo. \u201cEs una basura inmunda que nos hunde en la miseria\u201d, apunt\u00f3. \u201cLa caridad no se hace a punta de pistola. Es incre\u00edble todo lo caritativo que se puede ser cuando el bolsillo que sufre es el bolsillo ajeno\u201d, cuestion\u00f3 Milei.<\/p>\n<p>Y en un dardo dirigido a una parte de la oposici\u00f3n: \u201cLes dejo una recomendaci\u00f3n que le decimos a la sucursal argentina del socialismo, que es el kirchnerismo, que son los kukas: \u00a1No se dejen psicopatear por los zurdos! Nunca dejen sus bolsillos cerca de un socialista&#8221;.<\/p>\n<p>El evento comenz\u00f3 por la ma\u00f1ana con una exposici\u00f3n sobre \u201cConstituci\u00f3n libertaria\u201d y despu\u00e9s habr\u00e1 un debate sobre \u201cLa Argentina de Milei\u201d que contar\u00e1 con la presencia del economista Juan Ram\u00f3n Rallo, amigo del Presidente.<\/p>\n<p><img loading=\"lazy\" decoding=\"async\" class=\"alignnone size-full wp-image-210227\" src=\"https:\/\/radioinfinitagoya.com.ar\/v1\/wp-content\/uploads\/2026\/03\/el-presidente-javier-milei-en-el-madrid-economic-CQC4AJXUNJC3XBBF2JWR5EELCI.avif\" alt=\"\" width=\"780\" height=\"520\" srcset=\"https:\/\/radioinfinitagoya.com.ar\/v1\/wp-content\/uploads\/2026\/03\/el-presidente-javier-milei-en-el-madrid-economic-CQC4AJXUNJC3XBBF2JWR5EELCI.avif 780w, https:\/\/radioinfinitagoya.com.ar\/v1\/wp-content\/uploads\/2026\/03\/el-presidente-javier-milei-en-el-madrid-economic-CQC4AJXUNJC3XBBF2JWR5EELCI-150x100.jpg 150w, https:\/\/radioinfinitagoya.com.ar\/v1\/wp-content\/uploads\/2026\/03\/el-presidente-javier-milei-en-el-madrid-economic-CQC4AJXUNJC3XBBF2JWR5EELCI-768x512.jpg 768w, https:\/\/radioinfinitagoya.com.ar\/v1\/wp-content\/uploads\/2026\/03\/el-presidente-javier-milei-en-el-madrid-economic-CQC4AJXUNJC3XBBF2JWR5EELCI-630x420.jpg 630w, https:\/\/radioinfinitagoya.com.ar\/v1\/wp-content\/uploads\/2026\/03\/el-presidente-javier-milei-en-el-madrid-economic-CQC4AJXUNJC3XBBF2JWR5EELCI-696x464.jpg 696w\" sizes=\"auto, (max-width: 780px) 100vw, 780px\" \/>Milei lleg\u00f3 ayer a Espa\u00f1a despu\u00e9s de varios viajes al exterior en los \u00faltimos d\u00edas entre Estados Unidos y Chile. Con una comitiva acotada despu\u00e9s de la pol\u00e9mica por el viaje de la esposa de Manuel Adorni a Nueva York, el Presidente no se movi\u00f3 del hotel desde que aterriz\u00f3 en la capital espa\u00f1ola. Se puso el mameluco de YPF y recibi\u00f3 esta ma\u00f1ana a Santiago Abascal, l\u00edder de Vox, el partido de la ultraderecha, que interrumpi\u00f3 su campa\u00f1a electoral en Castilla y Le\u00f3n para reunirse durante una hora con su amigo.<\/p>\n<p><img loading=\"lazy\" decoding=\"async\" class=\"alignnone size-full wp-image-210228\" src=\"https:\/\/radioinfinitagoya.com.ar\/v1\/wp-content\/uploads\/2026\/03\/el-presidente-javier-milei-mantuvo-un-encuentro-FKHIU3JATFF7DKDUPTRJOLIJJQ.avif\" alt=\"\" width=\"780\" height=\"439\" srcset=\"https:\/\/radioinfinitagoya.com.ar\/v1\/wp-content\/uploads\/2026\/03\/el-presidente-javier-milei-mantuvo-un-encuentro-FKHIU3JATFF7DKDUPTRJOLIJJQ.avif 780w, https:\/\/radioinfinitagoya.com.ar\/v1\/wp-content\/uploads\/2026\/03\/el-presidente-javier-milei-mantuvo-un-encuentro-FKHIU3JATFF7DKDUPTRJOLIJJQ-150x84.jpg 150w, https:\/\/radioinfinitagoya.com.ar\/v1\/wp-content\/uploads\/2026\/03\/el-presidente-javier-milei-mantuvo-un-encuentro-FKHIU3JATFF7DKDUPTRJOLIJJQ-768x432.jpg 768w, https:\/\/radioinfinitagoya.com.ar\/v1\/wp-content\/uploads\/2026\/03\/el-presidente-javier-milei-mantuvo-un-encuentro-FKHIU3JATFF7DKDUPTRJOLIJJQ-746x420.jpg 746w, https:\/\/radioinfinitagoya.com.ar\/v1\/wp-content\/uploads\/2026\/03\/el-presidente-javier-milei-mantuvo-un-encuentro-FKHIU3JATFF7DKDUPTRJOLIJJQ-696x392.jpg 696w\" sizes=\"auto, (max-width: 780px) 100vw, 780px\" \/>Despu\u00e9s lleg\u00f3 al hotel el economista Jes\u00fas Huerta de Soto, un referente de la Escuela Austr\u00edaca, que es considerado un maestro por Milei. La charla sobre anarcocapitalismo se extendi\u00f3 durante casi tres horas, pudo reconstruir LA NACION. Y despu\u00e9s lleg\u00f3 al hotel Hyatt Regency Hesperia el empresario argentino Mart\u00edn Varsavsky, residente en la capital espa\u00f1ola y ferviente oficialista desde las redes sociales.<\/p>\n<p>Espa\u00f1a se convirti\u00f3 en la tribuna favorita para Milei, que visit\u00f3 al pa\u00eds por quinta vez desde que asumi\u00f3. El libertario, enemistado con Pedro S\u00e1nchez, evit\u00f3 otra vez que fuera una visita de Estado; no hubo contactos con el gobierno local ni con la realeza espa\u00f1ola. Tampoco estuvo cerca del establishment espa\u00f1ol, porque el p\u00fablico del Madrid Economic Forum son emprendedores, traders y expertos en criptomonedas.<\/p>\n<p>El influencer de ultraderecha Vito Quiles, uno de los ponentes del evento, asegur\u00f3 que las entradas se dispararon desde que Milei confirm\u00f3 su presencia. \u201cTen\u00edan vendidas 5000 entradas, pero cuando se anunci\u00f3 que ven\u00eda Milei se lleg\u00f3 a 9000 entradas\u201d, dijo en declaraciones radiales. Las entradas m\u00e1s econ\u00f3micas cotizaban 50 euros y las m\u00e1s caras trepaban hasta los 2500 euros, con acceso a las zonas VIP que frecuentaban los speakers del evento.<\/p>\n","protected":false},"excerpt":{"rendered":"<p>El mandatario encabeza el Madrid Economic Forum, un encuentro privado ultraliberal que reune a economistas, emprendedores, traders y expertos en criptomonedas avier Milei aprovech\u00f3 esta tarde el escenario del Madrid Economic Forum, ante unos 7000 simpatizantes de la ultraderecha espa\u00f1ola que lo veneran como la contracara de Pedro S\u00e1nchez, para volver a atacar a los [&hellip;]<\/p>\n","protected":false},"author":4,"featured_media":210226,"comment_status":"open","ping_status":"open","sticky":false,"template":"","format":"standard","meta":{"_joinchat":[],"footnotes":""},"categories":[34],"tags":[],"class_list":{"0":"post-210225","1":"post","2":"type-post","3":"status-publish","4":"format-standard","5":"has-post-thumbnail","7":"category-principal"},"yoast_head":"<!-- This site is optimized with the Yoast SEO plugin v27.2 - https:\/\/yoast.com\/product\/yoast-seo-wordpress\/ -->\n<title>Javier Milei calific\u00f3 de \u201cimpresentable\u201d a Pedro S\u00e1nchez y volvi\u00f3 a apuntar contra Madanes Quintanilla - Radio Infinita Goya<\/title>\n<meta name=\"description\" content=\"El mandatario encabeza el Madrid Economic Forum, un encuentro privado ultraliberal que reune a economistas, emprendedores, traders y expertos en\" \/>\n<meta name=\"robots\" content=\"index, follow, max-snippet:-1, max-image-preview:large, max-video-preview:-1\" \/>\n<link rel=\"canonical\" href=\"https:\/\/radioinfinitagoya.com.ar\/v1\/2026\/03\/14\/javier-milei-califico-de-impresentable-a-pedro-sanchez-y-volvio-a-apuntar-contra-madanes-quintanilla\/\" \/>\n<meta property=\"og:locale\" content=\"es_ES\" \/>\n<meta property=\"og:type\" content=\"article\" \/>\n<meta property=\"og:title\" content=\"Javier Milei calific\u00f3 de \u201cimpresentable\u201d a Pedro S\u00e1nchez y volvi\u00f3 a apuntar contra Madanes Quintanilla - Radio Infinita Goya\" \/>\n<meta property=\"og:description\" content=\"El mandatario encabeza el Madrid Economic Forum, un encuentro privado ultraliberal que reune a economistas, emprendedores, traders y expertos en\" \/>\n<meta property=\"og:url\" content=\"https:\/\/radioinfinitagoya.com.ar\/v1\/2026\/03\/14\/javier-milei-califico-de-impresentable-a-pedro-sanchez-y-volvio-a-apuntar-contra-madanes-quintanilla\/\" \/>\n<meta property=\"og:site_name\" content=\"Radio Infinita Goya\" \/>\n<meta property=\"article:publisher\" content=\"https:\/\/www.facebook.com\/p\/Infinita-Goya-100063870918311\/\" \/>\n<meta property=\"article:published_time\" content=\"2026-03-14T21:14:02+00:00\" \/>\n<meta name=\"author\" content=\"Jorge Mi\u00f1o\" \/>\n<meta name=\"twitter:card\" content=\"summary_large_image\" \/>\n<meta name=\"twitter:label1\" content=\"Escrito por\" \/>\n\t<meta name=\"twitter:data1\" content=\"Jorge Mi\u00f1o\" \/>\n\t<meta name=\"twitter:label2\" content=\"Tiempo de lectura\" \/>\n\t<meta name=\"twitter:data2\" content=\"5 minutos\" \/>\n<script type=\"application\/ld+json\" class=\"yoast-schema-graph\">{\"@context\":\"https:\/\/schema.org\",\"@graph\":[{\"@type\":\"Article\",\"@id\":\"https:\/\/radioinfinitagoya.com.ar\/v1\/2026\/03\/14\/javier-milei-califico-de-impresentable-a-pedro-sanchez-y-volvio-a-apuntar-contra-madanes-quintanilla\/#article\",\"isPartOf\":{\"@id\":\"https:\/\/radioinfinitagoya.com.ar\/v1\/2026\/03\/14\/javier-milei-califico-de-impresentable-a-pedro-sanchez-y-volvio-a-apuntar-contra-madanes-quintanilla\/\"},\"author\":{\"name\":\"Jorge Mi\u00f1o\",\"@id\":\"https:\/\/radioinfinitagoya.com.ar\/v1\/#\/schema\/person\/d4cf9c413d4f6edb24aabdccab49ca4a\"},\"headline\":\"Javier Milei calific\u00f3 de \u201cimpresentable\u201d a Pedro S\u00e1nchez y volvi\u00f3 a apuntar contra Madanes Quintanilla\",\"datePublished\":\"2026-03-14T21:14:02+00:00\",\"mainEntityOfPage\":{\"@id\":\"https:\/\/radioinfinitagoya.com.ar\/v1\/2026\/03\/14\/javier-milei-califico-de-impresentable-a-pedro-sanchez-y-volvio-a-apuntar-contra-madanes-quintanilla\/\"},\"wordCount\":1002,\"commentCount\":0,\"publisher\":{\"@id\":\"https:\/\/radioinfinitagoya.com.ar\/v1\/#organization\"},\"image\":{\"@id\":\"https:\/\/radioinfinitagoya.com.ar\/v1\/2026\/03\/14\/javier-milei-califico-de-impresentable-a-pedro-sanchez-y-volvio-a-apuntar-contra-madanes-quintanilla\/#primaryimage\"},\"thumbnailUrl\":\"https:\/\/radioinfinitagoya.com.ar\/v1\/wp-content\/uploads\/2026\/03\/graf569-madrid-14032026-el-presidente-argentino-73ZHWSCBZJH2BNEINPRKVZYFW4.avif\",\"articleSection\":[\"PRINCIPAL\"],\"inLanguage\":\"es-AR\",\"potentialAction\":[{\"@type\":\"CommentAction\",\"name\":\"Comment\",\"target\":[\"https:\/\/radioinfinitagoya.com.ar\/v1\/2026\/03\/14\/javier-milei-califico-de-impresentable-a-pedro-sanchez-y-volvio-a-apuntar-contra-madanes-quintanilla\/#respond\"]}]},{\"@type\":\"WebPage\",\"@id\":\"https:\/\/radioinfinitagoya.com.ar\/v1\/2026\/03\/14\/javier-milei-califico-de-impresentable-a-pedro-sanchez-y-volvio-a-apuntar-contra-madanes-quintanilla\/\",\"url\":\"https:\/\/radioinfinitagoya.com.ar\/v1\/2026\/03\/14\/javier-milei-califico-de-impresentable-a-pedro-sanchez-y-volvio-a-apuntar-contra-madanes-quintanilla\/\",\"name\":\"Javier Milei calific\u00f3 de \u201cimpresentable\u201d a Pedro S\u00e1nchez y volvi\u00f3 a apuntar contra Madanes Quintanilla - Radio Infinita Goya\",\"isPartOf\":{\"@id\":\"https:\/\/radioinfinitagoya.com.ar\/v1\/#website\"},\"primaryImageOfPage\":{\"@id\":\"https:\/\/radioinfinitagoya.com.ar\/v1\/2026\/03\/14\/javier-milei-califico-de-impresentable-a-pedro-sanchez-y-volvio-a-apuntar-contra-madanes-quintanilla\/#primaryimage\"},\"image\":{\"@id\":\"https:\/\/radioinfinitagoya.com.ar\/v1\/2026\/03\/14\/javier-milei-califico-de-impresentable-a-pedro-sanchez-y-volvio-a-apuntar-contra-madanes-quintanilla\/#primaryimage\"},\"thumbnailUrl\":\"https:\/\/radioinfinitagoya.com.ar\/v1\/wp-content\/uploads\/2026\/03\/graf569-madrid-14032026-el-presidente-argentino-73ZHWSCBZJH2BNEINPRKVZYFW4.avif\",\"datePublished\":\"2026-03-14T21:14:02+00:00\",\"description\":\"El mandatario encabeza el Madrid Economic Forum, un encuentro privado ultraliberal que reune a economistas, emprendedores, traders y expertos en\",\"breadcrumb\":{\"@id\":\"https:\/\/radioinfinitagoya.com.ar\/v1\/2026\/03\/14\/javier-milei-califico-de-impresentable-a-pedro-sanchez-y-volvio-a-apuntar-contra-madanes-quintanilla\/#breadcrumb\"},\"inLanguage\":\"es-AR\",\"potentialAction\":[{\"@type\":\"ReadAction\",\"target\":[\"https:\/\/radioinfinitagoya.com.ar\/v1\/2026\/03\/14\/javier-milei-califico-de-impresentable-a-pedro-sanchez-y-volvio-a-apuntar-contra-madanes-quintanilla\/\"]}]},{\"@type\":\"ImageObject\",\"inLanguage\":\"es-AR\",\"@id\":\"https:\/\/radioinfinitagoya.com.ar\/v1\/2026\/03\/14\/javier-milei-califico-de-impresentable-a-pedro-sanchez-y-volvio-a-apuntar-contra-madanes-quintanilla\/#primaryimage\",\"url\":\"https:\/\/radioinfinitagoya.com.ar\/v1\/wp-content\/uploads\/2026\/03\/graf569-madrid-14032026-el-presidente-argentino-73ZHWSCBZJH2BNEINPRKVZYFW4.avif\",\"contentUrl\":\"https:\/\/radioinfinitagoya.com.ar\/v1\/wp-content\/uploads\/2026\/03\/graf569-madrid-14032026-el-presidente-argentino-73ZHWSCBZJH2BNEINPRKVZYFW4.avif\",\"width\":880,\"height\":586},{\"@type\":\"BreadcrumbList\",\"@id\":\"https:\/\/radioinfinitagoya.com.ar\/v1\/2026\/03\/14\/javier-milei-califico-de-impresentable-a-pedro-sanchez-y-volvio-a-apuntar-contra-madanes-quintanilla\/#breadcrumb\",\"itemListElement\":[{\"@type\":\"ListItem\",\"position\":1,\"name\":\"Inicio\",\"item\":\"https:\/\/radioinfinitagoya.com.ar\/v1\/\"},{\"@type\":\"ListItem\",\"position\":2,\"name\":\"Javier Milei calific\u00f3 de \u201cimpresentable\u201d a Pedro S\u00e1nchez y volvi\u00f3 a apuntar contra Madanes Quintanilla\"}]},{\"@type\":\"WebSite\",\"@id\":\"https:\/\/radioinfinitagoya.com.ar\/v1\/#website\",\"url\":\"https:\/\/radioinfinitagoya.com.ar\/v1\/\",\"name\":\"radioinfinitagoya.com.ar\",\"description\":\"Radio de noticias\",\"publisher\":{\"@id\":\"https:\/\/radioinfinitagoya.com.ar\/v1\/#organization\"},\"potentialAction\":[{\"@type\":\"SearchAction\",\"target\":{\"@type\":\"EntryPoint\",\"urlTemplate\":\"https:\/\/radioinfinitagoya.com.ar\/v1\/?s={search_term_string}\"},\"query-input\":{\"@type\":\"PropertyValueSpecification\",\"valueRequired\":true,\"valueName\":\"search_term_string\"}}],\"inLanguage\":\"es-AR\"},{\"@type\":\"Organization\",\"@id\":\"https:\/\/radioinfinitagoya.com.ar\/v1\/#organization\",\"name\":\"Radio Infinita Goya\",\"url\":\"https:\/\/radioinfinitagoya.com.ar\/v1\/\",\"logo\":{\"@type\":\"ImageObject\",\"inLanguage\":\"es-AR\",\"@id\":\"https:\/\/radioinfinitagoya.com.ar\/v1\/#\/schema\/logo\/image\/\",\"url\":\"https:\/\/radioinfinitagoya.com.ar\/v1\/wp-content\/uploads\/2019\/11\/logo-pie-web.png\",\"contentUrl\":\"https:\/\/radioinfinitagoya.com.ar\/v1\/wp-content\/uploads\/2019\/11\/logo-pie-web.png\",\"width\":635,\"height\":326,\"caption\":\"Radio Infinita Goya\"},\"image\":{\"@id\":\"https:\/\/radioinfinitagoya.com.ar\/v1\/#\/schema\/logo\/image\/\"},\"sameAs\":[\"https:\/\/www.facebook.com\/p\/Infinita-Goya-100063870918311\/\"]},{\"@type\":\"Person\",\"@id\":\"https:\/\/radioinfinitagoya.com.ar\/v1\/#\/schema\/person\/d4cf9c413d4f6edb24aabdccab49ca4a\",\"name\":\"Jorge Mi\u00f1o\",\"image\":{\"@type\":\"ImageObject\",\"inLanguage\":\"es-AR\",\"@id\":\"https:\/\/secure.gravatar.com\/avatar\/910fcf6728fe95320e07a6643c1581fec1c7fc4bf8ae12e3d8f0d0373dc844be?s=96&d=mm&r=g\",\"url\":\"https:\/\/secure.gravatar.com\/avatar\/910fcf6728fe95320e07a6643c1581fec1c7fc4bf8ae12e3d8f0d0373dc844be?s=96&d=mm&r=g\",\"contentUrl\":\"https:\/\/secure.gravatar.com\/avatar\/910fcf6728fe95320e07a6643c1581fec1c7fc4bf8ae12e3d8f0d0373dc844be?s=96&d=mm&r=g\",\"caption\":\"Jorge Mi\u00f1o\"},\"sameAs\":[\"http:\/\/radioinfinitagoya.com.ar\"]}]}<\/script>\n<!-- \/ Yoast SEO plugin. -->","yoast_head_json":{"title":"Javier Milei calific\u00f3 de \u201cimpresentable\u201d a Pedro S\u00e1nchez y volvi\u00f3 a apuntar contra Madanes Quintanilla - Radio Infinita Goya","description":"El mandatario encabeza el Madrid Economic Forum, un encuentro privado ultraliberal que reune a economistas, emprendedores, traders y expertos en","robots":{"index":"index","follow":"follow","max-snippet":"max-snippet:-1","max-image-preview":"max-image-preview:large","max-video-preview":"max-video-preview:-1"},"canonical":"https:\/\/radioinfinitagoya.com.ar\/v1\/2026\/03\/14\/javier-milei-califico-de-impresentable-a-pedro-sanchez-y-volvio-a-apuntar-contra-madanes-quintanilla\/","og_locale":"es_ES","og_type":"article","og_title":"Javier Milei calific\u00f3 de \u201cimpresentable\u201d a Pedro S\u00e1nchez y volvi\u00f3 a apuntar contra Madanes Quintanilla - Radio Infinita Goya","og_description":"El mandatario encabeza el Madrid Economic Forum, un encuentro privado ultraliberal que reune a economistas, emprendedores, traders y expertos en","og_url":"https:\/\/radioinfinitagoya.com.ar\/v1\/2026\/03\/14\/javier-milei-califico-de-impresentable-a-pedro-sanchez-y-volvio-a-apuntar-contra-madanes-quintanilla\/","og_site_name":"Radio Infinita Goya","article_publisher":"https:\/\/www.facebook.com\/p\/Infinita-Goya-100063870918311\/","article_published_time":"2026-03-14T21:14:02+00:00","author":"Jorge Mi\u00f1o","twitter_card":"summary_large_image","twitter_misc":{"Escrito por":"Jorge Mi\u00f1o","Tiempo de lectura":"5 minutos"},"schema":{"@context":"https:\/\/schema.org","@graph":[{"@type":"Article","@id":"https:\/\/radioinfinitagoya.com.ar\/v1\/2026\/03\/14\/javier-milei-califico-de-impresentable-a-pedro-sanchez-y-volvio-a-apuntar-contra-madanes-quintanilla\/#article","isPartOf":{"@id":"https:\/\/radioinfinitagoya.com.ar\/v1\/2026\/03\/14\/javier-milei-califico-de-impresentable-a-pedro-sanchez-y-volvio-a-apuntar-contra-madanes-quintanilla\/"},"author":{"name":"Jorge Mi\u00f1o","@id":"https:\/\/radioinfinitagoya.com.ar\/v1\/#\/schema\/person\/d4cf9c413d4f6edb24aabdccab49ca4a"},"headline":"Javier Milei calific\u00f3 de \u201cimpresentable\u201d a Pedro S\u00e1nchez y volvi\u00f3 a apuntar contra Madanes Quintanilla","datePublished":"2026-03-14T21:14:02+00:00","mainEntityOfPage":{"@id":"https:\/\/radioinfinitagoya.com.ar\/v1\/2026\/03\/14\/javier-milei-califico-de-impresentable-a-pedro-sanchez-y-volvio-a-apuntar-contra-madanes-quintanilla\/"},"wordCount":1002,"commentCount":0,"publisher":{"@id":"https:\/\/radioinfinitagoya.com.ar\/v1\/#organization"},"image":{"@id":"https:\/\/radioinfinitagoya.com.ar\/v1\/2026\/03\/14\/javier-milei-califico-de-impresentable-a-pedro-sanchez-y-volvio-a-apuntar-contra-madanes-quintanilla\/#primaryimage"},"thumbnailUrl":"https:\/\/radioinfinitagoya.com.ar\/v1\/wp-content\/uploads\/2026\/03\/graf569-madrid-14032026-el-presidente-argentino-73ZHWSCBZJH2BNEINPRKVZYFW4.avif","articleSection":["PRINCIPAL"],"inLanguage":"es-AR","potentialAction":[{"@type":"CommentAction","name":"Comment","target":["https:\/\/radioinfinitagoya.com.ar\/v1\/2026\/03\/14\/javier-milei-califico-de-impresentable-a-pedro-sanchez-y-volvio-a-apuntar-contra-madanes-quintanilla\/#respond"]}]},{"@type":"WebPage","@id":"https:\/\/radioinfinitagoya.com.ar\/v1\/2026\/03\/14\/javier-milei-califico-de-impresentable-a-pedro-sanchez-y-volvio-a-apuntar-contra-madanes-quintanilla\/","url":"https:\/\/radioinfinitagoya.com.ar\/v1\/2026\/03\/14\/javier-milei-califico-de-impresentable-a-pedro-sanchez-y-volvio-a-apuntar-contra-madanes-quintanilla\/","name":"Javier Milei calific\u00f3 de \u201cimpresentable\u201d a Pedro S\u00e1nchez y volvi\u00f3 a apuntar contra Madanes Quintanilla - Radio Infinita Goya","isPartOf":{"@id":"https:\/\/radioinfinitagoya.com.ar\/v1\/#website"},"primaryImageOfPage":{"@id":"https:\/\/radioinfinitagoya.com.ar\/v1\/2026\/03\/14\/javier-milei-califico-de-impresentable-a-pedro-sanchez-y-volvio-a-apuntar-contra-madanes-quintanilla\/#primaryimage"},"image":{"@id":"https:\/\/radioinfinitagoya.com.ar\/v1\/2026\/03\/14\/javier-milei-califico-de-impresentable-a-pedro-sanchez-y-volvio-a-apuntar-contra-madanes-quintanilla\/#primaryimage"},"thumbnailUrl":"https:\/\/radioinfinitagoya.com.ar\/v1\/wp-content\/uploads\/2026\/03\/graf569-madrid-14032026-el-presidente-argentino-73ZHWSCBZJH2BNEINPRKVZYFW4.avif","datePublished":"2026-03-14T21:14:02+00:00","description":"El mandatario encabeza el Madrid Economic Forum, un encuentro privado ultraliberal que reune a economistas, emprendedores, traders y expertos en","breadcrumb":{"@id":"https:\/\/radioinfinitagoya.com.ar\/v1\/2026\/03\/14\/javier-milei-califico-de-impresentable-a-pedro-sanchez-y-volvio-a-apuntar-contra-madanes-quintanilla\/#breadcrumb"},"inLanguage":"es-AR","potentialAction":[{"@type":"ReadAction","target":["https:\/\/radioinfinitagoya.com.ar\/v1\/2026\/03\/14\/javier-milei-califico-de-impresentable-a-pedro-sanchez-y-volvio-a-apuntar-contra-madanes-quintanilla\/"]}]},{"@type":"ImageObject","inLanguage":"es-AR","@id":"https:\/\/radioinfinitagoya.com.ar\/v1\/2026\/03\/14\/javier-milei-califico-de-impresentable-a-pedro-sanchez-y-volvio-a-apuntar-contra-madanes-quintanilla\/#primaryimage","url":"https:\/\/radioinfinitagoya.com.ar\/v1\/wp-content\/uploads\/2026\/03\/graf569-madrid-14032026-el-presidente-argentino-73ZHWSCBZJH2BNEINPRKVZYFW4.avif","contentUrl":"https:\/\/radioinfinitagoya.com.ar\/v1\/wp-content\/uploads\/2026\/03\/graf569-madrid-14032026-el-presidente-argentino-73ZHWSCBZJH2BNEINPRKVZYFW4.avif","width":880,"height":586},{"@type":"BreadcrumbList","@id":"https:\/\/radioinfinitagoya.com.ar\/v1\/2026\/03\/14\/javier-milei-califico-de-impresentable-a-pedro-sanchez-y-volvio-a-apuntar-contra-madanes-quintanilla\/#breadcrumb","itemListElement":[{"@type":"ListItem","position":1,"name":"Inicio","item":"https:\/\/radioinfinitagoya.com.ar\/v1\/"},{"@type":"ListItem","position":2,"name":"Javier Milei calific\u00f3 de \u201cimpresentable\u201d a Pedro S\u00e1nchez y volvi\u00f3 a apuntar contra Madanes Quintanilla"}]},{"@type":"WebSite","@id":"https:\/\/radioinfinitagoya.com.ar\/v1\/#website","url":"https:\/\/radioinfinitagoya.com.ar\/v1\/","name":"radioinfinitagoya.com.ar","description":"Radio de noticias","publisher":{"@id":"https:\/\/radioinfinitagoya.com.ar\/v1\/#organization"},"potentialAction":[{"@type":"SearchAction","target":{"@type":"EntryPoint","urlTemplate":"https:\/\/radioinfinitagoya.com.ar\/v1\/?s={search_term_string}"},"query-input":{"@type":"PropertyValueSpecification","valueRequired":true,"valueName":"search_term_string"}}],"inLanguage":"es-AR"},{"@type":"Organization","@id":"https:\/\/radioinfinitagoya.com.ar\/v1\/#organization","name":"Radio Infinita Goya","url":"https:\/\/radioinfinitagoya.com.ar\/v1\/","logo":{"@type":"ImageObject","inLanguage":"es-AR","@id":"https:\/\/radioinfinitagoya.com.ar\/v1\/#\/schema\/logo\/image\/","url":"https:\/\/radioinfinitagoya.com.ar\/v1\/wp-content\/uploads\/2019\/11\/logo-pie-web.png","contentUrl":"https:\/\/radioinfinitagoya.com.ar\/v1\/wp-content\/uploads\/2019\/11\/logo-pie-web.png","width":635,"height":326,"caption":"Radio Infinita Goya"},"image":{"@id":"https:\/\/radioinfinitagoya.com.ar\/v1\/#\/schema\/logo\/image\/"},"sameAs":["https:\/\/www.facebook.com\/p\/Infinita-Goya-100063870918311\/"]},{"@type":"Person","@id":"https:\/\/radioinfinitagoya.com.ar\/v1\/#\/schema\/person\/d4cf9c413d4f6edb24aabdccab49ca4a","name":"Jorge Mi\u00f1o","image":{"@type":"ImageObject","inLanguage":"es-AR","@id":"https:\/\/secure.gravatar.com\/avatar\/910fcf6728fe95320e07a6643c1581fec1c7fc4bf8ae12e3d8f0d0373dc844be?s=96&d=mm&r=g","url":"https:\/\/secure.gravatar.com\/avatar\/910fcf6728fe95320e07a6643c1581fec1c7fc4bf8ae12e3d8f0d0373dc844be?s=96&d=mm&r=g","contentUrl":"https:\/\/secure.gravatar.com\/avatar\/910fcf6728fe95320e07a6643c1581fec1c7fc4bf8ae12e3d8f0d0373dc844be?s=96&d=mm&r=g","caption":"Jorge Mi\u00f1o"},"sameAs":["http:\/\/radioinfinitagoya.com.ar"]}]}},"_links":{"self":[{"href":"https:\/\/radioinfinitagoya.com.ar\/v1\/wp-json\/wp\/v2\/posts\/210225","targetHints":{"allow":["GET"]}}],"collection":[{"href":"https:\/\/radioinfinitagoya.com.ar\/v1\/wp-json\/wp\/v2\/posts"}],"about":[{"href":"https:\/\/radioinfinitagoya.com.ar\/v1\/wp-json\/wp\/v2\/types\/post"}],"author":[{"embeddable":true,"href":"https:\/\/radioinfinitagoya.com.ar\/v1\/wp-json\/wp\/v2\/users\/4"}],"replies":[{"embeddable":true,"href":"https:\/\/radioinfinitagoya.com.ar\/v1\/wp-json\/wp\/v2\/comments?post=210225"}],"version-history":[{"count":0,"href":"https:\/\/radioinfinitagoya.com.ar\/v1\/wp-json\/wp\/v2\/posts\/210225\/revisions"}],"wp:featuredmedia":[{"embeddable":true,"href":"https:\/\/radioinfinitagoya.com.ar\/v1\/wp-json\/wp\/v2\/media\/210226"}],"wp:attachment":[{"href":"https:\/\/radioinfinitagoya.com.ar\/v1\/wp-json\/wp\/v2\/media?parent=210225"}],"wp:term":[{"taxonomy":"category","embeddable":true,"href":"https:\/\/radioinfinitagoya.com.ar\/v1\/wp-json\/wp\/v2\/categories?post=210225"},{"taxonomy":"post_tag","embeddable":true,"href":"https:\/\/radioinfinitagoya.com.ar\/v1\/wp-json\/wp\/v2\/tags?post=210225"}],"curies":[{"name":"wp","href":"https:\/\/api.w.org\/{rel}","templated":true}]}}