{"id":210230,"date":"2026-03-14T18:17:08","date_gmt":"2026-03-14T21:17:08","guid":{"rendered":"https:\/\/radioinfinitagoya.com.ar\/v1\/?p=210230"},"modified":"2026-03-14T18:17:08","modified_gmt":"2026-03-14T21:17:08","slug":"tras-el-viaje-a-nueva-york-manuel-adorni-aseguro-uno-hace-las-cosas-bien-pero-te-podes-equivocar","status":"publish","type":"post","link":"https:\/\/radioinfinitagoya.com.ar\/v1\/2026\/03\/14\/tras-el-viaje-a-nueva-york-manuel-adorni-aseguro-uno-hace-las-cosas-bien-pero-te-podes-equivocar\/","title":{"rendered":"Tras el viaje a Nueva York, Manuel Adorni asegur\u00f3: \u201cUno hace las cosas bien, pero te pod\u00e9s equivocar\u201d"},"content":{"rendered":"<p>El Jefe de Gabinete concedi\u00f3 un reportaje tras la pol\u00e9mica con la delegaci\u00f3n oficial que particip\u00f3 en la \u201cArgentina Week\u201d y asegur\u00f3: \u201cSi pudiera volver atr\u00e1s, mi mujer no se hubiera subido al avi\u00f3n\u201d<\/p>\n<p>El jefe de Gabinete, Manuel Adorni, se refiri\u00f3 en las \u00faltimas horas a la pol\u00e9mica que gener\u00f3 la presencia de su pareja en el avi\u00f3n presidencial que traslad\u00f3 a la delegaci\u00f3n oficial que particip\u00f3 en Estados Unidos de un evento con importantes empresarios. \u201cSi pudiera volver atr\u00e1s, evidentemente mi mujer no se hubiera subido\u201d, asegur\u00f3 el funcionario.<\/p>\n<p>En una entrevista que concedi\u00f3 a Forbes Argentina en la sede del consulado en Nueva York, Adorni explic\u00f3 que Bettina Angeletti, su pareja, fue invitada por la Presidencia de la Naci\u00f3n y afirm\u00f3 que su viaje no gener\u00f3 gastos para el Estado. Se trata de un tema que gener\u00f3 intenso debate p\u00fablico y una serie de pedidos de informes de la oposici\u00f3n en el Congreso, en medio de un clima de alta polarizaci\u00f3n pol\u00edtica.<\/p>\n<p>\u201cUno hace las cosas bien, pero te pod\u00e9s equivocar\u201d, plante\u00f3 el Jefe de Gabinete. Adem\u00e1s, sostuvo que toda la pol\u00e9mica lo llev\u00f3 a atravesar \u201cel momento m\u00e1s dif\u00edcil\u201d de su carrera pol\u00edtica, tanto por el impacto familiar como por la repercusi\u00f3n medi\u00e1tica.<\/p>\n<p>Durante la semana, diversas publicaciones period\u00edsticas hicieron hincapi\u00e9 en la difusi\u00f3n de im\u00e1genes de la pareja durante actividades oficiales en Nueva York y, adem\u00e1s, de un vuelo privado que Adorni realiz\u00f3 hacia Punta del Este durante el feriado de carnaval. El funcionario defendi\u00f3 la legalidad de ambos viajes y asegur\u00f3 que pag\u00f3 personalmente su pasaje en el vuelo privado. Adem\u00e1s, sostuvo que su relaci\u00f3n con Marcelo Grandio, el organizador del viaje, es de larga data y no est\u00e1 vinculada a su actual cargo.<\/p>\n<p>El caso cobr\u00f3 relevancia ante la vigencia de la Ley 25.188 de \u00e9tica en el Ejercicio P\u00fablico, que restringe los beneficios para funcionarios. Legisladores de la oposici\u00f3n, como Esteban Paul\u00f3n y Germ\u00e1n Mart\u00ednez, solicitaron explicaciones sobre los gastos y el cumplimiento de las normas de transparencia.<\/p>\n<p>Adorni tambi\u00e9n admiti\u00f3 que fue un error la utilizaci\u00f3n del t\u00e9rmino \u201cdeslomarse\u201d cuando intent\u00f3 explicar el viaje de su esposa junto a la comitiva oficial. \u201cTe genera angustia y bronca que uno hace las cosas bien, te pod\u00e9s equivocar, pero la equivocaci\u00f3n deber\u00eda ser la forma de aprender. S\u00ed, se da lo de las varas que dec\u00eds, pero no importa la magnitud: lo que est\u00e1 mal, est\u00e1 mal. Y yo estoy tranquilo con los hechos. Pero dije una frase absolutamente desafortunada. Dije que mi mujer me hab\u00eda acompa\u00f1ado porque ven\u00eda a deslomarme a la Argentina Week, y eso fue desafortunado. En un vivo uno se equivoca mil veces. No lo hice adrede, fue en el intento de explicar todo el esfuerzo que hizo la estructura de gente que trabaj\u00f3 para que esta vidriera al mundo funcionara\u201d, dijo.<\/p>\n<p>\u201cCuando dije la palabra \u201cdeslomado\u201d gener\u00f3 una sensaci\u00f3n de rechazo que est\u00e1 perfecto, porque realmente estuvo mal la palabra. Pero fue en el af\u00e1n de contar con mucho convencimiento lo que se estaba haciendo ac\u00e1. Jam\u00e1s tuvo en mi mente la mala intenci\u00f3n&#8221;, a\u00f1adi\u00f3.<\/p>\n<p>En todo este marco, tanto el presidente Javier Milei como la secretaria general de la Presidencia, Karina Milei, al igual que los principales funcionarios, salieron a respaldar a Adorni. \u201cNo es grato, es absolutamente ingrato por lo injusto\u201d, sostuvo, y ampli\u00f3: \u201cDe la equivocaci\u00f3n se aprende\u201d.<\/p>\n<p>\u201cHabl\u00e9 con todo el gabinete. Habl\u00e9 mucho con el presidente y habl\u00e9 much\u00edsimo con Karina. Ellos tal vez entienden mejor que yo todo esto, el juego de los ataques y de la perversi\u00f3n, porque ellos lo vivieron incluso mucho antes de ser presidente\u201d, sostuvo.<\/p>\n<p>Respecto a la filtraci\u00f3n del video en el que se lo ve abordando el vuelo en avi\u00f3n privado a Punta del Este, el funcionario dijo que existe \u201cun sinf\u00edn de operaciones, una tras otra, que buscan da\u00f1arme a m\u00ed\u201c. Atribuy\u00f3 el episodio a una maniobra m\u00e1s amplia, al sostener: \u201cPero en ese caso, ser\u00e9 un personaje secundario, seguramente en pos de da\u00f1ar al Presidente o a Karina Milei o al gobierno en su conjunto. Fue todo premeditado\u201d.<\/p>\n<p>El funcionario se refiri\u00f3 al momento en que se difundieron las im\u00e1genes: \u201cEsperaron el momento para hacerlo y, evidentemente, ten\u00edan un video guardado de hace un mes, cuando fue mi viaje a Uruguay\u201d.<\/p>\n<p>En medio de la controversia, Adorni calific\u00f3 el episodio como parte de pr\u00e1cticas pol\u00edticas que rechaza. \u201cEs parte de la mugre y de la mafia de una vieja pol\u00edtica que no es compatible con nosotros\u201d, afirm\u00f3, marcando distancia con los sectores a los que responsabiliza por la difusi\u00f3n del video.<\/p>\n<p>Fue el propio Adorni quien tuvo a su cargo el cierre del Argentina Week que se desarroll\u00f3 esta semana en Nueva York, y en su discurso de 6 minutos, tambi\u00e9n hizo referencia al tema: \u201cEste evento no es un punto de llegada, es tan solo el comienzo. No importa cu\u00e1nto hayan querido estos d\u00edas empa\u00f1ar este evento, esta Argentina Week 2026, de intens\u00edsimo trabajo. Todos los que est\u00e1n aqu\u00ed lo saben y se los agradezco mucho. Intentaron con mentiras, con fake news, con im\u00e1genes trucadas por inteligencia artificial, pero no nos van a correr. Estamos absolutamente enfocados en consolidar el proyecto de pa\u00eds que queremos&#8221;.<\/p>\n","protected":false},"excerpt":{"rendered":"<p>El Jefe de Gabinete concedi\u00f3 un reportaje tras la pol\u00e9mica con la delegaci\u00f3n oficial que particip\u00f3 en la \u201cArgentina Week\u201d y asegur\u00f3: \u201cSi pudiera volver atr\u00e1s, mi mujer no se hubiera subido al avi\u00f3n\u201d El jefe de Gabinete, Manuel Adorni, se refiri\u00f3 en las \u00faltimas horas a la pol\u00e9mica que gener\u00f3 la presencia de su [&hellip;]<\/p>\n","protected":false},"author":4,"featured_media":210231,"comment_status":"open","ping_status":"open","sticky":false,"template":"","format":"standard","meta":{"_joinchat":[],"footnotes":""},"categories":[31],"tags":[],"class_list":{"0":"post-210230","1":"post","2":"type-post","3":"status-publish","4":"format-standard","5":"has-post-thumbnail","7":"category-informacion-general"},"yoast_head":"<!-- This site is optimized with the Yoast SEO plugin v27.2 - https:\/\/yoast.com\/product\/yoast-seo-wordpress\/ -->\n<title>Tras el viaje a Nueva York, Manuel Adorni asegur\u00f3: \u201cUno hace las cosas bien, pero te pod\u00e9s equivocar\u201d - Radio Infinita Goya<\/title>\n<meta name=\"description\" content=\"El Jefe de Gabinete concedi\u00f3 un reportaje tras la pol\u00e9mica con la delegaci\u00f3n oficial que particip\u00f3 en la \u201cArgentina Week\u201d y asegur\u00f3: \u201cSi pudiera volver\" \/>\n<meta name=\"robots\" content=\"index, follow, max-snippet:-1, max-image-preview:large, max-video-preview:-1\" \/>\n<link rel=\"canonical\" href=\"https:\/\/radioinfinitagoya.com.ar\/v1\/2026\/03\/14\/tras-el-viaje-a-nueva-york-manuel-adorni-aseguro-uno-hace-las-cosas-bien-pero-te-podes-equivocar\/\" \/>\n<meta property=\"og:locale\" content=\"es_ES\" \/>\n<meta property=\"og:type\" content=\"article\" \/>\n<meta property=\"og:title\" content=\"Tras el viaje a Nueva York, Manuel Adorni asegur\u00f3: \u201cUno hace las cosas bien, pero te pod\u00e9s equivocar\u201d - Radio Infinita Goya\" \/>\n<meta property=\"og:description\" content=\"El Jefe de Gabinete concedi\u00f3 un reportaje tras la pol\u00e9mica con la delegaci\u00f3n oficial que particip\u00f3 en la \u201cArgentina Week\u201d y asegur\u00f3: \u201cSi pudiera volver\" \/>\n<meta property=\"og:url\" content=\"https:\/\/radioinfinitagoya.com.ar\/v1\/2026\/03\/14\/tras-el-viaje-a-nueva-york-manuel-adorni-aseguro-uno-hace-las-cosas-bien-pero-te-podes-equivocar\/\" \/>\n<meta property=\"og:site_name\" content=\"Radio Infinita Goya\" \/>\n<meta property=\"article:publisher\" content=\"https:\/\/www.facebook.com\/p\/Infinita-Goya-100063870918311\/\" \/>\n<meta property=\"article:published_time\" content=\"2026-03-14T21:17:08+00:00\" \/>\n<meta name=\"author\" content=\"Jorge Mi\u00f1o\" \/>\n<meta name=\"twitter:card\" content=\"summary_large_image\" \/>\n<meta name=\"twitter:label1\" content=\"Escrito por\" \/>\n\t<meta name=\"twitter:data1\" content=\"Jorge Mi\u00f1o\" \/>\n\t<meta name=\"twitter:label2\" content=\"Tiempo de lectura\" \/>\n\t<meta name=\"twitter:data2\" content=\"5 minutos\" \/>\n<script type=\"application\/ld+json\" class=\"yoast-schema-graph\">{\"@context\":\"https:\/\/schema.org\",\"@graph\":[{\"@type\":\"Article\",\"@id\":\"https:\/\/radioinfinitagoya.com.ar\/v1\/2026\/03\/14\/tras-el-viaje-a-nueva-york-manuel-adorni-aseguro-uno-hace-las-cosas-bien-pero-te-podes-equivocar\/#article\",\"isPartOf\":{\"@id\":\"https:\/\/radioinfinitagoya.com.ar\/v1\/2026\/03\/14\/tras-el-viaje-a-nueva-york-manuel-adorni-aseguro-uno-hace-las-cosas-bien-pero-te-podes-equivocar\/\"},\"author\":{\"name\":\"Jorge Mi\u00f1o\",\"@id\":\"https:\/\/radioinfinitagoya.com.ar\/v1\/#\/schema\/person\/d4cf9c413d4f6edb24aabdccab49ca4a\"},\"headline\":\"Tras el viaje a Nueva York, Manuel Adorni asegur\u00f3: \u201cUno hace las cosas bien, pero te pod\u00e9s equivocar\u201d\",\"datePublished\":\"2026-03-14T21:17:08+00:00\",\"mainEntityOfPage\":{\"@id\":\"https:\/\/radioinfinitagoya.com.ar\/v1\/2026\/03\/14\/tras-el-viaje-a-nueva-york-manuel-adorni-aseguro-uno-hace-las-cosas-bien-pero-te-podes-equivocar\/\"},\"wordCount\":958,\"commentCount\":0,\"publisher\":{\"@id\":\"https:\/\/radioinfinitagoya.com.ar\/v1\/#organization\"},\"image\":{\"@id\":\"https:\/\/radioinfinitagoya.com.ar\/v1\/2026\/03\/14\/tras-el-viaje-a-nueva-york-manuel-adorni-aseguro-uno-hace-las-cosas-bien-pero-te-podes-equivocar\/#primaryimage\"},\"thumbnailUrl\":\"https:\/\/radioinfinitagoya.com.ar\/v1\/wp-content\/uploads\/2026\/03\/AG5ANLTXAVFVJCO3B2MMGEP57I.avif\",\"articleSection\":[\"INFORMACI\u00d3N GENERAL\"],\"inLanguage\":\"es-AR\",\"potentialAction\":[{\"@type\":\"CommentAction\",\"name\":\"Comment\",\"target\":[\"https:\/\/radioinfinitagoya.com.ar\/v1\/2026\/03\/14\/tras-el-viaje-a-nueva-york-manuel-adorni-aseguro-uno-hace-las-cosas-bien-pero-te-podes-equivocar\/#respond\"]}]},{\"@type\":\"WebPage\",\"@id\":\"https:\/\/radioinfinitagoya.com.ar\/v1\/2026\/03\/14\/tras-el-viaje-a-nueva-york-manuel-adorni-aseguro-uno-hace-las-cosas-bien-pero-te-podes-equivocar\/\",\"url\":\"https:\/\/radioinfinitagoya.com.ar\/v1\/2026\/03\/14\/tras-el-viaje-a-nueva-york-manuel-adorni-aseguro-uno-hace-las-cosas-bien-pero-te-podes-equivocar\/\",\"name\":\"Tras el viaje a Nueva York, Manuel Adorni asegur\u00f3: \u201cUno hace las cosas bien, pero te pod\u00e9s equivocar\u201d - Radio Infinita Goya\",\"isPartOf\":{\"@id\":\"https:\/\/radioinfinitagoya.com.ar\/v1\/#website\"},\"primaryImageOfPage\":{\"@id\":\"https:\/\/radioinfinitagoya.com.ar\/v1\/2026\/03\/14\/tras-el-viaje-a-nueva-york-manuel-adorni-aseguro-uno-hace-las-cosas-bien-pero-te-podes-equivocar\/#primaryimage\"},\"image\":{\"@id\":\"https:\/\/radioinfinitagoya.com.ar\/v1\/2026\/03\/14\/tras-el-viaje-a-nueva-york-manuel-adorni-aseguro-uno-hace-las-cosas-bien-pero-te-podes-equivocar\/#primaryimage\"},\"thumbnailUrl\":\"https:\/\/radioinfinitagoya.com.ar\/v1\/wp-content\/uploads\/2026\/03\/AG5ANLTXAVFVJCO3B2MMGEP57I.avif\",\"datePublished\":\"2026-03-14T21:17:08+00:00\",\"description\":\"El Jefe de Gabinete concedi\u00f3 un reportaje tras la pol\u00e9mica con la delegaci\u00f3n oficial que particip\u00f3 en la \u201cArgentina Week\u201d y asegur\u00f3: \u201cSi pudiera volver\",\"breadcrumb\":{\"@id\":\"https:\/\/radioinfinitagoya.com.ar\/v1\/2026\/03\/14\/tras-el-viaje-a-nueva-york-manuel-adorni-aseguro-uno-hace-las-cosas-bien-pero-te-podes-equivocar\/#breadcrumb\"},\"inLanguage\":\"es-AR\",\"potentialAction\":[{\"@type\":\"ReadAction\",\"target\":[\"https:\/\/radioinfinitagoya.com.ar\/v1\/2026\/03\/14\/tras-el-viaje-a-nueva-york-manuel-adorni-aseguro-uno-hace-las-cosas-bien-pero-te-podes-equivocar\/\"]}]},{\"@type\":\"ImageObject\",\"inLanguage\":\"es-AR\",\"@id\":\"https:\/\/radioinfinitagoya.com.ar\/v1\/2026\/03\/14\/tras-el-viaje-a-nueva-york-manuel-adorni-aseguro-uno-hace-las-cosas-bien-pero-te-podes-equivocar\/#primaryimage\",\"url\":\"https:\/\/radioinfinitagoya.com.ar\/v1\/wp-content\/uploads\/2026\/03\/AG5ANLTXAVFVJCO3B2MMGEP57I.avif\",\"contentUrl\":\"https:\/\/radioinfinitagoya.com.ar\/v1\/wp-content\/uploads\/2026\/03\/AG5ANLTXAVFVJCO3B2MMGEP57I.avif\",\"width\":992,\"height\":558},{\"@type\":\"BreadcrumbList\",\"@id\":\"https:\/\/radioinfinitagoya.com.ar\/v1\/2026\/03\/14\/tras-el-viaje-a-nueva-york-manuel-adorni-aseguro-uno-hace-las-cosas-bien-pero-te-podes-equivocar\/#breadcrumb\",\"itemListElement\":[{\"@type\":\"ListItem\",\"position\":1,\"name\":\"Inicio\",\"item\":\"https:\/\/radioinfinitagoya.com.ar\/v1\/\"},{\"@type\":\"ListItem\",\"position\":2,\"name\":\"Tras el viaje a Nueva York, Manuel Adorni asegur\u00f3: \u201cUno hace las cosas bien, pero te pod\u00e9s equivocar\u201d\"}]},{\"@type\":\"WebSite\",\"@id\":\"https:\/\/radioinfinitagoya.com.ar\/v1\/#website\",\"url\":\"https:\/\/radioinfinitagoya.com.ar\/v1\/\",\"name\":\"radioinfinitagoya.com.ar\",\"description\":\"Radio de noticias\",\"publisher\":{\"@id\":\"https:\/\/radioinfinitagoya.com.ar\/v1\/#organization\"},\"potentialAction\":[{\"@type\":\"SearchAction\",\"target\":{\"@type\":\"EntryPoint\",\"urlTemplate\":\"https:\/\/radioinfinitagoya.com.ar\/v1\/?s={search_term_string}\"},\"query-input\":{\"@type\":\"PropertyValueSpecification\",\"valueRequired\":true,\"valueName\":\"search_term_string\"}}],\"inLanguage\":\"es-AR\"},{\"@type\":\"Organization\",\"@id\":\"https:\/\/radioinfinitagoya.com.ar\/v1\/#organization\",\"name\":\"Radio Infinita Goya\",\"url\":\"https:\/\/radioinfinitagoya.com.ar\/v1\/\",\"logo\":{\"@type\":\"ImageObject\",\"inLanguage\":\"es-AR\",\"@id\":\"https:\/\/radioinfinitagoya.com.ar\/v1\/#\/schema\/logo\/image\/\",\"url\":\"https:\/\/radioinfinitagoya.com.ar\/v1\/wp-content\/uploads\/2019\/11\/logo-pie-web.png\",\"contentUrl\":\"https:\/\/radioinfinitagoya.com.ar\/v1\/wp-content\/uploads\/2019\/11\/logo-pie-web.png\",\"width\":635,\"height\":326,\"caption\":\"Radio Infinita Goya\"},\"image\":{\"@id\":\"https:\/\/radioinfinitagoya.com.ar\/v1\/#\/schema\/logo\/image\/\"},\"sameAs\":[\"https:\/\/www.facebook.com\/p\/Infinita-Goya-100063870918311\/\"]},{\"@type\":\"Person\",\"@id\":\"https:\/\/radioinfinitagoya.com.ar\/v1\/#\/schema\/person\/d4cf9c413d4f6edb24aabdccab49ca4a\",\"name\":\"Jorge Mi\u00f1o\",\"image\":{\"@type\":\"ImageObject\",\"inLanguage\":\"es-AR\",\"@id\":\"https:\/\/secure.gravatar.com\/avatar\/910fcf6728fe95320e07a6643c1581fec1c7fc4bf8ae12e3d8f0d0373dc844be?s=96&d=mm&r=g\",\"url\":\"https:\/\/secure.gravatar.com\/avatar\/910fcf6728fe95320e07a6643c1581fec1c7fc4bf8ae12e3d8f0d0373dc844be?s=96&d=mm&r=g\",\"contentUrl\":\"https:\/\/secure.gravatar.com\/avatar\/910fcf6728fe95320e07a6643c1581fec1c7fc4bf8ae12e3d8f0d0373dc844be?s=96&d=mm&r=g\",\"caption\":\"Jorge Mi\u00f1o\"},\"sameAs\":[\"http:\/\/radioinfinitagoya.com.ar\"]}]}<\/script>\n<!-- \/ Yoast SEO plugin. -->","yoast_head_json":{"title":"Tras el viaje a Nueva York, Manuel Adorni asegur\u00f3: \u201cUno hace las cosas bien, pero te pod\u00e9s equivocar\u201d - Radio Infinita Goya","description":"El Jefe de Gabinete concedi\u00f3 un reportaje tras la pol\u00e9mica con la delegaci\u00f3n oficial que particip\u00f3 en la \u201cArgentina Week\u201d y asegur\u00f3: \u201cSi pudiera volver","robots":{"index":"index","follow":"follow","max-snippet":"max-snippet:-1","max-image-preview":"max-image-preview:large","max-video-preview":"max-video-preview:-1"},"canonical":"https:\/\/radioinfinitagoya.com.ar\/v1\/2026\/03\/14\/tras-el-viaje-a-nueva-york-manuel-adorni-aseguro-uno-hace-las-cosas-bien-pero-te-podes-equivocar\/","og_locale":"es_ES","og_type":"article","og_title":"Tras el viaje a Nueva York, Manuel Adorni asegur\u00f3: \u201cUno hace las cosas bien, pero te pod\u00e9s equivocar\u201d - Radio Infinita Goya","og_description":"El Jefe de Gabinete concedi\u00f3 un reportaje tras la pol\u00e9mica con la delegaci\u00f3n oficial que particip\u00f3 en la \u201cArgentina Week\u201d y asegur\u00f3: \u201cSi pudiera volver","og_url":"https:\/\/radioinfinitagoya.com.ar\/v1\/2026\/03\/14\/tras-el-viaje-a-nueva-york-manuel-adorni-aseguro-uno-hace-las-cosas-bien-pero-te-podes-equivocar\/","og_site_name":"Radio Infinita Goya","article_publisher":"https:\/\/www.facebook.com\/p\/Infinita-Goya-100063870918311\/","article_published_time":"2026-03-14T21:17:08+00:00","author":"Jorge Mi\u00f1o","twitter_card":"summary_large_image","twitter_misc":{"Escrito por":"Jorge Mi\u00f1o","Tiempo de lectura":"5 minutos"},"schema":{"@context":"https:\/\/schema.org","@graph":[{"@type":"Article","@id":"https:\/\/radioinfinitagoya.com.ar\/v1\/2026\/03\/14\/tras-el-viaje-a-nueva-york-manuel-adorni-aseguro-uno-hace-las-cosas-bien-pero-te-podes-equivocar\/#article","isPartOf":{"@id":"https:\/\/radioinfinitagoya.com.ar\/v1\/2026\/03\/14\/tras-el-viaje-a-nueva-york-manuel-adorni-aseguro-uno-hace-las-cosas-bien-pero-te-podes-equivocar\/"},"author":{"name":"Jorge Mi\u00f1o","@id":"https:\/\/radioinfinitagoya.com.ar\/v1\/#\/schema\/person\/d4cf9c413d4f6edb24aabdccab49ca4a"},"headline":"Tras el viaje a Nueva York, Manuel Adorni asegur\u00f3: \u201cUno hace las cosas bien, pero te pod\u00e9s equivocar\u201d","datePublished":"2026-03-14T21:17:08+00:00","mainEntityOfPage":{"@id":"https:\/\/radioinfinitagoya.com.ar\/v1\/2026\/03\/14\/tras-el-viaje-a-nueva-york-manuel-adorni-aseguro-uno-hace-las-cosas-bien-pero-te-podes-equivocar\/"},"wordCount":958,"commentCount":0,"publisher":{"@id":"https:\/\/radioinfinitagoya.com.ar\/v1\/#organization"},"image":{"@id":"https:\/\/radioinfinitagoya.com.ar\/v1\/2026\/03\/14\/tras-el-viaje-a-nueva-york-manuel-adorni-aseguro-uno-hace-las-cosas-bien-pero-te-podes-equivocar\/#primaryimage"},"thumbnailUrl":"https:\/\/radioinfinitagoya.com.ar\/v1\/wp-content\/uploads\/2026\/03\/AG5ANLTXAVFVJCO3B2MMGEP57I.avif","articleSection":["INFORMACI\u00d3N GENERAL"],"inLanguage":"es-AR","potentialAction":[{"@type":"CommentAction","name":"Comment","target":["https:\/\/radioinfinitagoya.com.ar\/v1\/2026\/03\/14\/tras-el-viaje-a-nueva-york-manuel-adorni-aseguro-uno-hace-las-cosas-bien-pero-te-podes-equivocar\/#respond"]}]},{"@type":"WebPage","@id":"https:\/\/radioinfinitagoya.com.ar\/v1\/2026\/03\/14\/tras-el-viaje-a-nueva-york-manuel-adorni-aseguro-uno-hace-las-cosas-bien-pero-te-podes-equivocar\/","url":"https:\/\/radioinfinitagoya.com.ar\/v1\/2026\/03\/14\/tras-el-viaje-a-nueva-york-manuel-adorni-aseguro-uno-hace-las-cosas-bien-pero-te-podes-equivocar\/","name":"Tras el viaje a Nueva York, Manuel Adorni asegur\u00f3: \u201cUno hace las cosas bien, pero te pod\u00e9s equivocar\u201d - Radio Infinita Goya","isPartOf":{"@id":"https:\/\/radioinfinitagoya.com.ar\/v1\/#website"},"primaryImageOfPage":{"@id":"https:\/\/radioinfinitagoya.com.ar\/v1\/2026\/03\/14\/tras-el-viaje-a-nueva-york-manuel-adorni-aseguro-uno-hace-las-cosas-bien-pero-te-podes-equivocar\/#primaryimage"},"image":{"@id":"https:\/\/radioinfinitagoya.com.ar\/v1\/2026\/03\/14\/tras-el-viaje-a-nueva-york-manuel-adorni-aseguro-uno-hace-las-cosas-bien-pero-te-podes-equivocar\/#primaryimage"},"thumbnailUrl":"https:\/\/radioinfinitagoya.com.ar\/v1\/wp-content\/uploads\/2026\/03\/AG5ANLTXAVFVJCO3B2MMGEP57I.avif","datePublished":"2026-03-14T21:17:08+00:00","description":"El Jefe de Gabinete concedi\u00f3 un reportaje tras la pol\u00e9mica con la delegaci\u00f3n oficial que particip\u00f3 en la \u201cArgentina Week\u201d y asegur\u00f3: \u201cSi pudiera volver","breadcrumb":{"@id":"https:\/\/radioinfinitagoya.com.ar\/v1\/2026\/03\/14\/tras-el-viaje-a-nueva-york-manuel-adorni-aseguro-uno-hace-las-cosas-bien-pero-te-podes-equivocar\/#breadcrumb"},"inLanguage":"es-AR","potentialAction":[{"@type":"ReadAction","target":["https:\/\/radioinfinitagoya.com.ar\/v1\/2026\/03\/14\/tras-el-viaje-a-nueva-york-manuel-adorni-aseguro-uno-hace-las-cosas-bien-pero-te-podes-equivocar\/"]}]},{"@type":"ImageObject","inLanguage":"es-AR","@id":"https:\/\/radioinfinitagoya.com.ar\/v1\/2026\/03\/14\/tras-el-viaje-a-nueva-york-manuel-adorni-aseguro-uno-hace-las-cosas-bien-pero-te-podes-equivocar\/#primaryimage","url":"https:\/\/radioinfinitagoya.com.ar\/v1\/wp-content\/uploads\/2026\/03\/AG5ANLTXAVFVJCO3B2MMGEP57I.avif","contentUrl":"https:\/\/radioinfinitagoya.com.ar\/v1\/wp-content\/uploads\/2026\/03\/AG5ANLTXAVFVJCO3B2MMGEP57I.avif","width":992,"height":558},{"@type":"BreadcrumbList","@id":"https:\/\/radioinfinitagoya.com.ar\/v1\/2026\/03\/14\/tras-el-viaje-a-nueva-york-manuel-adorni-aseguro-uno-hace-las-cosas-bien-pero-te-podes-equivocar\/#breadcrumb","itemListElement":[{"@type":"ListItem","position":1,"name":"Inicio","item":"https:\/\/radioinfinitagoya.com.ar\/v1\/"},{"@type":"ListItem","position":2,"name":"Tras el viaje a Nueva York, Manuel Adorni asegur\u00f3: \u201cUno hace las cosas bien, pero te pod\u00e9s equivocar\u201d"}]},{"@type":"WebSite","@id":"https:\/\/radioinfinitagoya.com.ar\/v1\/#website","url":"https:\/\/radioinfinitagoya.com.ar\/v1\/","name":"radioinfinitagoya.com.ar","description":"Radio de noticias","publisher":{"@id":"https:\/\/radioinfinitagoya.com.ar\/v1\/#organization"},"potentialAction":[{"@type":"SearchAction","target":{"@type":"EntryPoint","urlTemplate":"https:\/\/radioinfinitagoya.com.ar\/v1\/?s={search_term_string}"},"query-input":{"@type":"PropertyValueSpecification","valueRequired":true,"valueName":"search_term_string"}}],"inLanguage":"es-AR"},{"@type":"Organization","@id":"https:\/\/radioinfinitagoya.com.ar\/v1\/#organization","name":"Radio Infinita Goya","url":"https:\/\/radioinfinitagoya.com.ar\/v1\/","logo":{"@type":"ImageObject","inLanguage":"es-AR","@id":"https:\/\/radioinfinitagoya.com.ar\/v1\/#\/schema\/logo\/image\/","url":"https:\/\/radioinfinitagoya.com.ar\/v1\/wp-content\/uploads\/2019\/11\/logo-pie-web.png","contentUrl":"https:\/\/radioinfinitagoya.com.ar\/v1\/wp-content\/uploads\/2019\/11\/logo-pie-web.png","width":635,"height":326,"caption":"Radio Infinita Goya"},"image":{"@id":"https:\/\/radioinfinitagoya.com.ar\/v1\/#\/schema\/logo\/image\/"},"sameAs":["https:\/\/www.facebook.com\/p\/Infinita-Goya-100063870918311\/"]},{"@type":"Person","@id":"https:\/\/radioinfinitagoya.com.ar\/v1\/#\/schema\/person\/d4cf9c413d4f6edb24aabdccab49ca4a","name":"Jorge Mi\u00f1o","image":{"@type":"ImageObject","inLanguage":"es-AR","@id":"https:\/\/secure.gravatar.com\/avatar\/910fcf6728fe95320e07a6643c1581fec1c7fc4bf8ae12e3d8f0d0373dc844be?s=96&d=mm&r=g","url":"https:\/\/secure.gravatar.com\/avatar\/910fcf6728fe95320e07a6643c1581fec1c7fc4bf8ae12e3d8f0d0373dc844be?s=96&d=mm&r=g","contentUrl":"https:\/\/secure.gravatar.com\/avatar\/910fcf6728fe95320e07a6643c1581fec1c7fc4bf8ae12e3d8f0d0373dc844be?s=96&d=mm&r=g","caption":"Jorge Mi\u00f1o"},"sameAs":["http:\/\/radioinfinitagoya.com.ar"]}]}},"_links":{"self":[{"href":"https:\/\/radioinfinitagoya.com.ar\/v1\/wp-json\/wp\/v2\/posts\/210230","targetHints":{"allow":["GET"]}}],"collection":[{"href":"https:\/\/radioinfinitagoya.com.ar\/v1\/wp-json\/wp\/v2\/posts"}],"about":[{"href":"https:\/\/radioinfinitagoya.com.ar\/v1\/wp-json\/wp\/v2\/types\/post"}],"author":[{"embeddable":true,"href":"https:\/\/radioinfinitagoya.com.ar\/v1\/wp-json\/wp\/v2\/users\/4"}],"replies":[{"embeddable":true,"href":"https:\/\/radioinfinitagoya.com.ar\/v1\/wp-json\/wp\/v2\/comments?post=210230"}],"version-history":[{"count":0,"href":"https:\/\/radioinfinitagoya.com.ar\/v1\/wp-json\/wp\/v2\/posts\/210230\/revisions"}],"wp:featuredmedia":[{"embeddable":true,"href":"https:\/\/radioinfinitagoya.com.ar\/v1\/wp-json\/wp\/v2\/media\/210231"}],"wp:attachment":[{"href":"https:\/\/radioinfinitagoya.com.ar\/v1\/wp-json\/wp\/v2\/media?parent=210230"}],"wp:term":[{"taxonomy":"category","embeddable":true,"href":"https:\/\/radioinfinitagoya.com.ar\/v1\/wp-json\/wp\/v2\/categories?post=210230"},{"taxonomy":"post_tag","embeddable":true,"href":"https:\/\/radioinfinitagoya.com.ar\/v1\/wp-json\/wp\/v2\/tags?post=210230"}],"curies":[{"name":"wp","href":"https:\/\/api.w.org\/{rel}","templated":true}]}}