{"id":210236,"date":"2026-03-15T10:25:04","date_gmt":"2026-03-15T13:25:04","guid":{"rendered":"https:\/\/radioinfinitagoya.com.ar\/v1\/?p=210236"},"modified":"2026-03-15T10:25:04","modified_gmt":"2026-03-15T13:25:04","slug":"oficial-la-uefa-cancelo-la-finalissima-entre-argentina-y-espana","status":"publish","type":"post","link":"https:\/\/radioinfinitagoya.com.ar\/v1\/2026\/03\/15\/oficial-la-uefa-cancelo-la-finalissima-entre-argentina-y-espana\/","title":{"rendered":"Oficial: la UEFA cancel\u00f3 la Finalissima entre Argentina y Espa\u00f1a"},"content":{"rendered":"<p>La entidad confirm\u00f3 que no se lleg\u00f3 a un acuerdo con la AFA para la disputa del partido entre ambas selecciones<\/p>\n<p><img loading=\"lazy\" decoding=\"async\" class=\"alignnone size-full wp-image-210238\" src=\"https:\/\/radioinfinitagoya.com.ar\/v1\/wp-content\/uploads\/2026\/03\/T53UT234G5CJPISCBDD5XTOA2I.avif\" alt=\"\" width=\"992\" height=\"540\" srcset=\"https:\/\/radioinfinitagoya.com.ar\/v1\/wp-content\/uploads\/2026\/03\/T53UT234G5CJPISCBDD5XTOA2I.avif 992w, https:\/\/radioinfinitagoya.com.ar\/v1\/wp-content\/uploads\/2026\/03\/T53UT234G5CJPISCBDD5XTOA2I-150x82.jpg 150w, https:\/\/radioinfinitagoya.com.ar\/v1\/wp-content\/uploads\/2026\/03\/T53UT234G5CJPISCBDD5XTOA2I-768x418.jpg 768w, https:\/\/radioinfinitagoya.com.ar\/v1\/wp-content\/uploads\/2026\/03\/T53UT234G5CJPISCBDD5XTOA2I-772x420.jpg 772w, https:\/\/radioinfinitagoya.com.ar\/v1\/wp-content\/uploads\/2026\/03\/T53UT234G5CJPISCBDD5XTOA2I-696x379.jpg 696w\" sizes=\"auto, (max-width: 992px) 100vw, 992px\" \/>Es oficial. UEFA confirm\u00f3 que la Finalissima que iban a disputar Argentina y Espa\u00f1a se cancel\u00f3.<\/p>\n<p>Durante los \u00faltimos d\u00edas del 2025, la Final\u00edssima hab\u00eda sido confirmada en el Lusail Stadium de Doha (Qatar) para el viernes 27 de marzo. Sin embargo, la situaci\u00f3n geopol\u00edtica en Medio Oriente cambi\u00f3 en las \u00faltimas semanas y oblig\u00f3 a replantear la sede.<\/p>\n<p>En ese marco, se comenz\u00f3 a trabajar en posibles variantes pero en las \u00faltimas horas hab\u00eda salido a la superficie un cortocircuito evidente entre las partes. Desde Espa\u00f1a, afirmaron que el Estadio Santiago Bernab\u00e9u de Madrid se hab\u00eda transformado en el \u201cgran favorito\u201d para albergar el choque entre el campe\u00f3n de Am\u00e9rica y de Europa.<\/p>\n<p>Sin embargo, la Asociaci\u00f3n del F\u00fatbol Argentino (AFA) dej\u00f3 en claro que esa alternativa no era viable y hasta el presidente Claudio Chiqui Tapia lanz\u00f3 una contraoferta p\u00fablica para dejar en claro que no corr\u00eda la opci\u00f3n respaldada por los medios espa\u00f1oles: \u201cNos vamos a poner a trabajar porque Espa\u00f1a quiere que la final se juegue en Espa\u00f1a y yo quiero que se juegue en el Monumental\u201d. En un marco de incertidumbre, el presidente de la Conmebol, Alejandro Dom\u00ednguez, viaj\u00f3 a Argentina durante la noche del jueves para reunirse con Tapia en busca de una soluci\u00f3n al tema.<\/p>\n<p>No se puede perder de vista la importancia de esta Fecha FIFA y de los dos partidos que pueden disputarse en esta ventana preparatoria. Adem\u00e1s de la Final\u00edssima, Argentina iba a chocar con Qatar cuatro d\u00edas despu\u00e9s del juego en Lusail y Espa\u00f1a ten\u00eda planificado enfrentar a Egipto.<\/p>\n<p>Estos encuentros son los \u00faltimos antes de iniciar el proceso oficial del Mundial 2026. Si bien la FIFA tiene una ventana m\u00e1s para jugar dos amistosos antes de la Copa del Mundo, esos encuentros preparatorios deben realizarse entre el 1 y el 9 de junio, apenas un pu\u00f1ado de horas antes del inicio formal del torneo m\u00e1s importante a nivel selecciones.<\/p>\n<p>El camino de Espa\u00f1a en el Mundial se iniciar\u00e1 en la ciudad norteamericana de Atlanta el lunes 15 de junio: enfrentar\u00e1 a Cabo Verde por el primer partido del Grupo H (a las 18hs de Espa\u00f1a). Luego chocar\u00e1 con Arabia Saudita en esa misma sede el 21 de junio (18hs de Espa\u00f1a) y cerrar\u00e1 la zona contra Uruguay en Guadalajara (M\u00e9xico) el viernes 26 de ese mismo mes (2:00 de la madrugada en Espa\u00f1a).<\/p>\n<p>Argentina, por su parte, ser\u00e1 parte del Grupo J: iniciar\u00e1 su actividad el martes 16 de junio contra Argelia a las 22hs de Argentina en el Kansas City Stadium y luego viajar\u00e1 al Dallas Stadium para sus siguientes dos duelos: contra Austria el lunes 22 de junio (desde las 14hs) y ante Jordania el s\u00e1bado 27 (a partir de las 23).<\/p>\n<p>El historial entre argentinos y espa\u00f1oles contabiliza en total 14 cruces con 6 victorias por lado y 2 empates. La \u00faltima vez que se vieron las caras fue en un encuentro preparatorio para Rusia 2018 con un contundente triunfo espa\u00f1ol por 6-1 en el Estadio Metropolitano, casa del Atl\u00e9tico Madrid.<\/p>\n<p>El comunicado de la UEFA:<br \/>\nTras largas conversaciones entre la UEFA y las autoridades organizadoras en Qatar, hoy se anuncia que, debido a la actual situaci\u00f3n pol\u00edtica en la regi\u00f3n, la final\u00edsima entre Espa\u00f1a, campeona de la UEFA EURO 2024, y Argentina, campeona de la CONMEBOL Copa Am\u00e9rica 2024, no podr\u00e1 disputarse como estaba previsto en Qatar el 27 de marzo.<\/p>\n<p>Para la UEFA y los organizadores supone una gran decepci\u00f3n que las circunstancias y el momento elegido hayan impedido a los equipos competir por este prestigioso premio en Qatar, un pa\u00eds que ha demostrado una y otra vez su capacidad para organizar eventos internacionales de primer nivel en instalaciones de vanguardia.<\/p>\n<p>La UEFA desea expresar su profundo agradecimiento al comit\u00e9 organizador y a las autoridades pertinentes de Qatar por el trabajo realizado para intentar acoger el partido y su certeza de que la paz volver\u00e1 pronto a la regi\u00f3n.<\/p>\n<p>La Final\u00edsima se cre\u00f3 como parte de la estrecha colaboraci\u00f3n entre la UEFA y la CONMEBOL y re\u00fane a los campeones de Europa y Sudam\u00e9rica en una celebraci\u00f3n del m\u00e1s alto nivel del f\u00fatbol internacional. Argentina, la vigente campeona del mundo, gan\u00f3 la edici\u00f3n inaugural en 2022 con una victoria por 3-0 sobre Italia en el estadio de Wembley en Londres.<\/p>\n<p>Con la firme determinaci\u00f3n de salvar el importante partido, y a pesar de las comprensibles dificultades de reubicar un encuentro de tal importancia con tan poca antelaci\u00f3n, la UEFA explor\u00f3 otras alternativas viables, pero todas resultaron inaceptables para la Asociaci\u00f3n del F\u00fatbol Argentino.<\/p>\n<p>La primera opci\u00f3n era disputar el partido en el estadio Santiago Bernab\u00e9u de Madrid en la fecha original, con una distribuci\u00f3n equitativa de aficionados en las gradas. Esto habr\u00eda proporcionado un escenario de primer nivel, digno de un evento tan prestigioso, pero Argentina se neg\u00f3.<\/p>\n<p>La segunda opci\u00f3n consist\u00eda en disputar la Final\u00edsima a doble partido: uno en el Santiago Bernab\u00e9u el 27 de marzo y el otro en Buenos Aires durante una ventana internacional previa a la UEFA EURO y la Copa Am\u00e9rica 2028, ofreciendo nuevamente una divisi\u00f3n equitativa de las ventas de entradas para el partido en Madrid (50:50). Esta opci\u00f3n tambi\u00e9n fue rechazada.<\/p>\n<p>En \u00faltima instancia, la UEFA solicit\u00f3 a Argentina el compromiso de que, si se encontraba una sede neutral en Europa, el partido podr\u00eda disputarse el 27 de marzo, tal como estaba previsto y anunciado el 18 de diciembre de 2025, o en la fecha alternativa del 30 de marzo. Esta propuesta tambi\u00e9n fue rechazada.<\/p>\n<p>Argentina propuso jugar el partido despu\u00e9s del Mundial, pero, dado que Espa\u00f1a no ten\u00eda fechas disponibles, esa opci\u00f3n tuvo que descartarse. Finalmente, y en contra del plan original acordado de que el partido se disputara el 27 de marzo, Argentina manifest\u00f3 su disponibilidad para jugar exclusivamente el 31 de marzo, fecha que result\u00f3 inviable.<\/p>\n<p>En consecuencia, y para pesar de la UEFA, esta edici\u00f3n de la Final\u00edsima ha sido cancelada.<\/p>\n<p>La UEFA desea expresar su sincero agradecimiento al Real Madrid CF, al comit\u00e9 organizador y a las autoridades de Qatar por su apoyo y cooperaci\u00f3n en la organizaci\u00f3n de este partido. En el caso del Real Madrid, sus esfuerzos se realizaron con muy poca antelaci\u00f3n. Asimismo, agradece a la Real Federaci\u00f3n Espa\u00f1ola de F\u00fatbol su flexibilidad para adaptarse a todas las opciones propuestas durante el proceso.<\/p>\n","protected":false},"excerpt":{"rendered":"<p>La entidad confirm\u00f3 que no se lleg\u00f3 a un acuerdo con la AFA para la disputa del partido entre ambas selecciones Es oficial. UEFA confirm\u00f3 que la Finalissima que iban a disputar Argentina y Espa\u00f1a se cancel\u00f3. Durante los \u00faltimos d\u00edas del 2025, la Final\u00edssima hab\u00eda sido confirmada en el Lusail Stadium de Doha (Qatar) [&hellip;]<\/p>\n","protected":false},"author":4,"featured_media":210237,"comment_status":"open","ping_status":"open","sticky":false,"template":"","format":"standard","meta":{"_joinchat":[],"footnotes":""},"categories":[28],"tags":[],"class_list":{"0":"post-210236","1":"post","2":"type-post","3":"status-publish","4":"format-standard","5":"has-post-thumbnail","7":"category-deportes"},"yoast_head":"<!-- This site is optimized with the Yoast SEO plugin v27.2 - https:\/\/yoast.com\/product\/yoast-seo-wordpress\/ -->\n<title>Oficial: la UEFA cancel\u00f3 la Finalissima entre Argentina y Espa\u00f1a - Radio Infinita Goya<\/title>\n<meta name=\"description\" content=\"La entidad confirm\u00f3 que no se lleg\u00f3 a un acuerdo con la AFA para la disputa del partido entre ambas selecciones Es oficial. UEFA confirm\u00f3 que la\" \/>\n<meta name=\"robots\" content=\"index, follow, max-snippet:-1, max-image-preview:large, max-video-preview:-1\" \/>\n<link rel=\"canonical\" href=\"https:\/\/radioinfinitagoya.com.ar\/v1\/2026\/03\/15\/oficial-la-uefa-cancelo-la-finalissima-entre-argentina-y-espana\/\" \/>\n<meta property=\"og:locale\" content=\"es_ES\" \/>\n<meta property=\"og:type\" content=\"article\" \/>\n<meta property=\"og:title\" content=\"Oficial: la UEFA cancel\u00f3 la Finalissima entre Argentina y Espa\u00f1a - Radio Infinita Goya\" \/>\n<meta property=\"og:description\" content=\"La entidad confirm\u00f3 que no se lleg\u00f3 a un acuerdo con la AFA para la disputa del partido entre ambas selecciones Es oficial. UEFA confirm\u00f3 que la\" \/>\n<meta property=\"og:url\" content=\"https:\/\/radioinfinitagoya.com.ar\/v1\/2026\/03\/15\/oficial-la-uefa-cancelo-la-finalissima-entre-argentina-y-espana\/\" \/>\n<meta property=\"og:site_name\" content=\"Radio Infinita Goya\" \/>\n<meta property=\"article:publisher\" content=\"https:\/\/www.facebook.com\/p\/Infinita-Goya-100063870918311\/\" \/>\n<meta property=\"article:published_time\" content=\"2026-03-15T13:25:04+00:00\" \/>\n<meta property=\"og:image\" content=\"https:\/\/radioinfinitagoya.com.ar\/v1\/wp-content\/uploads\/2026\/03\/Leq4-xi-1.jpg\" \/>\n\t<meta property=\"og:image:width\" content=\"680\" \/>\n\t<meta property=\"og:image:height\" content=\"340\" \/>\n\t<meta property=\"og:image:type\" content=\"image\/jpeg\" \/>\n<meta name=\"author\" content=\"Jorge Mi\u00f1o\" \/>\n<meta name=\"twitter:card\" content=\"summary_large_image\" \/>\n<meta name=\"twitter:label1\" content=\"Escrito por\" \/>\n\t<meta name=\"twitter:data1\" content=\"Jorge Mi\u00f1o\" \/>\n\t<meta name=\"twitter:label2\" content=\"Tiempo de lectura\" \/>\n\t<meta name=\"twitter:data2\" content=\"6 minutos\" \/>\n<script type=\"application\/ld+json\" class=\"yoast-schema-graph\">{\"@context\":\"https:\/\/schema.org\",\"@graph\":[{\"@type\":\"Article\",\"@id\":\"https:\/\/radioinfinitagoya.com.ar\/v1\/2026\/03\/15\/oficial-la-uefa-cancelo-la-finalissima-entre-argentina-y-espana\/#article\",\"isPartOf\":{\"@id\":\"https:\/\/radioinfinitagoya.com.ar\/v1\/2026\/03\/15\/oficial-la-uefa-cancelo-la-finalissima-entre-argentina-y-espana\/\"},\"author\":{\"name\":\"Jorge Mi\u00f1o\",\"@id\":\"https:\/\/radioinfinitagoya.com.ar\/v1\/#\/schema\/person\/d4cf9c413d4f6edb24aabdccab49ca4a\"},\"headline\":\"Oficial: la UEFA cancel\u00f3 la Finalissima entre Argentina y Espa\u00f1a\",\"datePublished\":\"2026-03-15T13:25:04+00:00\",\"mainEntityOfPage\":{\"@id\":\"https:\/\/radioinfinitagoya.com.ar\/v1\/2026\/03\/15\/oficial-la-uefa-cancelo-la-finalissima-entre-argentina-y-espana\/\"},\"wordCount\":1145,\"commentCount\":0,\"publisher\":{\"@id\":\"https:\/\/radioinfinitagoya.com.ar\/v1\/#organization\"},\"image\":{\"@id\":\"https:\/\/radioinfinitagoya.com.ar\/v1\/2026\/03\/15\/oficial-la-uefa-cancelo-la-finalissima-entre-argentina-y-espana\/#primaryimage\"},\"thumbnailUrl\":\"https:\/\/radioinfinitagoya.com.ar\/v1\/wp-content\/uploads\/2026\/03\/Leq4-xi-1.jpg\",\"articleSection\":[\"DEPORTES\"],\"inLanguage\":\"es-AR\",\"potentialAction\":[{\"@type\":\"CommentAction\",\"name\":\"Comment\",\"target\":[\"https:\/\/radioinfinitagoya.com.ar\/v1\/2026\/03\/15\/oficial-la-uefa-cancelo-la-finalissima-entre-argentina-y-espana\/#respond\"]}]},{\"@type\":\"WebPage\",\"@id\":\"https:\/\/radioinfinitagoya.com.ar\/v1\/2026\/03\/15\/oficial-la-uefa-cancelo-la-finalissima-entre-argentina-y-espana\/\",\"url\":\"https:\/\/radioinfinitagoya.com.ar\/v1\/2026\/03\/15\/oficial-la-uefa-cancelo-la-finalissima-entre-argentina-y-espana\/\",\"name\":\"Oficial: la UEFA cancel\u00f3 la Finalissima entre Argentina y Espa\u00f1a - Radio Infinita Goya\",\"isPartOf\":{\"@id\":\"https:\/\/radioinfinitagoya.com.ar\/v1\/#website\"},\"primaryImageOfPage\":{\"@id\":\"https:\/\/radioinfinitagoya.com.ar\/v1\/2026\/03\/15\/oficial-la-uefa-cancelo-la-finalissima-entre-argentina-y-espana\/#primaryimage\"},\"image\":{\"@id\":\"https:\/\/radioinfinitagoya.com.ar\/v1\/2026\/03\/15\/oficial-la-uefa-cancelo-la-finalissima-entre-argentina-y-espana\/#primaryimage\"},\"thumbnailUrl\":\"https:\/\/radioinfinitagoya.com.ar\/v1\/wp-content\/uploads\/2026\/03\/Leq4-xi-1.jpg\",\"datePublished\":\"2026-03-15T13:25:04+00:00\",\"description\":\"La entidad confirm\u00f3 que no se lleg\u00f3 a un acuerdo con la AFA para la disputa del partido entre ambas selecciones Es oficial. UEFA confirm\u00f3 que la\",\"breadcrumb\":{\"@id\":\"https:\/\/radioinfinitagoya.com.ar\/v1\/2026\/03\/15\/oficial-la-uefa-cancelo-la-finalissima-entre-argentina-y-espana\/#breadcrumb\"},\"inLanguage\":\"es-AR\",\"potentialAction\":[{\"@type\":\"ReadAction\",\"target\":[\"https:\/\/radioinfinitagoya.com.ar\/v1\/2026\/03\/15\/oficial-la-uefa-cancelo-la-finalissima-entre-argentina-y-espana\/\"]}]},{\"@type\":\"ImageObject\",\"inLanguage\":\"es-AR\",\"@id\":\"https:\/\/radioinfinitagoya.com.ar\/v1\/2026\/03\/15\/oficial-la-uefa-cancelo-la-finalissima-entre-argentina-y-espana\/#primaryimage\",\"url\":\"https:\/\/radioinfinitagoya.com.ar\/v1\/wp-content\/uploads\/2026\/03\/Leq4-xi-1.jpg\",\"contentUrl\":\"https:\/\/radioinfinitagoya.com.ar\/v1\/wp-content\/uploads\/2026\/03\/Leq4-xi-1.jpg\",\"width\":680,\"height\":340},{\"@type\":\"BreadcrumbList\",\"@id\":\"https:\/\/radioinfinitagoya.com.ar\/v1\/2026\/03\/15\/oficial-la-uefa-cancelo-la-finalissima-entre-argentina-y-espana\/#breadcrumb\",\"itemListElement\":[{\"@type\":\"ListItem\",\"position\":1,\"name\":\"Inicio\",\"item\":\"https:\/\/radioinfinitagoya.com.ar\/v1\/\"},{\"@type\":\"ListItem\",\"position\":2,\"name\":\"Oficial: la UEFA cancel\u00f3 la Finalissima entre Argentina y Espa\u00f1a\"}]},{\"@type\":\"WebSite\",\"@id\":\"https:\/\/radioinfinitagoya.com.ar\/v1\/#website\",\"url\":\"https:\/\/radioinfinitagoya.com.ar\/v1\/\",\"name\":\"radioinfinitagoya.com.ar\",\"description\":\"Radio de noticias\",\"publisher\":{\"@id\":\"https:\/\/radioinfinitagoya.com.ar\/v1\/#organization\"},\"potentialAction\":[{\"@type\":\"SearchAction\",\"target\":{\"@type\":\"EntryPoint\",\"urlTemplate\":\"https:\/\/radioinfinitagoya.com.ar\/v1\/?s={search_term_string}\"},\"query-input\":{\"@type\":\"PropertyValueSpecification\",\"valueRequired\":true,\"valueName\":\"search_term_string\"}}],\"inLanguage\":\"es-AR\"},{\"@type\":\"Organization\",\"@id\":\"https:\/\/radioinfinitagoya.com.ar\/v1\/#organization\",\"name\":\"Radio Infinita Goya\",\"url\":\"https:\/\/radioinfinitagoya.com.ar\/v1\/\",\"logo\":{\"@type\":\"ImageObject\",\"inLanguage\":\"es-AR\",\"@id\":\"https:\/\/radioinfinitagoya.com.ar\/v1\/#\/schema\/logo\/image\/\",\"url\":\"https:\/\/radioinfinitagoya.com.ar\/v1\/wp-content\/uploads\/2019\/11\/logo-pie-web.png\",\"contentUrl\":\"https:\/\/radioinfinitagoya.com.ar\/v1\/wp-content\/uploads\/2019\/11\/logo-pie-web.png\",\"width\":635,\"height\":326,\"caption\":\"Radio Infinita Goya\"},\"image\":{\"@id\":\"https:\/\/radioinfinitagoya.com.ar\/v1\/#\/schema\/logo\/image\/\"},\"sameAs\":[\"https:\/\/www.facebook.com\/p\/Infinita-Goya-100063870918311\/\"]},{\"@type\":\"Person\",\"@id\":\"https:\/\/radioinfinitagoya.com.ar\/v1\/#\/schema\/person\/d4cf9c413d4f6edb24aabdccab49ca4a\",\"name\":\"Jorge Mi\u00f1o\",\"image\":{\"@type\":\"ImageObject\",\"inLanguage\":\"es-AR\",\"@id\":\"https:\/\/secure.gravatar.com\/avatar\/910fcf6728fe95320e07a6643c1581fec1c7fc4bf8ae12e3d8f0d0373dc844be?s=96&d=mm&r=g\",\"url\":\"https:\/\/secure.gravatar.com\/avatar\/910fcf6728fe95320e07a6643c1581fec1c7fc4bf8ae12e3d8f0d0373dc844be?s=96&d=mm&r=g\",\"contentUrl\":\"https:\/\/secure.gravatar.com\/avatar\/910fcf6728fe95320e07a6643c1581fec1c7fc4bf8ae12e3d8f0d0373dc844be?s=96&d=mm&r=g\",\"caption\":\"Jorge Mi\u00f1o\"},\"sameAs\":[\"http:\/\/radioinfinitagoya.com.ar\"]}]}<\/script>\n<!-- \/ Yoast SEO plugin. -->","yoast_head_json":{"title":"Oficial: la UEFA cancel\u00f3 la Finalissima entre Argentina y Espa\u00f1a - Radio Infinita Goya","description":"La entidad confirm\u00f3 que no se lleg\u00f3 a un acuerdo con la AFA para la disputa del partido entre ambas selecciones Es oficial. UEFA confirm\u00f3 que la","robots":{"index":"index","follow":"follow","max-snippet":"max-snippet:-1","max-image-preview":"max-image-preview:large","max-video-preview":"max-video-preview:-1"},"canonical":"https:\/\/radioinfinitagoya.com.ar\/v1\/2026\/03\/15\/oficial-la-uefa-cancelo-la-finalissima-entre-argentina-y-espana\/","og_locale":"es_ES","og_type":"article","og_title":"Oficial: la UEFA cancel\u00f3 la Finalissima entre Argentina y Espa\u00f1a - Radio Infinita Goya","og_description":"La entidad confirm\u00f3 que no se lleg\u00f3 a un acuerdo con la AFA para la disputa del partido entre ambas selecciones Es oficial. UEFA confirm\u00f3 que la","og_url":"https:\/\/radioinfinitagoya.com.ar\/v1\/2026\/03\/15\/oficial-la-uefa-cancelo-la-finalissima-entre-argentina-y-espana\/","og_site_name":"Radio Infinita Goya","article_publisher":"https:\/\/www.facebook.com\/p\/Infinita-Goya-100063870918311\/","article_published_time":"2026-03-15T13:25:04+00:00","og_image":[{"width":680,"height":340,"url":"https:\/\/radioinfinitagoya.com.ar\/v1\/wp-content\/uploads\/2026\/03\/Leq4-xi-1.jpg","type":"image\/jpeg"}],"author":"Jorge Mi\u00f1o","twitter_card":"summary_large_image","twitter_misc":{"Escrito por":"Jorge Mi\u00f1o","Tiempo de lectura":"6 minutos"},"schema":{"@context":"https:\/\/schema.org","@graph":[{"@type":"Article","@id":"https:\/\/radioinfinitagoya.com.ar\/v1\/2026\/03\/15\/oficial-la-uefa-cancelo-la-finalissima-entre-argentina-y-espana\/#article","isPartOf":{"@id":"https:\/\/radioinfinitagoya.com.ar\/v1\/2026\/03\/15\/oficial-la-uefa-cancelo-la-finalissima-entre-argentina-y-espana\/"},"author":{"name":"Jorge Mi\u00f1o","@id":"https:\/\/radioinfinitagoya.com.ar\/v1\/#\/schema\/person\/d4cf9c413d4f6edb24aabdccab49ca4a"},"headline":"Oficial: la UEFA cancel\u00f3 la Finalissima entre Argentina y Espa\u00f1a","datePublished":"2026-03-15T13:25:04+00:00","mainEntityOfPage":{"@id":"https:\/\/radioinfinitagoya.com.ar\/v1\/2026\/03\/15\/oficial-la-uefa-cancelo-la-finalissima-entre-argentina-y-espana\/"},"wordCount":1145,"commentCount":0,"publisher":{"@id":"https:\/\/radioinfinitagoya.com.ar\/v1\/#organization"},"image":{"@id":"https:\/\/radioinfinitagoya.com.ar\/v1\/2026\/03\/15\/oficial-la-uefa-cancelo-la-finalissima-entre-argentina-y-espana\/#primaryimage"},"thumbnailUrl":"https:\/\/radioinfinitagoya.com.ar\/v1\/wp-content\/uploads\/2026\/03\/Leq4-xi-1.jpg","articleSection":["DEPORTES"],"inLanguage":"es-AR","potentialAction":[{"@type":"CommentAction","name":"Comment","target":["https:\/\/radioinfinitagoya.com.ar\/v1\/2026\/03\/15\/oficial-la-uefa-cancelo-la-finalissima-entre-argentina-y-espana\/#respond"]}]},{"@type":"WebPage","@id":"https:\/\/radioinfinitagoya.com.ar\/v1\/2026\/03\/15\/oficial-la-uefa-cancelo-la-finalissima-entre-argentina-y-espana\/","url":"https:\/\/radioinfinitagoya.com.ar\/v1\/2026\/03\/15\/oficial-la-uefa-cancelo-la-finalissima-entre-argentina-y-espana\/","name":"Oficial: la UEFA cancel\u00f3 la Finalissima entre Argentina y Espa\u00f1a - Radio Infinita Goya","isPartOf":{"@id":"https:\/\/radioinfinitagoya.com.ar\/v1\/#website"},"primaryImageOfPage":{"@id":"https:\/\/radioinfinitagoya.com.ar\/v1\/2026\/03\/15\/oficial-la-uefa-cancelo-la-finalissima-entre-argentina-y-espana\/#primaryimage"},"image":{"@id":"https:\/\/radioinfinitagoya.com.ar\/v1\/2026\/03\/15\/oficial-la-uefa-cancelo-la-finalissima-entre-argentina-y-espana\/#primaryimage"},"thumbnailUrl":"https:\/\/radioinfinitagoya.com.ar\/v1\/wp-content\/uploads\/2026\/03\/Leq4-xi-1.jpg","datePublished":"2026-03-15T13:25:04+00:00","description":"La entidad confirm\u00f3 que no se lleg\u00f3 a un acuerdo con la AFA para la disputa del partido entre ambas selecciones Es oficial. UEFA confirm\u00f3 que la","breadcrumb":{"@id":"https:\/\/radioinfinitagoya.com.ar\/v1\/2026\/03\/15\/oficial-la-uefa-cancelo-la-finalissima-entre-argentina-y-espana\/#breadcrumb"},"inLanguage":"es-AR","potentialAction":[{"@type":"ReadAction","target":["https:\/\/radioinfinitagoya.com.ar\/v1\/2026\/03\/15\/oficial-la-uefa-cancelo-la-finalissima-entre-argentina-y-espana\/"]}]},{"@type":"ImageObject","inLanguage":"es-AR","@id":"https:\/\/radioinfinitagoya.com.ar\/v1\/2026\/03\/15\/oficial-la-uefa-cancelo-la-finalissima-entre-argentina-y-espana\/#primaryimage","url":"https:\/\/radioinfinitagoya.com.ar\/v1\/wp-content\/uploads\/2026\/03\/Leq4-xi-1.jpg","contentUrl":"https:\/\/radioinfinitagoya.com.ar\/v1\/wp-content\/uploads\/2026\/03\/Leq4-xi-1.jpg","width":680,"height":340},{"@type":"BreadcrumbList","@id":"https:\/\/radioinfinitagoya.com.ar\/v1\/2026\/03\/15\/oficial-la-uefa-cancelo-la-finalissima-entre-argentina-y-espana\/#breadcrumb","itemListElement":[{"@type":"ListItem","position":1,"name":"Inicio","item":"https:\/\/radioinfinitagoya.com.ar\/v1\/"},{"@type":"ListItem","position":2,"name":"Oficial: la UEFA cancel\u00f3 la Finalissima entre Argentina y Espa\u00f1a"}]},{"@type":"WebSite","@id":"https:\/\/radioinfinitagoya.com.ar\/v1\/#website","url":"https:\/\/radioinfinitagoya.com.ar\/v1\/","name":"radioinfinitagoya.com.ar","description":"Radio de noticias","publisher":{"@id":"https:\/\/radioinfinitagoya.com.ar\/v1\/#organization"},"potentialAction":[{"@type":"SearchAction","target":{"@type":"EntryPoint","urlTemplate":"https:\/\/radioinfinitagoya.com.ar\/v1\/?s={search_term_string}"},"query-input":{"@type":"PropertyValueSpecification","valueRequired":true,"valueName":"search_term_string"}}],"inLanguage":"es-AR"},{"@type":"Organization","@id":"https:\/\/radioinfinitagoya.com.ar\/v1\/#organization","name":"Radio Infinita Goya","url":"https:\/\/radioinfinitagoya.com.ar\/v1\/","logo":{"@type":"ImageObject","inLanguage":"es-AR","@id":"https:\/\/radioinfinitagoya.com.ar\/v1\/#\/schema\/logo\/image\/","url":"https:\/\/radioinfinitagoya.com.ar\/v1\/wp-content\/uploads\/2019\/11\/logo-pie-web.png","contentUrl":"https:\/\/radioinfinitagoya.com.ar\/v1\/wp-content\/uploads\/2019\/11\/logo-pie-web.png","width":635,"height":326,"caption":"Radio Infinita Goya"},"image":{"@id":"https:\/\/radioinfinitagoya.com.ar\/v1\/#\/schema\/logo\/image\/"},"sameAs":["https:\/\/www.facebook.com\/p\/Infinita-Goya-100063870918311\/"]},{"@type":"Person","@id":"https:\/\/radioinfinitagoya.com.ar\/v1\/#\/schema\/person\/d4cf9c413d4f6edb24aabdccab49ca4a","name":"Jorge Mi\u00f1o","image":{"@type":"ImageObject","inLanguage":"es-AR","@id":"https:\/\/secure.gravatar.com\/avatar\/910fcf6728fe95320e07a6643c1581fec1c7fc4bf8ae12e3d8f0d0373dc844be?s=96&d=mm&r=g","url":"https:\/\/secure.gravatar.com\/avatar\/910fcf6728fe95320e07a6643c1581fec1c7fc4bf8ae12e3d8f0d0373dc844be?s=96&d=mm&r=g","contentUrl":"https:\/\/secure.gravatar.com\/avatar\/910fcf6728fe95320e07a6643c1581fec1c7fc4bf8ae12e3d8f0d0373dc844be?s=96&d=mm&r=g","caption":"Jorge Mi\u00f1o"},"sameAs":["http:\/\/radioinfinitagoya.com.ar"]}]}},"_links":{"self":[{"href":"https:\/\/radioinfinitagoya.com.ar\/v1\/wp-json\/wp\/v2\/posts\/210236","targetHints":{"allow":["GET"]}}],"collection":[{"href":"https:\/\/radioinfinitagoya.com.ar\/v1\/wp-json\/wp\/v2\/posts"}],"about":[{"href":"https:\/\/radioinfinitagoya.com.ar\/v1\/wp-json\/wp\/v2\/types\/post"}],"author":[{"embeddable":true,"href":"https:\/\/radioinfinitagoya.com.ar\/v1\/wp-json\/wp\/v2\/users\/4"}],"replies":[{"embeddable":true,"href":"https:\/\/radioinfinitagoya.com.ar\/v1\/wp-json\/wp\/v2\/comments?post=210236"}],"version-history":[{"count":0,"href":"https:\/\/radioinfinitagoya.com.ar\/v1\/wp-json\/wp\/v2\/posts\/210236\/revisions"}],"wp:featuredmedia":[{"embeddable":true,"href":"https:\/\/radioinfinitagoya.com.ar\/v1\/wp-json\/wp\/v2\/media\/210237"}],"wp:attachment":[{"href":"https:\/\/radioinfinitagoya.com.ar\/v1\/wp-json\/wp\/v2\/media?parent=210236"}],"wp:term":[{"taxonomy":"category","embeddable":true,"href":"https:\/\/radioinfinitagoya.com.ar\/v1\/wp-json\/wp\/v2\/categories?post=210236"},{"taxonomy":"post_tag","embeddable":true,"href":"https:\/\/radioinfinitagoya.com.ar\/v1\/wp-json\/wp\/v2\/tags?post=210236"}],"curies":[{"name":"wp","href":"https:\/\/api.w.org\/{rel}","templated":true}]}}