{"id":210240,"date":"2026-03-15T17:31:08","date_gmt":"2026-03-15T20:31:08","guid":{"rendered":"https:\/\/radioinfinitagoya.com.ar\/v1\/?p=210240"},"modified":"2026-03-15T17:31:08","modified_gmt":"2026-03-15T20:31:08","slug":"el-intendente-impulsa-el-crecimiento-tecnologico-de-goya","status":"publish","type":"post","link":"https:\/\/radioinfinitagoya.com.ar\/v1\/2026\/03\/15\/el-intendente-impulsa-el-crecimiento-tecnologico-de-goya\/","title":{"rendered":"EL Intendente impulsa el crecimiento tecnol\u00f3gico de Goya"},"content":{"rendered":"<p>A trav\u00e9s de la articulaci\u00f3n p\u00fablica-privada<\/p>\n<p>El intendente Mariano Hormaechea contin\u00faa fortaleciendo los pilares de su gesti\u00f3n \u2014Modernizaci\u00f3n, Inclusi\u00f3n y Desarrollo\u2014 mediante proyectos que vinculan el Parque Tecnol\u00f3gico con el sistema educativo y el sector empresarial.<\/p>\n<p>En una jornada de trabajo clave para el futuro productivo de la ciudad, el secretario de Modernizaci\u00f3n, Innovaci\u00f3n y Desarrollo Tecnol\u00f3gico, Cr. Andr\u00e9s Zajarevich, recibi\u00f3 este viernes en la Usina del Conocimiento al presidente del Cl\u00faster Tecnol\u00f3gico Goya, Mariano Pizzio. El encuentro, que cont\u00f3 con la participaci\u00f3n del equipo t\u00e9cnico del \u00e1rea, tuvo como eje central coordinar acciones conjuntas para potenciar el ecosistema digital local.<\/p>\n<p>Esta l\u00ednea de acci\u00f3n responde directamente a la visi\u00f3n estrat\u00e9gica del intendente Dr. Mariano Hormaechea, quien promueve la modernizaci\u00f3n como una herramienta transversal para generar desarrollo genuino. En este sentido, la reuni\u00f3n abord\u00f3 dos objetivos prioritarios: el avance del proyecto de loteo del Parque Tecnol\u00f3gico y la integraci\u00f3n del sector educativo con las demandas actuales de la econom\u00eda del conocimiento.<\/p>\n<p>Un espacio para la inversi\u00f3n y el empleo.<\/p>\n<p>La planificaci\u00f3n del loteo del Parque Tecnol\u00f3gico representa un paso fundamental para brindar la infraestructura necesaria a las empresas que deseen radicarse en Goya.<\/p>\n<p>Esta iniciativa no solo busca posicionar a la ciudad como un polo de referencia regional, sino tambi\u00e9n generar empleo de calidad para los goyanos.<\/p>\n<p>Desde la Secretar\u00eda de Modernizaci\u00f3n destacaron que la articulaci\u00f3n p\u00fablica &#8211; privada es la metodolog\u00eda esencial para dotar de sostenibilidad a estos proyectos. El trabajo en equipo con el Cl\u00faster nos permite alinear las pol\u00edticas p\u00fablicas con las necesidades reales del sector privado, creando un ambiente propicio para la inversi\u00f3n y la innovaci\u00f3n\u201d se\u00f1alaron.<\/p>\n<p>Vinculaci\u00f3n con el talento local.<\/p>\n<p>Otro de los puntos destacados fue la potenciaci\u00f3n del v\u00ednculo con el sector educativo en todos sus niveles. La meta de la gesti\u00f3n municipal es crear puentes directos entre los j\u00f3venes estudiantes y las empresas tecnol\u00f3gicas, asegurando que la formaci\u00f3n acad\u00e9mica responda de manera efectiva a los desaf\u00edos laborales del futuro.<\/p>\n<p>Con estas acciones, la gesti\u00f3n del intendente Mariano Hormaechea reafirma su compromiso de seguir construyendo una Goya moderna e inclusiva, transformando el desarrollo tecnol\u00f3gico en una oportunidad real de crecimiento y progreso para cada vecino.<\/p>\n<p>Direcci\u00f3n de Prensa &#8211; Municipalidad de Goya<\/p>\n<p>&nbsp;<\/p>\n<p>&nbsp;<\/p>\n","protected":false},"excerpt":{"rendered":"<p>A trav\u00e9s de la articulaci\u00f3n p\u00fablica-privada El intendente Mariano Hormaechea contin\u00faa fortaleciendo los pilares de su gesti\u00f3n \u2014Modernizaci\u00f3n, Inclusi\u00f3n y Desarrollo\u2014 mediante proyectos que vinculan el Parque Tecnol\u00f3gico con el sistema educativo y el sector empresarial. En una jornada de trabajo clave para el futuro productivo de la ciudad, el secretario de Modernizaci\u00f3n, Innovaci\u00f3n y [&hellip;]<\/p>\n","protected":false},"author":4,"featured_media":210241,"comment_status":"open","ping_status":"open","sticky":false,"template":"","format":"standard","meta":{"_joinchat":[],"footnotes":""},"categories":[27],"tags":[],"class_list":{"0":"post-210240","1":"post","2":"type-post","3":"status-publish","4":"format-standard","5":"has-post-thumbnail","7":"category-locales"},"yoast_head":"<!-- This site is optimized with the Yoast SEO plugin v27.2 - https:\/\/yoast.com\/product\/yoast-seo-wordpress\/ -->\n<title>EL Intendente impulsa el crecimiento tecnol\u00f3gico de Goya - Radio Infinita Goya<\/title>\n<meta name=\"description\" content=\"A trav\u00e9s de la articulaci\u00f3n p\u00fablica-privada El intendente Mariano Hormaechea contin\u00faa fortaleciendo los pilares de su gesti\u00f3n \u2014Modernizaci\u00f3n, Inclusi\u00f3n y\" \/>\n<meta name=\"robots\" content=\"index, follow, max-snippet:-1, max-image-preview:large, max-video-preview:-1\" \/>\n<link rel=\"canonical\" href=\"https:\/\/radioinfinitagoya.com.ar\/v1\/2026\/03\/15\/el-intendente-impulsa-el-crecimiento-tecnologico-de-goya\/\" \/>\n<meta property=\"og:locale\" content=\"es_ES\" \/>\n<meta property=\"og:type\" content=\"article\" \/>\n<meta property=\"og:title\" content=\"EL Intendente impulsa el crecimiento tecnol\u00f3gico de Goya - Radio Infinita Goya\" \/>\n<meta property=\"og:description\" content=\"A trav\u00e9s de la articulaci\u00f3n p\u00fablica-privada El intendente Mariano Hormaechea contin\u00faa fortaleciendo los pilares de su gesti\u00f3n \u2014Modernizaci\u00f3n, Inclusi\u00f3n y\" \/>\n<meta property=\"og:url\" content=\"https:\/\/radioinfinitagoya.com.ar\/v1\/2026\/03\/15\/el-intendente-impulsa-el-crecimiento-tecnologico-de-goya\/\" \/>\n<meta property=\"og:site_name\" content=\"Radio Infinita Goya\" \/>\n<meta property=\"article:publisher\" content=\"https:\/\/www.facebook.com\/p\/Infinita-Goya-100063870918311\/\" \/>\n<meta property=\"article:published_time\" content=\"2026-03-15T20:31:08+00:00\" \/>\n<meta property=\"og:image\" content=\"https:\/\/radioinfinitagoya.com.ar\/v1\/wp-content\/uploads\/2026\/03\/11_7.jpg\" \/>\n\t<meta property=\"og:image:width\" content=\"848\" \/>\n\t<meta property=\"og:image:height\" content=\"477\" \/>\n\t<meta property=\"og:image:type\" content=\"image\/jpeg\" \/>\n<meta name=\"author\" content=\"Jorge Mi\u00f1o\" \/>\n<meta name=\"twitter:card\" content=\"summary_large_image\" \/>\n<meta name=\"twitter:label1\" content=\"Escrito por\" \/>\n\t<meta name=\"twitter:data1\" content=\"Jorge Mi\u00f1o\" \/>\n\t<meta name=\"twitter:label2\" content=\"Tiempo de lectura\" \/>\n\t<meta name=\"twitter:data2\" content=\"2 minutos\" \/>\n<script type=\"application\/ld+json\" class=\"yoast-schema-graph\">{\"@context\":\"https:\/\/schema.org\",\"@graph\":[{\"@type\":\"Article\",\"@id\":\"https:\/\/radioinfinitagoya.com.ar\/v1\/2026\/03\/15\/el-intendente-impulsa-el-crecimiento-tecnologico-de-goya\/#article\",\"isPartOf\":{\"@id\":\"https:\/\/radioinfinitagoya.com.ar\/v1\/2026\/03\/15\/el-intendente-impulsa-el-crecimiento-tecnologico-de-goya\/\"},\"author\":{\"name\":\"Jorge Mi\u00f1o\",\"@id\":\"https:\/\/radioinfinitagoya.com.ar\/v1\/#\/schema\/person\/d4cf9c413d4f6edb24aabdccab49ca4a\"},\"headline\":\"EL Intendente impulsa el crecimiento tecnol\u00f3gico de Goya\",\"datePublished\":\"2026-03-15T20:31:08+00:00\",\"mainEntityOfPage\":{\"@id\":\"https:\/\/radioinfinitagoya.com.ar\/v1\/2026\/03\/15\/el-intendente-impulsa-el-crecimiento-tecnologico-de-goya\/\"},\"wordCount\":432,\"commentCount\":0,\"publisher\":{\"@id\":\"https:\/\/radioinfinitagoya.com.ar\/v1\/#organization\"},\"image\":{\"@id\":\"https:\/\/radioinfinitagoya.com.ar\/v1\/2026\/03\/15\/el-intendente-impulsa-el-crecimiento-tecnologico-de-goya\/#primaryimage\"},\"thumbnailUrl\":\"https:\/\/radioinfinitagoya.com.ar\/v1\/wp-content\/uploads\/2026\/03\/11_7.jpg\",\"articleSection\":[\"LOCALES\"],\"inLanguage\":\"es-AR\",\"potentialAction\":[{\"@type\":\"CommentAction\",\"name\":\"Comment\",\"target\":[\"https:\/\/radioinfinitagoya.com.ar\/v1\/2026\/03\/15\/el-intendente-impulsa-el-crecimiento-tecnologico-de-goya\/#respond\"]}]},{\"@type\":\"WebPage\",\"@id\":\"https:\/\/radioinfinitagoya.com.ar\/v1\/2026\/03\/15\/el-intendente-impulsa-el-crecimiento-tecnologico-de-goya\/\",\"url\":\"https:\/\/radioinfinitagoya.com.ar\/v1\/2026\/03\/15\/el-intendente-impulsa-el-crecimiento-tecnologico-de-goya\/\",\"name\":\"EL Intendente impulsa el crecimiento tecnol\u00f3gico de Goya - Radio Infinita Goya\",\"isPartOf\":{\"@id\":\"https:\/\/radioinfinitagoya.com.ar\/v1\/#website\"},\"primaryImageOfPage\":{\"@id\":\"https:\/\/radioinfinitagoya.com.ar\/v1\/2026\/03\/15\/el-intendente-impulsa-el-crecimiento-tecnologico-de-goya\/#primaryimage\"},\"image\":{\"@id\":\"https:\/\/radioinfinitagoya.com.ar\/v1\/2026\/03\/15\/el-intendente-impulsa-el-crecimiento-tecnologico-de-goya\/#primaryimage\"},\"thumbnailUrl\":\"https:\/\/radioinfinitagoya.com.ar\/v1\/wp-content\/uploads\/2026\/03\/11_7.jpg\",\"datePublished\":\"2026-03-15T20:31:08+00:00\",\"description\":\"A trav\u00e9s de la articulaci\u00f3n p\u00fablica-privada El intendente Mariano Hormaechea contin\u00faa fortaleciendo los pilares de su gesti\u00f3n \u2014Modernizaci\u00f3n, Inclusi\u00f3n y\",\"breadcrumb\":{\"@id\":\"https:\/\/radioinfinitagoya.com.ar\/v1\/2026\/03\/15\/el-intendente-impulsa-el-crecimiento-tecnologico-de-goya\/#breadcrumb\"},\"inLanguage\":\"es-AR\",\"potentialAction\":[{\"@type\":\"ReadAction\",\"target\":[\"https:\/\/radioinfinitagoya.com.ar\/v1\/2026\/03\/15\/el-intendente-impulsa-el-crecimiento-tecnologico-de-goya\/\"]}]},{\"@type\":\"ImageObject\",\"inLanguage\":\"es-AR\",\"@id\":\"https:\/\/radioinfinitagoya.com.ar\/v1\/2026\/03\/15\/el-intendente-impulsa-el-crecimiento-tecnologico-de-goya\/#primaryimage\",\"url\":\"https:\/\/radioinfinitagoya.com.ar\/v1\/wp-content\/uploads\/2026\/03\/11_7.jpg\",\"contentUrl\":\"https:\/\/radioinfinitagoya.com.ar\/v1\/wp-content\/uploads\/2026\/03\/11_7.jpg\",\"width\":848,\"height\":477},{\"@type\":\"BreadcrumbList\",\"@id\":\"https:\/\/radioinfinitagoya.com.ar\/v1\/2026\/03\/15\/el-intendente-impulsa-el-crecimiento-tecnologico-de-goya\/#breadcrumb\",\"itemListElement\":[{\"@type\":\"ListItem\",\"position\":1,\"name\":\"Inicio\",\"item\":\"https:\/\/radioinfinitagoya.com.ar\/v1\/\"},{\"@type\":\"ListItem\",\"position\":2,\"name\":\"EL Intendente impulsa el crecimiento tecnol\u00f3gico de Goya\"}]},{\"@type\":\"WebSite\",\"@id\":\"https:\/\/radioinfinitagoya.com.ar\/v1\/#website\",\"url\":\"https:\/\/radioinfinitagoya.com.ar\/v1\/\",\"name\":\"radioinfinitagoya.com.ar\",\"description\":\"Radio de noticias\",\"publisher\":{\"@id\":\"https:\/\/radioinfinitagoya.com.ar\/v1\/#organization\"},\"potentialAction\":[{\"@type\":\"SearchAction\",\"target\":{\"@type\":\"EntryPoint\",\"urlTemplate\":\"https:\/\/radioinfinitagoya.com.ar\/v1\/?s={search_term_string}\"},\"query-input\":{\"@type\":\"PropertyValueSpecification\",\"valueRequired\":true,\"valueName\":\"search_term_string\"}}],\"inLanguage\":\"es-AR\"},{\"@type\":\"Organization\",\"@id\":\"https:\/\/radioinfinitagoya.com.ar\/v1\/#organization\",\"name\":\"Radio Infinita Goya\",\"url\":\"https:\/\/radioinfinitagoya.com.ar\/v1\/\",\"logo\":{\"@type\":\"ImageObject\",\"inLanguage\":\"es-AR\",\"@id\":\"https:\/\/radioinfinitagoya.com.ar\/v1\/#\/schema\/logo\/image\/\",\"url\":\"https:\/\/radioinfinitagoya.com.ar\/v1\/wp-content\/uploads\/2019\/11\/logo-pie-web.png\",\"contentUrl\":\"https:\/\/radioinfinitagoya.com.ar\/v1\/wp-content\/uploads\/2019\/11\/logo-pie-web.png\",\"width\":635,\"height\":326,\"caption\":\"Radio Infinita Goya\"},\"image\":{\"@id\":\"https:\/\/radioinfinitagoya.com.ar\/v1\/#\/schema\/logo\/image\/\"},\"sameAs\":[\"https:\/\/www.facebook.com\/p\/Infinita-Goya-100063870918311\/\"]},{\"@type\":\"Person\",\"@id\":\"https:\/\/radioinfinitagoya.com.ar\/v1\/#\/schema\/person\/d4cf9c413d4f6edb24aabdccab49ca4a\",\"name\":\"Jorge Mi\u00f1o\",\"image\":{\"@type\":\"ImageObject\",\"inLanguage\":\"es-AR\",\"@id\":\"https:\/\/secure.gravatar.com\/avatar\/910fcf6728fe95320e07a6643c1581fec1c7fc4bf8ae12e3d8f0d0373dc844be?s=96&d=mm&r=g\",\"url\":\"https:\/\/secure.gravatar.com\/avatar\/910fcf6728fe95320e07a6643c1581fec1c7fc4bf8ae12e3d8f0d0373dc844be?s=96&d=mm&r=g\",\"contentUrl\":\"https:\/\/secure.gravatar.com\/avatar\/910fcf6728fe95320e07a6643c1581fec1c7fc4bf8ae12e3d8f0d0373dc844be?s=96&d=mm&r=g\",\"caption\":\"Jorge Mi\u00f1o\"},\"sameAs\":[\"http:\/\/radioinfinitagoya.com.ar\"]}]}<\/script>\n<!-- \/ Yoast SEO plugin. -->","yoast_head_json":{"title":"EL Intendente impulsa el crecimiento tecnol\u00f3gico de Goya - Radio Infinita Goya","description":"A trav\u00e9s de la articulaci\u00f3n p\u00fablica-privada El intendente Mariano Hormaechea contin\u00faa fortaleciendo los pilares de su gesti\u00f3n \u2014Modernizaci\u00f3n, Inclusi\u00f3n y","robots":{"index":"index","follow":"follow","max-snippet":"max-snippet:-1","max-image-preview":"max-image-preview:large","max-video-preview":"max-video-preview:-1"},"canonical":"https:\/\/radioinfinitagoya.com.ar\/v1\/2026\/03\/15\/el-intendente-impulsa-el-crecimiento-tecnologico-de-goya\/","og_locale":"es_ES","og_type":"article","og_title":"EL Intendente impulsa el crecimiento tecnol\u00f3gico de Goya - Radio Infinita Goya","og_description":"A trav\u00e9s de la articulaci\u00f3n p\u00fablica-privada El intendente Mariano Hormaechea contin\u00faa fortaleciendo los pilares de su gesti\u00f3n \u2014Modernizaci\u00f3n, Inclusi\u00f3n y","og_url":"https:\/\/radioinfinitagoya.com.ar\/v1\/2026\/03\/15\/el-intendente-impulsa-el-crecimiento-tecnologico-de-goya\/","og_site_name":"Radio Infinita Goya","article_publisher":"https:\/\/www.facebook.com\/p\/Infinita-Goya-100063870918311\/","article_published_time":"2026-03-15T20:31:08+00:00","og_image":[{"width":848,"height":477,"url":"https:\/\/radioinfinitagoya.com.ar\/v1\/wp-content\/uploads\/2026\/03\/11_7.jpg","type":"image\/jpeg"}],"author":"Jorge Mi\u00f1o","twitter_card":"summary_large_image","twitter_misc":{"Escrito por":"Jorge Mi\u00f1o","Tiempo de lectura":"2 minutos"},"schema":{"@context":"https:\/\/schema.org","@graph":[{"@type":"Article","@id":"https:\/\/radioinfinitagoya.com.ar\/v1\/2026\/03\/15\/el-intendente-impulsa-el-crecimiento-tecnologico-de-goya\/#article","isPartOf":{"@id":"https:\/\/radioinfinitagoya.com.ar\/v1\/2026\/03\/15\/el-intendente-impulsa-el-crecimiento-tecnologico-de-goya\/"},"author":{"name":"Jorge Mi\u00f1o","@id":"https:\/\/radioinfinitagoya.com.ar\/v1\/#\/schema\/person\/d4cf9c413d4f6edb24aabdccab49ca4a"},"headline":"EL Intendente impulsa el crecimiento tecnol\u00f3gico de Goya","datePublished":"2026-03-15T20:31:08+00:00","mainEntityOfPage":{"@id":"https:\/\/radioinfinitagoya.com.ar\/v1\/2026\/03\/15\/el-intendente-impulsa-el-crecimiento-tecnologico-de-goya\/"},"wordCount":432,"commentCount":0,"publisher":{"@id":"https:\/\/radioinfinitagoya.com.ar\/v1\/#organization"},"image":{"@id":"https:\/\/radioinfinitagoya.com.ar\/v1\/2026\/03\/15\/el-intendente-impulsa-el-crecimiento-tecnologico-de-goya\/#primaryimage"},"thumbnailUrl":"https:\/\/radioinfinitagoya.com.ar\/v1\/wp-content\/uploads\/2026\/03\/11_7.jpg","articleSection":["LOCALES"],"inLanguage":"es-AR","potentialAction":[{"@type":"CommentAction","name":"Comment","target":["https:\/\/radioinfinitagoya.com.ar\/v1\/2026\/03\/15\/el-intendente-impulsa-el-crecimiento-tecnologico-de-goya\/#respond"]}]},{"@type":"WebPage","@id":"https:\/\/radioinfinitagoya.com.ar\/v1\/2026\/03\/15\/el-intendente-impulsa-el-crecimiento-tecnologico-de-goya\/","url":"https:\/\/radioinfinitagoya.com.ar\/v1\/2026\/03\/15\/el-intendente-impulsa-el-crecimiento-tecnologico-de-goya\/","name":"EL Intendente impulsa el crecimiento tecnol\u00f3gico de Goya - Radio Infinita Goya","isPartOf":{"@id":"https:\/\/radioinfinitagoya.com.ar\/v1\/#website"},"primaryImageOfPage":{"@id":"https:\/\/radioinfinitagoya.com.ar\/v1\/2026\/03\/15\/el-intendente-impulsa-el-crecimiento-tecnologico-de-goya\/#primaryimage"},"image":{"@id":"https:\/\/radioinfinitagoya.com.ar\/v1\/2026\/03\/15\/el-intendente-impulsa-el-crecimiento-tecnologico-de-goya\/#primaryimage"},"thumbnailUrl":"https:\/\/radioinfinitagoya.com.ar\/v1\/wp-content\/uploads\/2026\/03\/11_7.jpg","datePublished":"2026-03-15T20:31:08+00:00","description":"A trav\u00e9s de la articulaci\u00f3n p\u00fablica-privada El intendente Mariano Hormaechea contin\u00faa fortaleciendo los pilares de su gesti\u00f3n \u2014Modernizaci\u00f3n, Inclusi\u00f3n y","breadcrumb":{"@id":"https:\/\/radioinfinitagoya.com.ar\/v1\/2026\/03\/15\/el-intendente-impulsa-el-crecimiento-tecnologico-de-goya\/#breadcrumb"},"inLanguage":"es-AR","potentialAction":[{"@type":"ReadAction","target":["https:\/\/radioinfinitagoya.com.ar\/v1\/2026\/03\/15\/el-intendente-impulsa-el-crecimiento-tecnologico-de-goya\/"]}]},{"@type":"ImageObject","inLanguage":"es-AR","@id":"https:\/\/radioinfinitagoya.com.ar\/v1\/2026\/03\/15\/el-intendente-impulsa-el-crecimiento-tecnologico-de-goya\/#primaryimage","url":"https:\/\/radioinfinitagoya.com.ar\/v1\/wp-content\/uploads\/2026\/03\/11_7.jpg","contentUrl":"https:\/\/radioinfinitagoya.com.ar\/v1\/wp-content\/uploads\/2026\/03\/11_7.jpg","width":848,"height":477},{"@type":"BreadcrumbList","@id":"https:\/\/radioinfinitagoya.com.ar\/v1\/2026\/03\/15\/el-intendente-impulsa-el-crecimiento-tecnologico-de-goya\/#breadcrumb","itemListElement":[{"@type":"ListItem","position":1,"name":"Inicio","item":"https:\/\/radioinfinitagoya.com.ar\/v1\/"},{"@type":"ListItem","position":2,"name":"EL Intendente impulsa el crecimiento tecnol\u00f3gico de Goya"}]},{"@type":"WebSite","@id":"https:\/\/radioinfinitagoya.com.ar\/v1\/#website","url":"https:\/\/radioinfinitagoya.com.ar\/v1\/","name":"radioinfinitagoya.com.ar","description":"Radio de noticias","publisher":{"@id":"https:\/\/radioinfinitagoya.com.ar\/v1\/#organization"},"potentialAction":[{"@type":"SearchAction","target":{"@type":"EntryPoint","urlTemplate":"https:\/\/radioinfinitagoya.com.ar\/v1\/?s={search_term_string}"},"query-input":{"@type":"PropertyValueSpecification","valueRequired":true,"valueName":"search_term_string"}}],"inLanguage":"es-AR"},{"@type":"Organization","@id":"https:\/\/radioinfinitagoya.com.ar\/v1\/#organization","name":"Radio Infinita Goya","url":"https:\/\/radioinfinitagoya.com.ar\/v1\/","logo":{"@type":"ImageObject","inLanguage":"es-AR","@id":"https:\/\/radioinfinitagoya.com.ar\/v1\/#\/schema\/logo\/image\/","url":"https:\/\/radioinfinitagoya.com.ar\/v1\/wp-content\/uploads\/2019\/11\/logo-pie-web.png","contentUrl":"https:\/\/radioinfinitagoya.com.ar\/v1\/wp-content\/uploads\/2019\/11\/logo-pie-web.png","width":635,"height":326,"caption":"Radio Infinita Goya"},"image":{"@id":"https:\/\/radioinfinitagoya.com.ar\/v1\/#\/schema\/logo\/image\/"},"sameAs":["https:\/\/www.facebook.com\/p\/Infinita-Goya-100063870918311\/"]},{"@type":"Person","@id":"https:\/\/radioinfinitagoya.com.ar\/v1\/#\/schema\/person\/d4cf9c413d4f6edb24aabdccab49ca4a","name":"Jorge Mi\u00f1o","image":{"@type":"ImageObject","inLanguage":"es-AR","@id":"https:\/\/secure.gravatar.com\/avatar\/910fcf6728fe95320e07a6643c1581fec1c7fc4bf8ae12e3d8f0d0373dc844be?s=96&d=mm&r=g","url":"https:\/\/secure.gravatar.com\/avatar\/910fcf6728fe95320e07a6643c1581fec1c7fc4bf8ae12e3d8f0d0373dc844be?s=96&d=mm&r=g","contentUrl":"https:\/\/secure.gravatar.com\/avatar\/910fcf6728fe95320e07a6643c1581fec1c7fc4bf8ae12e3d8f0d0373dc844be?s=96&d=mm&r=g","caption":"Jorge Mi\u00f1o"},"sameAs":["http:\/\/radioinfinitagoya.com.ar"]}]}},"_links":{"self":[{"href":"https:\/\/radioinfinitagoya.com.ar\/v1\/wp-json\/wp\/v2\/posts\/210240","targetHints":{"allow":["GET"]}}],"collection":[{"href":"https:\/\/radioinfinitagoya.com.ar\/v1\/wp-json\/wp\/v2\/posts"}],"about":[{"href":"https:\/\/radioinfinitagoya.com.ar\/v1\/wp-json\/wp\/v2\/types\/post"}],"author":[{"embeddable":true,"href":"https:\/\/radioinfinitagoya.com.ar\/v1\/wp-json\/wp\/v2\/users\/4"}],"replies":[{"embeddable":true,"href":"https:\/\/radioinfinitagoya.com.ar\/v1\/wp-json\/wp\/v2\/comments?post=210240"}],"version-history":[{"count":0,"href":"https:\/\/radioinfinitagoya.com.ar\/v1\/wp-json\/wp\/v2\/posts\/210240\/revisions"}],"wp:featuredmedia":[{"embeddable":true,"href":"https:\/\/radioinfinitagoya.com.ar\/v1\/wp-json\/wp\/v2\/media\/210241"}],"wp:attachment":[{"href":"https:\/\/radioinfinitagoya.com.ar\/v1\/wp-json\/wp\/v2\/media?parent=210240"}],"wp:term":[{"taxonomy":"category","embeddable":true,"href":"https:\/\/radioinfinitagoya.com.ar\/v1\/wp-json\/wp\/v2\/categories?post=210240"},{"taxonomy":"post_tag","embeddable":true,"href":"https:\/\/radioinfinitagoya.com.ar\/v1\/wp-json\/wp\/v2\/tags?post=210240"}],"curies":[{"name":"wp","href":"https:\/\/api.w.org\/{rel}","templated":true}]}}