{"id":210246,"date":"2026-03-15T17:36:15","date_gmt":"2026-03-15T20:36:15","guid":{"rendered":"https:\/\/radioinfinitagoya.com.ar\/v1\/?p=210246"},"modified":"2026-03-15T17:36:15","modified_gmt":"2026-03-15T20:36:15","slug":"la-gestion-del-director-raul-martinez-en-el-hospital-regional-cumple-diez-anos","status":"publish","type":"post","link":"https:\/\/radioinfinitagoya.com.ar\/v1\/2026\/03\/15\/la-gestion-del-director-raul-martinez-en-el-hospital-regional-cumple-diez-anos\/","title":{"rendered":"La gesti\u00f3n del Director Ra\u00fal Martinez en el Hospital Regional cumple diez a\u00f1os"},"content":{"rendered":"<p>El director del hospital regional, Ra\u00fal Mart\u00ednez, anunci\u00f3 que en 2026 se cumplir\u00e1n 10 a\u00f1os de gesti\u00f3n conjunta con el tambi\u00e9n m\u00e9dico y director asociado, Sergio Sosa, y que est\u00e1n preparando un informe con cifras que reflejan la magnitud del trabajo realizado en estos a\u00f1os, incluyendo la incorporaci\u00f3n del Hospital \u00c1ngel de la Guarda en pediatr\u00eda. &#8220;Veremos si la pr\u00f3xima semana se lo contamos a la gente&#8221;, anticip\u00f3 Mart\u00ednez.<\/p>\n<p>El funcionario destac\u00f3 que estos logros se alcanzaron en medio de una pandemia, en un contexto de crisis econ\u00f3mica que afecta a toda la poblaci\u00f3n. &#8220;Hoy estamos en una situaci\u00f3n econ\u00f3mica complicada, nadie escapa a la realidad en la que estamos, con una inflaci\u00f3n importante y una crisis que afecta a todos&#8221;, expres\u00f3.<\/p>\n<p>Ra\u00fal Mart\u00ednez explic\u00f3 que, como consecuencia del aumento en la p\u00e9rdida de empleo y cobertura social, cada vez m\u00e1s personas acuden al hospital, que no siempre est\u00e1 preparado para atender tantas complejidades. &#8220;Muchas veces estamos en esas dificultades, pero eso no quiere decir que no estemos trabajando para resolverlas. D\u00eda a d\u00eda, hacemos esfuerzos para cubrir las necesidades y atender a la poblaci\u00f3n&#8221;, indic\u00f3.<\/p>\n<p>El director del hospital resalt\u00f3 que en el \u00faltimo a\u00f1o el laboratorio central y el de microbiolog\u00eda atendieron a m\u00e1s de 130.000 personas, un n\u00famero que, si se monetiza, refleja la gran carga de trabajo del hospital. Mart\u00ednez aclar\u00f3 que, en los meses de enero y febrero, enfrentaron problemas t\u00e9cnicos en los laboratorios que los obligaron a restringir la atenci\u00f3n a pacientes ambulatorios y priorizar las urgencias. \u201cEsto sucede todo el tiempo, y por eso hablamos de las dificultades que enfrentamos en el contexto econ\u00f3mico actual\u201d, coment\u00f3.<\/p>\n<p>Mart\u00ednez afirm\u00f3: &#8220;A pesar de las dificultades, seguimos haciendo todo lo posible para brindar la mejor atenci\u00f3n posible. La demanda crece y los recursos son limitados, pero nuestro compromiso es seguir trabajando para mejorar cada d\u00eda&#8221;.<\/p>\n<p>El director tambi\u00e9n mencion\u00f3 que la actividad en cirug\u00edas se ha ralentizado, y que hay inconvenientes por cirug\u00edas programadas, por lo que se priorizan las urgencias.<\/p>\n<p>\u201cVenimos de un per\u00edodo de vacaciones, las personas del servicio del hospital necesitan tomarse descanso. La actividad en cirug\u00eda se ralentiza y hay inconvenientes por cirug\u00edas programadas, por lo que priorizamos las urgencias. Todas estas dificultades no significan que no estemos haciendo todo lo posible por resolverlas. La cantidad de atenci\u00f3n que brindamos es grande: atendemos a mucha gente con cobertura social y tambi\u00e9n a quienes no la tienen, lo que genera un impacto en los recursos. Siempre aparecen cr\u00edticas, pero seguimos trabajando con compromiso\u201d, concluy\u00f3 el director del hospital.<\/p>\n<p>Direcci\u00f3n de Prensa &#8211; Municipalidad de Goya<\/p>\n","protected":false},"excerpt":{"rendered":"<p>El director del hospital regional, Ra\u00fal Mart\u00ednez, anunci\u00f3 que en 2026 se cumplir\u00e1n 10 a\u00f1os de gesti\u00f3n conjunta con el tambi\u00e9n m\u00e9dico y director asociado, Sergio Sosa, y que est\u00e1n preparando un informe con cifras que reflejan la magnitud del trabajo realizado en estos a\u00f1os, incluyendo la incorporaci\u00f3n del Hospital \u00c1ngel de la Guarda en [&hellip;]<\/p>\n","protected":false},"author":4,"featured_media":210247,"comment_status":"open","ping_status":"open","sticky":false,"template":"","format":"standard","meta":{"_joinchat":[],"footnotes":""},"categories":[27],"tags":[],"class_list":{"0":"post-210246","1":"post","2":"type-post","3":"status-publish","4":"format-standard","5":"has-post-thumbnail","7":"category-locales"},"yoast_head":"<!-- This site is optimized with the Yoast SEO plugin v27.2 - https:\/\/yoast.com\/product\/yoast-seo-wordpress\/ -->\n<title>La gesti\u00f3n del Director Ra\u00fal Martinez en el Hospital Regional cumple diez a\u00f1os - Radio Infinita Goya<\/title>\n<meta name=\"description\" content=\"El director del hospital regional, Ra\u00fal Mart\u00ednez, anunci\u00f3 que en 2026 se cumplir\u00e1n 10 a\u00f1os de gesti\u00f3n conjunta con el tambi\u00e9n m\u00e9dico y director asociado,\" \/>\n<meta name=\"robots\" content=\"index, follow, max-snippet:-1, max-image-preview:large, max-video-preview:-1\" \/>\n<link rel=\"canonical\" href=\"https:\/\/radioinfinitagoya.com.ar\/v1\/2026\/03\/15\/la-gestion-del-director-raul-martinez-en-el-hospital-regional-cumple-diez-anos\/\" \/>\n<meta property=\"og:locale\" content=\"es_ES\" \/>\n<meta property=\"og:type\" content=\"article\" \/>\n<meta property=\"og:title\" content=\"La gesti\u00f3n del Director Ra\u00fal Martinez en el Hospital Regional cumple diez a\u00f1os - Radio Infinita Goya\" \/>\n<meta property=\"og:description\" content=\"El director del hospital regional, Ra\u00fal Mart\u00ednez, anunci\u00f3 que en 2026 se cumplir\u00e1n 10 a\u00f1os de gesti\u00f3n conjunta con el tambi\u00e9n m\u00e9dico y director asociado,\" \/>\n<meta property=\"og:url\" content=\"https:\/\/radioinfinitagoya.com.ar\/v1\/2026\/03\/15\/la-gestion-del-director-raul-martinez-en-el-hospital-regional-cumple-diez-anos\/\" \/>\n<meta property=\"og:site_name\" content=\"Radio Infinita Goya\" \/>\n<meta property=\"article:publisher\" content=\"https:\/\/www.facebook.com\/p\/Infinita-Goya-100063870918311\/\" \/>\n<meta property=\"article:published_time\" content=\"2026-03-15T20:36:15+00:00\" \/>\n<meta property=\"og:image\" content=\"https:\/\/radioinfinitagoya.com.ar\/v1\/wp-content\/uploads\/2026\/03\/156516949_4018324061564082_2280028555824151976_n.jpg\" \/>\n\t<meta property=\"og:image:width\" content=\"1000\" \/>\n\t<meta property=\"og:image:height\" content=\"586\" \/>\n\t<meta property=\"og:image:type\" content=\"image\/jpeg\" \/>\n<meta name=\"author\" content=\"Jorge Mi\u00f1o\" \/>\n<meta name=\"twitter:card\" content=\"summary_large_image\" \/>\n<meta name=\"twitter:label1\" content=\"Escrito por\" \/>\n\t<meta name=\"twitter:data1\" content=\"Jorge Mi\u00f1o\" \/>\n\t<meta name=\"twitter:label2\" content=\"Tiempo de lectura\" \/>\n\t<meta name=\"twitter:data2\" content=\"3 minutos\" \/>\n<script type=\"application\/ld+json\" class=\"yoast-schema-graph\">{\"@context\":\"https:\/\/schema.org\",\"@graph\":[{\"@type\":\"Article\",\"@id\":\"https:\/\/radioinfinitagoya.com.ar\/v1\/2026\/03\/15\/la-gestion-del-director-raul-martinez-en-el-hospital-regional-cumple-diez-anos\/#article\",\"isPartOf\":{\"@id\":\"https:\/\/radioinfinitagoya.com.ar\/v1\/2026\/03\/15\/la-gestion-del-director-raul-martinez-en-el-hospital-regional-cumple-diez-anos\/\"},\"author\":{\"name\":\"Jorge Mi\u00f1o\",\"@id\":\"https:\/\/radioinfinitagoya.com.ar\/v1\/#\/schema\/person\/d4cf9c413d4f6edb24aabdccab49ca4a\"},\"headline\":\"La gesti\u00f3n del Director Ra\u00fal Martinez en el Hospital Regional cumple diez a\u00f1os\",\"datePublished\":\"2026-03-15T20:36:15+00:00\",\"mainEntityOfPage\":{\"@id\":\"https:\/\/radioinfinitagoya.com.ar\/v1\/2026\/03\/15\/la-gestion-del-director-raul-martinez-en-el-hospital-regional-cumple-diez-anos\/\"},\"wordCount\":491,\"commentCount\":0,\"publisher\":{\"@id\":\"https:\/\/radioinfinitagoya.com.ar\/v1\/#organization\"},\"image\":{\"@id\":\"https:\/\/radioinfinitagoya.com.ar\/v1\/2026\/03\/15\/la-gestion-del-director-raul-martinez-en-el-hospital-regional-cumple-diez-anos\/#primaryimage\"},\"thumbnailUrl\":\"https:\/\/radioinfinitagoya.com.ar\/v1\/wp-content\/uploads\/2026\/03\/156516949_4018324061564082_2280028555824151976_n.jpg\",\"articleSection\":[\"LOCALES\"],\"inLanguage\":\"es-AR\",\"potentialAction\":[{\"@type\":\"CommentAction\",\"name\":\"Comment\",\"target\":[\"https:\/\/radioinfinitagoya.com.ar\/v1\/2026\/03\/15\/la-gestion-del-director-raul-martinez-en-el-hospital-regional-cumple-diez-anos\/#respond\"]}]},{\"@type\":\"WebPage\",\"@id\":\"https:\/\/radioinfinitagoya.com.ar\/v1\/2026\/03\/15\/la-gestion-del-director-raul-martinez-en-el-hospital-regional-cumple-diez-anos\/\",\"url\":\"https:\/\/radioinfinitagoya.com.ar\/v1\/2026\/03\/15\/la-gestion-del-director-raul-martinez-en-el-hospital-regional-cumple-diez-anos\/\",\"name\":\"La gesti\u00f3n del Director Ra\u00fal Martinez en el Hospital Regional cumple diez a\u00f1os - Radio Infinita Goya\",\"isPartOf\":{\"@id\":\"https:\/\/radioinfinitagoya.com.ar\/v1\/#website\"},\"primaryImageOfPage\":{\"@id\":\"https:\/\/radioinfinitagoya.com.ar\/v1\/2026\/03\/15\/la-gestion-del-director-raul-martinez-en-el-hospital-regional-cumple-diez-anos\/#primaryimage\"},\"image\":{\"@id\":\"https:\/\/radioinfinitagoya.com.ar\/v1\/2026\/03\/15\/la-gestion-del-director-raul-martinez-en-el-hospital-regional-cumple-diez-anos\/#primaryimage\"},\"thumbnailUrl\":\"https:\/\/radioinfinitagoya.com.ar\/v1\/wp-content\/uploads\/2026\/03\/156516949_4018324061564082_2280028555824151976_n.jpg\",\"datePublished\":\"2026-03-15T20:36:15+00:00\",\"description\":\"El director del hospital regional, Ra\u00fal Mart\u00ednez, anunci\u00f3 que en 2026 se cumplir\u00e1n 10 a\u00f1os de gesti\u00f3n conjunta con el tambi\u00e9n m\u00e9dico y director asociado,\",\"breadcrumb\":{\"@id\":\"https:\/\/radioinfinitagoya.com.ar\/v1\/2026\/03\/15\/la-gestion-del-director-raul-martinez-en-el-hospital-regional-cumple-diez-anos\/#breadcrumb\"},\"inLanguage\":\"es-AR\",\"potentialAction\":[{\"@type\":\"ReadAction\",\"target\":[\"https:\/\/radioinfinitagoya.com.ar\/v1\/2026\/03\/15\/la-gestion-del-director-raul-martinez-en-el-hospital-regional-cumple-diez-anos\/\"]}]},{\"@type\":\"ImageObject\",\"inLanguage\":\"es-AR\",\"@id\":\"https:\/\/radioinfinitagoya.com.ar\/v1\/2026\/03\/15\/la-gestion-del-director-raul-martinez-en-el-hospital-regional-cumple-diez-anos\/#primaryimage\",\"url\":\"https:\/\/radioinfinitagoya.com.ar\/v1\/wp-content\/uploads\/2026\/03\/156516949_4018324061564082_2280028555824151976_n.jpg\",\"contentUrl\":\"https:\/\/radioinfinitagoya.com.ar\/v1\/wp-content\/uploads\/2026\/03\/156516949_4018324061564082_2280028555824151976_n.jpg\",\"width\":1000,\"height\":586},{\"@type\":\"BreadcrumbList\",\"@id\":\"https:\/\/radioinfinitagoya.com.ar\/v1\/2026\/03\/15\/la-gestion-del-director-raul-martinez-en-el-hospital-regional-cumple-diez-anos\/#breadcrumb\",\"itemListElement\":[{\"@type\":\"ListItem\",\"position\":1,\"name\":\"Inicio\",\"item\":\"https:\/\/radioinfinitagoya.com.ar\/v1\/\"},{\"@type\":\"ListItem\",\"position\":2,\"name\":\"La gesti\u00f3n del Director Ra\u00fal Martinez en el Hospital Regional cumple diez a\u00f1os\"}]},{\"@type\":\"WebSite\",\"@id\":\"https:\/\/radioinfinitagoya.com.ar\/v1\/#website\",\"url\":\"https:\/\/radioinfinitagoya.com.ar\/v1\/\",\"name\":\"radioinfinitagoya.com.ar\",\"description\":\"Radio de noticias\",\"publisher\":{\"@id\":\"https:\/\/radioinfinitagoya.com.ar\/v1\/#organization\"},\"potentialAction\":[{\"@type\":\"SearchAction\",\"target\":{\"@type\":\"EntryPoint\",\"urlTemplate\":\"https:\/\/radioinfinitagoya.com.ar\/v1\/?s={search_term_string}\"},\"query-input\":{\"@type\":\"PropertyValueSpecification\",\"valueRequired\":true,\"valueName\":\"search_term_string\"}}],\"inLanguage\":\"es-AR\"},{\"@type\":\"Organization\",\"@id\":\"https:\/\/radioinfinitagoya.com.ar\/v1\/#organization\",\"name\":\"Radio Infinita Goya\",\"url\":\"https:\/\/radioinfinitagoya.com.ar\/v1\/\",\"logo\":{\"@type\":\"ImageObject\",\"inLanguage\":\"es-AR\",\"@id\":\"https:\/\/radioinfinitagoya.com.ar\/v1\/#\/schema\/logo\/image\/\",\"url\":\"https:\/\/radioinfinitagoya.com.ar\/v1\/wp-content\/uploads\/2019\/11\/logo-pie-web.png\",\"contentUrl\":\"https:\/\/radioinfinitagoya.com.ar\/v1\/wp-content\/uploads\/2019\/11\/logo-pie-web.png\",\"width\":635,\"height\":326,\"caption\":\"Radio Infinita Goya\"},\"image\":{\"@id\":\"https:\/\/radioinfinitagoya.com.ar\/v1\/#\/schema\/logo\/image\/\"},\"sameAs\":[\"https:\/\/www.facebook.com\/p\/Infinita-Goya-100063870918311\/\"]},{\"@type\":\"Person\",\"@id\":\"https:\/\/radioinfinitagoya.com.ar\/v1\/#\/schema\/person\/d4cf9c413d4f6edb24aabdccab49ca4a\",\"name\":\"Jorge Mi\u00f1o\",\"image\":{\"@type\":\"ImageObject\",\"inLanguage\":\"es-AR\",\"@id\":\"https:\/\/secure.gravatar.com\/avatar\/910fcf6728fe95320e07a6643c1581fec1c7fc4bf8ae12e3d8f0d0373dc844be?s=96&d=mm&r=g\",\"url\":\"https:\/\/secure.gravatar.com\/avatar\/910fcf6728fe95320e07a6643c1581fec1c7fc4bf8ae12e3d8f0d0373dc844be?s=96&d=mm&r=g\",\"contentUrl\":\"https:\/\/secure.gravatar.com\/avatar\/910fcf6728fe95320e07a6643c1581fec1c7fc4bf8ae12e3d8f0d0373dc844be?s=96&d=mm&r=g\",\"caption\":\"Jorge Mi\u00f1o\"},\"sameAs\":[\"http:\/\/radioinfinitagoya.com.ar\"]}]}<\/script>\n<!-- \/ Yoast SEO plugin. -->","yoast_head_json":{"title":"La gesti\u00f3n del Director Ra\u00fal Martinez en el Hospital Regional cumple diez a\u00f1os - Radio Infinita Goya","description":"El director del hospital regional, Ra\u00fal Mart\u00ednez, anunci\u00f3 que en 2026 se cumplir\u00e1n 10 a\u00f1os de gesti\u00f3n conjunta con el tambi\u00e9n m\u00e9dico y director asociado,","robots":{"index":"index","follow":"follow","max-snippet":"max-snippet:-1","max-image-preview":"max-image-preview:large","max-video-preview":"max-video-preview:-1"},"canonical":"https:\/\/radioinfinitagoya.com.ar\/v1\/2026\/03\/15\/la-gestion-del-director-raul-martinez-en-el-hospital-regional-cumple-diez-anos\/","og_locale":"es_ES","og_type":"article","og_title":"La gesti\u00f3n del Director Ra\u00fal Martinez en el Hospital Regional cumple diez a\u00f1os - Radio Infinita Goya","og_description":"El director del hospital regional, Ra\u00fal Mart\u00ednez, anunci\u00f3 que en 2026 se cumplir\u00e1n 10 a\u00f1os de gesti\u00f3n conjunta con el tambi\u00e9n m\u00e9dico y director asociado,","og_url":"https:\/\/radioinfinitagoya.com.ar\/v1\/2026\/03\/15\/la-gestion-del-director-raul-martinez-en-el-hospital-regional-cumple-diez-anos\/","og_site_name":"Radio Infinita Goya","article_publisher":"https:\/\/www.facebook.com\/p\/Infinita-Goya-100063870918311\/","article_published_time":"2026-03-15T20:36:15+00:00","og_image":[{"width":1000,"height":586,"url":"https:\/\/radioinfinitagoya.com.ar\/v1\/wp-content\/uploads\/2026\/03\/156516949_4018324061564082_2280028555824151976_n.jpg","type":"image\/jpeg"}],"author":"Jorge Mi\u00f1o","twitter_card":"summary_large_image","twitter_misc":{"Escrito por":"Jorge Mi\u00f1o","Tiempo de lectura":"3 minutos"},"schema":{"@context":"https:\/\/schema.org","@graph":[{"@type":"Article","@id":"https:\/\/radioinfinitagoya.com.ar\/v1\/2026\/03\/15\/la-gestion-del-director-raul-martinez-en-el-hospital-regional-cumple-diez-anos\/#article","isPartOf":{"@id":"https:\/\/radioinfinitagoya.com.ar\/v1\/2026\/03\/15\/la-gestion-del-director-raul-martinez-en-el-hospital-regional-cumple-diez-anos\/"},"author":{"name":"Jorge Mi\u00f1o","@id":"https:\/\/radioinfinitagoya.com.ar\/v1\/#\/schema\/person\/d4cf9c413d4f6edb24aabdccab49ca4a"},"headline":"La gesti\u00f3n del Director Ra\u00fal Martinez en el Hospital Regional cumple diez a\u00f1os","datePublished":"2026-03-15T20:36:15+00:00","mainEntityOfPage":{"@id":"https:\/\/radioinfinitagoya.com.ar\/v1\/2026\/03\/15\/la-gestion-del-director-raul-martinez-en-el-hospital-regional-cumple-diez-anos\/"},"wordCount":491,"commentCount":0,"publisher":{"@id":"https:\/\/radioinfinitagoya.com.ar\/v1\/#organization"},"image":{"@id":"https:\/\/radioinfinitagoya.com.ar\/v1\/2026\/03\/15\/la-gestion-del-director-raul-martinez-en-el-hospital-regional-cumple-diez-anos\/#primaryimage"},"thumbnailUrl":"https:\/\/radioinfinitagoya.com.ar\/v1\/wp-content\/uploads\/2026\/03\/156516949_4018324061564082_2280028555824151976_n.jpg","articleSection":["LOCALES"],"inLanguage":"es-AR","potentialAction":[{"@type":"CommentAction","name":"Comment","target":["https:\/\/radioinfinitagoya.com.ar\/v1\/2026\/03\/15\/la-gestion-del-director-raul-martinez-en-el-hospital-regional-cumple-diez-anos\/#respond"]}]},{"@type":"WebPage","@id":"https:\/\/radioinfinitagoya.com.ar\/v1\/2026\/03\/15\/la-gestion-del-director-raul-martinez-en-el-hospital-regional-cumple-diez-anos\/","url":"https:\/\/radioinfinitagoya.com.ar\/v1\/2026\/03\/15\/la-gestion-del-director-raul-martinez-en-el-hospital-regional-cumple-diez-anos\/","name":"La gesti\u00f3n del Director Ra\u00fal Martinez en el Hospital Regional cumple diez a\u00f1os - Radio Infinita Goya","isPartOf":{"@id":"https:\/\/radioinfinitagoya.com.ar\/v1\/#website"},"primaryImageOfPage":{"@id":"https:\/\/radioinfinitagoya.com.ar\/v1\/2026\/03\/15\/la-gestion-del-director-raul-martinez-en-el-hospital-regional-cumple-diez-anos\/#primaryimage"},"image":{"@id":"https:\/\/radioinfinitagoya.com.ar\/v1\/2026\/03\/15\/la-gestion-del-director-raul-martinez-en-el-hospital-regional-cumple-diez-anos\/#primaryimage"},"thumbnailUrl":"https:\/\/radioinfinitagoya.com.ar\/v1\/wp-content\/uploads\/2026\/03\/156516949_4018324061564082_2280028555824151976_n.jpg","datePublished":"2026-03-15T20:36:15+00:00","description":"El director del hospital regional, Ra\u00fal Mart\u00ednez, anunci\u00f3 que en 2026 se cumplir\u00e1n 10 a\u00f1os de gesti\u00f3n conjunta con el tambi\u00e9n m\u00e9dico y director asociado,","breadcrumb":{"@id":"https:\/\/radioinfinitagoya.com.ar\/v1\/2026\/03\/15\/la-gestion-del-director-raul-martinez-en-el-hospital-regional-cumple-diez-anos\/#breadcrumb"},"inLanguage":"es-AR","potentialAction":[{"@type":"ReadAction","target":["https:\/\/radioinfinitagoya.com.ar\/v1\/2026\/03\/15\/la-gestion-del-director-raul-martinez-en-el-hospital-regional-cumple-diez-anos\/"]}]},{"@type":"ImageObject","inLanguage":"es-AR","@id":"https:\/\/radioinfinitagoya.com.ar\/v1\/2026\/03\/15\/la-gestion-del-director-raul-martinez-en-el-hospital-regional-cumple-diez-anos\/#primaryimage","url":"https:\/\/radioinfinitagoya.com.ar\/v1\/wp-content\/uploads\/2026\/03\/156516949_4018324061564082_2280028555824151976_n.jpg","contentUrl":"https:\/\/radioinfinitagoya.com.ar\/v1\/wp-content\/uploads\/2026\/03\/156516949_4018324061564082_2280028555824151976_n.jpg","width":1000,"height":586},{"@type":"BreadcrumbList","@id":"https:\/\/radioinfinitagoya.com.ar\/v1\/2026\/03\/15\/la-gestion-del-director-raul-martinez-en-el-hospital-regional-cumple-diez-anos\/#breadcrumb","itemListElement":[{"@type":"ListItem","position":1,"name":"Inicio","item":"https:\/\/radioinfinitagoya.com.ar\/v1\/"},{"@type":"ListItem","position":2,"name":"La gesti\u00f3n del Director Ra\u00fal Martinez en el Hospital Regional cumple diez a\u00f1os"}]},{"@type":"WebSite","@id":"https:\/\/radioinfinitagoya.com.ar\/v1\/#website","url":"https:\/\/radioinfinitagoya.com.ar\/v1\/","name":"radioinfinitagoya.com.ar","description":"Radio de noticias","publisher":{"@id":"https:\/\/radioinfinitagoya.com.ar\/v1\/#organization"},"potentialAction":[{"@type":"SearchAction","target":{"@type":"EntryPoint","urlTemplate":"https:\/\/radioinfinitagoya.com.ar\/v1\/?s={search_term_string}"},"query-input":{"@type":"PropertyValueSpecification","valueRequired":true,"valueName":"search_term_string"}}],"inLanguage":"es-AR"},{"@type":"Organization","@id":"https:\/\/radioinfinitagoya.com.ar\/v1\/#organization","name":"Radio Infinita Goya","url":"https:\/\/radioinfinitagoya.com.ar\/v1\/","logo":{"@type":"ImageObject","inLanguage":"es-AR","@id":"https:\/\/radioinfinitagoya.com.ar\/v1\/#\/schema\/logo\/image\/","url":"https:\/\/radioinfinitagoya.com.ar\/v1\/wp-content\/uploads\/2019\/11\/logo-pie-web.png","contentUrl":"https:\/\/radioinfinitagoya.com.ar\/v1\/wp-content\/uploads\/2019\/11\/logo-pie-web.png","width":635,"height":326,"caption":"Radio Infinita Goya"},"image":{"@id":"https:\/\/radioinfinitagoya.com.ar\/v1\/#\/schema\/logo\/image\/"},"sameAs":["https:\/\/www.facebook.com\/p\/Infinita-Goya-100063870918311\/"]},{"@type":"Person","@id":"https:\/\/radioinfinitagoya.com.ar\/v1\/#\/schema\/person\/d4cf9c413d4f6edb24aabdccab49ca4a","name":"Jorge Mi\u00f1o","image":{"@type":"ImageObject","inLanguage":"es-AR","@id":"https:\/\/secure.gravatar.com\/avatar\/910fcf6728fe95320e07a6643c1581fec1c7fc4bf8ae12e3d8f0d0373dc844be?s=96&d=mm&r=g","url":"https:\/\/secure.gravatar.com\/avatar\/910fcf6728fe95320e07a6643c1581fec1c7fc4bf8ae12e3d8f0d0373dc844be?s=96&d=mm&r=g","contentUrl":"https:\/\/secure.gravatar.com\/avatar\/910fcf6728fe95320e07a6643c1581fec1c7fc4bf8ae12e3d8f0d0373dc844be?s=96&d=mm&r=g","caption":"Jorge Mi\u00f1o"},"sameAs":["http:\/\/radioinfinitagoya.com.ar"]}]}},"_links":{"self":[{"href":"https:\/\/radioinfinitagoya.com.ar\/v1\/wp-json\/wp\/v2\/posts\/210246","targetHints":{"allow":["GET"]}}],"collection":[{"href":"https:\/\/radioinfinitagoya.com.ar\/v1\/wp-json\/wp\/v2\/posts"}],"about":[{"href":"https:\/\/radioinfinitagoya.com.ar\/v1\/wp-json\/wp\/v2\/types\/post"}],"author":[{"embeddable":true,"href":"https:\/\/radioinfinitagoya.com.ar\/v1\/wp-json\/wp\/v2\/users\/4"}],"replies":[{"embeddable":true,"href":"https:\/\/radioinfinitagoya.com.ar\/v1\/wp-json\/wp\/v2\/comments?post=210246"}],"version-history":[{"count":0,"href":"https:\/\/radioinfinitagoya.com.ar\/v1\/wp-json\/wp\/v2\/posts\/210246\/revisions"}],"wp:featuredmedia":[{"embeddable":true,"href":"https:\/\/radioinfinitagoya.com.ar\/v1\/wp-json\/wp\/v2\/media\/210247"}],"wp:attachment":[{"href":"https:\/\/radioinfinitagoya.com.ar\/v1\/wp-json\/wp\/v2\/media?parent=210246"}],"wp:term":[{"taxonomy":"category","embeddable":true,"href":"https:\/\/radioinfinitagoya.com.ar\/v1\/wp-json\/wp\/v2\/categories?post=210246"},{"taxonomy":"post_tag","embeddable":true,"href":"https:\/\/radioinfinitagoya.com.ar\/v1\/wp-json\/wp\/v2\/tags?post=210246"}],"curies":[{"name":"wp","href":"https:\/\/api.w.org\/{rel}","templated":true}]}}