{"id":210256,"date":"2026-03-15T17:48:14","date_gmt":"2026-03-15T20:48:14","guid":{"rendered":"https:\/\/radioinfinitagoya.com.ar\/v1\/?p=210256"},"modified":"2026-03-15T17:48:14","modified_gmt":"2026-03-15T20:48:14","slug":"buscan-intensamente-a-un-joven-de-19-anos-que-desaparecio-mientras-buscaba-ganado","status":"publish","type":"post","link":"https:\/\/radioinfinitagoya.com.ar\/v1\/2026\/03\/15\/buscan-intensamente-a-un-joven-de-19-anos-que-desaparecio-mientras-buscaba-ganado\/","title":{"rendered":"Buscan intensamente a un joven de 19  a\u00f1os que desapareci\u00f3 mientras buscaba ganado"},"content":{"rendered":"<p>Un amplio despliegue de fuerzas de seguridad y bomberos voluntarios se encuentra en marcha a orillas del r\u00edo Santa Luc\u00eda. El joven sali\u00f3 a caballo durante la tarde del s\u00e1bado para arrear ganado, pero el animal regres\u00f3 solo a la vivienda.<\/p>\n<p>La Polic\u00eda de Corrientes despleg\u00f3 un fuerte operativo ante la misteriosa desaparici\u00f3n de un joven de 19 a\u00f1os en la localidad de Santa Luc\u00eda.<\/p>\n<p>Seg\u00fan el reporte oficial, el sujeto parti\u00f3 a caballo cerca de las 19 del s\u00e1bado con el objetivo de buscar unos animales vacunos en la zona de la costa del r\u00edo Santa Luc\u00eda.<\/p>\n<p>La preocupaci\u00f3n se transform\u00f3 en urgencia pocas horas despu\u00e9s, cuando el equino regres\u00f3 al domicilio del joven sin su jinete y sin las riendas.<\/p>\n<p>Operativo conjunto<\/p>\n<p>Ante la denuncia, se conform\u00f3 de inmediato un comit\u00e9 de b\u00fasqueda coordinado por la polic\u00eda local, al que se sumaron r\u00e1pidamente diversas fuerzas para cubrir el dif\u00edcil terreno costero:<\/p>\n<p>Fuerzas de seguridad: personal de las Comisar\u00edas de Lavalle, Cruz de los Milagros, Gobernador Mart\u00ednez y el PRIAR.<\/p>\n<p>Prefectura Naval Argentina: a cargo de los rastrillajes por agua y zonas ribere\u00f1as.<\/p>\n<p>Bomberos Voluntarios: equipos especializados en b\u00fasqueda y rescate en \u00e1reas rurales.<\/p>\n<p>Los procedimientos se extendieron durante toda la noche y se retomaron a primera hora de hoy domingo, bajo condiciones de terreno que requieren una gran log\u00edstica debido a la vegetaci\u00f3n y la proximidad con el cauce del r\u00edo.<\/p>\n<p>Sin novedades hasta el momento<\/p>\n<p>Hasta el mediod\u00eda de este domingo, las fuerzas intervinientes no han logrado hallar indicios que permitan determinar el paradero del joven ni las causas por las cuales habr\u00eda ca\u00eddo del animal.<\/p>\n<p>Desde la Comisar\u00eda de Santa Luc\u00eda se solicita a cualquier persona que pueda aportar informaci\u00f3n relevante sobre los movimientos del joven en las \u00faltimas horas que se comunique de inmediato con la dependencia policial m\u00e1s cercana.<\/p>\n","protected":false},"excerpt":{"rendered":"<p>Un amplio despliegue de fuerzas de seguridad y bomberos voluntarios se encuentra en marcha a orillas del r\u00edo Santa Luc\u00eda. El joven sali\u00f3 a caballo durante la tarde del s\u00e1bado para arrear ganado, pero el animal regres\u00f3 solo a la vivienda. La Polic\u00eda de Corrientes despleg\u00f3 un fuerte operativo ante la misteriosa desaparici\u00f3n de un [&hellip;]<\/p>\n","protected":false},"author":4,"featured_media":210257,"comment_status":"open","ping_status":"open","sticky":false,"template":"","format":"standard","meta":{"_joinchat":[],"footnotes":""},"categories":[26],"tags":[],"class_list":{"0":"post-210256","1":"post","2":"type-post","3":"status-publish","4":"format-standard","5":"has-post-thumbnail","7":"category-provinciales"},"yoast_head":"<!-- This site is optimized with the Yoast SEO plugin v27.2 - https:\/\/yoast.com\/product\/yoast-seo-wordpress\/ -->\n<title>Buscan intensamente a un joven de 19 a\u00f1os que desapareci\u00f3 mientras buscaba ganado - Radio Infinita Goya<\/title>\n<meta name=\"description\" content=\"Un amplio despliegue de fuerzas de seguridad y bomberos voluntarios se encuentra en marcha a orillas del r\u00edo Santa Luc\u00eda. El joven sali\u00f3 a caballo durante\" \/>\n<meta name=\"robots\" content=\"index, follow, max-snippet:-1, max-image-preview:large, max-video-preview:-1\" \/>\n<link rel=\"canonical\" href=\"https:\/\/radioinfinitagoya.com.ar\/v1\/2026\/03\/15\/buscan-intensamente-a-un-joven-de-19-anos-que-desaparecio-mientras-buscaba-ganado\/\" \/>\n<meta property=\"og:locale\" content=\"es_ES\" \/>\n<meta property=\"og:type\" content=\"article\" \/>\n<meta property=\"og:title\" content=\"Buscan intensamente a un joven de 19 a\u00f1os que desapareci\u00f3 mientras buscaba ganado - Radio Infinita Goya\" \/>\n<meta property=\"og:description\" content=\"Un amplio despliegue de fuerzas de seguridad y bomberos voluntarios se encuentra en marcha a orillas del r\u00edo Santa Luc\u00eda. El joven sali\u00f3 a caballo durante\" \/>\n<meta property=\"og:url\" content=\"https:\/\/radioinfinitagoya.com.ar\/v1\/2026\/03\/15\/buscan-intensamente-a-un-joven-de-19-anos-que-desaparecio-mientras-buscaba-ganado\/\" \/>\n<meta property=\"og:site_name\" content=\"Radio Infinita Goya\" \/>\n<meta property=\"article:publisher\" content=\"https:\/\/www.facebook.com\/p\/Infinita-Goya-100063870918311\/\" \/>\n<meta property=\"article:published_time\" content=\"2026-03-15T20:48:14+00:00\" \/>\n<meta property=\"og:image\" content=\"https:\/\/radioinfinitagoya.com.ar\/v1\/wp-content\/uploads\/2026\/03\/1773591144767.webp\" \/>\n\t<meta property=\"og:image:width\" content=\"1200\" \/>\n\t<meta property=\"og:image:height\" content=\"675\" \/>\n\t<meta property=\"og:image:type\" content=\"image\/webp\" \/>\n<meta name=\"author\" content=\"Jorge Mi\u00f1o\" \/>\n<meta name=\"twitter:card\" content=\"summary_large_image\" \/>\n<meta name=\"twitter:label1\" content=\"Escrito por\" \/>\n\t<meta name=\"twitter:data1\" content=\"Jorge Mi\u00f1o\" \/>\n\t<meta name=\"twitter:label2\" content=\"Tiempo de lectura\" \/>\n\t<meta name=\"twitter:data2\" content=\"2 minutos\" \/>\n<script type=\"application\/ld+json\" class=\"yoast-schema-graph\">{\"@context\":\"https:\/\/schema.org\",\"@graph\":[{\"@type\":\"Article\",\"@id\":\"https:\/\/radioinfinitagoya.com.ar\/v1\/2026\/03\/15\/buscan-intensamente-a-un-joven-de-19-anos-que-desaparecio-mientras-buscaba-ganado\/#article\",\"isPartOf\":{\"@id\":\"https:\/\/radioinfinitagoya.com.ar\/v1\/2026\/03\/15\/buscan-intensamente-a-un-joven-de-19-anos-que-desaparecio-mientras-buscaba-ganado\/\"},\"author\":{\"name\":\"Jorge Mi\u00f1o\",\"@id\":\"https:\/\/radioinfinitagoya.com.ar\/v1\/#\/schema\/person\/d4cf9c413d4f6edb24aabdccab49ca4a\"},\"headline\":\"Buscan intensamente a un joven de 19 a\u00f1os que desapareci\u00f3 mientras buscaba ganado\",\"datePublished\":\"2026-03-15T20:48:14+00:00\",\"mainEntityOfPage\":{\"@id\":\"https:\/\/radioinfinitagoya.com.ar\/v1\/2026\/03\/15\/buscan-intensamente-a-un-joven-de-19-anos-que-desaparecio-mientras-buscaba-ganado\/\"},\"wordCount\":347,\"commentCount\":0,\"publisher\":{\"@id\":\"https:\/\/radioinfinitagoya.com.ar\/v1\/#organization\"},\"image\":{\"@id\":\"https:\/\/radioinfinitagoya.com.ar\/v1\/2026\/03\/15\/buscan-intensamente-a-un-joven-de-19-anos-que-desaparecio-mientras-buscaba-ganado\/#primaryimage\"},\"thumbnailUrl\":\"https:\/\/radioinfinitagoya.com.ar\/v1\/wp-content\/uploads\/2026\/03\/1773591144767.webp\",\"articleSection\":[\"PROVINCIALES\"],\"inLanguage\":\"es-AR\",\"potentialAction\":[{\"@type\":\"CommentAction\",\"name\":\"Comment\",\"target\":[\"https:\/\/radioinfinitagoya.com.ar\/v1\/2026\/03\/15\/buscan-intensamente-a-un-joven-de-19-anos-que-desaparecio-mientras-buscaba-ganado\/#respond\"]}]},{\"@type\":\"WebPage\",\"@id\":\"https:\/\/radioinfinitagoya.com.ar\/v1\/2026\/03\/15\/buscan-intensamente-a-un-joven-de-19-anos-que-desaparecio-mientras-buscaba-ganado\/\",\"url\":\"https:\/\/radioinfinitagoya.com.ar\/v1\/2026\/03\/15\/buscan-intensamente-a-un-joven-de-19-anos-que-desaparecio-mientras-buscaba-ganado\/\",\"name\":\"Buscan intensamente a un joven de 19 a\u00f1os que desapareci\u00f3 mientras buscaba ganado - Radio Infinita Goya\",\"isPartOf\":{\"@id\":\"https:\/\/radioinfinitagoya.com.ar\/v1\/#website\"},\"primaryImageOfPage\":{\"@id\":\"https:\/\/radioinfinitagoya.com.ar\/v1\/2026\/03\/15\/buscan-intensamente-a-un-joven-de-19-anos-que-desaparecio-mientras-buscaba-ganado\/#primaryimage\"},\"image\":{\"@id\":\"https:\/\/radioinfinitagoya.com.ar\/v1\/2026\/03\/15\/buscan-intensamente-a-un-joven-de-19-anos-que-desaparecio-mientras-buscaba-ganado\/#primaryimage\"},\"thumbnailUrl\":\"https:\/\/radioinfinitagoya.com.ar\/v1\/wp-content\/uploads\/2026\/03\/1773591144767.webp\",\"datePublished\":\"2026-03-15T20:48:14+00:00\",\"description\":\"Un amplio despliegue de fuerzas de seguridad y bomberos voluntarios se encuentra en marcha a orillas del r\u00edo Santa Luc\u00eda. El joven sali\u00f3 a caballo durante\",\"breadcrumb\":{\"@id\":\"https:\/\/radioinfinitagoya.com.ar\/v1\/2026\/03\/15\/buscan-intensamente-a-un-joven-de-19-anos-que-desaparecio-mientras-buscaba-ganado\/#breadcrumb\"},\"inLanguage\":\"es-AR\",\"potentialAction\":[{\"@type\":\"ReadAction\",\"target\":[\"https:\/\/radioinfinitagoya.com.ar\/v1\/2026\/03\/15\/buscan-intensamente-a-un-joven-de-19-anos-que-desaparecio-mientras-buscaba-ganado\/\"]}]},{\"@type\":\"ImageObject\",\"inLanguage\":\"es-AR\",\"@id\":\"https:\/\/radioinfinitagoya.com.ar\/v1\/2026\/03\/15\/buscan-intensamente-a-un-joven-de-19-anos-que-desaparecio-mientras-buscaba-ganado\/#primaryimage\",\"url\":\"https:\/\/radioinfinitagoya.com.ar\/v1\/wp-content\/uploads\/2026\/03\/1773591144767.webp\",\"contentUrl\":\"https:\/\/radioinfinitagoya.com.ar\/v1\/wp-content\/uploads\/2026\/03\/1773591144767.webp\",\"width\":1200,\"height\":675},{\"@type\":\"BreadcrumbList\",\"@id\":\"https:\/\/radioinfinitagoya.com.ar\/v1\/2026\/03\/15\/buscan-intensamente-a-un-joven-de-19-anos-que-desaparecio-mientras-buscaba-ganado\/#breadcrumb\",\"itemListElement\":[{\"@type\":\"ListItem\",\"position\":1,\"name\":\"Inicio\",\"item\":\"https:\/\/radioinfinitagoya.com.ar\/v1\/\"},{\"@type\":\"ListItem\",\"position\":2,\"name\":\"Buscan intensamente a un joven de 19 a\u00f1os que desapareci\u00f3 mientras buscaba ganado\"}]},{\"@type\":\"WebSite\",\"@id\":\"https:\/\/radioinfinitagoya.com.ar\/v1\/#website\",\"url\":\"https:\/\/radioinfinitagoya.com.ar\/v1\/\",\"name\":\"radioinfinitagoya.com.ar\",\"description\":\"Radio de noticias\",\"publisher\":{\"@id\":\"https:\/\/radioinfinitagoya.com.ar\/v1\/#organization\"},\"potentialAction\":[{\"@type\":\"SearchAction\",\"target\":{\"@type\":\"EntryPoint\",\"urlTemplate\":\"https:\/\/radioinfinitagoya.com.ar\/v1\/?s={search_term_string}\"},\"query-input\":{\"@type\":\"PropertyValueSpecification\",\"valueRequired\":true,\"valueName\":\"search_term_string\"}}],\"inLanguage\":\"es-AR\"},{\"@type\":\"Organization\",\"@id\":\"https:\/\/radioinfinitagoya.com.ar\/v1\/#organization\",\"name\":\"Radio Infinita Goya\",\"url\":\"https:\/\/radioinfinitagoya.com.ar\/v1\/\",\"logo\":{\"@type\":\"ImageObject\",\"inLanguage\":\"es-AR\",\"@id\":\"https:\/\/radioinfinitagoya.com.ar\/v1\/#\/schema\/logo\/image\/\",\"url\":\"https:\/\/radioinfinitagoya.com.ar\/v1\/wp-content\/uploads\/2019\/11\/logo-pie-web.png\",\"contentUrl\":\"https:\/\/radioinfinitagoya.com.ar\/v1\/wp-content\/uploads\/2019\/11\/logo-pie-web.png\",\"width\":635,\"height\":326,\"caption\":\"Radio Infinita Goya\"},\"image\":{\"@id\":\"https:\/\/radioinfinitagoya.com.ar\/v1\/#\/schema\/logo\/image\/\"},\"sameAs\":[\"https:\/\/www.facebook.com\/p\/Infinita-Goya-100063870918311\/\"]},{\"@type\":\"Person\",\"@id\":\"https:\/\/radioinfinitagoya.com.ar\/v1\/#\/schema\/person\/d4cf9c413d4f6edb24aabdccab49ca4a\",\"name\":\"Jorge Mi\u00f1o\",\"image\":{\"@type\":\"ImageObject\",\"inLanguage\":\"es-AR\",\"@id\":\"https:\/\/secure.gravatar.com\/avatar\/910fcf6728fe95320e07a6643c1581fec1c7fc4bf8ae12e3d8f0d0373dc844be?s=96&d=mm&r=g\",\"url\":\"https:\/\/secure.gravatar.com\/avatar\/910fcf6728fe95320e07a6643c1581fec1c7fc4bf8ae12e3d8f0d0373dc844be?s=96&d=mm&r=g\",\"contentUrl\":\"https:\/\/secure.gravatar.com\/avatar\/910fcf6728fe95320e07a6643c1581fec1c7fc4bf8ae12e3d8f0d0373dc844be?s=96&d=mm&r=g\",\"caption\":\"Jorge Mi\u00f1o\"},\"sameAs\":[\"http:\/\/radioinfinitagoya.com.ar\"]}]}<\/script>\n<!-- \/ Yoast SEO plugin. -->","yoast_head_json":{"title":"Buscan intensamente a un joven de 19 a\u00f1os que desapareci\u00f3 mientras buscaba ganado - Radio Infinita Goya","description":"Un amplio despliegue de fuerzas de seguridad y bomberos voluntarios se encuentra en marcha a orillas del r\u00edo Santa Luc\u00eda. El joven sali\u00f3 a caballo durante","robots":{"index":"index","follow":"follow","max-snippet":"max-snippet:-1","max-image-preview":"max-image-preview:large","max-video-preview":"max-video-preview:-1"},"canonical":"https:\/\/radioinfinitagoya.com.ar\/v1\/2026\/03\/15\/buscan-intensamente-a-un-joven-de-19-anos-que-desaparecio-mientras-buscaba-ganado\/","og_locale":"es_ES","og_type":"article","og_title":"Buscan intensamente a un joven de 19 a\u00f1os que desapareci\u00f3 mientras buscaba ganado - Radio Infinita Goya","og_description":"Un amplio despliegue de fuerzas de seguridad y bomberos voluntarios se encuentra en marcha a orillas del r\u00edo Santa Luc\u00eda. El joven sali\u00f3 a caballo durante","og_url":"https:\/\/radioinfinitagoya.com.ar\/v1\/2026\/03\/15\/buscan-intensamente-a-un-joven-de-19-anos-que-desaparecio-mientras-buscaba-ganado\/","og_site_name":"Radio Infinita Goya","article_publisher":"https:\/\/www.facebook.com\/p\/Infinita-Goya-100063870918311\/","article_published_time":"2026-03-15T20:48:14+00:00","og_image":[{"width":1200,"height":675,"url":"https:\/\/radioinfinitagoya.com.ar\/v1\/wp-content\/uploads\/2026\/03\/1773591144767.webp","type":"image\/webp"}],"author":"Jorge Mi\u00f1o","twitter_card":"summary_large_image","twitter_misc":{"Escrito por":"Jorge Mi\u00f1o","Tiempo de lectura":"2 minutos"},"schema":{"@context":"https:\/\/schema.org","@graph":[{"@type":"Article","@id":"https:\/\/radioinfinitagoya.com.ar\/v1\/2026\/03\/15\/buscan-intensamente-a-un-joven-de-19-anos-que-desaparecio-mientras-buscaba-ganado\/#article","isPartOf":{"@id":"https:\/\/radioinfinitagoya.com.ar\/v1\/2026\/03\/15\/buscan-intensamente-a-un-joven-de-19-anos-que-desaparecio-mientras-buscaba-ganado\/"},"author":{"name":"Jorge Mi\u00f1o","@id":"https:\/\/radioinfinitagoya.com.ar\/v1\/#\/schema\/person\/d4cf9c413d4f6edb24aabdccab49ca4a"},"headline":"Buscan intensamente a un joven de 19 a\u00f1os que desapareci\u00f3 mientras buscaba ganado","datePublished":"2026-03-15T20:48:14+00:00","mainEntityOfPage":{"@id":"https:\/\/radioinfinitagoya.com.ar\/v1\/2026\/03\/15\/buscan-intensamente-a-un-joven-de-19-anos-que-desaparecio-mientras-buscaba-ganado\/"},"wordCount":347,"commentCount":0,"publisher":{"@id":"https:\/\/radioinfinitagoya.com.ar\/v1\/#organization"},"image":{"@id":"https:\/\/radioinfinitagoya.com.ar\/v1\/2026\/03\/15\/buscan-intensamente-a-un-joven-de-19-anos-que-desaparecio-mientras-buscaba-ganado\/#primaryimage"},"thumbnailUrl":"https:\/\/radioinfinitagoya.com.ar\/v1\/wp-content\/uploads\/2026\/03\/1773591144767.webp","articleSection":["PROVINCIALES"],"inLanguage":"es-AR","potentialAction":[{"@type":"CommentAction","name":"Comment","target":["https:\/\/radioinfinitagoya.com.ar\/v1\/2026\/03\/15\/buscan-intensamente-a-un-joven-de-19-anos-que-desaparecio-mientras-buscaba-ganado\/#respond"]}]},{"@type":"WebPage","@id":"https:\/\/radioinfinitagoya.com.ar\/v1\/2026\/03\/15\/buscan-intensamente-a-un-joven-de-19-anos-que-desaparecio-mientras-buscaba-ganado\/","url":"https:\/\/radioinfinitagoya.com.ar\/v1\/2026\/03\/15\/buscan-intensamente-a-un-joven-de-19-anos-que-desaparecio-mientras-buscaba-ganado\/","name":"Buscan intensamente a un joven de 19 a\u00f1os que desapareci\u00f3 mientras buscaba ganado - Radio Infinita Goya","isPartOf":{"@id":"https:\/\/radioinfinitagoya.com.ar\/v1\/#website"},"primaryImageOfPage":{"@id":"https:\/\/radioinfinitagoya.com.ar\/v1\/2026\/03\/15\/buscan-intensamente-a-un-joven-de-19-anos-que-desaparecio-mientras-buscaba-ganado\/#primaryimage"},"image":{"@id":"https:\/\/radioinfinitagoya.com.ar\/v1\/2026\/03\/15\/buscan-intensamente-a-un-joven-de-19-anos-que-desaparecio-mientras-buscaba-ganado\/#primaryimage"},"thumbnailUrl":"https:\/\/radioinfinitagoya.com.ar\/v1\/wp-content\/uploads\/2026\/03\/1773591144767.webp","datePublished":"2026-03-15T20:48:14+00:00","description":"Un amplio despliegue de fuerzas de seguridad y bomberos voluntarios se encuentra en marcha a orillas del r\u00edo Santa Luc\u00eda. El joven sali\u00f3 a caballo durante","breadcrumb":{"@id":"https:\/\/radioinfinitagoya.com.ar\/v1\/2026\/03\/15\/buscan-intensamente-a-un-joven-de-19-anos-que-desaparecio-mientras-buscaba-ganado\/#breadcrumb"},"inLanguage":"es-AR","potentialAction":[{"@type":"ReadAction","target":["https:\/\/radioinfinitagoya.com.ar\/v1\/2026\/03\/15\/buscan-intensamente-a-un-joven-de-19-anos-que-desaparecio-mientras-buscaba-ganado\/"]}]},{"@type":"ImageObject","inLanguage":"es-AR","@id":"https:\/\/radioinfinitagoya.com.ar\/v1\/2026\/03\/15\/buscan-intensamente-a-un-joven-de-19-anos-que-desaparecio-mientras-buscaba-ganado\/#primaryimage","url":"https:\/\/radioinfinitagoya.com.ar\/v1\/wp-content\/uploads\/2026\/03\/1773591144767.webp","contentUrl":"https:\/\/radioinfinitagoya.com.ar\/v1\/wp-content\/uploads\/2026\/03\/1773591144767.webp","width":1200,"height":675},{"@type":"BreadcrumbList","@id":"https:\/\/radioinfinitagoya.com.ar\/v1\/2026\/03\/15\/buscan-intensamente-a-un-joven-de-19-anos-que-desaparecio-mientras-buscaba-ganado\/#breadcrumb","itemListElement":[{"@type":"ListItem","position":1,"name":"Inicio","item":"https:\/\/radioinfinitagoya.com.ar\/v1\/"},{"@type":"ListItem","position":2,"name":"Buscan intensamente a un joven de 19 a\u00f1os que desapareci\u00f3 mientras buscaba ganado"}]},{"@type":"WebSite","@id":"https:\/\/radioinfinitagoya.com.ar\/v1\/#website","url":"https:\/\/radioinfinitagoya.com.ar\/v1\/","name":"radioinfinitagoya.com.ar","description":"Radio de noticias","publisher":{"@id":"https:\/\/radioinfinitagoya.com.ar\/v1\/#organization"},"potentialAction":[{"@type":"SearchAction","target":{"@type":"EntryPoint","urlTemplate":"https:\/\/radioinfinitagoya.com.ar\/v1\/?s={search_term_string}"},"query-input":{"@type":"PropertyValueSpecification","valueRequired":true,"valueName":"search_term_string"}}],"inLanguage":"es-AR"},{"@type":"Organization","@id":"https:\/\/radioinfinitagoya.com.ar\/v1\/#organization","name":"Radio Infinita Goya","url":"https:\/\/radioinfinitagoya.com.ar\/v1\/","logo":{"@type":"ImageObject","inLanguage":"es-AR","@id":"https:\/\/radioinfinitagoya.com.ar\/v1\/#\/schema\/logo\/image\/","url":"https:\/\/radioinfinitagoya.com.ar\/v1\/wp-content\/uploads\/2019\/11\/logo-pie-web.png","contentUrl":"https:\/\/radioinfinitagoya.com.ar\/v1\/wp-content\/uploads\/2019\/11\/logo-pie-web.png","width":635,"height":326,"caption":"Radio Infinita Goya"},"image":{"@id":"https:\/\/radioinfinitagoya.com.ar\/v1\/#\/schema\/logo\/image\/"},"sameAs":["https:\/\/www.facebook.com\/p\/Infinita-Goya-100063870918311\/"]},{"@type":"Person","@id":"https:\/\/radioinfinitagoya.com.ar\/v1\/#\/schema\/person\/d4cf9c413d4f6edb24aabdccab49ca4a","name":"Jorge Mi\u00f1o","image":{"@type":"ImageObject","inLanguage":"es-AR","@id":"https:\/\/secure.gravatar.com\/avatar\/910fcf6728fe95320e07a6643c1581fec1c7fc4bf8ae12e3d8f0d0373dc844be?s=96&d=mm&r=g","url":"https:\/\/secure.gravatar.com\/avatar\/910fcf6728fe95320e07a6643c1581fec1c7fc4bf8ae12e3d8f0d0373dc844be?s=96&d=mm&r=g","contentUrl":"https:\/\/secure.gravatar.com\/avatar\/910fcf6728fe95320e07a6643c1581fec1c7fc4bf8ae12e3d8f0d0373dc844be?s=96&d=mm&r=g","caption":"Jorge Mi\u00f1o"},"sameAs":["http:\/\/radioinfinitagoya.com.ar"]}]}},"_links":{"self":[{"href":"https:\/\/radioinfinitagoya.com.ar\/v1\/wp-json\/wp\/v2\/posts\/210256","targetHints":{"allow":["GET"]}}],"collection":[{"href":"https:\/\/radioinfinitagoya.com.ar\/v1\/wp-json\/wp\/v2\/posts"}],"about":[{"href":"https:\/\/radioinfinitagoya.com.ar\/v1\/wp-json\/wp\/v2\/types\/post"}],"author":[{"embeddable":true,"href":"https:\/\/radioinfinitagoya.com.ar\/v1\/wp-json\/wp\/v2\/users\/4"}],"replies":[{"embeddable":true,"href":"https:\/\/radioinfinitagoya.com.ar\/v1\/wp-json\/wp\/v2\/comments?post=210256"}],"version-history":[{"count":0,"href":"https:\/\/radioinfinitagoya.com.ar\/v1\/wp-json\/wp\/v2\/posts\/210256\/revisions"}],"wp:featuredmedia":[{"embeddable":true,"href":"https:\/\/radioinfinitagoya.com.ar\/v1\/wp-json\/wp\/v2\/media\/210257"}],"wp:attachment":[{"href":"https:\/\/radioinfinitagoya.com.ar\/v1\/wp-json\/wp\/v2\/media?parent=210256"}],"wp:term":[{"taxonomy":"category","embeddable":true,"href":"https:\/\/radioinfinitagoya.com.ar\/v1\/wp-json\/wp\/v2\/categories?post=210256"},{"taxonomy":"post_tag","embeddable":true,"href":"https:\/\/radioinfinitagoya.com.ar\/v1\/wp-json\/wp\/v2\/tags?post=210256"}],"curies":[{"name":"wp","href":"https:\/\/api.w.org\/{rel}","templated":true}]}}