{"id":210259,"date":"2026-03-15T17:51:00","date_gmt":"2026-03-15T20:51:00","guid":{"rendered":"https:\/\/radioinfinitagoya.com.ar\/v1\/?p=210259"},"modified":"2026-03-15T17:51:00","modified_gmt":"2026-03-15T20:51:00","slug":"un-joven-de-26-anos-murio-tras-una-pelea-en-corrientes-hay-un-detenido","status":"publish","type":"post","link":"https:\/\/radioinfinitagoya.com.ar\/v1\/2026\/03\/15\/un-joven-de-26-anos-murio-tras-una-pelea-en-corrientes-hay-un-detenido\/","title":{"rendered":"Un joven de 26 a\u00f1os muri\u00f3 tras una pelea en Corrientes: hay un detenido"},"content":{"rendered":"<p>Un tr\u00e1gico altercado termin\u00f3 con la vida de un hombre en la madrugada de este domingo. Tras el hecho, efectivos de la Comisar\u00eda 14\u00b0 lograron detener al presunto autor del ataque.<\/p>\n<p>Un violento episodio se registr\u00f3 este domingo en el barrio Doctor Monta\u00f1a de la ciudad de Corrientes, donde un joven de 26 a\u00f1os muri\u00f3 tras recibir un impacto con un objeto contundente en medio de una pelea callejera.<\/p>\n<p>El hecho se registr\u00f3 alrededor de las 02:00 en la intersecci\u00f3n de las calles Agust\u00edn Lara y 130.<\/p>\n<p>Seg\u00fan las primeras informaciones policiales, la v\u00edctima mantuvo un altercado con otro sujeto de 18 a\u00f1os, durante el cual sufri\u00f3 graves lesiones en la zona occipital y cervical.<\/p>\n<p>Muerte y aprehensi\u00f3n<\/p>\n<p>Tras la agresi\u00f3n, el joven fue auxiliado y trasladado de urgencia hacia el CAPS del barrio Doctor Monta\u00f1a. Sin embargo, a pesar de los esfuerzos del personal m\u00e9dico, el paciente muri\u00f3 pocos minutos despu\u00e9s de su ingreso al centro de salud debido a la gravedad de las heridas sufridas.<\/p>\n<p>La Comisar\u00eda 14\u00b0 urbana inici\u00f3 inmediatamente las tareas investigativas en el lugar del hecho. Gracias a la celeridad de las actuaciones, los uniformados lograron identificar y demorar al presunto autor del homicidio, un joven de 18 a\u00f1os.<\/p>\n<p>El detenido fue puesto a disposici\u00f3n de la Unidad Fiscal en turno, mientras la polic\u00eda contin\u00faa recolectando testimonios y pruebas en la escena para determinar las causas exactas que originaron el fatal enfrentamiento. Las diligencias judiciales prosiguen en la mencionada dependencia policial para avanzar con la causa.<\/p>\n","protected":false},"excerpt":{"rendered":"<p>Un tr\u00e1gico altercado termin\u00f3 con la vida de un hombre en la madrugada de este domingo. Tras el hecho, efectivos de la Comisar\u00eda 14\u00b0 lograron detener al presunto autor del ataque. Un violento episodio se registr\u00f3 este domingo en el barrio Doctor Monta\u00f1a de la ciudad de Corrientes, donde un joven de 26 a\u00f1os muri\u00f3 [&hellip;]<\/p>\n","protected":false},"author":4,"featured_media":210260,"comment_status":"open","ping_status":"open","sticky":false,"template":"","format":"standard","meta":{"_joinchat":[],"footnotes":""},"categories":[26],"tags":[],"class_list":{"0":"post-210259","1":"post","2":"type-post","3":"status-publish","4":"format-standard","5":"has-post-thumbnail","7":"category-provinciales"},"yoast_head":"<!-- This site is optimized with the Yoast SEO plugin v27.2 - https:\/\/yoast.com\/product\/yoast-seo-wordpress\/ -->\n<title>Un joven de 26 a\u00f1os muri\u00f3 tras una pelea en Corrientes: hay un detenido - Radio Infinita Goya<\/title>\n<meta name=\"description\" content=\"Un tr\u00e1gico altercado termin\u00f3 con la vida de un hombre en la madrugada de este domingo. Tras el hecho, efectivos de la Comisar\u00eda 14\u00b0 lograron detener al\" \/>\n<meta name=\"robots\" content=\"index, follow, max-snippet:-1, max-image-preview:large, max-video-preview:-1\" \/>\n<link rel=\"canonical\" href=\"https:\/\/radioinfinitagoya.com.ar\/v1\/2026\/03\/15\/un-joven-de-26-anos-murio-tras-una-pelea-en-corrientes-hay-un-detenido\/\" \/>\n<meta property=\"og:locale\" content=\"es_ES\" \/>\n<meta property=\"og:type\" content=\"article\" \/>\n<meta property=\"og:title\" content=\"Un joven de 26 a\u00f1os muri\u00f3 tras una pelea en Corrientes: hay un detenido - Radio Infinita Goya\" \/>\n<meta property=\"og:description\" content=\"Un tr\u00e1gico altercado termin\u00f3 con la vida de un hombre en la madrugada de este domingo. Tras el hecho, efectivos de la Comisar\u00eda 14\u00b0 lograron detener al\" \/>\n<meta property=\"og:url\" content=\"https:\/\/radioinfinitagoya.com.ar\/v1\/2026\/03\/15\/un-joven-de-26-anos-murio-tras-una-pelea-en-corrientes-hay-un-detenido\/\" \/>\n<meta property=\"og:site_name\" content=\"Radio Infinita Goya\" \/>\n<meta property=\"article:publisher\" content=\"https:\/\/www.facebook.com\/p\/Infinita-Goya-100063870918311\/\" \/>\n<meta property=\"article:published_time\" content=\"2026-03-15T20:51:00+00:00\" \/>\n<meta property=\"og:image\" content=\"https:\/\/radioinfinitagoya.com.ar\/v1\/wp-content\/uploads\/2026\/03\/1773590743183.webp\" \/>\n\t<meta property=\"og:image:width\" content=\"1200\" \/>\n\t<meta property=\"og:image:height\" content=\"675\" \/>\n\t<meta property=\"og:image:type\" content=\"image\/webp\" \/>\n<meta name=\"author\" content=\"Jorge Mi\u00f1o\" \/>\n<meta name=\"twitter:card\" content=\"summary_large_image\" \/>\n<meta name=\"twitter:label1\" content=\"Escrito por\" \/>\n\t<meta name=\"twitter:data1\" content=\"Jorge Mi\u00f1o\" \/>\n\t<meta name=\"twitter:label2\" content=\"Tiempo de lectura\" \/>\n\t<meta name=\"twitter:data2\" content=\"2 minutos\" \/>\n<script type=\"application\/ld+json\" class=\"yoast-schema-graph\">{\"@context\":\"https:\/\/schema.org\",\"@graph\":[{\"@type\":\"Article\",\"@id\":\"https:\/\/radioinfinitagoya.com.ar\/v1\/2026\/03\/15\/un-joven-de-26-anos-murio-tras-una-pelea-en-corrientes-hay-un-detenido\/#article\",\"isPartOf\":{\"@id\":\"https:\/\/radioinfinitagoya.com.ar\/v1\/2026\/03\/15\/un-joven-de-26-anos-murio-tras-una-pelea-en-corrientes-hay-un-detenido\/\"},\"author\":{\"name\":\"Jorge Mi\u00f1o\",\"@id\":\"https:\/\/radioinfinitagoya.com.ar\/v1\/#\/schema\/person\/d4cf9c413d4f6edb24aabdccab49ca4a\"},\"headline\":\"Un joven de 26 a\u00f1os muri\u00f3 tras una pelea en Corrientes: hay un detenido\",\"datePublished\":\"2026-03-15T20:51:00+00:00\",\"mainEntityOfPage\":{\"@id\":\"https:\/\/radioinfinitagoya.com.ar\/v1\/2026\/03\/15\/un-joven-de-26-anos-murio-tras-una-pelea-en-corrientes-hay-un-detenido\/\"},\"wordCount\":277,\"commentCount\":0,\"publisher\":{\"@id\":\"https:\/\/radioinfinitagoya.com.ar\/v1\/#organization\"},\"image\":{\"@id\":\"https:\/\/radioinfinitagoya.com.ar\/v1\/2026\/03\/15\/un-joven-de-26-anos-murio-tras-una-pelea-en-corrientes-hay-un-detenido\/#primaryimage\"},\"thumbnailUrl\":\"https:\/\/radioinfinitagoya.com.ar\/v1\/wp-content\/uploads\/2026\/03\/1773590743183.webp\",\"articleSection\":[\"PROVINCIALES\"],\"inLanguage\":\"es-AR\",\"potentialAction\":[{\"@type\":\"CommentAction\",\"name\":\"Comment\",\"target\":[\"https:\/\/radioinfinitagoya.com.ar\/v1\/2026\/03\/15\/un-joven-de-26-anos-murio-tras-una-pelea-en-corrientes-hay-un-detenido\/#respond\"]}]},{\"@type\":\"WebPage\",\"@id\":\"https:\/\/radioinfinitagoya.com.ar\/v1\/2026\/03\/15\/un-joven-de-26-anos-murio-tras-una-pelea-en-corrientes-hay-un-detenido\/\",\"url\":\"https:\/\/radioinfinitagoya.com.ar\/v1\/2026\/03\/15\/un-joven-de-26-anos-murio-tras-una-pelea-en-corrientes-hay-un-detenido\/\",\"name\":\"Un joven de 26 a\u00f1os muri\u00f3 tras una pelea en Corrientes: hay un detenido - Radio Infinita Goya\",\"isPartOf\":{\"@id\":\"https:\/\/radioinfinitagoya.com.ar\/v1\/#website\"},\"primaryImageOfPage\":{\"@id\":\"https:\/\/radioinfinitagoya.com.ar\/v1\/2026\/03\/15\/un-joven-de-26-anos-murio-tras-una-pelea-en-corrientes-hay-un-detenido\/#primaryimage\"},\"image\":{\"@id\":\"https:\/\/radioinfinitagoya.com.ar\/v1\/2026\/03\/15\/un-joven-de-26-anos-murio-tras-una-pelea-en-corrientes-hay-un-detenido\/#primaryimage\"},\"thumbnailUrl\":\"https:\/\/radioinfinitagoya.com.ar\/v1\/wp-content\/uploads\/2026\/03\/1773590743183.webp\",\"datePublished\":\"2026-03-15T20:51:00+00:00\",\"description\":\"Un tr\u00e1gico altercado termin\u00f3 con la vida de un hombre en la madrugada de este domingo. Tras el hecho, efectivos de la Comisar\u00eda 14\u00b0 lograron detener al\",\"breadcrumb\":{\"@id\":\"https:\/\/radioinfinitagoya.com.ar\/v1\/2026\/03\/15\/un-joven-de-26-anos-murio-tras-una-pelea-en-corrientes-hay-un-detenido\/#breadcrumb\"},\"inLanguage\":\"es-AR\",\"potentialAction\":[{\"@type\":\"ReadAction\",\"target\":[\"https:\/\/radioinfinitagoya.com.ar\/v1\/2026\/03\/15\/un-joven-de-26-anos-murio-tras-una-pelea-en-corrientes-hay-un-detenido\/\"]}]},{\"@type\":\"ImageObject\",\"inLanguage\":\"es-AR\",\"@id\":\"https:\/\/radioinfinitagoya.com.ar\/v1\/2026\/03\/15\/un-joven-de-26-anos-murio-tras-una-pelea-en-corrientes-hay-un-detenido\/#primaryimage\",\"url\":\"https:\/\/radioinfinitagoya.com.ar\/v1\/wp-content\/uploads\/2026\/03\/1773590743183.webp\",\"contentUrl\":\"https:\/\/radioinfinitagoya.com.ar\/v1\/wp-content\/uploads\/2026\/03\/1773590743183.webp\",\"width\":1200,\"height\":675},{\"@type\":\"BreadcrumbList\",\"@id\":\"https:\/\/radioinfinitagoya.com.ar\/v1\/2026\/03\/15\/un-joven-de-26-anos-murio-tras-una-pelea-en-corrientes-hay-un-detenido\/#breadcrumb\",\"itemListElement\":[{\"@type\":\"ListItem\",\"position\":1,\"name\":\"Inicio\",\"item\":\"https:\/\/radioinfinitagoya.com.ar\/v1\/\"},{\"@type\":\"ListItem\",\"position\":2,\"name\":\"Un joven de 26 a\u00f1os muri\u00f3 tras una pelea en Corrientes: hay un detenido\"}]},{\"@type\":\"WebSite\",\"@id\":\"https:\/\/radioinfinitagoya.com.ar\/v1\/#website\",\"url\":\"https:\/\/radioinfinitagoya.com.ar\/v1\/\",\"name\":\"radioinfinitagoya.com.ar\",\"description\":\"Radio de noticias\",\"publisher\":{\"@id\":\"https:\/\/radioinfinitagoya.com.ar\/v1\/#organization\"},\"potentialAction\":[{\"@type\":\"SearchAction\",\"target\":{\"@type\":\"EntryPoint\",\"urlTemplate\":\"https:\/\/radioinfinitagoya.com.ar\/v1\/?s={search_term_string}\"},\"query-input\":{\"@type\":\"PropertyValueSpecification\",\"valueRequired\":true,\"valueName\":\"search_term_string\"}}],\"inLanguage\":\"es-AR\"},{\"@type\":\"Organization\",\"@id\":\"https:\/\/radioinfinitagoya.com.ar\/v1\/#organization\",\"name\":\"Radio Infinita Goya\",\"url\":\"https:\/\/radioinfinitagoya.com.ar\/v1\/\",\"logo\":{\"@type\":\"ImageObject\",\"inLanguage\":\"es-AR\",\"@id\":\"https:\/\/radioinfinitagoya.com.ar\/v1\/#\/schema\/logo\/image\/\",\"url\":\"https:\/\/radioinfinitagoya.com.ar\/v1\/wp-content\/uploads\/2019\/11\/logo-pie-web.png\",\"contentUrl\":\"https:\/\/radioinfinitagoya.com.ar\/v1\/wp-content\/uploads\/2019\/11\/logo-pie-web.png\",\"width\":635,\"height\":326,\"caption\":\"Radio Infinita Goya\"},\"image\":{\"@id\":\"https:\/\/radioinfinitagoya.com.ar\/v1\/#\/schema\/logo\/image\/\"},\"sameAs\":[\"https:\/\/www.facebook.com\/p\/Infinita-Goya-100063870918311\/\"]},{\"@type\":\"Person\",\"@id\":\"https:\/\/radioinfinitagoya.com.ar\/v1\/#\/schema\/person\/d4cf9c413d4f6edb24aabdccab49ca4a\",\"name\":\"Jorge Mi\u00f1o\",\"image\":{\"@type\":\"ImageObject\",\"inLanguage\":\"es-AR\",\"@id\":\"https:\/\/secure.gravatar.com\/avatar\/910fcf6728fe95320e07a6643c1581fec1c7fc4bf8ae12e3d8f0d0373dc844be?s=96&d=mm&r=g\",\"url\":\"https:\/\/secure.gravatar.com\/avatar\/910fcf6728fe95320e07a6643c1581fec1c7fc4bf8ae12e3d8f0d0373dc844be?s=96&d=mm&r=g\",\"contentUrl\":\"https:\/\/secure.gravatar.com\/avatar\/910fcf6728fe95320e07a6643c1581fec1c7fc4bf8ae12e3d8f0d0373dc844be?s=96&d=mm&r=g\",\"caption\":\"Jorge Mi\u00f1o\"},\"sameAs\":[\"http:\/\/radioinfinitagoya.com.ar\"]}]}<\/script>\n<!-- \/ Yoast SEO plugin. -->","yoast_head_json":{"title":"Un joven de 26 a\u00f1os muri\u00f3 tras una pelea en Corrientes: hay un detenido - Radio Infinita Goya","description":"Un tr\u00e1gico altercado termin\u00f3 con la vida de un hombre en la madrugada de este domingo. Tras el hecho, efectivos de la Comisar\u00eda 14\u00b0 lograron detener al","robots":{"index":"index","follow":"follow","max-snippet":"max-snippet:-1","max-image-preview":"max-image-preview:large","max-video-preview":"max-video-preview:-1"},"canonical":"https:\/\/radioinfinitagoya.com.ar\/v1\/2026\/03\/15\/un-joven-de-26-anos-murio-tras-una-pelea-en-corrientes-hay-un-detenido\/","og_locale":"es_ES","og_type":"article","og_title":"Un joven de 26 a\u00f1os muri\u00f3 tras una pelea en Corrientes: hay un detenido - Radio Infinita Goya","og_description":"Un tr\u00e1gico altercado termin\u00f3 con la vida de un hombre en la madrugada de este domingo. Tras el hecho, efectivos de la Comisar\u00eda 14\u00b0 lograron detener al","og_url":"https:\/\/radioinfinitagoya.com.ar\/v1\/2026\/03\/15\/un-joven-de-26-anos-murio-tras-una-pelea-en-corrientes-hay-un-detenido\/","og_site_name":"Radio Infinita Goya","article_publisher":"https:\/\/www.facebook.com\/p\/Infinita-Goya-100063870918311\/","article_published_time":"2026-03-15T20:51:00+00:00","og_image":[{"width":1200,"height":675,"url":"https:\/\/radioinfinitagoya.com.ar\/v1\/wp-content\/uploads\/2026\/03\/1773590743183.webp","type":"image\/webp"}],"author":"Jorge Mi\u00f1o","twitter_card":"summary_large_image","twitter_misc":{"Escrito por":"Jorge Mi\u00f1o","Tiempo de lectura":"2 minutos"},"schema":{"@context":"https:\/\/schema.org","@graph":[{"@type":"Article","@id":"https:\/\/radioinfinitagoya.com.ar\/v1\/2026\/03\/15\/un-joven-de-26-anos-murio-tras-una-pelea-en-corrientes-hay-un-detenido\/#article","isPartOf":{"@id":"https:\/\/radioinfinitagoya.com.ar\/v1\/2026\/03\/15\/un-joven-de-26-anos-murio-tras-una-pelea-en-corrientes-hay-un-detenido\/"},"author":{"name":"Jorge Mi\u00f1o","@id":"https:\/\/radioinfinitagoya.com.ar\/v1\/#\/schema\/person\/d4cf9c413d4f6edb24aabdccab49ca4a"},"headline":"Un joven de 26 a\u00f1os muri\u00f3 tras una pelea en Corrientes: hay un detenido","datePublished":"2026-03-15T20:51:00+00:00","mainEntityOfPage":{"@id":"https:\/\/radioinfinitagoya.com.ar\/v1\/2026\/03\/15\/un-joven-de-26-anos-murio-tras-una-pelea-en-corrientes-hay-un-detenido\/"},"wordCount":277,"commentCount":0,"publisher":{"@id":"https:\/\/radioinfinitagoya.com.ar\/v1\/#organization"},"image":{"@id":"https:\/\/radioinfinitagoya.com.ar\/v1\/2026\/03\/15\/un-joven-de-26-anos-murio-tras-una-pelea-en-corrientes-hay-un-detenido\/#primaryimage"},"thumbnailUrl":"https:\/\/radioinfinitagoya.com.ar\/v1\/wp-content\/uploads\/2026\/03\/1773590743183.webp","articleSection":["PROVINCIALES"],"inLanguage":"es-AR","potentialAction":[{"@type":"CommentAction","name":"Comment","target":["https:\/\/radioinfinitagoya.com.ar\/v1\/2026\/03\/15\/un-joven-de-26-anos-murio-tras-una-pelea-en-corrientes-hay-un-detenido\/#respond"]}]},{"@type":"WebPage","@id":"https:\/\/radioinfinitagoya.com.ar\/v1\/2026\/03\/15\/un-joven-de-26-anos-murio-tras-una-pelea-en-corrientes-hay-un-detenido\/","url":"https:\/\/radioinfinitagoya.com.ar\/v1\/2026\/03\/15\/un-joven-de-26-anos-murio-tras-una-pelea-en-corrientes-hay-un-detenido\/","name":"Un joven de 26 a\u00f1os muri\u00f3 tras una pelea en Corrientes: hay un detenido - Radio Infinita Goya","isPartOf":{"@id":"https:\/\/radioinfinitagoya.com.ar\/v1\/#website"},"primaryImageOfPage":{"@id":"https:\/\/radioinfinitagoya.com.ar\/v1\/2026\/03\/15\/un-joven-de-26-anos-murio-tras-una-pelea-en-corrientes-hay-un-detenido\/#primaryimage"},"image":{"@id":"https:\/\/radioinfinitagoya.com.ar\/v1\/2026\/03\/15\/un-joven-de-26-anos-murio-tras-una-pelea-en-corrientes-hay-un-detenido\/#primaryimage"},"thumbnailUrl":"https:\/\/radioinfinitagoya.com.ar\/v1\/wp-content\/uploads\/2026\/03\/1773590743183.webp","datePublished":"2026-03-15T20:51:00+00:00","description":"Un tr\u00e1gico altercado termin\u00f3 con la vida de un hombre en la madrugada de este domingo. Tras el hecho, efectivos de la Comisar\u00eda 14\u00b0 lograron detener al","breadcrumb":{"@id":"https:\/\/radioinfinitagoya.com.ar\/v1\/2026\/03\/15\/un-joven-de-26-anos-murio-tras-una-pelea-en-corrientes-hay-un-detenido\/#breadcrumb"},"inLanguage":"es-AR","potentialAction":[{"@type":"ReadAction","target":["https:\/\/radioinfinitagoya.com.ar\/v1\/2026\/03\/15\/un-joven-de-26-anos-murio-tras-una-pelea-en-corrientes-hay-un-detenido\/"]}]},{"@type":"ImageObject","inLanguage":"es-AR","@id":"https:\/\/radioinfinitagoya.com.ar\/v1\/2026\/03\/15\/un-joven-de-26-anos-murio-tras-una-pelea-en-corrientes-hay-un-detenido\/#primaryimage","url":"https:\/\/radioinfinitagoya.com.ar\/v1\/wp-content\/uploads\/2026\/03\/1773590743183.webp","contentUrl":"https:\/\/radioinfinitagoya.com.ar\/v1\/wp-content\/uploads\/2026\/03\/1773590743183.webp","width":1200,"height":675},{"@type":"BreadcrumbList","@id":"https:\/\/radioinfinitagoya.com.ar\/v1\/2026\/03\/15\/un-joven-de-26-anos-murio-tras-una-pelea-en-corrientes-hay-un-detenido\/#breadcrumb","itemListElement":[{"@type":"ListItem","position":1,"name":"Inicio","item":"https:\/\/radioinfinitagoya.com.ar\/v1\/"},{"@type":"ListItem","position":2,"name":"Un joven de 26 a\u00f1os muri\u00f3 tras una pelea en Corrientes: hay un detenido"}]},{"@type":"WebSite","@id":"https:\/\/radioinfinitagoya.com.ar\/v1\/#website","url":"https:\/\/radioinfinitagoya.com.ar\/v1\/","name":"radioinfinitagoya.com.ar","description":"Radio de noticias","publisher":{"@id":"https:\/\/radioinfinitagoya.com.ar\/v1\/#organization"},"potentialAction":[{"@type":"SearchAction","target":{"@type":"EntryPoint","urlTemplate":"https:\/\/radioinfinitagoya.com.ar\/v1\/?s={search_term_string}"},"query-input":{"@type":"PropertyValueSpecification","valueRequired":true,"valueName":"search_term_string"}}],"inLanguage":"es-AR"},{"@type":"Organization","@id":"https:\/\/radioinfinitagoya.com.ar\/v1\/#organization","name":"Radio Infinita Goya","url":"https:\/\/radioinfinitagoya.com.ar\/v1\/","logo":{"@type":"ImageObject","inLanguage":"es-AR","@id":"https:\/\/radioinfinitagoya.com.ar\/v1\/#\/schema\/logo\/image\/","url":"https:\/\/radioinfinitagoya.com.ar\/v1\/wp-content\/uploads\/2019\/11\/logo-pie-web.png","contentUrl":"https:\/\/radioinfinitagoya.com.ar\/v1\/wp-content\/uploads\/2019\/11\/logo-pie-web.png","width":635,"height":326,"caption":"Radio Infinita Goya"},"image":{"@id":"https:\/\/radioinfinitagoya.com.ar\/v1\/#\/schema\/logo\/image\/"},"sameAs":["https:\/\/www.facebook.com\/p\/Infinita-Goya-100063870918311\/"]},{"@type":"Person","@id":"https:\/\/radioinfinitagoya.com.ar\/v1\/#\/schema\/person\/d4cf9c413d4f6edb24aabdccab49ca4a","name":"Jorge Mi\u00f1o","image":{"@type":"ImageObject","inLanguage":"es-AR","@id":"https:\/\/secure.gravatar.com\/avatar\/910fcf6728fe95320e07a6643c1581fec1c7fc4bf8ae12e3d8f0d0373dc844be?s=96&d=mm&r=g","url":"https:\/\/secure.gravatar.com\/avatar\/910fcf6728fe95320e07a6643c1581fec1c7fc4bf8ae12e3d8f0d0373dc844be?s=96&d=mm&r=g","contentUrl":"https:\/\/secure.gravatar.com\/avatar\/910fcf6728fe95320e07a6643c1581fec1c7fc4bf8ae12e3d8f0d0373dc844be?s=96&d=mm&r=g","caption":"Jorge Mi\u00f1o"},"sameAs":["http:\/\/radioinfinitagoya.com.ar"]}]}},"_links":{"self":[{"href":"https:\/\/radioinfinitagoya.com.ar\/v1\/wp-json\/wp\/v2\/posts\/210259","targetHints":{"allow":["GET"]}}],"collection":[{"href":"https:\/\/radioinfinitagoya.com.ar\/v1\/wp-json\/wp\/v2\/posts"}],"about":[{"href":"https:\/\/radioinfinitagoya.com.ar\/v1\/wp-json\/wp\/v2\/types\/post"}],"author":[{"embeddable":true,"href":"https:\/\/radioinfinitagoya.com.ar\/v1\/wp-json\/wp\/v2\/users\/4"}],"replies":[{"embeddable":true,"href":"https:\/\/radioinfinitagoya.com.ar\/v1\/wp-json\/wp\/v2\/comments?post=210259"}],"version-history":[{"count":0,"href":"https:\/\/radioinfinitagoya.com.ar\/v1\/wp-json\/wp\/v2\/posts\/210259\/revisions"}],"wp:featuredmedia":[{"embeddable":true,"href":"https:\/\/radioinfinitagoya.com.ar\/v1\/wp-json\/wp\/v2\/media\/210260"}],"wp:attachment":[{"href":"https:\/\/radioinfinitagoya.com.ar\/v1\/wp-json\/wp\/v2\/media?parent=210259"}],"wp:term":[{"taxonomy":"category","embeddable":true,"href":"https:\/\/radioinfinitagoya.com.ar\/v1\/wp-json\/wp\/v2\/categories?post=210259"},{"taxonomy":"post_tag","embeddable":true,"href":"https:\/\/radioinfinitagoya.com.ar\/v1\/wp-json\/wp\/v2\/tags?post=210259"}],"curies":[{"name":"wp","href":"https:\/\/api.w.org\/{rel}","templated":true}]}}