{"id":210262,"date":"2026-03-15T17:55:28","date_gmt":"2026-03-15T20:55:28","guid":{"rendered":"https:\/\/radioinfinitagoya.com.ar\/v1\/?p=210262"},"modified":"2026-03-15T17:55:28","modified_gmt":"2026-03-15T20:55:28","slug":"inician-los-operativos-de-control-sanitario-integral-en-los-cdi-de-corrientes","status":"publish","type":"post","link":"https:\/\/radioinfinitagoya.com.ar\/v1\/2026\/03\/15\/inician-los-operativos-de-control-sanitario-integral-en-los-cdi-de-corrientes\/","title":{"rendered":"Inician los operativos de control sanitario integral en los CDI de Corrientes"},"content":{"rendered":"<p>A partir de este lunes 16 de marzo, equipos profesionales recorrer\u00e1n los 16 Centros de Desarrollo Infantil de la ciudad.<\/p>\n<p>Con el objetivo de acercar los servicios sanitarios a los barrios y fomentar h\u00e1bitos saludables desde la primera infancia, la Municipalidad de Corrientes pondr\u00e1 en marcha un programa de controles de salud integral en todos los Centros de Desarrollo Infantil (CDI) comunales.<\/p>\n<p>La tarea estar\u00e1 a cargo de los equipos de las Salas de Atenci\u00f3n Primaria de la Salud (SAPS).<\/p>\n<p>El secretario de Salud municipal, Rafael Corona, detall\u00f3 que la intervenci\u00f3n busca realizar un abordaje completo del estado f\u00edsico y nutricional de los ni\u00f1os.<\/p>\n<p>&#8220;La Municipalidad realizar\u00e1 en los CDI el control de ni\u00f1os sanos, donde se eval\u00faa el estado nutricional a trav\u00e9s del control de peso, talla y per\u00edmetro cef\u00e1lico, adem\u00e1s de pautas de alimentaci\u00f3n saludable, examen bucodental, evaluaci\u00f3n del desarrollo postural y funciones neuromotoras&#8221;, explic\u00f3 el funcionario.<\/p>\n<p>Ejes de la atenci\u00f3n m\u00e9dica<\/p>\n<p>La propuesta tiene como fin optimizar la llegada de los servicios municipales a los vecinos. Los puntos centrales de estos operativos incluyen:<\/p>\n<p>Evaluaci\u00f3n nutricional: control de crecimiento antropom\u00e9trico.<\/p>\n<p>Salud bucodental: examen cl\u00ednico de piezas dentarias y ense\u00f1anza de t\u00e9cnicas de cepillado.<\/p>\n<p>Esquema de inmunizaci\u00f3n: verificaci\u00f3n y actualizaci\u00f3n del Calendario Nacional de Vacunaci\u00f3n.<\/p>\n<p>Detecci\u00f3n temprana: identificaci\u00f3n precoz de desnutrici\u00f3n, problemas de desarrollo o patolog\u00edas infantiles para una derivaci\u00f3n oportuna a los centros de salud.<\/p>\n<p>&#8220;La vacuna es una herramienta primordial dentro de la prevenci\u00f3n de enfermedades&#8221;, remarc\u00f3 Corona, subrayando la importancia de que los ni\u00f1os cuenten con sus dosis al d\u00eda para garantizar un desarrollo saludable.<\/p>\n<p>Cronograma y alcance<\/p>\n<p>El operativo est\u00e1 dise\u00f1ado bajo un esquema de trabajo conjunto entre las secretar\u00edas de Salud y de Cultura y Educaci\u00f3n. El cronograma contempla una primera ronda de visitas que abarcar\u00e1 la totalidad de los 16 CDI distribuidos en la capital, con una segunda etapa de refuerzo proyectada para el mes de agosto.<\/p>\n<p>Esta pol\u00edtica de descentralizaci\u00f3n busca aprovechar el contacto cotidiano que las familias tienen con los centros educativos para garantizar que ning\u00fan ni\u00f1o quede fuera de los controles preventivos b\u00e1sicos. Seg\u00fan las autoridades, este modelo de atenci\u00f3n permite una respuesta r\u00e1pida ante cualquier dificultad detectada en el crecimiento infantil, reforzando el compromiso de la gesti\u00f3n municipal con la salud comunitaria.<\/p>\n<p>Los operativos se cumplir\u00e1n en los CDI en d\u00edas h\u00e1biles, de lunes a viernes de 9 a 12 y de 14 a 17hs, de acuerdo al siguiente cronograma.<\/p>\n<p>Lunes 16: CDI I. Barrio Popular. Calle Pedernera 721.<br \/>\nMartes 17: CDI XVI. Barrio Pirayu\u00ed. Cuba 5.900<br \/>\nJueves 19: CDI II. Barrio Primera Junta. Madariaga 2.750<br \/>\nViernes 20: CDI XV. Barrio Laguna Brava. Ministro Fern\u00e1ndez y Mocito Acu\u00f1a.<br \/>\nJueves 26: CDI III. Barrio Lomas del Mirador. Sicilia y Pasaje Linares.<br \/>\nViernes 27: CDI XIV. Giusti y Boedo.<br \/>\nLunes 30: CDI IV. Barrio San Marcos. Roque P\u00e9rez y Los Alpes.<br \/>\nMartes 31: CDI XIII. Barrio Anah\u00ed. Cristo Obrero 360.<\/p>\n<p>Abril<\/p>\n<p>Lunes 06: CDI V. Barrio Itat\u00ed. Amado Bonpland y Mar del Plata.<br \/>\nMartes 07: CDI XII. Barrio Guadalupe. Alta Gracia 2.915.<br \/>\nJueves 09: CDI VI. Barrio Quilmes. Z\u00e1rate 3400.<br \/>\nViernes 10: CDI XI. Barrio Virgen de los Dolores. Hern\u00e1n Cortez y Gutniski<br \/>\nLunes 13: CDI VII. Barrio Santa Marta. J. R. Vidal y R\u00edo Paran\u00e1.<br \/>\nMartes 14: CDI X. Barrio Serantes. Corintos 3700.<br \/>\nJueves 16: CDI VIII. Barrio Esperanza. Frente a la Escuela Primaria.<br \/>\nViernes 17: CDI IX. Barrio San Benito. Lamadrid 450.<\/p>\n<p>&nbsp;<\/p>\n<p>&nbsp;<\/p>\n","protected":false},"excerpt":{"rendered":"<p>A partir de este lunes 16 de marzo, equipos profesionales recorrer\u00e1n los 16 Centros de Desarrollo Infantil de la ciudad. Con el objetivo de acercar los servicios sanitarios a los barrios y fomentar h\u00e1bitos saludables desde la primera infancia, la Municipalidad de Corrientes pondr\u00e1 en marcha un programa de controles de salud integral en todos [&hellip;]<\/p>\n","protected":false},"author":4,"featured_media":210263,"comment_status":"open","ping_status":"open","sticky":false,"template":"","format":"standard","meta":{"_joinchat":[],"footnotes":""},"categories":[26],"tags":[],"class_list":{"0":"post-210262","1":"post","2":"type-post","3":"status-publish","4":"format-standard","5":"has-post-thumbnail","7":"category-provinciales"},"yoast_head":"<!-- This site is optimized with the Yoast SEO plugin v27.2 - https:\/\/yoast.com\/product\/yoast-seo-wordpress\/ -->\n<title>Inician los operativos de control sanitario integral en los CDI de Corrientes - Radio Infinita Goya<\/title>\n<meta name=\"description\" content=\"A partir de este lunes 16 de marzo, equipos profesionales recorrer\u00e1n los 16 Centros de Desarrollo Infantil de la ciudad. Con el objetivo de acercar los\" \/>\n<meta name=\"robots\" content=\"index, follow, max-snippet:-1, max-image-preview:large, max-video-preview:-1\" \/>\n<link rel=\"canonical\" href=\"https:\/\/radioinfinitagoya.com.ar\/v1\/2026\/03\/15\/inician-los-operativos-de-control-sanitario-integral-en-los-cdi-de-corrientes\/\" \/>\n<meta property=\"og:locale\" content=\"es_ES\" \/>\n<meta property=\"og:type\" content=\"article\" \/>\n<meta property=\"og:title\" content=\"Inician los operativos de control sanitario integral en los CDI de Corrientes - Radio Infinita Goya\" \/>\n<meta property=\"og:description\" content=\"A partir de este lunes 16 de marzo, equipos profesionales recorrer\u00e1n los 16 Centros de Desarrollo Infantil de la ciudad. Con el objetivo de acercar los\" \/>\n<meta property=\"og:url\" content=\"https:\/\/radioinfinitagoya.com.ar\/v1\/2026\/03\/15\/inician-los-operativos-de-control-sanitario-integral-en-los-cdi-de-corrientes\/\" \/>\n<meta property=\"og:site_name\" content=\"Radio Infinita Goya\" \/>\n<meta property=\"article:publisher\" content=\"https:\/\/www.facebook.com\/p\/Infinita-Goya-100063870918311\/\" \/>\n<meta property=\"article:published_time\" content=\"2026-03-15T20:55:28+00:00\" \/>\n<meta property=\"og:image\" content=\"https:\/\/radioinfinitagoya.com.ar\/v1\/wp-content\/uploads\/2026\/03\/1773590251304.webp\" \/>\n\t<meta property=\"og:image:width\" content=\"1200\" \/>\n\t<meta property=\"og:image:height\" content=\"675\" \/>\n\t<meta property=\"og:image:type\" content=\"image\/webp\" \/>\n<meta name=\"author\" content=\"Jorge Mi\u00f1o\" \/>\n<meta name=\"twitter:card\" content=\"summary_large_image\" \/>\n<meta name=\"twitter:label1\" content=\"Escrito por\" \/>\n\t<meta name=\"twitter:data1\" content=\"Jorge Mi\u00f1o\" \/>\n\t<meta name=\"twitter:label2\" content=\"Tiempo de lectura\" \/>\n\t<meta name=\"twitter:data2\" content=\"3 minutos\" \/>\n<script type=\"application\/ld+json\" class=\"yoast-schema-graph\">{\"@context\":\"https:\/\/schema.org\",\"@graph\":[{\"@type\":\"Article\",\"@id\":\"https:\/\/radioinfinitagoya.com.ar\/v1\/2026\/03\/15\/inician-los-operativos-de-control-sanitario-integral-en-los-cdi-de-corrientes\/#article\",\"isPartOf\":{\"@id\":\"https:\/\/radioinfinitagoya.com.ar\/v1\/2026\/03\/15\/inician-los-operativos-de-control-sanitario-integral-en-los-cdi-de-corrientes\/\"},\"author\":{\"name\":\"Jorge Mi\u00f1o\",\"@id\":\"https:\/\/radioinfinitagoya.com.ar\/v1\/#\/schema\/person\/d4cf9c413d4f6edb24aabdccab49ca4a\"},\"headline\":\"Inician los operativos de control sanitario integral en los CDI de Corrientes\",\"datePublished\":\"2026-03-15T20:55:28+00:00\",\"mainEntityOfPage\":{\"@id\":\"https:\/\/radioinfinitagoya.com.ar\/v1\/2026\/03\/15\/inician-los-operativos-de-control-sanitario-integral-en-los-cdi-de-corrientes\/\"},\"wordCount\":601,\"commentCount\":0,\"publisher\":{\"@id\":\"https:\/\/radioinfinitagoya.com.ar\/v1\/#organization\"},\"image\":{\"@id\":\"https:\/\/radioinfinitagoya.com.ar\/v1\/2026\/03\/15\/inician-los-operativos-de-control-sanitario-integral-en-los-cdi-de-corrientes\/#primaryimage\"},\"thumbnailUrl\":\"https:\/\/radioinfinitagoya.com.ar\/v1\/wp-content\/uploads\/2026\/03\/1773590251304.webp\",\"articleSection\":[\"PROVINCIALES\"],\"inLanguage\":\"es-AR\",\"potentialAction\":[{\"@type\":\"CommentAction\",\"name\":\"Comment\",\"target\":[\"https:\/\/radioinfinitagoya.com.ar\/v1\/2026\/03\/15\/inician-los-operativos-de-control-sanitario-integral-en-los-cdi-de-corrientes\/#respond\"]}]},{\"@type\":\"WebPage\",\"@id\":\"https:\/\/radioinfinitagoya.com.ar\/v1\/2026\/03\/15\/inician-los-operativos-de-control-sanitario-integral-en-los-cdi-de-corrientes\/\",\"url\":\"https:\/\/radioinfinitagoya.com.ar\/v1\/2026\/03\/15\/inician-los-operativos-de-control-sanitario-integral-en-los-cdi-de-corrientes\/\",\"name\":\"Inician los operativos de control sanitario integral en los CDI de Corrientes - Radio Infinita Goya\",\"isPartOf\":{\"@id\":\"https:\/\/radioinfinitagoya.com.ar\/v1\/#website\"},\"primaryImageOfPage\":{\"@id\":\"https:\/\/radioinfinitagoya.com.ar\/v1\/2026\/03\/15\/inician-los-operativos-de-control-sanitario-integral-en-los-cdi-de-corrientes\/#primaryimage\"},\"image\":{\"@id\":\"https:\/\/radioinfinitagoya.com.ar\/v1\/2026\/03\/15\/inician-los-operativos-de-control-sanitario-integral-en-los-cdi-de-corrientes\/#primaryimage\"},\"thumbnailUrl\":\"https:\/\/radioinfinitagoya.com.ar\/v1\/wp-content\/uploads\/2026\/03\/1773590251304.webp\",\"datePublished\":\"2026-03-15T20:55:28+00:00\",\"description\":\"A partir de este lunes 16 de marzo, equipos profesionales recorrer\u00e1n los 16 Centros de Desarrollo Infantil de la ciudad. Con el objetivo de acercar los\",\"breadcrumb\":{\"@id\":\"https:\/\/radioinfinitagoya.com.ar\/v1\/2026\/03\/15\/inician-los-operativos-de-control-sanitario-integral-en-los-cdi-de-corrientes\/#breadcrumb\"},\"inLanguage\":\"es-AR\",\"potentialAction\":[{\"@type\":\"ReadAction\",\"target\":[\"https:\/\/radioinfinitagoya.com.ar\/v1\/2026\/03\/15\/inician-los-operativos-de-control-sanitario-integral-en-los-cdi-de-corrientes\/\"]}]},{\"@type\":\"ImageObject\",\"inLanguage\":\"es-AR\",\"@id\":\"https:\/\/radioinfinitagoya.com.ar\/v1\/2026\/03\/15\/inician-los-operativos-de-control-sanitario-integral-en-los-cdi-de-corrientes\/#primaryimage\",\"url\":\"https:\/\/radioinfinitagoya.com.ar\/v1\/wp-content\/uploads\/2026\/03\/1773590251304.webp\",\"contentUrl\":\"https:\/\/radioinfinitagoya.com.ar\/v1\/wp-content\/uploads\/2026\/03\/1773590251304.webp\",\"width\":1200,\"height\":675},{\"@type\":\"BreadcrumbList\",\"@id\":\"https:\/\/radioinfinitagoya.com.ar\/v1\/2026\/03\/15\/inician-los-operativos-de-control-sanitario-integral-en-los-cdi-de-corrientes\/#breadcrumb\",\"itemListElement\":[{\"@type\":\"ListItem\",\"position\":1,\"name\":\"Inicio\",\"item\":\"https:\/\/radioinfinitagoya.com.ar\/v1\/\"},{\"@type\":\"ListItem\",\"position\":2,\"name\":\"Inician los operativos de control sanitario integral en los CDI de Corrientes\"}]},{\"@type\":\"WebSite\",\"@id\":\"https:\/\/radioinfinitagoya.com.ar\/v1\/#website\",\"url\":\"https:\/\/radioinfinitagoya.com.ar\/v1\/\",\"name\":\"radioinfinitagoya.com.ar\",\"description\":\"Radio de noticias\",\"publisher\":{\"@id\":\"https:\/\/radioinfinitagoya.com.ar\/v1\/#organization\"},\"potentialAction\":[{\"@type\":\"SearchAction\",\"target\":{\"@type\":\"EntryPoint\",\"urlTemplate\":\"https:\/\/radioinfinitagoya.com.ar\/v1\/?s={search_term_string}\"},\"query-input\":{\"@type\":\"PropertyValueSpecification\",\"valueRequired\":true,\"valueName\":\"search_term_string\"}}],\"inLanguage\":\"es-AR\"},{\"@type\":\"Organization\",\"@id\":\"https:\/\/radioinfinitagoya.com.ar\/v1\/#organization\",\"name\":\"Radio Infinita Goya\",\"url\":\"https:\/\/radioinfinitagoya.com.ar\/v1\/\",\"logo\":{\"@type\":\"ImageObject\",\"inLanguage\":\"es-AR\",\"@id\":\"https:\/\/radioinfinitagoya.com.ar\/v1\/#\/schema\/logo\/image\/\",\"url\":\"https:\/\/radioinfinitagoya.com.ar\/v1\/wp-content\/uploads\/2019\/11\/logo-pie-web.png\",\"contentUrl\":\"https:\/\/radioinfinitagoya.com.ar\/v1\/wp-content\/uploads\/2019\/11\/logo-pie-web.png\",\"width\":635,\"height\":326,\"caption\":\"Radio Infinita Goya\"},\"image\":{\"@id\":\"https:\/\/radioinfinitagoya.com.ar\/v1\/#\/schema\/logo\/image\/\"},\"sameAs\":[\"https:\/\/www.facebook.com\/p\/Infinita-Goya-100063870918311\/\"]},{\"@type\":\"Person\",\"@id\":\"https:\/\/radioinfinitagoya.com.ar\/v1\/#\/schema\/person\/d4cf9c413d4f6edb24aabdccab49ca4a\",\"name\":\"Jorge Mi\u00f1o\",\"image\":{\"@type\":\"ImageObject\",\"inLanguage\":\"es-AR\",\"@id\":\"https:\/\/secure.gravatar.com\/avatar\/910fcf6728fe95320e07a6643c1581fec1c7fc4bf8ae12e3d8f0d0373dc844be?s=96&d=mm&r=g\",\"url\":\"https:\/\/secure.gravatar.com\/avatar\/910fcf6728fe95320e07a6643c1581fec1c7fc4bf8ae12e3d8f0d0373dc844be?s=96&d=mm&r=g\",\"contentUrl\":\"https:\/\/secure.gravatar.com\/avatar\/910fcf6728fe95320e07a6643c1581fec1c7fc4bf8ae12e3d8f0d0373dc844be?s=96&d=mm&r=g\",\"caption\":\"Jorge Mi\u00f1o\"},\"sameAs\":[\"http:\/\/radioinfinitagoya.com.ar\"]}]}<\/script>\n<!-- \/ Yoast SEO plugin. -->","yoast_head_json":{"title":"Inician los operativos de control sanitario integral en los CDI de Corrientes - Radio Infinita Goya","description":"A partir de este lunes 16 de marzo, equipos profesionales recorrer\u00e1n los 16 Centros de Desarrollo Infantil de la ciudad. Con el objetivo de acercar los","robots":{"index":"index","follow":"follow","max-snippet":"max-snippet:-1","max-image-preview":"max-image-preview:large","max-video-preview":"max-video-preview:-1"},"canonical":"https:\/\/radioinfinitagoya.com.ar\/v1\/2026\/03\/15\/inician-los-operativos-de-control-sanitario-integral-en-los-cdi-de-corrientes\/","og_locale":"es_ES","og_type":"article","og_title":"Inician los operativos de control sanitario integral en los CDI de Corrientes - Radio Infinita Goya","og_description":"A partir de este lunes 16 de marzo, equipos profesionales recorrer\u00e1n los 16 Centros de Desarrollo Infantil de la ciudad. Con el objetivo de acercar los","og_url":"https:\/\/radioinfinitagoya.com.ar\/v1\/2026\/03\/15\/inician-los-operativos-de-control-sanitario-integral-en-los-cdi-de-corrientes\/","og_site_name":"Radio Infinita Goya","article_publisher":"https:\/\/www.facebook.com\/p\/Infinita-Goya-100063870918311\/","article_published_time":"2026-03-15T20:55:28+00:00","og_image":[{"width":1200,"height":675,"url":"https:\/\/radioinfinitagoya.com.ar\/v1\/wp-content\/uploads\/2026\/03\/1773590251304.webp","type":"image\/webp"}],"author":"Jorge Mi\u00f1o","twitter_card":"summary_large_image","twitter_misc":{"Escrito por":"Jorge Mi\u00f1o","Tiempo de lectura":"3 minutos"},"schema":{"@context":"https:\/\/schema.org","@graph":[{"@type":"Article","@id":"https:\/\/radioinfinitagoya.com.ar\/v1\/2026\/03\/15\/inician-los-operativos-de-control-sanitario-integral-en-los-cdi-de-corrientes\/#article","isPartOf":{"@id":"https:\/\/radioinfinitagoya.com.ar\/v1\/2026\/03\/15\/inician-los-operativos-de-control-sanitario-integral-en-los-cdi-de-corrientes\/"},"author":{"name":"Jorge Mi\u00f1o","@id":"https:\/\/radioinfinitagoya.com.ar\/v1\/#\/schema\/person\/d4cf9c413d4f6edb24aabdccab49ca4a"},"headline":"Inician los operativos de control sanitario integral en los CDI de Corrientes","datePublished":"2026-03-15T20:55:28+00:00","mainEntityOfPage":{"@id":"https:\/\/radioinfinitagoya.com.ar\/v1\/2026\/03\/15\/inician-los-operativos-de-control-sanitario-integral-en-los-cdi-de-corrientes\/"},"wordCount":601,"commentCount":0,"publisher":{"@id":"https:\/\/radioinfinitagoya.com.ar\/v1\/#organization"},"image":{"@id":"https:\/\/radioinfinitagoya.com.ar\/v1\/2026\/03\/15\/inician-los-operativos-de-control-sanitario-integral-en-los-cdi-de-corrientes\/#primaryimage"},"thumbnailUrl":"https:\/\/radioinfinitagoya.com.ar\/v1\/wp-content\/uploads\/2026\/03\/1773590251304.webp","articleSection":["PROVINCIALES"],"inLanguage":"es-AR","potentialAction":[{"@type":"CommentAction","name":"Comment","target":["https:\/\/radioinfinitagoya.com.ar\/v1\/2026\/03\/15\/inician-los-operativos-de-control-sanitario-integral-en-los-cdi-de-corrientes\/#respond"]}]},{"@type":"WebPage","@id":"https:\/\/radioinfinitagoya.com.ar\/v1\/2026\/03\/15\/inician-los-operativos-de-control-sanitario-integral-en-los-cdi-de-corrientes\/","url":"https:\/\/radioinfinitagoya.com.ar\/v1\/2026\/03\/15\/inician-los-operativos-de-control-sanitario-integral-en-los-cdi-de-corrientes\/","name":"Inician los operativos de control sanitario integral en los CDI de Corrientes - Radio Infinita Goya","isPartOf":{"@id":"https:\/\/radioinfinitagoya.com.ar\/v1\/#website"},"primaryImageOfPage":{"@id":"https:\/\/radioinfinitagoya.com.ar\/v1\/2026\/03\/15\/inician-los-operativos-de-control-sanitario-integral-en-los-cdi-de-corrientes\/#primaryimage"},"image":{"@id":"https:\/\/radioinfinitagoya.com.ar\/v1\/2026\/03\/15\/inician-los-operativos-de-control-sanitario-integral-en-los-cdi-de-corrientes\/#primaryimage"},"thumbnailUrl":"https:\/\/radioinfinitagoya.com.ar\/v1\/wp-content\/uploads\/2026\/03\/1773590251304.webp","datePublished":"2026-03-15T20:55:28+00:00","description":"A partir de este lunes 16 de marzo, equipos profesionales recorrer\u00e1n los 16 Centros de Desarrollo Infantil de la ciudad. Con el objetivo de acercar los","breadcrumb":{"@id":"https:\/\/radioinfinitagoya.com.ar\/v1\/2026\/03\/15\/inician-los-operativos-de-control-sanitario-integral-en-los-cdi-de-corrientes\/#breadcrumb"},"inLanguage":"es-AR","potentialAction":[{"@type":"ReadAction","target":["https:\/\/radioinfinitagoya.com.ar\/v1\/2026\/03\/15\/inician-los-operativos-de-control-sanitario-integral-en-los-cdi-de-corrientes\/"]}]},{"@type":"ImageObject","inLanguage":"es-AR","@id":"https:\/\/radioinfinitagoya.com.ar\/v1\/2026\/03\/15\/inician-los-operativos-de-control-sanitario-integral-en-los-cdi-de-corrientes\/#primaryimage","url":"https:\/\/radioinfinitagoya.com.ar\/v1\/wp-content\/uploads\/2026\/03\/1773590251304.webp","contentUrl":"https:\/\/radioinfinitagoya.com.ar\/v1\/wp-content\/uploads\/2026\/03\/1773590251304.webp","width":1200,"height":675},{"@type":"BreadcrumbList","@id":"https:\/\/radioinfinitagoya.com.ar\/v1\/2026\/03\/15\/inician-los-operativos-de-control-sanitario-integral-en-los-cdi-de-corrientes\/#breadcrumb","itemListElement":[{"@type":"ListItem","position":1,"name":"Inicio","item":"https:\/\/radioinfinitagoya.com.ar\/v1\/"},{"@type":"ListItem","position":2,"name":"Inician los operativos de control sanitario integral en los CDI de Corrientes"}]},{"@type":"WebSite","@id":"https:\/\/radioinfinitagoya.com.ar\/v1\/#website","url":"https:\/\/radioinfinitagoya.com.ar\/v1\/","name":"radioinfinitagoya.com.ar","description":"Radio de noticias","publisher":{"@id":"https:\/\/radioinfinitagoya.com.ar\/v1\/#organization"},"potentialAction":[{"@type":"SearchAction","target":{"@type":"EntryPoint","urlTemplate":"https:\/\/radioinfinitagoya.com.ar\/v1\/?s={search_term_string}"},"query-input":{"@type":"PropertyValueSpecification","valueRequired":true,"valueName":"search_term_string"}}],"inLanguage":"es-AR"},{"@type":"Organization","@id":"https:\/\/radioinfinitagoya.com.ar\/v1\/#organization","name":"Radio Infinita Goya","url":"https:\/\/radioinfinitagoya.com.ar\/v1\/","logo":{"@type":"ImageObject","inLanguage":"es-AR","@id":"https:\/\/radioinfinitagoya.com.ar\/v1\/#\/schema\/logo\/image\/","url":"https:\/\/radioinfinitagoya.com.ar\/v1\/wp-content\/uploads\/2019\/11\/logo-pie-web.png","contentUrl":"https:\/\/radioinfinitagoya.com.ar\/v1\/wp-content\/uploads\/2019\/11\/logo-pie-web.png","width":635,"height":326,"caption":"Radio Infinita Goya"},"image":{"@id":"https:\/\/radioinfinitagoya.com.ar\/v1\/#\/schema\/logo\/image\/"},"sameAs":["https:\/\/www.facebook.com\/p\/Infinita-Goya-100063870918311\/"]},{"@type":"Person","@id":"https:\/\/radioinfinitagoya.com.ar\/v1\/#\/schema\/person\/d4cf9c413d4f6edb24aabdccab49ca4a","name":"Jorge Mi\u00f1o","image":{"@type":"ImageObject","inLanguage":"es-AR","@id":"https:\/\/secure.gravatar.com\/avatar\/910fcf6728fe95320e07a6643c1581fec1c7fc4bf8ae12e3d8f0d0373dc844be?s=96&d=mm&r=g","url":"https:\/\/secure.gravatar.com\/avatar\/910fcf6728fe95320e07a6643c1581fec1c7fc4bf8ae12e3d8f0d0373dc844be?s=96&d=mm&r=g","contentUrl":"https:\/\/secure.gravatar.com\/avatar\/910fcf6728fe95320e07a6643c1581fec1c7fc4bf8ae12e3d8f0d0373dc844be?s=96&d=mm&r=g","caption":"Jorge Mi\u00f1o"},"sameAs":["http:\/\/radioinfinitagoya.com.ar"]}]}},"_links":{"self":[{"href":"https:\/\/radioinfinitagoya.com.ar\/v1\/wp-json\/wp\/v2\/posts\/210262","targetHints":{"allow":["GET"]}}],"collection":[{"href":"https:\/\/radioinfinitagoya.com.ar\/v1\/wp-json\/wp\/v2\/posts"}],"about":[{"href":"https:\/\/radioinfinitagoya.com.ar\/v1\/wp-json\/wp\/v2\/types\/post"}],"author":[{"embeddable":true,"href":"https:\/\/radioinfinitagoya.com.ar\/v1\/wp-json\/wp\/v2\/users\/4"}],"replies":[{"embeddable":true,"href":"https:\/\/radioinfinitagoya.com.ar\/v1\/wp-json\/wp\/v2\/comments?post=210262"}],"version-history":[{"count":0,"href":"https:\/\/radioinfinitagoya.com.ar\/v1\/wp-json\/wp\/v2\/posts\/210262\/revisions"}],"wp:featuredmedia":[{"embeddable":true,"href":"https:\/\/radioinfinitagoya.com.ar\/v1\/wp-json\/wp\/v2\/media\/210263"}],"wp:attachment":[{"href":"https:\/\/radioinfinitagoya.com.ar\/v1\/wp-json\/wp\/v2\/media?parent=210262"}],"wp:term":[{"taxonomy":"category","embeddable":true,"href":"https:\/\/radioinfinitagoya.com.ar\/v1\/wp-json\/wp\/v2\/categories?post=210262"},{"taxonomy":"post_tag","embeddable":true,"href":"https:\/\/radioinfinitagoya.com.ar\/v1\/wp-json\/wp\/v2\/tags?post=210262"}],"curies":[{"name":"wp","href":"https:\/\/api.w.org\/{rel}","templated":true}]}}