{"id":210265,"date":"2026-03-15T17:59:31","date_gmt":"2026-03-15T20:59:31","guid":{"rendered":"https:\/\/radioinfinitagoya.com.ar\/v1\/?p=210265"},"modified":"2026-03-15T17:59:31","modified_gmt":"2026-03-15T20:59:31","slug":"la-desgarradora-despedida-a-los-jovenes-argentinos-que-murieron-en-un-choque-en-brasil","status":"publish","type":"post","link":"https:\/\/radioinfinitagoya.com.ar\/v1\/2026\/03\/15\/la-desgarradora-despedida-a-los-jovenes-argentinos-que-murieron-en-un-choque-en-brasil\/","title":{"rendered":"La desgarradora despedida a los j\u00f3venes argentinos que murieron en un choque en Brasil"},"content":{"rendered":"<p>Las v\u00edctimas ten\u00edan entre 17 y 22 a\u00f1os. Los tres viajaban a Misiones para pasar el fin de semana con su familia.<\/p>\n<p>La localidad misionera de Campo Grande est\u00e1 conmocionada por la tr\u00e1gica muerte de tres j\u00f3venes argentinos en un choque frontal en el sur de Brasil.<\/p>\n<p><img loading=\"lazy\" decoding=\"async\" class=\"alignnone size-full wp-image-210267\" src=\"https:\/\/radioinfinitagoya.com.ar\/v1\/wp-content\/uploads\/2026\/03\/1773575151183.webp\" alt=\"\" width=\"1200\" height=\"675\" srcset=\"https:\/\/radioinfinitagoya.com.ar\/v1\/wp-content\/uploads\/2026\/03\/1773575151183.webp 1200w, https:\/\/radioinfinitagoya.com.ar\/v1\/wp-content\/uploads\/2026\/03\/1773575151183-150x84.webp 150w, https:\/\/radioinfinitagoya.com.ar\/v1\/wp-content\/uploads\/2026\/03\/1773575151183-768x432.webp 768w, https:\/\/radioinfinitagoya.com.ar\/v1\/wp-content\/uploads\/2026\/03\/1773575151183-747x420.webp 747w, https:\/\/radioinfinitagoya.com.ar\/v1\/wp-content\/uploads\/2026\/03\/1773575151183-696x392.webp 696w, https:\/\/radioinfinitagoya.com.ar\/v1\/wp-content\/uploads\/2026\/03\/1773575151183-1068x601.webp 1068w\" sizes=\"auto, (max-width: 1200px) 100vw, 1200px\" \/>Las v\u00edctimas son Jennifer Pros\u00edn, de 22 a\u00f1os, y los hermanos Johnathan Gabriel H\u00fcbscher, tambi\u00e9n de 22, y Lautaro Mattive, de 17. A trav\u00e9s de las redes sociales, su familia y amigos les dedicaron sentidos mensajes.<\/p>\n<p>\u201cNo hay palabras para tanto dolor. Gaby, Lauty y Jennifer encuentren toda esa paz\u201d, \u201cDescansen en paz primitos\u201d, \u201cHay despedidas que duelen en el alma. Hoy me toca despedir a mis tres primos queridos. Nunca los voy a olvidar. Vuelen alto\u201d, escribieron en Facebook.<\/p>\n<p>Los restos de los tres j\u00f3venes ser\u00e1n despedidos en una funeraria ubicada en la localidad brasile\u00f1a de Casca, donde viv\u00edan desde hace cuatro a\u00f1os luego de mudarse desde Misiones.<\/p>\n<p>El accidente ocurri\u00f3 en la noche del viernes sobre la ruta ERS-324, a la altura del municipio de Casca. Por causas que son investigadas, el Volkswagen Fox en el que se trasladaban choc\u00f3 de frente contra un Ford Focus.<\/p>\n<p>Las autoridades informaron que por la posici\u00f3n en que fue hallado el cuerpo de H\u00fcbscher, se cree que era quien conduc\u00eda el veh\u00edculo. Adem\u00e1s, investigan si el accidente se habr\u00eda producido por un intento de maniobra de adelantamiento.<\/p>\n<p>El conductor del Ford Focus, un hombre de 50 a\u00f1os que viajaba solo, fue trasladado al hospital Santa Luc\u00eda de Casca. M\u00e1s tarde, fue derivado a otro centro de salud en la localidad de Paso Fundo.<\/p>\n<p>Luego del impacto se despleg\u00f3 un operativo en la zona con la participaci\u00f3n de la Polic\u00eda Rodovi\u00e1ria Estadual, bomberos voluntarios de Casca y personal del servicio de emergencias SAMU. La Justicia a\u00fan investiga las circunstancias del accidente.<\/p>\n","protected":false},"excerpt":{"rendered":"<p>Las v\u00edctimas ten\u00edan entre 17 y 22 a\u00f1os. Los tres viajaban a Misiones para pasar el fin de semana con su familia. La localidad misionera de Campo Grande est\u00e1 conmocionada por la tr\u00e1gica muerte de tres j\u00f3venes argentinos en un choque frontal en el sur de Brasil. Las v\u00edctimas son Jennifer Pros\u00edn, de 22 a\u00f1os, [&hellip;]<\/p>\n","protected":false},"author":4,"featured_media":210266,"comment_status":"open","ping_status":"open","sticky":false,"template":"","format":"standard","meta":{"_joinchat":[],"footnotes":""},"categories":[29],"tags":[],"class_list":{"0":"post-210265","1":"post","2":"type-post","3":"status-publish","4":"format-standard","5":"has-post-thumbnail","7":"category-nacionales"},"yoast_head":"<!-- This site is optimized with the Yoast SEO plugin v27.2 - https:\/\/yoast.com\/product\/yoast-seo-wordpress\/ -->\n<title>La desgarradora despedida a los j\u00f3venes argentinos que murieron en un choque en Brasil - Radio Infinita Goya<\/title>\n<meta name=\"description\" content=\"Las v\u00edctimas ten\u00edan entre 17 y 22 a\u00f1os. Los tres viajaban a Misiones para pasar el fin de semana con su familia. La localidad misionera de Campo Grande\" \/>\n<meta name=\"robots\" content=\"index, follow, max-snippet:-1, max-image-preview:large, max-video-preview:-1\" \/>\n<link rel=\"canonical\" href=\"https:\/\/radioinfinitagoya.com.ar\/v1\/2026\/03\/15\/la-desgarradora-despedida-a-los-jovenes-argentinos-que-murieron-en-un-choque-en-brasil\/\" \/>\n<meta property=\"og:locale\" content=\"es_ES\" \/>\n<meta property=\"og:type\" content=\"article\" \/>\n<meta property=\"og:title\" content=\"La desgarradora despedida a los j\u00f3venes argentinos que murieron en un choque en Brasil - Radio Infinita Goya\" \/>\n<meta property=\"og:description\" content=\"Las v\u00edctimas ten\u00edan entre 17 y 22 a\u00f1os. Los tres viajaban a Misiones para pasar el fin de semana con su familia. La localidad misionera de Campo Grande\" \/>\n<meta property=\"og:url\" content=\"https:\/\/radioinfinitagoya.com.ar\/v1\/2026\/03\/15\/la-desgarradora-despedida-a-los-jovenes-argentinos-que-murieron-en-un-choque-en-brasil\/\" \/>\n<meta property=\"og:site_name\" content=\"Radio Infinita Goya\" \/>\n<meta property=\"article:publisher\" content=\"https:\/\/www.facebook.com\/p\/Infinita-Goya-100063870918311\/\" \/>\n<meta property=\"article:published_time\" content=\"2026-03-15T20:59:31+00:00\" \/>\n<meta property=\"og:image\" content=\"https:\/\/radioinfinitagoya.com.ar\/v1\/wp-content\/uploads\/2026\/03\/HDaH7bhXEAALF-A.jpg\" \/>\n\t<meta property=\"og:image:width\" content=\"664\" \/>\n\t<meta property=\"og:image:height\" content=\"385\" \/>\n\t<meta property=\"og:image:type\" content=\"image\/jpeg\" \/>\n<meta name=\"author\" content=\"Jorge Mi\u00f1o\" \/>\n<meta name=\"twitter:card\" content=\"summary_large_image\" \/>\n<meta name=\"twitter:label1\" content=\"Escrito por\" \/>\n\t<meta name=\"twitter:data1\" content=\"Jorge Mi\u00f1o\" \/>\n\t<meta name=\"twitter:label2\" content=\"Tiempo de lectura\" \/>\n\t<meta name=\"twitter:data2\" content=\"2 minutos\" \/>\n<script type=\"application\/ld+json\" class=\"yoast-schema-graph\">{\"@context\":\"https:\/\/schema.org\",\"@graph\":[{\"@type\":\"Article\",\"@id\":\"https:\/\/radioinfinitagoya.com.ar\/v1\/2026\/03\/15\/la-desgarradora-despedida-a-los-jovenes-argentinos-que-murieron-en-un-choque-en-brasil\/#article\",\"isPartOf\":{\"@id\":\"https:\/\/radioinfinitagoya.com.ar\/v1\/2026\/03\/15\/la-desgarradora-despedida-a-los-jovenes-argentinos-que-murieron-en-un-choque-en-brasil\/\"},\"author\":{\"name\":\"Jorge Mi\u00f1o\",\"@id\":\"https:\/\/radioinfinitagoya.com.ar\/v1\/#\/schema\/person\/d4cf9c413d4f6edb24aabdccab49ca4a\"},\"headline\":\"La desgarradora despedida a los j\u00f3venes argentinos que murieron en un choque en Brasil\",\"datePublished\":\"2026-03-15T20:59:31+00:00\",\"mainEntityOfPage\":{\"@id\":\"https:\/\/radioinfinitagoya.com.ar\/v1\/2026\/03\/15\/la-desgarradora-despedida-a-los-jovenes-argentinos-que-murieron-en-un-choque-en-brasil\/\"},\"wordCount\":344,\"commentCount\":0,\"publisher\":{\"@id\":\"https:\/\/radioinfinitagoya.com.ar\/v1\/#organization\"},\"image\":{\"@id\":\"https:\/\/radioinfinitagoya.com.ar\/v1\/2026\/03\/15\/la-desgarradora-despedida-a-los-jovenes-argentinos-que-murieron-en-un-choque-en-brasil\/#primaryimage\"},\"thumbnailUrl\":\"https:\/\/radioinfinitagoya.com.ar\/v1\/wp-content\/uploads\/2026\/03\/HDaH7bhXEAALF-A.jpg\",\"articleSection\":[\"NACIONALES\"],\"inLanguage\":\"es-AR\",\"potentialAction\":[{\"@type\":\"CommentAction\",\"name\":\"Comment\",\"target\":[\"https:\/\/radioinfinitagoya.com.ar\/v1\/2026\/03\/15\/la-desgarradora-despedida-a-los-jovenes-argentinos-que-murieron-en-un-choque-en-brasil\/#respond\"]}]},{\"@type\":\"WebPage\",\"@id\":\"https:\/\/radioinfinitagoya.com.ar\/v1\/2026\/03\/15\/la-desgarradora-despedida-a-los-jovenes-argentinos-que-murieron-en-un-choque-en-brasil\/\",\"url\":\"https:\/\/radioinfinitagoya.com.ar\/v1\/2026\/03\/15\/la-desgarradora-despedida-a-los-jovenes-argentinos-que-murieron-en-un-choque-en-brasil\/\",\"name\":\"La desgarradora despedida a los j\u00f3venes argentinos que murieron en un choque en Brasil - Radio Infinita Goya\",\"isPartOf\":{\"@id\":\"https:\/\/radioinfinitagoya.com.ar\/v1\/#website\"},\"primaryImageOfPage\":{\"@id\":\"https:\/\/radioinfinitagoya.com.ar\/v1\/2026\/03\/15\/la-desgarradora-despedida-a-los-jovenes-argentinos-que-murieron-en-un-choque-en-brasil\/#primaryimage\"},\"image\":{\"@id\":\"https:\/\/radioinfinitagoya.com.ar\/v1\/2026\/03\/15\/la-desgarradora-despedida-a-los-jovenes-argentinos-que-murieron-en-un-choque-en-brasil\/#primaryimage\"},\"thumbnailUrl\":\"https:\/\/radioinfinitagoya.com.ar\/v1\/wp-content\/uploads\/2026\/03\/HDaH7bhXEAALF-A.jpg\",\"datePublished\":\"2026-03-15T20:59:31+00:00\",\"description\":\"Las v\u00edctimas ten\u00edan entre 17 y 22 a\u00f1os. Los tres viajaban a Misiones para pasar el fin de semana con su familia. La localidad misionera de Campo Grande\",\"breadcrumb\":{\"@id\":\"https:\/\/radioinfinitagoya.com.ar\/v1\/2026\/03\/15\/la-desgarradora-despedida-a-los-jovenes-argentinos-que-murieron-en-un-choque-en-brasil\/#breadcrumb\"},\"inLanguage\":\"es-AR\",\"potentialAction\":[{\"@type\":\"ReadAction\",\"target\":[\"https:\/\/radioinfinitagoya.com.ar\/v1\/2026\/03\/15\/la-desgarradora-despedida-a-los-jovenes-argentinos-que-murieron-en-un-choque-en-brasil\/\"]}]},{\"@type\":\"ImageObject\",\"inLanguage\":\"es-AR\",\"@id\":\"https:\/\/radioinfinitagoya.com.ar\/v1\/2026\/03\/15\/la-desgarradora-despedida-a-los-jovenes-argentinos-que-murieron-en-un-choque-en-brasil\/#primaryimage\",\"url\":\"https:\/\/radioinfinitagoya.com.ar\/v1\/wp-content\/uploads\/2026\/03\/HDaH7bhXEAALF-A.jpg\",\"contentUrl\":\"https:\/\/radioinfinitagoya.com.ar\/v1\/wp-content\/uploads\/2026\/03\/HDaH7bhXEAALF-A.jpg\",\"width\":664,\"height\":385},{\"@type\":\"BreadcrumbList\",\"@id\":\"https:\/\/radioinfinitagoya.com.ar\/v1\/2026\/03\/15\/la-desgarradora-despedida-a-los-jovenes-argentinos-que-murieron-en-un-choque-en-brasil\/#breadcrumb\",\"itemListElement\":[{\"@type\":\"ListItem\",\"position\":1,\"name\":\"Inicio\",\"item\":\"https:\/\/radioinfinitagoya.com.ar\/v1\/\"},{\"@type\":\"ListItem\",\"position\":2,\"name\":\"La desgarradora despedida a los j\u00f3venes argentinos que murieron en un choque en Brasil\"}]},{\"@type\":\"WebSite\",\"@id\":\"https:\/\/radioinfinitagoya.com.ar\/v1\/#website\",\"url\":\"https:\/\/radioinfinitagoya.com.ar\/v1\/\",\"name\":\"radioinfinitagoya.com.ar\",\"description\":\"Radio de noticias\",\"publisher\":{\"@id\":\"https:\/\/radioinfinitagoya.com.ar\/v1\/#organization\"},\"potentialAction\":[{\"@type\":\"SearchAction\",\"target\":{\"@type\":\"EntryPoint\",\"urlTemplate\":\"https:\/\/radioinfinitagoya.com.ar\/v1\/?s={search_term_string}\"},\"query-input\":{\"@type\":\"PropertyValueSpecification\",\"valueRequired\":true,\"valueName\":\"search_term_string\"}}],\"inLanguage\":\"es-AR\"},{\"@type\":\"Organization\",\"@id\":\"https:\/\/radioinfinitagoya.com.ar\/v1\/#organization\",\"name\":\"Radio Infinita Goya\",\"url\":\"https:\/\/radioinfinitagoya.com.ar\/v1\/\",\"logo\":{\"@type\":\"ImageObject\",\"inLanguage\":\"es-AR\",\"@id\":\"https:\/\/radioinfinitagoya.com.ar\/v1\/#\/schema\/logo\/image\/\",\"url\":\"https:\/\/radioinfinitagoya.com.ar\/v1\/wp-content\/uploads\/2019\/11\/logo-pie-web.png\",\"contentUrl\":\"https:\/\/radioinfinitagoya.com.ar\/v1\/wp-content\/uploads\/2019\/11\/logo-pie-web.png\",\"width\":635,\"height\":326,\"caption\":\"Radio Infinita Goya\"},\"image\":{\"@id\":\"https:\/\/radioinfinitagoya.com.ar\/v1\/#\/schema\/logo\/image\/\"},\"sameAs\":[\"https:\/\/www.facebook.com\/p\/Infinita-Goya-100063870918311\/\"]},{\"@type\":\"Person\",\"@id\":\"https:\/\/radioinfinitagoya.com.ar\/v1\/#\/schema\/person\/d4cf9c413d4f6edb24aabdccab49ca4a\",\"name\":\"Jorge Mi\u00f1o\",\"image\":{\"@type\":\"ImageObject\",\"inLanguage\":\"es-AR\",\"@id\":\"https:\/\/secure.gravatar.com\/avatar\/910fcf6728fe95320e07a6643c1581fec1c7fc4bf8ae12e3d8f0d0373dc844be?s=96&d=mm&r=g\",\"url\":\"https:\/\/secure.gravatar.com\/avatar\/910fcf6728fe95320e07a6643c1581fec1c7fc4bf8ae12e3d8f0d0373dc844be?s=96&d=mm&r=g\",\"contentUrl\":\"https:\/\/secure.gravatar.com\/avatar\/910fcf6728fe95320e07a6643c1581fec1c7fc4bf8ae12e3d8f0d0373dc844be?s=96&d=mm&r=g\",\"caption\":\"Jorge Mi\u00f1o\"},\"sameAs\":[\"http:\/\/radioinfinitagoya.com.ar\"]}]}<\/script>\n<!-- \/ Yoast SEO plugin. -->","yoast_head_json":{"title":"La desgarradora despedida a los j\u00f3venes argentinos que murieron en un choque en Brasil - Radio Infinita Goya","description":"Las v\u00edctimas ten\u00edan entre 17 y 22 a\u00f1os. Los tres viajaban a Misiones para pasar el fin de semana con su familia. La localidad misionera de Campo Grande","robots":{"index":"index","follow":"follow","max-snippet":"max-snippet:-1","max-image-preview":"max-image-preview:large","max-video-preview":"max-video-preview:-1"},"canonical":"https:\/\/radioinfinitagoya.com.ar\/v1\/2026\/03\/15\/la-desgarradora-despedida-a-los-jovenes-argentinos-que-murieron-en-un-choque-en-brasil\/","og_locale":"es_ES","og_type":"article","og_title":"La desgarradora despedida a los j\u00f3venes argentinos que murieron en un choque en Brasil - Radio Infinita Goya","og_description":"Las v\u00edctimas ten\u00edan entre 17 y 22 a\u00f1os. Los tres viajaban a Misiones para pasar el fin de semana con su familia. La localidad misionera de Campo Grande","og_url":"https:\/\/radioinfinitagoya.com.ar\/v1\/2026\/03\/15\/la-desgarradora-despedida-a-los-jovenes-argentinos-que-murieron-en-un-choque-en-brasil\/","og_site_name":"Radio Infinita Goya","article_publisher":"https:\/\/www.facebook.com\/p\/Infinita-Goya-100063870918311\/","article_published_time":"2026-03-15T20:59:31+00:00","og_image":[{"width":664,"height":385,"url":"https:\/\/radioinfinitagoya.com.ar\/v1\/wp-content\/uploads\/2026\/03\/HDaH7bhXEAALF-A.jpg","type":"image\/jpeg"}],"author":"Jorge Mi\u00f1o","twitter_card":"summary_large_image","twitter_misc":{"Escrito por":"Jorge Mi\u00f1o","Tiempo de lectura":"2 minutos"},"schema":{"@context":"https:\/\/schema.org","@graph":[{"@type":"Article","@id":"https:\/\/radioinfinitagoya.com.ar\/v1\/2026\/03\/15\/la-desgarradora-despedida-a-los-jovenes-argentinos-que-murieron-en-un-choque-en-brasil\/#article","isPartOf":{"@id":"https:\/\/radioinfinitagoya.com.ar\/v1\/2026\/03\/15\/la-desgarradora-despedida-a-los-jovenes-argentinos-que-murieron-en-un-choque-en-brasil\/"},"author":{"name":"Jorge Mi\u00f1o","@id":"https:\/\/radioinfinitagoya.com.ar\/v1\/#\/schema\/person\/d4cf9c413d4f6edb24aabdccab49ca4a"},"headline":"La desgarradora despedida a los j\u00f3venes argentinos que murieron en un choque en Brasil","datePublished":"2026-03-15T20:59:31+00:00","mainEntityOfPage":{"@id":"https:\/\/radioinfinitagoya.com.ar\/v1\/2026\/03\/15\/la-desgarradora-despedida-a-los-jovenes-argentinos-que-murieron-en-un-choque-en-brasil\/"},"wordCount":344,"commentCount":0,"publisher":{"@id":"https:\/\/radioinfinitagoya.com.ar\/v1\/#organization"},"image":{"@id":"https:\/\/radioinfinitagoya.com.ar\/v1\/2026\/03\/15\/la-desgarradora-despedida-a-los-jovenes-argentinos-que-murieron-en-un-choque-en-brasil\/#primaryimage"},"thumbnailUrl":"https:\/\/radioinfinitagoya.com.ar\/v1\/wp-content\/uploads\/2026\/03\/HDaH7bhXEAALF-A.jpg","articleSection":["NACIONALES"],"inLanguage":"es-AR","potentialAction":[{"@type":"CommentAction","name":"Comment","target":["https:\/\/radioinfinitagoya.com.ar\/v1\/2026\/03\/15\/la-desgarradora-despedida-a-los-jovenes-argentinos-que-murieron-en-un-choque-en-brasil\/#respond"]}]},{"@type":"WebPage","@id":"https:\/\/radioinfinitagoya.com.ar\/v1\/2026\/03\/15\/la-desgarradora-despedida-a-los-jovenes-argentinos-que-murieron-en-un-choque-en-brasil\/","url":"https:\/\/radioinfinitagoya.com.ar\/v1\/2026\/03\/15\/la-desgarradora-despedida-a-los-jovenes-argentinos-que-murieron-en-un-choque-en-brasil\/","name":"La desgarradora despedida a los j\u00f3venes argentinos que murieron en un choque en Brasil - Radio Infinita Goya","isPartOf":{"@id":"https:\/\/radioinfinitagoya.com.ar\/v1\/#website"},"primaryImageOfPage":{"@id":"https:\/\/radioinfinitagoya.com.ar\/v1\/2026\/03\/15\/la-desgarradora-despedida-a-los-jovenes-argentinos-que-murieron-en-un-choque-en-brasil\/#primaryimage"},"image":{"@id":"https:\/\/radioinfinitagoya.com.ar\/v1\/2026\/03\/15\/la-desgarradora-despedida-a-los-jovenes-argentinos-que-murieron-en-un-choque-en-brasil\/#primaryimage"},"thumbnailUrl":"https:\/\/radioinfinitagoya.com.ar\/v1\/wp-content\/uploads\/2026\/03\/HDaH7bhXEAALF-A.jpg","datePublished":"2026-03-15T20:59:31+00:00","description":"Las v\u00edctimas ten\u00edan entre 17 y 22 a\u00f1os. Los tres viajaban a Misiones para pasar el fin de semana con su familia. La localidad misionera de Campo Grande","breadcrumb":{"@id":"https:\/\/radioinfinitagoya.com.ar\/v1\/2026\/03\/15\/la-desgarradora-despedida-a-los-jovenes-argentinos-que-murieron-en-un-choque-en-brasil\/#breadcrumb"},"inLanguage":"es-AR","potentialAction":[{"@type":"ReadAction","target":["https:\/\/radioinfinitagoya.com.ar\/v1\/2026\/03\/15\/la-desgarradora-despedida-a-los-jovenes-argentinos-que-murieron-en-un-choque-en-brasil\/"]}]},{"@type":"ImageObject","inLanguage":"es-AR","@id":"https:\/\/radioinfinitagoya.com.ar\/v1\/2026\/03\/15\/la-desgarradora-despedida-a-los-jovenes-argentinos-que-murieron-en-un-choque-en-brasil\/#primaryimage","url":"https:\/\/radioinfinitagoya.com.ar\/v1\/wp-content\/uploads\/2026\/03\/HDaH7bhXEAALF-A.jpg","contentUrl":"https:\/\/radioinfinitagoya.com.ar\/v1\/wp-content\/uploads\/2026\/03\/HDaH7bhXEAALF-A.jpg","width":664,"height":385},{"@type":"BreadcrumbList","@id":"https:\/\/radioinfinitagoya.com.ar\/v1\/2026\/03\/15\/la-desgarradora-despedida-a-los-jovenes-argentinos-que-murieron-en-un-choque-en-brasil\/#breadcrumb","itemListElement":[{"@type":"ListItem","position":1,"name":"Inicio","item":"https:\/\/radioinfinitagoya.com.ar\/v1\/"},{"@type":"ListItem","position":2,"name":"La desgarradora despedida a los j\u00f3venes argentinos que murieron en un choque en Brasil"}]},{"@type":"WebSite","@id":"https:\/\/radioinfinitagoya.com.ar\/v1\/#website","url":"https:\/\/radioinfinitagoya.com.ar\/v1\/","name":"radioinfinitagoya.com.ar","description":"Radio de noticias","publisher":{"@id":"https:\/\/radioinfinitagoya.com.ar\/v1\/#organization"},"potentialAction":[{"@type":"SearchAction","target":{"@type":"EntryPoint","urlTemplate":"https:\/\/radioinfinitagoya.com.ar\/v1\/?s={search_term_string}"},"query-input":{"@type":"PropertyValueSpecification","valueRequired":true,"valueName":"search_term_string"}}],"inLanguage":"es-AR"},{"@type":"Organization","@id":"https:\/\/radioinfinitagoya.com.ar\/v1\/#organization","name":"Radio Infinita Goya","url":"https:\/\/radioinfinitagoya.com.ar\/v1\/","logo":{"@type":"ImageObject","inLanguage":"es-AR","@id":"https:\/\/radioinfinitagoya.com.ar\/v1\/#\/schema\/logo\/image\/","url":"https:\/\/radioinfinitagoya.com.ar\/v1\/wp-content\/uploads\/2019\/11\/logo-pie-web.png","contentUrl":"https:\/\/radioinfinitagoya.com.ar\/v1\/wp-content\/uploads\/2019\/11\/logo-pie-web.png","width":635,"height":326,"caption":"Radio Infinita Goya"},"image":{"@id":"https:\/\/radioinfinitagoya.com.ar\/v1\/#\/schema\/logo\/image\/"},"sameAs":["https:\/\/www.facebook.com\/p\/Infinita-Goya-100063870918311\/"]},{"@type":"Person","@id":"https:\/\/radioinfinitagoya.com.ar\/v1\/#\/schema\/person\/d4cf9c413d4f6edb24aabdccab49ca4a","name":"Jorge Mi\u00f1o","image":{"@type":"ImageObject","inLanguage":"es-AR","@id":"https:\/\/secure.gravatar.com\/avatar\/910fcf6728fe95320e07a6643c1581fec1c7fc4bf8ae12e3d8f0d0373dc844be?s=96&d=mm&r=g","url":"https:\/\/secure.gravatar.com\/avatar\/910fcf6728fe95320e07a6643c1581fec1c7fc4bf8ae12e3d8f0d0373dc844be?s=96&d=mm&r=g","contentUrl":"https:\/\/secure.gravatar.com\/avatar\/910fcf6728fe95320e07a6643c1581fec1c7fc4bf8ae12e3d8f0d0373dc844be?s=96&d=mm&r=g","caption":"Jorge Mi\u00f1o"},"sameAs":["http:\/\/radioinfinitagoya.com.ar"]}]}},"_links":{"self":[{"href":"https:\/\/radioinfinitagoya.com.ar\/v1\/wp-json\/wp\/v2\/posts\/210265","targetHints":{"allow":["GET"]}}],"collection":[{"href":"https:\/\/radioinfinitagoya.com.ar\/v1\/wp-json\/wp\/v2\/posts"}],"about":[{"href":"https:\/\/radioinfinitagoya.com.ar\/v1\/wp-json\/wp\/v2\/types\/post"}],"author":[{"embeddable":true,"href":"https:\/\/radioinfinitagoya.com.ar\/v1\/wp-json\/wp\/v2\/users\/4"}],"replies":[{"embeddable":true,"href":"https:\/\/radioinfinitagoya.com.ar\/v1\/wp-json\/wp\/v2\/comments?post=210265"}],"version-history":[{"count":0,"href":"https:\/\/radioinfinitagoya.com.ar\/v1\/wp-json\/wp\/v2\/posts\/210265\/revisions"}],"wp:featuredmedia":[{"embeddable":true,"href":"https:\/\/radioinfinitagoya.com.ar\/v1\/wp-json\/wp\/v2\/media\/210266"}],"wp:attachment":[{"href":"https:\/\/radioinfinitagoya.com.ar\/v1\/wp-json\/wp\/v2\/media?parent=210265"}],"wp:term":[{"taxonomy":"category","embeddable":true,"href":"https:\/\/radioinfinitagoya.com.ar\/v1\/wp-json\/wp\/v2\/categories?post=210265"},{"taxonomy":"post_tag","embeddable":true,"href":"https:\/\/radioinfinitagoya.com.ar\/v1\/wp-json\/wp\/v2\/tags?post=210265"}],"curies":[{"name":"wp","href":"https:\/\/api.w.org\/{rel}","templated":true}]}}