{"id":210272,"date":"2026-03-15T18:05:16","date_gmt":"2026-03-15T21:05:16","guid":{"rendered":"https:\/\/radioinfinitagoya.com.ar\/v1\/?p=210272"},"modified":"2026-03-15T18:05:16","modified_gmt":"2026-03-15T21:05:16","slug":"el-gobierno-dio-de-baja-otras-10-prepagas-cuales-son-y-que-pasara-con-sus-afiliados","status":"publish","type":"post","link":"https:\/\/radioinfinitagoya.com.ar\/v1\/2026\/03\/15\/el-gobierno-dio-de-baja-otras-10-prepagas-cuales-son-y-que-pasara-con-sus-afiliados\/","title":{"rendered":"El Gobierno dio de baja otras 10 prepagas: cu\u00e1les son y qu\u00e9 pasar\u00e1 con sus afiliados"},"content":{"rendered":"<p>Desde el inicio de la gesti\u00f3n de Javier Milei ya se dieron de baja 160 prepagas que no cumpl\u00edan con los requisitos para operar o no registraban actividad.<\/p>\n<p>El gobierno de Javier Milei resolvi\u00f3 dar de baja este viernes a otras diez prepagas que figuraban inscriptas en el registro oficial pero no cumpl\u00edan con los requisitos exigidos para operar. De esta manera ya son 160 las empresas de medicina privada que dejaron de existir en los \u00faltimo dos a\u00f1os.<\/p>\n<p>As\u00ed qued\u00f3 plasmado en un edicto de la Superintendencia de Servicios de Salid (SSS) publicado hoy en el Bolet\u00edn Oficial.<\/p>\n<p>Seg\u00fan informaron desde la SSS, la medida forma parte de un proceso de revisi\u00f3n del padr\u00f3n de prestadores con el objetivo de ordenar el sistema y garantizar que las entidades habilitadas cuenten con respaldo operativo y administrativo. Las auditor\u00edas detectaron que varias de las firmas no ten\u00edan afiliados, no prestaban servicios o no hab\u00edan presentado la documentaci\u00f3n obligatoria.<\/p>\n<p>Desde la Superintendencia aclararon que la decisi\u00f3n no afecta a usuarios del sistema, ya que las compa\u00f1\u00edas dadas de baja no se encontraban brindando cobertura al momento de las inspecciones. En ese sentido, explicaron adem\u00e1s que muchas de ellas permanec\u00edan registradas de manera formal pero sin actividad real.<\/p>\n<p>Prepagas dadas de baja<br \/>\nLas empresas alcanzadas por la resoluci\u00f3n de la Superintendencia de Servicios de Salud son:<\/p>\n<p>C\u00edrculo M\u00e9dico de San Luis<br \/>\nC\u00edrculo M\u00e9dico de Bragado<br \/>\nPolicl\u00ednico Lomas Medicina Prepaga S.A.<br \/>\nProtecci\u00f3n M\u00e9dica SRL<br \/>\nECSA Salud<br \/>\nObra Social de la Federaci\u00f3n de C\u00e1maras y Centros Comerciales Zonales de la Rep\u00fablica Argentina<br \/>\nAnd the Yellow Too S.A.<br \/>\nAsociaci\u00f3n Mutual de Trabajadores Municipales de Rosario<br \/>\nAsociaci\u00f3n Espa\u00f1ola de Socorros Mutuos-Villa Constituci\u00f3n<br \/>\nMutual Odontol\u00f3gica Argentina<br \/>\nCon esta nueva decisi\u00f3n, ya suman m\u00e1s de 160 las entidades de medicina privada eliminadas del Registro Nacional de Entidades de Medicina Prepaga desde el inicio de la actual gesti\u00f3n, en el marco de un proceso de fiscalizaci\u00f3n destinado a depurar el padr\u00f3n y reforzar los controles sobre el sector.<\/p>\n<p>&nbsp;<\/p>\n","protected":false},"excerpt":{"rendered":"<p>Desde el inicio de la gesti\u00f3n de Javier Milei ya se dieron de baja 160 prepagas que no cumpl\u00edan con los requisitos para operar o no registraban actividad. El gobierno de Javier Milei resolvi\u00f3 dar de baja este viernes a otras diez prepagas que figuraban inscriptas en el registro oficial pero no cumpl\u00edan con los [&hellip;]<\/p>\n","protected":false},"author":4,"featured_media":210273,"comment_status":"open","ping_status":"open","sticky":false,"template":"","format":"standard","meta":{"_joinchat":[],"footnotes":""},"categories":[29],"tags":[],"class_list":{"0":"post-210272","1":"post","2":"type-post","3":"status-publish","4":"format-standard","5":"has-post-thumbnail","7":"category-nacionales"},"yoast_head":"<!-- This site is optimized with the Yoast SEO plugin v27.2 - https:\/\/yoast.com\/product\/yoast-seo-wordpress\/ -->\n<title>El Gobierno dio de baja otras 10 prepagas: cu\u00e1les son y qu\u00e9 pasar\u00e1 con sus afiliados - Radio Infinita Goya<\/title>\n<meta name=\"description\" content=\"Desde el inicio de la gesti\u00f3n de Javier Milei ya se dieron de baja 160 prepagas que no cumpl\u00edan con los requisitos para operar o no registraban actividad.\" \/>\n<meta name=\"robots\" content=\"index, follow, max-snippet:-1, max-image-preview:large, max-video-preview:-1\" \/>\n<link rel=\"canonical\" href=\"https:\/\/radioinfinitagoya.com.ar\/v1\/2026\/03\/15\/el-gobierno-dio-de-baja-otras-10-prepagas-cuales-son-y-que-pasara-con-sus-afiliados\/\" \/>\n<meta property=\"og:locale\" content=\"es_ES\" \/>\n<meta property=\"og:type\" content=\"article\" \/>\n<meta property=\"og:title\" content=\"El Gobierno dio de baja otras 10 prepagas: cu\u00e1les son y qu\u00e9 pasar\u00e1 con sus afiliados - Radio Infinita Goya\" \/>\n<meta property=\"og:description\" content=\"Desde el inicio de la gesti\u00f3n de Javier Milei ya se dieron de baja 160 prepagas que no cumpl\u00edan con los requisitos para operar o no registraban actividad.\" \/>\n<meta property=\"og:url\" content=\"https:\/\/radioinfinitagoya.com.ar\/v1\/2026\/03\/15\/el-gobierno-dio-de-baja-otras-10-prepagas-cuales-son-y-que-pasara-con-sus-afiliados\/\" \/>\n<meta property=\"og:site_name\" content=\"Radio Infinita Goya\" \/>\n<meta property=\"article:publisher\" content=\"https:\/\/www.facebook.com\/p\/Infinita-Goya-100063870918311\/\" \/>\n<meta property=\"article:published_time\" content=\"2026-03-15T21:05:16+00:00\" \/>\n<meta property=\"og:image\" content=\"https:\/\/radioinfinitagoya.com.ar\/v1\/wp-content\/uploads\/2026\/03\/jHgl-qM0.jpg\" \/>\n\t<meta property=\"og:image:width\" content=\"680\" \/>\n\t<meta property=\"og:image:height\" content=\"357\" \/>\n\t<meta property=\"og:image:type\" content=\"image\/jpeg\" \/>\n<meta name=\"author\" content=\"Jorge Mi\u00f1o\" \/>\n<meta name=\"twitter:card\" content=\"summary_large_image\" \/>\n<meta name=\"twitter:label1\" content=\"Escrito por\" \/>\n\t<meta name=\"twitter:data1\" content=\"Jorge Mi\u00f1o\" \/>\n\t<meta name=\"twitter:label2\" content=\"Tiempo de lectura\" \/>\n\t<meta name=\"twitter:data2\" content=\"2 minutos\" \/>\n<script type=\"application\/ld+json\" class=\"yoast-schema-graph\">{\"@context\":\"https:\/\/schema.org\",\"@graph\":[{\"@type\":\"Article\",\"@id\":\"https:\/\/radioinfinitagoya.com.ar\/v1\/2026\/03\/15\/el-gobierno-dio-de-baja-otras-10-prepagas-cuales-son-y-que-pasara-con-sus-afiliados\/#article\",\"isPartOf\":{\"@id\":\"https:\/\/radioinfinitagoya.com.ar\/v1\/2026\/03\/15\/el-gobierno-dio-de-baja-otras-10-prepagas-cuales-son-y-que-pasara-con-sus-afiliados\/\"},\"author\":{\"name\":\"Jorge Mi\u00f1o\",\"@id\":\"https:\/\/radioinfinitagoya.com.ar\/v1\/#\/schema\/person\/d4cf9c413d4f6edb24aabdccab49ca4a\"},\"headline\":\"El Gobierno dio de baja otras 10 prepagas: cu\u00e1les son y qu\u00e9 pasar\u00e1 con sus afiliados\",\"datePublished\":\"2026-03-15T21:05:16+00:00\",\"mainEntityOfPage\":{\"@id\":\"https:\/\/radioinfinitagoya.com.ar\/v1\/2026\/03\/15\/el-gobierno-dio-de-baja-otras-10-prepagas-cuales-son-y-que-pasara-con-sus-afiliados\/\"},\"wordCount\":381,\"commentCount\":0,\"publisher\":{\"@id\":\"https:\/\/radioinfinitagoya.com.ar\/v1\/#organization\"},\"image\":{\"@id\":\"https:\/\/radioinfinitagoya.com.ar\/v1\/2026\/03\/15\/el-gobierno-dio-de-baja-otras-10-prepagas-cuales-son-y-que-pasara-con-sus-afiliados\/#primaryimage\"},\"thumbnailUrl\":\"https:\/\/radioinfinitagoya.com.ar\/v1\/wp-content\/uploads\/2026\/03\/jHgl-qM0.jpg\",\"articleSection\":[\"NACIONALES\"],\"inLanguage\":\"es-AR\",\"potentialAction\":[{\"@type\":\"CommentAction\",\"name\":\"Comment\",\"target\":[\"https:\/\/radioinfinitagoya.com.ar\/v1\/2026\/03\/15\/el-gobierno-dio-de-baja-otras-10-prepagas-cuales-son-y-que-pasara-con-sus-afiliados\/#respond\"]}]},{\"@type\":\"WebPage\",\"@id\":\"https:\/\/radioinfinitagoya.com.ar\/v1\/2026\/03\/15\/el-gobierno-dio-de-baja-otras-10-prepagas-cuales-son-y-que-pasara-con-sus-afiliados\/\",\"url\":\"https:\/\/radioinfinitagoya.com.ar\/v1\/2026\/03\/15\/el-gobierno-dio-de-baja-otras-10-prepagas-cuales-son-y-que-pasara-con-sus-afiliados\/\",\"name\":\"El Gobierno dio de baja otras 10 prepagas: cu\u00e1les son y qu\u00e9 pasar\u00e1 con sus afiliados - Radio Infinita Goya\",\"isPartOf\":{\"@id\":\"https:\/\/radioinfinitagoya.com.ar\/v1\/#website\"},\"primaryImageOfPage\":{\"@id\":\"https:\/\/radioinfinitagoya.com.ar\/v1\/2026\/03\/15\/el-gobierno-dio-de-baja-otras-10-prepagas-cuales-son-y-que-pasara-con-sus-afiliados\/#primaryimage\"},\"image\":{\"@id\":\"https:\/\/radioinfinitagoya.com.ar\/v1\/2026\/03\/15\/el-gobierno-dio-de-baja-otras-10-prepagas-cuales-son-y-que-pasara-con-sus-afiliados\/#primaryimage\"},\"thumbnailUrl\":\"https:\/\/radioinfinitagoya.com.ar\/v1\/wp-content\/uploads\/2026\/03\/jHgl-qM0.jpg\",\"datePublished\":\"2026-03-15T21:05:16+00:00\",\"description\":\"Desde el inicio de la gesti\u00f3n de Javier Milei ya se dieron de baja 160 prepagas que no cumpl\u00edan con los requisitos para operar o no registraban actividad.\",\"breadcrumb\":{\"@id\":\"https:\/\/radioinfinitagoya.com.ar\/v1\/2026\/03\/15\/el-gobierno-dio-de-baja-otras-10-prepagas-cuales-son-y-que-pasara-con-sus-afiliados\/#breadcrumb\"},\"inLanguage\":\"es-AR\",\"potentialAction\":[{\"@type\":\"ReadAction\",\"target\":[\"https:\/\/radioinfinitagoya.com.ar\/v1\/2026\/03\/15\/el-gobierno-dio-de-baja-otras-10-prepagas-cuales-son-y-que-pasara-con-sus-afiliados\/\"]}]},{\"@type\":\"ImageObject\",\"inLanguage\":\"es-AR\",\"@id\":\"https:\/\/radioinfinitagoya.com.ar\/v1\/2026\/03\/15\/el-gobierno-dio-de-baja-otras-10-prepagas-cuales-son-y-que-pasara-con-sus-afiliados\/#primaryimage\",\"url\":\"https:\/\/radioinfinitagoya.com.ar\/v1\/wp-content\/uploads\/2026\/03\/jHgl-qM0.jpg\",\"contentUrl\":\"https:\/\/radioinfinitagoya.com.ar\/v1\/wp-content\/uploads\/2026\/03\/jHgl-qM0.jpg\",\"width\":680,\"height\":357},{\"@type\":\"BreadcrumbList\",\"@id\":\"https:\/\/radioinfinitagoya.com.ar\/v1\/2026\/03\/15\/el-gobierno-dio-de-baja-otras-10-prepagas-cuales-son-y-que-pasara-con-sus-afiliados\/#breadcrumb\",\"itemListElement\":[{\"@type\":\"ListItem\",\"position\":1,\"name\":\"Inicio\",\"item\":\"https:\/\/radioinfinitagoya.com.ar\/v1\/\"},{\"@type\":\"ListItem\",\"position\":2,\"name\":\"El Gobierno dio de baja otras 10 prepagas: cu\u00e1les son y qu\u00e9 pasar\u00e1 con sus afiliados\"}]},{\"@type\":\"WebSite\",\"@id\":\"https:\/\/radioinfinitagoya.com.ar\/v1\/#website\",\"url\":\"https:\/\/radioinfinitagoya.com.ar\/v1\/\",\"name\":\"radioinfinitagoya.com.ar\",\"description\":\"Radio de noticias\",\"publisher\":{\"@id\":\"https:\/\/radioinfinitagoya.com.ar\/v1\/#organization\"},\"potentialAction\":[{\"@type\":\"SearchAction\",\"target\":{\"@type\":\"EntryPoint\",\"urlTemplate\":\"https:\/\/radioinfinitagoya.com.ar\/v1\/?s={search_term_string}\"},\"query-input\":{\"@type\":\"PropertyValueSpecification\",\"valueRequired\":true,\"valueName\":\"search_term_string\"}}],\"inLanguage\":\"es-AR\"},{\"@type\":\"Organization\",\"@id\":\"https:\/\/radioinfinitagoya.com.ar\/v1\/#organization\",\"name\":\"Radio Infinita Goya\",\"url\":\"https:\/\/radioinfinitagoya.com.ar\/v1\/\",\"logo\":{\"@type\":\"ImageObject\",\"inLanguage\":\"es-AR\",\"@id\":\"https:\/\/radioinfinitagoya.com.ar\/v1\/#\/schema\/logo\/image\/\",\"url\":\"https:\/\/radioinfinitagoya.com.ar\/v1\/wp-content\/uploads\/2019\/11\/logo-pie-web.png\",\"contentUrl\":\"https:\/\/radioinfinitagoya.com.ar\/v1\/wp-content\/uploads\/2019\/11\/logo-pie-web.png\",\"width\":635,\"height\":326,\"caption\":\"Radio Infinita Goya\"},\"image\":{\"@id\":\"https:\/\/radioinfinitagoya.com.ar\/v1\/#\/schema\/logo\/image\/\"},\"sameAs\":[\"https:\/\/www.facebook.com\/p\/Infinita-Goya-100063870918311\/\"]},{\"@type\":\"Person\",\"@id\":\"https:\/\/radioinfinitagoya.com.ar\/v1\/#\/schema\/person\/d4cf9c413d4f6edb24aabdccab49ca4a\",\"name\":\"Jorge Mi\u00f1o\",\"image\":{\"@type\":\"ImageObject\",\"inLanguage\":\"es-AR\",\"@id\":\"https:\/\/secure.gravatar.com\/avatar\/910fcf6728fe95320e07a6643c1581fec1c7fc4bf8ae12e3d8f0d0373dc844be?s=96&d=mm&r=g\",\"url\":\"https:\/\/secure.gravatar.com\/avatar\/910fcf6728fe95320e07a6643c1581fec1c7fc4bf8ae12e3d8f0d0373dc844be?s=96&d=mm&r=g\",\"contentUrl\":\"https:\/\/secure.gravatar.com\/avatar\/910fcf6728fe95320e07a6643c1581fec1c7fc4bf8ae12e3d8f0d0373dc844be?s=96&d=mm&r=g\",\"caption\":\"Jorge Mi\u00f1o\"},\"sameAs\":[\"http:\/\/radioinfinitagoya.com.ar\"]}]}<\/script>\n<!-- \/ Yoast SEO plugin. -->","yoast_head_json":{"title":"El Gobierno dio de baja otras 10 prepagas: cu\u00e1les son y qu\u00e9 pasar\u00e1 con sus afiliados - Radio Infinita Goya","description":"Desde el inicio de la gesti\u00f3n de Javier Milei ya se dieron de baja 160 prepagas que no cumpl\u00edan con los requisitos para operar o no registraban actividad.","robots":{"index":"index","follow":"follow","max-snippet":"max-snippet:-1","max-image-preview":"max-image-preview:large","max-video-preview":"max-video-preview:-1"},"canonical":"https:\/\/radioinfinitagoya.com.ar\/v1\/2026\/03\/15\/el-gobierno-dio-de-baja-otras-10-prepagas-cuales-son-y-que-pasara-con-sus-afiliados\/","og_locale":"es_ES","og_type":"article","og_title":"El Gobierno dio de baja otras 10 prepagas: cu\u00e1les son y qu\u00e9 pasar\u00e1 con sus afiliados - Radio Infinita Goya","og_description":"Desde el inicio de la gesti\u00f3n de Javier Milei ya se dieron de baja 160 prepagas que no cumpl\u00edan con los requisitos para operar o no registraban actividad.","og_url":"https:\/\/radioinfinitagoya.com.ar\/v1\/2026\/03\/15\/el-gobierno-dio-de-baja-otras-10-prepagas-cuales-son-y-que-pasara-con-sus-afiliados\/","og_site_name":"Radio Infinita Goya","article_publisher":"https:\/\/www.facebook.com\/p\/Infinita-Goya-100063870918311\/","article_published_time":"2026-03-15T21:05:16+00:00","og_image":[{"width":680,"height":357,"url":"https:\/\/radioinfinitagoya.com.ar\/v1\/wp-content\/uploads\/2026\/03\/jHgl-qM0.jpg","type":"image\/jpeg"}],"author":"Jorge Mi\u00f1o","twitter_card":"summary_large_image","twitter_misc":{"Escrito por":"Jorge Mi\u00f1o","Tiempo de lectura":"2 minutos"},"schema":{"@context":"https:\/\/schema.org","@graph":[{"@type":"Article","@id":"https:\/\/radioinfinitagoya.com.ar\/v1\/2026\/03\/15\/el-gobierno-dio-de-baja-otras-10-prepagas-cuales-son-y-que-pasara-con-sus-afiliados\/#article","isPartOf":{"@id":"https:\/\/radioinfinitagoya.com.ar\/v1\/2026\/03\/15\/el-gobierno-dio-de-baja-otras-10-prepagas-cuales-son-y-que-pasara-con-sus-afiliados\/"},"author":{"name":"Jorge Mi\u00f1o","@id":"https:\/\/radioinfinitagoya.com.ar\/v1\/#\/schema\/person\/d4cf9c413d4f6edb24aabdccab49ca4a"},"headline":"El Gobierno dio de baja otras 10 prepagas: cu\u00e1les son y qu\u00e9 pasar\u00e1 con sus afiliados","datePublished":"2026-03-15T21:05:16+00:00","mainEntityOfPage":{"@id":"https:\/\/radioinfinitagoya.com.ar\/v1\/2026\/03\/15\/el-gobierno-dio-de-baja-otras-10-prepagas-cuales-son-y-que-pasara-con-sus-afiliados\/"},"wordCount":381,"commentCount":0,"publisher":{"@id":"https:\/\/radioinfinitagoya.com.ar\/v1\/#organization"},"image":{"@id":"https:\/\/radioinfinitagoya.com.ar\/v1\/2026\/03\/15\/el-gobierno-dio-de-baja-otras-10-prepagas-cuales-son-y-que-pasara-con-sus-afiliados\/#primaryimage"},"thumbnailUrl":"https:\/\/radioinfinitagoya.com.ar\/v1\/wp-content\/uploads\/2026\/03\/jHgl-qM0.jpg","articleSection":["NACIONALES"],"inLanguage":"es-AR","potentialAction":[{"@type":"CommentAction","name":"Comment","target":["https:\/\/radioinfinitagoya.com.ar\/v1\/2026\/03\/15\/el-gobierno-dio-de-baja-otras-10-prepagas-cuales-son-y-que-pasara-con-sus-afiliados\/#respond"]}]},{"@type":"WebPage","@id":"https:\/\/radioinfinitagoya.com.ar\/v1\/2026\/03\/15\/el-gobierno-dio-de-baja-otras-10-prepagas-cuales-son-y-que-pasara-con-sus-afiliados\/","url":"https:\/\/radioinfinitagoya.com.ar\/v1\/2026\/03\/15\/el-gobierno-dio-de-baja-otras-10-prepagas-cuales-son-y-que-pasara-con-sus-afiliados\/","name":"El Gobierno dio de baja otras 10 prepagas: cu\u00e1les son y qu\u00e9 pasar\u00e1 con sus afiliados - Radio Infinita Goya","isPartOf":{"@id":"https:\/\/radioinfinitagoya.com.ar\/v1\/#website"},"primaryImageOfPage":{"@id":"https:\/\/radioinfinitagoya.com.ar\/v1\/2026\/03\/15\/el-gobierno-dio-de-baja-otras-10-prepagas-cuales-son-y-que-pasara-con-sus-afiliados\/#primaryimage"},"image":{"@id":"https:\/\/radioinfinitagoya.com.ar\/v1\/2026\/03\/15\/el-gobierno-dio-de-baja-otras-10-prepagas-cuales-son-y-que-pasara-con-sus-afiliados\/#primaryimage"},"thumbnailUrl":"https:\/\/radioinfinitagoya.com.ar\/v1\/wp-content\/uploads\/2026\/03\/jHgl-qM0.jpg","datePublished":"2026-03-15T21:05:16+00:00","description":"Desde el inicio de la gesti\u00f3n de Javier Milei ya se dieron de baja 160 prepagas que no cumpl\u00edan con los requisitos para operar o no registraban actividad.","breadcrumb":{"@id":"https:\/\/radioinfinitagoya.com.ar\/v1\/2026\/03\/15\/el-gobierno-dio-de-baja-otras-10-prepagas-cuales-son-y-que-pasara-con-sus-afiliados\/#breadcrumb"},"inLanguage":"es-AR","potentialAction":[{"@type":"ReadAction","target":["https:\/\/radioinfinitagoya.com.ar\/v1\/2026\/03\/15\/el-gobierno-dio-de-baja-otras-10-prepagas-cuales-son-y-que-pasara-con-sus-afiliados\/"]}]},{"@type":"ImageObject","inLanguage":"es-AR","@id":"https:\/\/radioinfinitagoya.com.ar\/v1\/2026\/03\/15\/el-gobierno-dio-de-baja-otras-10-prepagas-cuales-son-y-que-pasara-con-sus-afiliados\/#primaryimage","url":"https:\/\/radioinfinitagoya.com.ar\/v1\/wp-content\/uploads\/2026\/03\/jHgl-qM0.jpg","contentUrl":"https:\/\/radioinfinitagoya.com.ar\/v1\/wp-content\/uploads\/2026\/03\/jHgl-qM0.jpg","width":680,"height":357},{"@type":"BreadcrumbList","@id":"https:\/\/radioinfinitagoya.com.ar\/v1\/2026\/03\/15\/el-gobierno-dio-de-baja-otras-10-prepagas-cuales-son-y-que-pasara-con-sus-afiliados\/#breadcrumb","itemListElement":[{"@type":"ListItem","position":1,"name":"Inicio","item":"https:\/\/radioinfinitagoya.com.ar\/v1\/"},{"@type":"ListItem","position":2,"name":"El Gobierno dio de baja otras 10 prepagas: cu\u00e1les son y qu\u00e9 pasar\u00e1 con sus afiliados"}]},{"@type":"WebSite","@id":"https:\/\/radioinfinitagoya.com.ar\/v1\/#website","url":"https:\/\/radioinfinitagoya.com.ar\/v1\/","name":"radioinfinitagoya.com.ar","description":"Radio de noticias","publisher":{"@id":"https:\/\/radioinfinitagoya.com.ar\/v1\/#organization"},"potentialAction":[{"@type":"SearchAction","target":{"@type":"EntryPoint","urlTemplate":"https:\/\/radioinfinitagoya.com.ar\/v1\/?s={search_term_string}"},"query-input":{"@type":"PropertyValueSpecification","valueRequired":true,"valueName":"search_term_string"}}],"inLanguage":"es-AR"},{"@type":"Organization","@id":"https:\/\/radioinfinitagoya.com.ar\/v1\/#organization","name":"Radio Infinita Goya","url":"https:\/\/radioinfinitagoya.com.ar\/v1\/","logo":{"@type":"ImageObject","inLanguage":"es-AR","@id":"https:\/\/radioinfinitagoya.com.ar\/v1\/#\/schema\/logo\/image\/","url":"https:\/\/radioinfinitagoya.com.ar\/v1\/wp-content\/uploads\/2019\/11\/logo-pie-web.png","contentUrl":"https:\/\/radioinfinitagoya.com.ar\/v1\/wp-content\/uploads\/2019\/11\/logo-pie-web.png","width":635,"height":326,"caption":"Radio Infinita Goya"},"image":{"@id":"https:\/\/radioinfinitagoya.com.ar\/v1\/#\/schema\/logo\/image\/"},"sameAs":["https:\/\/www.facebook.com\/p\/Infinita-Goya-100063870918311\/"]},{"@type":"Person","@id":"https:\/\/radioinfinitagoya.com.ar\/v1\/#\/schema\/person\/d4cf9c413d4f6edb24aabdccab49ca4a","name":"Jorge Mi\u00f1o","image":{"@type":"ImageObject","inLanguage":"es-AR","@id":"https:\/\/secure.gravatar.com\/avatar\/910fcf6728fe95320e07a6643c1581fec1c7fc4bf8ae12e3d8f0d0373dc844be?s=96&d=mm&r=g","url":"https:\/\/secure.gravatar.com\/avatar\/910fcf6728fe95320e07a6643c1581fec1c7fc4bf8ae12e3d8f0d0373dc844be?s=96&d=mm&r=g","contentUrl":"https:\/\/secure.gravatar.com\/avatar\/910fcf6728fe95320e07a6643c1581fec1c7fc4bf8ae12e3d8f0d0373dc844be?s=96&d=mm&r=g","caption":"Jorge Mi\u00f1o"},"sameAs":["http:\/\/radioinfinitagoya.com.ar"]}]}},"_links":{"self":[{"href":"https:\/\/radioinfinitagoya.com.ar\/v1\/wp-json\/wp\/v2\/posts\/210272","targetHints":{"allow":["GET"]}}],"collection":[{"href":"https:\/\/radioinfinitagoya.com.ar\/v1\/wp-json\/wp\/v2\/posts"}],"about":[{"href":"https:\/\/radioinfinitagoya.com.ar\/v1\/wp-json\/wp\/v2\/types\/post"}],"author":[{"embeddable":true,"href":"https:\/\/radioinfinitagoya.com.ar\/v1\/wp-json\/wp\/v2\/users\/4"}],"replies":[{"embeddable":true,"href":"https:\/\/radioinfinitagoya.com.ar\/v1\/wp-json\/wp\/v2\/comments?post=210272"}],"version-history":[{"count":0,"href":"https:\/\/radioinfinitagoya.com.ar\/v1\/wp-json\/wp\/v2\/posts\/210272\/revisions"}],"wp:featuredmedia":[{"embeddable":true,"href":"https:\/\/radioinfinitagoya.com.ar\/v1\/wp-json\/wp\/v2\/media\/210273"}],"wp:attachment":[{"href":"https:\/\/radioinfinitagoya.com.ar\/v1\/wp-json\/wp\/v2\/media?parent=210272"}],"wp:term":[{"taxonomy":"category","embeddable":true,"href":"https:\/\/radioinfinitagoya.com.ar\/v1\/wp-json\/wp\/v2\/categories?post=210272"},{"taxonomy":"post_tag","embeddable":true,"href":"https:\/\/radioinfinitagoya.com.ar\/v1\/wp-json\/wp\/v2\/tags?post=210272"}],"curies":[{"name":"wp","href":"https:\/\/api.w.org\/{rel}","templated":true}]}}