{"id":210278,"date":"2026-03-15T18:12:12","date_gmt":"2026-03-15T21:12:12","guid":{"rendered":"https:\/\/radioinfinitagoya.com.ar\/v1\/?p=210278"},"modified":"2026-03-15T18:12:53","modified_gmt":"2026-03-15T21:12:53","slug":"conmebol-y-afa-publicaron-un-comunicado-contra-la-uefa-por-la-suspension-de-la-finalissima","status":"publish","type":"post","link":"https:\/\/radioinfinitagoya.com.ar\/v1\/2026\/03\/15\/conmebol-y-afa-publicaron-un-comunicado-contra-la-uefa-por-la-suspension-de-la-finalissima\/","title":{"rendered":"Conmebol y AFA publicaron un comunicado contra la Uefa"},"content":{"rendered":"<p>&#8220;Por la suspensi\u00f3n de la Finalissima&#8221;<\/p>\n<p>Ambos indicaron que siempre hubo voluntad para jugar el partido. De esta manera contradijeron al organismo europeo.<\/p>\n<p>La Conmebol y la AFA respondieron al comunicado de la UEFA y aseguraron que siempre existi\u00f3 voluntad de disputar la Finalissima entre la Selecci\u00f3n Argentina y la Selecci\u00f3n de Espa\u00f1a en una sede neutral. Seg\u00fan explicaron, ambas entidades aceptaron la alternativa de jugar en Madrid luego de una larga insistencia del organismo europeo, aunque finalmente no se alcanz\u00f3 un acuerdo definitivo por la fecha del encuentro.<\/p>\n<p>En el comunicado tambi\u00e9n recordaron que, meses atr\u00e1s, las confederaciones hab\u00edan acordado disputar el partido en Qatar, una sede que consideraban adecuada por su experiencia en la organizaci\u00f3n de grandes eventos internacionales. Una vez descartada esa posibilidad, comenzaron nuevas negociaciones entre las partes para intentar encontrar una soluci\u00f3n que permitiera llevar adelante el encuentro.<\/p>\n<p>Ambos organismos sudamericanos, se\u00f1alaron adem\u00e1s que la opci\u00f3n de jugar un \u00fanico partido en el Estadio Santiago Bernab\u00e9u no respetaba el principio de neutralidad deportiva. Seg\u00fan detallaron, el 14 de marzo recibieron una propuesta para disputar el partido en Italia el 27 de marzo. Argentina acept\u00f3 la sede, pero propuso trasladar el encuentro al 31 de marzo. La UEFA respondi\u00f3 que esa fecha no era posible y, ante la falta de acuerdo, la Finalissima qued\u00f3 finalmente cancelada. \u26bd<\/p>\n<p>El comunicado de Conmebol y AFA por la suspensi\u00f3n de la Finalissima<\/p>\n<p>La CONMEBOL y la AFA reiteraron en todo momento su voluntad de disputar la Finalissima en terreno neutral y aceptaron la sede propuesta despu\u00e9s de una larga insistencia por parte de UEFA para jugarse en Madrid Lamentablemente, no fue posible alcanzar un acuerdo final para la realizaci\u00f3n del partido al no aceptarse la alternativa de fecha solicitada dado el poco tiempo disponible.<\/p>\n<p>La CONMEBOL y la UEFA hab\u00edan acordado hace meses la disputa de la Finalissima entre las selecciones de Argentina y Espa\u00f1a en Catar, un pa\u00eds que ha demostrado capacidad para la organizaci\u00f3n de eventos de esta magnitud y un compromiso firme con el f\u00fatbol.<\/p>\n<p>Una vez descartada la posibilidad de jugar en Catar, ambas confederaciones -as\u00ed como las federaciones de Argentina y Espa\u00f1a- se abocaron a la b\u00fasqueda de una soluci\u00f3n para satisfacci\u00f3n de todas las partes. En este marco, salta a la vista que el planteamiento de realizar un \u00fanico partido en Madrid faltar\u00eda al principio de equidad deportiva por no tratarse de una sede neutral.<\/p>\n<p>En esta situaci\u00f3n, el s\u00e1bado 14 de marzo lleg\u00f3 a la AFA la propuesta de realizar el partido en una sede neutral, Italia, el 27 de marzo. Argentina acept\u00f3 la idea sin objeciones, salvo la fecha, sugiriendo el d\u00eda 31 de marzo.<\/p>\n<p>Lamentablemente, la UEFA comunic\u00f3 que la realizaci\u00f3n del partido el d\u00eda 31 -solo cuatro d\u00edas m\u00e1s tarde de la propuesta original- no era posible, quedando cancelada la Finalissima.<\/p>\n<p>La CONMEBOL y la AFA lamentan profundamente que, a pesar de los esfuerzos realizados y de la voluntad manifestada para disputar este partido, en terreno neutral desde el primer momento, no haya sido posible.<\/p>\n<p>Por parte de la CONMEBOL y la AFA no queda m\u00e1s que agradecer a Catar por la acostumbrada buena predisposici\u00f3n y a la UEFA y la Real Federaci\u00f3n Espa\u00f1ola de F\u00fatbol (RFEF) por los esfuerzos para llevar a cabo este trascendental partido.<\/p>\n<p>&nbsp;<\/p>\n","protected":false},"excerpt":{"rendered":"<p>&#8220;Por la suspensi\u00f3n de la Finalissima&#8221; Ambos indicaron que siempre hubo voluntad para jugar el partido. De esta manera contradijeron al organismo europeo. La Conmebol y la AFA respondieron al comunicado de la UEFA y aseguraron que siempre existi\u00f3 voluntad de disputar la Finalissima entre la Selecci\u00f3n Argentina y la Selecci\u00f3n de Espa\u00f1a en una [&hellip;]<\/p>\n","protected":false},"author":4,"featured_media":210279,"comment_status":"open","ping_status":"open","sticky":false,"template":"","format":"standard","meta":{"_joinchat":[],"footnotes":""},"categories":[28],"tags":[],"class_list":{"0":"post-210278","1":"post","2":"type-post","3":"status-publish","4":"format-standard","5":"has-post-thumbnail","7":"category-deportes"},"yoast_head":"<!-- This site is optimized with the Yoast SEO plugin v27.2 - https:\/\/yoast.com\/product\/yoast-seo-wordpress\/ -->\n<title>Conmebol y AFA publicaron un comunicado contra la Uefa - Radio Infinita Goya<\/title>\n<meta name=\"description\" content=\"&quot;Por la suspensi\u00f3n de la Finalissima&quot; Ambos indicaron que siempre hubo voluntad para jugar el partido. De esta manera contradijeron al organismo europeo.\" \/>\n<meta name=\"robots\" content=\"index, follow, max-snippet:-1, max-image-preview:large, max-video-preview:-1\" \/>\n<link rel=\"canonical\" href=\"https:\/\/radioinfinitagoya.com.ar\/v1\/2026\/03\/15\/conmebol-y-afa-publicaron-un-comunicado-contra-la-uefa-por-la-suspension-de-la-finalissima\/\" \/>\n<meta property=\"og:locale\" content=\"es_ES\" \/>\n<meta property=\"og:type\" content=\"article\" \/>\n<meta property=\"og:title\" content=\"Conmebol y AFA publicaron un comunicado contra la Uefa - Radio Infinita Goya\" \/>\n<meta property=\"og:description\" content=\"&quot;Por la suspensi\u00f3n de la Finalissima&quot; Ambos indicaron que siempre hubo voluntad para jugar el partido. De esta manera contradijeron al organismo europeo.\" \/>\n<meta property=\"og:url\" content=\"https:\/\/radioinfinitagoya.com.ar\/v1\/2026\/03\/15\/conmebol-y-afa-publicaron-un-comunicado-contra-la-uefa-por-la-suspension-de-la-finalissima\/\" \/>\n<meta property=\"og:site_name\" content=\"Radio Infinita Goya\" \/>\n<meta property=\"article:publisher\" content=\"https:\/\/www.facebook.com\/p\/Infinita-Goya-100063870918311\/\" \/>\n<meta property=\"article:published_time\" content=\"2026-03-15T21:12:12+00:00\" \/>\n<meta property=\"article:modified_time\" content=\"2026-03-15T21:12:53+00:00\" \/>\n<meta property=\"og:image\" content=\"https:\/\/radioinfinitagoya.com.ar\/v1\/wp-content\/uploads\/2026\/03\/1773599812972.webp\" \/>\n\t<meta property=\"og:image:width\" content=\"1200\" \/>\n\t<meta property=\"og:image:height\" content=\"675\" \/>\n\t<meta property=\"og:image:type\" content=\"image\/webp\" \/>\n<meta name=\"author\" content=\"Jorge Mi\u00f1o\" \/>\n<meta name=\"twitter:card\" content=\"summary_large_image\" \/>\n<meta name=\"twitter:label1\" content=\"Escrito por\" \/>\n\t<meta name=\"twitter:data1\" content=\"Jorge Mi\u00f1o\" \/>\n\t<meta name=\"twitter:label2\" content=\"Tiempo de lectura\" \/>\n\t<meta name=\"twitter:data2\" content=\"3 minutos\" \/>\n<script type=\"application\/ld+json\" class=\"yoast-schema-graph\">{\"@context\":\"https:\/\/schema.org\",\"@graph\":[{\"@type\":\"Article\",\"@id\":\"https:\/\/radioinfinitagoya.com.ar\/v1\/2026\/03\/15\/conmebol-y-afa-publicaron-un-comunicado-contra-la-uefa-por-la-suspension-de-la-finalissima\/#article\",\"isPartOf\":{\"@id\":\"https:\/\/radioinfinitagoya.com.ar\/v1\/2026\/03\/15\/conmebol-y-afa-publicaron-un-comunicado-contra-la-uefa-por-la-suspension-de-la-finalissima\/\"},\"author\":{\"name\":\"Jorge Mi\u00f1o\",\"@id\":\"https:\/\/radioinfinitagoya.com.ar\/v1\/#\/schema\/person\/d4cf9c413d4f6edb24aabdccab49ca4a\"},\"headline\":\"Conmebol y AFA publicaron un comunicado contra la Uefa\",\"datePublished\":\"2026-03-15T21:12:12+00:00\",\"dateModified\":\"2026-03-15T21:12:53+00:00\",\"mainEntityOfPage\":{\"@id\":\"https:\/\/radioinfinitagoya.com.ar\/v1\/2026\/03\/15\/conmebol-y-afa-publicaron-un-comunicado-contra-la-uefa-por-la-suspension-de-la-finalissima\/\"},\"wordCount\":590,\"commentCount\":0,\"publisher\":{\"@id\":\"https:\/\/radioinfinitagoya.com.ar\/v1\/#organization\"},\"image\":{\"@id\":\"https:\/\/radioinfinitagoya.com.ar\/v1\/2026\/03\/15\/conmebol-y-afa-publicaron-un-comunicado-contra-la-uefa-por-la-suspension-de-la-finalissima\/#primaryimage\"},\"thumbnailUrl\":\"https:\/\/radioinfinitagoya.com.ar\/v1\/wp-content\/uploads\/2026\/03\/1773599812972.webp\",\"articleSection\":[\"DEPORTES\"],\"inLanguage\":\"es-AR\",\"potentialAction\":[{\"@type\":\"CommentAction\",\"name\":\"Comment\",\"target\":[\"https:\/\/radioinfinitagoya.com.ar\/v1\/2026\/03\/15\/conmebol-y-afa-publicaron-un-comunicado-contra-la-uefa-por-la-suspension-de-la-finalissima\/#respond\"]}]},{\"@type\":\"WebPage\",\"@id\":\"https:\/\/radioinfinitagoya.com.ar\/v1\/2026\/03\/15\/conmebol-y-afa-publicaron-un-comunicado-contra-la-uefa-por-la-suspension-de-la-finalissima\/\",\"url\":\"https:\/\/radioinfinitagoya.com.ar\/v1\/2026\/03\/15\/conmebol-y-afa-publicaron-un-comunicado-contra-la-uefa-por-la-suspension-de-la-finalissima\/\",\"name\":\"Conmebol y AFA publicaron un comunicado contra la Uefa - Radio Infinita Goya\",\"isPartOf\":{\"@id\":\"https:\/\/radioinfinitagoya.com.ar\/v1\/#website\"},\"primaryImageOfPage\":{\"@id\":\"https:\/\/radioinfinitagoya.com.ar\/v1\/2026\/03\/15\/conmebol-y-afa-publicaron-un-comunicado-contra-la-uefa-por-la-suspension-de-la-finalissima\/#primaryimage\"},\"image\":{\"@id\":\"https:\/\/radioinfinitagoya.com.ar\/v1\/2026\/03\/15\/conmebol-y-afa-publicaron-un-comunicado-contra-la-uefa-por-la-suspension-de-la-finalissima\/#primaryimage\"},\"thumbnailUrl\":\"https:\/\/radioinfinitagoya.com.ar\/v1\/wp-content\/uploads\/2026\/03\/1773599812972.webp\",\"datePublished\":\"2026-03-15T21:12:12+00:00\",\"dateModified\":\"2026-03-15T21:12:53+00:00\",\"description\":\"\\\"Por la suspensi\u00f3n de la Finalissima\\\" Ambos indicaron que siempre hubo voluntad para jugar el partido. De esta manera contradijeron al organismo europeo.\",\"breadcrumb\":{\"@id\":\"https:\/\/radioinfinitagoya.com.ar\/v1\/2026\/03\/15\/conmebol-y-afa-publicaron-un-comunicado-contra-la-uefa-por-la-suspension-de-la-finalissima\/#breadcrumb\"},\"inLanguage\":\"es-AR\",\"potentialAction\":[{\"@type\":\"ReadAction\",\"target\":[\"https:\/\/radioinfinitagoya.com.ar\/v1\/2026\/03\/15\/conmebol-y-afa-publicaron-un-comunicado-contra-la-uefa-por-la-suspension-de-la-finalissima\/\"]}]},{\"@type\":\"ImageObject\",\"inLanguage\":\"es-AR\",\"@id\":\"https:\/\/radioinfinitagoya.com.ar\/v1\/2026\/03\/15\/conmebol-y-afa-publicaron-un-comunicado-contra-la-uefa-por-la-suspension-de-la-finalissima\/#primaryimage\",\"url\":\"https:\/\/radioinfinitagoya.com.ar\/v1\/wp-content\/uploads\/2026\/03\/1773599812972.webp\",\"contentUrl\":\"https:\/\/radioinfinitagoya.com.ar\/v1\/wp-content\/uploads\/2026\/03\/1773599812972.webp\",\"width\":1200,\"height\":675},{\"@type\":\"BreadcrumbList\",\"@id\":\"https:\/\/radioinfinitagoya.com.ar\/v1\/2026\/03\/15\/conmebol-y-afa-publicaron-un-comunicado-contra-la-uefa-por-la-suspension-de-la-finalissima\/#breadcrumb\",\"itemListElement\":[{\"@type\":\"ListItem\",\"position\":1,\"name\":\"Inicio\",\"item\":\"https:\/\/radioinfinitagoya.com.ar\/v1\/\"},{\"@type\":\"ListItem\",\"position\":2,\"name\":\"Conmebol y AFA publicaron un comunicado contra la Uefa\"}]},{\"@type\":\"WebSite\",\"@id\":\"https:\/\/radioinfinitagoya.com.ar\/v1\/#website\",\"url\":\"https:\/\/radioinfinitagoya.com.ar\/v1\/\",\"name\":\"radioinfinitagoya.com.ar\",\"description\":\"Radio de noticias\",\"publisher\":{\"@id\":\"https:\/\/radioinfinitagoya.com.ar\/v1\/#organization\"},\"potentialAction\":[{\"@type\":\"SearchAction\",\"target\":{\"@type\":\"EntryPoint\",\"urlTemplate\":\"https:\/\/radioinfinitagoya.com.ar\/v1\/?s={search_term_string}\"},\"query-input\":{\"@type\":\"PropertyValueSpecification\",\"valueRequired\":true,\"valueName\":\"search_term_string\"}}],\"inLanguage\":\"es-AR\"},{\"@type\":\"Organization\",\"@id\":\"https:\/\/radioinfinitagoya.com.ar\/v1\/#organization\",\"name\":\"Radio Infinita Goya\",\"url\":\"https:\/\/radioinfinitagoya.com.ar\/v1\/\",\"logo\":{\"@type\":\"ImageObject\",\"inLanguage\":\"es-AR\",\"@id\":\"https:\/\/radioinfinitagoya.com.ar\/v1\/#\/schema\/logo\/image\/\",\"url\":\"https:\/\/radioinfinitagoya.com.ar\/v1\/wp-content\/uploads\/2019\/11\/logo-pie-web.png\",\"contentUrl\":\"https:\/\/radioinfinitagoya.com.ar\/v1\/wp-content\/uploads\/2019\/11\/logo-pie-web.png\",\"width\":635,\"height\":326,\"caption\":\"Radio Infinita Goya\"},\"image\":{\"@id\":\"https:\/\/radioinfinitagoya.com.ar\/v1\/#\/schema\/logo\/image\/\"},\"sameAs\":[\"https:\/\/www.facebook.com\/p\/Infinita-Goya-100063870918311\/\"]},{\"@type\":\"Person\",\"@id\":\"https:\/\/radioinfinitagoya.com.ar\/v1\/#\/schema\/person\/d4cf9c413d4f6edb24aabdccab49ca4a\",\"name\":\"Jorge Mi\u00f1o\",\"image\":{\"@type\":\"ImageObject\",\"inLanguage\":\"es-AR\",\"@id\":\"https:\/\/secure.gravatar.com\/avatar\/910fcf6728fe95320e07a6643c1581fec1c7fc4bf8ae12e3d8f0d0373dc844be?s=96&d=mm&r=g\",\"url\":\"https:\/\/secure.gravatar.com\/avatar\/910fcf6728fe95320e07a6643c1581fec1c7fc4bf8ae12e3d8f0d0373dc844be?s=96&d=mm&r=g\",\"contentUrl\":\"https:\/\/secure.gravatar.com\/avatar\/910fcf6728fe95320e07a6643c1581fec1c7fc4bf8ae12e3d8f0d0373dc844be?s=96&d=mm&r=g\",\"caption\":\"Jorge Mi\u00f1o\"},\"sameAs\":[\"http:\/\/radioinfinitagoya.com.ar\"]}]}<\/script>\n<!-- \/ Yoast SEO plugin. -->","yoast_head_json":{"title":"Conmebol y AFA publicaron un comunicado contra la Uefa - Radio Infinita Goya","description":"\"Por la suspensi\u00f3n de la Finalissima\" Ambos indicaron que siempre hubo voluntad para jugar el partido. De esta manera contradijeron al organismo europeo.","robots":{"index":"index","follow":"follow","max-snippet":"max-snippet:-1","max-image-preview":"max-image-preview:large","max-video-preview":"max-video-preview:-1"},"canonical":"https:\/\/radioinfinitagoya.com.ar\/v1\/2026\/03\/15\/conmebol-y-afa-publicaron-un-comunicado-contra-la-uefa-por-la-suspension-de-la-finalissima\/","og_locale":"es_ES","og_type":"article","og_title":"Conmebol y AFA publicaron un comunicado contra la Uefa - Radio Infinita Goya","og_description":"\"Por la suspensi\u00f3n de la Finalissima\" Ambos indicaron que siempre hubo voluntad para jugar el partido. De esta manera contradijeron al organismo europeo.","og_url":"https:\/\/radioinfinitagoya.com.ar\/v1\/2026\/03\/15\/conmebol-y-afa-publicaron-un-comunicado-contra-la-uefa-por-la-suspension-de-la-finalissima\/","og_site_name":"Radio Infinita Goya","article_publisher":"https:\/\/www.facebook.com\/p\/Infinita-Goya-100063870918311\/","article_published_time":"2026-03-15T21:12:12+00:00","article_modified_time":"2026-03-15T21:12:53+00:00","og_image":[{"width":1200,"height":675,"url":"https:\/\/radioinfinitagoya.com.ar\/v1\/wp-content\/uploads\/2026\/03\/1773599812972.webp","type":"image\/webp"}],"author":"Jorge Mi\u00f1o","twitter_card":"summary_large_image","twitter_misc":{"Escrito por":"Jorge Mi\u00f1o","Tiempo de lectura":"3 minutos"},"schema":{"@context":"https:\/\/schema.org","@graph":[{"@type":"Article","@id":"https:\/\/radioinfinitagoya.com.ar\/v1\/2026\/03\/15\/conmebol-y-afa-publicaron-un-comunicado-contra-la-uefa-por-la-suspension-de-la-finalissima\/#article","isPartOf":{"@id":"https:\/\/radioinfinitagoya.com.ar\/v1\/2026\/03\/15\/conmebol-y-afa-publicaron-un-comunicado-contra-la-uefa-por-la-suspension-de-la-finalissima\/"},"author":{"name":"Jorge Mi\u00f1o","@id":"https:\/\/radioinfinitagoya.com.ar\/v1\/#\/schema\/person\/d4cf9c413d4f6edb24aabdccab49ca4a"},"headline":"Conmebol y AFA publicaron un comunicado contra la Uefa","datePublished":"2026-03-15T21:12:12+00:00","dateModified":"2026-03-15T21:12:53+00:00","mainEntityOfPage":{"@id":"https:\/\/radioinfinitagoya.com.ar\/v1\/2026\/03\/15\/conmebol-y-afa-publicaron-un-comunicado-contra-la-uefa-por-la-suspension-de-la-finalissima\/"},"wordCount":590,"commentCount":0,"publisher":{"@id":"https:\/\/radioinfinitagoya.com.ar\/v1\/#organization"},"image":{"@id":"https:\/\/radioinfinitagoya.com.ar\/v1\/2026\/03\/15\/conmebol-y-afa-publicaron-un-comunicado-contra-la-uefa-por-la-suspension-de-la-finalissima\/#primaryimage"},"thumbnailUrl":"https:\/\/radioinfinitagoya.com.ar\/v1\/wp-content\/uploads\/2026\/03\/1773599812972.webp","articleSection":["DEPORTES"],"inLanguage":"es-AR","potentialAction":[{"@type":"CommentAction","name":"Comment","target":["https:\/\/radioinfinitagoya.com.ar\/v1\/2026\/03\/15\/conmebol-y-afa-publicaron-un-comunicado-contra-la-uefa-por-la-suspension-de-la-finalissima\/#respond"]}]},{"@type":"WebPage","@id":"https:\/\/radioinfinitagoya.com.ar\/v1\/2026\/03\/15\/conmebol-y-afa-publicaron-un-comunicado-contra-la-uefa-por-la-suspension-de-la-finalissima\/","url":"https:\/\/radioinfinitagoya.com.ar\/v1\/2026\/03\/15\/conmebol-y-afa-publicaron-un-comunicado-contra-la-uefa-por-la-suspension-de-la-finalissima\/","name":"Conmebol y AFA publicaron un comunicado contra la Uefa - Radio Infinita Goya","isPartOf":{"@id":"https:\/\/radioinfinitagoya.com.ar\/v1\/#website"},"primaryImageOfPage":{"@id":"https:\/\/radioinfinitagoya.com.ar\/v1\/2026\/03\/15\/conmebol-y-afa-publicaron-un-comunicado-contra-la-uefa-por-la-suspension-de-la-finalissima\/#primaryimage"},"image":{"@id":"https:\/\/radioinfinitagoya.com.ar\/v1\/2026\/03\/15\/conmebol-y-afa-publicaron-un-comunicado-contra-la-uefa-por-la-suspension-de-la-finalissima\/#primaryimage"},"thumbnailUrl":"https:\/\/radioinfinitagoya.com.ar\/v1\/wp-content\/uploads\/2026\/03\/1773599812972.webp","datePublished":"2026-03-15T21:12:12+00:00","dateModified":"2026-03-15T21:12:53+00:00","description":"\"Por la suspensi\u00f3n de la Finalissima\" Ambos indicaron que siempre hubo voluntad para jugar el partido. De esta manera contradijeron al organismo europeo.","breadcrumb":{"@id":"https:\/\/radioinfinitagoya.com.ar\/v1\/2026\/03\/15\/conmebol-y-afa-publicaron-un-comunicado-contra-la-uefa-por-la-suspension-de-la-finalissima\/#breadcrumb"},"inLanguage":"es-AR","potentialAction":[{"@type":"ReadAction","target":["https:\/\/radioinfinitagoya.com.ar\/v1\/2026\/03\/15\/conmebol-y-afa-publicaron-un-comunicado-contra-la-uefa-por-la-suspension-de-la-finalissima\/"]}]},{"@type":"ImageObject","inLanguage":"es-AR","@id":"https:\/\/radioinfinitagoya.com.ar\/v1\/2026\/03\/15\/conmebol-y-afa-publicaron-un-comunicado-contra-la-uefa-por-la-suspension-de-la-finalissima\/#primaryimage","url":"https:\/\/radioinfinitagoya.com.ar\/v1\/wp-content\/uploads\/2026\/03\/1773599812972.webp","contentUrl":"https:\/\/radioinfinitagoya.com.ar\/v1\/wp-content\/uploads\/2026\/03\/1773599812972.webp","width":1200,"height":675},{"@type":"BreadcrumbList","@id":"https:\/\/radioinfinitagoya.com.ar\/v1\/2026\/03\/15\/conmebol-y-afa-publicaron-un-comunicado-contra-la-uefa-por-la-suspension-de-la-finalissima\/#breadcrumb","itemListElement":[{"@type":"ListItem","position":1,"name":"Inicio","item":"https:\/\/radioinfinitagoya.com.ar\/v1\/"},{"@type":"ListItem","position":2,"name":"Conmebol y AFA publicaron un comunicado contra la Uefa"}]},{"@type":"WebSite","@id":"https:\/\/radioinfinitagoya.com.ar\/v1\/#website","url":"https:\/\/radioinfinitagoya.com.ar\/v1\/","name":"radioinfinitagoya.com.ar","description":"Radio de noticias","publisher":{"@id":"https:\/\/radioinfinitagoya.com.ar\/v1\/#organization"},"potentialAction":[{"@type":"SearchAction","target":{"@type":"EntryPoint","urlTemplate":"https:\/\/radioinfinitagoya.com.ar\/v1\/?s={search_term_string}"},"query-input":{"@type":"PropertyValueSpecification","valueRequired":true,"valueName":"search_term_string"}}],"inLanguage":"es-AR"},{"@type":"Organization","@id":"https:\/\/radioinfinitagoya.com.ar\/v1\/#organization","name":"Radio Infinita Goya","url":"https:\/\/radioinfinitagoya.com.ar\/v1\/","logo":{"@type":"ImageObject","inLanguage":"es-AR","@id":"https:\/\/radioinfinitagoya.com.ar\/v1\/#\/schema\/logo\/image\/","url":"https:\/\/radioinfinitagoya.com.ar\/v1\/wp-content\/uploads\/2019\/11\/logo-pie-web.png","contentUrl":"https:\/\/radioinfinitagoya.com.ar\/v1\/wp-content\/uploads\/2019\/11\/logo-pie-web.png","width":635,"height":326,"caption":"Radio Infinita Goya"},"image":{"@id":"https:\/\/radioinfinitagoya.com.ar\/v1\/#\/schema\/logo\/image\/"},"sameAs":["https:\/\/www.facebook.com\/p\/Infinita-Goya-100063870918311\/"]},{"@type":"Person","@id":"https:\/\/radioinfinitagoya.com.ar\/v1\/#\/schema\/person\/d4cf9c413d4f6edb24aabdccab49ca4a","name":"Jorge Mi\u00f1o","image":{"@type":"ImageObject","inLanguage":"es-AR","@id":"https:\/\/secure.gravatar.com\/avatar\/910fcf6728fe95320e07a6643c1581fec1c7fc4bf8ae12e3d8f0d0373dc844be?s=96&d=mm&r=g","url":"https:\/\/secure.gravatar.com\/avatar\/910fcf6728fe95320e07a6643c1581fec1c7fc4bf8ae12e3d8f0d0373dc844be?s=96&d=mm&r=g","contentUrl":"https:\/\/secure.gravatar.com\/avatar\/910fcf6728fe95320e07a6643c1581fec1c7fc4bf8ae12e3d8f0d0373dc844be?s=96&d=mm&r=g","caption":"Jorge Mi\u00f1o"},"sameAs":["http:\/\/radioinfinitagoya.com.ar"]}]}},"_links":{"self":[{"href":"https:\/\/radioinfinitagoya.com.ar\/v1\/wp-json\/wp\/v2\/posts\/210278","targetHints":{"allow":["GET"]}}],"collection":[{"href":"https:\/\/radioinfinitagoya.com.ar\/v1\/wp-json\/wp\/v2\/posts"}],"about":[{"href":"https:\/\/radioinfinitagoya.com.ar\/v1\/wp-json\/wp\/v2\/types\/post"}],"author":[{"embeddable":true,"href":"https:\/\/radioinfinitagoya.com.ar\/v1\/wp-json\/wp\/v2\/users\/4"}],"replies":[{"embeddable":true,"href":"https:\/\/radioinfinitagoya.com.ar\/v1\/wp-json\/wp\/v2\/comments?post=210278"}],"version-history":[{"count":0,"href":"https:\/\/radioinfinitagoya.com.ar\/v1\/wp-json\/wp\/v2\/posts\/210278\/revisions"}],"wp:featuredmedia":[{"embeddable":true,"href":"https:\/\/radioinfinitagoya.com.ar\/v1\/wp-json\/wp\/v2\/media\/210279"}],"wp:attachment":[{"href":"https:\/\/radioinfinitagoya.com.ar\/v1\/wp-json\/wp\/v2\/media?parent=210278"}],"wp:term":[{"taxonomy":"category","embeddable":true,"href":"https:\/\/radioinfinitagoya.com.ar\/v1\/wp-json\/wp\/v2\/categories?post=210278"},{"taxonomy":"post_tag","embeddable":true,"href":"https:\/\/radioinfinitagoya.com.ar\/v1\/wp-json\/wp\/v2\/tags?post=210278"}],"curies":[{"name":"wp","href":"https:\/\/api.w.org\/{rel}","templated":true}]}}