{"id":210289,"date":"2026-03-15T18:31:54","date_gmt":"2026-03-15T21:31:54","guid":{"rendered":"https:\/\/radioinfinitagoya.com.ar\/v1\/?p=210289"},"modified":"2026-03-15T18:31:54","modified_gmt":"2026-03-15T21:31:54","slug":"iran-afirmo-que-varios-paises-iniciaron-conversaciones-por-el-estrecho-de-ormuz","status":"publish","type":"post","link":"https:\/\/radioinfinitagoya.com.ar\/v1\/2026\/03\/15\/iran-afirmo-que-varios-paises-iniciaron-conversaciones-por-el-estrecho-de-ormuz\/","title":{"rendered":"Ir\u00e1n afirm\u00f3 que varios pa\u00edses iniciaron conversaciones  por el estrecho de Ormuz"},"content":{"rendered":"<p>El canciller Abbas Araqchi afirm\u00f3 que distintos gobiernos ya iniciaron contactos con Teher\u00e1n para garantizar el tr\u00e1nsito de buques por la estrat\u00e9gica v\u00eda mar\u00edtima.<\/p>\n<p>El ministro de Relaciones Exteriores de Ir\u00e1n, Abbas Araqchi, afirm\u00f3 que varios pa\u00edses se acercaron a Teher\u00e1n para dialogar sobre el tr\u00e1nsito seguro de buques a trav\u00e9s del estrecho de Ormuz. El funcionario asegur\u00f3 que Ir\u00e1n est\u00e1 dispuesto a discutir mecanismos que permitan garantizar la navegaci\u00f3n en este punto clave para el comercio energ\u00e9tico mundial.<\/p>\n<p>Durante una entrevista televisiva, el canciller explic\u00f3 que diferentes gobiernos manifestaron inter\u00e9s en conversar con Ir\u00e1n sobre el paso de embarcaciones por esta ruta mar\u00edtima, por donde circula una parte significativa del petr\u00f3leo y el gas que se transporta en el planeta.<\/p>\n<p>Ir\u00e1n abre la puerta a conversaciones sobre el tr\u00e1nsito mar\u00edtimo<br \/>\nAraqchi se\u00f1al\u00f3 que su pa\u00eds est\u00e1 dispuesto a mantener conversaciones con los Estados interesados en asegurar el tr\u00e1nsito de sus barcos. \u201cEstamos abiertos a pa\u00edses que quieran hablar con nosotros sobre el paso seguro de sus buques\u201d, expres\u00f3 el ministro durante su participaci\u00f3n en CBS News.<\/p>\n<p>El funcionario aclar\u00f3 que distintos gobiernos ya iniciaron contactos con Teher\u00e1n para discutir esta cuesti\u00f3n, aunque evit\u00f3 mencionar nombres concretos. \u201cNo puedo mencionar a ning\u00fan pa\u00eds en particular, pero varios pa\u00edses se han acercado para hablar sobre el paso seguro de sus buques\u201d, se\u00f1al\u00f3.<\/p>\n<p><img loading=\"lazy\" decoding=\"async\" class=\"alignnone size-full wp-image-210291\" src=\"https:\/\/radioinfinitagoya.com.ar\/v1\/wp-content\/uploads\/2026\/03\/estrecho-ormuz-iran.webp\" alt=\"\" width=\"730\" height=\"487\" srcset=\"https:\/\/radioinfinitagoya.com.ar\/v1\/wp-content\/uploads\/2026\/03\/estrecho-ormuz-iran.webp 730w, https:\/\/radioinfinitagoya.com.ar\/v1\/wp-content\/uploads\/2026\/03\/estrecho-ormuz-iran-150x100.webp 150w, https:\/\/radioinfinitagoya.com.ar\/v1\/wp-content\/uploads\/2026\/03\/estrecho-ormuz-iran-630x420.webp 630w, https:\/\/radioinfinitagoya.com.ar\/v1\/wp-content\/uploads\/2026\/03\/estrecho-ormuz-iran-696x464.webp 696w\" sizes=\"auto, (max-width: 730px) 100vw, 730px\" \/>Sin embargo, Araqchi explic\u00f3 que la decisi\u00f3n final sobre el tr\u00e1nsito mar\u00edtimo no depende exclusivamente del gobierno civil. Seg\u00fan indic\u00f3, las autoridades militares iran\u00edes tienen la \u00faltima palabra respecto a las condiciones de navegaci\u00f3n en el estrecho.<\/p>\n<p>La decisi\u00f3n final depende de las fuerzas armadas iran\u00edes<\/p>\n<p>El canciller remarc\u00f3 que el control del estrecho forma parte de las responsabilidades de las fuerzas militares de Ir\u00e1n. \u201cEsto depende de nuestros militares, y ya han decidido permitir que un grupo de buques de distintos pa\u00edses pase de forma segura, por lo que les proporcionamos seguridad para ese tr\u00e1nsito\u201d, afirm\u00f3.<\/p>\n<p>El s\u00e1bado, dos petroleros que ten\u00edan como destino India lograron atravesar el estrecho de Ormuz. Un funcionario del Ministerio de Relaciones Exteriores indio confirm\u00f3 a CNN que las embarcaciones pudieron completar su trayecto por esta v\u00eda estrat\u00e9gica.<\/p>\n<p><img loading=\"lazy\" decoding=\"async\" class=\"alignnone size-full wp-image-210292\" src=\"https:\/\/radioinfinitagoya.com.ar\/v1\/wp-content\/uploads\/2026\/03\/buque-estrecho-ormuz.webp\" alt=\"\" width=\"730\" height=\"486\" srcset=\"https:\/\/radioinfinitagoya.com.ar\/v1\/wp-content\/uploads\/2026\/03\/buque-estrecho-ormuz.webp 730w, https:\/\/radioinfinitagoya.com.ar\/v1\/wp-content\/uploads\/2026\/03\/buque-estrecho-ormuz-150x100.webp 150w, https:\/\/radioinfinitagoya.com.ar\/v1\/wp-content\/uploads\/2026\/03\/buque-estrecho-ormuz-631x420.webp 631w, https:\/\/radioinfinitagoya.com.ar\/v1\/wp-content\/uploads\/2026\/03\/buque-estrecho-ormuz-696x463.webp 696w\" sizes=\"auto, (max-width: 730px) 100vw, 730px\" \/>El estrecho de Ormuz es uno de los corredores mar\u00edtimos m\u00e1s importantes del mundo para el transporte energ\u00e9tico. Por all\u00ed transita habitualmente alrededor de una quinta parte del petr\u00f3leo crudo que se comercializa a nivel global.<\/p>\n<p>Ir\u00e1n descarta un alto el fuego con EEUU<br \/>\nEn la misma entrevista, Araqchi tambi\u00e9n se refiri\u00f3 al conflicto en curso con Estados Unidos. El ministro asegur\u00f3 que Ir\u00e1n no est\u00e1 solicitando actualmente un alto el fuego ni negociaciones con Washington.<\/p>\n<p>El canciller sostuvo que el pa\u00eds est\u00e1 preparado para continuar el enfrentamiento si fuera necesario. Seg\u00fan afirm\u00f3, las autoridades iran\u00edes consideran que la prioridad es mantener la capacidad de defensa frente a cualquier agresi\u00f3n externa.<\/p>\n<p>\u201cEstamos listos para defendernos el tiempo que sea necesario\u201d, concluy\u00f3 el funcionario, en medio de la creciente tensi\u00f3n regional que involucra a Ir\u00e1n, Estados Unidos e Israel.<\/p>\n<p>&nbsp;<\/p>\n","protected":false},"excerpt":{"rendered":"<p>El canciller Abbas Araqchi afirm\u00f3 que distintos gobiernos ya iniciaron contactos con Teher\u00e1n para garantizar el tr\u00e1nsito de buques por la estrat\u00e9gica v\u00eda mar\u00edtima. El ministro de Relaciones Exteriores de Ir\u00e1n, Abbas Araqchi, afirm\u00f3 que varios pa\u00edses se acercaron a Teher\u00e1n para dialogar sobre el tr\u00e1nsito seguro de buques a trav\u00e9s del estrecho de Ormuz. [&hellip;]<\/p>\n","protected":false},"author":4,"featured_media":210290,"comment_status":"open","ping_status":"open","sticky":false,"template":"","format":"standard","meta":{"_joinchat":[],"footnotes":""},"categories":[25],"tags":[],"class_list":{"0":"post-210289","1":"post","2":"type-post","3":"status-publish","4":"format-standard","5":"has-post-thumbnail","7":"category-destacados"},"yoast_head":"<!-- This site is optimized with the Yoast SEO plugin v27.2 - https:\/\/yoast.com\/product\/yoast-seo-wordpress\/ -->\n<title>Ir\u00e1n afirm\u00f3 que varios pa\u00edses iniciaron conversaciones por el estrecho de Ormuz - Radio Infinita Goya<\/title>\n<meta name=\"description\" content=\"El canciller Abbas Araqchi afirm\u00f3 que distintos gobiernos ya iniciaron contactos con Teher\u00e1n para garantizar el tr\u00e1nsito de buques por la estrat\u00e9gica v\u00eda\" \/>\n<meta name=\"robots\" content=\"index, follow, max-snippet:-1, max-image-preview:large, max-video-preview:-1\" \/>\n<link rel=\"canonical\" href=\"https:\/\/radioinfinitagoya.com.ar\/v1\/2026\/03\/15\/iran-afirmo-que-varios-paises-iniciaron-conversaciones-por-el-estrecho-de-ormuz\/\" \/>\n<meta property=\"og:locale\" content=\"es_ES\" \/>\n<meta property=\"og:type\" content=\"article\" \/>\n<meta property=\"og:title\" content=\"Ir\u00e1n afirm\u00f3 que varios pa\u00edses iniciaron conversaciones por el estrecho de Ormuz - Radio Infinita Goya\" \/>\n<meta property=\"og:description\" content=\"El canciller Abbas Araqchi afirm\u00f3 que distintos gobiernos ya iniciaron contactos con Teher\u00e1n para garantizar el tr\u00e1nsito de buques por la estrat\u00e9gica v\u00eda\" \/>\n<meta property=\"og:url\" content=\"https:\/\/radioinfinitagoya.com.ar\/v1\/2026\/03\/15\/iran-afirmo-que-varios-paises-iniciaron-conversaciones-por-el-estrecho-de-ormuz\/\" \/>\n<meta property=\"og:site_name\" content=\"Radio Infinita Goya\" \/>\n<meta property=\"article:publisher\" content=\"https:\/\/www.facebook.com\/p\/Infinita-Goya-100063870918311\/\" \/>\n<meta property=\"article:published_time\" content=\"2026-03-15T21:31:54+00:00\" \/>\n<meta property=\"og:image\" content=\"https:\/\/radioinfinitagoya.com.ar\/v1\/wp-content\/uploads\/2026\/03\/estrecho-de-ormuz-1024x597-1.webp\" \/>\n\t<meta property=\"og:image:width\" content=\"655\" \/>\n\t<meta property=\"og:image:height\" content=\"368\" \/>\n\t<meta property=\"og:image:type\" content=\"image\/webp\" \/>\n<meta name=\"author\" content=\"Jorge Mi\u00f1o\" \/>\n<meta name=\"twitter:card\" content=\"summary_large_image\" \/>\n<meta name=\"twitter:label1\" content=\"Escrito por\" \/>\n\t<meta name=\"twitter:data1\" content=\"Jorge Mi\u00f1o\" \/>\n\t<meta name=\"twitter:label2\" content=\"Tiempo de lectura\" \/>\n\t<meta name=\"twitter:data2\" content=\"3 minutos\" \/>\n<script type=\"application\/ld+json\" class=\"yoast-schema-graph\">{\"@context\":\"https:\/\/schema.org\",\"@graph\":[{\"@type\":\"Article\",\"@id\":\"https:\/\/radioinfinitagoya.com.ar\/v1\/2026\/03\/15\/iran-afirmo-que-varios-paises-iniciaron-conversaciones-por-el-estrecho-de-ormuz\/#article\",\"isPartOf\":{\"@id\":\"https:\/\/radioinfinitagoya.com.ar\/v1\/2026\/03\/15\/iran-afirmo-que-varios-paises-iniciaron-conversaciones-por-el-estrecho-de-ormuz\/\"},\"author\":{\"name\":\"Jorge Mi\u00f1o\",\"@id\":\"https:\/\/radioinfinitagoya.com.ar\/v1\/#\/schema\/person\/d4cf9c413d4f6edb24aabdccab49ca4a\"},\"headline\":\"Ir\u00e1n afirm\u00f3 que varios pa\u00edses iniciaron conversaciones por el estrecho de Ormuz\",\"datePublished\":\"2026-03-15T21:31:54+00:00\",\"mainEntityOfPage\":{\"@id\":\"https:\/\/radioinfinitagoya.com.ar\/v1\/2026\/03\/15\/iran-afirmo-que-varios-paises-iniciaron-conversaciones-por-el-estrecho-de-ormuz\/\"},\"wordCount\":567,\"commentCount\":0,\"publisher\":{\"@id\":\"https:\/\/radioinfinitagoya.com.ar\/v1\/#organization\"},\"image\":{\"@id\":\"https:\/\/radioinfinitagoya.com.ar\/v1\/2026\/03\/15\/iran-afirmo-que-varios-paises-iniciaron-conversaciones-por-el-estrecho-de-ormuz\/#primaryimage\"},\"thumbnailUrl\":\"https:\/\/radioinfinitagoya.com.ar\/v1\/wp-content\/uploads\/2026\/03\/estrecho-de-ormuz-1024x597-1.webp\",\"articleSection\":[\"DESTACADOS\"],\"inLanguage\":\"es-AR\",\"potentialAction\":[{\"@type\":\"CommentAction\",\"name\":\"Comment\",\"target\":[\"https:\/\/radioinfinitagoya.com.ar\/v1\/2026\/03\/15\/iran-afirmo-que-varios-paises-iniciaron-conversaciones-por-el-estrecho-de-ormuz\/#respond\"]}]},{\"@type\":\"WebPage\",\"@id\":\"https:\/\/radioinfinitagoya.com.ar\/v1\/2026\/03\/15\/iran-afirmo-que-varios-paises-iniciaron-conversaciones-por-el-estrecho-de-ormuz\/\",\"url\":\"https:\/\/radioinfinitagoya.com.ar\/v1\/2026\/03\/15\/iran-afirmo-que-varios-paises-iniciaron-conversaciones-por-el-estrecho-de-ormuz\/\",\"name\":\"Ir\u00e1n afirm\u00f3 que varios pa\u00edses iniciaron conversaciones por el estrecho de Ormuz - Radio Infinita Goya\",\"isPartOf\":{\"@id\":\"https:\/\/radioinfinitagoya.com.ar\/v1\/#website\"},\"primaryImageOfPage\":{\"@id\":\"https:\/\/radioinfinitagoya.com.ar\/v1\/2026\/03\/15\/iran-afirmo-que-varios-paises-iniciaron-conversaciones-por-el-estrecho-de-ormuz\/#primaryimage\"},\"image\":{\"@id\":\"https:\/\/radioinfinitagoya.com.ar\/v1\/2026\/03\/15\/iran-afirmo-que-varios-paises-iniciaron-conversaciones-por-el-estrecho-de-ormuz\/#primaryimage\"},\"thumbnailUrl\":\"https:\/\/radioinfinitagoya.com.ar\/v1\/wp-content\/uploads\/2026\/03\/estrecho-de-ormuz-1024x597-1.webp\",\"datePublished\":\"2026-03-15T21:31:54+00:00\",\"description\":\"El canciller Abbas Araqchi afirm\u00f3 que distintos gobiernos ya iniciaron contactos con Teher\u00e1n para garantizar el tr\u00e1nsito de buques por la estrat\u00e9gica v\u00eda\",\"breadcrumb\":{\"@id\":\"https:\/\/radioinfinitagoya.com.ar\/v1\/2026\/03\/15\/iran-afirmo-que-varios-paises-iniciaron-conversaciones-por-el-estrecho-de-ormuz\/#breadcrumb\"},\"inLanguage\":\"es-AR\",\"potentialAction\":[{\"@type\":\"ReadAction\",\"target\":[\"https:\/\/radioinfinitagoya.com.ar\/v1\/2026\/03\/15\/iran-afirmo-que-varios-paises-iniciaron-conversaciones-por-el-estrecho-de-ormuz\/\"]}]},{\"@type\":\"ImageObject\",\"inLanguage\":\"es-AR\",\"@id\":\"https:\/\/radioinfinitagoya.com.ar\/v1\/2026\/03\/15\/iran-afirmo-que-varios-paises-iniciaron-conversaciones-por-el-estrecho-de-ormuz\/#primaryimage\",\"url\":\"https:\/\/radioinfinitagoya.com.ar\/v1\/wp-content\/uploads\/2026\/03\/estrecho-de-ormuz-1024x597-1.webp\",\"contentUrl\":\"https:\/\/radioinfinitagoya.com.ar\/v1\/wp-content\/uploads\/2026\/03\/estrecho-de-ormuz-1024x597-1.webp\",\"width\":655,\"height\":368},{\"@type\":\"BreadcrumbList\",\"@id\":\"https:\/\/radioinfinitagoya.com.ar\/v1\/2026\/03\/15\/iran-afirmo-que-varios-paises-iniciaron-conversaciones-por-el-estrecho-de-ormuz\/#breadcrumb\",\"itemListElement\":[{\"@type\":\"ListItem\",\"position\":1,\"name\":\"Inicio\",\"item\":\"https:\/\/radioinfinitagoya.com.ar\/v1\/\"},{\"@type\":\"ListItem\",\"position\":2,\"name\":\"Ir\u00e1n afirm\u00f3 que varios pa\u00edses iniciaron conversaciones por el estrecho de Ormuz\"}]},{\"@type\":\"WebSite\",\"@id\":\"https:\/\/radioinfinitagoya.com.ar\/v1\/#website\",\"url\":\"https:\/\/radioinfinitagoya.com.ar\/v1\/\",\"name\":\"radioinfinitagoya.com.ar\",\"description\":\"Radio de noticias\",\"publisher\":{\"@id\":\"https:\/\/radioinfinitagoya.com.ar\/v1\/#organization\"},\"potentialAction\":[{\"@type\":\"SearchAction\",\"target\":{\"@type\":\"EntryPoint\",\"urlTemplate\":\"https:\/\/radioinfinitagoya.com.ar\/v1\/?s={search_term_string}\"},\"query-input\":{\"@type\":\"PropertyValueSpecification\",\"valueRequired\":true,\"valueName\":\"search_term_string\"}}],\"inLanguage\":\"es-AR\"},{\"@type\":\"Organization\",\"@id\":\"https:\/\/radioinfinitagoya.com.ar\/v1\/#organization\",\"name\":\"Radio Infinita Goya\",\"url\":\"https:\/\/radioinfinitagoya.com.ar\/v1\/\",\"logo\":{\"@type\":\"ImageObject\",\"inLanguage\":\"es-AR\",\"@id\":\"https:\/\/radioinfinitagoya.com.ar\/v1\/#\/schema\/logo\/image\/\",\"url\":\"https:\/\/radioinfinitagoya.com.ar\/v1\/wp-content\/uploads\/2019\/11\/logo-pie-web.png\",\"contentUrl\":\"https:\/\/radioinfinitagoya.com.ar\/v1\/wp-content\/uploads\/2019\/11\/logo-pie-web.png\",\"width\":635,\"height\":326,\"caption\":\"Radio Infinita Goya\"},\"image\":{\"@id\":\"https:\/\/radioinfinitagoya.com.ar\/v1\/#\/schema\/logo\/image\/\"},\"sameAs\":[\"https:\/\/www.facebook.com\/p\/Infinita-Goya-100063870918311\/\"]},{\"@type\":\"Person\",\"@id\":\"https:\/\/radioinfinitagoya.com.ar\/v1\/#\/schema\/person\/d4cf9c413d4f6edb24aabdccab49ca4a\",\"name\":\"Jorge Mi\u00f1o\",\"image\":{\"@type\":\"ImageObject\",\"inLanguage\":\"es-AR\",\"@id\":\"https:\/\/secure.gravatar.com\/avatar\/910fcf6728fe95320e07a6643c1581fec1c7fc4bf8ae12e3d8f0d0373dc844be?s=96&d=mm&r=g\",\"url\":\"https:\/\/secure.gravatar.com\/avatar\/910fcf6728fe95320e07a6643c1581fec1c7fc4bf8ae12e3d8f0d0373dc844be?s=96&d=mm&r=g\",\"contentUrl\":\"https:\/\/secure.gravatar.com\/avatar\/910fcf6728fe95320e07a6643c1581fec1c7fc4bf8ae12e3d8f0d0373dc844be?s=96&d=mm&r=g\",\"caption\":\"Jorge Mi\u00f1o\"},\"sameAs\":[\"http:\/\/radioinfinitagoya.com.ar\"]}]}<\/script>\n<!-- \/ Yoast SEO plugin. -->","yoast_head_json":{"title":"Ir\u00e1n afirm\u00f3 que varios pa\u00edses iniciaron conversaciones por el estrecho de Ormuz - Radio Infinita Goya","description":"El canciller Abbas Araqchi afirm\u00f3 que distintos gobiernos ya iniciaron contactos con Teher\u00e1n para garantizar el tr\u00e1nsito de buques por la estrat\u00e9gica v\u00eda","robots":{"index":"index","follow":"follow","max-snippet":"max-snippet:-1","max-image-preview":"max-image-preview:large","max-video-preview":"max-video-preview:-1"},"canonical":"https:\/\/radioinfinitagoya.com.ar\/v1\/2026\/03\/15\/iran-afirmo-que-varios-paises-iniciaron-conversaciones-por-el-estrecho-de-ormuz\/","og_locale":"es_ES","og_type":"article","og_title":"Ir\u00e1n afirm\u00f3 que varios pa\u00edses iniciaron conversaciones por el estrecho de Ormuz - Radio Infinita Goya","og_description":"El canciller Abbas Araqchi afirm\u00f3 que distintos gobiernos ya iniciaron contactos con Teher\u00e1n para garantizar el tr\u00e1nsito de buques por la estrat\u00e9gica v\u00eda","og_url":"https:\/\/radioinfinitagoya.com.ar\/v1\/2026\/03\/15\/iran-afirmo-que-varios-paises-iniciaron-conversaciones-por-el-estrecho-de-ormuz\/","og_site_name":"Radio Infinita Goya","article_publisher":"https:\/\/www.facebook.com\/p\/Infinita-Goya-100063870918311\/","article_published_time":"2026-03-15T21:31:54+00:00","og_image":[{"width":655,"height":368,"url":"https:\/\/radioinfinitagoya.com.ar\/v1\/wp-content\/uploads\/2026\/03\/estrecho-de-ormuz-1024x597-1.webp","type":"image\/webp"}],"author":"Jorge Mi\u00f1o","twitter_card":"summary_large_image","twitter_misc":{"Escrito por":"Jorge Mi\u00f1o","Tiempo de lectura":"3 minutos"},"schema":{"@context":"https:\/\/schema.org","@graph":[{"@type":"Article","@id":"https:\/\/radioinfinitagoya.com.ar\/v1\/2026\/03\/15\/iran-afirmo-que-varios-paises-iniciaron-conversaciones-por-el-estrecho-de-ormuz\/#article","isPartOf":{"@id":"https:\/\/radioinfinitagoya.com.ar\/v1\/2026\/03\/15\/iran-afirmo-que-varios-paises-iniciaron-conversaciones-por-el-estrecho-de-ormuz\/"},"author":{"name":"Jorge Mi\u00f1o","@id":"https:\/\/radioinfinitagoya.com.ar\/v1\/#\/schema\/person\/d4cf9c413d4f6edb24aabdccab49ca4a"},"headline":"Ir\u00e1n afirm\u00f3 que varios pa\u00edses iniciaron conversaciones por el estrecho de Ormuz","datePublished":"2026-03-15T21:31:54+00:00","mainEntityOfPage":{"@id":"https:\/\/radioinfinitagoya.com.ar\/v1\/2026\/03\/15\/iran-afirmo-que-varios-paises-iniciaron-conversaciones-por-el-estrecho-de-ormuz\/"},"wordCount":567,"commentCount":0,"publisher":{"@id":"https:\/\/radioinfinitagoya.com.ar\/v1\/#organization"},"image":{"@id":"https:\/\/radioinfinitagoya.com.ar\/v1\/2026\/03\/15\/iran-afirmo-que-varios-paises-iniciaron-conversaciones-por-el-estrecho-de-ormuz\/#primaryimage"},"thumbnailUrl":"https:\/\/radioinfinitagoya.com.ar\/v1\/wp-content\/uploads\/2026\/03\/estrecho-de-ormuz-1024x597-1.webp","articleSection":["DESTACADOS"],"inLanguage":"es-AR","potentialAction":[{"@type":"CommentAction","name":"Comment","target":["https:\/\/radioinfinitagoya.com.ar\/v1\/2026\/03\/15\/iran-afirmo-que-varios-paises-iniciaron-conversaciones-por-el-estrecho-de-ormuz\/#respond"]}]},{"@type":"WebPage","@id":"https:\/\/radioinfinitagoya.com.ar\/v1\/2026\/03\/15\/iran-afirmo-que-varios-paises-iniciaron-conversaciones-por-el-estrecho-de-ormuz\/","url":"https:\/\/radioinfinitagoya.com.ar\/v1\/2026\/03\/15\/iran-afirmo-que-varios-paises-iniciaron-conversaciones-por-el-estrecho-de-ormuz\/","name":"Ir\u00e1n afirm\u00f3 que varios pa\u00edses iniciaron conversaciones por el estrecho de Ormuz - Radio Infinita Goya","isPartOf":{"@id":"https:\/\/radioinfinitagoya.com.ar\/v1\/#website"},"primaryImageOfPage":{"@id":"https:\/\/radioinfinitagoya.com.ar\/v1\/2026\/03\/15\/iran-afirmo-que-varios-paises-iniciaron-conversaciones-por-el-estrecho-de-ormuz\/#primaryimage"},"image":{"@id":"https:\/\/radioinfinitagoya.com.ar\/v1\/2026\/03\/15\/iran-afirmo-que-varios-paises-iniciaron-conversaciones-por-el-estrecho-de-ormuz\/#primaryimage"},"thumbnailUrl":"https:\/\/radioinfinitagoya.com.ar\/v1\/wp-content\/uploads\/2026\/03\/estrecho-de-ormuz-1024x597-1.webp","datePublished":"2026-03-15T21:31:54+00:00","description":"El canciller Abbas Araqchi afirm\u00f3 que distintos gobiernos ya iniciaron contactos con Teher\u00e1n para garantizar el tr\u00e1nsito de buques por la estrat\u00e9gica v\u00eda","breadcrumb":{"@id":"https:\/\/radioinfinitagoya.com.ar\/v1\/2026\/03\/15\/iran-afirmo-que-varios-paises-iniciaron-conversaciones-por-el-estrecho-de-ormuz\/#breadcrumb"},"inLanguage":"es-AR","potentialAction":[{"@type":"ReadAction","target":["https:\/\/radioinfinitagoya.com.ar\/v1\/2026\/03\/15\/iran-afirmo-que-varios-paises-iniciaron-conversaciones-por-el-estrecho-de-ormuz\/"]}]},{"@type":"ImageObject","inLanguage":"es-AR","@id":"https:\/\/radioinfinitagoya.com.ar\/v1\/2026\/03\/15\/iran-afirmo-que-varios-paises-iniciaron-conversaciones-por-el-estrecho-de-ormuz\/#primaryimage","url":"https:\/\/radioinfinitagoya.com.ar\/v1\/wp-content\/uploads\/2026\/03\/estrecho-de-ormuz-1024x597-1.webp","contentUrl":"https:\/\/radioinfinitagoya.com.ar\/v1\/wp-content\/uploads\/2026\/03\/estrecho-de-ormuz-1024x597-1.webp","width":655,"height":368},{"@type":"BreadcrumbList","@id":"https:\/\/radioinfinitagoya.com.ar\/v1\/2026\/03\/15\/iran-afirmo-que-varios-paises-iniciaron-conversaciones-por-el-estrecho-de-ormuz\/#breadcrumb","itemListElement":[{"@type":"ListItem","position":1,"name":"Inicio","item":"https:\/\/radioinfinitagoya.com.ar\/v1\/"},{"@type":"ListItem","position":2,"name":"Ir\u00e1n afirm\u00f3 que varios pa\u00edses iniciaron conversaciones por el estrecho de Ormuz"}]},{"@type":"WebSite","@id":"https:\/\/radioinfinitagoya.com.ar\/v1\/#website","url":"https:\/\/radioinfinitagoya.com.ar\/v1\/","name":"radioinfinitagoya.com.ar","description":"Radio de noticias","publisher":{"@id":"https:\/\/radioinfinitagoya.com.ar\/v1\/#organization"},"potentialAction":[{"@type":"SearchAction","target":{"@type":"EntryPoint","urlTemplate":"https:\/\/radioinfinitagoya.com.ar\/v1\/?s={search_term_string}"},"query-input":{"@type":"PropertyValueSpecification","valueRequired":true,"valueName":"search_term_string"}}],"inLanguage":"es-AR"},{"@type":"Organization","@id":"https:\/\/radioinfinitagoya.com.ar\/v1\/#organization","name":"Radio Infinita Goya","url":"https:\/\/radioinfinitagoya.com.ar\/v1\/","logo":{"@type":"ImageObject","inLanguage":"es-AR","@id":"https:\/\/radioinfinitagoya.com.ar\/v1\/#\/schema\/logo\/image\/","url":"https:\/\/radioinfinitagoya.com.ar\/v1\/wp-content\/uploads\/2019\/11\/logo-pie-web.png","contentUrl":"https:\/\/radioinfinitagoya.com.ar\/v1\/wp-content\/uploads\/2019\/11\/logo-pie-web.png","width":635,"height":326,"caption":"Radio Infinita Goya"},"image":{"@id":"https:\/\/radioinfinitagoya.com.ar\/v1\/#\/schema\/logo\/image\/"},"sameAs":["https:\/\/www.facebook.com\/p\/Infinita-Goya-100063870918311\/"]},{"@type":"Person","@id":"https:\/\/radioinfinitagoya.com.ar\/v1\/#\/schema\/person\/d4cf9c413d4f6edb24aabdccab49ca4a","name":"Jorge Mi\u00f1o","image":{"@type":"ImageObject","inLanguage":"es-AR","@id":"https:\/\/secure.gravatar.com\/avatar\/910fcf6728fe95320e07a6643c1581fec1c7fc4bf8ae12e3d8f0d0373dc844be?s=96&d=mm&r=g","url":"https:\/\/secure.gravatar.com\/avatar\/910fcf6728fe95320e07a6643c1581fec1c7fc4bf8ae12e3d8f0d0373dc844be?s=96&d=mm&r=g","contentUrl":"https:\/\/secure.gravatar.com\/avatar\/910fcf6728fe95320e07a6643c1581fec1c7fc4bf8ae12e3d8f0d0373dc844be?s=96&d=mm&r=g","caption":"Jorge Mi\u00f1o"},"sameAs":["http:\/\/radioinfinitagoya.com.ar"]}]}},"_links":{"self":[{"href":"https:\/\/radioinfinitagoya.com.ar\/v1\/wp-json\/wp\/v2\/posts\/210289","targetHints":{"allow":["GET"]}}],"collection":[{"href":"https:\/\/radioinfinitagoya.com.ar\/v1\/wp-json\/wp\/v2\/posts"}],"about":[{"href":"https:\/\/radioinfinitagoya.com.ar\/v1\/wp-json\/wp\/v2\/types\/post"}],"author":[{"embeddable":true,"href":"https:\/\/radioinfinitagoya.com.ar\/v1\/wp-json\/wp\/v2\/users\/4"}],"replies":[{"embeddable":true,"href":"https:\/\/radioinfinitagoya.com.ar\/v1\/wp-json\/wp\/v2\/comments?post=210289"}],"version-history":[{"count":0,"href":"https:\/\/radioinfinitagoya.com.ar\/v1\/wp-json\/wp\/v2\/posts\/210289\/revisions"}],"wp:featuredmedia":[{"embeddable":true,"href":"https:\/\/radioinfinitagoya.com.ar\/v1\/wp-json\/wp\/v2\/media\/210290"}],"wp:attachment":[{"href":"https:\/\/radioinfinitagoya.com.ar\/v1\/wp-json\/wp\/v2\/media?parent=210289"}],"wp:term":[{"taxonomy":"category","embeddable":true,"href":"https:\/\/radioinfinitagoya.com.ar\/v1\/wp-json\/wp\/v2\/categories?post=210289"},{"taxonomy":"post_tag","embeddable":true,"href":"https:\/\/radioinfinitagoya.com.ar\/v1\/wp-json\/wp\/v2\/tags?post=210289"}],"curies":[{"name":"wp","href":"https:\/\/api.w.org\/{rel}","templated":true}]}}