{"id":210294,"date":"2026-03-15T18:35:17","date_gmt":"2026-03-15T21:35:17","guid":{"rendered":"https:\/\/radioinfinitagoya.com.ar\/v1\/?p=210294"},"modified":"2026-03-15T18:35:17","modified_gmt":"2026-03-15T21:35:17","slug":"que-se-reabran-los-caminos-de-dialogo-el-papa-leon-xiv-pidio-el-cese-de-la-guerra-en-medio-oriente","status":"publish","type":"post","link":"https:\/\/radioinfinitagoya.com.ar\/v1\/2026\/03\/15\/que-se-reabran-los-caminos-de-dialogo-el-papa-leon-xiv-pidio-el-cese-de-la-guerra-en-medio-oriente\/","title":{"rendered":"\u201cQu\u00e9 se reabran los caminos de di\u00e1logo\u201d, el papa Le\u00f3n XIV pidi\u00f3 el cese de la guerra en Medio Oriente"},"content":{"rendered":"<p>El papa Le\u00f3n XIV pidi\u00f3 un alto el fuego en Medio Oriente y llam\u00f3 a retomar el di\u00e1logo<\/p>\n<p>El papa Le\u00f3n XIV pidi\u00f3 un alto el fuego en Medio Oriente y llam\u00f3 a retomar el di\u00e1logo para frenar la violencia que afecta a miles de civiles.<\/p>\n<p>El papa Le\u00f3n XIV llam\u00f3 a la paz en medio de la guerra de Medio Oriente<\/p>\n<p>El papa Le\u00f3n XIV pidi\u00f3 un alto el fuego inmediato en medio de la escalada b\u00e9lica que atraviesa Medio Oriente y exhort\u00f3 a los l\u00edderes pol\u00edticos a retomar el di\u00e1logo para frenar la violencia que afecta a millones de personas.<\/p>\n<p>Durante su mensaje, el pont\u00edfice expres\u00f3 su profunda preocupaci\u00f3n por la situaci\u00f3n humanitaria que se vive en la regi\u00f3n desde hace semanas.<\/p>\n<p>\u201cEn nombre de los cristianos de Oriente Medio y de todas las mujeres y hombres de buena voluntad me dirijo a los responsables de este conflicto: cesen el fuego y que se reabran caminos de di\u00e1logo\u201d, afirm\u00f3. El l\u00edder de la Iglesia Cat\u00f3lica remarc\u00f3 que la violencia no puede conducir a la justicia ni a la estabilidad que esperan los pueblos afectados.<\/p>\n<p>El Papa tambi\u00e9n denunci\u00f3 que la guerra provoc\u00f3 la muerte de miles de civiles y el desplazamiento de numerosas familias que se vieron obligadas a abandonar sus hogares. Adem\u00e1s, manifest\u00f3 su cercan\u00eda con quienes perdieron a seres queridos en ataques que impactaron en zonas habitadas, incluidos hospitales, escuelas y otros espacios civiles.<\/p>\n<p>La preocupaci\u00f3n del Papa por la situaci\u00f3n en el L\u00edbano<\/p>\n<p>Durante su intervenci\u00f3n, Le\u00f3n XIV tambi\u00e9n expres\u00f3 su inquietud por el escenario que atraviesa L\u00edbano, donde recientemente muri\u00f3 un sacerdote maronita tras ser alcanzado por un proyectil durante un bombardeo.<\/p>\n<p>El pont\u00edfice record\u00f3 su visita al pa\u00eds en diciembre pasado, en el marco de su primer viaje internacional, y subray\u00f3 la necesidad de encontrar soluciones pol\u00edticas que permitan superar la crisis.<\/p>\n<p>\u201cEspero caminos de di\u00e1logo que puedan sostener a las autoridades del pa\u00eds en la implementaci\u00f3n de soluciones duraderas para el bien com\u00fan de todos los libaneses\u201d, se\u00f1al\u00f3.<\/p>\n<p>Horas antes, durante el tradicional rezo del \u00c1ngelus en la Plaza de San Pedro, el pont\u00edfice tambi\u00e9n invit\u00f3 a los fieles a \u201cabrir los ojos\u201d ante el sufrimiento que atraviesa el mundo.<\/p>\n","protected":false},"excerpt":{"rendered":"<p>El papa Le\u00f3n XIV pidi\u00f3 un alto el fuego en Medio Oriente y llam\u00f3 a retomar el di\u00e1logo El papa Le\u00f3n XIV pidi\u00f3 un alto el fuego en Medio Oriente y llam\u00f3 a retomar el di\u00e1logo para frenar la violencia que afecta a miles de civiles. El papa Le\u00f3n XIV llam\u00f3 a la paz en [&hellip;]<\/p>\n","protected":false},"author":4,"featured_media":210295,"comment_status":"open","ping_status":"open","sticky":false,"template":"","format":"standard","meta":{"_joinchat":[],"footnotes":""},"categories":[31],"tags":[],"class_list":{"0":"post-210294","1":"post","2":"type-post","3":"status-publish","4":"format-standard","5":"has-post-thumbnail","7":"category-informacion-general"},"yoast_head":"<!-- This site is optimized with the Yoast SEO plugin v27.2 - https:\/\/yoast.com\/product\/yoast-seo-wordpress\/ -->\n<title>\u201cQu\u00e9 se reabran los caminos de di\u00e1logo\u201d, el papa Le\u00f3n XIV pidi\u00f3 el cese de la guerra en Medio Oriente - Radio Infinita Goya<\/title>\n<meta name=\"description\" content=\"El papa Le\u00f3n XIV pidi\u00f3 un alto el fuego en Medio Oriente y llam\u00f3 a retomar el di\u00e1logo El papa Le\u00f3n XIV pidi\u00f3 un alto el fuego en Medio Oriente y llam\u00f3 a\" \/>\n<meta name=\"robots\" content=\"index, follow, max-snippet:-1, max-image-preview:large, max-video-preview:-1\" \/>\n<link rel=\"canonical\" href=\"https:\/\/radioinfinitagoya.com.ar\/v1\/2026\/03\/15\/que-se-reabran-los-caminos-de-dialogo-el-papa-leon-xiv-pidio-el-cese-de-la-guerra-en-medio-oriente\/\" \/>\n<meta property=\"og:locale\" content=\"es_ES\" \/>\n<meta property=\"og:type\" content=\"article\" \/>\n<meta property=\"og:title\" content=\"\u201cQu\u00e9 se reabran los caminos de di\u00e1logo\u201d, el papa Le\u00f3n XIV pidi\u00f3 el cese de la guerra en Medio Oriente - Radio Infinita Goya\" \/>\n<meta property=\"og:description\" content=\"El papa Le\u00f3n XIV pidi\u00f3 un alto el fuego en Medio Oriente y llam\u00f3 a retomar el di\u00e1logo El papa Le\u00f3n XIV pidi\u00f3 un alto el fuego en Medio Oriente y llam\u00f3 a\" \/>\n<meta property=\"og:url\" content=\"https:\/\/radioinfinitagoya.com.ar\/v1\/2026\/03\/15\/que-se-reabran-los-caminos-de-dialogo-el-papa-leon-xiv-pidio-el-cese-de-la-guerra-en-medio-oriente\/\" \/>\n<meta property=\"og:site_name\" content=\"Radio Infinita Goya\" \/>\n<meta property=\"article:publisher\" content=\"https:\/\/www.facebook.com\/p\/Infinita-Goya-100063870918311\/\" \/>\n<meta property=\"article:published_time\" content=\"2026-03-15T21:35:17+00:00\" \/>\n<meta name=\"author\" content=\"Jorge Mi\u00f1o\" \/>\n<meta name=\"twitter:card\" content=\"summary_large_image\" \/>\n<meta name=\"twitter:label1\" content=\"Escrito por\" \/>\n\t<meta name=\"twitter:data1\" content=\"Jorge Mi\u00f1o\" \/>\n\t<meta name=\"twitter:label2\" content=\"Tiempo de lectura\" \/>\n\t<meta name=\"twitter:data2\" content=\"2 minutos\" \/>\n<script type=\"application\/ld+json\" class=\"yoast-schema-graph\">{\"@context\":\"https:\/\/schema.org\",\"@graph\":[{\"@type\":\"Article\",\"@id\":\"https:\/\/radioinfinitagoya.com.ar\/v1\/2026\/03\/15\/que-se-reabran-los-caminos-de-dialogo-el-papa-leon-xiv-pidio-el-cese-de-la-guerra-en-medio-oriente\/#article\",\"isPartOf\":{\"@id\":\"https:\/\/radioinfinitagoya.com.ar\/v1\/2026\/03\/15\/que-se-reabran-los-caminos-de-dialogo-el-papa-leon-xiv-pidio-el-cese-de-la-guerra-en-medio-oriente\/\"},\"author\":{\"name\":\"Jorge Mi\u00f1o\",\"@id\":\"https:\/\/radioinfinitagoya.com.ar\/v1\/#\/schema\/person\/d4cf9c413d4f6edb24aabdccab49ca4a\"},\"headline\":\"\u201cQu\u00e9 se reabran los caminos de di\u00e1logo\u201d, el papa Le\u00f3n XIV pidi\u00f3 el cese de la guerra en Medio Oriente\",\"datePublished\":\"2026-03-15T21:35:17+00:00\",\"mainEntityOfPage\":{\"@id\":\"https:\/\/radioinfinitagoya.com.ar\/v1\/2026\/03\/15\/que-se-reabran-los-caminos-de-dialogo-el-papa-leon-xiv-pidio-el-cese-de-la-guerra-en-medio-oriente\/\"},\"wordCount\":427,\"commentCount\":0,\"publisher\":{\"@id\":\"https:\/\/radioinfinitagoya.com.ar\/v1\/#organization\"},\"image\":{\"@id\":\"https:\/\/radioinfinitagoya.com.ar\/v1\/2026\/03\/15\/que-se-reabran-los-caminos-de-dialogo-el-papa-leon-xiv-pidio-el-cese-de-la-guerra-en-medio-oriente\/#primaryimage\"},\"thumbnailUrl\":\"https:\/\/radioinfinitagoya.com.ar\/v1\/wp-content\/uploads\/2026\/03\/7NPXTVZRDNB4NJCHTNK7EFCNKE.avif\",\"articleSection\":[\"INFORMACI\u00d3N GENERAL\"],\"inLanguage\":\"es-AR\",\"potentialAction\":[{\"@type\":\"CommentAction\",\"name\":\"Comment\",\"target\":[\"https:\/\/radioinfinitagoya.com.ar\/v1\/2026\/03\/15\/que-se-reabran-los-caminos-de-dialogo-el-papa-leon-xiv-pidio-el-cese-de-la-guerra-en-medio-oriente\/#respond\"]}]},{\"@type\":\"WebPage\",\"@id\":\"https:\/\/radioinfinitagoya.com.ar\/v1\/2026\/03\/15\/que-se-reabran-los-caminos-de-dialogo-el-papa-leon-xiv-pidio-el-cese-de-la-guerra-en-medio-oriente\/\",\"url\":\"https:\/\/radioinfinitagoya.com.ar\/v1\/2026\/03\/15\/que-se-reabran-los-caminos-de-dialogo-el-papa-leon-xiv-pidio-el-cese-de-la-guerra-en-medio-oriente\/\",\"name\":\"\u201cQu\u00e9 se reabran los caminos de di\u00e1logo\u201d, el papa Le\u00f3n XIV pidi\u00f3 el cese de la guerra en Medio Oriente - Radio Infinita Goya\",\"isPartOf\":{\"@id\":\"https:\/\/radioinfinitagoya.com.ar\/v1\/#website\"},\"primaryImageOfPage\":{\"@id\":\"https:\/\/radioinfinitagoya.com.ar\/v1\/2026\/03\/15\/que-se-reabran-los-caminos-de-dialogo-el-papa-leon-xiv-pidio-el-cese-de-la-guerra-en-medio-oriente\/#primaryimage\"},\"image\":{\"@id\":\"https:\/\/radioinfinitagoya.com.ar\/v1\/2026\/03\/15\/que-se-reabran-los-caminos-de-dialogo-el-papa-leon-xiv-pidio-el-cese-de-la-guerra-en-medio-oriente\/#primaryimage\"},\"thumbnailUrl\":\"https:\/\/radioinfinitagoya.com.ar\/v1\/wp-content\/uploads\/2026\/03\/7NPXTVZRDNB4NJCHTNK7EFCNKE.avif\",\"datePublished\":\"2026-03-15T21:35:17+00:00\",\"description\":\"El papa Le\u00f3n XIV pidi\u00f3 un alto el fuego en Medio Oriente y llam\u00f3 a retomar el di\u00e1logo El papa Le\u00f3n XIV pidi\u00f3 un alto el fuego en Medio Oriente y llam\u00f3 a\",\"breadcrumb\":{\"@id\":\"https:\/\/radioinfinitagoya.com.ar\/v1\/2026\/03\/15\/que-se-reabran-los-caminos-de-dialogo-el-papa-leon-xiv-pidio-el-cese-de-la-guerra-en-medio-oriente\/#breadcrumb\"},\"inLanguage\":\"es-AR\",\"potentialAction\":[{\"@type\":\"ReadAction\",\"target\":[\"https:\/\/radioinfinitagoya.com.ar\/v1\/2026\/03\/15\/que-se-reabran-los-caminos-de-dialogo-el-papa-leon-xiv-pidio-el-cese-de-la-guerra-en-medio-oriente\/\"]}]},{\"@type\":\"ImageObject\",\"inLanguage\":\"es-AR\",\"@id\":\"https:\/\/radioinfinitagoya.com.ar\/v1\/2026\/03\/15\/que-se-reabran-los-caminos-de-dialogo-el-papa-leon-xiv-pidio-el-cese-de-la-guerra-en-medio-oriente\/#primaryimage\",\"url\":\"https:\/\/radioinfinitagoya.com.ar\/v1\/wp-content\/uploads\/2026\/03\/7NPXTVZRDNB4NJCHTNK7EFCNKE.avif\",\"contentUrl\":\"https:\/\/radioinfinitagoya.com.ar\/v1\/wp-content\/uploads\/2026\/03\/7NPXTVZRDNB4NJCHTNK7EFCNKE.avif\",\"width\":1200,\"height\":675},{\"@type\":\"BreadcrumbList\",\"@id\":\"https:\/\/radioinfinitagoya.com.ar\/v1\/2026\/03\/15\/que-se-reabran-los-caminos-de-dialogo-el-papa-leon-xiv-pidio-el-cese-de-la-guerra-en-medio-oriente\/#breadcrumb\",\"itemListElement\":[{\"@type\":\"ListItem\",\"position\":1,\"name\":\"Inicio\",\"item\":\"https:\/\/radioinfinitagoya.com.ar\/v1\/\"},{\"@type\":\"ListItem\",\"position\":2,\"name\":\"\u201cQu\u00e9 se reabran los caminos de di\u00e1logo\u201d, el papa Le\u00f3n XIV pidi\u00f3 el cese de la guerra en Medio Oriente\"}]},{\"@type\":\"WebSite\",\"@id\":\"https:\/\/radioinfinitagoya.com.ar\/v1\/#website\",\"url\":\"https:\/\/radioinfinitagoya.com.ar\/v1\/\",\"name\":\"radioinfinitagoya.com.ar\",\"description\":\"Radio de noticias\",\"publisher\":{\"@id\":\"https:\/\/radioinfinitagoya.com.ar\/v1\/#organization\"},\"potentialAction\":[{\"@type\":\"SearchAction\",\"target\":{\"@type\":\"EntryPoint\",\"urlTemplate\":\"https:\/\/radioinfinitagoya.com.ar\/v1\/?s={search_term_string}\"},\"query-input\":{\"@type\":\"PropertyValueSpecification\",\"valueRequired\":true,\"valueName\":\"search_term_string\"}}],\"inLanguage\":\"es-AR\"},{\"@type\":\"Organization\",\"@id\":\"https:\/\/radioinfinitagoya.com.ar\/v1\/#organization\",\"name\":\"Radio Infinita Goya\",\"url\":\"https:\/\/radioinfinitagoya.com.ar\/v1\/\",\"logo\":{\"@type\":\"ImageObject\",\"inLanguage\":\"es-AR\",\"@id\":\"https:\/\/radioinfinitagoya.com.ar\/v1\/#\/schema\/logo\/image\/\",\"url\":\"https:\/\/radioinfinitagoya.com.ar\/v1\/wp-content\/uploads\/2019\/11\/logo-pie-web.png\",\"contentUrl\":\"https:\/\/radioinfinitagoya.com.ar\/v1\/wp-content\/uploads\/2019\/11\/logo-pie-web.png\",\"width\":635,\"height\":326,\"caption\":\"Radio Infinita Goya\"},\"image\":{\"@id\":\"https:\/\/radioinfinitagoya.com.ar\/v1\/#\/schema\/logo\/image\/\"},\"sameAs\":[\"https:\/\/www.facebook.com\/p\/Infinita-Goya-100063870918311\/\"]},{\"@type\":\"Person\",\"@id\":\"https:\/\/radioinfinitagoya.com.ar\/v1\/#\/schema\/person\/d4cf9c413d4f6edb24aabdccab49ca4a\",\"name\":\"Jorge Mi\u00f1o\",\"image\":{\"@type\":\"ImageObject\",\"inLanguage\":\"es-AR\",\"@id\":\"https:\/\/secure.gravatar.com\/avatar\/910fcf6728fe95320e07a6643c1581fec1c7fc4bf8ae12e3d8f0d0373dc844be?s=96&d=mm&r=g\",\"url\":\"https:\/\/secure.gravatar.com\/avatar\/910fcf6728fe95320e07a6643c1581fec1c7fc4bf8ae12e3d8f0d0373dc844be?s=96&d=mm&r=g\",\"contentUrl\":\"https:\/\/secure.gravatar.com\/avatar\/910fcf6728fe95320e07a6643c1581fec1c7fc4bf8ae12e3d8f0d0373dc844be?s=96&d=mm&r=g\",\"caption\":\"Jorge Mi\u00f1o\"},\"sameAs\":[\"http:\/\/radioinfinitagoya.com.ar\"]}]}<\/script>\n<!-- \/ Yoast SEO plugin. -->","yoast_head_json":{"title":"\u201cQu\u00e9 se reabran los caminos de di\u00e1logo\u201d, el papa Le\u00f3n XIV pidi\u00f3 el cese de la guerra en Medio Oriente - Radio Infinita Goya","description":"El papa Le\u00f3n XIV pidi\u00f3 un alto el fuego en Medio Oriente y llam\u00f3 a retomar el di\u00e1logo El papa Le\u00f3n XIV pidi\u00f3 un alto el fuego en Medio Oriente y llam\u00f3 a","robots":{"index":"index","follow":"follow","max-snippet":"max-snippet:-1","max-image-preview":"max-image-preview:large","max-video-preview":"max-video-preview:-1"},"canonical":"https:\/\/radioinfinitagoya.com.ar\/v1\/2026\/03\/15\/que-se-reabran-los-caminos-de-dialogo-el-papa-leon-xiv-pidio-el-cese-de-la-guerra-en-medio-oriente\/","og_locale":"es_ES","og_type":"article","og_title":"\u201cQu\u00e9 se reabran los caminos de di\u00e1logo\u201d, el papa Le\u00f3n XIV pidi\u00f3 el cese de la guerra en Medio Oriente - Radio Infinita Goya","og_description":"El papa Le\u00f3n XIV pidi\u00f3 un alto el fuego en Medio Oriente y llam\u00f3 a retomar el di\u00e1logo El papa Le\u00f3n XIV pidi\u00f3 un alto el fuego en Medio Oriente y llam\u00f3 a","og_url":"https:\/\/radioinfinitagoya.com.ar\/v1\/2026\/03\/15\/que-se-reabran-los-caminos-de-dialogo-el-papa-leon-xiv-pidio-el-cese-de-la-guerra-en-medio-oriente\/","og_site_name":"Radio Infinita Goya","article_publisher":"https:\/\/www.facebook.com\/p\/Infinita-Goya-100063870918311\/","article_published_time":"2026-03-15T21:35:17+00:00","author":"Jorge Mi\u00f1o","twitter_card":"summary_large_image","twitter_misc":{"Escrito por":"Jorge Mi\u00f1o","Tiempo de lectura":"2 minutos"},"schema":{"@context":"https:\/\/schema.org","@graph":[{"@type":"Article","@id":"https:\/\/radioinfinitagoya.com.ar\/v1\/2026\/03\/15\/que-se-reabran-los-caminos-de-dialogo-el-papa-leon-xiv-pidio-el-cese-de-la-guerra-en-medio-oriente\/#article","isPartOf":{"@id":"https:\/\/radioinfinitagoya.com.ar\/v1\/2026\/03\/15\/que-se-reabran-los-caminos-de-dialogo-el-papa-leon-xiv-pidio-el-cese-de-la-guerra-en-medio-oriente\/"},"author":{"name":"Jorge Mi\u00f1o","@id":"https:\/\/radioinfinitagoya.com.ar\/v1\/#\/schema\/person\/d4cf9c413d4f6edb24aabdccab49ca4a"},"headline":"\u201cQu\u00e9 se reabran los caminos de di\u00e1logo\u201d, el papa Le\u00f3n XIV pidi\u00f3 el cese de la guerra en Medio Oriente","datePublished":"2026-03-15T21:35:17+00:00","mainEntityOfPage":{"@id":"https:\/\/radioinfinitagoya.com.ar\/v1\/2026\/03\/15\/que-se-reabran-los-caminos-de-dialogo-el-papa-leon-xiv-pidio-el-cese-de-la-guerra-en-medio-oriente\/"},"wordCount":427,"commentCount":0,"publisher":{"@id":"https:\/\/radioinfinitagoya.com.ar\/v1\/#organization"},"image":{"@id":"https:\/\/radioinfinitagoya.com.ar\/v1\/2026\/03\/15\/que-se-reabran-los-caminos-de-dialogo-el-papa-leon-xiv-pidio-el-cese-de-la-guerra-en-medio-oriente\/#primaryimage"},"thumbnailUrl":"https:\/\/radioinfinitagoya.com.ar\/v1\/wp-content\/uploads\/2026\/03\/7NPXTVZRDNB4NJCHTNK7EFCNKE.avif","articleSection":["INFORMACI\u00d3N GENERAL"],"inLanguage":"es-AR","potentialAction":[{"@type":"CommentAction","name":"Comment","target":["https:\/\/radioinfinitagoya.com.ar\/v1\/2026\/03\/15\/que-se-reabran-los-caminos-de-dialogo-el-papa-leon-xiv-pidio-el-cese-de-la-guerra-en-medio-oriente\/#respond"]}]},{"@type":"WebPage","@id":"https:\/\/radioinfinitagoya.com.ar\/v1\/2026\/03\/15\/que-se-reabran-los-caminos-de-dialogo-el-papa-leon-xiv-pidio-el-cese-de-la-guerra-en-medio-oriente\/","url":"https:\/\/radioinfinitagoya.com.ar\/v1\/2026\/03\/15\/que-se-reabran-los-caminos-de-dialogo-el-papa-leon-xiv-pidio-el-cese-de-la-guerra-en-medio-oriente\/","name":"\u201cQu\u00e9 se reabran los caminos de di\u00e1logo\u201d, el papa Le\u00f3n XIV pidi\u00f3 el cese de la guerra en Medio Oriente - Radio Infinita Goya","isPartOf":{"@id":"https:\/\/radioinfinitagoya.com.ar\/v1\/#website"},"primaryImageOfPage":{"@id":"https:\/\/radioinfinitagoya.com.ar\/v1\/2026\/03\/15\/que-se-reabran-los-caminos-de-dialogo-el-papa-leon-xiv-pidio-el-cese-de-la-guerra-en-medio-oriente\/#primaryimage"},"image":{"@id":"https:\/\/radioinfinitagoya.com.ar\/v1\/2026\/03\/15\/que-se-reabran-los-caminos-de-dialogo-el-papa-leon-xiv-pidio-el-cese-de-la-guerra-en-medio-oriente\/#primaryimage"},"thumbnailUrl":"https:\/\/radioinfinitagoya.com.ar\/v1\/wp-content\/uploads\/2026\/03\/7NPXTVZRDNB4NJCHTNK7EFCNKE.avif","datePublished":"2026-03-15T21:35:17+00:00","description":"El papa Le\u00f3n XIV pidi\u00f3 un alto el fuego en Medio Oriente y llam\u00f3 a retomar el di\u00e1logo El papa Le\u00f3n XIV pidi\u00f3 un alto el fuego en Medio Oriente y llam\u00f3 a","breadcrumb":{"@id":"https:\/\/radioinfinitagoya.com.ar\/v1\/2026\/03\/15\/que-se-reabran-los-caminos-de-dialogo-el-papa-leon-xiv-pidio-el-cese-de-la-guerra-en-medio-oriente\/#breadcrumb"},"inLanguage":"es-AR","potentialAction":[{"@type":"ReadAction","target":["https:\/\/radioinfinitagoya.com.ar\/v1\/2026\/03\/15\/que-se-reabran-los-caminos-de-dialogo-el-papa-leon-xiv-pidio-el-cese-de-la-guerra-en-medio-oriente\/"]}]},{"@type":"ImageObject","inLanguage":"es-AR","@id":"https:\/\/radioinfinitagoya.com.ar\/v1\/2026\/03\/15\/que-se-reabran-los-caminos-de-dialogo-el-papa-leon-xiv-pidio-el-cese-de-la-guerra-en-medio-oriente\/#primaryimage","url":"https:\/\/radioinfinitagoya.com.ar\/v1\/wp-content\/uploads\/2026\/03\/7NPXTVZRDNB4NJCHTNK7EFCNKE.avif","contentUrl":"https:\/\/radioinfinitagoya.com.ar\/v1\/wp-content\/uploads\/2026\/03\/7NPXTVZRDNB4NJCHTNK7EFCNKE.avif","width":1200,"height":675},{"@type":"BreadcrumbList","@id":"https:\/\/radioinfinitagoya.com.ar\/v1\/2026\/03\/15\/que-se-reabran-los-caminos-de-dialogo-el-papa-leon-xiv-pidio-el-cese-de-la-guerra-en-medio-oriente\/#breadcrumb","itemListElement":[{"@type":"ListItem","position":1,"name":"Inicio","item":"https:\/\/radioinfinitagoya.com.ar\/v1\/"},{"@type":"ListItem","position":2,"name":"\u201cQu\u00e9 se reabran los caminos de di\u00e1logo\u201d, el papa Le\u00f3n XIV pidi\u00f3 el cese de la guerra en Medio Oriente"}]},{"@type":"WebSite","@id":"https:\/\/radioinfinitagoya.com.ar\/v1\/#website","url":"https:\/\/radioinfinitagoya.com.ar\/v1\/","name":"radioinfinitagoya.com.ar","description":"Radio de noticias","publisher":{"@id":"https:\/\/radioinfinitagoya.com.ar\/v1\/#organization"},"potentialAction":[{"@type":"SearchAction","target":{"@type":"EntryPoint","urlTemplate":"https:\/\/radioinfinitagoya.com.ar\/v1\/?s={search_term_string}"},"query-input":{"@type":"PropertyValueSpecification","valueRequired":true,"valueName":"search_term_string"}}],"inLanguage":"es-AR"},{"@type":"Organization","@id":"https:\/\/radioinfinitagoya.com.ar\/v1\/#organization","name":"Radio Infinita Goya","url":"https:\/\/radioinfinitagoya.com.ar\/v1\/","logo":{"@type":"ImageObject","inLanguage":"es-AR","@id":"https:\/\/radioinfinitagoya.com.ar\/v1\/#\/schema\/logo\/image\/","url":"https:\/\/radioinfinitagoya.com.ar\/v1\/wp-content\/uploads\/2019\/11\/logo-pie-web.png","contentUrl":"https:\/\/radioinfinitagoya.com.ar\/v1\/wp-content\/uploads\/2019\/11\/logo-pie-web.png","width":635,"height":326,"caption":"Radio Infinita Goya"},"image":{"@id":"https:\/\/radioinfinitagoya.com.ar\/v1\/#\/schema\/logo\/image\/"},"sameAs":["https:\/\/www.facebook.com\/p\/Infinita-Goya-100063870918311\/"]},{"@type":"Person","@id":"https:\/\/radioinfinitagoya.com.ar\/v1\/#\/schema\/person\/d4cf9c413d4f6edb24aabdccab49ca4a","name":"Jorge Mi\u00f1o","image":{"@type":"ImageObject","inLanguage":"es-AR","@id":"https:\/\/secure.gravatar.com\/avatar\/910fcf6728fe95320e07a6643c1581fec1c7fc4bf8ae12e3d8f0d0373dc844be?s=96&d=mm&r=g","url":"https:\/\/secure.gravatar.com\/avatar\/910fcf6728fe95320e07a6643c1581fec1c7fc4bf8ae12e3d8f0d0373dc844be?s=96&d=mm&r=g","contentUrl":"https:\/\/secure.gravatar.com\/avatar\/910fcf6728fe95320e07a6643c1581fec1c7fc4bf8ae12e3d8f0d0373dc844be?s=96&d=mm&r=g","caption":"Jorge Mi\u00f1o"},"sameAs":["http:\/\/radioinfinitagoya.com.ar"]}]}},"_links":{"self":[{"href":"https:\/\/radioinfinitagoya.com.ar\/v1\/wp-json\/wp\/v2\/posts\/210294","targetHints":{"allow":["GET"]}}],"collection":[{"href":"https:\/\/radioinfinitagoya.com.ar\/v1\/wp-json\/wp\/v2\/posts"}],"about":[{"href":"https:\/\/radioinfinitagoya.com.ar\/v1\/wp-json\/wp\/v2\/types\/post"}],"author":[{"embeddable":true,"href":"https:\/\/radioinfinitagoya.com.ar\/v1\/wp-json\/wp\/v2\/users\/4"}],"replies":[{"embeddable":true,"href":"https:\/\/radioinfinitagoya.com.ar\/v1\/wp-json\/wp\/v2\/comments?post=210294"}],"version-history":[{"count":0,"href":"https:\/\/radioinfinitagoya.com.ar\/v1\/wp-json\/wp\/v2\/posts\/210294\/revisions"}],"wp:featuredmedia":[{"embeddable":true,"href":"https:\/\/radioinfinitagoya.com.ar\/v1\/wp-json\/wp\/v2\/media\/210295"}],"wp:attachment":[{"href":"https:\/\/radioinfinitagoya.com.ar\/v1\/wp-json\/wp\/v2\/media?parent=210294"}],"wp:term":[{"taxonomy":"category","embeddable":true,"href":"https:\/\/radioinfinitagoya.com.ar\/v1\/wp-json\/wp\/v2\/categories?post=210294"},{"taxonomy":"post_tag","embeddable":true,"href":"https:\/\/radioinfinitagoya.com.ar\/v1\/wp-json\/wp\/v2\/tags?post=210294"}],"curies":[{"name":"wp","href":"https:\/\/api.w.org\/{rel}","templated":true}]}}