{"id":210297,"date":"2026-03-15T18:38:25","date_gmt":"2026-03-15T21:38:25","guid":{"rendered":"https:\/\/radioinfinitagoya.com.ar\/v1\/?p=210297"},"modified":"2026-03-15T18:38:25","modified_gmt":"2026-03-15T21:38:25","slug":"javier-milei-viaja-a-cordoba-para-dar-un-discurso-en-la-bolsa-de-comercio","status":"publish","type":"post","link":"https:\/\/radioinfinitagoya.com.ar\/v1\/2026\/03\/15\/javier-milei-viaja-a-cordoba-para-dar-un-discurso-en-la-bolsa-de-comercio\/","title":{"rendered":"Javier Milei viaja a C\u00f3rdoba para dar un discurso en la Bolsa de Comercio"},"content":{"rendered":"<p>El Presidente dar\u00e1 un discurso en la Bolsa de Comercio de C\u00f3rdoba tras regresar del Madrid Economic Forum 2026.<\/p>\n<p>Javier Milei viajar\u00e1 a C\u00f3rdoba para dar un discurso ante empresarios en la Bolsa de Comercio de C\u00f3rdoba tras su regreso del Madrid Economic Forum 2026.<\/p>\n<p>Javier Milei viaja a C\u00f3rdoba para dar un discurso en la Bolsa de Comercio<\/p>\n<p>El presidente Javier Milei retomar\u00e1 su agenda oficial en Argentina con un viaje a C\u00f3rdoba, donde brindar\u00e1 un discurso ante empresarios en la Bolsa de Comercio de C\u00f3rdoba.<\/p>\n<p>La presentaci\u00f3n est\u00e1 prevista para el lunes al mediod\u00eda y se espera que el mandatario argentino exponga su visi\u00f3n sobre la situaci\u00f3n econ\u00f3mica del pa\u00eds y las reformas impulsadas por su gobierno.<\/p>\n<p>La actividad se realizar\u00e1 despu\u00e9s de su regreso de Madrid, donde particip\u00f3 del Madrid Economic Forum 2026. Durante ese encuentro, Milei disert\u00f3 ante empresarios y referentes pol\u00edticos vinculados al liberalismo econ\u00f3mico y mantuvo reuniones con figuras de la derecha internacional.<\/p>\n<p>El discurso de Javier Milei en medio de tensiones con el sector industrial y empresarial<\/p>\n<p>La exposici\u00f3n del Presidente en C\u00f3rdoba se dar\u00e1 en un momento de tensi\u00f3n con parte del empresariado industrial, luego de las cr\u00edticas p\u00fablicas que el mandatario dirigi\u00f3 contra figuras relevantes del sector.<\/p>\n<p>Entre los mencionados por Milei se encuentran el empresario Paolo Rocca, l\u00edder del grupo Techint, y Javier Madanes Quintanilla, titular de la empresa Fate.<\/p>\n<p>El Presidente llegar\u00e1 acompa\u00f1ado por el jefe de Gabinete, Manuel Adorni, quien tambi\u00e9n participar\u00e1 de la actividad.<\/p>\n<p>Adem\u00e1s de Adorni, en el evento estar\u00e1n presentes el titular de la Bolsa de Comercio de C\u00f3rdoba, Manuel Tagle, y el economista Guido Sandleris, expresidente del Banco Central de la Rep\u00fablica Argentina y actual titular de la Fundaci\u00f3n Ecosur.<\/p>\n","protected":false},"excerpt":{"rendered":"<p>El Presidente dar\u00e1 un discurso en la Bolsa de Comercio de C\u00f3rdoba tras regresar del Madrid Economic Forum 2026. Javier Milei viajar\u00e1 a C\u00f3rdoba para dar un discurso ante empresarios en la Bolsa de Comercio de C\u00f3rdoba tras su regreso del Madrid Economic Forum 2026. Javier Milei viaja a C\u00f3rdoba para dar un discurso en [&hellip;]<\/p>\n","protected":false},"author":4,"featured_media":210298,"comment_status":"open","ping_status":"open","sticky":false,"template":"","format":"standard","meta":{"_joinchat":[],"footnotes":""},"categories":[34],"tags":[],"class_list":{"0":"post-210297","1":"post","2":"type-post","3":"status-publish","4":"format-standard","5":"has-post-thumbnail","7":"category-principal"},"yoast_head":"<!-- This site is optimized with the Yoast SEO plugin v27.2 - https:\/\/yoast.com\/product\/yoast-seo-wordpress\/ -->\n<title>Javier Milei viaja a C\u00f3rdoba para dar un discurso en la Bolsa de Comercio - Radio Infinita Goya<\/title>\n<meta name=\"description\" content=\"El Presidente dar\u00e1 un discurso en la Bolsa de Comercio de C\u00f3rdoba tras regresar del Madrid Economic Forum 2026. Javier Milei viajar\u00e1 a C\u00f3rdoba para dar un\" \/>\n<meta name=\"robots\" content=\"index, follow, max-snippet:-1, max-image-preview:large, max-video-preview:-1\" \/>\n<link rel=\"canonical\" href=\"https:\/\/radioinfinitagoya.com.ar\/v1\/2026\/03\/15\/javier-milei-viaja-a-cordoba-para-dar-un-discurso-en-la-bolsa-de-comercio\/\" \/>\n<meta property=\"og:locale\" content=\"es_ES\" \/>\n<meta property=\"og:type\" content=\"article\" \/>\n<meta property=\"og:title\" content=\"Javier Milei viaja a C\u00f3rdoba para dar un discurso en la Bolsa de Comercio - Radio Infinita Goya\" \/>\n<meta property=\"og:description\" content=\"El Presidente dar\u00e1 un discurso en la Bolsa de Comercio de C\u00f3rdoba tras regresar del Madrid Economic Forum 2026. Javier Milei viajar\u00e1 a C\u00f3rdoba para dar un\" \/>\n<meta property=\"og:url\" content=\"https:\/\/radioinfinitagoya.com.ar\/v1\/2026\/03\/15\/javier-milei-viaja-a-cordoba-para-dar-un-discurso-en-la-bolsa-de-comercio\/\" \/>\n<meta property=\"og:site_name\" content=\"Radio Infinita Goya\" \/>\n<meta property=\"article:publisher\" content=\"https:\/\/www.facebook.com\/p\/Infinita-Goya-100063870918311\/\" \/>\n<meta property=\"article:published_time\" content=\"2026-03-15T21:38:25+00:00\" \/>\n<meta name=\"author\" content=\"Jorge Mi\u00f1o\" \/>\n<meta name=\"twitter:card\" content=\"summary_large_image\" \/>\n<meta name=\"twitter:label1\" content=\"Escrito por\" \/>\n\t<meta name=\"twitter:data1\" content=\"Jorge Mi\u00f1o\" \/>\n\t<meta name=\"twitter:label2\" content=\"Tiempo de lectura\" \/>\n\t<meta name=\"twitter:data2\" content=\"2 minutos\" \/>\n<script type=\"application\/ld+json\" class=\"yoast-schema-graph\">{\"@context\":\"https:\/\/schema.org\",\"@graph\":[{\"@type\":\"Article\",\"@id\":\"https:\/\/radioinfinitagoya.com.ar\/v1\/2026\/03\/15\/javier-milei-viaja-a-cordoba-para-dar-un-discurso-en-la-bolsa-de-comercio\/#article\",\"isPartOf\":{\"@id\":\"https:\/\/radioinfinitagoya.com.ar\/v1\/2026\/03\/15\/javier-milei-viaja-a-cordoba-para-dar-un-discurso-en-la-bolsa-de-comercio\/\"},\"author\":{\"name\":\"Jorge Mi\u00f1o\",\"@id\":\"https:\/\/radioinfinitagoya.com.ar\/v1\/#\/schema\/person\/d4cf9c413d4f6edb24aabdccab49ca4a\"},\"headline\":\"Javier Milei viaja a C\u00f3rdoba para dar un discurso en la Bolsa de Comercio\",\"datePublished\":\"2026-03-15T21:38:25+00:00\",\"mainEntityOfPage\":{\"@id\":\"https:\/\/radioinfinitagoya.com.ar\/v1\/2026\/03\/15\/javier-milei-viaja-a-cordoba-para-dar-un-discurso-en-la-bolsa-de-comercio\/\"},\"wordCount\":326,\"commentCount\":0,\"publisher\":{\"@id\":\"https:\/\/radioinfinitagoya.com.ar\/v1\/#organization\"},\"image\":{\"@id\":\"https:\/\/radioinfinitagoya.com.ar\/v1\/2026\/03\/15\/javier-milei-viaja-a-cordoba-para-dar-un-discurso-en-la-bolsa-de-comercio\/#primaryimage\"},\"thumbnailUrl\":\"https:\/\/radioinfinitagoya.com.ar\/v1\/wp-content\/uploads\/2026\/03\/VMRJXGPHQJGU3CFT6Q23NJE3PM.avif\",\"articleSection\":[\"PRINCIPAL\"],\"inLanguage\":\"es-AR\",\"potentialAction\":[{\"@type\":\"CommentAction\",\"name\":\"Comment\",\"target\":[\"https:\/\/radioinfinitagoya.com.ar\/v1\/2026\/03\/15\/javier-milei-viaja-a-cordoba-para-dar-un-discurso-en-la-bolsa-de-comercio\/#respond\"]}]},{\"@type\":\"WebPage\",\"@id\":\"https:\/\/radioinfinitagoya.com.ar\/v1\/2026\/03\/15\/javier-milei-viaja-a-cordoba-para-dar-un-discurso-en-la-bolsa-de-comercio\/\",\"url\":\"https:\/\/radioinfinitagoya.com.ar\/v1\/2026\/03\/15\/javier-milei-viaja-a-cordoba-para-dar-un-discurso-en-la-bolsa-de-comercio\/\",\"name\":\"Javier Milei viaja a C\u00f3rdoba para dar un discurso en la Bolsa de Comercio - Radio Infinita Goya\",\"isPartOf\":{\"@id\":\"https:\/\/radioinfinitagoya.com.ar\/v1\/#website\"},\"primaryImageOfPage\":{\"@id\":\"https:\/\/radioinfinitagoya.com.ar\/v1\/2026\/03\/15\/javier-milei-viaja-a-cordoba-para-dar-un-discurso-en-la-bolsa-de-comercio\/#primaryimage\"},\"image\":{\"@id\":\"https:\/\/radioinfinitagoya.com.ar\/v1\/2026\/03\/15\/javier-milei-viaja-a-cordoba-para-dar-un-discurso-en-la-bolsa-de-comercio\/#primaryimage\"},\"thumbnailUrl\":\"https:\/\/radioinfinitagoya.com.ar\/v1\/wp-content\/uploads\/2026\/03\/VMRJXGPHQJGU3CFT6Q23NJE3PM.avif\",\"datePublished\":\"2026-03-15T21:38:25+00:00\",\"description\":\"El Presidente dar\u00e1 un discurso en la Bolsa de Comercio de C\u00f3rdoba tras regresar del Madrid Economic Forum 2026. Javier Milei viajar\u00e1 a C\u00f3rdoba para dar un\",\"breadcrumb\":{\"@id\":\"https:\/\/radioinfinitagoya.com.ar\/v1\/2026\/03\/15\/javier-milei-viaja-a-cordoba-para-dar-un-discurso-en-la-bolsa-de-comercio\/#breadcrumb\"},\"inLanguage\":\"es-AR\",\"potentialAction\":[{\"@type\":\"ReadAction\",\"target\":[\"https:\/\/radioinfinitagoya.com.ar\/v1\/2026\/03\/15\/javier-milei-viaja-a-cordoba-para-dar-un-discurso-en-la-bolsa-de-comercio\/\"]}]},{\"@type\":\"ImageObject\",\"inLanguage\":\"es-AR\",\"@id\":\"https:\/\/radioinfinitagoya.com.ar\/v1\/2026\/03\/15\/javier-milei-viaja-a-cordoba-para-dar-un-discurso-en-la-bolsa-de-comercio\/#primaryimage\",\"url\":\"https:\/\/radioinfinitagoya.com.ar\/v1\/wp-content\/uploads\/2026\/03\/VMRJXGPHQJGU3CFT6Q23NJE3PM.avif\",\"contentUrl\":\"https:\/\/radioinfinitagoya.com.ar\/v1\/wp-content\/uploads\/2026\/03\/VMRJXGPHQJGU3CFT6Q23NJE3PM.avif\",\"width\":1440,\"height\":720},{\"@type\":\"BreadcrumbList\",\"@id\":\"https:\/\/radioinfinitagoya.com.ar\/v1\/2026\/03\/15\/javier-milei-viaja-a-cordoba-para-dar-un-discurso-en-la-bolsa-de-comercio\/#breadcrumb\",\"itemListElement\":[{\"@type\":\"ListItem\",\"position\":1,\"name\":\"Inicio\",\"item\":\"https:\/\/radioinfinitagoya.com.ar\/v1\/\"},{\"@type\":\"ListItem\",\"position\":2,\"name\":\"Javier Milei viaja a C\u00f3rdoba para dar un discurso en la Bolsa de Comercio\"}]},{\"@type\":\"WebSite\",\"@id\":\"https:\/\/radioinfinitagoya.com.ar\/v1\/#website\",\"url\":\"https:\/\/radioinfinitagoya.com.ar\/v1\/\",\"name\":\"radioinfinitagoya.com.ar\",\"description\":\"Radio de noticias\",\"publisher\":{\"@id\":\"https:\/\/radioinfinitagoya.com.ar\/v1\/#organization\"},\"potentialAction\":[{\"@type\":\"SearchAction\",\"target\":{\"@type\":\"EntryPoint\",\"urlTemplate\":\"https:\/\/radioinfinitagoya.com.ar\/v1\/?s={search_term_string}\"},\"query-input\":{\"@type\":\"PropertyValueSpecification\",\"valueRequired\":true,\"valueName\":\"search_term_string\"}}],\"inLanguage\":\"es-AR\"},{\"@type\":\"Organization\",\"@id\":\"https:\/\/radioinfinitagoya.com.ar\/v1\/#organization\",\"name\":\"Radio Infinita Goya\",\"url\":\"https:\/\/radioinfinitagoya.com.ar\/v1\/\",\"logo\":{\"@type\":\"ImageObject\",\"inLanguage\":\"es-AR\",\"@id\":\"https:\/\/radioinfinitagoya.com.ar\/v1\/#\/schema\/logo\/image\/\",\"url\":\"https:\/\/radioinfinitagoya.com.ar\/v1\/wp-content\/uploads\/2019\/11\/logo-pie-web.png\",\"contentUrl\":\"https:\/\/radioinfinitagoya.com.ar\/v1\/wp-content\/uploads\/2019\/11\/logo-pie-web.png\",\"width\":635,\"height\":326,\"caption\":\"Radio Infinita Goya\"},\"image\":{\"@id\":\"https:\/\/radioinfinitagoya.com.ar\/v1\/#\/schema\/logo\/image\/\"},\"sameAs\":[\"https:\/\/www.facebook.com\/p\/Infinita-Goya-100063870918311\/\"]},{\"@type\":\"Person\",\"@id\":\"https:\/\/radioinfinitagoya.com.ar\/v1\/#\/schema\/person\/d4cf9c413d4f6edb24aabdccab49ca4a\",\"name\":\"Jorge Mi\u00f1o\",\"image\":{\"@type\":\"ImageObject\",\"inLanguage\":\"es-AR\",\"@id\":\"https:\/\/secure.gravatar.com\/avatar\/910fcf6728fe95320e07a6643c1581fec1c7fc4bf8ae12e3d8f0d0373dc844be?s=96&d=mm&r=g\",\"url\":\"https:\/\/secure.gravatar.com\/avatar\/910fcf6728fe95320e07a6643c1581fec1c7fc4bf8ae12e3d8f0d0373dc844be?s=96&d=mm&r=g\",\"contentUrl\":\"https:\/\/secure.gravatar.com\/avatar\/910fcf6728fe95320e07a6643c1581fec1c7fc4bf8ae12e3d8f0d0373dc844be?s=96&d=mm&r=g\",\"caption\":\"Jorge Mi\u00f1o\"},\"sameAs\":[\"http:\/\/radioinfinitagoya.com.ar\"]}]}<\/script>\n<!-- \/ Yoast SEO plugin. -->","yoast_head_json":{"title":"Javier Milei viaja a C\u00f3rdoba para dar un discurso en la Bolsa de Comercio - Radio Infinita Goya","description":"El Presidente dar\u00e1 un discurso en la Bolsa de Comercio de C\u00f3rdoba tras regresar del Madrid Economic Forum 2026. Javier Milei viajar\u00e1 a C\u00f3rdoba para dar un","robots":{"index":"index","follow":"follow","max-snippet":"max-snippet:-1","max-image-preview":"max-image-preview:large","max-video-preview":"max-video-preview:-1"},"canonical":"https:\/\/radioinfinitagoya.com.ar\/v1\/2026\/03\/15\/javier-milei-viaja-a-cordoba-para-dar-un-discurso-en-la-bolsa-de-comercio\/","og_locale":"es_ES","og_type":"article","og_title":"Javier Milei viaja a C\u00f3rdoba para dar un discurso en la Bolsa de Comercio - Radio Infinita Goya","og_description":"El Presidente dar\u00e1 un discurso en la Bolsa de Comercio de C\u00f3rdoba tras regresar del Madrid Economic Forum 2026. Javier Milei viajar\u00e1 a C\u00f3rdoba para dar un","og_url":"https:\/\/radioinfinitagoya.com.ar\/v1\/2026\/03\/15\/javier-milei-viaja-a-cordoba-para-dar-un-discurso-en-la-bolsa-de-comercio\/","og_site_name":"Radio Infinita Goya","article_publisher":"https:\/\/www.facebook.com\/p\/Infinita-Goya-100063870918311\/","article_published_time":"2026-03-15T21:38:25+00:00","author":"Jorge Mi\u00f1o","twitter_card":"summary_large_image","twitter_misc":{"Escrito por":"Jorge Mi\u00f1o","Tiempo de lectura":"2 minutos"},"schema":{"@context":"https:\/\/schema.org","@graph":[{"@type":"Article","@id":"https:\/\/radioinfinitagoya.com.ar\/v1\/2026\/03\/15\/javier-milei-viaja-a-cordoba-para-dar-un-discurso-en-la-bolsa-de-comercio\/#article","isPartOf":{"@id":"https:\/\/radioinfinitagoya.com.ar\/v1\/2026\/03\/15\/javier-milei-viaja-a-cordoba-para-dar-un-discurso-en-la-bolsa-de-comercio\/"},"author":{"name":"Jorge Mi\u00f1o","@id":"https:\/\/radioinfinitagoya.com.ar\/v1\/#\/schema\/person\/d4cf9c413d4f6edb24aabdccab49ca4a"},"headline":"Javier Milei viaja a C\u00f3rdoba para dar un discurso en la Bolsa de Comercio","datePublished":"2026-03-15T21:38:25+00:00","mainEntityOfPage":{"@id":"https:\/\/radioinfinitagoya.com.ar\/v1\/2026\/03\/15\/javier-milei-viaja-a-cordoba-para-dar-un-discurso-en-la-bolsa-de-comercio\/"},"wordCount":326,"commentCount":0,"publisher":{"@id":"https:\/\/radioinfinitagoya.com.ar\/v1\/#organization"},"image":{"@id":"https:\/\/radioinfinitagoya.com.ar\/v1\/2026\/03\/15\/javier-milei-viaja-a-cordoba-para-dar-un-discurso-en-la-bolsa-de-comercio\/#primaryimage"},"thumbnailUrl":"https:\/\/radioinfinitagoya.com.ar\/v1\/wp-content\/uploads\/2026\/03\/VMRJXGPHQJGU3CFT6Q23NJE3PM.avif","articleSection":["PRINCIPAL"],"inLanguage":"es-AR","potentialAction":[{"@type":"CommentAction","name":"Comment","target":["https:\/\/radioinfinitagoya.com.ar\/v1\/2026\/03\/15\/javier-milei-viaja-a-cordoba-para-dar-un-discurso-en-la-bolsa-de-comercio\/#respond"]}]},{"@type":"WebPage","@id":"https:\/\/radioinfinitagoya.com.ar\/v1\/2026\/03\/15\/javier-milei-viaja-a-cordoba-para-dar-un-discurso-en-la-bolsa-de-comercio\/","url":"https:\/\/radioinfinitagoya.com.ar\/v1\/2026\/03\/15\/javier-milei-viaja-a-cordoba-para-dar-un-discurso-en-la-bolsa-de-comercio\/","name":"Javier Milei viaja a C\u00f3rdoba para dar un discurso en la Bolsa de Comercio - Radio Infinita Goya","isPartOf":{"@id":"https:\/\/radioinfinitagoya.com.ar\/v1\/#website"},"primaryImageOfPage":{"@id":"https:\/\/radioinfinitagoya.com.ar\/v1\/2026\/03\/15\/javier-milei-viaja-a-cordoba-para-dar-un-discurso-en-la-bolsa-de-comercio\/#primaryimage"},"image":{"@id":"https:\/\/radioinfinitagoya.com.ar\/v1\/2026\/03\/15\/javier-milei-viaja-a-cordoba-para-dar-un-discurso-en-la-bolsa-de-comercio\/#primaryimage"},"thumbnailUrl":"https:\/\/radioinfinitagoya.com.ar\/v1\/wp-content\/uploads\/2026\/03\/VMRJXGPHQJGU3CFT6Q23NJE3PM.avif","datePublished":"2026-03-15T21:38:25+00:00","description":"El Presidente dar\u00e1 un discurso en la Bolsa de Comercio de C\u00f3rdoba tras regresar del Madrid Economic Forum 2026. Javier Milei viajar\u00e1 a C\u00f3rdoba para dar un","breadcrumb":{"@id":"https:\/\/radioinfinitagoya.com.ar\/v1\/2026\/03\/15\/javier-milei-viaja-a-cordoba-para-dar-un-discurso-en-la-bolsa-de-comercio\/#breadcrumb"},"inLanguage":"es-AR","potentialAction":[{"@type":"ReadAction","target":["https:\/\/radioinfinitagoya.com.ar\/v1\/2026\/03\/15\/javier-milei-viaja-a-cordoba-para-dar-un-discurso-en-la-bolsa-de-comercio\/"]}]},{"@type":"ImageObject","inLanguage":"es-AR","@id":"https:\/\/radioinfinitagoya.com.ar\/v1\/2026\/03\/15\/javier-milei-viaja-a-cordoba-para-dar-un-discurso-en-la-bolsa-de-comercio\/#primaryimage","url":"https:\/\/radioinfinitagoya.com.ar\/v1\/wp-content\/uploads\/2026\/03\/VMRJXGPHQJGU3CFT6Q23NJE3PM.avif","contentUrl":"https:\/\/radioinfinitagoya.com.ar\/v1\/wp-content\/uploads\/2026\/03\/VMRJXGPHQJGU3CFT6Q23NJE3PM.avif","width":1440,"height":720},{"@type":"BreadcrumbList","@id":"https:\/\/radioinfinitagoya.com.ar\/v1\/2026\/03\/15\/javier-milei-viaja-a-cordoba-para-dar-un-discurso-en-la-bolsa-de-comercio\/#breadcrumb","itemListElement":[{"@type":"ListItem","position":1,"name":"Inicio","item":"https:\/\/radioinfinitagoya.com.ar\/v1\/"},{"@type":"ListItem","position":2,"name":"Javier Milei viaja a C\u00f3rdoba para dar un discurso en la Bolsa de Comercio"}]},{"@type":"WebSite","@id":"https:\/\/radioinfinitagoya.com.ar\/v1\/#website","url":"https:\/\/radioinfinitagoya.com.ar\/v1\/","name":"radioinfinitagoya.com.ar","description":"Radio de noticias","publisher":{"@id":"https:\/\/radioinfinitagoya.com.ar\/v1\/#organization"},"potentialAction":[{"@type":"SearchAction","target":{"@type":"EntryPoint","urlTemplate":"https:\/\/radioinfinitagoya.com.ar\/v1\/?s={search_term_string}"},"query-input":{"@type":"PropertyValueSpecification","valueRequired":true,"valueName":"search_term_string"}}],"inLanguage":"es-AR"},{"@type":"Organization","@id":"https:\/\/radioinfinitagoya.com.ar\/v1\/#organization","name":"Radio Infinita Goya","url":"https:\/\/radioinfinitagoya.com.ar\/v1\/","logo":{"@type":"ImageObject","inLanguage":"es-AR","@id":"https:\/\/radioinfinitagoya.com.ar\/v1\/#\/schema\/logo\/image\/","url":"https:\/\/radioinfinitagoya.com.ar\/v1\/wp-content\/uploads\/2019\/11\/logo-pie-web.png","contentUrl":"https:\/\/radioinfinitagoya.com.ar\/v1\/wp-content\/uploads\/2019\/11\/logo-pie-web.png","width":635,"height":326,"caption":"Radio Infinita Goya"},"image":{"@id":"https:\/\/radioinfinitagoya.com.ar\/v1\/#\/schema\/logo\/image\/"},"sameAs":["https:\/\/www.facebook.com\/p\/Infinita-Goya-100063870918311\/"]},{"@type":"Person","@id":"https:\/\/radioinfinitagoya.com.ar\/v1\/#\/schema\/person\/d4cf9c413d4f6edb24aabdccab49ca4a","name":"Jorge Mi\u00f1o","image":{"@type":"ImageObject","inLanguage":"es-AR","@id":"https:\/\/secure.gravatar.com\/avatar\/910fcf6728fe95320e07a6643c1581fec1c7fc4bf8ae12e3d8f0d0373dc844be?s=96&d=mm&r=g","url":"https:\/\/secure.gravatar.com\/avatar\/910fcf6728fe95320e07a6643c1581fec1c7fc4bf8ae12e3d8f0d0373dc844be?s=96&d=mm&r=g","contentUrl":"https:\/\/secure.gravatar.com\/avatar\/910fcf6728fe95320e07a6643c1581fec1c7fc4bf8ae12e3d8f0d0373dc844be?s=96&d=mm&r=g","caption":"Jorge Mi\u00f1o"},"sameAs":["http:\/\/radioinfinitagoya.com.ar"]}]}},"_links":{"self":[{"href":"https:\/\/radioinfinitagoya.com.ar\/v1\/wp-json\/wp\/v2\/posts\/210297","targetHints":{"allow":["GET"]}}],"collection":[{"href":"https:\/\/radioinfinitagoya.com.ar\/v1\/wp-json\/wp\/v2\/posts"}],"about":[{"href":"https:\/\/radioinfinitagoya.com.ar\/v1\/wp-json\/wp\/v2\/types\/post"}],"author":[{"embeddable":true,"href":"https:\/\/radioinfinitagoya.com.ar\/v1\/wp-json\/wp\/v2\/users\/4"}],"replies":[{"embeddable":true,"href":"https:\/\/radioinfinitagoya.com.ar\/v1\/wp-json\/wp\/v2\/comments?post=210297"}],"version-history":[{"count":0,"href":"https:\/\/radioinfinitagoya.com.ar\/v1\/wp-json\/wp\/v2\/posts\/210297\/revisions"}],"wp:featuredmedia":[{"embeddable":true,"href":"https:\/\/radioinfinitagoya.com.ar\/v1\/wp-json\/wp\/v2\/media\/210298"}],"wp:attachment":[{"href":"https:\/\/radioinfinitagoya.com.ar\/v1\/wp-json\/wp\/v2\/media?parent=210297"}],"wp:term":[{"taxonomy":"category","embeddable":true,"href":"https:\/\/radioinfinitagoya.com.ar\/v1\/wp-json\/wp\/v2\/categories?post=210297"},{"taxonomy":"post_tag","embeddable":true,"href":"https:\/\/radioinfinitagoya.com.ar\/v1\/wp-json\/wp\/v2\/tags?post=210297"}],"curies":[{"name":"wp","href":"https:\/\/api.w.org\/{rel}","templated":true}]}}