{"id":210303,"date":"2026-03-16T15:51:56","date_gmt":"2026-03-16T18:51:56","guid":{"rendered":"https:\/\/radioinfinitagoya.com.ar\/v1\/?p=210303"},"modified":"2026-03-16T15:51:56","modified_gmt":"2026-03-16T18:51:56","slug":"el-intendente-encabezo-reconocimiento-a-mujeres-destacadas-de-goya","status":"publish","type":"post","link":"https:\/\/radioinfinitagoya.com.ar\/v1\/2026\/03\/16\/el-intendente-encabezo-reconocimiento-a-mujeres-destacadas-de-goya\/","title":{"rendered":"El Intendente encabez\u00f3 reconocimiento a Mujeres Destacadas de Goya"},"content":{"rendered":"<p>En la ma\u00f1ana de este lunes, en el patio del edificio comunal, se llev\u00f3 a cabo el acto de reconocimiento \u201cMujeres que Inspiran\u201d, una iniciativa impulsada por la gesti\u00f3n municipal con el objetivo de destacar, visibilizar y promover el rol fundamental de la mujer en la comunidad.<\/p>\n<p>La ceremonia estuvo presidida por el intendente municipal, doctor Mariano Hormaechea, acompa\u00f1ado por la vicepresidenta segunda del Honorable Concejo Deliberante, Vivian Merlo; la secretaria de Educaci\u00f3n, Sonia Espina; secretaria de Industria y Comercio, Mar\u00eda Paz Lampugnani; Subsecretaria de Econom\u00eda Ludmila Vargas Viola; concejales Susana Quiroz, Gabriela Refojos y Ver\u00f3nica Ram\u00edrez; las Directoras de ingresos P\u00fablicos, contadora Gabriela L\u00f3pez, de Acci\u00f3n Social Victoria Gonz\u00e1lez, de Fortalecimiento Familiar, Sylvina Ram\u00edrez y de Prevenci\u00f3n de Adicciones, Vanesa Morales. Adem\u00e1s, se cont\u00f3 con la presencia del Diputado Provincial Jes\u00fas M\u00e9ndez Vernengo, funcionarios municipales y vecinos que se sumaron a este significativo homenaje en el marco del Mes de la Mujer.<\/p>\n<p>La propuesta tuvo como prop\u00f3sito reconocer la fuerza, la visi\u00f3n y el compromiso de mujeres que, desde distintos \u00e1mbitos de la vida social, educativa, solidaria, comercial y deportiva, contribuyen diariamente a transformar la realidad de la comunidad. Cada una de las distinciones entregadas representa el esfuerzo, la creatividad y el impacto positivo que estas mujeres generan con su trabajo, inspirando a nuevas generaciones de goyanos.<\/p>\n<p>INTENDENTE MARIANO HORMAECHEA<\/p>\n<p>El jefe comunal brind\u00f3 un mensaje en el que destac\u00f3 el valor de esta iniciativa y el protagonismo hist\u00f3rico de las mujeres en la construcci\u00f3n de la identidad y el desarrollo de la ciudad.<\/p>\n<p>En primer lugar, expres\u00f3 su gratitud hacia las homenajeadas y hacia el equipo que impuls\u00f3 la propuesta: \u201cAgradecer a cada una de las mujeres que aceptaron esta propuesta e iniciativa tambi\u00e9n de las mujeres del equipo de la municipalidad\u201d, manifest\u00f3 el intendente.<\/p>\n<p>Al referirse al significado de estos reconocimientos, Hormaechea se\u00f1al\u00f3: \u201cEs un mes importante para la ciudad, para efectuar un reconocimiento a cada una desde los espacios y las funciones que cumplen, la idea es tambi\u00e9n elegir y reconocer aquellas mujeres que tiene un rol importante o que han tenido una destacada participaci\u00f3n en la ciudad\u201d. \u201cEn Goya las mujeres han tenido a lo largo de la historia en la ciudad una participaci\u00f3n importante de desarrollo\u201d.<\/p>\n<p>En ese sentido, remarc\u00f3 el trabajo que viene llevando adelante el municipio para rescatar y poner en valor la historia de la ciudad: \u201cNosotros venimos trabajando desde el municipio en poner sobre la mesa la historia de la ciudad\u201d, sostuvo.<\/p>\n<p>Recordando una de las acciones impulsadas por la gesti\u00f3n municipal vinculada a la identidad hist\u00f3rica local: \u201cEl a\u00f1o pasado realizamos un acto que me parece que es fundamental para poder contar todo esto que sucede que fue el 9 de noviembre, donde celebramos la primera vez la Primera Radicaci\u00f3n Hist\u00f3rica de la ciudad\u201d.<\/p>\n<p>Al hablar sobre los or\u00edgenes de Goya y el rol de las mujeres en su construcci\u00f3n social, el intendente expres\u00f3: \u201cDo\u00f1a Goya es el inicio y a partir de ah\u00ed un sinf\u00edn de mujeres que de alguna u otra manera han tenido una participaci\u00f3n de distintos lugares, roles en lo que fue el desarrollo de Goya\u201d.<\/p>\n<p>Respecto al esp\u00edritu de esta distinci\u00f3n institucional, Hormaechea explic\u00f3: \u201cEn este caso es una iniciativa que arrancamos por primera vez de esta manera, si bien la Municipalidad desde otras \u00e1reas han hecho otros reconocimientos, quer\u00edamos darle la importancia, la institucionalidad de hacer este reconocimiento formal, en este caso a 10 mujeres que cumplieron y que cumplen un rol fundamental para la sociedad\u201d.<\/p>\n<p>Para finalizar, el intendente municipal agradeci\u00f3 nuevamente a las mujeres distinguidas y al equipo que impuls\u00f3 el proyecto: \u201cAgradecerles a ustedes primero por haber aceptado y por supuesto a cada una de las mujeres del equipo que tambi\u00e9n han trabajado con esto\u201d.<\/p>\n<p>Adem\u00e1s, adelant\u00f3 la intenci\u00f3n de institucionalizar esta iniciativa para que pueda sostenerse en el tiempo: \u201cLa iniciativa que han tenido tambi\u00e9n de venir a plantearme y darle el marco institucional, esta va a ser la primera vez, la idea del tratamiento correspondiente en el HCD para formalizarlo y de esta manera poder todos los a\u00f1os hacer este tipo de reconocimientos que en definitiva exponer y reconocer lo que somos, que hacemos en la ciudad y est\u00e1 m\u00e1s que claro que las mujeres tienen ese rol fundamental\u201d.<\/p>\n<p>Finalmente, el jefe comunal cerr\u00f3 su mensaje con un saludo especial: \u201cFeliz D\u00eda (por el 8 de marzo), mi reconocimiento y gracias a ustedes por aceptar esta propuesta que estamos haciendo desde el municipio\u201d.<\/p>\n<p>ENTREGA DE DISTINCIONES<\/p>\n<p>Tras las palabras del intendente, se procedi\u00f3 a la entrega de los reconocimientos a las mujeres seleccionadas por distintas \u00e1reas y sectores de la gesti\u00f3n municipal.<\/p>\n<p>Cada distinci\u00f3n simboliza el compromiso, la vocaci\u00f3n y el impacto que estas mujeres generan en sus \u00e1mbitos de trabajo y en la vida comunitaria. \u201cMujeres que Inspiran\u201d no solo destaca logros personales, sino tambi\u00e9n la pasi\u00f3n, la dedicaci\u00f3n y la determinaci\u00f3n con la que estas protagonistas construyen d\u00eda a d\u00eda una sociedad m\u00e1s solidaria y participativa.<\/p>\n<p>Las mujeres destacadas que recibieron su reconocimiento por parte del intendente municipal doctor Mariano Hormaechea fueron:<\/p>\n<p>&#8211; Profesora de Matem\u00e1ticas Mar\u00eda Piasentini, acompa\u00f1\u00f3 la entrega la secretaria de Educaci\u00f3n Sonia Espina.<\/p>\n<p>&#8211; Mariela Valenzuela, presidenta de la Fundaci\u00f3n Brilla Mujer, acompa\u00f1\u00f3 la concejal Susana Quiroz.<\/p>\n<p>&#8211; Marta Segovia, presidenta de la Feria Franca, acompa\u00f1\u00f3 la directora de Fortalecimiento Familiar Sylvina Ram\u00edrez.<\/p>\n<p>&#8211; Ida Biancardi de Gonz\u00e1lez, propietaria de Zapater\u00eda Primicia, acompa\u00f1\u00f3 la secretaria de Industria y Comercio Mar\u00eda Paz Lampugnani.<\/p>\n<p>&#8211; Profesora Mar\u00eda Margarita Fogantini, acompa\u00f1\u00f3 la concejal Gabriela Refojos.<\/p>\n<p>&#8211; Dolores Ignacia Escobar, del Merendero Divino Ni\u00f1o, acompa\u00f1\u00f3 la directora de Acci\u00f3n Social Victoria Gonz\u00e1lez.<\/p>\n<p>&#8211; Matilde Ang\u00e9lica L\u00f3pez, acompa\u00f1\u00f3 la directora de Ingresos P\u00fablicos del municipio, contadora Gabriela L\u00f3pez.<\/p>\n<p>&#8211; Dra. Liana Aguirre, jueza de la C\u00e1mara de Apelaciones en lo Civil, Comercial y Laboral de Goya, acompa\u00f1\u00f3 la subsecretaria de Econom\u00eda Ludmila Vargas Viola.<\/p>\n<p>&#8211; Alba Blanco, acompa\u00f1\u00f3 la concejal Ver\u00f3nica Ram\u00edrez.<\/p>\n<p>&#8211; Brenda Insaurralde, deportista goyana, acompa\u00f1\u00f3 la vicepresidenta segunda del HCD Vivian Merlo.<\/p>\n<p>El acto concluy\u00f3 con un clima de emoci\u00f3n y reconocimiento colectivo hacia mujeres que, con su trabajo silencioso y constante, dejan una huella profunda en la vida de la comunidad goyana.<\/p>\n","protected":false},"excerpt":{"rendered":"<p>En la ma\u00f1ana de este lunes, en el patio del edificio comunal, se llev\u00f3 a cabo el acto de reconocimiento \u201cMujeres que Inspiran\u201d, una iniciativa impulsada por la gesti\u00f3n municipal con el objetivo de destacar, visibilizar y promover el rol fundamental de la mujer en la comunidad. La ceremonia estuvo presidida por el intendente municipal, [&hellip;]<\/p>\n","protected":false},"author":4,"featured_media":210304,"comment_status":"open","ping_status":"open","sticky":false,"template":"","format":"standard","meta":{"_joinchat":[],"footnotes":""},"categories":[27],"tags":[],"class_list":{"0":"post-210303","1":"post","2":"type-post","3":"status-publish","4":"format-standard","5":"has-post-thumbnail","7":"category-locales"},"yoast_head":"<!-- This site is optimized with the Yoast SEO plugin v27.2 - https:\/\/yoast.com\/product\/yoast-seo-wordpress\/ -->\n<title>El Intendente encabez\u00f3 reconocimiento a Mujeres Destacadas de Goya - Radio Infinita Goya<\/title>\n<meta name=\"description\" content=\"En la ma\u00f1ana de este lunes, en el patio del edificio comunal, se llev\u00f3 a cabo el acto de reconocimiento \u201cMujeres que Inspiran\u201d, una iniciativa impulsada\" \/>\n<meta name=\"robots\" content=\"index, follow, max-snippet:-1, max-image-preview:large, max-video-preview:-1\" \/>\n<link rel=\"canonical\" href=\"https:\/\/radioinfinitagoya.com.ar\/v1\/2026\/03\/16\/el-intendente-encabezo-reconocimiento-a-mujeres-destacadas-de-goya\/\" \/>\n<meta property=\"og:locale\" content=\"es_ES\" \/>\n<meta property=\"og:type\" content=\"article\" \/>\n<meta property=\"og:title\" content=\"El Intendente encabez\u00f3 reconocimiento a Mujeres Destacadas de Goya - Radio Infinita Goya\" \/>\n<meta property=\"og:description\" content=\"En la ma\u00f1ana de este lunes, en el patio del edificio comunal, se llev\u00f3 a cabo el acto de reconocimiento \u201cMujeres que Inspiran\u201d, una iniciativa impulsada\" \/>\n<meta property=\"og:url\" content=\"https:\/\/radioinfinitagoya.com.ar\/v1\/2026\/03\/16\/el-intendente-encabezo-reconocimiento-a-mujeres-destacadas-de-goya\/\" \/>\n<meta property=\"og:site_name\" content=\"Radio Infinita Goya\" \/>\n<meta property=\"article:publisher\" content=\"https:\/\/www.facebook.com\/p\/Infinita-Goya-100063870918311\/\" \/>\n<meta property=\"article:published_time\" content=\"2026-03-16T18:51:56+00:00\" \/>\n<meta property=\"og:image\" content=\"https:\/\/radioinfinitagoya.com.ar\/v1\/wp-content\/uploads\/2026\/03\/8a0cff56-ad78-4771-864d-234ba90213e1.jpg\" \/>\n\t<meta property=\"og:image:width\" content=\"622\" \/>\n\t<meta property=\"og:image:height\" content=\"336\" \/>\n\t<meta property=\"og:image:type\" content=\"image\/jpeg\" \/>\n<meta name=\"author\" content=\"Jorge Mi\u00f1o\" \/>\n<meta name=\"twitter:card\" content=\"summary_large_image\" \/>\n<meta name=\"twitter:label1\" content=\"Escrito por\" \/>\n\t<meta name=\"twitter:data1\" content=\"Jorge Mi\u00f1o\" \/>\n\t<meta name=\"twitter:label2\" content=\"Tiempo de lectura\" \/>\n\t<meta name=\"twitter:data2\" content=\"5 minutos\" \/>\n<script type=\"application\/ld+json\" class=\"yoast-schema-graph\">{\"@context\":\"https:\/\/schema.org\",\"@graph\":[{\"@type\":\"Article\",\"@id\":\"https:\/\/radioinfinitagoya.com.ar\/v1\/2026\/03\/16\/el-intendente-encabezo-reconocimiento-a-mujeres-destacadas-de-goya\/#article\",\"isPartOf\":{\"@id\":\"https:\/\/radioinfinitagoya.com.ar\/v1\/2026\/03\/16\/el-intendente-encabezo-reconocimiento-a-mujeres-destacadas-de-goya\/\"},\"author\":{\"name\":\"Jorge Mi\u00f1o\",\"@id\":\"https:\/\/radioinfinitagoya.com.ar\/v1\/#\/schema\/person\/d4cf9c413d4f6edb24aabdccab49ca4a\"},\"headline\":\"El Intendente encabez\u00f3 reconocimiento a Mujeres Destacadas de Goya\",\"datePublished\":\"2026-03-16T18:51:56+00:00\",\"mainEntityOfPage\":{\"@id\":\"https:\/\/radioinfinitagoya.com.ar\/v1\/2026\/03\/16\/el-intendente-encabezo-reconocimiento-a-mujeres-destacadas-de-goya\/\"},\"wordCount\":1112,\"commentCount\":0,\"publisher\":{\"@id\":\"https:\/\/radioinfinitagoya.com.ar\/v1\/#organization\"},\"image\":{\"@id\":\"https:\/\/radioinfinitagoya.com.ar\/v1\/2026\/03\/16\/el-intendente-encabezo-reconocimiento-a-mujeres-destacadas-de-goya\/#primaryimage\"},\"thumbnailUrl\":\"https:\/\/radioinfinitagoya.com.ar\/v1\/wp-content\/uploads\/2026\/03\/8a0cff56-ad78-4771-864d-234ba90213e1.jpg\",\"articleSection\":[\"LOCALES\"],\"inLanguage\":\"es-AR\",\"potentialAction\":[{\"@type\":\"CommentAction\",\"name\":\"Comment\",\"target\":[\"https:\/\/radioinfinitagoya.com.ar\/v1\/2026\/03\/16\/el-intendente-encabezo-reconocimiento-a-mujeres-destacadas-de-goya\/#respond\"]}]},{\"@type\":\"WebPage\",\"@id\":\"https:\/\/radioinfinitagoya.com.ar\/v1\/2026\/03\/16\/el-intendente-encabezo-reconocimiento-a-mujeres-destacadas-de-goya\/\",\"url\":\"https:\/\/radioinfinitagoya.com.ar\/v1\/2026\/03\/16\/el-intendente-encabezo-reconocimiento-a-mujeres-destacadas-de-goya\/\",\"name\":\"El Intendente encabez\u00f3 reconocimiento a Mujeres Destacadas de Goya - Radio Infinita Goya\",\"isPartOf\":{\"@id\":\"https:\/\/radioinfinitagoya.com.ar\/v1\/#website\"},\"primaryImageOfPage\":{\"@id\":\"https:\/\/radioinfinitagoya.com.ar\/v1\/2026\/03\/16\/el-intendente-encabezo-reconocimiento-a-mujeres-destacadas-de-goya\/#primaryimage\"},\"image\":{\"@id\":\"https:\/\/radioinfinitagoya.com.ar\/v1\/2026\/03\/16\/el-intendente-encabezo-reconocimiento-a-mujeres-destacadas-de-goya\/#primaryimage\"},\"thumbnailUrl\":\"https:\/\/radioinfinitagoya.com.ar\/v1\/wp-content\/uploads\/2026\/03\/8a0cff56-ad78-4771-864d-234ba90213e1.jpg\",\"datePublished\":\"2026-03-16T18:51:56+00:00\",\"description\":\"En la ma\u00f1ana de este lunes, en el patio del edificio comunal, se llev\u00f3 a cabo el acto de reconocimiento \u201cMujeres que Inspiran\u201d, una iniciativa impulsada\",\"breadcrumb\":{\"@id\":\"https:\/\/radioinfinitagoya.com.ar\/v1\/2026\/03\/16\/el-intendente-encabezo-reconocimiento-a-mujeres-destacadas-de-goya\/#breadcrumb\"},\"inLanguage\":\"es-AR\",\"potentialAction\":[{\"@type\":\"ReadAction\",\"target\":[\"https:\/\/radioinfinitagoya.com.ar\/v1\/2026\/03\/16\/el-intendente-encabezo-reconocimiento-a-mujeres-destacadas-de-goya\/\"]}]},{\"@type\":\"ImageObject\",\"inLanguage\":\"es-AR\",\"@id\":\"https:\/\/radioinfinitagoya.com.ar\/v1\/2026\/03\/16\/el-intendente-encabezo-reconocimiento-a-mujeres-destacadas-de-goya\/#primaryimage\",\"url\":\"https:\/\/radioinfinitagoya.com.ar\/v1\/wp-content\/uploads\/2026\/03\/8a0cff56-ad78-4771-864d-234ba90213e1.jpg\",\"contentUrl\":\"https:\/\/radioinfinitagoya.com.ar\/v1\/wp-content\/uploads\/2026\/03\/8a0cff56-ad78-4771-864d-234ba90213e1.jpg\",\"width\":622,\"height\":336},{\"@type\":\"BreadcrumbList\",\"@id\":\"https:\/\/radioinfinitagoya.com.ar\/v1\/2026\/03\/16\/el-intendente-encabezo-reconocimiento-a-mujeres-destacadas-de-goya\/#breadcrumb\",\"itemListElement\":[{\"@type\":\"ListItem\",\"position\":1,\"name\":\"Inicio\",\"item\":\"https:\/\/radioinfinitagoya.com.ar\/v1\/\"},{\"@type\":\"ListItem\",\"position\":2,\"name\":\"El Intendente encabez\u00f3 reconocimiento a Mujeres Destacadas de Goya\"}]},{\"@type\":\"WebSite\",\"@id\":\"https:\/\/radioinfinitagoya.com.ar\/v1\/#website\",\"url\":\"https:\/\/radioinfinitagoya.com.ar\/v1\/\",\"name\":\"radioinfinitagoya.com.ar\",\"description\":\"Radio de noticias\",\"publisher\":{\"@id\":\"https:\/\/radioinfinitagoya.com.ar\/v1\/#organization\"},\"potentialAction\":[{\"@type\":\"SearchAction\",\"target\":{\"@type\":\"EntryPoint\",\"urlTemplate\":\"https:\/\/radioinfinitagoya.com.ar\/v1\/?s={search_term_string}\"},\"query-input\":{\"@type\":\"PropertyValueSpecification\",\"valueRequired\":true,\"valueName\":\"search_term_string\"}}],\"inLanguage\":\"es-AR\"},{\"@type\":\"Organization\",\"@id\":\"https:\/\/radioinfinitagoya.com.ar\/v1\/#organization\",\"name\":\"Radio Infinita Goya\",\"url\":\"https:\/\/radioinfinitagoya.com.ar\/v1\/\",\"logo\":{\"@type\":\"ImageObject\",\"inLanguage\":\"es-AR\",\"@id\":\"https:\/\/radioinfinitagoya.com.ar\/v1\/#\/schema\/logo\/image\/\",\"url\":\"https:\/\/radioinfinitagoya.com.ar\/v1\/wp-content\/uploads\/2019\/11\/logo-pie-web.png\",\"contentUrl\":\"https:\/\/radioinfinitagoya.com.ar\/v1\/wp-content\/uploads\/2019\/11\/logo-pie-web.png\",\"width\":635,\"height\":326,\"caption\":\"Radio Infinita Goya\"},\"image\":{\"@id\":\"https:\/\/radioinfinitagoya.com.ar\/v1\/#\/schema\/logo\/image\/\"},\"sameAs\":[\"https:\/\/www.facebook.com\/p\/Infinita-Goya-100063870918311\/\"]},{\"@type\":\"Person\",\"@id\":\"https:\/\/radioinfinitagoya.com.ar\/v1\/#\/schema\/person\/d4cf9c413d4f6edb24aabdccab49ca4a\",\"name\":\"Jorge Mi\u00f1o\",\"image\":{\"@type\":\"ImageObject\",\"inLanguage\":\"es-AR\",\"@id\":\"https:\/\/secure.gravatar.com\/avatar\/910fcf6728fe95320e07a6643c1581fec1c7fc4bf8ae12e3d8f0d0373dc844be?s=96&d=mm&r=g\",\"url\":\"https:\/\/secure.gravatar.com\/avatar\/910fcf6728fe95320e07a6643c1581fec1c7fc4bf8ae12e3d8f0d0373dc844be?s=96&d=mm&r=g\",\"contentUrl\":\"https:\/\/secure.gravatar.com\/avatar\/910fcf6728fe95320e07a6643c1581fec1c7fc4bf8ae12e3d8f0d0373dc844be?s=96&d=mm&r=g\",\"caption\":\"Jorge Mi\u00f1o\"},\"sameAs\":[\"http:\/\/radioinfinitagoya.com.ar\"]}]}<\/script>\n<!-- \/ Yoast SEO plugin. -->","yoast_head_json":{"title":"El Intendente encabez\u00f3 reconocimiento a Mujeres Destacadas de Goya - Radio Infinita Goya","description":"En la ma\u00f1ana de este lunes, en el patio del edificio comunal, se llev\u00f3 a cabo el acto de reconocimiento \u201cMujeres que Inspiran\u201d, una iniciativa impulsada","robots":{"index":"index","follow":"follow","max-snippet":"max-snippet:-1","max-image-preview":"max-image-preview:large","max-video-preview":"max-video-preview:-1"},"canonical":"https:\/\/radioinfinitagoya.com.ar\/v1\/2026\/03\/16\/el-intendente-encabezo-reconocimiento-a-mujeres-destacadas-de-goya\/","og_locale":"es_ES","og_type":"article","og_title":"El Intendente encabez\u00f3 reconocimiento a Mujeres Destacadas de Goya - Radio Infinita Goya","og_description":"En la ma\u00f1ana de este lunes, en el patio del edificio comunal, se llev\u00f3 a cabo el acto de reconocimiento \u201cMujeres que Inspiran\u201d, una iniciativa impulsada","og_url":"https:\/\/radioinfinitagoya.com.ar\/v1\/2026\/03\/16\/el-intendente-encabezo-reconocimiento-a-mujeres-destacadas-de-goya\/","og_site_name":"Radio Infinita Goya","article_publisher":"https:\/\/www.facebook.com\/p\/Infinita-Goya-100063870918311\/","article_published_time":"2026-03-16T18:51:56+00:00","og_image":[{"width":622,"height":336,"url":"https:\/\/radioinfinitagoya.com.ar\/v1\/wp-content\/uploads\/2026\/03\/8a0cff56-ad78-4771-864d-234ba90213e1.jpg","type":"image\/jpeg"}],"author":"Jorge Mi\u00f1o","twitter_card":"summary_large_image","twitter_misc":{"Escrito por":"Jorge Mi\u00f1o","Tiempo de lectura":"5 minutos"},"schema":{"@context":"https:\/\/schema.org","@graph":[{"@type":"Article","@id":"https:\/\/radioinfinitagoya.com.ar\/v1\/2026\/03\/16\/el-intendente-encabezo-reconocimiento-a-mujeres-destacadas-de-goya\/#article","isPartOf":{"@id":"https:\/\/radioinfinitagoya.com.ar\/v1\/2026\/03\/16\/el-intendente-encabezo-reconocimiento-a-mujeres-destacadas-de-goya\/"},"author":{"name":"Jorge Mi\u00f1o","@id":"https:\/\/radioinfinitagoya.com.ar\/v1\/#\/schema\/person\/d4cf9c413d4f6edb24aabdccab49ca4a"},"headline":"El Intendente encabez\u00f3 reconocimiento a Mujeres Destacadas de Goya","datePublished":"2026-03-16T18:51:56+00:00","mainEntityOfPage":{"@id":"https:\/\/radioinfinitagoya.com.ar\/v1\/2026\/03\/16\/el-intendente-encabezo-reconocimiento-a-mujeres-destacadas-de-goya\/"},"wordCount":1112,"commentCount":0,"publisher":{"@id":"https:\/\/radioinfinitagoya.com.ar\/v1\/#organization"},"image":{"@id":"https:\/\/radioinfinitagoya.com.ar\/v1\/2026\/03\/16\/el-intendente-encabezo-reconocimiento-a-mujeres-destacadas-de-goya\/#primaryimage"},"thumbnailUrl":"https:\/\/radioinfinitagoya.com.ar\/v1\/wp-content\/uploads\/2026\/03\/8a0cff56-ad78-4771-864d-234ba90213e1.jpg","articleSection":["LOCALES"],"inLanguage":"es-AR","potentialAction":[{"@type":"CommentAction","name":"Comment","target":["https:\/\/radioinfinitagoya.com.ar\/v1\/2026\/03\/16\/el-intendente-encabezo-reconocimiento-a-mujeres-destacadas-de-goya\/#respond"]}]},{"@type":"WebPage","@id":"https:\/\/radioinfinitagoya.com.ar\/v1\/2026\/03\/16\/el-intendente-encabezo-reconocimiento-a-mujeres-destacadas-de-goya\/","url":"https:\/\/radioinfinitagoya.com.ar\/v1\/2026\/03\/16\/el-intendente-encabezo-reconocimiento-a-mujeres-destacadas-de-goya\/","name":"El Intendente encabez\u00f3 reconocimiento a Mujeres Destacadas de Goya - Radio Infinita Goya","isPartOf":{"@id":"https:\/\/radioinfinitagoya.com.ar\/v1\/#website"},"primaryImageOfPage":{"@id":"https:\/\/radioinfinitagoya.com.ar\/v1\/2026\/03\/16\/el-intendente-encabezo-reconocimiento-a-mujeres-destacadas-de-goya\/#primaryimage"},"image":{"@id":"https:\/\/radioinfinitagoya.com.ar\/v1\/2026\/03\/16\/el-intendente-encabezo-reconocimiento-a-mujeres-destacadas-de-goya\/#primaryimage"},"thumbnailUrl":"https:\/\/radioinfinitagoya.com.ar\/v1\/wp-content\/uploads\/2026\/03\/8a0cff56-ad78-4771-864d-234ba90213e1.jpg","datePublished":"2026-03-16T18:51:56+00:00","description":"En la ma\u00f1ana de este lunes, en el patio del edificio comunal, se llev\u00f3 a cabo el acto de reconocimiento \u201cMujeres que Inspiran\u201d, una iniciativa impulsada","breadcrumb":{"@id":"https:\/\/radioinfinitagoya.com.ar\/v1\/2026\/03\/16\/el-intendente-encabezo-reconocimiento-a-mujeres-destacadas-de-goya\/#breadcrumb"},"inLanguage":"es-AR","potentialAction":[{"@type":"ReadAction","target":["https:\/\/radioinfinitagoya.com.ar\/v1\/2026\/03\/16\/el-intendente-encabezo-reconocimiento-a-mujeres-destacadas-de-goya\/"]}]},{"@type":"ImageObject","inLanguage":"es-AR","@id":"https:\/\/radioinfinitagoya.com.ar\/v1\/2026\/03\/16\/el-intendente-encabezo-reconocimiento-a-mujeres-destacadas-de-goya\/#primaryimage","url":"https:\/\/radioinfinitagoya.com.ar\/v1\/wp-content\/uploads\/2026\/03\/8a0cff56-ad78-4771-864d-234ba90213e1.jpg","contentUrl":"https:\/\/radioinfinitagoya.com.ar\/v1\/wp-content\/uploads\/2026\/03\/8a0cff56-ad78-4771-864d-234ba90213e1.jpg","width":622,"height":336},{"@type":"BreadcrumbList","@id":"https:\/\/radioinfinitagoya.com.ar\/v1\/2026\/03\/16\/el-intendente-encabezo-reconocimiento-a-mujeres-destacadas-de-goya\/#breadcrumb","itemListElement":[{"@type":"ListItem","position":1,"name":"Inicio","item":"https:\/\/radioinfinitagoya.com.ar\/v1\/"},{"@type":"ListItem","position":2,"name":"El Intendente encabez\u00f3 reconocimiento a Mujeres Destacadas de Goya"}]},{"@type":"WebSite","@id":"https:\/\/radioinfinitagoya.com.ar\/v1\/#website","url":"https:\/\/radioinfinitagoya.com.ar\/v1\/","name":"radioinfinitagoya.com.ar","description":"Radio de noticias","publisher":{"@id":"https:\/\/radioinfinitagoya.com.ar\/v1\/#organization"},"potentialAction":[{"@type":"SearchAction","target":{"@type":"EntryPoint","urlTemplate":"https:\/\/radioinfinitagoya.com.ar\/v1\/?s={search_term_string}"},"query-input":{"@type":"PropertyValueSpecification","valueRequired":true,"valueName":"search_term_string"}}],"inLanguage":"es-AR"},{"@type":"Organization","@id":"https:\/\/radioinfinitagoya.com.ar\/v1\/#organization","name":"Radio Infinita Goya","url":"https:\/\/radioinfinitagoya.com.ar\/v1\/","logo":{"@type":"ImageObject","inLanguage":"es-AR","@id":"https:\/\/radioinfinitagoya.com.ar\/v1\/#\/schema\/logo\/image\/","url":"https:\/\/radioinfinitagoya.com.ar\/v1\/wp-content\/uploads\/2019\/11\/logo-pie-web.png","contentUrl":"https:\/\/radioinfinitagoya.com.ar\/v1\/wp-content\/uploads\/2019\/11\/logo-pie-web.png","width":635,"height":326,"caption":"Radio Infinita Goya"},"image":{"@id":"https:\/\/radioinfinitagoya.com.ar\/v1\/#\/schema\/logo\/image\/"},"sameAs":["https:\/\/www.facebook.com\/p\/Infinita-Goya-100063870918311\/"]},{"@type":"Person","@id":"https:\/\/radioinfinitagoya.com.ar\/v1\/#\/schema\/person\/d4cf9c413d4f6edb24aabdccab49ca4a","name":"Jorge Mi\u00f1o","image":{"@type":"ImageObject","inLanguage":"es-AR","@id":"https:\/\/secure.gravatar.com\/avatar\/910fcf6728fe95320e07a6643c1581fec1c7fc4bf8ae12e3d8f0d0373dc844be?s=96&d=mm&r=g","url":"https:\/\/secure.gravatar.com\/avatar\/910fcf6728fe95320e07a6643c1581fec1c7fc4bf8ae12e3d8f0d0373dc844be?s=96&d=mm&r=g","contentUrl":"https:\/\/secure.gravatar.com\/avatar\/910fcf6728fe95320e07a6643c1581fec1c7fc4bf8ae12e3d8f0d0373dc844be?s=96&d=mm&r=g","caption":"Jorge Mi\u00f1o"},"sameAs":["http:\/\/radioinfinitagoya.com.ar"]}]}},"_links":{"self":[{"href":"https:\/\/radioinfinitagoya.com.ar\/v1\/wp-json\/wp\/v2\/posts\/210303","targetHints":{"allow":["GET"]}}],"collection":[{"href":"https:\/\/radioinfinitagoya.com.ar\/v1\/wp-json\/wp\/v2\/posts"}],"about":[{"href":"https:\/\/radioinfinitagoya.com.ar\/v1\/wp-json\/wp\/v2\/types\/post"}],"author":[{"embeddable":true,"href":"https:\/\/radioinfinitagoya.com.ar\/v1\/wp-json\/wp\/v2\/users\/4"}],"replies":[{"embeddable":true,"href":"https:\/\/radioinfinitagoya.com.ar\/v1\/wp-json\/wp\/v2\/comments?post=210303"}],"version-history":[{"count":0,"href":"https:\/\/radioinfinitagoya.com.ar\/v1\/wp-json\/wp\/v2\/posts\/210303\/revisions"}],"wp:featuredmedia":[{"embeddable":true,"href":"https:\/\/radioinfinitagoya.com.ar\/v1\/wp-json\/wp\/v2\/media\/210304"}],"wp:attachment":[{"href":"https:\/\/radioinfinitagoya.com.ar\/v1\/wp-json\/wp\/v2\/media?parent=210303"}],"wp:term":[{"taxonomy":"category","embeddable":true,"href":"https:\/\/radioinfinitagoya.com.ar\/v1\/wp-json\/wp\/v2\/categories?post=210303"},{"taxonomy":"post_tag","embeddable":true,"href":"https:\/\/radioinfinitagoya.com.ar\/v1\/wp-json\/wp\/v2\/tags?post=210303"}],"curies":[{"name":"wp","href":"https:\/\/api.w.org\/{rel}","templated":true}]}}