{"id":210306,"date":"2026-03-16T15:53:23","date_gmt":"2026-03-16T18:53:23","guid":{"rendered":"https:\/\/radioinfinitagoya.com.ar\/v1\/?p=210306"},"modified":"2026-03-16T15:53:23","modified_gmt":"2026-03-16T18:53:23","slug":"convocan-a-asamblea-general-ordinaria-barrio-juan-bautista-alberdi","status":"publish","type":"post","link":"https:\/\/radioinfinitagoya.com.ar\/v1\/2026\/03\/16\/convocan-a-asamblea-general-ordinaria-barrio-juan-bautista-alberdi\/","title":{"rendered":"Convocan a Asamblea General Ordinaria Barrio Juan Bautista Alberdi"},"content":{"rendered":"<p>La Comisi\u00f3n Directiva del Consejo Vecinal del &#8220;Barrio Juan Bautista Alberdi\u201d convoca, de acuerdo a lo establecido en el Estatuto del Consejo Vecinal para el d\u00eda viernes 27 de marzo de 2026. a las 20:00 horas fijando lugar en Calle Alberdi N\u00b0 317, a los Vecinos habitantes dentro de su Jurisdicci\u00f3n, fijada por la Municipalidad de Goya &#8211; Resoluci\u00f3n Municipal N\u00b0 1.071 de fecha 11\/04\/02, A ASAMBLEA GENERAL ORDINARIA &#8211; C.D. para tratar el siguiente:<\/p>\n<p>ORDEN DEL D\u00cdA<\/p>\n<p>1\u00b0-Lectura del Acta de Convocatoria,<\/p>\n<p>2\u00b0- Elecci\u00f3n del Presidente y Secretario de la Asamblea General Ordinaria y de dos Vecinos para firmar el Acta de la misma.<\/p>\n<p>3\u00b0- Consideraci\u00f3n del Padr\u00f3n de Vecinos.<\/p>\n<p>4\u00b0- Lectura, Consideraci\u00f3n y Aprobaci\u00f3n de la Memoria de la Presidencia a\u00f1os 2022, 2023, 2024 y 2025.<\/p>\n<p>5\u00b0- Lectura, Consideraci\u00f3n y Aprobaci\u00f3n del Informe de Tesorer\u00eda a\u00f1os 2022, 2023, 2024 y 2025.<\/p>\n<p>6\u00b0- Elecci\u00f3n de nuevas Autoridades de Comisi\u00f3n Directiva y Comisi\u00f3n Revisora de Cuentas, por Vencimiento de Mandato.<\/p>\n<p>7\u00b0-Libre uso de la palabra.<\/p>\n<p>Pasado treinta minutos de la hora convocada, la Asamblea General Ordinaria sesionar\u00e1 con los Vecinos presentes.<\/p>\n","protected":false},"excerpt":{"rendered":"<p>La Comisi\u00f3n Directiva del Consejo Vecinal del &#8220;Barrio Juan Bautista Alberdi\u201d convoca, de acuerdo a lo establecido en el Estatuto del Consejo Vecinal para el d\u00eda viernes 27 de marzo de 2026. a las 20:00 horas fijando lugar en Calle Alberdi N\u00b0 317, a los Vecinos habitantes dentro de su Jurisdicci\u00f3n, fijada por la Municipalidad [&hellip;]<\/p>\n","protected":false},"author":4,"featured_media":210307,"comment_status":"open","ping_status":"open","sticky":false,"template":"","format":"standard","meta":{"_joinchat":[],"footnotes":""},"categories":[27],"tags":[],"class_list":{"0":"post-210306","1":"post","2":"type-post","3":"status-publish","4":"format-standard","5":"has-post-thumbnail","7":"category-locales"},"yoast_head":"<!-- This site is optimized with the Yoast SEO plugin v27.2 - https:\/\/yoast.com\/product\/yoast-seo-wordpress\/ -->\n<title>Convocan a Asamblea General Ordinaria Barrio Juan Bautista Alberdi - Radio Infinita Goya<\/title>\n<meta name=\"description\" content=\"La Comisi\u00f3n Directiva del Consejo Vecinal del &quot;Barrio Juan Bautista Alberdi\u201d convoca, de acuerdo a lo establecido en el Estatuto del Consejo Vecinal para\" \/>\n<meta name=\"robots\" content=\"index, follow, max-snippet:-1, max-image-preview:large, max-video-preview:-1\" \/>\n<link rel=\"canonical\" href=\"https:\/\/radioinfinitagoya.com.ar\/v1\/2026\/03\/16\/convocan-a-asamblea-general-ordinaria-barrio-juan-bautista-alberdi\/\" \/>\n<meta property=\"og:locale\" content=\"es_ES\" \/>\n<meta property=\"og:type\" content=\"article\" \/>\n<meta property=\"og:title\" content=\"Convocan a Asamblea General Ordinaria Barrio Juan Bautista Alberdi - Radio Infinita Goya\" \/>\n<meta property=\"og:description\" content=\"La Comisi\u00f3n Directiva del Consejo Vecinal del &quot;Barrio Juan Bautista Alberdi\u201d convoca, de acuerdo a lo establecido en el Estatuto del Consejo Vecinal para\" \/>\n<meta property=\"og:url\" content=\"https:\/\/radioinfinitagoya.com.ar\/v1\/2026\/03\/16\/convocan-a-asamblea-general-ordinaria-barrio-juan-bautista-alberdi\/\" \/>\n<meta property=\"og:site_name\" content=\"Radio Infinita Goya\" \/>\n<meta property=\"article:publisher\" content=\"https:\/\/www.facebook.com\/p\/Infinita-Goya-100063870918311\/\" \/>\n<meta property=\"article:published_time\" content=\"2026-03-16T18:53:23+00:00\" \/>\n<meta property=\"og:image\" content=\"https:\/\/radioinfinitagoya.com.ar\/v1\/wp-content\/uploads\/2026\/03\/asambl.jpg\" \/>\n\t<meta property=\"og:image:width\" content=\"848\" \/>\n\t<meta property=\"og:image:height\" content=\"477\" \/>\n\t<meta property=\"og:image:type\" content=\"image\/jpeg\" \/>\n<meta name=\"author\" content=\"Jorge Mi\u00f1o\" \/>\n<meta name=\"twitter:card\" content=\"summary_large_image\" \/>\n<meta name=\"twitter:label1\" content=\"Escrito por\" \/>\n\t<meta name=\"twitter:data1\" content=\"Jorge Mi\u00f1o\" \/>\n\t<meta name=\"twitter:label2\" content=\"Tiempo de lectura\" \/>\n\t<meta name=\"twitter:data2\" content=\"2 minutos\" \/>\n<script type=\"application\/ld+json\" class=\"yoast-schema-graph\">{\"@context\":\"https:\/\/schema.org\",\"@graph\":[{\"@type\":\"Article\",\"@id\":\"https:\/\/radioinfinitagoya.com.ar\/v1\/2026\/03\/16\/convocan-a-asamblea-general-ordinaria-barrio-juan-bautista-alberdi\/#article\",\"isPartOf\":{\"@id\":\"https:\/\/radioinfinitagoya.com.ar\/v1\/2026\/03\/16\/convocan-a-asamblea-general-ordinaria-barrio-juan-bautista-alberdi\/\"},\"author\":{\"name\":\"Jorge Mi\u00f1o\",\"@id\":\"https:\/\/radioinfinitagoya.com.ar\/v1\/#\/schema\/person\/d4cf9c413d4f6edb24aabdccab49ca4a\"},\"headline\":\"Convocan a Asamblea General Ordinaria Barrio Juan Bautista Alberdi\",\"datePublished\":\"2026-03-16T18:53:23+00:00\",\"mainEntityOfPage\":{\"@id\":\"https:\/\/radioinfinitagoya.com.ar\/v1\/2026\/03\/16\/convocan-a-asamblea-general-ordinaria-barrio-juan-bautista-alberdi\/\"},\"wordCount\":195,\"commentCount\":0,\"publisher\":{\"@id\":\"https:\/\/radioinfinitagoya.com.ar\/v1\/#organization\"},\"image\":{\"@id\":\"https:\/\/radioinfinitagoya.com.ar\/v1\/2026\/03\/16\/convocan-a-asamblea-general-ordinaria-barrio-juan-bautista-alberdi\/#primaryimage\"},\"thumbnailUrl\":\"https:\/\/radioinfinitagoya.com.ar\/v1\/wp-content\/uploads\/2026\/03\/asambl.jpg\",\"articleSection\":[\"LOCALES\"],\"inLanguage\":\"es-AR\",\"potentialAction\":[{\"@type\":\"CommentAction\",\"name\":\"Comment\",\"target\":[\"https:\/\/radioinfinitagoya.com.ar\/v1\/2026\/03\/16\/convocan-a-asamblea-general-ordinaria-barrio-juan-bautista-alberdi\/#respond\"]}]},{\"@type\":\"WebPage\",\"@id\":\"https:\/\/radioinfinitagoya.com.ar\/v1\/2026\/03\/16\/convocan-a-asamblea-general-ordinaria-barrio-juan-bautista-alberdi\/\",\"url\":\"https:\/\/radioinfinitagoya.com.ar\/v1\/2026\/03\/16\/convocan-a-asamblea-general-ordinaria-barrio-juan-bautista-alberdi\/\",\"name\":\"Convocan a Asamblea General Ordinaria Barrio Juan Bautista Alberdi - Radio Infinita Goya\",\"isPartOf\":{\"@id\":\"https:\/\/radioinfinitagoya.com.ar\/v1\/#website\"},\"primaryImageOfPage\":{\"@id\":\"https:\/\/radioinfinitagoya.com.ar\/v1\/2026\/03\/16\/convocan-a-asamblea-general-ordinaria-barrio-juan-bautista-alberdi\/#primaryimage\"},\"image\":{\"@id\":\"https:\/\/radioinfinitagoya.com.ar\/v1\/2026\/03\/16\/convocan-a-asamblea-general-ordinaria-barrio-juan-bautista-alberdi\/#primaryimage\"},\"thumbnailUrl\":\"https:\/\/radioinfinitagoya.com.ar\/v1\/wp-content\/uploads\/2026\/03\/asambl.jpg\",\"datePublished\":\"2026-03-16T18:53:23+00:00\",\"description\":\"La Comisi\u00f3n Directiva del Consejo Vecinal del \\\"Barrio Juan Bautista Alberdi\u201d convoca, de acuerdo a lo establecido en el Estatuto del Consejo Vecinal para\",\"breadcrumb\":{\"@id\":\"https:\/\/radioinfinitagoya.com.ar\/v1\/2026\/03\/16\/convocan-a-asamblea-general-ordinaria-barrio-juan-bautista-alberdi\/#breadcrumb\"},\"inLanguage\":\"es-AR\",\"potentialAction\":[{\"@type\":\"ReadAction\",\"target\":[\"https:\/\/radioinfinitagoya.com.ar\/v1\/2026\/03\/16\/convocan-a-asamblea-general-ordinaria-barrio-juan-bautista-alberdi\/\"]}]},{\"@type\":\"ImageObject\",\"inLanguage\":\"es-AR\",\"@id\":\"https:\/\/radioinfinitagoya.com.ar\/v1\/2026\/03\/16\/convocan-a-asamblea-general-ordinaria-barrio-juan-bautista-alberdi\/#primaryimage\",\"url\":\"https:\/\/radioinfinitagoya.com.ar\/v1\/wp-content\/uploads\/2026\/03\/asambl.jpg\",\"contentUrl\":\"https:\/\/radioinfinitagoya.com.ar\/v1\/wp-content\/uploads\/2026\/03\/asambl.jpg\",\"width\":848,\"height\":477},{\"@type\":\"BreadcrumbList\",\"@id\":\"https:\/\/radioinfinitagoya.com.ar\/v1\/2026\/03\/16\/convocan-a-asamblea-general-ordinaria-barrio-juan-bautista-alberdi\/#breadcrumb\",\"itemListElement\":[{\"@type\":\"ListItem\",\"position\":1,\"name\":\"Inicio\",\"item\":\"https:\/\/radioinfinitagoya.com.ar\/v1\/\"},{\"@type\":\"ListItem\",\"position\":2,\"name\":\"Convocan a Asamblea General Ordinaria Barrio Juan Bautista Alberdi\"}]},{\"@type\":\"WebSite\",\"@id\":\"https:\/\/radioinfinitagoya.com.ar\/v1\/#website\",\"url\":\"https:\/\/radioinfinitagoya.com.ar\/v1\/\",\"name\":\"radioinfinitagoya.com.ar\",\"description\":\"Radio de noticias\",\"publisher\":{\"@id\":\"https:\/\/radioinfinitagoya.com.ar\/v1\/#organization\"},\"potentialAction\":[{\"@type\":\"SearchAction\",\"target\":{\"@type\":\"EntryPoint\",\"urlTemplate\":\"https:\/\/radioinfinitagoya.com.ar\/v1\/?s={search_term_string}\"},\"query-input\":{\"@type\":\"PropertyValueSpecification\",\"valueRequired\":true,\"valueName\":\"search_term_string\"}}],\"inLanguage\":\"es-AR\"},{\"@type\":\"Organization\",\"@id\":\"https:\/\/radioinfinitagoya.com.ar\/v1\/#organization\",\"name\":\"Radio Infinita Goya\",\"url\":\"https:\/\/radioinfinitagoya.com.ar\/v1\/\",\"logo\":{\"@type\":\"ImageObject\",\"inLanguage\":\"es-AR\",\"@id\":\"https:\/\/radioinfinitagoya.com.ar\/v1\/#\/schema\/logo\/image\/\",\"url\":\"https:\/\/radioinfinitagoya.com.ar\/v1\/wp-content\/uploads\/2019\/11\/logo-pie-web.png\",\"contentUrl\":\"https:\/\/radioinfinitagoya.com.ar\/v1\/wp-content\/uploads\/2019\/11\/logo-pie-web.png\",\"width\":635,\"height\":326,\"caption\":\"Radio Infinita Goya\"},\"image\":{\"@id\":\"https:\/\/radioinfinitagoya.com.ar\/v1\/#\/schema\/logo\/image\/\"},\"sameAs\":[\"https:\/\/www.facebook.com\/p\/Infinita-Goya-100063870918311\/\"]},{\"@type\":\"Person\",\"@id\":\"https:\/\/radioinfinitagoya.com.ar\/v1\/#\/schema\/person\/d4cf9c413d4f6edb24aabdccab49ca4a\",\"name\":\"Jorge Mi\u00f1o\",\"image\":{\"@type\":\"ImageObject\",\"inLanguage\":\"es-AR\",\"@id\":\"https:\/\/secure.gravatar.com\/avatar\/910fcf6728fe95320e07a6643c1581fec1c7fc4bf8ae12e3d8f0d0373dc844be?s=96&d=mm&r=g\",\"url\":\"https:\/\/secure.gravatar.com\/avatar\/910fcf6728fe95320e07a6643c1581fec1c7fc4bf8ae12e3d8f0d0373dc844be?s=96&d=mm&r=g\",\"contentUrl\":\"https:\/\/secure.gravatar.com\/avatar\/910fcf6728fe95320e07a6643c1581fec1c7fc4bf8ae12e3d8f0d0373dc844be?s=96&d=mm&r=g\",\"caption\":\"Jorge Mi\u00f1o\"},\"sameAs\":[\"http:\/\/radioinfinitagoya.com.ar\"]}]}<\/script>\n<!-- \/ Yoast SEO plugin. -->","yoast_head_json":{"title":"Convocan a Asamblea General Ordinaria Barrio Juan Bautista Alberdi - Radio Infinita Goya","description":"La Comisi\u00f3n Directiva del Consejo Vecinal del \"Barrio Juan Bautista Alberdi\u201d convoca, de acuerdo a lo establecido en el Estatuto del Consejo Vecinal para","robots":{"index":"index","follow":"follow","max-snippet":"max-snippet:-1","max-image-preview":"max-image-preview:large","max-video-preview":"max-video-preview:-1"},"canonical":"https:\/\/radioinfinitagoya.com.ar\/v1\/2026\/03\/16\/convocan-a-asamblea-general-ordinaria-barrio-juan-bautista-alberdi\/","og_locale":"es_ES","og_type":"article","og_title":"Convocan a Asamblea General Ordinaria Barrio Juan Bautista Alberdi - Radio Infinita Goya","og_description":"La Comisi\u00f3n Directiva del Consejo Vecinal del \"Barrio Juan Bautista Alberdi\u201d convoca, de acuerdo a lo establecido en el Estatuto del Consejo Vecinal para","og_url":"https:\/\/radioinfinitagoya.com.ar\/v1\/2026\/03\/16\/convocan-a-asamblea-general-ordinaria-barrio-juan-bautista-alberdi\/","og_site_name":"Radio Infinita Goya","article_publisher":"https:\/\/www.facebook.com\/p\/Infinita-Goya-100063870918311\/","article_published_time":"2026-03-16T18:53:23+00:00","og_image":[{"width":848,"height":477,"url":"https:\/\/radioinfinitagoya.com.ar\/v1\/wp-content\/uploads\/2026\/03\/asambl.jpg","type":"image\/jpeg"}],"author":"Jorge Mi\u00f1o","twitter_card":"summary_large_image","twitter_misc":{"Escrito por":"Jorge Mi\u00f1o","Tiempo de lectura":"2 minutos"},"schema":{"@context":"https:\/\/schema.org","@graph":[{"@type":"Article","@id":"https:\/\/radioinfinitagoya.com.ar\/v1\/2026\/03\/16\/convocan-a-asamblea-general-ordinaria-barrio-juan-bautista-alberdi\/#article","isPartOf":{"@id":"https:\/\/radioinfinitagoya.com.ar\/v1\/2026\/03\/16\/convocan-a-asamblea-general-ordinaria-barrio-juan-bautista-alberdi\/"},"author":{"name":"Jorge Mi\u00f1o","@id":"https:\/\/radioinfinitagoya.com.ar\/v1\/#\/schema\/person\/d4cf9c413d4f6edb24aabdccab49ca4a"},"headline":"Convocan a Asamblea General Ordinaria Barrio Juan Bautista Alberdi","datePublished":"2026-03-16T18:53:23+00:00","mainEntityOfPage":{"@id":"https:\/\/radioinfinitagoya.com.ar\/v1\/2026\/03\/16\/convocan-a-asamblea-general-ordinaria-barrio-juan-bautista-alberdi\/"},"wordCount":195,"commentCount":0,"publisher":{"@id":"https:\/\/radioinfinitagoya.com.ar\/v1\/#organization"},"image":{"@id":"https:\/\/radioinfinitagoya.com.ar\/v1\/2026\/03\/16\/convocan-a-asamblea-general-ordinaria-barrio-juan-bautista-alberdi\/#primaryimage"},"thumbnailUrl":"https:\/\/radioinfinitagoya.com.ar\/v1\/wp-content\/uploads\/2026\/03\/asambl.jpg","articleSection":["LOCALES"],"inLanguage":"es-AR","potentialAction":[{"@type":"CommentAction","name":"Comment","target":["https:\/\/radioinfinitagoya.com.ar\/v1\/2026\/03\/16\/convocan-a-asamblea-general-ordinaria-barrio-juan-bautista-alberdi\/#respond"]}]},{"@type":"WebPage","@id":"https:\/\/radioinfinitagoya.com.ar\/v1\/2026\/03\/16\/convocan-a-asamblea-general-ordinaria-barrio-juan-bautista-alberdi\/","url":"https:\/\/radioinfinitagoya.com.ar\/v1\/2026\/03\/16\/convocan-a-asamblea-general-ordinaria-barrio-juan-bautista-alberdi\/","name":"Convocan a Asamblea General Ordinaria Barrio Juan Bautista Alberdi - Radio Infinita Goya","isPartOf":{"@id":"https:\/\/radioinfinitagoya.com.ar\/v1\/#website"},"primaryImageOfPage":{"@id":"https:\/\/radioinfinitagoya.com.ar\/v1\/2026\/03\/16\/convocan-a-asamblea-general-ordinaria-barrio-juan-bautista-alberdi\/#primaryimage"},"image":{"@id":"https:\/\/radioinfinitagoya.com.ar\/v1\/2026\/03\/16\/convocan-a-asamblea-general-ordinaria-barrio-juan-bautista-alberdi\/#primaryimage"},"thumbnailUrl":"https:\/\/radioinfinitagoya.com.ar\/v1\/wp-content\/uploads\/2026\/03\/asambl.jpg","datePublished":"2026-03-16T18:53:23+00:00","description":"La Comisi\u00f3n Directiva del Consejo Vecinal del \"Barrio Juan Bautista Alberdi\u201d convoca, de acuerdo a lo establecido en el Estatuto del Consejo Vecinal para","breadcrumb":{"@id":"https:\/\/radioinfinitagoya.com.ar\/v1\/2026\/03\/16\/convocan-a-asamblea-general-ordinaria-barrio-juan-bautista-alberdi\/#breadcrumb"},"inLanguage":"es-AR","potentialAction":[{"@type":"ReadAction","target":["https:\/\/radioinfinitagoya.com.ar\/v1\/2026\/03\/16\/convocan-a-asamblea-general-ordinaria-barrio-juan-bautista-alberdi\/"]}]},{"@type":"ImageObject","inLanguage":"es-AR","@id":"https:\/\/radioinfinitagoya.com.ar\/v1\/2026\/03\/16\/convocan-a-asamblea-general-ordinaria-barrio-juan-bautista-alberdi\/#primaryimage","url":"https:\/\/radioinfinitagoya.com.ar\/v1\/wp-content\/uploads\/2026\/03\/asambl.jpg","contentUrl":"https:\/\/radioinfinitagoya.com.ar\/v1\/wp-content\/uploads\/2026\/03\/asambl.jpg","width":848,"height":477},{"@type":"BreadcrumbList","@id":"https:\/\/radioinfinitagoya.com.ar\/v1\/2026\/03\/16\/convocan-a-asamblea-general-ordinaria-barrio-juan-bautista-alberdi\/#breadcrumb","itemListElement":[{"@type":"ListItem","position":1,"name":"Inicio","item":"https:\/\/radioinfinitagoya.com.ar\/v1\/"},{"@type":"ListItem","position":2,"name":"Convocan a Asamblea General Ordinaria Barrio Juan Bautista Alberdi"}]},{"@type":"WebSite","@id":"https:\/\/radioinfinitagoya.com.ar\/v1\/#website","url":"https:\/\/radioinfinitagoya.com.ar\/v1\/","name":"radioinfinitagoya.com.ar","description":"Radio de noticias","publisher":{"@id":"https:\/\/radioinfinitagoya.com.ar\/v1\/#organization"},"potentialAction":[{"@type":"SearchAction","target":{"@type":"EntryPoint","urlTemplate":"https:\/\/radioinfinitagoya.com.ar\/v1\/?s={search_term_string}"},"query-input":{"@type":"PropertyValueSpecification","valueRequired":true,"valueName":"search_term_string"}}],"inLanguage":"es-AR"},{"@type":"Organization","@id":"https:\/\/radioinfinitagoya.com.ar\/v1\/#organization","name":"Radio Infinita Goya","url":"https:\/\/radioinfinitagoya.com.ar\/v1\/","logo":{"@type":"ImageObject","inLanguage":"es-AR","@id":"https:\/\/radioinfinitagoya.com.ar\/v1\/#\/schema\/logo\/image\/","url":"https:\/\/radioinfinitagoya.com.ar\/v1\/wp-content\/uploads\/2019\/11\/logo-pie-web.png","contentUrl":"https:\/\/radioinfinitagoya.com.ar\/v1\/wp-content\/uploads\/2019\/11\/logo-pie-web.png","width":635,"height":326,"caption":"Radio Infinita Goya"},"image":{"@id":"https:\/\/radioinfinitagoya.com.ar\/v1\/#\/schema\/logo\/image\/"},"sameAs":["https:\/\/www.facebook.com\/p\/Infinita-Goya-100063870918311\/"]},{"@type":"Person","@id":"https:\/\/radioinfinitagoya.com.ar\/v1\/#\/schema\/person\/d4cf9c413d4f6edb24aabdccab49ca4a","name":"Jorge Mi\u00f1o","image":{"@type":"ImageObject","inLanguage":"es-AR","@id":"https:\/\/secure.gravatar.com\/avatar\/910fcf6728fe95320e07a6643c1581fec1c7fc4bf8ae12e3d8f0d0373dc844be?s=96&d=mm&r=g","url":"https:\/\/secure.gravatar.com\/avatar\/910fcf6728fe95320e07a6643c1581fec1c7fc4bf8ae12e3d8f0d0373dc844be?s=96&d=mm&r=g","contentUrl":"https:\/\/secure.gravatar.com\/avatar\/910fcf6728fe95320e07a6643c1581fec1c7fc4bf8ae12e3d8f0d0373dc844be?s=96&d=mm&r=g","caption":"Jorge Mi\u00f1o"},"sameAs":["http:\/\/radioinfinitagoya.com.ar"]}]}},"_links":{"self":[{"href":"https:\/\/radioinfinitagoya.com.ar\/v1\/wp-json\/wp\/v2\/posts\/210306","targetHints":{"allow":["GET"]}}],"collection":[{"href":"https:\/\/radioinfinitagoya.com.ar\/v1\/wp-json\/wp\/v2\/posts"}],"about":[{"href":"https:\/\/radioinfinitagoya.com.ar\/v1\/wp-json\/wp\/v2\/types\/post"}],"author":[{"embeddable":true,"href":"https:\/\/radioinfinitagoya.com.ar\/v1\/wp-json\/wp\/v2\/users\/4"}],"replies":[{"embeddable":true,"href":"https:\/\/radioinfinitagoya.com.ar\/v1\/wp-json\/wp\/v2\/comments?post=210306"}],"version-history":[{"count":0,"href":"https:\/\/radioinfinitagoya.com.ar\/v1\/wp-json\/wp\/v2\/posts\/210306\/revisions"}],"wp:featuredmedia":[{"embeddable":true,"href":"https:\/\/radioinfinitagoya.com.ar\/v1\/wp-json\/wp\/v2\/media\/210307"}],"wp:attachment":[{"href":"https:\/\/radioinfinitagoya.com.ar\/v1\/wp-json\/wp\/v2\/media?parent=210306"}],"wp:term":[{"taxonomy":"category","embeddable":true,"href":"https:\/\/radioinfinitagoya.com.ar\/v1\/wp-json\/wp\/v2\/categories?post=210306"},{"taxonomy":"post_tag","embeddable":true,"href":"https:\/\/radioinfinitagoya.com.ar\/v1\/wp-json\/wp\/v2\/tags?post=210306"}],"curies":[{"name":"wp","href":"https:\/\/api.w.org\/{rel}","templated":true}]}}