{"id":210312,"date":"2026-03-16T16:01:08","date_gmt":"2026-03-16T19:01:08","guid":{"rendered":"https:\/\/radioinfinitagoya.com.ar\/v1\/?p=210312"},"modified":"2026-03-16T16:01:08","modified_gmt":"2026-03-16T19:01:08","slug":"se-dispararon-los-precios-del-gas-en-garrafa-en-corrientes-los-nuevos-valores","status":"publish","type":"post","link":"https:\/\/radioinfinitagoya.com.ar\/v1\/2026\/03\/16\/se-dispararon-los-precios-del-gas-en-garrafa-en-corrientes-los-nuevos-valores\/","title":{"rendered":"Se dispararon los precios del gas en garrafa en Corrientes: los nuevos valores"},"content":{"rendered":"<p>Un nuevo incremento en las tarifas del gas envasado golpea el bolsillo de los consumidores correntinos. Desde el pasado fin de semana, distintas distribuidoras actualizaron sus listas de precios, para las garrafas de 10, 15 y 45 kilos.<\/p>\n<p>El mercado del gas envasado en Corrientes registr\u00f3 un nuevo salto en sus costos operativos durante el \u00faltimo fin de semana. Seg\u00fan confirmaron distribuidores locales, las subas comenzaron a aplicarse de manera escalonada entre viernes y s\u00e1bado, impactando directamente en los precios de los centros de distribuci\u00f3n.<\/p>\n<p>La din\u00e1mica del sector muestra una notable dispersi\u00f3n de valores, donde el precio final al consumidor depende no solo de la firma proveedora, sino tambi\u00e9n de la log\u00edstica necesaria para el traslado a cada hogar.<\/p>\n<p>Comparativa de valores en planta<br \/>\nLas actualizaciones de precios presentan una brecha considerable entre las distintas empresas que operan en la capital correntina. A continuaci\u00f3n, el detalle de los valores vigentes al momento del retiro en planta:<\/p>\n<p>Garrafa Amarilla Gas (retiro en planta)<br \/>\n10 kilos $18.500<br \/>\n15 kilos $28.000<br \/>\n45 kilos $74.000<\/p>\n<p>Simogas (retiro en planta)<\/p>\n<p>10 Kilos $28.000<br \/>\n45 kilos $85.000<\/p>\n<p>Factores que inciden en el precio final<\/p>\n<p>Desde las distribuidoras explicaron que el costo del producto est\u00e1 atado a diversos factores que var\u00edan seg\u00fan la firma. La log\u00edstica, los gastos operativos y el margen de distribuci\u00f3n son los principales componentes que explican la diferencia de precios observada entre una empresa y otra.<\/p>\n<p>Adem\u00e1s, los usuarios deben considerar que estos montos corresponden \u00fanicamente al valor en planta. En caso de solicitar el servicio de entrega a domicilio, el precio final experimenta un nuevo incremento, debido al costo del traslado hasta el punto de entrega.<\/p>\n","protected":false},"excerpt":{"rendered":"<p>Un nuevo incremento en las tarifas del gas envasado golpea el bolsillo de los consumidores correntinos. Desde el pasado fin de semana, distintas distribuidoras actualizaron sus listas de precios, para las garrafas de 10, 15 y 45 kilos. El mercado del gas envasado en Corrientes registr\u00f3 un nuevo salto en sus costos operativos durante el [&hellip;]<\/p>\n","protected":false},"author":4,"featured_media":210313,"comment_status":"open","ping_status":"open","sticky":false,"template":"","format":"standard","meta":{"_joinchat":[],"footnotes":""},"categories":[26],"tags":[],"class_list":{"0":"post-210312","1":"post","2":"type-post","3":"status-publish","4":"format-standard","5":"has-post-thumbnail","7":"category-provinciales"},"yoast_head":"<!-- This site is optimized with the Yoast SEO plugin v27.2 - https:\/\/yoast.com\/product\/yoast-seo-wordpress\/ -->\n<title>Se dispararon los precios del gas en garrafa en Corrientes: los nuevos valores - Radio Infinita Goya<\/title>\n<meta name=\"description\" content=\"Un nuevo incremento en las tarifas del gas envasado golpea el bolsillo de los consumidores correntinos. Desde el pasado fin de semana, distintas\" \/>\n<meta name=\"robots\" content=\"index, follow, max-snippet:-1, max-image-preview:large, max-video-preview:-1\" \/>\n<link rel=\"canonical\" href=\"https:\/\/radioinfinitagoya.com.ar\/v1\/2026\/03\/16\/se-dispararon-los-precios-del-gas-en-garrafa-en-corrientes-los-nuevos-valores\/\" \/>\n<meta property=\"og:locale\" content=\"es_ES\" \/>\n<meta property=\"og:type\" content=\"article\" \/>\n<meta property=\"og:title\" content=\"Se dispararon los precios del gas en garrafa en Corrientes: los nuevos valores - Radio Infinita Goya\" \/>\n<meta property=\"og:description\" content=\"Un nuevo incremento en las tarifas del gas envasado golpea el bolsillo de los consumidores correntinos. Desde el pasado fin de semana, distintas\" \/>\n<meta property=\"og:url\" content=\"https:\/\/radioinfinitagoya.com.ar\/v1\/2026\/03\/16\/se-dispararon-los-precios-del-gas-en-garrafa-en-corrientes-los-nuevos-valores\/\" \/>\n<meta property=\"og:site_name\" content=\"Radio Infinita Goya\" \/>\n<meta property=\"article:publisher\" content=\"https:\/\/www.facebook.com\/p\/Infinita-Goya-100063870918311\/\" \/>\n<meta property=\"article:published_time\" content=\"2026-03-16T19:01:08+00:00\" \/>\n<meta property=\"og:image\" content=\"https:\/\/radioinfinitagoya.com.ar\/v1\/wp-content\/uploads\/2026\/03\/1773664674115.webp\" \/>\n\t<meta property=\"og:image:width\" content=\"1200\" \/>\n\t<meta property=\"og:image:height\" content=\"675\" \/>\n\t<meta property=\"og:image:type\" content=\"image\/webp\" \/>\n<meta name=\"author\" content=\"Jorge Mi\u00f1o\" \/>\n<meta name=\"twitter:card\" content=\"summary_large_image\" \/>\n<meta name=\"twitter:label1\" content=\"Escrito por\" \/>\n\t<meta name=\"twitter:data1\" content=\"Jorge Mi\u00f1o\" \/>\n\t<meta name=\"twitter:label2\" content=\"Tiempo de lectura\" \/>\n\t<meta name=\"twitter:data2\" content=\"2 minutos\" \/>\n<script type=\"application\/ld+json\" class=\"yoast-schema-graph\">{\"@context\":\"https:\/\/schema.org\",\"@graph\":[{\"@type\":\"Article\",\"@id\":\"https:\/\/radioinfinitagoya.com.ar\/v1\/2026\/03\/16\/se-dispararon-los-precios-del-gas-en-garrafa-en-corrientes-los-nuevos-valores\/#article\",\"isPartOf\":{\"@id\":\"https:\/\/radioinfinitagoya.com.ar\/v1\/2026\/03\/16\/se-dispararon-los-precios-del-gas-en-garrafa-en-corrientes-los-nuevos-valores\/\"},\"author\":{\"name\":\"Jorge Mi\u00f1o\",\"@id\":\"https:\/\/radioinfinitagoya.com.ar\/v1\/#\/schema\/person\/d4cf9c413d4f6edb24aabdccab49ca4a\"},\"headline\":\"Se dispararon los precios del gas en garrafa en Corrientes: los nuevos valores\",\"datePublished\":\"2026-03-16T19:01:08+00:00\",\"mainEntityOfPage\":{\"@id\":\"https:\/\/radioinfinitagoya.com.ar\/v1\/2026\/03\/16\/se-dispararon-los-precios-del-gas-en-garrafa-en-corrientes-los-nuevos-valores\/\"},\"wordCount\":288,\"commentCount\":0,\"publisher\":{\"@id\":\"https:\/\/radioinfinitagoya.com.ar\/v1\/#organization\"},\"image\":{\"@id\":\"https:\/\/radioinfinitagoya.com.ar\/v1\/2026\/03\/16\/se-dispararon-los-precios-del-gas-en-garrafa-en-corrientes-los-nuevos-valores\/#primaryimage\"},\"thumbnailUrl\":\"https:\/\/radioinfinitagoya.com.ar\/v1\/wp-content\/uploads\/2026\/03\/1773664674115.webp\",\"articleSection\":[\"PROVINCIALES\"],\"inLanguage\":\"es-AR\",\"potentialAction\":[{\"@type\":\"CommentAction\",\"name\":\"Comment\",\"target\":[\"https:\/\/radioinfinitagoya.com.ar\/v1\/2026\/03\/16\/se-dispararon-los-precios-del-gas-en-garrafa-en-corrientes-los-nuevos-valores\/#respond\"]}]},{\"@type\":\"WebPage\",\"@id\":\"https:\/\/radioinfinitagoya.com.ar\/v1\/2026\/03\/16\/se-dispararon-los-precios-del-gas-en-garrafa-en-corrientes-los-nuevos-valores\/\",\"url\":\"https:\/\/radioinfinitagoya.com.ar\/v1\/2026\/03\/16\/se-dispararon-los-precios-del-gas-en-garrafa-en-corrientes-los-nuevos-valores\/\",\"name\":\"Se dispararon los precios del gas en garrafa en Corrientes: los nuevos valores - Radio Infinita Goya\",\"isPartOf\":{\"@id\":\"https:\/\/radioinfinitagoya.com.ar\/v1\/#website\"},\"primaryImageOfPage\":{\"@id\":\"https:\/\/radioinfinitagoya.com.ar\/v1\/2026\/03\/16\/se-dispararon-los-precios-del-gas-en-garrafa-en-corrientes-los-nuevos-valores\/#primaryimage\"},\"image\":{\"@id\":\"https:\/\/radioinfinitagoya.com.ar\/v1\/2026\/03\/16\/se-dispararon-los-precios-del-gas-en-garrafa-en-corrientes-los-nuevos-valores\/#primaryimage\"},\"thumbnailUrl\":\"https:\/\/radioinfinitagoya.com.ar\/v1\/wp-content\/uploads\/2026\/03\/1773664674115.webp\",\"datePublished\":\"2026-03-16T19:01:08+00:00\",\"description\":\"Un nuevo incremento en las tarifas del gas envasado golpea el bolsillo de los consumidores correntinos. Desde el pasado fin de semana, distintas\",\"breadcrumb\":{\"@id\":\"https:\/\/radioinfinitagoya.com.ar\/v1\/2026\/03\/16\/se-dispararon-los-precios-del-gas-en-garrafa-en-corrientes-los-nuevos-valores\/#breadcrumb\"},\"inLanguage\":\"es-AR\",\"potentialAction\":[{\"@type\":\"ReadAction\",\"target\":[\"https:\/\/radioinfinitagoya.com.ar\/v1\/2026\/03\/16\/se-dispararon-los-precios-del-gas-en-garrafa-en-corrientes-los-nuevos-valores\/\"]}]},{\"@type\":\"ImageObject\",\"inLanguage\":\"es-AR\",\"@id\":\"https:\/\/radioinfinitagoya.com.ar\/v1\/2026\/03\/16\/se-dispararon-los-precios-del-gas-en-garrafa-en-corrientes-los-nuevos-valores\/#primaryimage\",\"url\":\"https:\/\/radioinfinitagoya.com.ar\/v1\/wp-content\/uploads\/2026\/03\/1773664674115.webp\",\"contentUrl\":\"https:\/\/radioinfinitagoya.com.ar\/v1\/wp-content\/uploads\/2026\/03\/1773664674115.webp\",\"width\":1200,\"height\":675},{\"@type\":\"BreadcrumbList\",\"@id\":\"https:\/\/radioinfinitagoya.com.ar\/v1\/2026\/03\/16\/se-dispararon-los-precios-del-gas-en-garrafa-en-corrientes-los-nuevos-valores\/#breadcrumb\",\"itemListElement\":[{\"@type\":\"ListItem\",\"position\":1,\"name\":\"Inicio\",\"item\":\"https:\/\/radioinfinitagoya.com.ar\/v1\/\"},{\"@type\":\"ListItem\",\"position\":2,\"name\":\"Se dispararon los precios del gas en garrafa en Corrientes: los nuevos valores\"}]},{\"@type\":\"WebSite\",\"@id\":\"https:\/\/radioinfinitagoya.com.ar\/v1\/#website\",\"url\":\"https:\/\/radioinfinitagoya.com.ar\/v1\/\",\"name\":\"radioinfinitagoya.com.ar\",\"description\":\"Radio de noticias\",\"publisher\":{\"@id\":\"https:\/\/radioinfinitagoya.com.ar\/v1\/#organization\"},\"potentialAction\":[{\"@type\":\"SearchAction\",\"target\":{\"@type\":\"EntryPoint\",\"urlTemplate\":\"https:\/\/radioinfinitagoya.com.ar\/v1\/?s={search_term_string}\"},\"query-input\":{\"@type\":\"PropertyValueSpecification\",\"valueRequired\":true,\"valueName\":\"search_term_string\"}}],\"inLanguage\":\"es-AR\"},{\"@type\":\"Organization\",\"@id\":\"https:\/\/radioinfinitagoya.com.ar\/v1\/#organization\",\"name\":\"Radio Infinita Goya\",\"url\":\"https:\/\/radioinfinitagoya.com.ar\/v1\/\",\"logo\":{\"@type\":\"ImageObject\",\"inLanguage\":\"es-AR\",\"@id\":\"https:\/\/radioinfinitagoya.com.ar\/v1\/#\/schema\/logo\/image\/\",\"url\":\"https:\/\/radioinfinitagoya.com.ar\/v1\/wp-content\/uploads\/2019\/11\/logo-pie-web.png\",\"contentUrl\":\"https:\/\/radioinfinitagoya.com.ar\/v1\/wp-content\/uploads\/2019\/11\/logo-pie-web.png\",\"width\":635,\"height\":326,\"caption\":\"Radio Infinita Goya\"},\"image\":{\"@id\":\"https:\/\/radioinfinitagoya.com.ar\/v1\/#\/schema\/logo\/image\/\"},\"sameAs\":[\"https:\/\/www.facebook.com\/p\/Infinita-Goya-100063870918311\/\"]},{\"@type\":\"Person\",\"@id\":\"https:\/\/radioinfinitagoya.com.ar\/v1\/#\/schema\/person\/d4cf9c413d4f6edb24aabdccab49ca4a\",\"name\":\"Jorge Mi\u00f1o\",\"image\":{\"@type\":\"ImageObject\",\"inLanguage\":\"es-AR\",\"@id\":\"https:\/\/secure.gravatar.com\/avatar\/910fcf6728fe95320e07a6643c1581fec1c7fc4bf8ae12e3d8f0d0373dc844be?s=96&d=mm&r=g\",\"url\":\"https:\/\/secure.gravatar.com\/avatar\/910fcf6728fe95320e07a6643c1581fec1c7fc4bf8ae12e3d8f0d0373dc844be?s=96&d=mm&r=g\",\"contentUrl\":\"https:\/\/secure.gravatar.com\/avatar\/910fcf6728fe95320e07a6643c1581fec1c7fc4bf8ae12e3d8f0d0373dc844be?s=96&d=mm&r=g\",\"caption\":\"Jorge Mi\u00f1o\"},\"sameAs\":[\"http:\/\/radioinfinitagoya.com.ar\"]}]}<\/script>\n<!-- \/ Yoast SEO plugin. -->","yoast_head_json":{"title":"Se dispararon los precios del gas en garrafa en Corrientes: los nuevos valores - Radio Infinita Goya","description":"Un nuevo incremento en las tarifas del gas envasado golpea el bolsillo de los consumidores correntinos. Desde el pasado fin de semana, distintas","robots":{"index":"index","follow":"follow","max-snippet":"max-snippet:-1","max-image-preview":"max-image-preview:large","max-video-preview":"max-video-preview:-1"},"canonical":"https:\/\/radioinfinitagoya.com.ar\/v1\/2026\/03\/16\/se-dispararon-los-precios-del-gas-en-garrafa-en-corrientes-los-nuevos-valores\/","og_locale":"es_ES","og_type":"article","og_title":"Se dispararon los precios del gas en garrafa en Corrientes: los nuevos valores - Radio Infinita Goya","og_description":"Un nuevo incremento en las tarifas del gas envasado golpea el bolsillo de los consumidores correntinos. Desde el pasado fin de semana, distintas","og_url":"https:\/\/radioinfinitagoya.com.ar\/v1\/2026\/03\/16\/se-dispararon-los-precios-del-gas-en-garrafa-en-corrientes-los-nuevos-valores\/","og_site_name":"Radio Infinita Goya","article_publisher":"https:\/\/www.facebook.com\/p\/Infinita-Goya-100063870918311\/","article_published_time":"2026-03-16T19:01:08+00:00","og_image":[{"width":1200,"height":675,"url":"https:\/\/radioinfinitagoya.com.ar\/v1\/wp-content\/uploads\/2026\/03\/1773664674115.webp","type":"image\/webp"}],"author":"Jorge Mi\u00f1o","twitter_card":"summary_large_image","twitter_misc":{"Escrito por":"Jorge Mi\u00f1o","Tiempo de lectura":"2 minutos"},"schema":{"@context":"https:\/\/schema.org","@graph":[{"@type":"Article","@id":"https:\/\/radioinfinitagoya.com.ar\/v1\/2026\/03\/16\/se-dispararon-los-precios-del-gas-en-garrafa-en-corrientes-los-nuevos-valores\/#article","isPartOf":{"@id":"https:\/\/radioinfinitagoya.com.ar\/v1\/2026\/03\/16\/se-dispararon-los-precios-del-gas-en-garrafa-en-corrientes-los-nuevos-valores\/"},"author":{"name":"Jorge Mi\u00f1o","@id":"https:\/\/radioinfinitagoya.com.ar\/v1\/#\/schema\/person\/d4cf9c413d4f6edb24aabdccab49ca4a"},"headline":"Se dispararon los precios del gas en garrafa en Corrientes: los nuevos valores","datePublished":"2026-03-16T19:01:08+00:00","mainEntityOfPage":{"@id":"https:\/\/radioinfinitagoya.com.ar\/v1\/2026\/03\/16\/se-dispararon-los-precios-del-gas-en-garrafa-en-corrientes-los-nuevos-valores\/"},"wordCount":288,"commentCount":0,"publisher":{"@id":"https:\/\/radioinfinitagoya.com.ar\/v1\/#organization"},"image":{"@id":"https:\/\/radioinfinitagoya.com.ar\/v1\/2026\/03\/16\/se-dispararon-los-precios-del-gas-en-garrafa-en-corrientes-los-nuevos-valores\/#primaryimage"},"thumbnailUrl":"https:\/\/radioinfinitagoya.com.ar\/v1\/wp-content\/uploads\/2026\/03\/1773664674115.webp","articleSection":["PROVINCIALES"],"inLanguage":"es-AR","potentialAction":[{"@type":"CommentAction","name":"Comment","target":["https:\/\/radioinfinitagoya.com.ar\/v1\/2026\/03\/16\/se-dispararon-los-precios-del-gas-en-garrafa-en-corrientes-los-nuevos-valores\/#respond"]}]},{"@type":"WebPage","@id":"https:\/\/radioinfinitagoya.com.ar\/v1\/2026\/03\/16\/se-dispararon-los-precios-del-gas-en-garrafa-en-corrientes-los-nuevos-valores\/","url":"https:\/\/radioinfinitagoya.com.ar\/v1\/2026\/03\/16\/se-dispararon-los-precios-del-gas-en-garrafa-en-corrientes-los-nuevos-valores\/","name":"Se dispararon los precios del gas en garrafa en Corrientes: los nuevos valores - Radio Infinita Goya","isPartOf":{"@id":"https:\/\/radioinfinitagoya.com.ar\/v1\/#website"},"primaryImageOfPage":{"@id":"https:\/\/radioinfinitagoya.com.ar\/v1\/2026\/03\/16\/se-dispararon-los-precios-del-gas-en-garrafa-en-corrientes-los-nuevos-valores\/#primaryimage"},"image":{"@id":"https:\/\/radioinfinitagoya.com.ar\/v1\/2026\/03\/16\/se-dispararon-los-precios-del-gas-en-garrafa-en-corrientes-los-nuevos-valores\/#primaryimage"},"thumbnailUrl":"https:\/\/radioinfinitagoya.com.ar\/v1\/wp-content\/uploads\/2026\/03\/1773664674115.webp","datePublished":"2026-03-16T19:01:08+00:00","description":"Un nuevo incremento en las tarifas del gas envasado golpea el bolsillo de los consumidores correntinos. Desde el pasado fin de semana, distintas","breadcrumb":{"@id":"https:\/\/radioinfinitagoya.com.ar\/v1\/2026\/03\/16\/se-dispararon-los-precios-del-gas-en-garrafa-en-corrientes-los-nuevos-valores\/#breadcrumb"},"inLanguage":"es-AR","potentialAction":[{"@type":"ReadAction","target":["https:\/\/radioinfinitagoya.com.ar\/v1\/2026\/03\/16\/se-dispararon-los-precios-del-gas-en-garrafa-en-corrientes-los-nuevos-valores\/"]}]},{"@type":"ImageObject","inLanguage":"es-AR","@id":"https:\/\/radioinfinitagoya.com.ar\/v1\/2026\/03\/16\/se-dispararon-los-precios-del-gas-en-garrafa-en-corrientes-los-nuevos-valores\/#primaryimage","url":"https:\/\/radioinfinitagoya.com.ar\/v1\/wp-content\/uploads\/2026\/03\/1773664674115.webp","contentUrl":"https:\/\/radioinfinitagoya.com.ar\/v1\/wp-content\/uploads\/2026\/03\/1773664674115.webp","width":1200,"height":675},{"@type":"BreadcrumbList","@id":"https:\/\/radioinfinitagoya.com.ar\/v1\/2026\/03\/16\/se-dispararon-los-precios-del-gas-en-garrafa-en-corrientes-los-nuevos-valores\/#breadcrumb","itemListElement":[{"@type":"ListItem","position":1,"name":"Inicio","item":"https:\/\/radioinfinitagoya.com.ar\/v1\/"},{"@type":"ListItem","position":2,"name":"Se dispararon los precios del gas en garrafa en Corrientes: los nuevos valores"}]},{"@type":"WebSite","@id":"https:\/\/radioinfinitagoya.com.ar\/v1\/#website","url":"https:\/\/radioinfinitagoya.com.ar\/v1\/","name":"radioinfinitagoya.com.ar","description":"Radio de noticias","publisher":{"@id":"https:\/\/radioinfinitagoya.com.ar\/v1\/#organization"},"potentialAction":[{"@type":"SearchAction","target":{"@type":"EntryPoint","urlTemplate":"https:\/\/radioinfinitagoya.com.ar\/v1\/?s={search_term_string}"},"query-input":{"@type":"PropertyValueSpecification","valueRequired":true,"valueName":"search_term_string"}}],"inLanguage":"es-AR"},{"@type":"Organization","@id":"https:\/\/radioinfinitagoya.com.ar\/v1\/#organization","name":"Radio Infinita Goya","url":"https:\/\/radioinfinitagoya.com.ar\/v1\/","logo":{"@type":"ImageObject","inLanguage":"es-AR","@id":"https:\/\/radioinfinitagoya.com.ar\/v1\/#\/schema\/logo\/image\/","url":"https:\/\/radioinfinitagoya.com.ar\/v1\/wp-content\/uploads\/2019\/11\/logo-pie-web.png","contentUrl":"https:\/\/radioinfinitagoya.com.ar\/v1\/wp-content\/uploads\/2019\/11\/logo-pie-web.png","width":635,"height":326,"caption":"Radio Infinita Goya"},"image":{"@id":"https:\/\/radioinfinitagoya.com.ar\/v1\/#\/schema\/logo\/image\/"},"sameAs":["https:\/\/www.facebook.com\/p\/Infinita-Goya-100063870918311\/"]},{"@type":"Person","@id":"https:\/\/radioinfinitagoya.com.ar\/v1\/#\/schema\/person\/d4cf9c413d4f6edb24aabdccab49ca4a","name":"Jorge Mi\u00f1o","image":{"@type":"ImageObject","inLanguage":"es-AR","@id":"https:\/\/secure.gravatar.com\/avatar\/910fcf6728fe95320e07a6643c1581fec1c7fc4bf8ae12e3d8f0d0373dc844be?s=96&d=mm&r=g","url":"https:\/\/secure.gravatar.com\/avatar\/910fcf6728fe95320e07a6643c1581fec1c7fc4bf8ae12e3d8f0d0373dc844be?s=96&d=mm&r=g","contentUrl":"https:\/\/secure.gravatar.com\/avatar\/910fcf6728fe95320e07a6643c1581fec1c7fc4bf8ae12e3d8f0d0373dc844be?s=96&d=mm&r=g","caption":"Jorge Mi\u00f1o"},"sameAs":["http:\/\/radioinfinitagoya.com.ar"]}]}},"_links":{"self":[{"href":"https:\/\/radioinfinitagoya.com.ar\/v1\/wp-json\/wp\/v2\/posts\/210312","targetHints":{"allow":["GET"]}}],"collection":[{"href":"https:\/\/radioinfinitagoya.com.ar\/v1\/wp-json\/wp\/v2\/posts"}],"about":[{"href":"https:\/\/radioinfinitagoya.com.ar\/v1\/wp-json\/wp\/v2\/types\/post"}],"author":[{"embeddable":true,"href":"https:\/\/radioinfinitagoya.com.ar\/v1\/wp-json\/wp\/v2\/users\/4"}],"replies":[{"embeddable":true,"href":"https:\/\/radioinfinitagoya.com.ar\/v1\/wp-json\/wp\/v2\/comments?post=210312"}],"version-history":[{"count":0,"href":"https:\/\/radioinfinitagoya.com.ar\/v1\/wp-json\/wp\/v2\/posts\/210312\/revisions"}],"wp:featuredmedia":[{"embeddable":true,"href":"https:\/\/radioinfinitagoya.com.ar\/v1\/wp-json\/wp\/v2\/media\/210313"}],"wp:attachment":[{"href":"https:\/\/radioinfinitagoya.com.ar\/v1\/wp-json\/wp\/v2\/media?parent=210312"}],"wp:term":[{"taxonomy":"category","embeddable":true,"href":"https:\/\/radioinfinitagoya.com.ar\/v1\/wp-json\/wp\/v2\/categories?post=210312"},{"taxonomy":"post_tag","embeddable":true,"href":"https:\/\/radioinfinitagoya.com.ar\/v1\/wp-json\/wp\/v2\/tags?post=210312"}],"curies":[{"name":"wp","href":"https:\/\/api.w.org\/{rel}","templated":true}]}}