{"id":210315,"date":"2026-03-16T16:08:42","date_gmt":"2026-03-16T19:08:42","guid":{"rendered":"https:\/\/radioinfinitagoya.com.ar\/v1\/?p=210315"},"modified":"2026-03-16T16:08:42","modified_gmt":"2026-03-16T19:08:42","slug":"hallaron-el-cuerpo-del-joven-que-era-buscado-en-santa-lucia","status":"publish","type":"post","link":"https:\/\/radioinfinitagoya.com.ar\/v1\/2026\/03\/16\/hallaron-el-cuerpo-del-joven-que-era-buscado-en-santa-lucia\/","title":{"rendered":"Hallaron el cuerpo del joven que era buscado en Santa Luc\u00eda"},"content":{"rendered":"<p>Hab\u00eda desaparecido en horas del s\u00e1bado cuando arreaba ganado.<\/p>\n<p>La Polic\u00eda de Corrientes confirm\u00f3 el hallazgo del cuerpo de un joven de 19 a\u00f1os que era intensamente buscado en la localidad de Santa Luc\u00eda, luego de haber desaparecido cuando realizaba tareas rurales.<\/p>\n<p>De acuerdo con la informaci\u00f3n oficial, el joven hab\u00eda salido cerca de las 19 del s\u00e1bado a caballo con el objetivo de arrear animales vacunos en una zona cercana a la costa del R\u00edo Santa Luc\u00eda.<\/p>\n<p>El caballo regres\u00f3 sin su jinete<br \/>\nLa preocupaci\u00f3n comenz\u00f3 pocas horas despu\u00e9s, cuando el caballo volvi\u00f3 al domicilio del joven sin su jinete y sin las riendas, lo que gener\u00f3 alarma entre familiares y vecinos.<\/p>\n<p>Ante esta situaci\u00f3n, la Polic\u00eda despleg\u00f3 un amplio operativo de b\u00fasqueda en distintos sectores rurales y en las inmediaciones del r\u00edo.<\/p>\n<p>Hallazgo en el r\u00edo<br \/>\nFinalmente, en las \u00faltimas horas, el cuerpo del joven fue hallado en las aguas del r\u00edo Santa Luc\u00eda, en un sector cercano al lugar donde hab\u00eda sido visto por \u00faltima vez.<\/p>\n<p>Tras el hallazgo, las autoridades iniciaron las actuaciones correspondientes para determinar las circunstancias del hecho, mientras contin\u00faan las diligencias de rigor.<\/p>\n","protected":false},"excerpt":{"rendered":"<p>Hab\u00eda desaparecido en horas del s\u00e1bado cuando arreaba ganado. La Polic\u00eda de Corrientes confirm\u00f3 el hallazgo del cuerpo de un joven de 19 a\u00f1os que era intensamente buscado en la localidad de Santa Luc\u00eda, luego de haber desaparecido cuando realizaba tareas rurales. De acuerdo con la informaci\u00f3n oficial, el joven hab\u00eda salido cerca de las [&hellip;]<\/p>\n","protected":false},"author":4,"featured_media":210316,"comment_status":"open","ping_status":"open","sticky":false,"template":"","format":"standard","meta":{"_joinchat":[],"footnotes":""},"categories":[26],"tags":[],"class_list":{"0":"post-210315","1":"post","2":"type-post","3":"status-publish","4":"format-standard","5":"has-post-thumbnail","7":"category-provinciales"},"yoast_head":"<!-- This site is optimized with the Yoast SEO plugin v27.2 - https:\/\/yoast.com\/product\/yoast-seo-wordpress\/ -->\n<title>Hallaron el cuerpo del joven que era buscado en Santa Luc\u00eda - Radio Infinita Goya<\/title>\n<meta name=\"description\" content=\"Hab\u00eda desaparecido en horas del s\u00e1bado cuando arreaba ganado. La Polic\u00eda de Corrientes confirm\u00f3 el hallazgo del cuerpo de un joven de 19 a\u00f1os que era\" \/>\n<meta name=\"robots\" content=\"index, follow, max-snippet:-1, max-image-preview:large, max-video-preview:-1\" \/>\n<link rel=\"canonical\" href=\"https:\/\/radioinfinitagoya.com.ar\/v1\/2026\/03\/16\/hallaron-el-cuerpo-del-joven-que-era-buscado-en-santa-lucia\/\" \/>\n<meta property=\"og:locale\" content=\"es_ES\" \/>\n<meta property=\"og:type\" content=\"article\" \/>\n<meta property=\"og:title\" content=\"Hallaron el cuerpo del joven que era buscado en Santa Luc\u00eda - Radio Infinita Goya\" \/>\n<meta property=\"og:description\" content=\"Hab\u00eda desaparecido en horas del s\u00e1bado cuando arreaba ganado. La Polic\u00eda de Corrientes confirm\u00f3 el hallazgo del cuerpo de un joven de 19 a\u00f1os que era\" \/>\n<meta property=\"og:url\" content=\"https:\/\/radioinfinitagoya.com.ar\/v1\/2026\/03\/16\/hallaron-el-cuerpo-del-joven-que-era-buscado-en-santa-lucia\/\" \/>\n<meta property=\"og:site_name\" content=\"Radio Infinita Goya\" \/>\n<meta property=\"article:publisher\" content=\"https:\/\/www.facebook.com\/p\/Infinita-Goya-100063870918311\/\" \/>\n<meta property=\"article:published_time\" content=\"2026-03-16T19:08:42+00:00\" \/>\n<meta property=\"og:image\" content=\"https:\/\/radioinfinitagoya.com.ar\/v1\/wp-content\/uploads\/2026\/03\/1773656407342-1.webp\" \/>\n\t<meta property=\"og:image:width\" content=\"1200\" \/>\n\t<meta property=\"og:image:height\" content=\"675\" \/>\n\t<meta property=\"og:image:type\" content=\"image\/webp\" \/>\n<meta name=\"author\" content=\"Jorge Mi\u00f1o\" \/>\n<meta name=\"twitter:card\" content=\"summary_large_image\" \/>\n<meta name=\"twitter:label1\" content=\"Escrito por\" \/>\n\t<meta name=\"twitter:data1\" content=\"Jorge Mi\u00f1o\" \/>\n\t<meta name=\"twitter:label2\" content=\"Tiempo de lectura\" \/>\n\t<meta name=\"twitter:data2\" content=\"2 minutos\" \/>\n<script type=\"application\/ld+json\" class=\"yoast-schema-graph\">{\"@context\":\"https:\/\/schema.org\",\"@graph\":[{\"@type\":\"Article\",\"@id\":\"https:\/\/radioinfinitagoya.com.ar\/v1\/2026\/03\/16\/hallaron-el-cuerpo-del-joven-que-era-buscado-en-santa-lucia\/#article\",\"isPartOf\":{\"@id\":\"https:\/\/radioinfinitagoya.com.ar\/v1\/2026\/03\/16\/hallaron-el-cuerpo-del-joven-que-era-buscado-en-santa-lucia\/\"},\"author\":{\"name\":\"Jorge Mi\u00f1o\",\"@id\":\"https:\/\/radioinfinitagoya.com.ar\/v1\/#\/schema\/person\/d4cf9c413d4f6edb24aabdccab49ca4a\"},\"headline\":\"Hallaron el cuerpo del joven que era buscado en Santa Luc\u00eda\",\"datePublished\":\"2026-03-16T19:08:42+00:00\",\"mainEntityOfPage\":{\"@id\":\"https:\/\/radioinfinitagoya.com.ar\/v1\/2026\/03\/16\/hallaron-el-cuerpo-del-joven-que-era-buscado-en-santa-lucia\/\"},\"wordCount\":221,\"commentCount\":0,\"publisher\":{\"@id\":\"https:\/\/radioinfinitagoya.com.ar\/v1\/#organization\"},\"image\":{\"@id\":\"https:\/\/radioinfinitagoya.com.ar\/v1\/2026\/03\/16\/hallaron-el-cuerpo-del-joven-que-era-buscado-en-santa-lucia\/#primaryimage\"},\"thumbnailUrl\":\"https:\/\/radioinfinitagoya.com.ar\/v1\/wp-content\/uploads\/2026\/03\/1773656407342-1.webp\",\"articleSection\":[\"PROVINCIALES\"],\"inLanguage\":\"es-AR\",\"potentialAction\":[{\"@type\":\"CommentAction\",\"name\":\"Comment\",\"target\":[\"https:\/\/radioinfinitagoya.com.ar\/v1\/2026\/03\/16\/hallaron-el-cuerpo-del-joven-que-era-buscado-en-santa-lucia\/#respond\"]}]},{\"@type\":\"WebPage\",\"@id\":\"https:\/\/radioinfinitagoya.com.ar\/v1\/2026\/03\/16\/hallaron-el-cuerpo-del-joven-que-era-buscado-en-santa-lucia\/\",\"url\":\"https:\/\/radioinfinitagoya.com.ar\/v1\/2026\/03\/16\/hallaron-el-cuerpo-del-joven-que-era-buscado-en-santa-lucia\/\",\"name\":\"Hallaron el cuerpo del joven que era buscado en Santa Luc\u00eda - Radio Infinita Goya\",\"isPartOf\":{\"@id\":\"https:\/\/radioinfinitagoya.com.ar\/v1\/#website\"},\"primaryImageOfPage\":{\"@id\":\"https:\/\/radioinfinitagoya.com.ar\/v1\/2026\/03\/16\/hallaron-el-cuerpo-del-joven-que-era-buscado-en-santa-lucia\/#primaryimage\"},\"image\":{\"@id\":\"https:\/\/radioinfinitagoya.com.ar\/v1\/2026\/03\/16\/hallaron-el-cuerpo-del-joven-que-era-buscado-en-santa-lucia\/#primaryimage\"},\"thumbnailUrl\":\"https:\/\/radioinfinitagoya.com.ar\/v1\/wp-content\/uploads\/2026\/03\/1773656407342-1.webp\",\"datePublished\":\"2026-03-16T19:08:42+00:00\",\"description\":\"Hab\u00eda desaparecido en horas del s\u00e1bado cuando arreaba ganado. La Polic\u00eda de Corrientes confirm\u00f3 el hallazgo del cuerpo de un joven de 19 a\u00f1os que era\",\"breadcrumb\":{\"@id\":\"https:\/\/radioinfinitagoya.com.ar\/v1\/2026\/03\/16\/hallaron-el-cuerpo-del-joven-que-era-buscado-en-santa-lucia\/#breadcrumb\"},\"inLanguage\":\"es-AR\",\"potentialAction\":[{\"@type\":\"ReadAction\",\"target\":[\"https:\/\/radioinfinitagoya.com.ar\/v1\/2026\/03\/16\/hallaron-el-cuerpo-del-joven-que-era-buscado-en-santa-lucia\/\"]}]},{\"@type\":\"ImageObject\",\"inLanguage\":\"es-AR\",\"@id\":\"https:\/\/radioinfinitagoya.com.ar\/v1\/2026\/03\/16\/hallaron-el-cuerpo-del-joven-que-era-buscado-en-santa-lucia\/#primaryimage\",\"url\":\"https:\/\/radioinfinitagoya.com.ar\/v1\/wp-content\/uploads\/2026\/03\/1773656407342-1.webp\",\"contentUrl\":\"https:\/\/radioinfinitagoya.com.ar\/v1\/wp-content\/uploads\/2026\/03\/1773656407342-1.webp\",\"width\":1200,\"height\":675},{\"@type\":\"BreadcrumbList\",\"@id\":\"https:\/\/radioinfinitagoya.com.ar\/v1\/2026\/03\/16\/hallaron-el-cuerpo-del-joven-que-era-buscado-en-santa-lucia\/#breadcrumb\",\"itemListElement\":[{\"@type\":\"ListItem\",\"position\":1,\"name\":\"Inicio\",\"item\":\"https:\/\/radioinfinitagoya.com.ar\/v1\/\"},{\"@type\":\"ListItem\",\"position\":2,\"name\":\"Hallaron el cuerpo del joven que era buscado en Santa Luc\u00eda\"}]},{\"@type\":\"WebSite\",\"@id\":\"https:\/\/radioinfinitagoya.com.ar\/v1\/#website\",\"url\":\"https:\/\/radioinfinitagoya.com.ar\/v1\/\",\"name\":\"radioinfinitagoya.com.ar\",\"description\":\"Radio de noticias\",\"publisher\":{\"@id\":\"https:\/\/radioinfinitagoya.com.ar\/v1\/#organization\"},\"potentialAction\":[{\"@type\":\"SearchAction\",\"target\":{\"@type\":\"EntryPoint\",\"urlTemplate\":\"https:\/\/radioinfinitagoya.com.ar\/v1\/?s={search_term_string}\"},\"query-input\":{\"@type\":\"PropertyValueSpecification\",\"valueRequired\":true,\"valueName\":\"search_term_string\"}}],\"inLanguage\":\"es-AR\"},{\"@type\":\"Organization\",\"@id\":\"https:\/\/radioinfinitagoya.com.ar\/v1\/#organization\",\"name\":\"Radio Infinita Goya\",\"url\":\"https:\/\/radioinfinitagoya.com.ar\/v1\/\",\"logo\":{\"@type\":\"ImageObject\",\"inLanguage\":\"es-AR\",\"@id\":\"https:\/\/radioinfinitagoya.com.ar\/v1\/#\/schema\/logo\/image\/\",\"url\":\"https:\/\/radioinfinitagoya.com.ar\/v1\/wp-content\/uploads\/2019\/11\/logo-pie-web.png\",\"contentUrl\":\"https:\/\/radioinfinitagoya.com.ar\/v1\/wp-content\/uploads\/2019\/11\/logo-pie-web.png\",\"width\":635,\"height\":326,\"caption\":\"Radio Infinita Goya\"},\"image\":{\"@id\":\"https:\/\/radioinfinitagoya.com.ar\/v1\/#\/schema\/logo\/image\/\"},\"sameAs\":[\"https:\/\/www.facebook.com\/p\/Infinita-Goya-100063870918311\/\"]},{\"@type\":\"Person\",\"@id\":\"https:\/\/radioinfinitagoya.com.ar\/v1\/#\/schema\/person\/d4cf9c413d4f6edb24aabdccab49ca4a\",\"name\":\"Jorge Mi\u00f1o\",\"image\":{\"@type\":\"ImageObject\",\"inLanguage\":\"es-AR\",\"@id\":\"https:\/\/secure.gravatar.com\/avatar\/910fcf6728fe95320e07a6643c1581fec1c7fc4bf8ae12e3d8f0d0373dc844be?s=96&d=mm&r=g\",\"url\":\"https:\/\/secure.gravatar.com\/avatar\/910fcf6728fe95320e07a6643c1581fec1c7fc4bf8ae12e3d8f0d0373dc844be?s=96&d=mm&r=g\",\"contentUrl\":\"https:\/\/secure.gravatar.com\/avatar\/910fcf6728fe95320e07a6643c1581fec1c7fc4bf8ae12e3d8f0d0373dc844be?s=96&d=mm&r=g\",\"caption\":\"Jorge Mi\u00f1o\"},\"sameAs\":[\"http:\/\/radioinfinitagoya.com.ar\"]}]}<\/script>\n<!-- \/ Yoast SEO plugin. -->","yoast_head_json":{"title":"Hallaron el cuerpo del joven que era buscado en Santa Luc\u00eda - Radio Infinita Goya","description":"Hab\u00eda desaparecido en horas del s\u00e1bado cuando arreaba ganado. La Polic\u00eda de Corrientes confirm\u00f3 el hallazgo del cuerpo de un joven de 19 a\u00f1os que era","robots":{"index":"index","follow":"follow","max-snippet":"max-snippet:-1","max-image-preview":"max-image-preview:large","max-video-preview":"max-video-preview:-1"},"canonical":"https:\/\/radioinfinitagoya.com.ar\/v1\/2026\/03\/16\/hallaron-el-cuerpo-del-joven-que-era-buscado-en-santa-lucia\/","og_locale":"es_ES","og_type":"article","og_title":"Hallaron el cuerpo del joven que era buscado en Santa Luc\u00eda - Radio Infinita Goya","og_description":"Hab\u00eda desaparecido en horas del s\u00e1bado cuando arreaba ganado. La Polic\u00eda de Corrientes confirm\u00f3 el hallazgo del cuerpo de un joven de 19 a\u00f1os que era","og_url":"https:\/\/radioinfinitagoya.com.ar\/v1\/2026\/03\/16\/hallaron-el-cuerpo-del-joven-que-era-buscado-en-santa-lucia\/","og_site_name":"Radio Infinita Goya","article_publisher":"https:\/\/www.facebook.com\/p\/Infinita-Goya-100063870918311\/","article_published_time":"2026-03-16T19:08:42+00:00","og_image":[{"width":1200,"height":675,"url":"https:\/\/radioinfinitagoya.com.ar\/v1\/wp-content\/uploads\/2026\/03\/1773656407342-1.webp","type":"image\/webp"}],"author":"Jorge Mi\u00f1o","twitter_card":"summary_large_image","twitter_misc":{"Escrito por":"Jorge Mi\u00f1o","Tiempo de lectura":"2 minutos"},"schema":{"@context":"https:\/\/schema.org","@graph":[{"@type":"Article","@id":"https:\/\/radioinfinitagoya.com.ar\/v1\/2026\/03\/16\/hallaron-el-cuerpo-del-joven-que-era-buscado-en-santa-lucia\/#article","isPartOf":{"@id":"https:\/\/radioinfinitagoya.com.ar\/v1\/2026\/03\/16\/hallaron-el-cuerpo-del-joven-que-era-buscado-en-santa-lucia\/"},"author":{"name":"Jorge Mi\u00f1o","@id":"https:\/\/radioinfinitagoya.com.ar\/v1\/#\/schema\/person\/d4cf9c413d4f6edb24aabdccab49ca4a"},"headline":"Hallaron el cuerpo del joven que era buscado en Santa Luc\u00eda","datePublished":"2026-03-16T19:08:42+00:00","mainEntityOfPage":{"@id":"https:\/\/radioinfinitagoya.com.ar\/v1\/2026\/03\/16\/hallaron-el-cuerpo-del-joven-que-era-buscado-en-santa-lucia\/"},"wordCount":221,"commentCount":0,"publisher":{"@id":"https:\/\/radioinfinitagoya.com.ar\/v1\/#organization"},"image":{"@id":"https:\/\/radioinfinitagoya.com.ar\/v1\/2026\/03\/16\/hallaron-el-cuerpo-del-joven-que-era-buscado-en-santa-lucia\/#primaryimage"},"thumbnailUrl":"https:\/\/radioinfinitagoya.com.ar\/v1\/wp-content\/uploads\/2026\/03\/1773656407342-1.webp","articleSection":["PROVINCIALES"],"inLanguage":"es-AR","potentialAction":[{"@type":"CommentAction","name":"Comment","target":["https:\/\/radioinfinitagoya.com.ar\/v1\/2026\/03\/16\/hallaron-el-cuerpo-del-joven-que-era-buscado-en-santa-lucia\/#respond"]}]},{"@type":"WebPage","@id":"https:\/\/radioinfinitagoya.com.ar\/v1\/2026\/03\/16\/hallaron-el-cuerpo-del-joven-que-era-buscado-en-santa-lucia\/","url":"https:\/\/radioinfinitagoya.com.ar\/v1\/2026\/03\/16\/hallaron-el-cuerpo-del-joven-que-era-buscado-en-santa-lucia\/","name":"Hallaron el cuerpo del joven que era buscado en Santa Luc\u00eda - Radio Infinita Goya","isPartOf":{"@id":"https:\/\/radioinfinitagoya.com.ar\/v1\/#website"},"primaryImageOfPage":{"@id":"https:\/\/radioinfinitagoya.com.ar\/v1\/2026\/03\/16\/hallaron-el-cuerpo-del-joven-que-era-buscado-en-santa-lucia\/#primaryimage"},"image":{"@id":"https:\/\/radioinfinitagoya.com.ar\/v1\/2026\/03\/16\/hallaron-el-cuerpo-del-joven-que-era-buscado-en-santa-lucia\/#primaryimage"},"thumbnailUrl":"https:\/\/radioinfinitagoya.com.ar\/v1\/wp-content\/uploads\/2026\/03\/1773656407342-1.webp","datePublished":"2026-03-16T19:08:42+00:00","description":"Hab\u00eda desaparecido en horas del s\u00e1bado cuando arreaba ganado. La Polic\u00eda de Corrientes confirm\u00f3 el hallazgo del cuerpo de un joven de 19 a\u00f1os que era","breadcrumb":{"@id":"https:\/\/radioinfinitagoya.com.ar\/v1\/2026\/03\/16\/hallaron-el-cuerpo-del-joven-que-era-buscado-en-santa-lucia\/#breadcrumb"},"inLanguage":"es-AR","potentialAction":[{"@type":"ReadAction","target":["https:\/\/radioinfinitagoya.com.ar\/v1\/2026\/03\/16\/hallaron-el-cuerpo-del-joven-que-era-buscado-en-santa-lucia\/"]}]},{"@type":"ImageObject","inLanguage":"es-AR","@id":"https:\/\/radioinfinitagoya.com.ar\/v1\/2026\/03\/16\/hallaron-el-cuerpo-del-joven-que-era-buscado-en-santa-lucia\/#primaryimage","url":"https:\/\/radioinfinitagoya.com.ar\/v1\/wp-content\/uploads\/2026\/03\/1773656407342-1.webp","contentUrl":"https:\/\/radioinfinitagoya.com.ar\/v1\/wp-content\/uploads\/2026\/03\/1773656407342-1.webp","width":1200,"height":675},{"@type":"BreadcrumbList","@id":"https:\/\/radioinfinitagoya.com.ar\/v1\/2026\/03\/16\/hallaron-el-cuerpo-del-joven-que-era-buscado-en-santa-lucia\/#breadcrumb","itemListElement":[{"@type":"ListItem","position":1,"name":"Inicio","item":"https:\/\/radioinfinitagoya.com.ar\/v1\/"},{"@type":"ListItem","position":2,"name":"Hallaron el cuerpo del joven que era buscado en Santa Luc\u00eda"}]},{"@type":"WebSite","@id":"https:\/\/radioinfinitagoya.com.ar\/v1\/#website","url":"https:\/\/radioinfinitagoya.com.ar\/v1\/","name":"radioinfinitagoya.com.ar","description":"Radio de noticias","publisher":{"@id":"https:\/\/radioinfinitagoya.com.ar\/v1\/#organization"},"potentialAction":[{"@type":"SearchAction","target":{"@type":"EntryPoint","urlTemplate":"https:\/\/radioinfinitagoya.com.ar\/v1\/?s={search_term_string}"},"query-input":{"@type":"PropertyValueSpecification","valueRequired":true,"valueName":"search_term_string"}}],"inLanguage":"es-AR"},{"@type":"Organization","@id":"https:\/\/radioinfinitagoya.com.ar\/v1\/#organization","name":"Radio Infinita Goya","url":"https:\/\/radioinfinitagoya.com.ar\/v1\/","logo":{"@type":"ImageObject","inLanguage":"es-AR","@id":"https:\/\/radioinfinitagoya.com.ar\/v1\/#\/schema\/logo\/image\/","url":"https:\/\/radioinfinitagoya.com.ar\/v1\/wp-content\/uploads\/2019\/11\/logo-pie-web.png","contentUrl":"https:\/\/radioinfinitagoya.com.ar\/v1\/wp-content\/uploads\/2019\/11\/logo-pie-web.png","width":635,"height":326,"caption":"Radio Infinita Goya"},"image":{"@id":"https:\/\/radioinfinitagoya.com.ar\/v1\/#\/schema\/logo\/image\/"},"sameAs":["https:\/\/www.facebook.com\/p\/Infinita-Goya-100063870918311\/"]},{"@type":"Person","@id":"https:\/\/radioinfinitagoya.com.ar\/v1\/#\/schema\/person\/d4cf9c413d4f6edb24aabdccab49ca4a","name":"Jorge Mi\u00f1o","image":{"@type":"ImageObject","inLanguage":"es-AR","@id":"https:\/\/secure.gravatar.com\/avatar\/910fcf6728fe95320e07a6643c1581fec1c7fc4bf8ae12e3d8f0d0373dc844be?s=96&d=mm&r=g","url":"https:\/\/secure.gravatar.com\/avatar\/910fcf6728fe95320e07a6643c1581fec1c7fc4bf8ae12e3d8f0d0373dc844be?s=96&d=mm&r=g","contentUrl":"https:\/\/secure.gravatar.com\/avatar\/910fcf6728fe95320e07a6643c1581fec1c7fc4bf8ae12e3d8f0d0373dc844be?s=96&d=mm&r=g","caption":"Jorge Mi\u00f1o"},"sameAs":["http:\/\/radioinfinitagoya.com.ar"]}]}},"_links":{"self":[{"href":"https:\/\/radioinfinitagoya.com.ar\/v1\/wp-json\/wp\/v2\/posts\/210315","targetHints":{"allow":["GET"]}}],"collection":[{"href":"https:\/\/radioinfinitagoya.com.ar\/v1\/wp-json\/wp\/v2\/posts"}],"about":[{"href":"https:\/\/radioinfinitagoya.com.ar\/v1\/wp-json\/wp\/v2\/types\/post"}],"author":[{"embeddable":true,"href":"https:\/\/radioinfinitagoya.com.ar\/v1\/wp-json\/wp\/v2\/users\/4"}],"replies":[{"embeddable":true,"href":"https:\/\/radioinfinitagoya.com.ar\/v1\/wp-json\/wp\/v2\/comments?post=210315"}],"version-history":[{"count":0,"href":"https:\/\/radioinfinitagoya.com.ar\/v1\/wp-json\/wp\/v2\/posts\/210315\/revisions"}],"wp:featuredmedia":[{"embeddable":true,"href":"https:\/\/radioinfinitagoya.com.ar\/v1\/wp-json\/wp\/v2\/media\/210316"}],"wp:attachment":[{"href":"https:\/\/radioinfinitagoya.com.ar\/v1\/wp-json\/wp\/v2\/media?parent=210315"}],"wp:term":[{"taxonomy":"category","embeddable":true,"href":"https:\/\/radioinfinitagoya.com.ar\/v1\/wp-json\/wp\/v2\/categories?post=210315"},{"taxonomy":"post_tag","embeddable":true,"href":"https:\/\/radioinfinitagoya.com.ar\/v1\/wp-json\/wp\/v2\/tags?post=210315"}],"curies":[{"name":"wp","href":"https:\/\/api.w.org\/{rel}","templated":true}]}}