{"id":210321,"date":"2026-03-16T16:17:16","date_gmt":"2026-03-16T19:17:16","guid":{"rendered":"https:\/\/radioinfinitagoya.com.ar\/v1\/?p=210321"},"modified":"2026-03-16T16:17:16","modified_gmt":"2026-03-16T19:17:16","slug":"adorni-pidio-disculpas-por-el-viaje-de-su-esposa-a-nueva-york","status":"publish","type":"post","link":"https:\/\/radioinfinitagoya.com.ar\/v1\/2026\/03\/16\/adorni-pidio-disculpas-por-el-viaje-de-su-esposa-a-nueva-york\/","title":{"rendered":"Adorni pidi\u00f3 disculpas por el viaje de su esposa a Nueva York"},"content":{"rendered":"<p>\u201cFue una p\u00e9sima decisi\u00f3n&#8221;<\/p>\n<p>El jefe de Gabinete reconoci\u00f3 que se equivoc\u00f3 al haber aceptado la invitaci\u00f3n para que su pareja volara junto a \u00e9l en el avi\u00f3n presidencial y asegur\u00f3 que \u201cla vara va a seguir estando en el mismo lugar, bien alta\u201d<\/p>\n<p>A casi una semana de la controversia que lo llev\u00f3 a dar explicaciones p\u00fablicas, el jefe de Gabinete, Manuel Adorni, volvi\u00f3 a pedir disculpas este domingo por el viaje de su esposa a Nueva York en el avi\u00f3n presidencial y reconoci\u00f3 que \u201cfue una p\u00e9sima decisi\u00f3n\u201d, pero remarc\u00f3 tambi\u00e9n que \u201cno se trat\u00f3 de un delito\u201d.<\/p>\n<p>Ya de regreso en la Argentina, el funcionario habl\u00f3 una vez m\u00e1s de lo sucedido, ratific\u00f3 que la mujer fue autorizada por Presidencia a formar parte del vuelo que traslad\u00f3 a la comitiva oficial a los Estados Unidos y sostuvo que no se percat\u00f3 \u201cdel error que iba a cometer al aceptar esa invitaci\u00f3n\u201d.<\/p>\n<p>\u201cFue una mala decisi\u00f3n, una p\u00e9sima decisi\u00f3n, m\u00e1s all\u00e1 de que no gener\u00f3 ni un d\u00f3lar de gasto para el Estado, yo no advert\u00ed el error y por eso pido disculpas\u201d, destac\u00f3 el ministro coordinador en di\u00e1logo con Luis Majul en LN+.<\/p>\n<p>En este sentido, Adorni sostuvo que la actual administraci\u00f3n puso \u201cuna vara alt\u00edsima y la gente espera que esa vara se cumpla\u201d porque \u201chay cosas que est\u00e1n mal y hay que pedir disculpas cuando uno se equivoca\u201d.<\/p>\n<p>\u201cNo somos casta y por eso estoy ac\u00e1 dando explicaciones. T\u00edpico de casta es llevarte los diarios en avi\u00f3n a Santa Cruz, yo comet\u00ed un error. Tom\u00e9 una p\u00e9sima decisi\u00f3n, pero la vara va a seguir donde est\u00e1, bien alta, y todo el Gobierno va a apuntar a que esa vara se cumpla\u201d, agreg\u00f3.<\/p>\n<p>En cuanto al viaje a Punta del Este, Uruguay, en un vuelo privado por el que habr\u00eda pagado casi 4 mil d\u00f3lares, el jefe de Gabinete explic\u00f3 que lo hizo porque se le abri\u00f3 \u201cuna ventana\u201d para irse con los hijos \u201cese fin de semana de carnaval\u201d y remarc\u00f3 que \u201ctodo el mundo sab\u00eda\u201d de sus vacaciones.<\/p>\n<p>\u201cYo me iba a ir en diciembre. Por la din\u00e1mica del Gobierno, que uno la aprende estando en el ejercicio del poder, las decisiones de viaje las tom\u00e1s a \u00faltimo minuto. Yo ten\u00eda previsto irme el 26 o 27 de diciembre de vacaciones, pero en noviembre asum\u00ed la Jefatura de Gabinete y, por lo tanto, no era razonable irme en esa fecha\u201d, se\u00f1al\u00f3.<\/p>\n<p>En cuanto a los fondos que utiliz\u00f3 en esa ocasi\u00f3n, el jefe de Gabinete indic\u00f3 que \u201ces dinero familiar gastado en una actividad familiar de cuatro d\u00edas\u201d y que \u201cse van a ver claramente en las declaraciones juradas\u201d.<\/p>\n<p>En cuanto a la interna, opin\u00f3: \u201cYo creo que todo esto que pas\u00f3 durante esta semana no fue contra m\u00ed, fue contra el Gobierno. Fue un golpe m\u00e1s, de todos los que vienen dando, para intentar desestabilizarlo. Hace un mes que tienen guardado un video\u201d<\/p>\n<p>Al respecto, agreg\u00f3 que \u201cen cuanto a lo dem\u00e1s, se ver\u00e1 qui\u00e9n fue\u201d el responsable de la grabaci\u00f3n, pero advirti\u00f3 que \u201cel video est\u00e1 claro que es de puertas adentro del Gobierno, obviamente que sali\u00f3 de ah\u00ed\u201d.<\/p>\n<p>Asimismo, insisti\u00f3 con que \u201cfue absolutamente inapropiado\u201d haber justificado el viaje junto a su esposa a Nueva York con la frase de que fue a \u201cdeslomarse\u201d a esa ciudad y asegur\u00f3 que lo que quer\u00eda exponer, \u201cera que hay mucho sacrificio detr\u00e1s\u201d.<\/p>\n<p>\u201cCon miles de errores y un mont\u00f3n de cosas para corregir, son cosas que vamos puliendo y vamos corrigiendo. La palabra deslomarse, me gan\u00f3 la pasi\u00f3n de explicar que est\u00e1bamos haciendo un laburo maravilloso en un evento que se desbord\u00f3 de gente. Entr\u00e9 al consulado y me di cuenta de lo que hab\u00edamos hecho con la Argentina. Al minuto dije, \u2018\u00bfC\u00f3mo hemos perdido tanto tiempo?\u2019. En el af\u00e1n de querer contar lo que est\u00e1bamos viviendo, us\u00e9 la palabra equivocada&#8221;, subray\u00f3.<\/p>\n<p>Por otra parte, Adorni tambi\u00e9n se refiri\u00f3 a algunas cuestiones de actualidad, defendi\u00f3 el rumbo del Gobierno, se limit\u00f3 a decir que \u201cla Justicia tiene que seguir investigando\u201d el caso Libra y afirm\u00f3 que \u201ces todo falso lo que se le acusa al Presidente\u201d.<\/p>\n<p>&#8220;Esto no cambia nada. Primero, expliqu\u00e9 las razones y, segundo, yo no quiero ser candidato a nada, excepto que el Presidente me lo requiera. Repito, esto no fue un ataque a mi, fue un ataque al Gobierno&#8221;, coment\u00f3.<\/p>\n<p>Por \u00faltimo, defendi\u00f3 el plan econ\u00f3mico de esta administraci\u00f3n y argument\u00f3 que \u201cen estos dos a\u00f1os creci\u00f3 de punta a punta\u201d y se est\u00e1 \u201chaciendo todo para que el crecimiento contin\u00fae\u201d.<\/p>\n<p>\u201cEl monstruo de la inflaci\u00f3n va a morir, porque estamos haciendo todo lo que hay que hacer. Estamos siguiendo al pie de la letra en la pol\u00edtica monetaria y fiscal. Hoy ten\u00e9s la macroeconom\u00eda ordenada. Esto no lo vieron nunca. Tenemos un mont\u00f3n de resortes que hacen que este tipo de cosas hay que ver c\u00f3mo evoluciona\u201d, manifest\u00f3.<\/p>\n<p>Y pidi\u00f3: \u201cLa gente tiene que confiar, porque lo que el Presidente prometi\u00f3, se cumpli\u00f3. Falta un mont\u00f3n. Bajamos la pobreza a la mitad, es un gran dato. Falta un mont\u00f3n, jam\u00e1s vamos a decir que el trabajo est\u00e1 hecho\u201d.<\/p>\n<p>&nbsp;<\/p>\n<p>&nbsp;<\/p>\n<p>&nbsp;<\/p>\n","protected":false},"excerpt":{"rendered":"<p>\u201cFue una p\u00e9sima decisi\u00f3n&#8221; El jefe de Gabinete reconoci\u00f3 que se equivoc\u00f3 al haber aceptado la invitaci\u00f3n para que su pareja volara junto a \u00e9l en el avi\u00f3n presidencial y asegur\u00f3 que \u201cla vara va a seguir estando en el mismo lugar, bien alta\u201d A casi una semana de la controversia que lo llev\u00f3 a [&hellip;]<\/p>\n","protected":false},"author":4,"featured_media":210322,"comment_status":"open","ping_status":"open","sticky":false,"template":"","format":"standard","meta":{"_joinchat":[],"footnotes":""},"categories":[29],"tags":[],"class_list":{"0":"post-210321","1":"post","2":"type-post","3":"status-publish","4":"format-standard","5":"has-post-thumbnail","7":"category-nacionales"},"yoast_head":"<!-- This site is optimized with the Yoast SEO plugin v27.2 - https:\/\/yoast.com\/product\/yoast-seo-wordpress\/ -->\n<title>Adorni pidi\u00f3 disculpas por el viaje de su esposa a Nueva York - Radio Infinita Goya<\/title>\n<meta name=\"description\" content=\"\u201cFue una p\u00e9sima decisi\u00f3n&quot; El jefe de Gabinete reconoci\u00f3 que se equivoc\u00f3 al haber aceptado la invitaci\u00f3n para que su pareja volara junto a \u00e9l en el avi\u00f3n\" \/>\n<meta name=\"robots\" content=\"index, follow, max-snippet:-1, max-image-preview:large, max-video-preview:-1\" \/>\n<link rel=\"canonical\" href=\"https:\/\/radioinfinitagoya.com.ar\/v1\/2026\/03\/16\/adorni-pidio-disculpas-por-el-viaje-de-su-esposa-a-nueva-york\/\" \/>\n<meta property=\"og:locale\" content=\"es_ES\" \/>\n<meta property=\"og:type\" content=\"article\" \/>\n<meta property=\"og:title\" content=\"Adorni pidi\u00f3 disculpas por el viaje de su esposa a Nueva York - Radio Infinita Goya\" \/>\n<meta property=\"og:description\" content=\"\u201cFue una p\u00e9sima decisi\u00f3n&quot; El jefe de Gabinete reconoci\u00f3 que se equivoc\u00f3 al haber aceptado la invitaci\u00f3n para que su pareja volara junto a \u00e9l en el avi\u00f3n\" \/>\n<meta property=\"og:url\" content=\"https:\/\/radioinfinitagoya.com.ar\/v1\/2026\/03\/16\/adorni-pidio-disculpas-por-el-viaje-de-su-esposa-a-nueva-york\/\" \/>\n<meta property=\"og:site_name\" content=\"Radio Infinita Goya\" \/>\n<meta property=\"article:publisher\" content=\"https:\/\/www.facebook.com\/p\/Infinita-Goya-100063870918311\/\" \/>\n<meta property=\"article:published_time\" content=\"2026-03-16T19:17:16+00:00\" \/>\n<meta property=\"og:image\" content=\"https:\/\/radioinfinitagoya.com.ar\/v1\/wp-content\/uploads\/2026\/03\/e3vDalx7.jpg\" \/>\n\t<meta property=\"og:image:width\" content=\"680\" \/>\n\t<meta property=\"og:image:height\" content=\"340\" \/>\n\t<meta property=\"og:image:type\" content=\"image\/jpeg\" \/>\n<meta name=\"author\" content=\"Jorge Mi\u00f1o\" \/>\n<meta name=\"twitter:card\" content=\"summary_large_image\" \/>\n<meta name=\"twitter:label1\" content=\"Escrito por\" \/>\n\t<meta name=\"twitter:data1\" content=\"Jorge Mi\u00f1o\" \/>\n\t<meta name=\"twitter:label2\" content=\"Tiempo de lectura\" \/>\n\t<meta name=\"twitter:data2\" content=\"5 minutos\" \/>\n<script type=\"application\/ld+json\" class=\"yoast-schema-graph\">{\"@context\":\"https:\/\/schema.org\",\"@graph\":[{\"@type\":\"Article\",\"@id\":\"https:\/\/radioinfinitagoya.com.ar\/v1\/2026\/03\/16\/adorni-pidio-disculpas-por-el-viaje-de-su-esposa-a-nueva-york\/#article\",\"isPartOf\":{\"@id\":\"https:\/\/radioinfinitagoya.com.ar\/v1\/2026\/03\/16\/adorni-pidio-disculpas-por-el-viaje-de-su-esposa-a-nueva-york\/\"},\"author\":{\"name\":\"Jorge Mi\u00f1o\",\"@id\":\"https:\/\/radioinfinitagoya.com.ar\/v1\/#\/schema\/person\/d4cf9c413d4f6edb24aabdccab49ca4a\"},\"headline\":\"Adorni pidi\u00f3 disculpas por el viaje de su esposa a Nueva York\",\"datePublished\":\"2026-03-16T19:17:16+00:00\",\"mainEntityOfPage\":{\"@id\":\"https:\/\/radioinfinitagoya.com.ar\/v1\/2026\/03\/16\/adorni-pidio-disculpas-por-el-viaje-de-su-esposa-a-nueva-york\/\"},\"wordCount\":932,\"commentCount\":0,\"publisher\":{\"@id\":\"https:\/\/radioinfinitagoya.com.ar\/v1\/#organization\"},\"image\":{\"@id\":\"https:\/\/radioinfinitagoya.com.ar\/v1\/2026\/03\/16\/adorni-pidio-disculpas-por-el-viaje-de-su-esposa-a-nueva-york\/#primaryimage\"},\"thumbnailUrl\":\"https:\/\/radioinfinitagoya.com.ar\/v1\/wp-content\/uploads\/2026\/03\/e3vDalx7.jpg\",\"articleSection\":[\"NACIONALES\"],\"inLanguage\":\"es-AR\",\"potentialAction\":[{\"@type\":\"CommentAction\",\"name\":\"Comment\",\"target\":[\"https:\/\/radioinfinitagoya.com.ar\/v1\/2026\/03\/16\/adorni-pidio-disculpas-por-el-viaje-de-su-esposa-a-nueva-york\/#respond\"]}]},{\"@type\":\"WebPage\",\"@id\":\"https:\/\/radioinfinitagoya.com.ar\/v1\/2026\/03\/16\/adorni-pidio-disculpas-por-el-viaje-de-su-esposa-a-nueva-york\/\",\"url\":\"https:\/\/radioinfinitagoya.com.ar\/v1\/2026\/03\/16\/adorni-pidio-disculpas-por-el-viaje-de-su-esposa-a-nueva-york\/\",\"name\":\"Adorni pidi\u00f3 disculpas por el viaje de su esposa a Nueva York - Radio Infinita Goya\",\"isPartOf\":{\"@id\":\"https:\/\/radioinfinitagoya.com.ar\/v1\/#website\"},\"primaryImageOfPage\":{\"@id\":\"https:\/\/radioinfinitagoya.com.ar\/v1\/2026\/03\/16\/adorni-pidio-disculpas-por-el-viaje-de-su-esposa-a-nueva-york\/#primaryimage\"},\"image\":{\"@id\":\"https:\/\/radioinfinitagoya.com.ar\/v1\/2026\/03\/16\/adorni-pidio-disculpas-por-el-viaje-de-su-esposa-a-nueva-york\/#primaryimage\"},\"thumbnailUrl\":\"https:\/\/radioinfinitagoya.com.ar\/v1\/wp-content\/uploads\/2026\/03\/e3vDalx7.jpg\",\"datePublished\":\"2026-03-16T19:17:16+00:00\",\"description\":\"\u201cFue una p\u00e9sima decisi\u00f3n\\\" El jefe de Gabinete reconoci\u00f3 que se equivoc\u00f3 al haber aceptado la invitaci\u00f3n para que su pareja volara junto a \u00e9l en el avi\u00f3n\",\"breadcrumb\":{\"@id\":\"https:\/\/radioinfinitagoya.com.ar\/v1\/2026\/03\/16\/adorni-pidio-disculpas-por-el-viaje-de-su-esposa-a-nueva-york\/#breadcrumb\"},\"inLanguage\":\"es-AR\",\"potentialAction\":[{\"@type\":\"ReadAction\",\"target\":[\"https:\/\/radioinfinitagoya.com.ar\/v1\/2026\/03\/16\/adorni-pidio-disculpas-por-el-viaje-de-su-esposa-a-nueva-york\/\"]}]},{\"@type\":\"ImageObject\",\"inLanguage\":\"es-AR\",\"@id\":\"https:\/\/radioinfinitagoya.com.ar\/v1\/2026\/03\/16\/adorni-pidio-disculpas-por-el-viaje-de-su-esposa-a-nueva-york\/#primaryimage\",\"url\":\"https:\/\/radioinfinitagoya.com.ar\/v1\/wp-content\/uploads\/2026\/03\/e3vDalx7.jpg\",\"contentUrl\":\"https:\/\/radioinfinitagoya.com.ar\/v1\/wp-content\/uploads\/2026\/03\/e3vDalx7.jpg\",\"width\":680,\"height\":340},{\"@type\":\"BreadcrumbList\",\"@id\":\"https:\/\/radioinfinitagoya.com.ar\/v1\/2026\/03\/16\/adorni-pidio-disculpas-por-el-viaje-de-su-esposa-a-nueva-york\/#breadcrumb\",\"itemListElement\":[{\"@type\":\"ListItem\",\"position\":1,\"name\":\"Inicio\",\"item\":\"https:\/\/radioinfinitagoya.com.ar\/v1\/\"},{\"@type\":\"ListItem\",\"position\":2,\"name\":\"Adorni pidi\u00f3 disculpas por el viaje de su esposa a Nueva York\"}]},{\"@type\":\"WebSite\",\"@id\":\"https:\/\/radioinfinitagoya.com.ar\/v1\/#website\",\"url\":\"https:\/\/radioinfinitagoya.com.ar\/v1\/\",\"name\":\"radioinfinitagoya.com.ar\",\"description\":\"Radio de noticias\",\"publisher\":{\"@id\":\"https:\/\/radioinfinitagoya.com.ar\/v1\/#organization\"},\"potentialAction\":[{\"@type\":\"SearchAction\",\"target\":{\"@type\":\"EntryPoint\",\"urlTemplate\":\"https:\/\/radioinfinitagoya.com.ar\/v1\/?s={search_term_string}\"},\"query-input\":{\"@type\":\"PropertyValueSpecification\",\"valueRequired\":true,\"valueName\":\"search_term_string\"}}],\"inLanguage\":\"es-AR\"},{\"@type\":\"Organization\",\"@id\":\"https:\/\/radioinfinitagoya.com.ar\/v1\/#organization\",\"name\":\"Radio Infinita Goya\",\"url\":\"https:\/\/radioinfinitagoya.com.ar\/v1\/\",\"logo\":{\"@type\":\"ImageObject\",\"inLanguage\":\"es-AR\",\"@id\":\"https:\/\/radioinfinitagoya.com.ar\/v1\/#\/schema\/logo\/image\/\",\"url\":\"https:\/\/radioinfinitagoya.com.ar\/v1\/wp-content\/uploads\/2019\/11\/logo-pie-web.png\",\"contentUrl\":\"https:\/\/radioinfinitagoya.com.ar\/v1\/wp-content\/uploads\/2019\/11\/logo-pie-web.png\",\"width\":635,\"height\":326,\"caption\":\"Radio Infinita Goya\"},\"image\":{\"@id\":\"https:\/\/radioinfinitagoya.com.ar\/v1\/#\/schema\/logo\/image\/\"},\"sameAs\":[\"https:\/\/www.facebook.com\/p\/Infinita-Goya-100063870918311\/\"]},{\"@type\":\"Person\",\"@id\":\"https:\/\/radioinfinitagoya.com.ar\/v1\/#\/schema\/person\/d4cf9c413d4f6edb24aabdccab49ca4a\",\"name\":\"Jorge Mi\u00f1o\",\"image\":{\"@type\":\"ImageObject\",\"inLanguage\":\"es-AR\",\"@id\":\"https:\/\/secure.gravatar.com\/avatar\/910fcf6728fe95320e07a6643c1581fec1c7fc4bf8ae12e3d8f0d0373dc844be?s=96&d=mm&r=g\",\"url\":\"https:\/\/secure.gravatar.com\/avatar\/910fcf6728fe95320e07a6643c1581fec1c7fc4bf8ae12e3d8f0d0373dc844be?s=96&d=mm&r=g\",\"contentUrl\":\"https:\/\/secure.gravatar.com\/avatar\/910fcf6728fe95320e07a6643c1581fec1c7fc4bf8ae12e3d8f0d0373dc844be?s=96&d=mm&r=g\",\"caption\":\"Jorge Mi\u00f1o\"},\"sameAs\":[\"http:\/\/radioinfinitagoya.com.ar\"]}]}<\/script>\n<!-- \/ Yoast SEO plugin. -->","yoast_head_json":{"title":"Adorni pidi\u00f3 disculpas por el viaje de su esposa a Nueva York - Radio Infinita Goya","description":"\u201cFue una p\u00e9sima decisi\u00f3n\" El jefe de Gabinete reconoci\u00f3 que se equivoc\u00f3 al haber aceptado la invitaci\u00f3n para que su pareja volara junto a \u00e9l en el avi\u00f3n","robots":{"index":"index","follow":"follow","max-snippet":"max-snippet:-1","max-image-preview":"max-image-preview:large","max-video-preview":"max-video-preview:-1"},"canonical":"https:\/\/radioinfinitagoya.com.ar\/v1\/2026\/03\/16\/adorni-pidio-disculpas-por-el-viaje-de-su-esposa-a-nueva-york\/","og_locale":"es_ES","og_type":"article","og_title":"Adorni pidi\u00f3 disculpas por el viaje de su esposa a Nueva York - Radio Infinita Goya","og_description":"\u201cFue una p\u00e9sima decisi\u00f3n\" El jefe de Gabinete reconoci\u00f3 que se equivoc\u00f3 al haber aceptado la invitaci\u00f3n para que su pareja volara junto a \u00e9l en el avi\u00f3n","og_url":"https:\/\/radioinfinitagoya.com.ar\/v1\/2026\/03\/16\/adorni-pidio-disculpas-por-el-viaje-de-su-esposa-a-nueva-york\/","og_site_name":"Radio Infinita Goya","article_publisher":"https:\/\/www.facebook.com\/p\/Infinita-Goya-100063870918311\/","article_published_time":"2026-03-16T19:17:16+00:00","og_image":[{"width":680,"height":340,"url":"https:\/\/radioinfinitagoya.com.ar\/v1\/wp-content\/uploads\/2026\/03\/e3vDalx7.jpg","type":"image\/jpeg"}],"author":"Jorge Mi\u00f1o","twitter_card":"summary_large_image","twitter_misc":{"Escrito por":"Jorge Mi\u00f1o","Tiempo de lectura":"5 minutos"},"schema":{"@context":"https:\/\/schema.org","@graph":[{"@type":"Article","@id":"https:\/\/radioinfinitagoya.com.ar\/v1\/2026\/03\/16\/adorni-pidio-disculpas-por-el-viaje-de-su-esposa-a-nueva-york\/#article","isPartOf":{"@id":"https:\/\/radioinfinitagoya.com.ar\/v1\/2026\/03\/16\/adorni-pidio-disculpas-por-el-viaje-de-su-esposa-a-nueva-york\/"},"author":{"name":"Jorge Mi\u00f1o","@id":"https:\/\/radioinfinitagoya.com.ar\/v1\/#\/schema\/person\/d4cf9c413d4f6edb24aabdccab49ca4a"},"headline":"Adorni pidi\u00f3 disculpas por el viaje de su esposa a Nueva York","datePublished":"2026-03-16T19:17:16+00:00","mainEntityOfPage":{"@id":"https:\/\/radioinfinitagoya.com.ar\/v1\/2026\/03\/16\/adorni-pidio-disculpas-por-el-viaje-de-su-esposa-a-nueva-york\/"},"wordCount":932,"commentCount":0,"publisher":{"@id":"https:\/\/radioinfinitagoya.com.ar\/v1\/#organization"},"image":{"@id":"https:\/\/radioinfinitagoya.com.ar\/v1\/2026\/03\/16\/adorni-pidio-disculpas-por-el-viaje-de-su-esposa-a-nueva-york\/#primaryimage"},"thumbnailUrl":"https:\/\/radioinfinitagoya.com.ar\/v1\/wp-content\/uploads\/2026\/03\/e3vDalx7.jpg","articleSection":["NACIONALES"],"inLanguage":"es-AR","potentialAction":[{"@type":"CommentAction","name":"Comment","target":["https:\/\/radioinfinitagoya.com.ar\/v1\/2026\/03\/16\/adorni-pidio-disculpas-por-el-viaje-de-su-esposa-a-nueva-york\/#respond"]}]},{"@type":"WebPage","@id":"https:\/\/radioinfinitagoya.com.ar\/v1\/2026\/03\/16\/adorni-pidio-disculpas-por-el-viaje-de-su-esposa-a-nueva-york\/","url":"https:\/\/radioinfinitagoya.com.ar\/v1\/2026\/03\/16\/adorni-pidio-disculpas-por-el-viaje-de-su-esposa-a-nueva-york\/","name":"Adorni pidi\u00f3 disculpas por el viaje de su esposa a Nueva York - Radio Infinita Goya","isPartOf":{"@id":"https:\/\/radioinfinitagoya.com.ar\/v1\/#website"},"primaryImageOfPage":{"@id":"https:\/\/radioinfinitagoya.com.ar\/v1\/2026\/03\/16\/adorni-pidio-disculpas-por-el-viaje-de-su-esposa-a-nueva-york\/#primaryimage"},"image":{"@id":"https:\/\/radioinfinitagoya.com.ar\/v1\/2026\/03\/16\/adorni-pidio-disculpas-por-el-viaje-de-su-esposa-a-nueva-york\/#primaryimage"},"thumbnailUrl":"https:\/\/radioinfinitagoya.com.ar\/v1\/wp-content\/uploads\/2026\/03\/e3vDalx7.jpg","datePublished":"2026-03-16T19:17:16+00:00","description":"\u201cFue una p\u00e9sima decisi\u00f3n\" El jefe de Gabinete reconoci\u00f3 que se equivoc\u00f3 al haber aceptado la invitaci\u00f3n para que su pareja volara junto a \u00e9l en el avi\u00f3n","breadcrumb":{"@id":"https:\/\/radioinfinitagoya.com.ar\/v1\/2026\/03\/16\/adorni-pidio-disculpas-por-el-viaje-de-su-esposa-a-nueva-york\/#breadcrumb"},"inLanguage":"es-AR","potentialAction":[{"@type":"ReadAction","target":["https:\/\/radioinfinitagoya.com.ar\/v1\/2026\/03\/16\/adorni-pidio-disculpas-por-el-viaje-de-su-esposa-a-nueva-york\/"]}]},{"@type":"ImageObject","inLanguage":"es-AR","@id":"https:\/\/radioinfinitagoya.com.ar\/v1\/2026\/03\/16\/adorni-pidio-disculpas-por-el-viaje-de-su-esposa-a-nueva-york\/#primaryimage","url":"https:\/\/radioinfinitagoya.com.ar\/v1\/wp-content\/uploads\/2026\/03\/e3vDalx7.jpg","contentUrl":"https:\/\/radioinfinitagoya.com.ar\/v1\/wp-content\/uploads\/2026\/03\/e3vDalx7.jpg","width":680,"height":340},{"@type":"BreadcrumbList","@id":"https:\/\/radioinfinitagoya.com.ar\/v1\/2026\/03\/16\/adorni-pidio-disculpas-por-el-viaje-de-su-esposa-a-nueva-york\/#breadcrumb","itemListElement":[{"@type":"ListItem","position":1,"name":"Inicio","item":"https:\/\/radioinfinitagoya.com.ar\/v1\/"},{"@type":"ListItem","position":2,"name":"Adorni pidi\u00f3 disculpas por el viaje de su esposa a Nueva York"}]},{"@type":"WebSite","@id":"https:\/\/radioinfinitagoya.com.ar\/v1\/#website","url":"https:\/\/radioinfinitagoya.com.ar\/v1\/","name":"radioinfinitagoya.com.ar","description":"Radio de noticias","publisher":{"@id":"https:\/\/radioinfinitagoya.com.ar\/v1\/#organization"},"potentialAction":[{"@type":"SearchAction","target":{"@type":"EntryPoint","urlTemplate":"https:\/\/radioinfinitagoya.com.ar\/v1\/?s={search_term_string}"},"query-input":{"@type":"PropertyValueSpecification","valueRequired":true,"valueName":"search_term_string"}}],"inLanguage":"es-AR"},{"@type":"Organization","@id":"https:\/\/radioinfinitagoya.com.ar\/v1\/#organization","name":"Radio Infinita Goya","url":"https:\/\/radioinfinitagoya.com.ar\/v1\/","logo":{"@type":"ImageObject","inLanguage":"es-AR","@id":"https:\/\/radioinfinitagoya.com.ar\/v1\/#\/schema\/logo\/image\/","url":"https:\/\/radioinfinitagoya.com.ar\/v1\/wp-content\/uploads\/2019\/11\/logo-pie-web.png","contentUrl":"https:\/\/radioinfinitagoya.com.ar\/v1\/wp-content\/uploads\/2019\/11\/logo-pie-web.png","width":635,"height":326,"caption":"Radio Infinita Goya"},"image":{"@id":"https:\/\/radioinfinitagoya.com.ar\/v1\/#\/schema\/logo\/image\/"},"sameAs":["https:\/\/www.facebook.com\/p\/Infinita-Goya-100063870918311\/"]},{"@type":"Person","@id":"https:\/\/radioinfinitagoya.com.ar\/v1\/#\/schema\/person\/d4cf9c413d4f6edb24aabdccab49ca4a","name":"Jorge Mi\u00f1o","image":{"@type":"ImageObject","inLanguage":"es-AR","@id":"https:\/\/secure.gravatar.com\/avatar\/910fcf6728fe95320e07a6643c1581fec1c7fc4bf8ae12e3d8f0d0373dc844be?s=96&d=mm&r=g","url":"https:\/\/secure.gravatar.com\/avatar\/910fcf6728fe95320e07a6643c1581fec1c7fc4bf8ae12e3d8f0d0373dc844be?s=96&d=mm&r=g","contentUrl":"https:\/\/secure.gravatar.com\/avatar\/910fcf6728fe95320e07a6643c1581fec1c7fc4bf8ae12e3d8f0d0373dc844be?s=96&d=mm&r=g","caption":"Jorge Mi\u00f1o"},"sameAs":["http:\/\/radioinfinitagoya.com.ar"]}]}},"_links":{"self":[{"href":"https:\/\/radioinfinitagoya.com.ar\/v1\/wp-json\/wp\/v2\/posts\/210321","targetHints":{"allow":["GET"]}}],"collection":[{"href":"https:\/\/radioinfinitagoya.com.ar\/v1\/wp-json\/wp\/v2\/posts"}],"about":[{"href":"https:\/\/radioinfinitagoya.com.ar\/v1\/wp-json\/wp\/v2\/types\/post"}],"author":[{"embeddable":true,"href":"https:\/\/radioinfinitagoya.com.ar\/v1\/wp-json\/wp\/v2\/users\/4"}],"replies":[{"embeddable":true,"href":"https:\/\/radioinfinitagoya.com.ar\/v1\/wp-json\/wp\/v2\/comments?post=210321"}],"version-history":[{"count":0,"href":"https:\/\/radioinfinitagoya.com.ar\/v1\/wp-json\/wp\/v2\/posts\/210321\/revisions"}],"wp:featuredmedia":[{"embeddable":true,"href":"https:\/\/radioinfinitagoya.com.ar\/v1\/wp-json\/wp\/v2\/media\/210322"}],"wp:attachment":[{"href":"https:\/\/radioinfinitagoya.com.ar\/v1\/wp-json\/wp\/v2\/media?parent=210321"}],"wp:term":[{"taxonomy":"category","embeddable":true,"href":"https:\/\/radioinfinitagoya.com.ar\/v1\/wp-json\/wp\/v2\/categories?post=210321"},{"taxonomy":"post_tag","embeddable":true,"href":"https:\/\/radioinfinitagoya.com.ar\/v1\/wp-json\/wp\/v2\/tags?post=210321"}],"curies":[{"name":"wp","href":"https:\/\/api.w.org\/{rel}","templated":true}]}}