{"id":210324,"date":"2026-03-16T16:20:50","date_gmt":"2026-03-16T19:20:50","guid":{"rendered":"https:\/\/radioinfinitagoya.com.ar\/v1\/?p=210324"},"modified":"2026-03-16T16:20:50","modified_gmt":"2026-03-16T19:20:50","slug":"alarma-en-el-turismo-caida-historica-de-reservas-para-los-proximos-fines-de-semana-largos","status":"publish","type":"post","link":"https:\/\/radioinfinitagoya.com.ar\/v1\/2026\/03\/16\/alarma-en-el-turismo-caida-historica-de-reservas-para-los-proximos-fines-de-semana-largos\/","title":{"rendered":"Alarma en el turismo: ca\u00edda hist\u00f3rica de reservas para los pr\u00f3ximos fines de semana largos"},"content":{"rendered":"<p>Empresarios del turismo advierten que manejan n\u00fameros similares a los de la pandemia en reservas para el fin de semana extralargo de marzo y Semana Santa.<\/p>\n<p>El turismo en Argentina, la &#8220;industria sin chimenea&#8221;, atraviesa un momento de fuerte preocupaci\u00f3n. A pesar de la inminencia de dos fines de semana extra largos casi consecutivos, las reservas en los centros m\u00e1s importantes de se encuentran en niveles hist\u00f3ricamente bajos, dejando un escenario de gran incertidumbre.<\/p>\n<p>Un panorama dispar, pero con escasez generalizada<br \/>\nSeg\u00fan un relevamiento de la Agencia Noticias Argentinas, la situaci\u00f3n var\u00eda levemente seg\u00fan el punto del mapa, pero el denominador com\u00fan es la enorme sobreoferta de alojamientos en las principales aplicaciones de alquiler.<\/p>\n<p>Costa Atl\u00e1ntica: En destinos como Mar del Plata, se registra un volumen ligeramente mayor de reservas para el inminente fin de semana largo de marzo en comparaci\u00f3n con Pascuas. Sin embargo, el nivel es tan bajo que un importante empresario local advirti\u00f3: &#8220;Pr\u00e1cticamente no hay reservas. Los datos previos son similares a los de la pandemia&#8221;.<\/p>\n<p>C\u00f3rdoba y Litoral: En contraste, plazas como Villa Carlos Paz y Cataratas del Iguaz\u00fa muestran el fen\u00f3meno inverso. All\u00ed, la escasa demanda presenta un leve repunte para los d\u00edas de Semana Santa por sobre los feriados de marzo. Aun as\u00ed, el volumen general de consultas es m\u00ednimo y plataformas como Airbnb muestran m\u00e1s de mil plazas vacantes en estos destinos.<\/p>\n<p>La crisis afecta al turismo en las Cataratas del Iguaz\u00fa<br \/>\nCu\u00e1les son los feriados XL que se acercan<br \/>\nEste escenario cr\u00edtico y at\u00edpico para el sector se da justo en la antesala de dos fechas clave en el calendario que promet\u00edan reactivar el consumo:<\/p>\n<p>Fin de semana de marzo: Un descanso extra largo que une este fin de semana con el lunes 23 (declarado d\u00eda no laborable con fines tur\u00edsticos) y el martes 24 de marzo (D\u00eda Nacional de la Memoria por la Verdad y la Justicia).<\/p>\n<p>Semana Santa: Apenas unos d\u00edas despu\u00e9s, llega otro fin de semana largo que comienza el jueves 2 de abril (D\u00eda del Veterano y de los Ca\u00eddos en la Guerra de Malvinas) y empalma directamente con el viernes 3 de abril (Viernes Santo).<\/p>\n","protected":false},"excerpt":{"rendered":"<p>Empresarios del turismo advierten que manejan n\u00fameros similares a los de la pandemia en reservas para el fin de semana extralargo de marzo y Semana Santa. El turismo en Argentina, la &#8220;industria sin chimenea&#8221;, atraviesa un momento de fuerte preocupaci\u00f3n. A pesar de la inminencia de dos fines de semana extra largos casi consecutivos, las [&hellip;]<\/p>\n","protected":false},"author":4,"featured_media":210325,"comment_status":"open","ping_status":"open","sticky":false,"template":"","format":"standard","meta":{"_joinchat":[],"footnotes":""},"categories":[29],"tags":[],"class_list":{"0":"post-210324","1":"post","2":"type-post","3":"status-publish","4":"format-standard","5":"has-post-thumbnail","7":"category-nacionales"},"yoast_head":"<!-- This site is optimized with the Yoast SEO plugin v27.2 - https:\/\/yoast.com\/product\/yoast-seo-wordpress\/ -->\n<title>Alarma en el turismo: ca\u00edda hist\u00f3rica de reservas para los pr\u00f3ximos fines de semana largos - Radio Infinita Goya<\/title>\n<meta name=\"description\" content=\"Empresarios del turismo advierten que manejan n\u00fameros similares a los de la pandemia en reservas para el fin de semana extralargo de marzo y Semana Santa.\" \/>\n<meta name=\"robots\" content=\"index, follow, max-snippet:-1, max-image-preview:large, max-video-preview:-1\" \/>\n<link rel=\"canonical\" href=\"https:\/\/radioinfinitagoya.com.ar\/v1\/2026\/03\/16\/alarma-en-el-turismo-caida-historica-de-reservas-para-los-proximos-fines-de-semana-largos\/\" \/>\n<meta property=\"og:locale\" content=\"es_ES\" \/>\n<meta property=\"og:type\" content=\"article\" \/>\n<meta property=\"og:title\" content=\"Alarma en el turismo: ca\u00edda hist\u00f3rica de reservas para los pr\u00f3ximos fines de semana largos - Radio Infinita Goya\" \/>\n<meta property=\"og:description\" content=\"Empresarios del turismo advierten que manejan n\u00fameros similares a los de la pandemia en reservas para el fin de semana extralargo de marzo y Semana Santa.\" \/>\n<meta property=\"og:url\" content=\"https:\/\/radioinfinitagoya.com.ar\/v1\/2026\/03\/16\/alarma-en-el-turismo-caida-historica-de-reservas-para-los-proximos-fines-de-semana-largos\/\" \/>\n<meta property=\"og:site_name\" content=\"Radio Infinita Goya\" \/>\n<meta property=\"article:publisher\" content=\"https:\/\/www.facebook.com\/p\/Infinita-Goya-100063870918311\/\" \/>\n<meta property=\"article:published_time\" content=\"2026-03-16T19:20:50+00:00\" \/>\n<meta property=\"og:image\" content=\"https:\/\/radioinfinitagoya.com.ar\/v1\/wp-content\/uploads\/2026\/03\/269776w850h569c.jpg.webp\" \/>\n\t<meta property=\"og:image:width\" content=\"850\" \/>\n\t<meta property=\"og:image:height\" content=\"569\" \/>\n\t<meta property=\"og:image:type\" content=\"image\/webp\" \/>\n<meta name=\"author\" content=\"Jorge Mi\u00f1o\" \/>\n<meta name=\"twitter:card\" content=\"summary_large_image\" \/>\n<meta name=\"twitter:label1\" content=\"Escrito por\" \/>\n\t<meta name=\"twitter:data1\" content=\"Jorge Mi\u00f1o\" \/>\n\t<meta name=\"twitter:label2\" content=\"Tiempo de lectura\" \/>\n\t<meta name=\"twitter:data2\" content=\"2 minutos\" \/>\n<script type=\"application\/ld+json\" class=\"yoast-schema-graph\">{\"@context\":\"https:\/\/schema.org\",\"@graph\":[{\"@type\":\"Article\",\"@id\":\"https:\/\/radioinfinitagoya.com.ar\/v1\/2026\/03\/16\/alarma-en-el-turismo-caida-historica-de-reservas-para-los-proximos-fines-de-semana-largos\/#article\",\"isPartOf\":{\"@id\":\"https:\/\/radioinfinitagoya.com.ar\/v1\/2026\/03\/16\/alarma-en-el-turismo-caida-historica-de-reservas-para-los-proximos-fines-de-semana-largos\/\"},\"author\":{\"name\":\"Jorge Mi\u00f1o\",\"@id\":\"https:\/\/radioinfinitagoya.com.ar\/v1\/#\/schema\/person\/d4cf9c413d4f6edb24aabdccab49ca4a\"},\"headline\":\"Alarma en el turismo: ca\u00edda hist\u00f3rica de reservas para los pr\u00f3ximos fines de semana largos\",\"datePublished\":\"2026-03-16T19:20:50+00:00\",\"mainEntityOfPage\":{\"@id\":\"https:\/\/radioinfinitagoya.com.ar\/v1\/2026\/03\/16\/alarma-en-el-turismo-caida-historica-de-reservas-para-los-proximos-fines-de-semana-largos\/\"},\"wordCount\":401,\"commentCount\":0,\"publisher\":{\"@id\":\"https:\/\/radioinfinitagoya.com.ar\/v1\/#organization\"},\"image\":{\"@id\":\"https:\/\/radioinfinitagoya.com.ar\/v1\/2026\/03\/16\/alarma-en-el-turismo-caida-historica-de-reservas-para-los-proximos-fines-de-semana-largos\/#primaryimage\"},\"thumbnailUrl\":\"https:\/\/radioinfinitagoya.com.ar\/v1\/wp-content\/uploads\/2026\/03\/269776w850h569c.jpg.webp\",\"articleSection\":[\"NACIONALES\"],\"inLanguage\":\"es-AR\",\"potentialAction\":[{\"@type\":\"CommentAction\",\"name\":\"Comment\",\"target\":[\"https:\/\/radioinfinitagoya.com.ar\/v1\/2026\/03\/16\/alarma-en-el-turismo-caida-historica-de-reservas-para-los-proximos-fines-de-semana-largos\/#respond\"]}]},{\"@type\":\"WebPage\",\"@id\":\"https:\/\/radioinfinitagoya.com.ar\/v1\/2026\/03\/16\/alarma-en-el-turismo-caida-historica-de-reservas-para-los-proximos-fines-de-semana-largos\/\",\"url\":\"https:\/\/radioinfinitagoya.com.ar\/v1\/2026\/03\/16\/alarma-en-el-turismo-caida-historica-de-reservas-para-los-proximos-fines-de-semana-largos\/\",\"name\":\"Alarma en el turismo: ca\u00edda hist\u00f3rica de reservas para los pr\u00f3ximos fines de semana largos - Radio Infinita Goya\",\"isPartOf\":{\"@id\":\"https:\/\/radioinfinitagoya.com.ar\/v1\/#website\"},\"primaryImageOfPage\":{\"@id\":\"https:\/\/radioinfinitagoya.com.ar\/v1\/2026\/03\/16\/alarma-en-el-turismo-caida-historica-de-reservas-para-los-proximos-fines-de-semana-largos\/#primaryimage\"},\"image\":{\"@id\":\"https:\/\/radioinfinitagoya.com.ar\/v1\/2026\/03\/16\/alarma-en-el-turismo-caida-historica-de-reservas-para-los-proximos-fines-de-semana-largos\/#primaryimage\"},\"thumbnailUrl\":\"https:\/\/radioinfinitagoya.com.ar\/v1\/wp-content\/uploads\/2026\/03\/269776w850h569c.jpg.webp\",\"datePublished\":\"2026-03-16T19:20:50+00:00\",\"description\":\"Empresarios del turismo advierten que manejan n\u00fameros similares a los de la pandemia en reservas para el fin de semana extralargo de marzo y Semana Santa.\",\"breadcrumb\":{\"@id\":\"https:\/\/radioinfinitagoya.com.ar\/v1\/2026\/03\/16\/alarma-en-el-turismo-caida-historica-de-reservas-para-los-proximos-fines-de-semana-largos\/#breadcrumb\"},\"inLanguage\":\"es-AR\",\"potentialAction\":[{\"@type\":\"ReadAction\",\"target\":[\"https:\/\/radioinfinitagoya.com.ar\/v1\/2026\/03\/16\/alarma-en-el-turismo-caida-historica-de-reservas-para-los-proximos-fines-de-semana-largos\/\"]}]},{\"@type\":\"ImageObject\",\"inLanguage\":\"es-AR\",\"@id\":\"https:\/\/radioinfinitagoya.com.ar\/v1\/2026\/03\/16\/alarma-en-el-turismo-caida-historica-de-reservas-para-los-proximos-fines-de-semana-largos\/#primaryimage\",\"url\":\"https:\/\/radioinfinitagoya.com.ar\/v1\/wp-content\/uploads\/2026\/03\/269776w850h569c.jpg.webp\",\"contentUrl\":\"https:\/\/radioinfinitagoya.com.ar\/v1\/wp-content\/uploads\/2026\/03\/269776w850h569c.jpg.webp\",\"width\":850,\"height\":569},{\"@type\":\"BreadcrumbList\",\"@id\":\"https:\/\/radioinfinitagoya.com.ar\/v1\/2026\/03\/16\/alarma-en-el-turismo-caida-historica-de-reservas-para-los-proximos-fines-de-semana-largos\/#breadcrumb\",\"itemListElement\":[{\"@type\":\"ListItem\",\"position\":1,\"name\":\"Inicio\",\"item\":\"https:\/\/radioinfinitagoya.com.ar\/v1\/\"},{\"@type\":\"ListItem\",\"position\":2,\"name\":\"Alarma en el turismo: ca\u00edda hist\u00f3rica de reservas para los pr\u00f3ximos fines de semana largos\"}]},{\"@type\":\"WebSite\",\"@id\":\"https:\/\/radioinfinitagoya.com.ar\/v1\/#website\",\"url\":\"https:\/\/radioinfinitagoya.com.ar\/v1\/\",\"name\":\"radioinfinitagoya.com.ar\",\"description\":\"Radio de noticias\",\"publisher\":{\"@id\":\"https:\/\/radioinfinitagoya.com.ar\/v1\/#organization\"},\"potentialAction\":[{\"@type\":\"SearchAction\",\"target\":{\"@type\":\"EntryPoint\",\"urlTemplate\":\"https:\/\/radioinfinitagoya.com.ar\/v1\/?s={search_term_string}\"},\"query-input\":{\"@type\":\"PropertyValueSpecification\",\"valueRequired\":true,\"valueName\":\"search_term_string\"}}],\"inLanguage\":\"es-AR\"},{\"@type\":\"Organization\",\"@id\":\"https:\/\/radioinfinitagoya.com.ar\/v1\/#organization\",\"name\":\"Radio Infinita Goya\",\"url\":\"https:\/\/radioinfinitagoya.com.ar\/v1\/\",\"logo\":{\"@type\":\"ImageObject\",\"inLanguage\":\"es-AR\",\"@id\":\"https:\/\/radioinfinitagoya.com.ar\/v1\/#\/schema\/logo\/image\/\",\"url\":\"https:\/\/radioinfinitagoya.com.ar\/v1\/wp-content\/uploads\/2019\/11\/logo-pie-web.png\",\"contentUrl\":\"https:\/\/radioinfinitagoya.com.ar\/v1\/wp-content\/uploads\/2019\/11\/logo-pie-web.png\",\"width\":635,\"height\":326,\"caption\":\"Radio Infinita Goya\"},\"image\":{\"@id\":\"https:\/\/radioinfinitagoya.com.ar\/v1\/#\/schema\/logo\/image\/\"},\"sameAs\":[\"https:\/\/www.facebook.com\/p\/Infinita-Goya-100063870918311\/\"]},{\"@type\":\"Person\",\"@id\":\"https:\/\/radioinfinitagoya.com.ar\/v1\/#\/schema\/person\/d4cf9c413d4f6edb24aabdccab49ca4a\",\"name\":\"Jorge Mi\u00f1o\",\"image\":{\"@type\":\"ImageObject\",\"inLanguage\":\"es-AR\",\"@id\":\"https:\/\/secure.gravatar.com\/avatar\/910fcf6728fe95320e07a6643c1581fec1c7fc4bf8ae12e3d8f0d0373dc844be?s=96&d=mm&r=g\",\"url\":\"https:\/\/secure.gravatar.com\/avatar\/910fcf6728fe95320e07a6643c1581fec1c7fc4bf8ae12e3d8f0d0373dc844be?s=96&d=mm&r=g\",\"contentUrl\":\"https:\/\/secure.gravatar.com\/avatar\/910fcf6728fe95320e07a6643c1581fec1c7fc4bf8ae12e3d8f0d0373dc844be?s=96&d=mm&r=g\",\"caption\":\"Jorge Mi\u00f1o\"},\"sameAs\":[\"http:\/\/radioinfinitagoya.com.ar\"]}]}<\/script>\n<!-- \/ Yoast SEO plugin. -->","yoast_head_json":{"title":"Alarma en el turismo: ca\u00edda hist\u00f3rica de reservas para los pr\u00f3ximos fines de semana largos - Radio Infinita Goya","description":"Empresarios del turismo advierten que manejan n\u00fameros similares a los de la pandemia en reservas para el fin de semana extralargo de marzo y Semana Santa.","robots":{"index":"index","follow":"follow","max-snippet":"max-snippet:-1","max-image-preview":"max-image-preview:large","max-video-preview":"max-video-preview:-1"},"canonical":"https:\/\/radioinfinitagoya.com.ar\/v1\/2026\/03\/16\/alarma-en-el-turismo-caida-historica-de-reservas-para-los-proximos-fines-de-semana-largos\/","og_locale":"es_ES","og_type":"article","og_title":"Alarma en el turismo: ca\u00edda hist\u00f3rica de reservas para los pr\u00f3ximos fines de semana largos - Radio Infinita Goya","og_description":"Empresarios del turismo advierten que manejan n\u00fameros similares a los de la pandemia en reservas para el fin de semana extralargo de marzo y Semana Santa.","og_url":"https:\/\/radioinfinitagoya.com.ar\/v1\/2026\/03\/16\/alarma-en-el-turismo-caida-historica-de-reservas-para-los-proximos-fines-de-semana-largos\/","og_site_name":"Radio Infinita Goya","article_publisher":"https:\/\/www.facebook.com\/p\/Infinita-Goya-100063870918311\/","article_published_time":"2026-03-16T19:20:50+00:00","og_image":[{"width":850,"height":569,"url":"https:\/\/radioinfinitagoya.com.ar\/v1\/wp-content\/uploads\/2026\/03\/269776w850h569c.jpg.webp","type":"image\/webp"}],"author":"Jorge Mi\u00f1o","twitter_card":"summary_large_image","twitter_misc":{"Escrito por":"Jorge Mi\u00f1o","Tiempo de lectura":"2 minutos"},"schema":{"@context":"https:\/\/schema.org","@graph":[{"@type":"Article","@id":"https:\/\/radioinfinitagoya.com.ar\/v1\/2026\/03\/16\/alarma-en-el-turismo-caida-historica-de-reservas-para-los-proximos-fines-de-semana-largos\/#article","isPartOf":{"@id":"https:\/\/radioinfinitagoya.com.ar\/v1\/2026\/03\/16\/alarma-en-el-turismo-caida-historica-de-reservas-para-los-proximos-fines-de-semana-largos\/"},"author":{"name":"Jorge Mi\u00f1o","@id":"https:\/\/radioinfinitagoya.com.ar\/v1\/#\/schema\/person\/d4cf9c413d4f6edb24aabdccab49ca4a"},"headline":"Alarma en el turismo: ca\u00edda hist\u00f3rica de reservas para los pr\u00f3ximos fines de semana largos","datePublished":"2026-03-16T19:20:50+00:00","mainEntityOfPage":{"@id":"https:\/\/radioinfinitagoya.com.ar\/v1\/2026\/03\/16\/alarma-en-el-turismo-caida-historica-de-reservas-para-los-proximos-fines-de-semana-largos\/"},"wordCount":401,"commentCount":0,"publisher":{"@id":"https:\/\/radioinfinitagoya.com.ar\/v1\/#organization"},"image":{"@id":"https:\/\/radioinfinitagoya.com.ar\/v1\/2026\/03\/16\/alarma-en-el-turismo-caida-historica-de-reservas-para-los-proximos-fines-de-semana-largos\/#primaryimage"},"thumbnailUrl":"https:\/\/radioinfinitagoya.com.ar\/v1\/wp-content\/uploads\/2026\/03\/269776w850h569c.jpg.webp","articleSection":["NACIONALES"],"inLanguage":"es-AR","potentialAction":[{"@type":"CommentAction","name":"Comment","target":["https:\/\/radioinfinitagoya.com.ar\/v1\/2026\/03\/16\/alarma-en-el-turismo-caida-historica-de-reservas-para-los-proximos-fines-de-semana-largos\/#respond"]}]},{"@type":"WebPage","@id":"https:\/\/radioinfinitagoya.com.ar\/v1\/2026\/03\/16\/alarma-en-el-turismo-caida-historica-de-reservas-para-los-proximos-fines-de-semana-largos\/","url":"https:\/\/radioinfinitagoya.com.ar\/v1\/2026\/03\/16\/alarma-en-el-turismo-caida-historica-de-reservas-para-los-proximos-fines-de-semana-largos\/","name":"Alarma en el turismo: ca\u00edda hist\u00f3rica de reservas para los pr\u00f3ximos fines de semana largos - Radio Infinita Goya","isPartOf":{"@id":"https:\/\/radioinfinitagoya.com.ar\/v1\/#website"},"primaryImageOfPage":{"@id":"https:\/\/radioinfinitagoya.com.ar\/v1\/2026\/03\/16\/alarma-en-el-turismo-caida-historica-de-reservas-para-los-proximos-fines-de-semana-largos\/#primaryimage"},"image":{"@id":"https:\/\/radioinfinitagoya.com.ar\/v1\/2026\/03\/16\/alarma-en-el-turismo-caida-historica-de-reservas-para-los-proximos-fines-de-semana-largos\/#primaryimage"},"thumbnailUrl":"https:\/\/radioinfinitagoya.com.ar\/v1\/wp-content\/uploads\/2026\/03\/269776w850h569c.jpg.webp","datePublished":"2026-03-16T19:20:50+00:00","description":"Empresarios del turismo advierten que manejan n\u00fameros similares a los de la pandemia en reservas para el fin de semana extralargo de marzo y Semana Santa.","breadcrumb":{"@id":"https:\/\/radioinfinitagoya.com.ar\/v1\/2026\/03\/16\/alarma-en-el-turismo-caida-historica-de-reservas-para-los-proximos-fines-de-semana-largos\/#breadcrumb"},"inLanguage":"es-AR","potentialAction":[{"@type":"ReadAction","target":["https:\/\/radioinfinitagoya.com.ar\/v1\/2026\/03\/16\/alarma-en-el-turismo-caida-historica-de-reservas-para-los-proximos-fines-de-semana-largos\/"]}]},{"@type":"ImageObject","inLanguage":"es-AR","@id":"https:\/\/radioinfinitagoya.com.ar\/v1\/2026\/03\/16\/alarma-en-el-turismo-caida-historica-de-reservas-para-los-proximos-fines-de-semana-largos\/#primaryimage","url":"https:\/\/radioinfinitagoya.com.ar\/v1\/wp-content\/uploads\/2026\/03\/269776w850h569c.jpg.webp","contentUrl":"https:\/\/radioinfinitagoya.com.ar\/v1\/wp-content\/uploads\/2026\/03\/269776w850h569c.jpg.webp","width":850,"height":569},{"@type":"BreadcrumbList","@id":"https:\/\/radioinfinitagoya.com.ar\/v1\/2026\/03\/16\/alarma-en-el-turismo-caida-historica-de-reservas-para-los-proximos-fines-de-semana-largos\/#breadcrumb","itemListElement":[{"@type":"ListItem","position":1,"name":"Inicio","item":"https:\/\/radioinfinitagoya.com.ar\/v1\/"},{"@type":"ListItem","position":2,"name":"Alarma en el turismo: ca\u00edda hist\u00f3rica de reservas para los pr\u00f3ximos fines de semana largos"}]},{"@type":"WebSite","@id":"https:\/\/radioinfinitagoya.com.ar\/v1\/#website","url":"https:\/\/radioinfinitagoya.com.ar\/v1\/","name":"radioinfinitagoya.com.ar","description":"Radio de noticias","publisher":{"@id":"https:\/\/radioinfinitagoya.com.ar\/v1\/#organization"},"potentialAction":[{"@type":"SearchAction","target":{"@type":"EntryPoint","urlTemplate":"https:\/\/radioinfinitagoya.com.ar\/v1\/?s={search_term_string}"},"query-input":{"@type":"PropertyValueSpecification","valueRequired":true,"valueName":"search_term_string"}}],"inLanguage":"es-AR"},{"@type":"Organization","@id":"https:\/\/radioinfinitagoya.com.ar\/v1\/#organization","name":"Radio Infinita Goya","url":"https:\/\/radioinfinitagoya.com.ar\/v1\/","logo":{"@type":"ImageObject","inLanguage":"es-AR","@id":"https:\/\/radioinfinitagoya.com.ar\/v1\/#\/schema\/logo\/image\/","url":"https:\/\/radioinfinitagoya.com.ar\/v1\/wp-content\/uploads\/2019\/11\/logo-pie-web.png","contentUrl":"https:\/\/radioinfinitagoya.com.ar\/v1\/wp-content\/uploads\/2019\/11\/logo-pie-web.png","width":635,"height":326,"caption":"Radio Infinita Goya"},"image":{"@id":"https:\/\/radioinfinitagoya.com.ar\/v1\/#\/schema\/logo\/image\/"},"sameAs":["https:\/\/www.facebook.com\/p\/Infinita-Goya-100063870918311\/"]},{"@type":"Person","@id":"https:\/\/radioinfinitagoya.com.ar\/v1\/#\/schema\/person\/d4cf9c413d4f6edb24aabdccab49ca4a","name":"Jorge Mi\u00f1o","image":{"@type":"ImageObject","inLanguage":"es-AR","@id":"https:\/\/secure.gravatar.com\/avatar\/910fcf6728fe95320e07a6643c1581fec1c7fc4bf8ae12e3d8f0d0373dc844be?s=96&d=mm&r=g","url":"https:\/\/secure.gravatar.com\/avatar\/910fcf6728fe95320e07a6643c1581fec1c7fc4bf8ae12e3d8f0d0373dc844be?s=96&d=mm&r=g","contentUrl":"https:\/\/secure.gravatar.com\/avatar\/910fcf6728fe95320e07a6643c1581fec1c7fc4bf8ae12e3d8f0d0373dc844be?s=96&d=mm&r=g","caption":"Jorge Mi\u00f1o"},"sameAs":["http:\/\/radioinfinitagoya.com.ar"]}]}},"_links":{"self":[{"href":"https:\/\/radioinfinitagoya.com.ar\/v1\/wp-json\/wp\/v2\/posts\/210324","targetHints":{"allow":["GET"]}}],"collection":[{"href":"https:\/\/radioinfinitagoya.com.ar\/v1\/wp-json\/wp\/v2\/posts"}],"about":[{"href":"https:\/\/radioinfinitagoya.com.ar\/v1\/wp-json\/wp\/v2\/types\/post"}],"author":[{"embeddable":true,"href":"https:\/\/radioinfinitagoya.com.ar\/v1\/wp-json\/wp\/v2\/users\/4"}],"replies":[{"embeddable":true,"href":"https:\/\/radioinfinitagoya.com.ar\/v1\/wp-json\/wp\/v2\/comments?post=210324"}],"version-history":[{"count":0,"href":"https:\/\/radioinfinitagoya.com.ar\/v1\/wp-json\/wp\/v2\/posts\/210324\/revisions"}],"wp:featuredmedia":[{"embeddable":true,"href":"https:\/\/radioinfinitagoya.com.ar\/v1\/wp-json\/wp\/v2\/media\/210325"}],"wp:attachment":[{"href":"https:\/\/radioinfinitagoya.com.ar\/v1\/wp-json\/wp\/v2\/media?parent=210324"}],"wp:term":[{"taxonomy":"category","embeddable":true,"href":"https:\/\/radioinfinitagoya.com.ar\/v1\/wp-json\/wp\/v2\/categories?post=210324"},{"taxonomy":"post_tag","embeddable":true,"href":"https:\/\/radioinfinitagoya.com.ar\/v1\/wp-json\/wp\/v2\/tags?post=210324"}],"curies":[{"name":"wp","href":"https:\/\/api.w.org\/{rel}","templated":true}]}}