{"id":210327,"date":"2026-03-16T16:24:45","date_gmt":"2026-03-16T19:24:45","guid":{"rendered":"https:\/\/radioinfinitagoya.com.ar\/v1\/?p=210327"},"modified":"2026-03-16T16:24:45","modified_gmt":"2026-03-16T19:24:45","slug":"argentina-reclamo-ante-la-onu-la-liberacion-inmediata-de-german-giuliani","status":"publish","type":"post","link":"https:\/\/radioinfinitagoya.com.ar\/v1\/2026\/03\/16\/argentina-reclamo-ante-la-onu-la-liberacion-inmediata-de-german-giuliani\/","title":{"rendered":"Argentina reclam\u00f3 ante la ONU la liberaci\u00f3n inmediata de Germ\u00e1n Giuliani"},"content":{"rendered":"<p>El embajador Foradori lo plante\u00f3 ante el Consejo de Derechos Humanos de Naciones Unidas. La reacci\u00f3n del representante del r\u00e9gimen de Delcy Rodr\u00edguez<\/p>\n<p>El gobierno argentino reclam\u00f3 ante el Consejo de Derechos Humanos de las Naciones Unidas la liberaci\u00f3n inmediata del abogado argentino Germ\u00e1n Dar\u00edo Giuliani, quien permanece detenido en Venezuela desde hace 298 d\u00edas. El pedido fue formulado por el embajador argentino Carlos Foradori durante una sesi\u00f3n en Ginebra centrada en la situaci\u00f3n de los derechos humanos en Venezuela e incluy\u00f3 cr\u00edticas directas al r\u00e9gimen dictatorial que encabeza Delcy Rodr\u00edguez.<\/p>\n<p>La intervenci\u00f3n de Foradori incorpor\u00f3 una demanda para que el Estado venezolano garantice la integridad f\u00edsica del abogado y respete sus derechos fundamentales. Giuliani es actualmente el \u00fanico ciudadano argentino que sigue privado de libertad en Venezuela, tras la reciente liberaci\u00f3n del gendarme Nahuel Gallo, quien estuvo 448 d\u00edas preso e incomunicado antes de ser liberado el 1 de marzo de 2026. El reclamo argentino fue acompa\u00f1ado de un intercambio tenso con la delegaci\u00f3n venezolana, que interrumpi\u00f3 el discurso para objetar el lenguaje empleado por el representante argentino.<\/p>\n<p>Durante su exposici\u00f3n, Foradori afirm\u00f3 ante los Estados miembros del Consejo: \u201cLa Argentina ha sido clara, consistente y firme en su condena a las graves violaciones de los derechos humanos cometidas durante a\u00f1os por el r\u00e9gimen de Maduro, caracterizado por pr\u00e1cticas sistem\u00e1ticas de represi\u00f3n, persecuci\u00f3n pol\u00edtica y erosi\u00f3n del Estado de derecho\u201d.<\/p>\n<p>A los pocos minutos de iniciada la intervenci\u00f3n, el delegado venezolano solicit\u00f3 la palabra para plantear una cuesti\u00f3n de orden. Aleg\u00f3 que el discurso argentino inclu\u00eda expresiones que consider\u00f3 \u201cirrespetuosas\u201d hacia su gobierno e invoc\u00f3 el art\u00edculo 113 del reglamento de la Asamblea General de la ONU. \u201cEl car\u00e1cter y la integridad de sus l\u00edderes, procesos internos y la autodeterminaci\u00f3n de los pueblos no pueden ser cuestionadas\u201d, afirm\u00f3 el representante venezolano, quien pidi\u00f3 que se exigiera al diplom\u00e1tico argentino moderar su lenguaje.<\/p>\n<p>En este contexto, el embajador introdujo el caso del abogado argentino detenido en Venezuela. \u201cMi delegaci\u00f3n expresa su profunda preocupaci\u00f3n por la detenci\u00f3n arbitraria del ciudadano argentino Germ\u00e1n Dar\u00edo Giuliani y reitera su firme exigencia a las autoridades venezolanas para que se garantice plenamente su integridad y sus derechos y se proceda sin demora a su liberaci\u00f3n inmediata\u201d, expres\u00f3 Foradori. El reclamo incluy\u00f3 un pedido espec\u00edfico para que el gobierno venezolano libere a todos los presos pol\u00edticos: \u201cSolicitamos asimismo la liberaci\u00f3n de todos los privados de libertad por motivos pol\u00edticos\u201d.<\/p>\n<p>El caso Giuliani: contexto y denuncias<br \/>\nGerm\u00e1n Giuliani fue detenido alrededor del 22 de mayo de 2025, tras viajar a Venezuela por motivos laborales. Seg\u00fan denuncian sus familiares, permaneci\u00f3 doce d\u00edas en condici\u00f3n de desaparici\u00f3n forzada antes de que se confirmara oficialmente su detenci\u00f3n. Actualmente se encuentra recluido en el Internado Judicial Yare II, una prisi\u00f3n del estado Miranda reconocida por alojar a detenidos pol\u00edticos. Los familiares reportan que el contacto telef\u00f3nico es sumamente limitado y siempre bajo supervisi\u00f3n.<\/p>\n<p>El gobierno venezolano lo acus\u00f3 de integrar una supuesta red vinculada con terrorismo y narcotr\u00e1fico. Sin embargo, la familia mantiene que no existen cargos formales ni pruebas que respalden esas acusaciones y denuncia que la detenci\u00f3n es arbitraria. Adem\u00e1s, informaron que Giuliani habr\u00eda sido sometido a torturas f\u00edsicas durante los interrogatorios, incluyendo haber sido colgado de las esposas durante largos per\u00edodos y haber permanecido en condiciones extremas de reclusi\u00f3n.<\/p>\n","protected":false},"excerpt":{"rendered":"<p>El embajador Foradori lo plante\u00f3 ante el Consejo de Derechos Humanos de Naciones Unidas. La reacci\u00f3n del representante del r\u00e9gimen de Delcy Rodr\u00edguez El gobierno argentino reclam\u00f3 ante el Consejo de Derechos Humanos de las Naciones Unidas la liberaci\u00f3n inmediata del abogado argentino Germ\u00e1n Dar\u00edo Giuliani, quien permanece detenido en Venezuela desde hace 298 d\u00edas. [&hellip;]<\/p>\n","protected":false},"author":4,"featured_media":210328,"comment_status":"open","ping_status":"open","sticky":false,"template":"","format":"standard","meta":{"_joinchat":[],"footnotes":""},"categories":[29],"tags":[],"class_list":{"0":"post-210327","1":"post","2":"type-post","3":"status-publish","4":"format-standard","5":"has-post-thumbnail","7":"category-nacionales"},"yoast_head":"<!-- This site is optimized with the Yoast SEO plugin v27.2 - https:\/\/yoast.com\/product\/yoast-seo-wordpress\/ -->\n<title>Argentina reclam\u00f3 ante la ONU la liberaci\u00f3n inmediata de Germ\u00e1n Giuliani - Radio Infinita Goya<\/title>\n<meta name=\"description\" content=\"El embajador Foradori lo plante\u00f3 ante el Consejo de Derechos Humanos de Naciones Unidas. La reacci\u00f3n del representante del r\u00e9gimen de Delcy Rodr\u00edguez El\" \/>\n<meta name=\"robots\" content=\"index, follow, max-snippet:-1, max-image-preview:large, max-video-preview:-1\" \/>\n<link rel=\"canonical\" href=\"https:\/\/radioinfinitagoya.com.ar\/v1\/2026\/03\/16\/argentina-reclamo-ante-la-onu-la-liberacion-inmediata-de-german-giuliani\/\" \/>\n<meta property=\"og:locale\" content=\"es_ES\" \/>\n<meta property=\"og:type\" content=\"article\" \/>\n<meta property=\"og:title\" content=\"Argentina reclam\u00f3 ante la ONU la liberaci\u00f3n inmediata de Germ\u00e1n Giuliani - Radio Infinita Goya\" \/>\n<meta property=\"og:description\" content=\"El embajador Foradori lo plante\u00f3 ante el Consejo de Derechos Humanos de Naciones Unidas. La reacci\u00f3n del representante del r\u00e9gimen de Delcy Rodr\u00edguez El\" \/>\n<meta property=\"og:url\" content=\"https:\/\/radioinfinitagoya.com.ar\/v1\/2026\/03\/16\/argentina-reclamo-ante-la-onu-la-liberacion-inmediata-de-german-giuliani\/\" \/>\n<meta property=\"og:site_name\" content=\"Radio Infinita Goya\" \/>\n<meta property=\"article:publisher\" content=\"https:\/\/www.facebook.com\/p\/Infinita-Goya-100063870918311\/\" \/>\n<meta property=\"article:published_time\" content=\"2026-03-16T19:24:45+00:00\" \/>\n<meta property=\"og:image\" content=\"https:\/\/radioinfinitagoya.com.ar\/v1\/wp-content\/uploads\/2026\/03\/422715.png_nota.jpg\" \/>\n\t<meta property=\"og:image:width\" content=\"900\" \/>\n\t<meta property=\"og:image:height\" content=\"599\" \/>\n\t<meta property=\"og:image:type\" content=\"image\/jpeg\" \/>\n<meta name=\"author\" content=\"Jorge Mi\u00f1o\" \/>\n<meta name=\"twitter:card\" content=\"summary_large_image\" \/>\n<meta name=\"twitter:label1\" content=\"Escrito por\" \/>\n\t<meta name=\"twitter:data1\" content=\"Jorge Mi\u00f1o\" \/>\n\t<meta name=\"twitter:label2\" content=\"Tiempo de lectura\" \/>\n\t<meta name=\"twitter:data2\" content=\"3 minutos\" \/>\n<script type=\"application\/ld+json\" class=\"yoast-schema-graph\">{\"@context\":\"https:\/\/schema.org\",\"@graph\":[{\"@type\":\"Article\",\"@id\":\"https:\/\/radioinfinitagoya.com.ar\/v1\/2026\/03\/16\/argentina-reclamo-ante-la-onu-la-liberacion-inmediata-de-german-giuliani\/#article\",\"isPartOf\":{\"@id\":\"https:\/\/radioinfinitagoya.com.ar\/v1\/2026\/03\/16\/argentina-reclamo-ante-la-onu-la-liberacion-inmediata-de-german-giuliani\/\"},\"author\":{\"name\":\"Jorge Mi\u00f1o\",\"@id\":\"https:\/\/radioinfinitagoya.com.ar\/v1\/#\/schema\/person\/d4cf9c413d4f6edb24aabdccab49ca4a\"},\"headline\":\"Argentina reclam\u00f3 ante la ONU la liberaci\u00f3n inmediata de Germ\u00e1n Giuliani\",\"datePublished\":\"2026-03-16T19:24:45+00:00\",\"mainEntityOfPage\":{\"@id\":\"https:\/\/radioinfinitagoya.com.ar\/v1\/2026\/03\/16\/argentina-reclamo-ante-la-onu-la-liberacion-inmediata-de-german-giuliani\/\"},\"wordCount\":619,\"commentCount\":0,\"publisher\":{\"@id\":\"https:\/\/radioinfinitagoya.com.ar\/v1\/#organization\"},\"image\":{\"@id\":\"https:\/\/radioinfinitagoya.com.ar\/v1\/2026\/03\/16\/argentina-reclamo-ante-la-onu-la-liberacion-inmediata-de-german-giuliani\/#primaryimage\"},\"thumbnailUrl\":\"https:\/\/radioinfinitagoya.com.ar\/v1\/wp-content\/uploads\/2026\/03\/422715.png_nota.jpg\",\"articleSection\":[\"NACIONALES\"],\"inLanguage\":\"es-AR\",\"potentialAction\":[{\"@type\":\"CommentAction\",\"name\":\"Comment\",\"target\":[\"https:\/\/radioinfinitagoya.com.ar\/v1\/2026\/03\/16\/argentina-reclamo-ante-la-onu-la-liberacion-inmediata-de-german-giuliani\/#respond\"]}]},{\"@type\":\"WebPage\",\"@id\":\"https:\/\/radioinfinitagoya.com.ar\/v1\/2026\/03\/16\/argentina-reclamo-ante-la-onu-la-liberacion-inmediata-de-german-giuliani\/\",\"url\":\"https:\/\/radioinfinitagoya.com.ar\/v1\/2026\/03\/16\/argentina-reclamo-ante-la-onu-la-liberacion-inmediata-de-german-giuliani\/\",\"name\":\"Argentina reclam\u00f3 ante la ONU la liberaci\u00f3n inmediata de Germ\u00e1n Giuliani - Radio Infinita Goya\",\"isPartOf\":{\"@id\":\"https:\/\/radioinfinitagoya.com.ar\/v1\/#website\"},\"primaryImageOfPage\":{\"@id\":\"https:\/\/radioinfinitagoya.com.ar\/v1\/2026\/03\/16\/argentina-reclamo-ante-la-onu-la-liberacion-inmediata-de-german-giuliani\/#primaryimage\"},\"image\":{\"@id\":\"https:\/\/radioinfinitagoya.com.ar\/v1\/2026\/03\/16\/argentina-reclamo-ante-la-onu-la-liberacion-inmediata-de-german-giuliani\/#primaryimage\"},\"thumbnailUrl\":\"https:\/\/radioinfinitagoya.com.ar\/v1\/wp-content\/uploads\/2026\/03\/422715.png_nota.jpg\",\"datePublished\":\"2026-03-16T19:24:45+00:00\",\"description\":\"El embajador Foradori lo plante\u00f3 ante el Consejo de Derechos Humanos de Naciones Unidas. La reacci\u00f3n del representante del r\u00e9gimen de Delcy Rodr\u00edguez El\",\"breadcrumb\":{\"@id\":\"https:\/\/radioinfinitagoya.com.ar\/v1\/2026\/03\/16\/argentina-reclamo-ante-la-onu-la-liberacion-inmediata-de-german-giuliani\/#breadcrumb\"},\"inLanguage\":\"es-AR\",\"potentialAction\":[{\"@type\":\"ReadAction\",\"target\":[\"https:\/\/radioinfinitagoya.com.ar\/v1\/2026\/03\/16\/argentina-reclamo-ante-la-onu-la-liberacion-inmediata-de-german-giuliani\/\"]}]},{\"@type\":\"ImageObject\",\"inLanguage\":\"es-AR\",\"@id\":\"https:\/\/radioinfinitagoya.com.ar\/v1\/2026\/03\/16\/argentina-reclamo-ante-la-onu-la-liberacion-inmediata-de-german-giuliani\/#primaryimage\",\"url\":\"https:\/\/radioinfinitagoya.com.ar\/v1\/wp-content\/uploads\/2026\/03\/422715.png_nota.jpg\",\"contentUrl\":\"https:\/\/radioinfinitagoya.com.ar\/v1\/wp-content\/uploads\/2026\/03\/422715.png_nota.jpg\",\"width\":900,\"height\":599},{\"@type\":\"BreadcrumbList\",\"@id\":\"https:\/\/radioinfinitagoya.com.ar\/v1\/2026\/03\/16\/argentina-reclamo-ante-la-onu-la-liberacion-inmediata-de-german-giuliani\/#breadcrumb\",\"itemListElement\":[{\"@type\":\"ListItem\",\"position\":1,\"name\":\"Inicio\",\"item\":\"https:\/\/radioinfinitagoya.com.ar\/v1\/\"},{\"@type\":\"ListItem\",\"position\":2,\"name\":\"Argentina reclam\u00f3 ante la ONU la liberaci\u00f3n inmediata de Germ\u00e1n Giuliani\"}]},{\"@type\":\"WebSite\",\"@id\":\"https:\/\/radioinfinitagoya.com.ar\/v1\/#website\",\"url\":\"https:\/\/radioinfinitagoya.com.ar\/v1\/\",\"name\":\"radioinfinitagoya.com.ar\",\"description\":\"Radio de noticias\",\"publisher\":{\"@id\":\"https:\/\/radioinfinitagoya.com.ar\/v1\/#organization\"},\"potentialAction\":[{\"@type\":\"SearchAction\",\"target\":{\"@type\":\"EntryPoint\",\"urlTemplate\":\"https:\/\/radioinfinitagoya.com.ar\/v1\/?s={search_term_string}\"},\"query-input\":{\"@type\":\"PropertyValueSpecification\",\"valueRequired\":true,\"valueName\":\"search_term_string\"}}],\"inLanguage\":\"es-AR\"},{\"@type\":\"Organization\",\"@id\":\"https:\/\/radioinfinitagoya.com.ar\/v1\/#organization\",\"name\":\"Radio Infinita Goya\",\"url\":\"https:\/\/radioinfinitagoya.com.ar\/v1\/\",\"logo\":{\"@type\":\"ImageObject\",\"inLanguage\":\"es-AR\",\"@id\":\"https:\/\/radioinfinitagoya.com.ar\/v1\/#\/schema\/logo\/image\/\",\"url\":\"https:\/\/radioinfinitagoya.com.ar\/v1\/wp-content\/uploads\/2019\/11\/logo-pie-web.png\",\"contentUrl\":\"https:\/\/radioinfinitagoya.com.ar\/v1\/wp-content\/uploads\/2019\/11\/logo-pie-web.png\",\"width\":635,\"height\":326,\"caption\":\"Radio Infinita Goya\"},\"image\":{\"@id\":\"https:\/\/radioinfinitagoya.com.ar\/v1\/#\/schema\/logo\/image\/\"},\"sameAs\":[\"https:\/\/www.facebook.com\/p\/Infinita-Goya-100063870918311\/\"]},{\"@type\":\"Person\",\"@id\":\"https:\/\/radioinfinitagoya.com.ar\/v1\/#\/schema\/person\/d4cf9c413d4f6edb24aabdccab49ca4a\",\"name\":\"Jorge Mi\u00f1o\",\"image\":{\"@type\":\"ImageObject\",\"inLanguage\":\"es-AR\",\"@id\":\"https:\/\/secure.gravatar.com\/avatar\/910fcf6728fe95320e07a6643c1581fec1c7fc4bf8ae12e3d8f0d0373dc844be?s=96&d=mm&r=g\",\"url\":\"https:\/\/secure.gravatar.com\/avatar\/910fcf6728fe95320e07a6643c1581fec1c7fc4bf8ae12e3d8f0d0373dc844be?s=96&d=mm&r=g\",\"contentUrl\":\"https:\/\/secure.gravatar.com\/avatar\/910fcf6728fe95320e07a6643c1581fec1c7fc4bf8ae12e3d8f0d0373dc844be?s=96&d=mm&r=g\",\"caption\":\"Jorge Mi\u00f1o\"},\"sameAs\":[\"http:\/\/radioinfinitagoya.com.ar\"]}]}<\/script>\n<!-- \/ Yoast SEO plugin. -->","yoast_head_json":{"title":"Argentina reclam\u00f3 ante la ONU la liberaci\u00f3n inmediata de Germ\u00e1n Giuliani - Radio Infinita Goya","description":"El embajador Foradori lo plante\u00f3 ante el Consejo de Derechos Humanos de Naciones Unidas. La reacci\u00f3n del representante del r\u00e9gimen de Delcy Rodr\u00edguez El","robots":{"index":"index","follow":"follow","max-snippet":"max-snippet:-1","max-image-preview":"max-image-preview:large","max-video-preview":"max-video-preview:-1"},"canonical":"https:\/\/radioinfinitagoya.com.ar\/v1\/2026\/03\/16\/argentina-reclamo-ante-la-onu-la-liberacion-inmediata-de-german-giuliani\/","og_locale":"es_ES","og_type":"article","og_title":"Argentina reclam\u00f3 ante la ONU la liberaci\u00f3n inmediata de Germ\u00e1n Giuliani - Radio Infinita Goya","og_description":"El embajador Foradori lo plante\u00f3 ante el Consejo de Derechos Humanos de Naciones Unidas. La reacci\u00f3n del representante del r\u00e9gimen de Delcy Rodr\u00edguez El","og_url":"https:\/\/radioinfinitagoya.com.ar\/v1\/2026\/03\/16\/argentina-reclamo-ante-la-onu-la-liberacion-inmediata-de-german-giuliani\/","og_site_name":"Radio Infinita Goya","article_publisher":"https:\/\/www.facebook.com\/p\/Infinita-Goya-100063870918311\/","article_published_time":"2026-03-16T19:24:45+00:00","og_image":[{"width":900,"height":599,"url":"https:\/\/radioinfinitagoya.com.ar\/v1\/wp-content\/uploads\/2026\/03\/422715.png_nota.jpg","type":"image\/jpeg"}],"author":"Jorge Mi\u00f1o","twitter_card":"summary_large_image","twitter_misc":{"Escrito por":"Jorge Mi\u00f1o","Tiempo de lectura":"3 minutos"},"schema":{"@context":"https:\/\/schema.org","@graph":[{"@type":"Article","@id":"https:\/\/radioinfinitagoya.com.ar\/v1\/2026\/03\/16\/argentina-reclamo-ante-la-onu-la-liberacion-inmediata-de-german-giuliani\/#article","isPartOf":{"@id":"https:\/\/radioinfinitagoya.com.ar\/v1\/2026\/03\/16\/argentina-reclamo-ante-la-onu-la-liberacion-inmediata-de-german-giuliani\/"},"author":{"name":"Jorge Mi\u00f1o","@id":"https:\/\/radioinfinitagoya.com.ar\/v1\/#\/schema\/person\/d4cf9c413d4f6edb24aabdccab49ca4a"},"headline":"Argentina reclam\u00f3 ante la ONU la liberaci\u00f3n inmediata de Germ\u00e1n Giuliani","datePublished":"2026-03-16T19:24:45+00:00","mainEntityOfPage":{"@id":"https:\/\/radioinfinitagoya.com.ar\/v1\/2026\/03\/16\/argentina-reclamo-ante-la-onu-la-liberacion-inmediata-de-german-giuliani\/"},"wordCount":619,"commentCount":0,"publisher":{"@id":"https:\/\/radioinfinitagoya.com.ar\/v1\/#organization"},"image":{"@id":"https:\/\/radioinfinitagoya.com.ar\/v1\/2026\/03\/16\/argentina-reclamo-ante-la-onu-la-liberacion-inmediata-de-german-giuliani\/#primaryimage"},"thumbnailUrl":"https:\/\/radioinfinitagoya.com.ar\/v1\/wp-content\/uploads\/2026\/03\/422715.png_nota.jpg","articleSection":["NACIONALES"],"inLanguage":"es-AR","potentialAction":[{"@type":"CommentAction","name":"Comment","target":["https:\/\/radioinfinitagoya.com.ar\/v1\/2026\/03\/16\/argentina-reclamo-ante-la-onu-la-liberacion-inmediata-de-german-giuliani\/#respond"]}]},{"@type":"WebPage","@id":"https:\/\/radioinfinitagoya.com.ar\/v1\/2026\/03\/16\/argentina-reclamo-ante-la-onu-la-liberacion-inmediata-de-german-giuliani\/","url":"https:\/\/radioinfinitagoya.com.ar\/v1\/2026\/03\/16\/argentina-reclamo-ante-la-onu-la-liberacion-inmediata-de-german-giuliani\/","name":"Argentina reclam\u00f3 ante la ONU la liberaci\u00f3n inmediata de Germ\u00e1n Giuliani - Radio Infinita Goya","isPartOf":{"@id":"https:\/\/radioinfinitagoya.com.ar\/v1\/#website"},"primaryImageOfPage":{"@id":"https:\/\/radioinfinitagoya.com.ar\/v1\/2026\/03\/16\/argentina-reclamo-ante-la-onu-la-liberacion-inmediata-de-german-giuliani\/#primaryimage"},"image":{"@id":"https:\/\/radioinfinitagoya.com.ar\/v1\/2026\/03\/16\/argentina-reclamo-ante-la-onu-la-liberacion-inmediata-de-german-giuliani\/#primaryimage"},"thumbnailUrl":"https:\/\/radioinfinitagoya.com.ar\/v1\/wp-content\/uploads\/2026\/03\/422715.png_nota.jpg","datePublished":"2026-03-16T19:24:45+00:00","description":"El embajador Foradori lo plante\u00f3 ante el Consejo de Derechos Humanos de Naciones Unidas. La reacci\u00f3n del representante del r\u00e9gimen de Delcy Rodr\u00edguez El","breadcrumb":{"@id":"https:\/\/radioinfinitagoya.com.ar\/v1\/2026\/03\/16\/argentina-reclamo-ante-la-onu-la-liberacion-inmediata-de-german-giuliani\/#breadcrumb"},"inLanguage":"es-AR","potentialAction":[{"@type":"ReadAction","target":["https:\/\/radioinfinitagoya.com.ar\/v1\/2026\/03\/16\/argentina-reclamo-ante-la-onu-la-liberacion-inmediata-de-german-giuliani\/"]}]},{"@type":"ImageObject","inLanguage":"es-AR","@id":"https:\/\/radioinfinitagoya.com.ar\/v1\/2026\/03\/16\/argentina-reclamo-ante-la-onu-la-liberacion-inmediata-de-german-giuliani\/#primaryimage","url":"https:\/\/radioinfinitagoya.com.ar\/v1\/wp-content\/uploads\/2026\/03\/422715.png_nota.jpg","contentUrl":"https:\/\/radioinfinitagoya.com.ar\/v1\/wp-content\/uploads\/2026\/03\/422715.png_nota.jpg","width":900,"height":599},{"@type":"BreadcrumbList","@id":"https:\/\/radioinfinitagoya.com.ar\/v1\/2026\/03\/16\/argentina-reclamo-ante-la-onu-la-liberacion-inmediata-de-german-giuliani\/#breadcrumb","itemListElement":[{"@type":"ListItem","position":1,"name":"Inicio","item":"https:\/\/radioinfinitagoya.com.ar\/v1\/"},{"@type":"ListItem","position":2,"name":"Argentina reclam\u00f3 ante la ONU la liberaci\u00f3n inmediata de Germ\u00e1n Giuliani"}]},{"@type":"WebSite","@id":"https:\/\/radioinfinitagoya.com.ar\/v1\/#website","url":"https:\/\/radioinfinitagoya.com.ar\/v1\/","name":"radioinfinitagoya.com.ar","description":"Radio de noticias","publisher":{"@id":"https:\/\/radioinfinitagoya.com.ar\/v1\/#organization"},"potentialAction":[{"@type":"SearchAction","target":{"@type":"EntryPoint","urlTemplate":"https:\/\/radioinfinitagoya.com.ar\/v1\/?s={search_term_string}"},"query-input":{"@type":"PropertyValueSpecification","valueRequired":true,"valueName":"search_term_string"}}],"inLanguage":"es-AR"},{"@type":"Organization","@id":"https:\/\/radioinfinitagoya.com.ar\/v1\/#organization","name":"Radio Infinita Goya","url":"https:\/\/radioinfinitagoya.com.ar\/v1\/","logo":{"@type":"ImageObject","inLanguage":"es-AR","@id":"https:\/\/radioinfinitagoya.com.ar\/v1\/#\/schema\/logo\/image\/","url":"https:\/\/radioinfinitagoya.com.ar\/v1\/wp-content\/uploads\/2019\/11\/logo-pie-web.png","contentUrl":"https:\/\/radioinfinitagoya.com.ar\/v1\/wp-content\/uploads\/2019\/11\/logo-pie-web.png","width":635,"height":326,"caption":"Radio Infinita Goya"},"image":{"@id":"https:\/\/radioinfinitagoya.com.ar\/v1\/#\/schema\/logo\/image\/"},"sameAs":["https:\/\/www.facebook.com\/p\/Infinita-Goya-100063870918311\/"]},{"@type":"Person","@id":"https:\/\/radioinfinitagoya.com.ar\/v1\/#\/schema\/person\/d4cf9c413d4f6edb24aabdccab49ca4a","name":"Jorge Mi\u00f1o","image":{"@type":"ImageObject","inLanguage":"es-AR","@id":"https:\/\/secure.gravatar.com\/avatar\/910fcf6728fe95320e07a6643c1581fec1c7fc4bf8ae12e3d8f0d0373dc844be?s=96&d=mm&r=g","url":"https:\/\/secure.gravatar.com\/avatar\/910fcf6728fe95320e07a6643c1581fec1c7fc4bf8ae12e3d8f0d0373dc844be?s=96&d=mm&r=g","contentUrl":"https:\/\/secure.gravatar.com\/avatar\/910fcf6728fe95320e07a6643c1581fec1c7fc4bf8ae12e3d8f0d0373dc844be?s=96&d=mm&r=g","caption":"Jorge Mi\u00f1o"},"sameAs":["http:\/\/radioinfinitagoya.com.ar"]}]}},"_links":{"self":[{"href":"https:\/\/radioinfinitagoya.com.ar\/v1\/wp-json\/wp\/v2\/posts\/210327","targetHints":{"allow":["GET"]}}],"collection":[{"href":"https:\/\/radioinfinitagoya.com.ar\/v1\/wp-json\/wp\/v2\/posts"}],"about":[{"href":"https:\/\/radioinfinitagoya.com.ar\/v1\/wp-json\/wp\/v2\/types\/post"}],"author":[{"embeddable":true,"href":"https:\/\/radioinfinitagoya.com.ar\/v1\/wp-json\/wp\/v2\/users\/4"}],"replies":[{"embeddable":true,"href":"https:\/\/radioinfinitagoya.com.ar\/v1\/wp-json\/wp\/v2\/comments?post=210327"}],"version-history":[{"count":0,"href":"https:\/\/radioinfinitagoya.com.ar\/v1\/wp-json\/wp\/v2\/posts\/210327\/revisions"}],"wp:featuredmedia":[{"embeddable":true,"href":"https:\/\/radioinfinitagoya.com.ar\/v1\/wp-json\/wp\/v2\/media\/210328"}],"wp:attachment":[{"href":"https:\/\/radioinfinitagoya.com.ar\/v1\/wp-json\/wp\/v2\/media?parent=210327"}],"wp:term":[{"taxonomy":"category","embeddable":true,"href":"https:\/\/radioinfinitagoya.com.ar\/v1\/wp-json\/wp\/v2\/categories?post=210327"},{"taxonomy":"post_tag","embeddable":true,"href":"https:\/\/radioinfinitagoya.com.ar\/v1\/wp-json\/wp\/v2\/tags?post=210327"}],"curies":[{"name":"wp","href":"https:\/\/api.w.org\/{rel}","templated":true}]}}