{"id":210330,"date":"2026-03-16T16:26:57","date_gmt":"2026-03-16T19:26:57","guid":{"rendered":"https:\/\/radioinfinitagoya.com.ar\/v1\/?p=210330"},"modified":"2026-03-16T16:26:57","modified_gmt":"2026-03-16T19:26:57","slug":"el-gobernador-valdes-participo-de-la-primera-audiencia-convocada-por-la-corte-suprema-de-justicia-de-la-nacion","status":"publish","type":"post","link":"https:\/\/radioinfinitagoya.com.ar\/v1\/2026\/03\/16\/el-gobernador-valdes-participo-de-la-primera-audiencia-convocada-por-la-corte-suprema-de-justicia-de-la-nacion\/","title":{"rendered":"El gobernador Vald\u00e9s particip\u00f3 de la primera audiencia convocada por la Corte Suprema de Justicia de la Naci\u00f3n"},"content":{"rendered":"<p>El gobernador Juan Pablo Vald\u00e9s particip\u00f3 de la primera audiencia convocada por la Corte Suprema de Justicia de la Naci\u00f3n, en el marco del hist\u00f3rico reclamo que mantiene la provincia por la deuda de regal\u00edas que le corresponden por las represas de Yacyret\u00e1 y Salto Grande.<\/p>\n<p>En este primer encuentro en sede judicial porte\u00f1a, se logr\u00f3 un di\u00e1logo positivo con los representantes de la Secretar\u00eda de Energ\u00eda de la Naci\u00f3n c\u00f3mo as\u00ed tambi\u00e9n con la empresa CAMMESA , lo que permiti\u00f3 establecer una segunda audiencia para el 22 de abril de 2026.<\/p>\n<p>&#8220;Vamos a seguir dialogando y trabajando en defensa de lo que le corresponde a los correntinos, ni m\u00e1s ni menos&#8221;, afirm\u00f3 el gobernador Juan Pablo Vald\u00e9s al concluir la audiencia.<\/p>\n<p>En este primer encuentro, acompa\u00f1aron al gobernador Vald\u00e9s el fiscal de Estado, Dr. Horacio Ortega; el procurador, Dr. Jos\u00e9 Roa; y el titular de la DPEC, Dr. Pablo Cuenca.<\/p>\n","protected":false},"excerpt":{"rendered":"<p>El gobernador Juan Pablo Vald\u00e9s particip\u00f3 de la primera audiencia convocada por la Corte Suprema de Justicia de la Naci\u00f3n, en el marco del hist\u00f3rico reclamo que mantiene la provincia por la deuda de regal\u00edas que le corresponden por las represas de Yacyret\u00e1 y Salto Grande. En este primer encuentro en sede judicial porte\u00f1a, se [&hellip;]<\/p>\n","protected":false},"author":4,"featured_media":210331,"comment_status":"open","ping_status":"open","sticky":false,"template":"","format":"standard","meta":{"_joinchat":[],"footnotes":""},"categories":[31],"tags":[],"class_list":{"0":"post-210330","1":"post","2":"type-post","3":"status-publish","4":"format-standard","5":"has-post-thumbnail","7":"category-informacion-general"},"yoast_head":"<!-- This site is optimized with the Yoast SEO plugin v27.2 - https:\/\/yoast.com\/product\/yoast-seo-wordpress\/ -->\n<title>El gobernador Vald\u00e9s particip\u00f3 de la primera audiencia convocada por la Corte Suprema de Justicia de la Naci\u00f3n - Radio Infinita Goya<\/title>\n<meta name=\"description\" content=\"El gobernador Juan Pablo Vald\u00e9s particip\u00f3 de la primera audiencia convocada por la Corte Suprema de Justicia de la Naci\u00f3n, en el marco del hist\u00f3rico\" \/>\n<meta name=\"robots\" content=\"index, follow, max-snippet:-1, max-image-preview:large, max-video-preview:-1\" \/>\n<link rel=\"canonical\" href=\"https:\/\/radioinfinitagoya.com.ar\/v1\/2026\/03\/16\/el-gobernador-valdes-participo-de-la-primera-audiencia-convocada-por-la-corte-suprema-de-justicia-de-la-nacion\/\" \/>\n<meta property=\"og:locale\" content=\"es_ES\" \/>\n<meta property=\"og:type\" content=\"article\" \/>\n<meta property=\"og:title\" content=\"El gobernador Vald\u00e9s particip\u00f3 de la primera audiencia convocada por la Corte Suprema de Justicia de la Naci\u00f3n - Radio Infinita Goya\" \/>\n<meta property=\"og:description\" content=\"El gobernador Juan Pablo Vald\u00e9s particip\u00f3 de la primera audiencia convocada por la Corte Suprema de Justicia de la Naci\u00f3n, en el marco del hist\u00f3rico\" \/>\n<meta property=\"og:url\" content=\"https:\/\/radioinfinitagoya.com.ar\/v1\/2026\/03\/16\/el-gobernador-valdes-participo-de-la-primera-audiencia-convocada-por-la-corte-suprema-de-justicia-de-la-nacion\/\" \/>\n<meta property=\"og:site_name\" content=\"Radio Infinita Goya\" \/>\n<meta property=\"article:publisher\" content=\"https:\/\/www.facebook.com\/p\/Infinita-Goya-100063870918311\/\" \/>\n<meta property=\"article:published_time\" content=\"2026-03-16T19:26:57+00:00\" \/>\n<meta property=\"og:image\" content=\"https:\/\/radioinfinitagoya.com.ar\/v1\/wp-content\/uploads\/2026\/03\/282135w790h444c.jpg.webp\" \/>\n\t<meta property=\"og:image:width\" content=\"790\" \/>\n\t<meta property=\"og:image:height\" content=\"444\" \/>\n\t<meta property=\"og:image:type\" content=\"image\/webp\" \/>\n<meta name=\"author\" content=\"Jorge Mi\u00f1o\" \/>\n<meta name=\"twitter:card\" content=\"summary_large_image\" \/>\n<meta name=\"twitter:label1\" content=\"Escrito por\" \/>\n\t<meta name=\"twitter:data1\" content=\"Jorge Mi\u00f1o\" \/>\n\t<meta name=\"twitter:label2\" content=\"Tiempo de lectura\" \/>\n\t<meta name=\"twitter:data2\" content=\"1 minuto\" \/>\n<script type=\"application\/ld+json\" class=\"yoast-schema-graph\">{\"@context\":\"https:\/\/schema.org\",\"@graph\":[{\"@type\":\"Article\",\"@id\":\"https:\/\/radioinfinitagoya.com.ar\/v1\/2026\/03\/16\/el-gobernador-valdes-participo-de-la-primera-audiencia-convocada-por-la-corte-suprema-de-justicia-de-la-nacion\/#article\",\"isPartOf\":{\"@id\":\"https:\/\/radioinfinitagoya.com.ar\/v1\/2026\/03\/16\/el-gobernador-valdes-participo-de-la-primera-audiencia-convocada-por-la-corte-suprema-de-justicia-de-la-nacion\/\"},\"author\":{\"name\":\"Jorge Mi\u00f1o\",\"@id\":\"https:\/\/radioinfinitagoya.com.ar\/v1\/#\/schema\/person\/d4cf9c413d4f6edb24aabdccab49ca4a\"},\"headline\":\"El gobernador Vald\u00e9s particip\u00f3 de la primera audiencia convocada por la Corte Suprema de Justicia de la Naci\u00f3n\",\"datePublished\":\"2026-03-16T19:26:57+00:00\",\"mainEntityOfPage\":{\"@id\":\"https:\/\/radioinfinitagoya.com.ar\/v1\/2026\/03\/16\/el-gobernador-valdes-participo-de-la-primera-audiencia-convocada-por-la-corte-suprema-de-justicia-de-la-nacion\/\"},\"wordCount\":183,\"commentCount\":0,\"publisher\":{\"@id\":\"https:\/\/radioinfinitagoya.com.ar\/v1\/#organization\"},\"image\":{\"@id\":\"https:\/\/radioinfinitagoya.com.ar\/v1\/2026\/03\/16\/el-gobernador-valdes-participo-de-la-primera-audiencia-convocada-por-la-corte-suprema-de-justicia-de-la-nacion\/#primaryimage\"},\"thumbnailUrl\":\"https:\/\/radioinfinitagoya.com.ar\/v1\/wp-content\/uploads\/2026\/03\/282135w790h444c.jpg.webp\",\"articleSection\":[\"INFORMACI\u00d3N GENERAL\"],\"inLanguage\":\"es-AR\",\"potentialAction\":[{\"@type\":\"CommentAction\",\"name\":\"Comment\",\"target\":[\"https:\/\/radioinfinitagoya.com.ar\/v1\/2026\/03\/16\/el-gobernador-valdes-participo-de-la-primera-audiencia-convocada-por-la-corte-suprema-de-justicia-de-la-nacion\/#respond\"]}]},{\"@type\":\"WebPage\",\"@id\":\"https:\/\/radioinfinitagoya.com.ar\/v1\/2026\/03\/16\/el-gobernador-valdes-participo-de-la-primera-audiencia-convocada-por-la-corte-suprema-de-justicia-de-la-nacion\/\",\"url\":\"https:\/\/radioinfinitagoya.com.ar\/v1\/2026\/03\/16\/el-gobernador-valdes-participo-de-la-primera-audiencia-convocada-por-la-corte-suprema-de-justicia-de-la-nacion\/\",\"name\":\"El gobernador Vald\u00e9s particip\u00f3 de la primera audiencia convocada por la Corte Suprema de Justicia de la Naci\u00f3n - Radio Infinita Goya\",\"isPartOf\":{\"@id\":\"https:\/\/radioinfinitagoya.com.ar\/v1\/#website\"},\"primaryImageOfPage\":{\"@id\":\"https:\/\/radioinfinitagoya.com.ar\/v1\/2026\/03\/16\/el-gobernador-valdes-participo-de-la-primera-audiencia-convocada-por-la-corte-suprema-de-justicia-de-la-nacion\/#primaryimage\"},\"image\":{\"@id\":\"https:\/\/radioinfinitagoya.com.ar\/v1\/2026\/03\/16\/el-gobernador-valdes-participo-de-la-primera-audiencia-convocada-por-la-corte-suprema-de-justicia-de-la-nacion\/#primaryimage\"},\"thumbnailUrl\":\"https:\/\/radioinfinitagoya.com.ar\/v1\/wp-content\/uploads\/2026\/03\/282135w790h444c.jpg.webp\",\"datePublished\":\"2026-03-16T19:26:57+00:00\",\"description\":\"El gobernador Juan Pablo Vald\u00e9s particip\u00f3 de la primera audiencia convocada por la Corte Suprema de Justicia de la Naci\u00f3n, en el marco del hist\u00f3rico\",\"breadcrumb\":{\"@id\":\"https:\/\/radioinfinitagoya.com.ar\/v1\/2026\/03\/16\/el-gobernador-valdes-participo-de-la-primera-audiencia-convocada-por-la-corte-suprema-de-justicia-de-la-nacion\/#breadcrumb\"},\"inLanguage\":\"es-AR\",\"potentialAction\":[{\"@type\":\"ReadAction\",\"target\":[\"https:\/\/radioinfinitagoya.com.ar\/v1\/2026\/03\/16\/el-gobernador-valdes-participo-de-la-primera-audiencia-convocada-por-la-corte-suprema-de-justicia-de-la-nacion\/\"]}]},{\"@type\":\"ImageObject\",\"inLanguage\":\"es-AR\",\"@id\":\"https:\/\/radioinfinitagoya.com.ar\/v1\/2026\/03\/16\/el-gobernador-valdes-participo-de-la-primera-audiencia-convocada-por-la-corte-suprema-de-justicia-de-la-nacion\/#primaryimage\",\"url\":\"https:\/\/radioinfinitagoya.com.ar\/v1\/wp-content\/uploads\/2026\/03\/282135w790h444c.jpg.webp\",\"contentUrl\":\"https:\/\/radioinfinitagoya.com.ar\/v1\/wp-content\/uploads\/2026\/03\/282135w790h444c.jpg.webp\",\"width\":790,\"height\":444},{\"@type\":\"BreadcrumbList\",\"@id\":\"https:\/\/radioinfinitagoya.com.ar\/v1\/2026\/03\/16\/el-gobernador-valdes-participo-de-la-primera-audiencia-convocada-por-la-corte-suprema-de-justicia-de-la-nacion\/#breadcrumb\",\"itemListElement\":[{\"@type\":\"ListItem\",\"position\":1,\"name\":\"Inicio\",\"item\":\"https:\/\/radioinfinitagoya.com.ar\/v1\/\"},{\"@type\":\"ListItem\",\"position\":2,\"name\":\"El gobernador Vald\u00e9s particip\u00f3 de la primera audiencia convocada por la Corte Suprema de Justicia de la Naci\u00f3n\"}]},{\"@type\":\"WebSite\",\"@id\":\"https:\/\/radioinfinitagoya.com.ar\/v1\/#website\",\"url\":\"https:\/\/radioinfinitagoya.com.ar\/v1\/\",\"name\":\"radioinfinitagoya.com.ar\",\"description\":\"Radio de noticias\",\"publisher\":{\"@id\":\"https:\/\/radioinfinitagoya.com.ar\/v1\/#organization\"},\"potentialAction\":[{\"@type\":\"SearchAction\",\"target\":{\"@type\":\"EntryPoint\",\"urlTemplate\":\"https:\/\/radioinfinitagoya.com.ar\/v1\/?s={search_term_string}\"},\"query-input\":{\"@type\":\"PropertyValueSpecification\",\"valueRequired\":true,\"valueName\":\"search_term_string\"}}],\"inLanguage\":\"es-AR\"},{\"@type\":\"Organization\",\"@id\":\"https:\/\/radioinfinitagoya.com.ar\/v1\/#organization\",\"name\":\"Radio Infinita Goya\",\"url\":\"https:\/\/radioinfinitagoya.com.ar\/v1\/\",\"logo\":{\"@type\":\"ImageObject\",\"inLanguage\":\"es-AR\",\"@id\":\"https:\/\/radioinfinitagoya.com.ar\/v1\/#\/schema\/logo\/image\/\",\"url\":\"https:\/\/radioinfinitagoya.com.ar\/v1\/wp-content\/uploads\/2019\/11\/logo-pie-web.png\",\"contentUrl\":\"https:\/\/radioinfinitagoya.com.ar\/v1\/wp-content\/uploads\/2019\/11\/logo-pie-web.png\",\"width\":635,\"height\":326,\"caption\":\"Radio Infinita Goya\"},\"image\":{\"@id\":\"https:\/\/radioinfinitagoya.com.ar\/v1\/#\/schema\/logo\/image\/\"},\"sameAs\":[\"https:\/\/www.facebook.com\/p\/Infinita-Goya-100063870918311\/\"]},{\"@type\":\"Person\",\"@id\":\"https:\/\/radioinfinitagoya.com.ar\/v1\/#\/schema\/person\/d4cf9c413d4f6edb24aabdccab49ca4a\",\"name\":\"Jorge Mi\u00f1o\",\"image\":{\"@type\":\"ImageObject\",\"inLanguage\":\"es-AR\",\"@id\":\"https:\/\/secure.gravatar.com\/avatar\/910fcf6728fe95320e07a6643c1581fec1c7fc4bf8ae12e3d8f0d0373dc844be?s=96&d=mm&r=g\",\"url\":\"https:\/\/secure.gravatar.com\/avatar\/910fcf6728fe95320e07a6643c1581fec1c7fc4bf8ae12e3d8f0d0373dc844be?s=96&d=mm&r=g\",\"contentUrl\":\"https:\/\/secure.gravatar.com\/avatar\/910fcf6728fe95320e07a6643c1581fec1c7fc4bf8ae12e3d8f0d0373dc844be?s=96&d=mm&r=g\",\"caption\":\"Jorge Mi\u00f1o\"},\"sameAs\":[\"http:\/\/radioinfinitagoya.com.ar\"]}]}<\/script>\n<!-- \/ Yoast SEO plugin. -->","yoast_head_json":{"title":"El gobernador Vald\u00e9s particip\u00f3 de la primera audiencia convocada por la Corte Suprema de Justicia de la Naci\u00f3n - Radio Infinita Goya","description":"El gobernador Juan Pablo Vald\u00e9s particip\u00f3 de la primera audiencia convocada por la Corte Suprema de Justicia de la Naci\u00f3n, en el marco del hist\u00f3rico","robots":{"index":"index","follow":"follow","max-snippet":"max-snippet:-1","max-image-preview":"max-image-preview:large","max-video-preview":"max-video-preview:-1"},"canonical":"https:\/\/radioinfinitagoya.com.ar\/v1\/2026\/03\/16\/el-gobernador-valdes-participo-de-la-primera-audiencia-convocada-por-la-corte-suprema-de-justicia-de-la-nacion\/","og_locale":"es_ES","og_type":"article","og_title":"El gobernador Vald\u00e9s particip\u00f3 de la primera audiencia convocada por la Corte Suprema de Justicia de la Naci\u00f3n - Radio Infinita Goya","og_description":"El gobernador Juan Pablo Vald\u00e9s particip\u00f3 de la primera audiencia convocada por la Corte Suprema de Justicia de la Naci\u00f3n, en el marco del hist\u00f3rico","og_url":"https:\/\/radioinfinitagoya.com.ar\/v1\/2026\/03\/16\/el-gobernador-valdes-participo-de-la-primera-audiencia-convocada-por-la-corte-suprema-de-justicia-de-la-nacion\/","og_site_name":"Radio Infinita Goya","article_publisher":"https:\/\/www.facebook.com\/p\/Infinita-Goya-100063870918311\/","article_published_time":"2026-03-16T19:26:57+00:00","og_image":[{"width":790,"height":444,"url":"https:\/\/radioinfinitagoya.com.ar\/v1\/wp-content\/uploads\/2026\/03\/282135w790h444c.jpg.webp","type":"image\/webp"}],"author":"Jorge Mi\u00f1o","twitter_card":"summary_large_image","twitter_misc":{"Escrito por":"Jorge Mi\u00f1o","Tiempo de lectura":"1 minuto"},"schema":{"@context":"https:\/\/schema.org","@graph":[{"@type":"Article","@id":"https:\/\/radioinfinitagoya.com.ar\/v1\/2026\/03\/16\/el-gobernador-valdes-participo-de-la-primera-audiencia-convocada-por-la-corte-suprema-de-justicia-de-la-nacion\/#article","isPartOf":{"@id":"https:\/\/radioinfinitagoya.com.ar\/v1\/2026\/03\/16\/el-gobernador-valdes-participo-de-la-primera-audiencia-convocada-por-la-corte-suprema-de-justicia-de-la-nacion\/"},"author":{"name":"Jorge Mi\u00f1o","@id":"https:\/\/radioinfinitagoya.com.ar\/v1\/#\/schema\/person\/d4cf9c413d4f6edb24aabdccab49ca4a"},"headline":"El gobernador Vald\u00e9s particip\u00f3 de la primera audiencia convocada por la Corte Suprema de Justicia de la Naci\u00f3n","datePublished":"2026-03-16T19:26:57+00:00","mainEntityOfPage":{"@id":"https:\/\/radioinfinitagoya.com.ar\/v1\/2026\/03\/16\/el-gobernador-valdes-participo-de-la-primera-audiencia-convocada-por-la-corte-suprema-de-justicia-de-la-nacion\/"},"wordCount":183,"commentCount":0,"publisher":{"@id":"https:\/\/radioinfinitagoya.com.ar\/v1\/#organization"},"image":{"@id":"https:\/\/radioinfinitagoya.com.ar\/v1\/2026\/03\/16\/el-gobernador-valdes-participo-de-la-primera-audiencia-convocada-por-la-corte-suprema-de-justicia-de-la-nacion\/#primaryimage"},"thumbnailUrl":"https:\/\/radioinfinitagoya.com.ar\/v1\/wp-content\/uploads\/2026\/03\/282135w790h444c.jpg.webp","articleSection":["INFORMACI\u00d3N GENERAL"],"inLanguage":"es-AR","potentialAction":[{"@type":"CommentAction","name":"Comment","target":["https:\/\/radioinfinitagoya.com.ar\/v1\/2026\/03\/16\/el-gobernador-valdes-participo-de-la-primera-audiencia-convocada-por-la-corte-suprema-de-justicia-de-la-nacion\/#respond"]}]},{"@type":"WebPage","@id":"https:\/\/radioinfinitagoya.com.ar\/v1\/2026\/03\/16\/el-gobernador-valdes-participo-de-la-primera-audiencia-convocada-por-la-corte-suprema-de-justicia-de-la-nacion\/","url":"https:\/\/radioinfinitagoya.com.ar\/v1\/2026\/03\/16\/el-gobernador-valdes-participo-de-la-primera-audiencia-convocada-por-la-corte-suprema-de-justicia-de-la-nacion\/","name":"El gobernador Vald\u00e9s particip\u00f3 de la primera audiencia convocada por la Corte Suprema de Justicia de la Naci\u00f3n - Radio Infinita Goya","isPartOf":{"@id":"https:\/\/radioinfinitagoya.com.ar\/v1\/#website"},"primaryImageOfPage":{"@id":"https:\/\/radioinfinitagoya.com.ar\/v1\/2026\/03\/16\/el-gobernador-valdes-participo-de-la-primera-audiencia-convocada-por-la-corte-suprema-de-justicia-de-la-nacion\/#primaryimage"},"image":{"@id":"https:\/\/radioinfinitagoya.com.ar\/v1\/2026\/03\/16\/el-gobernador-valdes-participo-de-la-primera-audiencia-convocada-por-la-corte-suprema-de-justicia-de-la-nacion\/#primaryimage"},"thumbnailUrl":"https:\/\/radioinfinitagoya.com.ar\/v1\/wp-content\/uploads\/2026\/03\/282135w790h444c.jpg.webp","datePublished":"2026-03-16T19:26:57+00:00","description":"El gobernador Juan Pablo Vald\u00e9s particip\u00f3 de la primera audiencia convocada por la Corte Suprema de Justicia de la Naci\u00f3n, en el marco del hist\u00f3rico","breadcrumb":{"@id":"https:\/\/radioinfinitagoya.com.ar\/v1\/2026\/03\/16\/el-gobernador-valdes-participo-de-la-primera-audiencia-convocada-por-la-corte-suprema-de-justicia-de-la-nacion\/#breadcrumb"},"inLanguage":"es-AR","potentialAction":[{"@type":"ReadAction","target":["https:\/\/radioinfinitagoya.com.ar\/v1\/2026\/03\/16\/el-gobernador-valdes-participo-de-la-primera-audiencia-convocada-por-la-corte-suprema-de-justicia-de-la-nacion\/"]}]},{"@type":"ImageObject","inLanguage":"es-AR","@id":"https:\/\/radioinfinitagoya.com.ar\/v1\/2026\/03\/16\/el-gobernador-valdes-participo-de-la-primera-audiencia-convocada-por-la-corte-suprema-de-justicia-de-la-nacion\/#primaryimage","url":"https:\/\/radioinfinitagoya.com.ar\/v1\/wp-content\/uploads\/2026\/03\/282135w790h444c.jpg.webp","contentUrl":"https:\/\/radioinfinitagoya.com.ar\/v1\/wp-content\/uploads\/2026\/03\/282135w790h444c.jpg.webp","width":790,"height":444},{"@type":"BreadcrumbList","@id":"https:\/\/radioinfinitagoya.com.ar\/v1\/2026\/03\/16\/el-gobernador-valdes-participo-de-la-primera-audiencia-convocada-por-la-corte-suprema-de-justicia-de-la-nacion\/#breadcrumb","itemListElement":[{"@type":"ListItem","position":1,"name":"Inicio","item":"https:\/\/radioinfinitagoya.com.ar\/v1\/"},{"@type":"ListItem","position":2,"name":"El gobernador Vald\u00e9s particip\u00f3 de la primera audiencia convocada por la Corte Suprema de Justicia de la Naci\u00f3n"}]},{"@type":"WebSite","@id":"https:\/\/radioinfinitagoya.com.ar\/v1\/#website","url":"https:\/\/radioinfinitagoya.com.ar\/v1\/","name":"radioinfinitagoya.com.ar","description":"Radio de noticias","publisher":{"@id":"https:\/\/radioinfinitagoya.com.ar\/v1\/#organization"},"potentialAction":[{"@type":"SearchAction","target":{"@type":"EntryPoint","urlTemplate":"https:\/\/radioinfinitagoya.com.ar\/v1\/?s={search_term_string}"},"query-input":{"@type":"PropertyValueSpecification","valueRequired":true,"valueName":"search_term_string"}}],"inLanguage":"es-AR"},{"@type":"Organization","@id":"https:\/\/radioinfinitagoya.com.ar\/v1\/#organization","name":"Radio Infinita Goya","url":"https:\/\/radioinfinitagoya.com.ar\/v1\/","logo":{"@type":"ImageObject","inLanguage":"es-AR","@id":"https:\/\/radioinfinitagoya.com.ar\/v1\/#\/schema\/logo\/image\/","url":"https:\/\/radioinfinitagoya.com.ar\/v1\/wp-content\/uploads\/2019\/11\/logo-pie-web.png","contentUrl":"https:\/\/radioinfinitagoya.com.ar\/v1\/wp-content\/uploads\/2019\/11\/logo-pie-web.png","width":635,"height":326,"caption":"Radio Infinita Goya"},"image":{"@id":"https:\/\/radioinfinitagoya.com.ar\/v1\/#\/schema\/logo\/image\/"},"sameAs":["https:\/\/www.facebook.com\/p\/Infinita-Goya-100063870918311\/"]},{"@type":"Person","@id":"https:\/\/radioinfinitagoya.com.ar\/v1\/#\/schema\/person\/d4cf9c413d4f6edb24aabdccab49ca4a","name":"Jorge Mi\u00f1o","image":{"@type":"ImageObject","inLanguage":"es-AR","@id":"https:\/\/secure.gravatar.com\/avatar\/910fcf6728fe95320e07a6643c1581fec1c7fc4bf8ae12e3d8f0d0373dc844be?s=96&d=mm&r=g","url":"https:\/\/secure.gravatar.com\/avatar\/910fcf6728fe95320e07a6643c1581fec1c7fc4bf8ae12e3d8f0d0373dc844be?s=96&d=mm&r=g","contentUrl":"https:\/\/secure.gravatar.com\/avatar\/910fcf6728fe95320e07a6643c1581fec1c7fc4bf8ae12e3d8f0d0373dc844be?s=96&d=mm&r=g","caption":"Jorge Mi\u00f1o"},"sameAs":["http:\/\/radioinfinitagoya.com.ar"]}]}},"_links":{"self":[{"href":"https:\/\/radioinfinitagoya.com.ar\/v1\/wp-json\/wp\/v2\/posts\/210330","targetHints":{"allow":["GET"]}}],"collection":[{"href":"https:\/\/radioinfinitagoya.com.ar\/v1\/wp-json\/wp\/v2\/posts"}],"about":[{"href":"https:\/\/radioinfinitagoya.com.ar\/v1\/wp-json\/wp\/v2\/types\/post"}],"author":[{"embeddable":true,"href":"https:\/\/radioinfinitagoya.com.ar\/v1\/wp-json\/wp\/v2\/users\/4"}],"replies":[{"embeddable":true,"href":"https:\/\/radioinfinitagoya.com.ar\/v1\/wp-json\/wp\/v2\/comments?post=210330"}],"version-history":[{"count":0,"href":"https:\/\/radioinfinitagoya.com.ar\/v1\/wp-json\/wp\/v2\/posts\/210330\/revisions"}],"wp:featuredmedia":[{"embeddable":true,"href":"https:\/\/radioinfinitagoya.com.ar\/v1\/wp-json\/wp\/v2\/media\/210331"}],"wp:attachment":[{"href":"https:\/\/radioinfinitagoya.com.ar\/v1\/wp-json\/wp\/v2\/media?parent=210330"}],"wp:term":[{"taxonomy":"category","embeddable":true,"href":"https:\/\/radioinfinitagoya.com.ar\/v1\/wp-json\/wp\/v2\/categories?post=210330"},{"taxonomy":"post_tag","embeddable":true,"href":"https:\/\/radioinfinitagoya.com.ar\/v1\/wp-json\/wp\/v2\/tags?post=210330"}],"curies":[{"name":"wp","href":"https:\/\/api.w.org\/{rel}","templated":true}]}}