{"id":210333,"date":"2026-03-16T16:29:54","date_gmt":"2026-03-16T19:29:54","guid":{"rendered":"https:\/\/radioinfinitagoya.com.ar\/v1\/?p=210333"},"modified":"2026-03-16T16:29:54","modified_gmt":"2026-03-16T19:29:54","slug":"murio-marcelo-araujo-historico-relator-de-futbol-de-primera-y-futbol-para-todos","status":"publish","type":"post","link":"https:\/\/radioinfinitagoya.com.ar\/v1\/2026\/03\/16\/murio-marcelo-araujo-historico-relator-de-futbol-de-primera-y-futbol-para-todos\/","title":{"rendered":"Muri\u00f3 Marcelo Araujo, hist\u00f3rico relator de F\u00fatbol de Primera y F\u00fatbol para Todos"},"content":{"rendered":"<p>A los 78 a\u00f1os, falleci\u00f3 el periodista que form\u00f3 una dupla inolvidable junto a Enrique Macaya M\u00e1rquez en F\u00fatbol de Primera y F\u00fatbol Para Todos.<\/p>\n<p>El periodismo deportivo argentino est\u00e1 de luto. En las \u00faltimas horas de este lunes se confirm\u00f3 el fallecimiento de Marcelo Araujo, uno de los relatores de f\u00fatbol m\u00e1s ic\u00f3nicos en la historia de la televisi\u00f3n nacional. El hist\u00f3rico relator muri\u00f3 a los 78 a\u00f1os.<\/p>\n<p>El nombre de Araujo est\u00e1 grabado a fuego en la memoria de todos los fan\u00e1ticos. Durante m\u00e1s de dos d\u00e9cadas, form\u00f3 una dupla inolvidable junto a Enrique Macaya M\u00e1rquez al frente de la hist\u00f3rica pantalla de F\u00fatbol de Primera.<\/p>\n<p>Su estilo rupturista, descontracturado y lleno de latiguillos que se volvieron populares (&#8220;\u00bfEst\u00e1s crazy, Macaya?&#8221;, &#8220;\u00a1Si lo hac\u00e9s me voy!&#8221;) revolucion\u00f3 por completo las transmisiones deportivas y marc\u00f3 un antes y un despu\u00e9s en la forma de relatar y consumir el f\u00fatbol argentino por televisi\u00f3n.<\/p>\n<p>Su regreso a la pantalla con F\u00fatbol para Todos<br \/>\nTras su sonado alejamiento de la productora Torneos y Competencias, el relator tuvo un esperado regreso a la televisi\u00f3n abierta a\u00f1os m\u00e1s tarde.<\/p>\n<p>Araujo se convirti\u00f3 en la voz principal de las transmisiones de F\u00fatbol para Todos, volviendo a narrar los partidos m\u00e1s decisivos del campeonato de Primera Divisi\u00f3n y reencontr\u00e1ndose con las nuevas generaciones de hinchas.<\/p>\n<p>Hoy, la pelota se detiene para despedir a un hombre que, indudablemente, fue la gran banda de sonido de los domingos a la noche para millones de familias argentinas.<\/p>\n","protected":false},"excerpt":{"rendered":"<p>A los 78 a\u00f1os, falleci\u00f3 el periodista que form\u00f3 una dupla inolvidable junto a Enrique Macaya M\u00e1rquez en F\u00fatbol de Primera y F\u00fatbol Para Todos. El periodismo deportivo argentino est\u00e1 de luto. En las \u00faltimas horas de este lunes se confirm\u00f3 el fallecimiento de Marcelo Araujo, uno de los relatores de f\u00fatbol m\u00e1s ic\u00f3nicos en [&hellip;]<\/p>\n","protected":false},"author":4,"featured_media":210334,"comment_status":"open","ping_status":"open","sticky":false,"template":"","format":"standard","meta":{"_joinchat":[],"footnotes":""},"categories":[28],"tags":[],"class_list":{"0":"post-210333","1":"post","2":"type-post","3":"status-publish","4":"format-standard","5":"has-post-thumbnail","7":"category-deportes"},"yoast_head":"<!-- This site is optimized with the Yoast SEO plugin v27.2 - https:\/\/yoast.com\/product\/yoast-seo-wordpress\/ -->\n<title>Muri\u00f3 Marcelo Araujo, hist\u00f3rico relator de F\u00fatbol de Primera y F\u00fatbol para Todos - Radio Infinita Goya<\/title>\n<meta name=\"description\" content=\"A los 78 a\u00f1os, falleci\u00f3 el periodista que form\u00f3 una dupla inolvidable junto a Enrique Macaya M\u00e1rquez en F\u00fatbol de Primera y F\u00fatbol Para Todos. El\" \/>\n<meta name=\"robots\" content=\"index, follow, max-snippet:-1, max-image-preview:large, max-video-preview:-1\" \/>\n<link rel=\"canonical\" href=\"https:\/\/radioinfinitagoya.com.ar\/v1\/2026\/03\/16\/murio-marcelo-araujo-historico-relator-de-futbol-de-primera-y-futbol-para-todos\/\" \/>\n<meta property=\"og:locale\" content=\"es_ES\" \/>\n<meta property=\"og:type\" content=\"article\" \/>\n<meta property=\"og:title\" content=\"Muri\u00f3 Marcelo Araujo, hist\u00f3rico relator de F\u00fatbol de Primera y F\u00fatbol para Todos - Radio Infinita Goya\" \/>\n<meta property=\"og:description\" content=\"A los 78 a\u00f1os, falleci\u00f3 el periodista que form\u00f3 una dupla inolvidable junto a Enrique Macaya M\u00e1rquez en F\u00fatbol de Primera y F\u00fatbol Para Todos. El\" \/>\n<meta property=\"og:url\" content=\"https:\/\/radioinfinitagoya.com.ar\/v1\/2026\/03\/16\/murio-marcelo-araujo-historico-relator-de-futbol-de-primera-y-futbol-para-todos\/\" \/>\n<meta property=\"og:site_name\" content=\"Radio Infinita Goya\" \/>\n<meta property=\"article:publisher\" content=\"https:\/\/www.facebook.com\/p\/Infinita-Goya-100063870918311\/\" \/>\n<meta property=\"article:published_time\" content=\"2026-03-16T19:29:54+00:00\" \/>\n<meta property=\"og:image\" content=\"https:\/\/radioinfinitagoya.com.ar\/v1\/wp-content\/uploads\/2026\/03\/HDiL4FqWkAA9j3u.jpg\" \/>\n\t<meta property=\"og:image:width\" content=\"680\" \/>\n\t<meta property=\"og:image:height\" content=\"453\" \/>\n\t<meta property=\"og:image:type\" content=\"image\/jpeg\" \/>\n<meta name=\"author\" content=\"Jorge Mi\u00f1o\" \/>\n<meta name=\"twitter:card\" content=\"summary_large_image\" \/>\n<meta name=\"twitter:label1\" content=\"Escrito por\" \/>\n\t<meta name=\"twitter:data1\" content=\"Jorge Mi\u00f1o\" \/>\n\t<meta name=\"twitter:label2\" content=\"Tiempo de lectura\" \/>\n\t<meta name=\"twitter:data2\" content=\"2 minutos\" \/>\n<script type=\"application\/ld+json\" class=\"yoast-schema-graph\">{\"@context\":\"https:\/\/schema.org\",\"@graph\":[{\"@type\":\"Article\",\"@id\":\"https:\/\/radioinfinitagoya.com.ar\/v1\/2026\/03\/16\/murio-marcelo-araujo-historico-relator-de-futbol-de-primera-y-futbol-para-todos\/#article\",\"isPartOf\":{\"@id\":\"https:\/\/radioinfinitagoya.com.ar\/v1\/2026\/03\/16\/murio-marcelo-araujo-historico-relator-de-futbol-de-primera-y-futbol-para-todos\/\"},\"author\":{\"name\":\"Jorge Mi\u00f1o\",\"@id\":\"https:\/\/radioinfinitagoya.com.ar\/v1\/#\/schema\/person\/d4cf9c413d4f6edb24aabdccab49ca4a\"},\"headline\":\"Muri\u00f3 Marcelo Araujo, hist\u00f3rico relator de F\u00fatbol de Primera y F\u00fatbol para Todos\",\"datePublished\":\"2026-03-16T19:29:54+00:00\",\"mainEntityOfPage\":{\"@id\":\"https:\/\/radioinfinitagoya.com.ar\/v1\/2026\/03\/16\/murio-marcelo-araujo-historico-relator-de-futbol-de-primera-y-futbol-para-todos\/\"},\"wordCount\":291,\"commentCount\":0,\"publisher\":{\"@id\":\"https:\/\/radioinfinitagoya.com.ar\/v1\/#organization\"},\"image\":{\"@id\":\"https:\/\/radioinfinitagoya.com.ar\/v1\/2026\/03\/16\/murio-marcelo-araujo-historico-relator-de-futbol-de-primera-y-futbol-para-todos\/#primaryimage\"},\"thumbnailUrl\":\"https:\/\/radioinfinitagoya.com.ar\/v1\/wp-content\/uploads\/2026\/03\/HDiL4FqWkAA9j3u.jpg\",\"articleSection\":[\"DEPORTES\"],\"inLanguage\":\"es-AR\",\"potentialAction\":[{\"@type\":\"CommentAction\",\"name\":\"Comment\",\"target\":[\"https:\/\/radioinfinitagoya.com.ar\/v1\/2026\/03\/16\/murio-marcelo-araujo-historico-relator-de-futbol-de-primera-y-futbol-para-todos\/#respond\"]}]},{\"@type\":\"WebPage\",\"@id\":\"https:\/\/radioinfinitagoya.com.ar\/v1\/2026\/03\/16\/murio-marcelo-araujo-historico-relator-de-futbol-de-primera-y-futbol-para-todos\/\",\"url\":\"https:\/\/radioinfinitagoya.com.ar\/v1\/2026\/03\/16\/murio-marcelo-araujo-historico-relator-de-futbol-de-primera-y-futbol-para-todos\/\",\"name\":\"Muri\u00f3 Marcelo Araujo, hist\u00f3rico relator de F\u00fatbol de Primera y F\u00fatbol para Todos - Radio Infinita Goya\",\"isPartOf\":{\"@id\":\"https:\/\/radioinfinitagoya.com.ar\/v1\/#website\"},\"primaryImageOfPage\":{\"@id\":\"https:\/\/radioinfinitagoya.com.ar\/v1\/2026\/03\/16\/murio-marcelo-araujo-historico-relator-de-futbol-de-primera-y-futbol-para-todos\/#primaryimage\"},\"image\":{\"@id\":\"https:\/\/radioinfinitagoya.com.ar\/v1\/2026\/03\/16\/murio-marcelo-araujo-historico-relator-de-futbol-de-primera-y-futbol-para-todos\/#primaryimage\"},\"thumbnailUrl\":\"https:\/\/radioinfinitagoya.com.ar\/v1\/wp-content\/uploads\/2026\/03\/HDiL4FqWkAA9j3u.jpg\",\"datePublished\":\"2026-03-16T19:29:54+00:00\",\"description\":\"A los 78 a\u00f1os, falleci\u00f3 el periodista que form\u00f3 una dupla inolvidable junto a Enrique Macaya M\u00e1rquez en F\u00fatbol de Primera y F\u00fatbol Para Todos. El\",\"breadcrumb\":{\"@id\":\"https:\/\/radioinfinitagoya.com.ar\/v1\/2026\/03\/16\/murio-marcelo-araujo-historico-relator-de-futbol-de-primera-y-futbol-para-todos\/#breadcrumb\"},\"inLanguage\":\"es-AR\",\"potentialAction\":[{\"@type\":\"ReadAction\",\"target\":[\"https:\/\/radioinfinitagoya.com.ar\/v1\/2026\/03\/16\/murio-marcelo-araujo-historico-relator-de-futbol-de-primera-y-futbol-para-todos\/\"]}]},{\"@type\":\"ImageObject\",\"inLanguage\":\"es-AR\",\"@id\":\"https:\/\/radioinfinitagoya.com.ar\/v1\/2026\/03\/16\/murio-marcelo-araujo-historico-relator-de-futbol-de-primera-y-futbol-para-todos\/#primaryimage\",\"url\":\"https:\/\/radioinfinitagoya.com.ar\/v1\/wp-content\/uploads\/2026\/03\/HDiL4FqWkAA9j3u.jpg\",\"contentUrl\":\"https:\/\/radioinfinitagoya.com.ar\/v1\/wp-content\/uploads\/2026\/03\/HDiL4FqWkAA9j3u.jpg\",\"width\":680,\"height\":453},{\"@type\":\"BreadcrumbList\",\"@id\":\"https:\/\/radioinfinitagoya.com.ar\/v1\/2026\/03\/16\/murio-marcelo-araujo-historico-relator-de-futbol-de-primera-y-futbol-para-todos\/#breadcrumb\",\"itemListElement\":[{\"@type\":\"ListItem\",\"position\":1,\"name\":\"Inicio\",\"item\":\"https:\/\/radioinfinitagoya.com.ar\/v1\/\"},{\"@type\":\"ListItem\",\"position\":2,\"name\":\"Muri\u00f3 Marcelo Araujo, hist\u00f3rico relator de F\u00fatbol de Primera y F\u00fatbol para Todos\"}]},{\"@type\":\"WebSite\",\"@id\":\"https:\/\/radioinfinitagoya.com.ar\/v1\/#website\",\"url\":\"https:\/\/radioinfinitagoya.com.ar\/v1\/\",\"name\":\"radioinfinitagoya.com.ar\",\"description\":\"Radio de noticias\",\"publisher\":{\"@id\":\"https:\/\/radioinfinitagoya.com.ar\/v1\/#organization\"},\"potentialAction\":[{\"@type\":\"SearchAction\",\"target\":{\"@type\":\"EntryPoint\",\"urlTemplate\":\"https:\/\/radioinfinitagoya.com.ar\/v1\/?s={search_term_string}\"},\"query-input\":{\"@type\":\"PropertyValueSpecification\",\"valueRequired\":true,\"valueName\":\"search_term_string\"}}],\"inLanguage\":\"es-AR\"},{\"@type\":\"Organization\",\"@id\":\"https:\/\/radioinfinitagoya.com.ar\/v1\/#organization\",\"name\":\"Radio Infinita Goya\",\"url\":\"https:\/\/radioinfinitagoya.com.ar\/v1\/\",\"logo\":{\"@type\":\"ImageObject\",\"inLanguage\":\"es-AR\",\"@id\":\"https:\/\/radioinfinitagoya.com.ar\/v1\/#\/schema\/logo\/image\/\",\"url\":\"https:\/\/radioinfinitagoya.com.ar\/v1\/wp-content\/uploads\/2019\/11\/logo-pie-web.png\",\"contentUrl\":\"https:\/\/radioinfinitagoya.com.ar\/v1\/wp-content\/uploads\/2019\/11\/logo-pie-web.png\",\"width\":635,\"height\":326,\"caption\":\"Radio Infinita Goya\"},\"image\":{\"@id\":\"https:\/\/radioinfinitagoya.com.ar\/v1\/#\/schema\/logo\/image\/\"},\"sameAs\":[\"https:\/\/www.facebook.com\/p\/Infinita-Goya-100063870918311\/\"]},{\"@type\":\"Person\",\"@id\":\"https:\/\/radioinfinitagoya.com.ar\/v1\/#\/schema\/person\/d4cf9c413d4f6edb24aabdccab49ca4a\",\"name\":\"Jorge Mi\u00f1o\",\"image\":{\"@type\":\"ImageObject\",\"inLanguage\":\"es-AR\",\"@id\":\"https:\/\/secure.gravatar.com\/avatar\/910fcf6728fe95320e07a6643c1581fec1c7fc4bf8ae12e3d8f0d0373dc844be?s=96&d=mm&r=g\",\"url\":\"https:\/\/secure.gravatar.com\/avatar\/910fcf6728fe95320e07a6643c1581fec1c7fc4bf8ae12e3d8f0d0373dc844be?s=96&d=mm&r=g\",\"contentUrl\":\"https:\/\/secure.gravatar.com\/avatar\/910fcf6728fe95320e07a6643c1581fec1c7fc4bf8ae12e3d8f0d0373dc844be?s=96&d=mm&r=g\",\"caption\":\"Jorge Mi\u00f1o\"},\"sameAs\":[\"http:\/\/radioinfinitagoya.com.ar\"]}]}<\/script>\n<!-- \/ Yoast SEO plugin. -->","yoast_head_json":{"title":"Muri\u00f3 Marcelo Araujo, hist\u00f3rico relator de F\u00fatbol de Primera y F\u00fatbol para Todos - Radio Infinita Goya","description":"A los 78 a\u00f1os, falleci\u00f3 el periodista que form\u00f3 una dupla inolvidable junto a Enrique Macaya M\u00e1rquez en F\u00fatbol de Primera y F\u00fatbol Para Todos. El","robots":{"index":"index","follow":"follow","max-snippet":"max-snippet:-1","max-image-preview":"max-image-preview:large","max-video-preview":"max-video-preview:-1"},"canonical":"https:\/\/radioinfinitagoya.com.ar\/v1\/2026\/03\/16\/murio-marcelo-araujo-historico-relator-de-futbol-de-primera-y-futbol-para-todos\/","og_locale":"es_ES","og_type":"article","og_title":"Muri\u00f3 Marcelo Araujo, hist\u00f3rico relator de F\u00fatbol de Primera y F\u00fatbol para Todos - Radio Infinita Goya","og_description":"A los 78 a\u00f1os, falleci\u00f3 el periodista que form\u00f3 una dupla inolvidable junto a Enrique Macaya M\u00e1rquez en F\u00fatbol de Primera y F\u00fatbol Para Todos. El","og_url":"https:\/\/radioinfinitagoya.com.ar\/v1\/2026\/03\/16\/murio-marcelo-araujo-historico-relator-de-futbol-de-primera-y-futbol-para-todos\/","og_site_name":"Radio Infinita Goya","article_publisher":"https:\/\/www.facebook.com\/p\/Infinita-Goya-100063870918311\/","article_published_time":"2026-03-16T19:29:54+00:00","og_image":[{"width":680,"height":453,"url":"https:\/\/radioinfinitagoya.com.ar\/v1\/wp-content\/uploads\/2026\/03\/HDiL4FqWkAA9j3u.jpg","type":"image\/jpeg"}],"author":"Jorge Mi\u00f1o","twitter_card":"summary_large_image","twitter_misc":{"Escrito por":"Jorge Mi\u00f1o","Tiempo de lectura":"2 minutos"},"schema":{"@context":"https:\/\/schema.org","@graph":[{"@type":"Article","@id":"https:\/\/radioinfinitagoya.com.ar\/v1\/2026\/03\/16\/murio-marcelo-araujo-historico-relator-de-futbol-de-primera-y-futbol-para-todos\/#article","isPartOf":{"@id":"https:\/\/radioinfinitagoya.com.ar\/v1\/2026\/03\/16\/murio-marcelo-araujo-historico-relator-de-futbol-de-primera-y-futbol-para-todos\/"},"author":{"name":"Jorge Mi\u00f1o","@id":"https:\/\/radioinfinitagoya.com.ar\/v1\/#\/schema\/person\/d4cf9c413d4f6edb24aabdccab49ca4a"},"headline":"Muri\u00f3 Marcelo Araujo, hist\u00f3rico relator de F\u00fatbol de Primera y F\u00fatbol para Todos","datePublished":"2026-03-16T19:29:54+00:00","mainEntityOfPage":{"@id":"https:\/\/radioinfinitagoya.com.ar\/v1\/2026\/03\/16\/murio-marcelo-araujo-historico-relator-de-futbol-de-primera-y-futbol-para-todos\/"},"wordCount":291,"commentCount":0,"publisher":{"@id":"https:\/\/radioinfinitagoya.com.ar\/v1\/#organization"},"image":{"@id":"https:\/\/radioinfinitagoya.com.ar\/v1\/2026\/03\/16\/murio-marcelo-araujo-historico-relator-de-futbol-de-primera-y-futbol-para-todos\/#primaryimage"},"thumbnailUrl":"https:\/\/radioinfinitagoya.com.ar\/v1\/wp-content\/uploads\/2026\/03\/HDiL4FqWkAA9j3u.jpg","articleSection":["DEPORTES"],"inLanguage":"es-AR","potentialAction":[{"@type":"CommentAction","name":"Comment","target":["https:\/\/radioinfinitagoya.com.ar\/v1\/2026\/03\/16\/murio-marcelo-araujo-historico-relator-de-futbol-de-primera-y-futbol-para-todos\/#respond"]}]},{"@type":"WebPage","@id":"https:\/\/radioinfinitagoya.com.ar\/v1\/2026\/03\/16\/murio-marcelo-araujo-historico-relator-de-futbol-de-primera-y-futbol-para-todos\/","url":"https:\/\/radioinfinitagoya.com.ar\/v1\/2026\/03\/16\/murio-marcelo-araujo-historico-relator-de-futbol-de-primera-y-futbol-para-todos\/","name":"Muri\u00f3 Marcelo Araujo, hist\u00f3rico relator de F\u00fatbol de Primera y F\u00fatbol para Todos - Radio Infinita Goya","isPartOf":{"@id":"https:\/\/radioinfinitagoya.com.ar\/v1\/#website"},"primaryImageOfPage":{"@id":"https:\/\/radioinfinitagoya.com.ar\/v1\/2026\/03\/16\/murio-marcelo-araujo-historico-relator-de-futbol-de-primera-y-futbol-para-todos\/#primaryimage"},"image":{"@id":"https:\/\/radioinfinitagoya.com.ar\/v1\/2026\/03\/16\/murio-marcelo-araujo-historico-relator-de-futbol-de-primera-y-futbol-para-todos\/#primaryimage"},"thumbnailUrl":"https:\/\/radioinfinitagoya.com.ar\/v1\/wp-content\/uploads\/2026\/03\/HDiL4FqWkAA9j3u.jpg","datePublished":"2026-03-16T19:29:54+00:00","description":"A los 78 a\u00f1os, falleci\u00f3 el periodista que form\u00f3 una dupla inolvidable junto a Enrique Macaya M\u00e1rquez en F\u00fatbol de Primera y F\u00fatbol Para Todos. El","breadcrumb":{"@id":"https:\/\/radioinfinitagoya.com.ar\/v1\/2026\/03\/16\/murio-marcelo-araujo-historico-relator-de-futbol-de-primera-y-futbol-para-todos\/#breadcrumb"},"inLanguage":"es-AR","potentialAction":[{"@type":"ReadAction","target":["https:\/\/radioinfinitagoya.com.ar\/v1\/2026\/03\/16\/murio-marcelo-araujo-historico-relator-de-futbol-de-primera-y-futbol-para-todos\/"]}]},{"@type":"ImageObject","inLanguage":"es-AR","@id":"https:\/\/radioinfinitagoya.com.ar\/v1\/2026\/03\/16\/murio-marcelo-araujo-historico-relator-de-futbol-de-primera-y-futbol-para-todos\/#primaryimage","url":"https:\/\/radioinfinitagoya.com.ar\/v1\/wp-content\/uploads\/2026\/03\/HDiL4FqWkAA9j3u.jpg","contentUrl":"https:\/\/radioinfinitagoya.com.ar\/v1\/wp-content\/uploads\/2026\/03\/HDiL4FqWkAA9j3u.jpg","width":680,"height":453},{"@type":"BreadcrumbList","@id":"https:\/\/radioinfinitagoya.com.ar\/v1\/2026\/03\/16\/murio-marcelo-araujo-historico-relator-de-futbol-de-primera-y-futbol-para-todos\/#breadcrumb","itemListElement":[{"@type":"ListItem","position":1,"name":"Inicio","item":"https:\/\/radioinfinitagoya.com.ar\/v1\/"},{"@type":"ListItem","position":2,"name":"Muri\u00f3 Marcelo Araujo, hist\u00f3rico relator de F\u00fatbol de Primera y F\u00fatbol para Todos"}]},{"@type":"WebSite","@id":"https:\/\/radioinfinitagoya.com.ar\/v1\/#website","url":"https:\/\/radioinfinitagoya.com.ar\/v1\/","name":"radioinfinitagoya.com.ar","description":"Radio de noticias","publisher":{"@id":"https:\/\/radioinfinitagoya.com.ar\/v1\/#organization"},"potentialAction":[{"@type":"SearchAction","target":{"@type":"EntryPoint","urlTemplate":"https:\/\/radioinfinitagoya.com.ar\/v1\/?s={search_term_string}"},"query-input":{"@type":"PropertyValueSpecification","valueRequired":true,"valueName":"search_term_string"}}],"inLanguage":"es-AR"},{"@type":"Organization","@id":"https:\/\/radioinfinitagoya.com.ar\/v1\/#organization","name":"Radio Infinita Goya","url":"https:\/\/radioinfinitagoya.com.ar\/v1\/","logo":{"@type":"ImageObject","inLanguage":"es-AR","@id":"https:\/\/radioinfinitagoya.com.ar\/v1\/#\/schema\/logo\/image\/","url":"https:\/\/radioinfinitagoya.com.ar\/v1\/wp-content\/uploads\/2019\/11\/logo-pie-web.png","contentUrl":"https:\/\/radioinfinitagoya.com.ar\/v1\/wp-content\/uploads\/2019\/11\/logo-pie-web.png","width":635,"height":326,"caption":"Radio Infinita Goya"},"image":{"@id":"https:\/\/radioinfinitagoya.com.ar\/v1\/#\/schema\/logo\/image\/"},"sameAs":["https:\/\/www.facebook.com\/p\/Infinita-Goya-100063870918311\/"]},{"@type":"Person","@id":"https:\/\/radioinfinitagoya.com.ar\/v1\/#\/schema\/person\/d4cf9c413d4f6edb24aabdccab49ca4a","name":"Jorge Mi\u00f1o","image":{"@type":"ImageObject","inLanguage":"es-AR","@id":"https:\/\/secure.gravatar.com\/avatar\/910fcf6728fe95320e07a6643c1581fec1c7fc4bf8ae12e3d8f0d0373dc844be?s=96&d=mm&r=g","url":"https:\/\/secure.gravatar.com\/avatar\/910fcf6728fe95320e07a6643c1581fec1c7fc4bf8ae12e3d8f0d0373dc844be?s=96&d=mm&r=g","contentUrl":"https:\/\/secure.gravatar.com\/avatar\/910fcf6728fe95320e07a6643c1581fec1c7fc4bf8ae12e3d8f0d0373dc844be?s=96&d=mm&r=g","caption":"Jorge Mi\u00f1o"},"sameAs":["http:\/\/radioinfinitagoya.com.ar"]}]}},"_links":{"self":[{"href":"https:\/\/radioinfinitagoya.com.ar\/v1\/wp-json\/wp\/v2\/posts\/210333","targetHints":{"allow":["GET"]}}],"collection":[{"href":"https:\/\/radioinfinitagoya.com.ar\/v1\/wp-json\/wp\/v2\/posts"}],"about":[{"href":"https:\/\/radioinfinitagoya.com.ar\/v1\/wp-json\/wp\/v2\/types\/post"}],"author":[{"embeddable":true,"href":"https:\/\/radioinfinitagoya.com.ar\/v1\/wp-json\/wp\/v2\/users\/4"}],"replies":[{"embeddable":true,"href":"https:\/\/radioinfinitagoya.com.ar\/v1\/wp-json\/wp\/v2\/comments?post=210333"}],"version-history":[{"count":0,"href":"https:\/\/radioinfinitagoya.com.ar\/v1\/wp-json\/wp\/v2\/posts\/210333\/revisions"}],"wp:featuredmedia":[{"embeddable":true,"href":"https:\/\/radioinfinitagoya.com.ar\/v1\/wp-json\/wp\/v2\/media\/210334"}],"wp:attachment":[{"href":"https:\/\/radioinfinitagoya.com.ar\/v1\/wp-json\/wp\/v2\/media?parent=210333"}],"wp:term":[{"taxonomy":"category","embeddable":true,"href":"https:\/\/radioinfinitagoya.com.ar\/v1\/wp-json\/wp\/v2\/categories?post=210333"},{"taxonomy":"post_tag","embeddable":true,"href":"https:\/\/radioinfinitagoya.com.ar\/v1\/wp-json\/wp\/v2\/tags?post=210333"}],"curies":[{"name":"wp","href":"https:\/\/api.w.org\/{rel}","templated":true}]}}