{"id":210340,"date":"2026-03-16T16:36:36","date_gmt":"2026-03-16T19:36:36","guid":{"rendered":"https:\/\/radioinfinitagoya.com.ar\/v1\/?p=210340"},"modified":"2026-03-16T16:36:36","modified_gmt":"2026-03-16T19:36:36","slug":"se-definio-el-dia-y-la-hora-para-el-debut-de-boca-unidos","status":"publish","type":"post","link":"https:\/\/radioinfinitagoya.com.ar\/v1\/2026\/03\/16\/se-definio-el-dia-y-la-hora-para-el-debut-de-boca-unidos\/","title":{"rendered":"Se defini\u00f3 el d\u00eda y la hora para el debut de Boca Unidos"},"content":{"rendered":"<p>Desde el club Boca Unidos confirmaron la fecha y hora para el debut en el Federal &#8220;A&#8221; 2026, por lo que el elenco &#8220;aurirrojo&#8221; recibir\u00e1 a Sarmiento de La Banda, Santiago del Estero, el pr\u00f3ximo domingo 22 en el predio &#8220;Leoncio Ben\u00edtez&#8221; a partir de las 17:00 hs.<\/p>\n<p>El Torneo Federal &#8220;A&#8221; 2026 se pondr\u00e1 en marcha el pr\u00f3ximo fin de semana. Boca Unidos debutar\u00e1 el domingo 22, este s\u00e1bado cerr\u00f3 la semana de pr\u00e1cticas con otra jornada de f\u00fatbol y luego el plantel, cuerpo t\u00e9cnico y dirigentes compartieron un asado. El entrenador Lucas Batistuta orden\u00f3 otro ensayo de f\u00fatbol y mantuvo la base de la formaci\u00f3n que jug\u00f3 los amistosos contra Sarmiento de Resistencia. En tanto que Antonio \u201cToni\u201d Medina tuvo minutos con el equipo titular.<\/p>\n<p>Entre los once titulares, que enfrentaron el equipo liguista boquense en el complejo Leoncio Ben\u00edtez, el DT utiliz\u00f3 a Ataliva Schweizer entre los centrales en lugar de Alejandro Leani. En tanto que Diego S\u00e1nchez Paredes jug\u00f3 en reemplazo de \u00c1ngel Piz y Cristian Ch\u00e1vez lo hizo por Lautaro Mendoza. Las ausencias de Piz y Mendoza tienen que ver con diferentes dolencias que sufren. Los dos hicieron trabajos diferenciados junto a Mart\u00edn Ojeda que tambi\u00e9n est\u00e1 en proceso de rehabilitaci\u00f3n.<\/p>\n<p>Por lo tanto, el equipo titular de Boca Unidos que se perfila para el debut es el siguiente: Luis Ojeda; Bryan Mendoza, Juli\u00e1n Fuyana, Schweizer y Gustavo Mbombaj; S\u00e1nchez Paredes y Lautaro Ludue\u00f1a; Claudio Alonso, Daniel Villalba y Sa\u00fal Abecasis; y Ch\u00e1vez. Toni Medina se sum\u00f3 a la pr\u00e1ctica en reemplazo de Alonso y lentamente va tomando su mejor forma f\u00edsica. \u201cQuiero sentirme en plenitud en lo f\u00edsico, hay un trabajo exigente del cuerpo t\u00e9cnico y debo estar a la altura para pelear por un puesto\u201d, reconoci\u00f3 Medina.<\/p>\n<p>\u201cCada d\u00eda de trabajo, siento que doy un paso adelante, me quiero preparar bien para el inicio del torneo\u201d, manifest\u00f3 en declaraciones a Eventos y Marcas Sports. Concluido el entrenamiento, el plantel, cuerpo t\u00e9cnico, dirigentes y colaboradores compartieron un asado en el predio ubicado en el barrio 17 de Agosto de la capital correntina. \u201cSe viene lo m\u00e1s lindo y este grupo est\u00e1 listo. Vamos aurirrojo\u201d, public\u00f3 Boca Unidos en sus redes sociales con una foto de los participantes del almuerzo<\/p>\n","protected":false},"excerpt":{"rendered":"<p>Desde el club Boca Unidos confirmaron la fecha y hora para el debut en el Federal &#8220;A&#8221; 2026, por lo que el elenco &#8220;aurirrojo&#8221; recibir\u00e1 a Sarmiento de La Banda, Santiago del Estero, el pr\u00f3ximo domingo 22 en el predio &#8220;Leoncio Ben\u00edtez&#8221; a partir de las 17:00 hs. El Torneo Federal &#8220;A&#8221; 2026 se pondr\u00e1 [&hellip;]<\/p>\n","protected":false},"author":4,"featured_media":210341,"comment_status":"open","ping_status":"open","sticky":false,"template":"","format":"standard","meta":{"_joinchat":[],"footnotes":""},"categories":[28],"tags":[],"class_list":{"0":"post-210340","1":"post","2":"type-post","3":"status-publish","4":"format-standard","5":"has-post-thumbnail","7":"category-deportes"},"yoast_head":"<!-- This site is optimized with the Yoast SEO plugin v27.2 - https:\/\/yoast.com\/product\/yoast-seo-wordpress\/ -->\n<title>Se defini\u00f3 el d\u00eda y la hora para el debut de Boca Unidos - Radio Infinita Goya<\/title>\n<meta name=\"description\" content=\"Desde el club Boca Unidos confirmaron la fecha y hora para el debut en el Federal &quot;A&quot; 2026, por lo que el elenco &quot;aurirrojo&quot; recibir\u00e1 a Sarmiento de La\" \/>\n<meta name=\"robots\" content=\"index, follow, max-snippet:-1, max-image-preview:large, max-video-preview:-1\" \/>\n<link rel=\"canonical\" href=\"https:\/\/radioinfinitagoya.com.ar\/v1\/2026\/03\/16\/se-definio-el-dia-y-la-hora-para-el-debut-de-boca-unidos\/\" \/>\n<meta property=\"og:locale\" content=\"es_ES\" \/>\n<meta property=\"og:type\" content=\"article\" \/>\n<meta property=\"og:title\" content=\"Se defini\u00f3 el d\u00eda y la hora para el debut de Boca Unidos - Radio Infinita Goya\" \/>\n<meta property=\"og:description\" content=\"Desde el club Boca Unidos confirmaron la fecha y hora para el debut en el Federal &quot;A&quot; 2026, por lo que el elenco &quot;aurirrojo&quot; recibir\u00e1 a Sarmiento de La\" \/>\n<meta property=\"og:url\" content=\"https:\/\/radioinfinitagoya.com.ar\/v1\/2026\/03\/16\/se-definio-el-dia-y-la-hora-para-el-debut-de-boca-unidos\/\" \/>\n<meta property=\"og:site_name\" content=\"Radio Infinita Goya\" \/>\n<meta property=\"article:publisher\" content=\"https:\/\/www.facebook.com\/p\/Infinita-Goya-100063870918311\/\" \/>\n<meta property=\"article:published_time\" content=\"2026-03-16T19:36:36+00:00\" \/>\n<meta property=\"og:image\" content=\"https:\/\/radioinfinitagoya.com.ar\/v1\/wp-content\/uploads\/2026\/03\/CABUFIXTURECOMPLETO-1.jpg\" \/>\n\t<meta property=\"og:image:width\" content=\"850\" \/>\n\t<meta property=\"og:image:height\" content=\"707\" \/>\n\t<meta property=\"og:image:type\" content=\"image\/jpeg\" \/>\n<meta name=\"author\" content=\"Jorge Mi\u00f1o\" \/>\n<meta name=\"twitter:card\" content=\"summary_large_image\" \/>\n<meta name=\"twitter:label1\" content=\"Escrito por\" \/>\n\t<meta name=\"twitter:data1\" content=\"Jorge Mi\u00f1o\" \/>\n\t<meta name=\"twitter:label2\" content=\"Tiempo de lectura\" \/>\n\t<meta name=\"twitter:data2\" content=\"2 minutos\" \/>\n<script type=\"application\/ld+json\" class=\"yoast-schema-graph\">{\"@context\":\"https:\/\/schema.org\",\"@graph\":[{\"@type\":\"Article\",\"@id\":\"https:\/\/radioinfinitagoya.com.ar\/v1\/2026\/03\/16\/se-definio-el-dia-y-la-hora-para-el-debut-de-boca-unidos\/#article\",\"isPartOf\":{\"@id\":\"https:\/\/radioinfinitagoya.com.ar\/v1\/2026\/03\/16\/se-definio-el-dia-y-la-hora-para-el-debut-de-boca-unidos\/\"},\"author\":{\"name\":\"Jorge Mi\u00f1o\",\"@id\":\"https:\/\/radioinfinitagoya.com.ar\/v1\/#\/schema\/person\/d4cf9c413d4f6edb24aabdccab49ca4a\"},\"headline\":\"Se defini\u00f3 el d\u00eda y la hora para el debut de Boca Unidos\",\"datePublished\":\"2026-03-16T19:36:36+00:00\",\"mainEntityOfPage\":{\"@id\":\"https:\/\/radioinfinitagoya.com.ar\/v1\/2026\/03\/16\/se-definio-el-dia-y-la-hora-para-el-debut-de-boca-unidos\/\"},\"wordCount\":410,\"commentCount\":0,\"publisher\":{\"@id\":\"https:\/\/radioinfinitagoya.com.ar\/v1\/#organization\"},\"image\":{\"@id\":\"https:\/\/radioinfinitagoya.com.ar\/v1\/2026\/03\/16\/se-definio-el-dia-y-la-hora-para-el-debut-de-boca-unidos\/#primaryimage\"},\"thumbnailUrl\":\"https:\/\/radioinfinitagoya.com.ar\/v1\/wp-content\/uploads\/2026\/03\/CABUFIXTURECOMPLETO-1.jpg\",\"articleSection\":[\"DEPORTES\"],\"inLanguage\":\"es-AR\",\"potentialAction\":[{\"@type\":\"CommentAction\",\"name\":\"Comment\",\"target\":[\"https:\/\/radioinfinitagoya.com.ar\/v1\/2026\/03\/16\/se-definio-el-dia-y-la-hora-para-el-debut-de-boca-unidos\/#respond\"]}]},{\"@type\":\"WebPage\",\"@id\":\"https:\/\/radioinfinitagoya.com.ar\/v1\/2026\/03\/16\/se-definio-el-dia-y-la-hora-para-el-debut-de-boca-unidos\/\",\"url\":\"https:\/\/radioinfinitagoya.com.ar\/v1\/2026\/03\/16\/se-definio-el-dia-y-la-hora-para-el-debut-de-boca-unidos\/\",\"name\":\"Se defini\u00f3 el d\u00eda y la hora para el debut de Boca Unidos - Radio Infinita Goya\",\"isPartOf\":{\"@id\":\"https:\/\/radioinfinitagoya.com.ar\/v1\/#website\"},\"primaryImageOfPage\":{\"@id\":\"https:\/\/radioinfinitagoya.com.ar\/v1\/2026\/03\/16\/se-definio-el-dia-y-la-hora-para-el-debut-de-boca-unidos\/#primaryimage\"},\"image\":{\"@id\":\"https:\/\/radioinfinitagoya.com.ar\/v1\/2026\/03\/16\/se-definio-el-dia-y-la-hora-para-el-debut-de-boca-unidos\/#primaryimage\"},\"thumbnailUrl\":\"https:\/\/radioinfinitagoya.com.ar\/v1\/wp-content\/uploads\/2026\/03\/CABUFIXTURECOMPLETO-1.jpg\",\"datePublished\":\"2026-03-16T19:36:36+00:00\",\"description\":\"Desde el club Boca Unidos confirmaron la fecha y hora para el debut en el Federal \\\"A\\\" 2026, por lo que el elenco \\\"aurirrojo\\\" recibir\u00e1 a Sarmiento de La\",\"breadcrumb\":{\"@id\":\"https:\/\/radioinfinitagoya.com.ar\/v1\/2026\/03\/16\/se-definio-el-dia-y-la-hora-para-el-debut-de-boca-unidos\/#breadcrumb\"},\"inLanguage\":\"es-AR\",\"potentialAction\":[{\"@type\":\"ReadAction\",\"target\":[\"https:\/\/radioinfinitagoya.com.ar\/v1\/2026\/03\/16\/se-definio-el-dia-y-la-hora-para-el-debut-de-boca-unidos\/\"]}]},{\"@type\":\"ImageObject\",\"inLanguage\":\"es-AR\",\"@id\":\"https:\/\/radioinfinitagoya.com.ar\/v1\/2026\/03\/16\/se-definio-el-dia-y-la-hora-para-el-debut-de-boca-unidos\/#primaryimage\",\"url\":\"https:\/\/radioinfinitagoya.com.ar\/v1\/wp-content\/uploads\/2026\/03\/CABUFIXTURECOMPLETO-1.jpg\",\"contentUrl\":\"https:\/\/radioinfinitagoya.com.ar\/v1\/wp-content\/uploads\/2026\/03\/CABUFIXTURECOMPLETO-1.jpg\",\"width\":850,\"height\":707},{\"@type\":\"BreadcrumbList\",\"@id\":\"https:\/\/radioinfinitagoya.com.ar\/v1\/2026\/03\/16\/se-definio-el-dia-y-la-hora-para-el-debut-de-boca-unidos\/#breadcrumb\",\"itemListElement\":[{\"@type\":\"ListItem\",\"position\":1,\"name\":\"Inicio\",\"item\":\"https:\/\/radioinfinitagoya.com.ar\/v1\/\"},{\"@type\":\"ListItem\",\"position\":2,\"name\":\"Se defini\u00f3 el d\u00eda y la hora para el debut de Boca Unidos\"}]},{\"@type\":\"WebSite\",\"@id\":\"https:\/\/radioinfinitagoya.com.ar\/v1\/#website\",\"url\":\"https:\/\/radioinfinitagoya.com.ar\/v1\/\",\"name\":\"radioinfinitagoya.com.ar\",\"description\":\"Radio de noticias\",\"publisher\":{\"@id\":\"https:\/\/radioinfinitagoya.com.ar\/v1\/#organization\"},\"potentialAction\":[{\"@type\":\"SearchAction\",\"target\":{\"@type\":\"EntryPoint\",\"urlTemplate\":\"https:\/\/radioinfinitagoya.com.ar\/v1\/?s={search_term_string}\"},\"query-input\":{\"@type\":\"PropertyValueSpecification\",\"valueRequired\":true,\"valueName\":\"search_term_string\"}}],\"inLanguage\":\"es-AR\"},{\"@type\":\"Organization\",\"@id\":\"https:\/\/radioinfinitagoya.com.ar\/v1\/#organization\",\"name\":\"Radio Infinita Goya\",\"url\":\"https:\/\/radioinfinitagoya.com.ar\/v1\/\",\"logo\":{\"@type\":\"ImageObject\",\"inLanguage\":\"es-AR\",\"@id\":\"https:\/\/radioinfinitagoya.com.ar\/v1\/#\/schema\/logo\/image\/\",\"url\":\"https:\/\/radioinfinitagoya.com.ar\/v1\/wp-content\/uploads\/2019\/11\/logo-pie-web.png\",\"contentUrl\":\"https:\/\/radioinfinitagoya.com.ar\/v1\/wp-content\/uploads\/2019\/11\/logo-pie-web.png\",\"width\":635,\"height\":326,\"caption\":\"Radio Infinita Goya\"},\"image\":{\"@id\":\"https:\/\/radioinfinitagoya.com.ar\/v1\/#\/schema\/logo\/image\/\"},\"sameAs\":[\"https:\/\/www.facebook.com\/p\/Infinita-Goya-100063870918311\/\"]},{\"@type\":\"Person\",\"@id\":\"https:\/\/radioinfinitagoya.com.ar\/v1\/#\/schema\/person\/d4cf9c413d4f6edb24aabdccab49ca4a\",\"name\":\"Jorge Mi\u00f1o\",\"image\":{\"@type\":\"ImageObject\",\"inLanguage\":\"es-AR\",\"@id\":\"https:\/\/secure.gravatar.com\/avatar\/910fcf6728fe95320e07a6643c1581fec1c7fc4bf8ae12e3d8f0d0373dc844be?s=96&d=mm&r=g\",\"url\":\"https:\/\/secure.gravatar.com\/avatar\/910fcf6728fe95320e07a6643c1581fec1c7fc4bf8ae12e3d8f0d0373dc844be?s=96&d=mm&r=g\",\"contentUrl\":\"https:\/\/secure.gravatar.com\/avatar\/910fcf6728fe95320e07a6643c1581fec1c7fc4bf8ae12e3d8f0d0373dc844be?s=96&d=mm&r=g\",\"caption\":\"Jorge Mi\u00f1o\"},\"sameAs\":[\"http:\/\/radioinfinitagoya.com.ar\"]}]}<\/script>\n<!-- \/ Yoast SEO plugin. -->","yoast_head_json":{"title":"Se defini\u00f3 el d\u00eda y la hora para el debut de Boca Unidos - Radio Infinita Goya","description":"Desde el club Boca Unidos confirmaron la fecha y hora para el debut en el Federal \"A\" 2026, por lo que el elenco \"aurirrojo\" recibir\u00e1 a Sarmiento de La","robots":{"index":"index","follow":"follow","max-snippet":"max-snippet:-1","max-image-preview":"max-image-preview:large","max-video-preview":"max-video-preview:-1"},"canonical":"https:\/\/radioinfinitagoya.com.ar\/v1\/2026\/03\/16\/se-definio-el-dia-y-la-hora-para-el-debut-de-boca-unidos\/","og_locale":"es_ES","og_type":"article","og_title":"Se defini\u00f3 el d\u00eda y la hora para el debut de Boca Unidos - Radio Infinita Goya","og_description":"Desde el club Boca Unidos confirmaron la fecha y hora para el debut en el Federal \"A\" 2026, por lo que el elenco \"aurirrojo\" recibir\u00e1 a Sarmiento de La","og_url":"https:\/\/radioinfinitagoya.com.ar\/v1\/2026\/03\/16\/se-definio-el-dia-y-la-hora-para-el-debut-de-boca-unidos\/","og_site_name":"Radio Infinita Goya","article_publisher":"https:\/\/www.facebook.com\/p\/Infinita-Goya-100063870918311\/","article_published_time":"2026-03-16T19:36:36+00:00","og_image":[{"width":850,"height":707,"url":"https:\/\/radioinfinitagoya.com.ar\/v1\/wp-content\/uploads\/2026\/03\/CABUFIXTURECOMPLETO-1.jpg","type":"image\/jpeg"}],"author":"Jorge Mi\u00f1o","twitter_card":"summary_large_image","twitter_misc":{"Escrito por":"Jorge Mi\u00f1o","Tiempo de lectura":"2 minutos"},"schema":{"@context":"https:\/\/schema.org","@graph":[{"@type":"Article","@id":"https:\/\/radioinfinitagoya.com.ar\/v1\/2026\/03\/16\/se-definio-el-dia-y-la-hora-para-el-debut-de-boca-unidos\/#article","isPartOf":{"@id":"https:\/\/radioinfinitagoya.com.ar\/v1\/2026\/03\/16\/se-definio-el-dia-y-la-hora-para-el-debut-de-boca-unidos\/"},"author":{"name":"Jorge Mi\u00f1o","@id":"https:\/\/radioinfinitagoya.com.ar\/v1\/#\/schema\/person\/d4cf9c413d4f6edb24aabdccab49ca4a"},"headline":"Se defini\u00f3 el d\u00eda y la hora para el debut de Boca Unidos","datePublished":"2026-03-16T19:36:36+00:00","mainEntityOfPage":{"@id":"https:\/\/radioinfinitagoya.com.ar\/v1\/2026\/03\/16\/se-definio-el-dia-y-la-hora-para-el-debut-de-boca-unidos\/"},"wordCount":410,"commentCount":0,"publisher":{"@id":"https:\/\/radioinfinitagoya.com.ar\/v1\/#organization"},"image":{"@id":"https:\/\/radioinfinitagoya.com.ar\/v1\/2026\/03\/16\/se-definio-el-dia-y-la-hora-para-el-debut-de-boca-unidos\/#primaryimage"},"thumbnailUrl":"https:\/\/radioinfinitagoya.com.ar\/v1\/wp-content\/uploads\/2026\/03\/CABUFIXTURECOMPLETO-1.jpg","articleSection":["DEPORTES"],"inLanguage":"es-AR","potentialAction":[{"@type":"CommentAction","name":"Comment","target":["https:\/\/radioinfinitagoya.com.ar\/v1\/2026\/03\/16\/se-definio-el-dia-y-la-hora-para-el-debut-de-boca-unidos\/#respond"]}]},{"@type":"WebPage","@id":"https:\/\/radioinfinitagoya.com.ar\/v1\/2026\/03\/16\/se-definio-el-dia-y-la-hora-para-el-debut-de-boca-unidos\/","url":"https:\/\/radioinfinitagoya.com.ar\/v1\/2026\/03\/16\/se-definio-el-dia-y-la-hora-para-el-debut-de-boca-unidos\/","name":"Se defini\u00f3 el d\u00eda y la hora para el debut de Boca Unidos - Radio Infinita Goya","isPartOf":{"@id":"https:\/\/radioinfinitagoya.com.ar\/v1\/#website"},"primaryImageOfPage":{"@id":"https:\/\/radioinfinitagoya.com.ar\/v1\/2026\/03\/16\/se-definio-el-dia-y-la-hora-para-el-debut-de-boca-unidos\/#primaryimage"},"image":{"@id":"https:\/\/radioinfinitagoya.com.ar\/v1\/2026\/03\/16\/se-definio-el-dia-y-la-hora-para-el-debut-de-boca-unidos\/#primaryimage"},"thumbnailUrl":"https:\/\/radioinfinitagoya.com.ar\/v1\/wp-content\/uploads\/2026\/03\/CABUFIXTURECOMPLETO-1.jpg","datePublished":"2026-03-16T19:36:36+00:00","description":"Desde el club Boca Unidos confirmaron la fecha y hora para el debut en el Federal \"A\" 2026, por lo que el elenco \"aurirrojo\" recibir\u00e1 a Sarmiento de La","breadcrumb":{"@id":"https:\/\/radioinfinitagoya.com.ar\/v1\/2026\/03\/16\/se-definio-el-dia-y-la-hora-para-el-debut-de-boca-unidos\/#breadcrumb"},"inLanguage":"es-AR","potentialAction":[{"@type":"ReadAction","target":["https:\/\/radioinfinitagoya.com.ar\/v1\/2026\/03\/16\/se-definio-el-dia-y-la-hora-para-el-debut-de-boca-unidos\/"]}]},{"@type":"ImageObject","inLanguage":"es-AR","@id":"https:\/\/radioinfinitagoya.com.ar\/v1\/2026\/03\/16\/se-definio-el-dia-y-la-hora-para-el-debut-de-boca-unidos\/#primaryimage","url":"https:\/\/radioinfinitagoya.com.ar\/v1\/wp-content\/uploads\/2026\/03\/CABUFIXTURECOMPLETO-1.jpg","contentUrl":"https:\/\/radioinfinitagoya.com.ar\/v1\/wp-content\/uploads\/2026\/03\/CABUFIXTURECOMPLETO-1.jpg","width":850,"height":707},{"@type":"BreadcrumbList","@id":"https:\/\/radioinfinitagoya.com.ar\/v1\/2026\/03\/16\/se-definio-el-dia-y-la-hora-para-el-debut-de-boca-unidos\/#breadcrumb","itemListElement":[{"@type":"ListItem","position":1,"name":"Inicio","item":"https:\/\/radioinfinitagoya.com.ar\/v1\/"},{"@type":"ListItem","position":2,"name":"Se defini\u00f3 el d\u00eda y la hora para el debut de Boca Unidos"}]},{"@type":"WebSite","@id":"https:\/\/radioinfinitagoya.com.ar\/v1\/#website","url":"https:\/\/radioinfinitagoya.com.ar\/v1\/","name":"radioinfinitagoya.com.ar","description":"Radio de noticias","publisher":{"@id":"https:\/\/radioinfinitagoya.com.ar\/v1\/#organization"},"potentialAction":[{"@type":"SearchAction","target":{"@type":"EntryPoint","urlTemplate":"https:\/\/radioinfinitagoya.com.ar\/v1\/?s={search_term_string}"},"query-input":{"@type":"PropertyValueSpecification","valueRequired":true,"valueName":"search_term_string"}}],"inLanguage":"es-AR"},{"@type":"Organization","@id":"https:\/\/radioinfinitagoya.com.ar\/v1\/#organization","name":"Radio Infinita Goya","url":"https:\/\/radioinfinitagoya.com.ar\/v1\/","logo":{"@type":"ImageObject","inLanguage":"es-AR","@id":"https:\/\/radioinfinitagoya.com.ar\/v1\/#\/schema\/logo\/image\/","url":"https:\/\/radioinfinitagoya.com.ar\/v1\/wp-content\/uploads\/2019\/11\/logo-pie-web.png","contentUrl":"https:\/\/radioinfinitagoya.com.ar\/v1\/wp-content\/uploads\/2019\/11\/logo-pie-web.png","width":635,"height":326,"caption":"Radio Infinita Goya"},"image":{"@id":"https:\/\/radioinfinitagoya.com.ar\/v1\/#\/schema\/logo\/image\/"},"sameAs":["https:\/\/www.facebook.com\/p\/Infinita-Goya-100063870918311\/"]},{"@type":"Person","@id":"https:\/\/radioinfinitagoya.com.ar\/v1\/#\/schema\/person\/d4cf9c413d4f6edb24aabdccab49ca4a","name":"Jorge Mi\u00f1o","image":{"@type":"ImageObject","inLanguage":"es-AR","@id":"https:\/\/secure.gravatar.com\/avatar\/910fcf6728fe95320e07a6643c1581fec1c7fc4bf8ae12e3d8f0d0373dc844be?s=96&d=mm&r=g","url":"https:\/\/secure.gravatar.com\/avatar\/910fcf6728fe95320e07a6643c1581fec1c7fc4bf8ae12e3d8f0d0373dc844be?s=96&d=mm&r=g","contentUrl":"https:\/\/secure.gravatar.com\/avatar\/910fcf6728fe95320e07a6643c1581fec1c7fc4bf8ae12e3d8f0d0373dc844be?s=96&d=mm&r=g","caption":"Jorge Mi\u00f1o"},"sameAs":["http:\/\/radioinfinitagoya.com.ar"]}]}},"_links":{"self":[{"href":"https:\/\/radioinfinitagoya.com.ar\/v1\/wp-json\/wp\/v2\/posts\/210340","targetHints":{"allow":["GET"]}}],"collection":[{"href":"https:\/\/radioinfinitagoya.com.ar\/v1\/wp-json\/wp\/v2\/posts"}],"about":[{"href":"https:\/\/radioinfinitagoya.com.ar\/v1\/wp-json\/wp\/v2\/types\/post"}],"author":[{"embeddable":true,"href":"https:\/\/radioinfinitagoya.com.ar\/v1\/wp-json\/wp\/v2\/users\/4"}],"replies":[{"embeddable":true,"href":"https:\/\/radioinfinitagoya.com.ar\/v1\/wp-json\/wp\/v2\/comments?post=210340"}],"version-history":[{"count":0,"href":"https:\/\/radioinfinitagoya.com.ar\/v1\/wp-json\/wp\/v2\/posts\/210340\/revisions"}],"wp:featuredmedia":[{"embeddable":true,"href":"https:\/\/radioinfinitagoya.com.ar\/v1\/wp-json\/wp\/v2\/media\/210341"}],"wp:attachment":[{"href":"https:\/\/radioinfinitagoya.com.ar\/v1\/wp-json\/wp\/v2\/media?parent=210340"}],"wp:term":[{"taxonomy":"category","embeddable":true,"href":"https:\/\/radioinfinitagoya.com.ar\/v1\/wp-json\/wp\/v2\/categories?post=210340"},{"taxonomy":"post_tag","embeddable":true,"href":"https:\/\/radioinfinitagoya.com.ar\/v1\/wp-json\/wp\/v2\/tags?post=210340"}],"curies":[{"name":"wp","href":"https:\/\/api.w.org\/{rel}","templated":true}]}}