{"id":210343,"date":"2026-03-16T16:42:47","date_gmt":"2026-03-16T19:42:47","guid":{"rendered":"https:\/\/radioinfinitagoya.com.ar\/v1\/?p=210343"},"modified":"2026-03-16T16:42:47","modified_gmt":"2026-03-16T19:42:47","slug":"milei-hablo-en-cordoba-insistio-en-que-la-inflacion-empezara-con-0-en-agosto-y-se-mostro-con-adorni","status":"publish","type":"post","link":"https:\/\/radioinfinitagoya.com.ar\/v1\/2026\/03\/16\/milei-hablo-en-cordoba-insistio-en-que-la-inflacion-empezara-con-0-en-agosto-y-se-mostro-con-adorni\/","title":{"rendered":"Milei habl\u00f3 en C\u00f3rdoba: insisti\u00f3 en que la inflaci\u00f3n empezar\u00e1 con 0 en agosto y se mostr\u00f3 con Adorni"},"content":{"rendered":"<p>El mandatario argentino expuso durante casi una hora y media en una entidad empresarial local. Presentes en primera fila estuvieron referentes de su equipo y aliados, y evit\u00f3 cualquier referencia a pol\u00e9micas recientes<\/p>\n<p><img loading=\"lazy\" decoding=\"async\" class=\"alignnone size-full wp-image-210345\" src=\"https:\/\/radioinfinitagoya.com.ar\/v1\/wp-content\/uploads\/2026\/03\/ABWNXK2XJBAVLMW6HMN7SUY6KA.avif\" alt=\"\" width=\"992\" height=\"575\" srcset=\"https:\/\/radioinfinitagoya.com.ar\/v1\/wp-content\/uploads\/2026\/03\/ABWNXK2XJBAVLMW6HMN7SUY6KA.avif 992w, https:\/\/radioinfinitagoya.com.ar\/v1\/wp-content\/uploads\/2026\/03\/ABWNXK2XJBAVLMW6HMN7SUY6KA-150x87.jpg 150w, https:\/\/radioinfinitagoya.com.ar\/v1\/wp-content\/uploads\/2026\/03\/ABWNXK2XJBAVLMW6HMN7SUY6KA-768x445.jpg 768w, https:\/\/radioinfinitagoya.com.ar\/v1\/wp-content\/uploads\/2026\/03\/ABWNXK2XJBAVLMW6HMN7SUY6KA-725x420.jpg 725w, https:\/\/radioinfinitagoya.com.ar\/v1\/wp-content\/uploads\/2026\/03\/ABWNXK2XJBAVLMW6HMN7SUY6KA-696x403.jpg 696w\" sizes=\"auto, (max-width: 992px) 100vw, 992px\" \/>El presidente Javier Milei encabez\u00f3 una extensa presentaci\u00f3n en la Bolsa de Comercio de C\u00f3rdoba tras completar una agenda internacional que incluy\u00f3 viajes a Estados Unidos, Chile y Espa\u00f1a. En el evento, Milei ratific\u00f3 su diagn\u00f3stico econ\u00f3mico y pronostic\u00f3 que la inflaci\u00f3n podr\u00eda iniciar con cero en agosto, mientras enfatiz\u00f3 la continuidad de su programa de gobierno. Durante la jornada, estuvo acompa\u00f1ado por su jefe de Gabinete, Manuel Adorni, adem\u00e1s de Karina Milei y Mart\u00edn Menem, y no hizo alusi\u00f3n a controversias recientes que involucraron a su equipo.<\/p>\n<p>Desde el comienzo de su discurso, Milei eligi\u00f3 centrar el eje en la situaci\u00f3n econ\u00f3mica actual y las perspectivas para el pa\u00eds. \u201c\u00bfLa inflaci\u00f3n es alta? S\u00ed, claro, pero cuando vinimos era del 1,5% diario. Venimos desde el infierno\u201d, asegur\u00f3, para luego reiterar: \u201cPara agosto, la inflaci\u00f3n deber\u00eda empezar con cero\u201d.<\/p>\n<p>El mandatario destac\u00f3 que su administraci\u00f3n mantiene el super\u00e1vit fiscal y que ese equilibrio continuar\u00e1 mientras permanezca en el cargo. \u201cLlevamos m\u00e1s de dos a\u00f1os de gesti\u00f3n y el super\u00e1vit fiscal sigue en pie, y as\u00ed ser\u00e1 mientras est\u00e9 en el sill\u00f3n de Rivadavia\u201d, subray\u00f3. El ministro de Econom\u00eda, Luis Caputo, celebr\u00f3 en redes sociales que \u201cen febrero, el sector p\u00fablico nacional volvi\u00f3 a registrar super\u00e1vit financiero\u201d. Caputo anticip\u00f3 que la aprobaci\u00f3n de leyes como la de Presunci\u00f3n de Inocencia Fiscal y la Reforma Laboral \u201ccontribuir\u00e1n a la formalizaci\u00f3n de la econom\u00eda, lo que junto con el crecimiento econ\u00f3mico y el control estricto del gasto p\u00fablico permitir\u00e1 continuar reduciendo impuestos\u201d.<\/p>\n<p>Durante la exposici\u00f3n, Milei insisti\u00f3 en su visi\u00f3n de la Argentina como un \u201cmodelo de negocios\u201d, subrayando: \u201cSi hay inversi\u00f3n, hay crecimiento, m\u00e1s productividad y m\u00e1s empleo. Si estamos en condiciones de crear valor, vamos a estar en condiciones de crecer\u201d. A lo largo de su intervenci\u00f3n, utiliz\u00f3 referencias a la teor\u00eda econ\u00f3mica y mencion\u00f3 que \u201cnadie logr\u00f3 lo que nosotros logramos\u201d, haciendo hincapi\u00e9 en la mejor\u00eda del pa\u00eds en rankings internacionales de libertad econ\u00f3mica. \u201cTan mal no nos est\u00e1 yendo, desde que llegamos mejoramos 40 puestos\u201d, afirm\u00f3.<\/p>\n<p>El jefe de Estado describi\u00f3 la situaci\u00f3n heredada por su administraci\u00f3n y la compar\u00f3 con los escenarios de otros pa\u00edses: \u201c\u00cdbamos camino a Cuba con escala en Venezuela. Afortunadamente, la gente decidi\u00f3 apoyar un programa liberal; hemos decidido torcer esta historia de decadencia\u201d. Enfatiz\u00f3 tambi\u00e9n que \u201ctarde o temprano vamos a derrotar la inflaci\u00f3n\u201d y proyect\u00f3 que el riesgo pa\u00eds \u201cse va a desmoronar\u201d. Seg\u00fan sus palabras, con la tasa de inter\u00e9s actual, \u201cArgentina puede crecer 4% o 5%\u201d.<\/p>\n<p><img loading=\"lazy\" decoding=\"async\" class=\"alignnone size-full wp-image-210346\" src=\"https:\/\/radioinfinitagoya.com.ar\/v1\/wp-content\/uploads\/2026\/03\/KBPVLY5ED5EQPFAHHZIB4MH5SI.avif\" alt=\"\" width=\"992\" height=\"558\" srcset=\"https:\/\/radioinfinitagoya.com.ar\/v1\/wp-content\/uploads\/2026\/03\/KBPVLY5ED5EQPFAHHZIB4MH5SI.avif 992w, https:\/\/radioinfinitagoya.com.ar\/v1\/wp-content\/uploads\/2026\/03\/KBPVLY5ED5EQPFAHHZIB4MH5SI-150x84.jpg 150w, https:\/\/radioinfinitagoya.com.ar\/v1\/wp-content\/uploads\/2026\/03\/KBPVLY5ED5EQPFAHHZIB4MH5SI-768x432.jpg 768w, https:\/\/radioinfinitagoya.com.ar\/v1\/wp-content\/uploads\/2026\/03\/KBPVLY5ED5EQPFAHHZIB4MH5SI-747x420.jpg 747w, https:\/\/radioinfinitagoya.com.ar\/v1\/wp-content\/uploads\/2026\/03\/KBPVLY5ED5EQPFAHHZIB4MH5SI-696x392.jpg 696w\" sizes=\"auto, (max-width: 992px) 100vw, 992px\" \/>A nivel pol\u00edtico, Milei dirigi\u00f3 fuertes cr\u00edticas al kirchnerismo y a la oposici\u00f3n. Declar\u00f3: \u201cEstamos trabajando fuertemente para sacar al kirchnerismo de la historia de una vez por todas\u201d. En otro pasaje, acus\u00f3 a los kirchneristas de ser \u201cpersonas dispuestas a romper todo con tal de verlos mal a ustedes porque ellos no est\u00e1n en el poder\u201d. Adem\u00e1s, lanz\u00f3 una iron\u00eda hacia M\u00e1ximo Kirchner sin mencionarlo directamente: \u201cNo s\u00e9 si odia m\u00e1s ba\u00f1arse o trabajar\u201d.<\/p>\n<p>El presidente tambi\u00e9n dedic\u00f3 varios tramos de su discurso para cuestionar a figuras de la oposici\u00f3n y dirigentes sociales. Se refiri\u00f3 a quienes lo atacan como \u201cuna horda de vagos que solo saben hacer buenos argumentos para tocar la sensibilidad de los seres humanos y seguir vivi\u00e9ndolos como par\u00e1sitos que son\u201d. Remarc\u00f3 que el gobierno tiene la tarea de \u201cdar la batalla cultural de lleno\u201d.<\/p>\n<p>En su intervenci\u00f3n, Milei defendi\u00f3 la reducci\u00f3n de la presi\u00f3n fiscal y asegur\u00f3 que, si logra mantener la tendencia y ser reelecto, \u201cle estar\u00eda devolviendo a los argentinos US$500.000 millones\u201d. Repiti\u00f3 el pedido de Caputo para que los ciudadanos \u201csaquen los d\u00f3lares del colch\u00f3n y los vuelquen al sistema financiero\u201d, con el objetivo de dinamizar el sector real de la econom\u00eda.<\/p>\n<p>El mandatario se refiri\u00f3 a la apertura econ\u00f3mica y critic\u00f3 el modelo proteccionista. \u201cConforme al ingreso que tenemos deber\u00edamos tener un coeficiente de apertura del 93%, es del 28%. El Banco Mundial releva 179 pa\u00edses, estamos 178. Basta del verso de la protecci\u00f3n. Cuando abro la econom\u00eda tambi\u00e9n bajo la corrupci\u00f3n, lo que estoy haciendo es darle libertad de elegir, que puedan disponer de sus ingresos\u201d, se\u00f1al\u00f3. A\u00f1adi\u00f3 que la apertura \u201cno solo es m\u00e1s rendidora en t\u00e9rminos de utilitarismo pol\u00edtico porque son m\u00e1s los que ganan que los que pierden, sino que es justa y eso es lo que va a traer prosperidad\u201d.<\/p>\n<p><img loading=\"lazy\" decoding=\"async\" class=\"alignnone size-full wp-image-210347\" src=\"https:\/\/radioinfinitagoya.com.ar\/v1\/wp-content\/uploads\/2026\/03\/KBPVLY5ED5EQPFAHHZIB4MH5SI-1.avif\" alt=\"\" width=\"992\" height=\"558\" srcset=\"https:\/\/radioinfinitagoya.com.ar\/v1\/wp-content\/uploads\/2026\/03\/KBPVLY5ED5EQPFAHHZIB4MH5SI-1.avif 992w, https:\/\/radioinfinitagoya.com.ar\/v1\/wp-content\/uploads\/2026\/03\/KBPVLY5ED5EQPFAHHZIB4MH5SI-1-150x84.jpg 150w, https:\/\/radioinfinitagoya.com.ar\/v1\/wp-content\/uploads\/2026\/03\/KBPVLY5ED5EQPFAHHZIB4MH5SI-1-768x432.jpg 768w, https:\/\/radioinfinitagoya.com.ar\/v1\/wp-content\/uploads\/2026\/03\/KBPVLY5ED5EQPFAHHZIB4MH5SI-1-747x420.jpg 747w, https:\/\/radioinfinitagoya.com.ar\/v1\/wp-content\/uploads\/2026\/03\/KBPVLY5ED5EQPFAHHZIB4MH5SI-1-696x392.jpg 696w\" sizes=\"auto, (max-width: 992px) 100vw, 992px\" \/>Durante su exposici\u00f3n, Milei reiter\u00f3 su defensa de los valores judeocristianos y el derecho a la propiedad privada. Cit\u00f3 la Biblia: \u201cGanar\u00e1s el pan con el sudor de tu frente\u201d, y a\u00f1adi\u00f3: \u201cLos liberales sabemos que es con el sudor propio; los zurdos creen que es con el sudor ajeno\u201d. En su an\u00e1lisis sobre la justicia social, opin\u00f3: \u201cLa justicia social es tratar con desigualdad a las personas. Puedo hacer algo profundamente inmoral: le saco 400 al que tiene 500 y se los doy a los que tienen cero. Pol\u00edticamente puede ser brillante, pero moralmente est\u00e1 mal. La justicia social es injusta, ineficiente y violenta\u201d.<\/p>\n<p>Adem\u00e1s, el presidente responsabiliz\u00f3 al socialismo de haber \u201casesinado a 150 millones de personas\u201d y se\u00f1al\u00f3 que su gobierno ense\u00f1a a \u201cpescar\u201d en lugar de \u201cregalar el pescado\u201d. \u201cNo queremos esclavos, queremos ciudadanos libres\u201d, afirm\u00f3.<\/p>\n<p>El acto cont\u00f3 con la presencia de diputados nacionales libertarios encabezados por Gabriel Bornoroni, senadores como Luis Juez y Carmen \u00c1lvarez Rivero, y dirigentes que eval\u00faan competir por la gobernaci\u00f3n provincial. Milei elogi\u00f3 la importancia de C\u00f3rdoba para su proyecto nacional y record\u00f3 su participaci\u00f3n en eventos populares recientes en la provincia.<\/p>\n<p>El mandatario no realiz\u00f3 actividades adicionales en la ciudad. Despu\u00e9s de su disertaci\u00f3n, regres\u00f3 directamente a Buenos Aires. La presencia conjunta de Adorni junto al presidente fue vista como una se\u00f1al de respaldo pol\u00edtico, tras las pol\u00e9micas por viajes y gastos oficiales.<\/p>\n<p>&nbsp;<\/p>\n","protected":false},"excerpt":{"rendered":"<p>El mandatario argentino expuso durante casi una hora y media en una entidad empresarial local. Presentes en primera fila estuvieron referentes de su equipo y aliados, y evit\u00f3 cualquier referencia a pol\u00e9micas recientes El presidente Javier Milei encabez\u00f3 una extensa presentaci\u00f3n en la Bolsa de Comercio de C\u00f3rdoba tras completar una agenda internacional que incluy\u00f3 [&hellip;]<\/p>\n","protected":false},"author":4,"featured_media":210344,"comment_status":"open","ping_status":"open","sticky":false,"template":"","format":"standard","meta":{"_joinchat":[],"footnotes":""},"categories":[34],"tags":[],"class_list":{"0":"post-210343","1":"post","2":"type-post","3":"status-publish","4":"format-standard","5":"has-post-thumbnail","7":"category-principal"},"yoast_head":"<!-- This site is optimized with the Yoast SEO plugin v27.2 - https:\/\/yoast.com\/product\/yoast-seo-wordpress\/ -->\n<title>Milei habl\u00f3 en C\u00f3rdoba: insisti\u00f3 en que la inflaci\u00f3n empezar\u00e1 con 0 en agosto y se mostr\u00f3 con Adorni - Radio Infinita Goya<\/title>\n<meta name=\"description\" content=\"El mandatario argentino expuso durante casi una hora y media en una entidad empresarial local. Presentes en primera fila estuvieron referentes de su\" \/>\n<meta name=\"robots\" content=\"index, follow, max-snippet:-1, max-image-preview:large, max-video-preview:-1\" \/>\n<link rel=\"canonical\" href=\"https:\/\/radioinfinitagoya.com.ar\/v1\/2026\/03\/16\/milei-hablo-en-cordoba-insistio-en-que-la-inflacion-empezara-con-0-en-agosto-y-se-mostro-con-adorni\/\" \/>\n<meta property=\"og:locale\" content=\"es_ES\" \/>\n<meta property=\"og:type\" content=\"article\" \/>\n<meta property=\"og:title\" content=\"Milei habl\u00f3 en C\u00f3rdoba: insisti\u00f3 en que la inflaci\u00f3n empezar\u00e1 con 0 en agosto y se mostr\u00f3 con Adorni - Radio Infinita Goya\" \/>\n<meta property=\"og:description\" content=\"El mandatario argentino expuso durante casi una hora y media en una entidad empresarial local. Presentes en primera fila estuvieron referentes de su\" \/>\n<meta property=\"og:url\" content=\"https:\/\/radioinfinitagoya.com.ar\/v1\/2026\/03\/16\/milei-hablo-en-cordoba-insistio-en-que-la-inflacion-empezara-con-0-en-agosto-y-se-mostro-con-adorni\/\" \/>\n<meta property=\"og:site_name\" content=\"Radio Infinita Goya\" \/>\n<meta property=\"article:publisher\" content=\"https:\/\/www.facebook.com\/p\/Infinita-Goya-100063870918311\/\" \/>\n<meta property=\"article:published_time\" content=\"2026-03-16T19:42:47+00:00\" \/>\n<meta name=\"author\" content=\"Jorge Mi\u00f1o\" \/>\n<meta name=\"twitter:card\" content=\"summary_large_image\" \/>\n<meta name=\"twitter:label1\" content=\"Escrito por\" \/>\n\t<meta name=\"twitter:data1\" content=\"Jorge Mi\u00f1o\" \/>\n\t<meta name=\"twitter:label2\" content=\"Tiempo de lectura\" \/>\n\t<meta name=\"twitter:data2\" content=\"6 minutos\" \/>\n<script type=\"application\/ld+json\" class=\"yoast-schema-graph\">{\"@context\":\"https:\/\/schema.org\",\"@graph\":[{\"@type\":\"Article\",\"@id\":\"https:\/\/radioinfinitagoya.com.ar\/v1\/2026\/03\/16\/milei-hablo-en-cordoba-insistio-en-que-la-inflacion-empezara-con-0-en-agosto-y-se-mostro-con-adorni\/#article\",\"isPartOf\":{\"@id\":\"https:\/\/radioinfinitagoya.com.ar\/v1\/2026\/03\/16\/milei-hablo-en-cordoba-insistio-en-que-la-inflacion-empezara-con-0-en-agosto-y-se-mostro-con-adorni\/\"},\"author\":{\"name\":\"Jorge Mi\u00f1o\",\"@id\":\"https:\/\/radioinfinitagoya.com.ar\/v1\/#\/schema\/person\/d4cf9c413d4f6edb24aabdccab49ca4a\"},\"headline\":\"Milei habl\u00f3 en C\u00f3rdoba: insisti\u00f3 en que la inflaci\u00f3n empezar\u00e1 con 0 en agosto y se mostr\u00f3 con Adorni\",\"datePublished\":\"2026-03-16T19:42:47+00:00\",\"mainEntityOfPage\":{\"@id\":\"https:\/\/radioinfinitagoya.com.ar\/v1\/2026\/03\/16\/milei-hablo-en-cordoba-insistio-en-que-la-inflacion-empezara-con-0-en-agosto-y-se-mostro-con-adorni\/\"},\"wordCount\":1102,\"commentCount\":0,\"publisher\":{\"@id\":\"https:\/\/radioinfinitagoya.com.ar\/v1\/#organization\"},\"image\":{\"@id\":\"https:\/\/radioinfinitagoya.com.ar\/v1\/2026\/03\/16\/milei-hablo-en-cordoba-insistio-en-que-la-inflacion-empezara-con-0-en-agosto-y-se-mostro-con-adorni\/#primaryimage\"},\"thumbnailUrl\":\"https:\/\/radioinfinitagoya.com.ar\/v1\/wp-content\/uploads\/2026\/03\/IGVUOOUYBND3PP3KJJWR5FYX6U.avif\",\"articleSection\":[\"PRINCIPAL\"],\"inLanguage\":\"es-AR\",\"potentialAction\":[{\"@type\":\"CommentAction\",\"name\":\"Comment\",\"target\":[\"https:\/\/radioinfinitagoya.com.ar\/v1\/2026\/03\/16\/milei-hablo-en-cordoba-insistio-en-que-la-inflacion-empezara-con-0-en-agosto-y-se-mostro-con-adorni\/#respond\"]}]},{\"@type\":\"WebPage\",\"@id\":\"https:\/\/radioinfinitagoya.com.ar\/v1\/2026\/03\/16\/milei-hablo-en-cordoba-insistio-en-que-la-inflacion-empezara-con-0-en-agosto-y-se-mostro-con-adorni\/\",\"url\":\"https:\/\/radioinfinitagoya.com.ar\/v1\/2026\/03\/16\/milei-hablo-en-cordoba-insistio-en-que-la-inflacion-empezara-con-0-en-agosto-y-se-mostro-con-adorni\/\",\"name\":\"Milei habl\u00f3 en C\u00f3rdoba: insisti\u00f3 en que la inflaci\u00f3n empezar\u00e1 con 0 en agosto y se mostr\u00f3 con Adorni - Radio Infinita Goya\",\"isPartOf\":{\"@id\":\"https:\/\/radioinfinitagoya.com.ar\/v1\/#website\"},\"primaryImageOfPage\":{\"@id\":\"https:\/\/radioinfinitagoya.com.ar\/v1\/2026\/03\/16\/milei-hablo-en-cordoba-insistio-en-que-la-inflacion-empezara-con-0-en-agosto-y-se-mostro-con-adorni\/#primaryimage\"},\"image\":{\"@id\":\"https:\/\/radioinfinitagoya.com.ar\/v1\/2026\/03\/16\/milei-hablo-en-cordoba-insistio-en-que-la-inflacion-empezara-con-0-en-agosto-y-se-mostro-con-adorni\/#primaryimage\"},\"thumbnailUrl\":\"https:\/\/radioinfinitagoya.com.ar\/v1\/wp-content\/uploads\/2026\/03\/IGVUOOUYBND3PP3KJJWR5FYX6U.avif\",\"datePublished\":\"2026-03-16T19:42:47+00:00\",\"description\":\"El mandatario argentino expuso durante casi una hora y media en una entidad empresarial local. Presentes en primera fila estuvieron referentes de su\",\"breadcrumb\":{\"@id\":\"https:\/\/radioinfinitagoya.com.ar\/v1\/2026\/03\/16\/milei-hablo-en-cordoba-insistio-en-que-la-inflacion-empezara-con-0-en-agosto-y-se-mostro-con-adorni\/#breadcrumb\"},\"inLanguage\":\"es-AR\",\"potentialAction\":[{\"@type\":\"ReadAction\",\"target\":[\"https:\/\/radioinfinitagoya.com.ar\/v1\/2026\/03\/16\/milei-hablo-en-cordoba-insistio-en-que-la-inflacion-empezara-con-0-en-agosto-y-se-mostro-con-adorni\/\"]}]},{\"@type\":\"ImageObject\",\"inLanguage\":\"es-AR\",\"@id\":\"https:\/\/radioinfinitagoya.com.ar\/v1\/2026\/03\/16\/milei-hablo-en-cordoba-insistio-en-que-la-inflacion-empezara-con-0-en-agosto-y-se-mostro-con-adorni\/#primaryimage\",\"url\":\"https:\/\/radioinfinitagoya.com.ar\/v1\/wp-content\/uploads\/2026\/03\/IGVUOOUYBND3PP3KJJWR5FYX6U.avif\",\"contentUrl\":\"https:\/\/radioinfinitagoya.com.ar\/v1\/wp-content\/uploads\/2026\/03\/IGVUOOUYBND3PP3KJJWR5FYX6U.avif\",\"width\":992,\"height\":660},{\"@type\":\"BreadcrumbList\",\"@id\":\"https:\/\/radioinfinitagoya.com.ar\/v1\/2026\/03\/16\/milei-hablo-en-cordoba-insistio-en-que-la-inflacion-empezara-con-0-en-agosto-y-se-mostro-con-adorni\/#breadcrumb\",\"itemListElement\":[{\"@type\":\"ListItem\",\"position\":1,\"name\":\"Inicio\",\"item\":\"https:\/\/radioinfinitagoya.com.ar\/v1\/\"},{\"@type\":\"ListItem\",\"position\":2,\"name\":\"Milei habl\u00f3 en C\u00f3rdoba: insisti\u00f3 en que la inflaci\u00f3n empezar\u00e1 con 0 en agosto y se mostr\u00f3 con Adorni\"}]},{\"@type\":\"WebSite\",\"@id\":\"https:\/\/radioinfinitagoya.com.ar\/v1\/#website\",\"url\":\"https:\/\/radioinfinitagoya.com.ar\/v1\/\",\"name\":\"radioinfinitagoya.com.ar\",\"description\":\"Radio de noticias\",\"publisher\":{\"@id\":\"https:\/\/radioinfinitagoya.com.ar\/v1\/#organization\"},\"potentialAction\":[{\"@type\":\"SearchAction\",\"target\":{\"@type\":\"EntryPoint\",\"urlTemplate\":\"https:\/\/radioinfinitagoya.com.ar\/v1\/?s={search_term_string}\"},\"query-input\":{\"@type\":\"PropertyValueSpecification\",\"valueRequired\":true,\"valueName\":\"search_term_string\"}}],\"inLanguage\":\"es-AR\"},{\"@type\":\"Organization\",\"@id\":\"https:\/\/radioinfinitagoya.com.ar\/v1\/#organization\",\"name\":\"Radio Infinita Goya\",\"url\":\"https:\/\/radioinfinitagoya.com.ar\/v1\/\",\"logo\":{\"@type\":\"ImageObject\",\"inLanguage\":\"es-AR\",\"@id\":\"https:\/\/radioinfinitagoya.com.ar\/v1\/#\/schema\/logo\/image\/\",\"url\":\"https:\/\/radioinfinitagoya.com.ar\/v1\/wp-content\/uploads\/2019\/11\/logo-pie-web.png\",\"contentUrl\":\"https:\/\/radioinfinitagoya.com.ar\/v1\/wp-content\/uploads\/2019\/11\/logo-pie-web.png\",\"width\":635,\"height\":326,\"caption\":\"Radio Infinita Goya\"},\"image\":{\"@id\":\"https:\/\/radioinfinitagoya.com.ar\/v1\/#\/schema\/logo\/image\/\"},\"sameAs\":[\"https:\/\/www.facebook.com\/p\/Infinita-Goya-100063870918311\/\"]},{\"@type\":\"Person\",\"@id\":\"https:\/\/radioinfinitagoya.com.ar\/v1\/#\/schema\/person\/d4cf9c413d4f6edb24aabdccab49ca4a\",\"name\":\"Jorge Mi\u00f1o\",\"image\":{\"@type\":\"ImageObject\",\"inLanguage\":\"es-AR\",\"@id\":\"https:\/\/secure.gravatar.com\/avatar\/910fcf6728fe95320e07a6643c1581fec1c7fc4bf8ae12e3d8f0d0373dc844be?s=96&d=mm&r=g\",\"url\":\"https:\/\/secure.gravatar.com\/avatar\/910fcf6728fe95320e07a6643c1581fec1c7fc4bf8ae12e3d8f0d0373dc844be?s=96&d=mm&r=g\",\"contentUrl\":\"https:\/\/secure.gravatar.com\/avatar\/910fcf6728fe95320e07a6643c1581fec1c7fc4bf8ae12e3d8f0d0373dc844be?s=96&d=mm&r=g\",\"caption\":\"Jorge Mi\u00f1o\"},\"sameAs\":[\"http:\/\/radioinfinitagoya.com.ar\"]}]}<\/script>\n<!-- \/ Yoast SEO plugin. -->","yoast_head_json":{"title":"Milei habl\u00f3 en C\u00f3rdoba: insisti\u00f3 en que la inflaci\u00f3n empezar\u00e1 con 0 en agosto y se mostr\u00f3 con Adorni - Radio Infinita Goya","description":"El mandatario argentino expuso durante casi una hora y media en una entidad empresarial local. Presentes en primera fila estuvieron referentes de su","robots":{"index":"index","follow":"follow","max-snippet":"max-snippet:-1","max-image-preview":"max-image-preview:large","max-video-preview":"max-video-preview:-1"},"canonical":"https:\/\/radioinfinitagoya.com.ar\/v1\/2026\/03\/16\/milei-hablo-en-cordoba-insistio-en-que-la-inflacion-empezara-con-0-en-agosto-y-se-mostro-con-adorni\/","og_locale":"es_ES","og_type":"article","og_title":"Milei habl\u00f3 en C\u00f3rdoba: insisti\u00f3 en que la inflaci\u00f3n empezar\u00e1 con 0 en agosto y se mostr\u00f3 con Adorni - Radio Infinita Goya","og_description":"El mandatario argentino expuso durante casi una hora y media en una entidad empresarial local. Presentes en primera fila estuvieron referentes de su","og_url":"https:\/\/radioinfinitagoya.com.ar\/v1\/2026\/03\/16\/milei-hablo-en-cordoba-insistio-en-que-la-inflacion-empezara-con-0-en-agosto-y-se-mostro-con-adorni\/","og_site_name":"Radio Infinita Goya","article_publisher":"https:\/\/www.facebook.com\/p\/Infinita-Goya-100063870918311\/","article_published_time":"2026-03-16T19:42:47+00:00","author":"Jorge Mi\u00f1o","twitter_card":"summary_large_image","twitter_misc":{"Escrito por":"Jorge Mi\u00f1o","Tiempo de lectura":"6 minutos"},"schema":{"@context":"https:\/\/schema.org","@graph":[{"@type":"Article","@id":"https:\/\/radioinfinitagoya.com.ar\/v1\/2026\/03\/16\/milei-hablo-en-cordoba-insistio-en-que-la-inflacion-empezara-con-0-en-agosto-y-se-mostro-con-adorni\/#article","isPartOf":{"@id":"https:\/\/radioinfinitagoya.com.ar\/v1\/2026\/03\/16\/milei-hablo-en-cordoba-insistio-en-que-la-inflacion-empezara-con-0-en-agosto-y-se-mostro-con-adorni\/"},"author":{"name":"Jorge Mi\u00f1o","@id":"https:\/\/radioinfinitagoya.com.ar\/v1\/#\/schema\/person\/d4cf9c413d4f6edb24aabdccab49ca4a"},"headline":"Milei habl\u00f3 en C\u00f3rdoba: insisti\u00f3 en que la inflaci\u00f3n empezar\u00e1 con 0 en agosto y se mostr\u00f3 con Adorni","datePublished":"2026-03-16T19:42:47+00:00","mainEntityOfPage":{"@id":"https:\/\/radioinfinitagoya.com.ar\/v1\/2026\/03\/16\/milei-hablo-en-cordoba-insistio-en-que-la-inflacion-empezara-con-0-en-agosto-y-se-mostro-con-adorni\/"},"wordCount":1102,"commentCount":0,"publisher":{"@id":"https:\/\/radioinfinitagoya.com.ar\/v1\/#organization"},"image":{"@id":"https:\/\/radioinfinitagoya.com.ar\/v1\/2026\/03\/16\/milei-hablo-en-cordoba-insistio-en-que-la-inflacion-empezara-con-0-en-agosto-y-se-mostro-con-adorni\/#primaryimage"},"thumbnailUrl":"https:\/\/radioinfinitagoya.com.ar\/v1\/wp-content\/uploads\/2026\/03\/IGVUOOUYBND3PP3KJJWR5FYX6U.avif","articleSection":["PRINCIPAL"],"inLanguage":"es-AR","potentialAction":[{"@type":"CommentAction","name":"Comment","target":["https:\/\/radioinfinitagoya.com.ar\/v1\/2026\/03\/16\/milei-hablo-en-cordoba-insistio-en-que-la-inflacion-empezara-con-0-en-agosto-y-se-mostro-con-adorni\/#respond"]}]},{"@type":"WebPage","@id":"https:\/\/radioinfinitagoya.com.ar\/v1\/2026\/03\/16\/milei-hablo-en-cordoba-insistio-en-que-la-inflacion-empezara-con-0-en-agosto-y-se-mostro-con-adorni\/","url":"https:\/\/radioinfinitagoya.com.ar\/v1\/2026\/03\/16\/milei-hablo-en-cordoba-insistio-en-que-la-inflacion-empezara-con-0-en-agosto-y-se-mostro-con-adorni\/","name":"Milei habl\u00f3 en C\u00f3rdoba: insisti\u00f3 en que la inflaci\u00f3n empezar\u00e1 con 0 en agosto y se mostr\u00f3 con Adorni - Radio Infinita Goya","isPartOf":{"@id":"https:\/\/radioinfinitagoya.com.ar\/v1\/#website"},"primaryImageOfPage":{"@id":"https:\/\/radioinfinitagoya.com.ar\/v1\/2026\/03\/16\/milei-hablo-en-cordoba-insistio-en-que-la-inflacion-empezara-con-0-en-agosto-y-se-mostro-con-adorni\/#primaryimage"},"image":{"@id":"https:\/\/radioinfinitagoya.com.ar\/v1\/2026\/03\/16\/milei-hablo-en-cordoba-insistio-en-que-la-inflacion-empezara-con-0-en-agosto-y-se-mostro-con-adorni\/#primaryimage"},"thumbnailUrl":"https:\/\/radioinfinitagoya.com.ar\/v1\/wp-content\/uploads\/2026\/03\/IGVUOOUYBND3PP3KJJWR5FYX6U.avif","datePublished":"2026-03-16T19:42:47+00:00","description":"El mandatario argentino expuso durante casi una hora y media en una entidad empresarial local. Presentes en primera fila estuvieron referentes de su","breadcrumb":{"@id":"https:\/\/radioinfinitagoya.com.ar\/v1\/2026\/03\/16\/milei-hablo-en-cordoba-insistio-en-que-la-inflacion-empezara-con-0-en-agosto-y-se-mostro-con-adorni\/#breadcrumb"},"inLanguage":"es-AR","potentialAction":[{"@type":"ReadAction","target":["https:\/\/radioinfinitagoya.com.ar\/v1\/2026\/03\/16\/milei-hablo-en-cordoba-insistio-en-que-la-inflacion-empezara-con-0-en-agosto-y-se-mostro-con-adorni\/"]}]},{"@type":"ImageObject","inLanguage":"es-AR","@id":"https:\/\/radioinfinitagoya.com.ar\/v1\/2026\/03\/16\/milei-hablo-en-cordoba-insistio-en-que-la-inflacion-empezara-con-0-en-agosto-y-se-mostro-con-adorni\/#primaryimage","url":"https:\/\/radioinfinitagoya.com.ar\/v1\/wp-content\/uploads\/2026\/03\/IGVUOOUYBND3PP3KJJWR5FYX6U.avif","contentUrl":"https:\/\/radioinfinitagoya.com.ar\/v1\/wp-content\/uploads\/2026\/03\/IGVUOOUYBND3PP3KJJWR5FYX6U.avif","width":992,"height":660},{"@type":"BreadcrumbList","@id":"https:\/\/radioinfinitagoya.com.ar\/v1\/2026\/03\/16\/milei-hablo-en-cordoba-insistio-en-que-la-inflacion-empezara-con-0-en-agosto-y-se-mostro-con-adorni\/#breadcrumb","itemListElement":[{"@type":"ListItem","position":1,"name":"Inicio","item":"https:\/\/radioinfinitagoya.com.ar\/v1\/"},{"@type":"ListItem","position":2,"name":"Milei habl\u00f3 en C\u00f3rdoba: insisti\u00f3 en que la inflaci\u00f3n empezar\u00e1 con 0 en agosto y se mostr\u00f3 con Adorni"}]},{"@type":"WebSite","@id":"https:\/\/radioinfinitagoya.com.ar\/v1\/#website","url":"https:\/\/radioinfinitagoya.com.ar\/v1\/","name":"radioinfinitagoya.com.ar","description":"Radio de noticias","publisher":{"@id":"https:\/\/radioinfinitagoya.com.ar\/v1\/#organization"},"potentialAction":[{"@type":"SearchAction","target":{"@type":"EntryPoint","urlTemplate":"https:\/\/radioinfinitagoya.com.ar\/v1\/?s={search_term_string}"},"query-input":{"@type":"PropertyValueSpecification","valueRequired":true,"valueName":"search_term_string"}}],"inLanguage":"es-AR"},{"@type":"Organization","@id":"https:\/\/radioinfinitagoya.com.ar\/v1\/#organization","name":"Radio Infinita Goya","url":"https:\/\/radioinfinitagoya.com.ar\/v1\/","logo":{"@type":"ImageObject","inLanguage":"es-AR","@id":"https:\/\/radioinfinitagoya.com.ar\/v1\/#\/schema\/logo\/image\/","url":"https:\/\/radioinfinitagoya.com.ar\/v1\/wp-content\/uploads\/2019\/11\/logo-pie-web.png","contentUrl":"https:\/\/radioinfinitagoya.com.ar\/v1\/wp-content\/uploads\/2019\/11\/logo-pie-web.png","width":635,"height":326,"caption":"Radio Infinita Goya"},"image":{"@id":"https:\/\/radioinfinitagoya.com.ar\/v1\/#\/schema\/logo\/image\/"},"sameAs":["https:\/\/www.facebook.com\/p\/Infinita-Goya-100063870918311\/"]},{"@type":"Person","@id":"https:\/\/radioinfinitagoya.com.ar\/v1\/#\/schema\/person\/d4cf9c413d4f6edb24aabdccab49ca4a","name":"Jorge Mi\u00f1o","image":{"@type":"ImageObject","inLanguage":"es-AR","@id":"https:\/\/secure.gravatar.com\/avatar\/910fcf6728fe95320e07a6643c1581fec1c7fc4bf8ae12e3d8f0d0373dc844be?s=96&d=mm&r=g","url":"https:\/\/secure.gravatar.com\/avatar\/910fcf6728fe95320e07a6643c1581fec1c7fc4bf8ae12e3d8f0d0373dc844be?s=96&d=mm&r=g","contentUrl":"https:\/\/secure.gravatar.com\/avatar\/910fcf6728fe95320e07a6643c1581fec1c7fc4bf8ae12e3d8f0d0373dc844be?s=96&d=mm&r=g","caption":"Jorge Mi\u00f1o"},"sameAs":["http:\/\/radioinfinitagoya.com.ar"]}]}},"_links":{"self":[{"href":"https:\/\/radioinfinitagoya.com.ar\/v1\/wp-json\/wp\/v2\/posts\/210343","targetHints":{"allow":["GET"]}}],"collection":[{"href":"https:\/\/radioinfinitagoya.com.ar\/v1\/wp-json\/wp\/v2\/posts"}],"about":[{"href":"https:\/\/radioinfinitagoya.com.ar\/v1\/wp-json\/wp\/v2\/types\/post"}],"author":[{"embeddable":true,"href":"https:\/\/radioinfinitagoya.com.ar\/v1\/wp-json\/wp\/v2\/users\/4"}],"replies":[{"embeddable":true,"href":"https:\/\/radioinfinitagoya.com.ar\/v1\/wp-json\/wp\/v2\/comments?post=210343"}],"version-history":[{"count":0,"href":"https:\/\/radioinfinitagoya.com.ar\/v1\/wp-json\/wp\/v2\/posts\/210343\/revisions"}],"wp:featuredmedia":[{"embeddable":true,"href":"https:\/\/radioinfinitagoya.com.ar\/v1\/wp-json\/wp\/v2\/media\/210344"}],"wp:attachment":[{"href":"https:\/\/radioinfinitagoya.com.ar\/v1\/wp-json\/wp\/v2\/media?parent=210343"}],"wp:term":[{"taxonomy":"category","embeddable":true,"href":"https:\/\/radioinfinitagoya.com.ar\/v1\/wp-json\/wp\/v2\/categories?post=210343"},{"taxonomy":"post_tag","embeddable":true,"href":"https:\/\/radioinfinitagoya.com.ar\/v1\/wp-json\/wp\/v2\/tags?post=210343"}],"curies":[{"name":"wp","href":"https:\/\/api.w.org\/{rel}","templated":true}]}}