{"id":210349,"date":"2026-03-16T16:48:24","date_gmt":"2026-03-16T19:48:24","guid":{"rendered":"https:\/\/radioinfinitagoya.com.ar\/v1\/?p=210349"},"modified":"2026-03-16T16:48:24","modified_gmt":"2026-03-16T19:48:24","slug":"crisis-energetica-en-cuba-colapso-el-sistema-electrico-y-toda-la-isla-esta-sin-luz","status":"publish","type":"post","link":"https:\/\/radioinfinitagoya.com.ar\/v1\/2026\/03\/16\/crisis-energetica-en-cuba-colapso-el-sistema-electrico-y-toda-la-isla-esta-sin-luz\/","title":{"rendered":"Crisis energ\u00e9tica en Cuba: colaps\u00f3 el sistema el\u00e9ctrico y toda la isla est\u00e1 sin luz"},"content":{"rendered":"<p>La estatal Uni\u00f3n El\u00e9ctrica inform\u00f3 sobre la activaci\u00f3n de protocolos de emergencia para intentar restablecer el servicio<\/p>\n<p><img loading=\"lazy\" decoding=\"async\" class=\"alignnone size-full wp-image-210351\" src=\"https:\/\/radioinfinitagoya.com.ar\/v1\/wp-content\/uploads\/2026\/03\/E73VNMSIEUKEPU6UECZNH2L4B4-1-1.avif\" alt=\"\" width=\"992\" height=\"661\" srcset=\"https:\/\/radioinfinitagoya.com.ar\/v1\/wp-content\/uploads\/2026\/03\/E73VNMSIEUKEPU6UECZNH2L4B4-1-1.avif 992w, https:\/\/radioinfinitagoya.com.ar\/v1\/wp-content\/uploads\/2026\/03\/E73VNMSIEUKEPU6UECZNH2L4B4-1-1-150x100.jpg 150w, https:\/\/radioinfinitagoya.com.ar\/v1\/wp-content\/uploads\/2026\/03\/E73VNMSIEUKEPU6UECZNH2L4B4-1-1-768x512.jpg 768w, https:\/\/radioinfinitagoya.com.ar\/v1\/wp-content\/uploads\/2026\/03\/E73VNMSIEUKEPU6UECZNH2L4B4-1-1-630x420.jpg 630w, https:\/\/radioinfinitagoya.com.ar\/v1\/wp-content\/uploads\/2026\/03\/E73VNMSIEUKEPU6UECZNH2L4B4-1-1-696x464.jpg 696w\" sizes=\"auto, (max-width: 992px) 100vw, 992px\" \/>Cuba experiment\u00f3 este lunes un nuevo apag\u00f3n generalizado, el sexto en los \u00faltimos dieciocho meses, tras una desconexi\u00f3n total del Sistema Electroenerg\u00e9tico Nacional.<\/p>\n<p>El corte de energ\u00eda dej\u00f3 sin servicio a la totalidad del pa\u00eds, seg\u00fan confirm\u00f3 la estatal Uni\u00f3n El\u00e9ctrica (UNE), que inform\u00f3 sobre la activaci\u00f3n de protocolos de emergencia para intentar restablecer el servicio.<\/p>\n<p>\u201cOcurri\u00f3 una desconexi\u00f3n total del Sistema Electroenerg\u00e9tico Nacional. Comienzan a implementarse los protocolos de restablecimiento\u201d, comunic\u00f3 la UNE en su cuenta oficial en X.<\/p>\n<p>El organismo estatal advirti\u00f3 que la normalizaci\u00f3n del suministro podr\u00eda demorar varias horas debido al estado de la infraestructura y la magnitud de las aver\u00edas.<\/p>\n<p>La interrupci\u00f3n del servicio el\u00e9ctrico afecta a la isla en un contexto de agravada crisis energ\u00e9tica, que se arrastra desde mediados de 2024.<\/p>\n<p><img loading=\"lazy\" decoding=\"async\" class=\"alignnone size-full wp-image-210352\" src=\"https:\/\/radioinfinitagoya.com.ar\/v1\/wp-content\/uploads\/2026\/03\/H3LQ76WJJBELJNNZ6EWTV67XSI.avif\" alt=\"\" width=\"992\" height=\"805\" srcset=\"https:\/\/radioinfinitagoya.com.ar\/v1\/wp-content\/uploads\/2026\/03\/H3LQ76WJJBELJNNZ6EWTV67XSI.avif 992w, https:\/\/radioinfinitagoya.com.ar\/v1\/wp-content\/uploads\/2026\/03\/H3LQ76WJJBELJNNZ6EWTV67XSI-150x122.jpg 150w, https:\/\/radioinfinitagoya.com.ar\/v1\/wp-content\/uploads\/2026\/03\/H3LQ76WJJBELJNNZ6EWTV67XSI-768x623.jpg 768w, https:\/\/radioinfinitagoya.com.ar\/v1\/wp-content\/uploads\/2026\/03\/H3LQ76WJJBELJNNZ6EWTV67XSI-518x420.jpg 518w, https:\/\/radioinfinitagoya.com.ar\/v1\/wp-content\/uploads\/2026\/03\/H3LQ76WJJBELJNNZ6EWTV67XSI-696x565.jpg 696w\" sizes=\"auto, (max-width: 992px) 100vw, 992px\" \/>M\u00e1s temprano, la UNE estim\u00f3 que el 62 % del pa\u00eds permanecer\u00eda sin electricidad en el horario de mayor demanda, cuando la brecha entre generaci\u00f3n y consumo alcanzar\u00eda un d\u00e9ficit de 1.930 megavatios.<\/p>\n<p>Las previsiones indicaron que, de una demanda m\u00e1xima esperada de 3.150 MW, solo estar\u00edan disponibles 1.220 MW.<\/p>\n<p>Gran parte de la infraestructura energ\u00e9tica de la isla presenta un alto nivel de deterioro y opera con frecuentes interrupciones debido a aver\u00edas o mantenimiento prolongado.<\/p>\n<p>Actualmente, nueve de las diecis\u00e9is unidades termoel\u00e9ctricas que integran el sistema nacional se encuentran fuera de servicio. Estas plantas representan alrededor del 40 % de la generaci\u00f3n el\u00e9ctrica del pa\u00eds, por lo que su paralizaci\u00f3n reduce la capacidad del sistema para cubrir la demanda interna.<\/p>\n<p>Desde 2022, los cortes de electricidad han ido en aumento y se han convertido en uno de los principales factores de presi\u00f3n sobre la vida cotidiana y la actividad econ\u00f3mica.<\/p>\n<p><img loading=\"lazy\" decoding=\"async\" class=\"alignnone size-full wp-image-210353\" src=\"https:\/\/radioinfinitagoya.com.ar\/v1\/wp-content\/uploads\/2026\/03\/5ZL4CVTNXBAIDLZJK3NG73VG3U.avif\" alt=\"\" width=\"992\" height=\"661\" srcset=\"https:\/\/radioinfinitagoya.com.ar\/v1\/wp-content\/uploads\/2026\/03\/5ZL4CVTNXBAIDLZJK3NG73VG3U.avif 992w, https:\/\/radioinfinitagoya.com.ar\/v1\/wp-content\/uploads\/2026\/03\/5ZL4CVTNXBAIDLZJK3NG73VG3U-150x100.jpg 150w, https:\/\/radioinfinitagoya.com.ar\/v1\/wp-content\/uploads\/2026\/03\/5ZL4CVTNXBAIDLZJK3NG73VG3U-768x512.jpg 768w, https:\/\/radioinfinitagoya.com.ar\/v1\/wp-content\/uploads\/2026\/03\/5ZL4CVTNXBAIDLZJK3NG73VG3U-630x420.jpg 630w, https:\/\/radioinfinitagoya.com.ar\/v1\/wp-content\/uploads\/2026\/03\/5ZL4CVTNXBAIDLZJK3NG73VG3U-696x464.jpg 696w\" sizes=\"auto, (max-width: 992px) 100vw, 992px\" \/>El pasado 7 de marzo, el d\u00e9ficit energ\u00e9tico provoc\u00f3 que cerca del 68 % del pa\u00eds quedara sin electricidad al mismo tiempo, una de las mayores afectaciones registradas en los \u00faltimos a\u00f1os.<\/p>\n<p>El sistema el\u00e9ctrico cubano depende en gran medida de plantas termoel\u00e9ctricas antiguas y de combustibles importados para mantener la generaci\u00f3n. La combinaci\u00f3n de infraestructura envejecida, escasez de recursos para mantenimiento y limitaciones en el suministro de combustibles ha reducido progresivamente la capacidad operativa del sector.<\/p>\n<p>La frecuencia e intensidad de los apagones ha crecido en los \u00faltimos meses, generando dificultades para el funcionamiento de hospitales, escuelas, industrias y servicios b\u00e1sicos.<\/p>\n<p>Diversos analistas coinciden en que la crisis energ\u00e9tica cubana es resultado de problemas estructurales, como la corrupci\u00f3n, la falta de inversiones en el sector y la obsolescencia de la infraestructura. A esto se suma, seg\u00fan la dictadura cubana, las sanciones impuestas por Estados Unidos desde enero, que han limitado la importaci\u00f3n de combustibles y repuestos.<\/p>\n<p><img loading=\"lazy\" decoding=\"async\" class=\"alignnone size-full wp-image-210354\" src=\"https:\/\/radioinfinitagoya.com.ar\/v1\/wp-content\/uploads\/2026\/03\/XFDUXJDM5JCZXLVSYVUN535G2E.avif\" alt=\"\" width=\"992\" height=\"649\" srcset=\"https:\/\/radioinfinitagoya.com.ar\/v1\/wp-content\/uploads\/2026\/03\/XFDUXJDM5JCZXLVSYVUN535G2E.avif 992w, https:\/\/radioinfinitagoya.com.ar\/v1\/wp-content\/uploads\/2026\/03\/XFDUXJDM5JCZXLVSYVUN535G2E-150x98.jpg 150w, https:\/\/radioinfinitagoya.com.ar\/v1\/wp-content\/uploads\/2026\/03\/XFDUXJDM5JCZXLVSYVUN535G2E-768x502.jpg 768w, https:\/\/radioinfinitagoya.com.ar\/v1\/wp-content\/uploads\/2026\/03\/XFDUXJDM5JCZXLVSYVUN535G2E-642x420.jpg 642w, https:\/\/radioinfinitagoya.com.ar\/v1\/wp-content\/uploads\/2026\/03\/XFDUXJDM5JCZXLVSYVUN535G2E-696x455.jpg 696w, https:\/\/radioinfinitagoya.com.ar\/v1\/wp-content\/uploads\/2026\/03\/XFDUXJDM5JCZXLVSYVUN535G2E-741x486.jpg 741w\" sizes=\"auto, (max-width: 992px) 100vw, 992px\" \/><br \/>\nLas restricciones han provocado una reducci\u00f3n en la llegada de petr\u00f3leo desde Venezuela, agravando la escasez y dificultando a\u00fan m\u00e1s la estabilidad del sistema el\u00e9ctrico.<\/p>\n<p>La situaci\u00f3n ha repercutido en la econom\u00eda y en el clima social. Sectores productivos clave han tenido que reducir o suspender actividades, mientras la poblaci\u00f3n enfrenta prolongados periodos sin electricidad. El malestar social ha ido en aumento, con protestas espor\u00e1dicas y reclamos en redes sociales.<\/p>\n<p>\u201cLlevamos d\u00edas sin corriente, no podemos trabajar ni conservar los alimentos\u201d, expres\u00f3 una residente de La Habana.<\/p>\n<p>En paralelo, los precios internacionales del petr\u00f3leo contin\u00faan al alza, impulsados por la inestabilidad en Medio Oriente, lo que a\u00f1ade presi\u00f3n sobre la capacidad de Cuba para acceder a fuentes de energ\u00eda en el mercado global.<\/p>\n","protected":false},"excerpt":{"rendered":"<p>La estatal Uni\u00f3n El\u00e9ctrica inform\u00f3 sobre la activaci\u00f3n de protocolos de emergencia para intentar restablecer el servicio Cuba experiment\u00f3 este lunes un nuevo apag\u00f3n generalizado, el sexto en los \u00faltimos dieciocho meses, tras una desconexi\u00f3n total del Sistema Electroenerg\u00e9tico Nacional. El corte de energ\u00eda dej\u00f3 sin servicio a la totalidad del pa\u00eds, seg\u00fan confirm\u00f3 la [&hellip;]<\/p>\n","protected":false},"author":4,"featured_media":210350,"comment_status":"open","ping_status":"open","sticky":false,"template":"","format":"standard","meta":{"_joinchat":[],"footnotes":""},"categories":[25],"tags":[],"class_list":{"0":"post-210349","1":"post","2":"type-post","3":"status-publish","4":"format-standard","5":"has-post-thumbnail","7":"category-destacados"},"yoast_head":"<!-- This site is optimized with the Yoast SEO plugin v27.2 - https:\/\/yoast.com\/product\/yoast-seo-wordpress\/ -->\n<title>Crisis energ\u00e9tica en Cuba: colaps\u00f3 el sistema el\u00e9ctrico y toda la isla est\u00e1 sin luz - Radio Infinita Goya<\/title>\n<meta name=\"description\" content=\"La estatal Uni\u00f3n El\u00e9ctrica inform\u00f3 sobre la activaci\u00f3n de protocolos de emergencia para intentar restablecer el servicio Cuba experiment\u00f3 este lunes un\" \/>\n<meta name=\"robots\" content=\"index, follow, max-snippet:-1, max-image-preview:large, max-video-preview:-1\" \/>\n<link rel=\"canonical\" href=\"https:\/\/radioinfinitagoya.com.ar\/v1\/2026\/03\/16\/crisis-energetica-en-cuba-colapso-el-sistema-electrico-y-toda-la-isla-esta-sin-luz\/\" \/>\n<meta property=\"og:locale\" content=\"es_ES\" \/>\n<meta property=\"og:type\" content=\"article\" \/>\n<meta property=\"og:title\" content=\"Crisis energ\u00e9tica en Cuba: colaps\u00f3 el sistema el\u00e9ctrico y toda la isla est\u00e1 sin luz - Radio Infinita Goya\" \/>\n<meta property=\"og:description\" content=\"La estatal Uni\u00f3n El\u00e9ctrica inform\u00f3 sobre la activaci\u00f3n de protocolos de emergencia para intentar restablecer el servicio Cuba experiment\u00f3 este lunes un\" \/>\n<meta property=\"og:url\" content=\"https:\/\/radioinfinitagoya.com.ar\/v1\/2026\/03\/16\/crisis-energetica-en-cuba-colapso-el-sistema-electrico-y-toda-la-isla-esta-sin-luz\/\" \/>\n<meta property=\"og:site_name\" content=\"Radio Infinita Goya\" \/>\n<meta property=\"article:publisher\" content=\"https:\/\/www.facebook.com\/p\/Infinita-Goya-100063870918311\/\" \/>\n<meta property=\"article:published_time\" content=\"2026-03-16T19:48:24+00:00\" \/>\n<meta name=\"author\" content=\"Jorge Mi\u00f1o\" \/>\n<meta name=\"twitter:card\" content=\"summary_large_image\" \/>\n<meta name=\"twitter:label1\" content=\"Escrito por\" \/>\n\t<meta name=\"twitter:data1\" content=\"Jorge Mi\u00f1o\" \/>\n\t<meta name=\"twitter:label2\" content=\"Tiempo de lectura\" \/>\n\t<meta name=\"twitter:data2\" content=\"4 minutos\" \/>\n<script type=\"application\/ld+json\" class=\"yoast-schema-graph\">{\"@context\":\"https:\/\/schema.org\",\"@graph\":[{\"@type\":\"Article\",\"@id\":\"https:\/\/radioinfinitagoya.com.ar\/v1\/2026\/03\/16\/crisis-energetica-en-cuba-colapso-el-sistema-electrico-y-toda-la-isla-esta-sin-luz\/#article\",\"isPartOf\":{\"@id\":\"https:\/\/radioinfinitagoya.com.ar\/v1\/2026\/03\/16\/crisis-energetica-en-cuba-colapso-el-sistema-electrico-y-toda-la-isla-esta-sin-luz\/\"},\"author\":{\"name\":\"Jorge Mi\u00f1o\",\"@id\":\"https:\/\/radioinfinitagoya.com.ar\/v1\/#\/schema\/person\/d4cf9c413d4f6edb24aabdccab49ca4a\"},\"headline\":\"Crisis energ\u00e9tica en Cuba: colaps\u00f3 el sistema el\u00e9ctrico y toda la isla est\u00e1 sin luz\",\"datePublished\":\"2026-03-16T19:48:24+00:00\",\"mainEntityOfPage\":{\"@id\":\"https:\/\/radioinfinitagoya.com.ar\/v1\/2026\/03\/16\/crisis-energetica-en-cuba-colapso-el-sistema-electrico-y-toda-la-isla-esta-sin-luz\/\"},\"wordCount\":647,\"commentCount\":0,\"publisher\":{\"@id\":\"https:\/\/radioinfinitagoya.com.ar\/v1\/#organization\"},\"image\":{\"@id\":\"https:\/\/radioinfinitagoya.com.ar\/v1\/2026\/03\/16\/crisis-energetica-en-cuba-colapso-el-sistema-electrico-y-toda-la-isla-esta-sin-luz\/#primaryimage\"},\"thumbnailUrl\":\"https:\/\/radioinfinitagoya.com.ar\/v1\/wp-content\/uploads\/2026\/03\/E73VNMSIEUKEPU6UECZNH2L4B4-1.avif\",\"articleSection\":[\"DESTACADOS\"],\"inLanguage\":\"es-AR\",\"potentialAction\":[{\"@type\":\"CommentAction\",\"name\":\"Comment\",\"target\":[\"https:\/\/radioinfinitagoya.com.ar\/v1\/2026\/03\/16\/crisis-energetica-en-cuba-colapso-el-sistema-electrico-y-toda-la-isla-esta-sin-luz\/#respond\"]}]},{\"@type\":\"WebPage\",\"@id\":\"https:\/\/radioinfinitagoya.com.ar\/v1\/2026\/03\/16\/crisis-energetica-en-cuba-colapso-el-sistema-electrico-y-toda-la-isla-esta-sin-luz\/\",\"url\":\"https:\/\/radioinfinitagoya.com.ar\/v1\/2026\/03\/16\/crisis-energetica-en-cuba-colapso-el-sistema-electrico-y-toda-la-isla-esta-sin-luz\/\",\"name\":\"Crisis energ\u00e9tica en Cuba: colaps\u00f3 el sistema el\u00e9ctrico y toda la isla est\u00e1 sin luz - Radio Infinita Goya\",\"isPartOf\":{\"@id\":\"https:\/\/radioinfinitagoya.com.ar\/v1\/#website\"},\"primaryImageOfPage\":{\"@id\":\"https:\/\/radioinfinitagoya.com.ar\/v1\/2026\/03\/16\/crisis-energetica-en-cuba-colapso-el-sistema-electrico-y-toda-la-isla-esta-sin-luz\/#primaryimage\"},\"image\":{\"@id\":\"https:\/\/radioinfinitagoya.com.ar\/v1\/2026\/03\/16\/crisis-energetica-en-cuba-colapso-el-sistema-electrico-y-toda-la-isla-esta-sin-luz\/#primaryimage\"},\"thumbnailUrl\":\"https:\/\/radioinfinitagoya.com.ar\/v1\/wp-content\/uploads\/2026\/03\/E73VNMSIEUKEPU6UECZNH2L4B4-1.avif\",\"datePublished\":\"2026-03-16T19:48:24+00:00\",\"description\":\"La estatal Uni\u00f3n El\u00e9ctrica inform\u00f3 sobre la activaci\u00f3n de protocolos de emergencia para intentar restablecer el servicio Cuba experiment\u00f3 este lunes un\",\"breadcrumb\":{\"@id\":\"https:\/\/radioinfinitagoya.com.ar\/v1\/2026\/03\/16\/crisis-energetica-en-cuba-colapso-el-sistema-electrico-y-toda-la-isla-esta-sin-luz\/#breadcrumb\"},\"inLanguage\":\"es-AR\",\"potentialAction\":[{\"@type\":\"ReadAction\",\"target\":[\"https:\/\/radioinfinitagoya.com.ar\/v1\/2026\/03\/16\/crisis-energetica-en-cuba-colapso-el-sistema-electrico-y-toda-la-isla-esta-sin-luz\/\"]}]},{\"@type\":\"ImageObject\",\"inLanguage\":\"es-AR\",\"@id\":\"https:\/\/radioinfinitagoya.com.ar\/v1\/2026\/03\/16\/crisis-energetica-en-cuba-colapso-el-sistema-electrico-y-toda-la-isla-esta-sin-luz\/#primaryimage\",\"url\":\"https:\/\/radioinfinitagoya.com.ar\/v1\/wp-content\/uploads\/2026\/03\/E73VNMSIEUKEPU6UECZNH2L4B4-1.avif\",\"contentUrl\":\"https:\/\/radioinfinitagoya.com.ar\/v1\/wp-content\/uploads\/2026\/03\/E73VNMSIEUKEPU6UECZNH2L4B4-1.avif\",\"width\":992,\"height\":661},{\"@type\":\"BreadcrumbList\",\"@id\":\"https:\/\/radioinfinitagoya.com.ar\/v1\/2026\/03\/16\/crisis-energetica-en-cuba-colapso-el-sistema-electrico-y-toda-la-isla-esta-sin-luz\/#breadcrumb\",\"itemListElement\":[{\"@type\":\"ListItem\",\"position\":1,\"name\":\"Inicio\",\"item\":\"https:\/\/radioinfinitagoya.com.ar\/v1\/\"},{\"@type\":\"ListItem\",\"position\":2,\"name\":\"Crisis energ\u00e9tica en Cuba: colaps\u00f3 el sistema el\u00e9ctrico y toda la isla est\u00e1 sin luz\"}]},{\"@type\":\"WebSite\",\"@id\":\"https:\/\/radioinfinitagoya.com.ar\/v1\/#website\",\"url\":\"https:\/\/radioinfinitagoya.com.ar\/v1\/\",\"name\":\"radioinfinitagoya.com.ar\",\"description\":\"Radio de noticias\",\"publisher\":{\"@id\":\"https:\/\/radioinfinitagoya.com.ar\/v1\/#organization\"},\"potentialAction\":[{\"@type\":\"SearchAction\",\"target\":{\"@type\":\"EntryPoint\",\"urlTemplate\":\"https:\/\/radioinfinitagoya.com.ar\/v1\/?s={search_term_string}\"},\"query-input\":{\"@type\":\"PropertyValueSpecification\",\"valueRequired\":true,\"valueName\":\"search_term_string\"}}],\"inLanguage\":\"es-AR\"},{\"@type\":\"Organization\",\"@id\":\"https:\/\/radioinfinitagoya.com.ar\/v1\/#organization\",\"name\":\"Radio Infinita Goya\",\"url\":\"https:\/\/radioinfinitagoya.com.ar\/v1\/\",\"logo\":{\"@type\":\"ImageObject\",\"inLanguage\":\"es-AR\",\"@id\":\"https:\/\/radioinfinitagoya.com.ar\/v1\/#\/schema\/logo\/image\/\",\"url\":\"https:\/\/radioinfinitagoya.com.ar\/v1\/wp-content\/uploads\/2019\/11\/logo-pie-web.png\",\"contentUrl\":\"https:\/\/radioinfinitagoya.com.ar\/v1\/wp-content\/uploads\/2019\/11\/logo-pie-web.png\",\"width\":635,\"height\":326,\"caption\":\"Radio Infinita Goya\"},\"image\":{\"@id\":\"https:\/\/radioinfinitagoya.com.ar\/v1\/#\/schema\/logo\/image\/\"},\"sameAs\":[\"https:\/\/www.facebook.com\/p\/Infinita-Goya-100063870918311\/\"]},{\"@type\":\"Person\",\"@id\":\"https:\/\/radioinfinitagoya.com.ar\/v1\/#\/schema\/person\/d4cf9c413d4f6edb24aabdccab49ca4a\",\"name\":\"Jorge Mi\u00f1o\",\"image\":{\"@type\":\"ImageObject\",\"inLanguage\":\"es-AR\",\"@id\":\"https:\/\/secure.gravatar.com\/avatar\/910fcf6728fe95320e07a6643c1581fec1c7fc4bf8ae12e3d8f0d0373dc844be?s=96&d=mm&r=g\",\"url\":\"https:\/\/secure.gravatar.com\/avatar\/910fcf6728fe95320e07a6643c1581fec1c7fc4bf8ae12e3d8f0d0373dc844be?s=96&d=mm&r=g\",\"contentUrl\":\"https:\/\/secure.gravatar.com\/avatar\/910fcf6728fe95320e07a6643c1581fec1c7fc4bf8ae12e3d8f0d0373dc844be?s=96&d=mm&r=g\",\"caption\":\"Jorge Mi\u00f1o\"},\"sameAs\":[\"http:\/\/radioinfinitagoya.com.ar\"]}]}<\/script>\n<!-- \/ Yoast SEO plugin. -->","yoast_head_json":{"title":"Crisis energ\u00e9tica en Cuba: colaps\u00f3 el sistema el\u00e9ctrico y toda la isla est\u00e1 sin luz - Radio Infinita Goya","description":"La estatal Uni\u00f3n El\u00e9ctrica inform\u00f3 sobre la activaci\u00f3n de protocolos de emergencia para intentar restablecer el servicio Cuba experiment\u00f3 este lunes un","robots":{"index":"index","follow":"follow","max-snippet":"max-snippet:-1","max-image-preview":"max-image-preview:large","max-video-preview":"max-video-preview:-1"},"canonical":"https:\/\/radioinfinitagoya.com.ar\/v1\/2026\/03\/16\/crisis-energetica-en-cuba-colapso-el-sistema-electrico-y-toda-la-isla-esta-sin-luz\/","og_locale":"es_ES","og_type":"article","og_title":"Crisis energ\u00e9tica en Cuba: colaps\u00f3 el sistema el\u00e9ctrico y toda la isla est\u00e1 sin luz - Radio Infinita Goya","og_description":"La estatal Uni\u00f3n El\u00e9ctrica inform\u00f3 sobre la activaci\u00f3n de protocolos de emergencia para intentar restablecer el servicio Cuba experiment\u00f3 este lunes un","og_url":"https:\/\/radioinfinitagoya.com.ar\/v1\/2026\/03\/16\/crisis-energetica-en-cuba-colapso-el-sistema-electrico-y-toda-la-isla-esta-sin-luz\/","og_site_name":"Radio Infinita Goya","article_publisher":"https:\/\/www.facebook.com\/p\/Infinita-Goya-100063870918311\/","article_published_time":"2026-03-16T19:48:24+00:00","author":"Jorge Mi\u00f1o","twitter_card":"summary_large_image","twitter_misc":{"Escrito por":"Jorge Mi\u00f1o","Tiempo de lectura":"4 minutos"},"schema":{"@context":"https:\/\/schema.org","@graph":[{"@type":"Article","@id":"https:\/\/radioinfinitagoya.com.ar\/v1\/2026\/03\/16\/crisis-energetica-en-cuba-colapso-el-sistema-electrico-y-toda-la-isla-esta-sin-luz\/#article","isPartOf":{"@id":"https:\/\/radioinfinitagoya.com.ar\/v1\/2026\/03\/16\/crisis-energetica-en-cuba-colapso-el-sistema-electrico-y-toda-la-isla-esta-sin-luz\/"},"author":{"name":"Jorge Mi\u00f1o","@id":"https:\/\/radioinfinitagoya.com.ar\/v1\/#\/schema\/person\/d4cf9c413d4f6edb24aabdccab49ca4a"},"headline":"Crisis energ\u00e9tica en Cuba: colaps\u00f3 el sistema el\u00e9ctrico y toda la isla est\u00e1 sin luz","datePublished":"2026-03-16T19:48:24+00:00","mainEntityOfPage":{"@id":"https:\/\/radioinfinitagoya.com.ar\/v1\/2026\/03\/16\/crisis-energetica-en-cuba-colapso-el-sistema-electrico-y-toda-la-isla-esta-sin-luz\/"},"wordCount":647,"commentCount":0,"publisher":{"@id":"https:\/\/radioinfinitagoya.com.ar\/v1\/#organization"},"image":{"@id":"https:\/\/radioinfinitagoya.com.ar\/v1\/2026\/03\/16\/crisis-energetica-en-cuba-colapso-el-sistema-electrico-y-toda-la-isla-esta-sin-luz\/#primaryimage"},"thumbnailUrl":"https:\/\/radioinfinitagoya.com.ar\/v1\/wp-content\/uploads\/2026\/03\/E73VNMSIEUKEPU6UECZNH2L4B4-1.avif","articleSection":["DESTACADOS"],"inLanguage":"es-AR","potentialAction":[{"@type":"CommentAction","name":"Comment","target":["https:\/\/radioinfinitagoya.com.ar\/v1\/2026\/03\/16\/crisis-energetica-en-cuba-colapso-el-sistema-electrico-y-toda-la-isla-esta-sin-luz\/#respond"]}]},{"@type":"WebPage","@id":"https:\/\/radioinfinitagoya.com.ar\/v1\/2026\/03\/16\/crisis-energetica-en-cuba-colapso-el-sistema-electrico-y-toda-la-isla-esta-sin-luz\/","url":"https:\/\/radioinfinitagoya.com.ar\/v1\/2026\/03\/16\/crisis-energetica-en-cuba-colapso-el-sistema-electrico-y-toda-la-isla-esta-sin-luz\/","name":"Crisis energ\u00e9tica en Cuba: colaps\u00f3 el sistema el\u00e9ctrico y toda la isla est\u00e1 sin luz - Radio Infinita Goya","isPartOf":{"@id":"https:\/\/radioinfinitagoya.com.ar\/v1\/#website"},"primaryImageOfPage":{"@id":"https:\/\/radioinfinitagoya.com.ar\/v1\/2026\/03\/16\/crisis-energetica-en-cuba-colapso-el-sistema-electrico-y-toda-la-isla-esta-sin-luz\/#primaryimage"},"image":{"@id":"https:\/\/radioinfinitagoya.com.ar\/v1\/2026\/03\/16\/crisis-energetica-en-cuba-colapso-el-sistema-electrico-y-toda-la-isla-esta-sin-luz\/#primaryimage"},"thumbnailUrl":"https:\/\/radioinfinitagoya.com.ar\/v1\/wp-content\/uploads\/2026\/03\/E73VNMSIEUKEPU6UECZNH2L4B4-1.avif","datePublished":"2026-03-16T19:48:24+00:00","description":"La estatal Uni\u00f3n El\u00e9ctrica inform\u00f3 sobre la activaci\u00f3n de protocolos de emergencia para intentar restablecer el servicio Cuba experiment\u00f3 este lunes un","breadcrumb":{"@id":"https:\/\/radioinfinitagoya.com.ar\/v1\/2026\/03\/16\/crisis-energetica-en-cuba-colapso-el-sistema-electrico-y-toda-la-isla-esta-sin-luz\/#breadcrumb"},"inLanguage":"es-AR","potentialAction":[{"@type":"ReadAction","target":["https:\/\/radioinfinitagoya.com.ar\/v1\/2026\/03\/16\/crisis-energetica-en-cuba-colapso-el-sistema-electrico-y-toda-la-isla-esta-sin-luz\/"]}]},{"@type":"ImageObject","inLanguage":"es-AR","@id":"https:\/\/radioinfinitagoya.com.ar\/v1\/2026\/03\/16\/crisis-energetica-en-cuba-colapso-el-sistema-electrico-y-toda-la-isla-esta-sin-luz\/#primaryimage","url":"https:\/\/radioinfinitagoya.com.ar\/v1\/wp-content\/uploads\/2026\/03\/E73VNMSIEUKEPU6UECZNH2L4B4-1.avif","contentUrl":"https:\/\/radioinfinitagoya.com.ar\/v1\/wp-content\/uploads\/2026\/03\/E73VNMSIEUKEPU6UECZNH2L4B4-1.avif","width":992,"height":661},{"@type":"BreadcrumbList","@id":"https:\/\/radioinfinitagoya.com.ar\/v1\/2026\/03\/16\/crisis-energetica-en-cuba-colapso-el-sistema-electrico-y-toda-la-isla-esta-sin-luz\/#breadcrumb","itemListElement":[{"@type":"ListItem","position":1,"name":"Inicio","item":"https:\/\/radioinfinitagoya.com.ar\/v1\/"},{"@type":"ListItem","position":2,"name":"Crisis energ\u00e9tica en Cuba: colaps\u00f3 el sistema el\u00e9ctrico y toda la isla est\u00e1 sin luz"}]},{"@type":"WebSite","@id":"https:\/\/radioinfinitagoya.com.ar\/v1\/#website","url":"https:\/\/radioinfinitagoya.com.ar\/v1\/","name":"radioinfinitagoya.com.ar","description":"Radio de noticias","publisher":{"@id":"https:\/\/radioinfinitagoya.com.ar\/v1\/#organization"},"potentialAction":[{"@type":"SearchAction","target":{"@type":"EntryPoint","urlTemplate":"https:\/\/radioinfinitagoya.com.ar\/v1\/?s={search_term_string}"},"query-input":{"@type":"PropertyValueSpecification","valueRequired":true,"valueName":"search_term_string"}}],"inLanguage":"es-AR"},{"@type":"Organization","@id":"https:\/\/radioinfinitagoya.com.ar\/v1\/#organization","name":"Radio Infinita Goya","url":"https:\/\/radioinfinitagoya.com.ar\/v1\/","logo":{"@type":"ImageObject","inLanguage":"es-AR","@id":"https:\/\/radioinfinitagoya.com.ar\/v1\/#\/schema\/logo\/image\/","url":"https:\/\/radioinfinitagoya.com.ar\/v1\/wp-content\/uploads\/2019\/11\/logo-pie-web.png","contentUrl":"https:\/\/radioinfinitagoya.com.ar\/v1\/wp-content\/uploads\/2019\/11\/logo-pie-web.png","width":635,"height":326,"caption":"Radio Infinita Goya"},"image":{"@id":"https:\/\/radioinfinitagoya.com.ar\/v1\/#\/schema\/logo\/image\/"},"sameAs":["https:\/\/www.facebook.com\/p\/Infinita-Goya-100063870918311\/"]},{"@type":"Person","@id":"https:\/\/radioinfinitagoya.com.ar\/v1\/#\/schema\/person\/d4cf9c413d4f6edb24aabdccab49ca4a","name":"Jorge Mi\u00f1o","image":{"@type":"ImageObject","inLanguage":"es-AR","@id":"https:\/\/secure.gravatar.com\/avatar\/910fcf6728fe95320e07a6643c1581fec1c7fc4bf8ae12e3d8f0d0373dc844be?s=96&d=mm&r=g","url":"https:\/\/secure.gravatar.com\/avatar\/910fcf6728fe95320e07a6643c1581fec1c7fc4bf8ae12e3d8f0d0373dc844be?s=96&d=mm&r=g","contentUrl":"https:\/\/secure.gravatar.com\/avatar\/910fcf6728fe95320e07a6643c1581fec1c7fc4bf8ae12e3d8f0d0373dc844be?s=96&d=mm&r=g","caption":"Jorge Mi\u00f1o"},"sameAs":["http:\/\/radioinfinitagoya.com.ar"]}]}},"_links":{"self":[{"href":"https:\/\/radioinfinitagoya.com.ar\/v1\/wp-json\/wp\/v2\/posts\/210349","targetHints":{"allow":["GET"]}}],"collection":[{"href":"https:\/\/radioinfinitagoya.com.ar\/v1\/wp-json\/wp\/v2\/posts"}],"about":[{"href":"https:\/\/radioinfinitagoya.com.ar\/v1\/wp-json\/wp\/v2\/types\/post"}],"author":[{"embeddable":true,"href":"https:\/\/radioinfinitagoya.com.ar\/v1\/wp-json\/wp\/v2\/users\/4"}],"replies":[{"embeddable":true,"href":"https:\/\/radioinfinitagoya.com.ar\/v1\/wp-json\/wp\/v2\/comments?post=210349"}],"version-history":[{"count":0,"href":"https:\/\/radioinfinitagoya.com.ar\/v1\/wp-json\/wp\/v2\/posts\/210349\/revisions"}],"wp:featuredmedia":[{"embeddable":true,"href":"https:\/\/radioinfinitagoya.com.ar\/v1\/wp-json\/wp\/v2\/media\/210350"}],"wp:attachment":[{"href":"https:\/\/radioinfinitagoya.com.ar\/v1\/wp-json\/wp\/v2\/media?parent=210349"}],"wp:term":[{"taxonomy":"category","embeddable":true,"href":"https:\/\/radioinfinitagoya.com.ar\/v1\/wp-json\/wp\/v2\/categories?post=210349"},{"taxonomy":"post_tag","embeddable":true,"href":"https:\/\/radioinfinitagoya.com.ar\/v1\/wp-json\/wp\/v2\/tags?post=210349"}],"curies":[{"name":"wp","href":"https:\/\/api.w.org\/{rel}","templated":true}]}}