{"id":210361,"date":"2026-03-16T17:36:08","date_gmt":"2026-03-16T20:36:08","guid":{"rendered":"https:\/\/radioinfinitagoya.com.ar\/v1\/?p=210361"},"modified":"2026-03-16T17:36:08","modified_gmt":"2026-03-16T20:36:08","slug":"conflicto-textil-alal-se-conocio-el-edicto-judicial-del-concurso-de-acreedores","status":"publish","type":"post","link":"https:\/\/radioinfinitagoya.com.ar\/v1\/2026\/03\/16\/conflicto-textil-alal-se-conocio-el-edicto-judicial-del-concurso-de-acreedores\/","title":{"rendered":"Conflicto Textil Alal: se conoci\u00f3 el edicto judicial del concurso de acreedores"},"content":{"rendered":"<p>El proceso reci\u00e9n inicia y tiene fecha culminante en abril del a\u00f1o que viene. La firma Emilio Alal S.A.C.I.F.I., con presencia comercial en distintas ciudades del norte argentino como Goya (Corrientes) y Villa \u00c1ngela (Chaco), fue declarada en concurso preventivo por decisi\u00f3n de la Justicia santafesina.<\/p>\n<p>La medida judicial se tramita en la ciudad de Reconquista, provincia de Santa Fe, bajo el expediente &#8220;Emilio Alal S.A.C.I.F.I. s\/ Concurso Preventivo&#8221; (CUIJ 21-25034929-4).<br \/>\nEl concurso preventivo es un mecanismo legal que permite a una empresa en dificultades econ\u00f3micas reorganizar sus deudas y negociar con sus acreedores para evitar la quiebra. Durante este proceso, la firma contin\u00faa operando mientras se intenta llegar a un acuerdo de pago.<\/p>\n<p>Para supervisar el proceso fueron designados como s\u00edndicos los contadores: Lucila In\u00e9s Prono, Carlos Alberto Annichini y Ra\u00fal Antonio Bajach.<br \/>\nQuienes tengan deudas a su favor contra la empresa deber\u00e1n presentar la verificaci\u00f3n de cr\u00e9ditos hasta el 28 de mayo de 2026.<\/p>\n<p>Las presentaci\u00f3n deben realizarse de manera presencial en Reconquista o en la ciudad de Santa Fe.<br \/>\nDe forma remota, enviando la documentaci\u00f3n en un \u00fanico archivo PDF al correo: concursoemilioalal@gmail.com<\/p>\n<p>Posteriormente, hasta el 25 de junio de 2026 podr\u00e1n presentarse impugnaciones u observaciones sobre los cr\u00e9ditos verificados.<\/p>\n<p>El cronograma judicial prev\u00e9 varias instancias claves: 27 de agosto de 2026: informe individual de cr\u00e9ditos. 19 de noviembre de 2026: informe general de la sindicatura. 8 de abril de 2027: audiencia informativa en el juzgado.<\/p>\n<p>14 de abril de 2027: finaliza el per\u00edodo de exclusividad para llegar a un acuerdo con los acreedores.<\/p>\n<p>Durante este tiempo, la empresa deber\u00e1 presentar una propuesta de pago que sea aceptada por la mayor\u00eda de sus acreedores para evitar un escenario de quiebra.<\/p>\n","protected":false},"excerpt":{"rendered":"<p>El proceso reci\u00e9n inicia y tiene fecha culminante en abril del a\u00f1o que viene. La firma Emilio Alal S.A.C.I.F.I., con presencia comercial en distintas ciudades del norte argentino como Goya (Corrientes) y Villa \u00c1ngela (Chaco), fue declarada en concurso preventivo por decisi\u00f3n de la Justicia santafesina. La medida judicial se tramita en la ciudad de [&hellip;]<\/p>\n","protected":false},"author":4,"featured_media":210362,"comment_status":"open","ping_status":"open","sticky":false,"template":"","format":"standard","meta":{"_joinchat":[],"footnotes":""},"categories":[26],"tags":[],"class_list":{"0":"post-210361","1":"post","2":"type-post","3":"status-publish","4":"format-standard","5":"has-post-thumbnail","7":"category-provinciales"},"yoast_head":"<!-- This site is optimized with the Yoast SEO plugin v27.2 - https:\/\/yoast.com\/product\/yoast-seo-wordpress\/ -->\n<title>Conflicto Textil Alal: se conoci\u00f3 el edicto judicial del concurso de acreedores - Radio Infinita Goya<\/title>\n<meta name=\"description\" content=\"El proceso reci\u00e9n inicia y tiene fecha culminante en abril del a\u00f1o que viene. La firma Emilio Alal S.A.C.I.F.I., con presencia comercial en distintas\" \/>\n<meta name=\"robots\" content=\"index, follow, max-snippet:-1, max-image-preview:large, max-video-preview:-1\" \/>\n<link rel=\"canonical\" href=\"https:\/\/radioinfinitagoya.com.ar\/v1\/2026\/03\/16\/conflicto-textil-alal-se-conocio-el-edicto-judicial-del-concurso-de-acreedores\/\" \/>\n<meta property=\"og:locale\" content=\"es_ES\" \/>\n<meta property=\"og:type\" content=\"article\" \/>\n<meta property=\"og:title\" content=\"Conflicto Textil Alal: se conoci\u00f3 el edicto judicial del concurso de acreedores - Radio Infinita Goya\" \/>\n<meta property=\"og:description\" content=\"El proceso reci\u00e9n inicia y tiene fecha culminante en abril del a\u00f1o que viene. La firma Emilio Alal S.A.C.I.F.I., con presencia comercial en distintas\" \/>\n<meta property=\"og:url\" content=\"https:\/\/radioinfinitagoya.com.ar\/v1\/2026\/03\/16\/conflicto-textil-alal-se-conocio-el-edicto-judicial-del-concurso-de-acreedores\/\" \/>\n<meta property=\"og:site_name\" content=\"Radio Infinita Goya\" \/>\n<meta property=\"article:publisher\" content=\"https:\/\/www.facebook.com\/p\/Infinita-Goya-100063870918311\/\" \/>\n<meta property=\"article:published_time\" content=\"2026-03-16T20:36:08+00:00\" \/>\n<meta property=\"og:image\" content=\"https:\/\/radioinfinitagoya.com.ar\/v1\/wp-content\/uploads\/2026\/03\/kCq5ee-y.jpg\" \/>\n\t<meta property=\"og:image:width\" content=\"620\" \/>\n\t<meta property=\"og:image:height\" content=\"343\" \/>\n\t<meta property=\"og:image:type\" content=\"image\/jpeg\" \/>\n<meta name=\"author\" content=\"Jorge Mi\u00f1o\" \/>\n<meta name=\"twitter:card\" content=\"summary_large_image\" \/>\n<meta name=\"twitter:label1\" content=\"Escrito por\" \/>\n\t<meta name=\"twitter:data1\" content=\"Jorge Mi\u00f1o\" \/>\n\t<meta name=\"twitter:label2\" content=\"Tiempo de lectura\" \/>\n\t<meta name=\"twitter:data2\" content=\"2 minutos\" \/>\n<script type=\"application\/ld+json\" class=\"yoast-schema-graph\">{\"@context\":\"https:\/\/schema.org\",\"@graph\":[{\"@type\":\"Article\",\"@id\":\"https:\/\/radioinfinitagoya.com.ar\/v1\/2026\/03\/16\/conflicto-textil-alal-se-conocio-el-edicto-judicial-del-concurso-de-acreedores\/#article\",\"isPartOf\":{\"@id\":\"https:\/\/radioinfinitagoya.com.ar\/v1\/2026\/03\/16\/conflicto-textil-alal-se-conocio-el-edicto-judicial-del-concurso-de-acreedores\/\"},\"author\":{\"name\":\"Jorge Mi\u00f1o\",\"@id\":\"https:\/\/radioinfinitagoya.com.ar\/v1\/#\/schema\/person\/d4cf9c413d4f6edb24aabdccab49ca4a\"},\"headline\":\"Conflicto Textil Alal: se conoci\u00f3 el edicto judicial del concurso de acreedores\",\"datePublished\":\"2026-03-16T20:36:08+00:00\",\"mainEntityOfPage\":{\"@id\":\"https:\/\/radioinfinitagoya.com.ar\/v1\/2026\/03\/16\/conflicto-textil-alal-se-conocio-el-edicto-judicial-del-concurso-de-acreedores\/\"},\"wordCount\":314,\"commentCount\":0,\"publisher\":{\"@id\":\"https:\/\/radioinfinitagoya.com.ar\/v1\/#organization\"},\"image\":{\"@id\":\"https:\/\/radioinfinitagoya.com.ar\/v1\/2026\/03\/16\/conflicto-textil-alal-se-conocio-el-edicto-judicial-del-concurso-de-acreedores\/#primaryimage\"},\"thumbnailUrl\":\"https:\/\/radioinfinitagoya.com.ar\/v1\/wp-content\/uploads\/2026\/03\/kCq5ee-y.jpg\",\"articleSection\":[\"PROVINCIALES\"],\"inLanguage\":\"es-AR\",\"potentialAction\":[{\"@type\":\"CommentAction\",\"name\":\"Comment\",\"target\":[\"https:\/\/radioinfinitagoya.com.ar\/v1\/2026\/03\/16\/conflicto-textil-alal-se-conocio-el-edicto-judicial-del-concurso-de-acreedores\/#respond\"]}]},{\"@type\":\"WebPage\",\"@id\":\"https:\/\/radioinfinitagoya.com.ar\/v1\/2026\/03\/16\/conflicto-textil-alal-se-conocio-el-edicto-judicial-del-concurso-de-acreedores\/\",\"url\":\"https:\/\/radioinfinitagoya.com.ar\/v1\/2026\/03\/16\/conflicto-textil-alal-se-conocio-el-edicto-judicial-del-concurso-de-acreedores\/\",\"name\":\"Conflicto Textil Alal: se conoci\u00f3 el edicto judicial del concurso de acreedores - Radio Infinita Goya\",\"isPartOf\":{\"@id\":\"https:\/\/radioinfinitagoya.com.ar\/v1\/#website\"},\"primaryImageOfPage\":{\"@id\":\"https:\/\/radioinfinitagoya.com.ar\/v1\/2026\/03\/16\/conflicto-textil-alal-se-conocio-el-edicto-judicial-del-concurso-de-acreedores\/#primaryimage\"},\"image\":{\"@id\":\"https:\/\/radioinfinitagoya.com.ar\/v1\/2026\/03\/16\/conflicto-textil-alal-se-conocio-el-edicto-judicial-del-concurso-de-acreedores\/#primaryimage\"},\"thumbnailUrl\":\"https:\/\/radioinfinitagoya.com.ar\/v1\/wp-content\/uploads\/2026\/03\/kCq5ee-y.jpg\",\"datePublished\":\"2026-03-16T20:36:08+00:00\",\"description\":\"El proceso reci\u00e9n inicia y tiene fecha culminante en abril del a\u00f1o que viene. La firma Emilio Alal S.A.C.I.F.I., con presencia comercial en distintas\",\"breadcrumb\":{\"@id\":\"https:\/\/radioinfinitagoya.com.ar\/v1\/2026\/03\/16\/conflicto-textil-alal-se-conocio-el-edicto-judicial-del-concurso-de-acreedores\/#breadcrumb\"},\"inLanguage\":\"es-AR\",\"potentialAction\":[{\"@type\":\"ReadAction\",\"target\":[\"https:\/\/radioinfinitagoya.com.ar\/v1\/2026\/03\/16\/conflicto-textil-alal-se-conocio-el-edicto-judicial-del-concurso-de-acreedores\/\"]}]},{\"@type\":\"ImageObject\",\"inLanguage\":\"es-AR\",\"@id\":\"https:\/\/radioinfinitagoya.com.ar\/v1\/2026\/03\/16\/conflicto-textil-alal-se-conocio-el-edicto-judicial-del-concurso-de-acreedores\/#primaryimage\",\"url\":\"https:\/\/radioinfinitagoya.com.ar\/v1\/wp-content\/uploads\/2026\/03\/kCq5ee-y.jpg\",\"contentUrl\":\"https:\/\/radioinfinitagoya.com.ar\/v1\/wp-content\/uploads\/2026\/03\/kCq5ee-y.jpg\",\"width\":620,\"height\":343},{\"@type\":\"BreadcrumbList\",\"@id\":\"https:\/\/radioinfinitagoya.com.ar\/v1\/2026\/03\/16\/conflicto-textil-alal-se-conocio-el-edicto-judicial-del-concurso-de-acreedores\/#breadcrumb\",\"itemListElement\":[{\"@type\":\"ListItem\",\"position\":1,\"name\":\"Inicio\",\"item\":\"https:\/\/radioinfinitagoya.com.ar\/v1\/\"},{\"@type\":\"ListItem\",\"position\":2,\"name\":\"Conflicto Textil Alal: se conoci\u00f3 el edicto judicial del concurso de acreedores\"}]},{\"@type\":\"WebSite\",\"@id\":\"https:\/\/radioinfinitagoya.com.ar\/v1\/#website\",\"url\":\"https:\/\/radioinfinitagoya.com.ar\/v1\/\",\"name\":\"radioinfinitagoya.com.ar\",\"description\":\"Radio de noticias\",\"publisher\":{\"@id\":\"https:\/\/radioinfinitagoya.com.ar\/v1\/#organization\"},\"potentialAction\":[{\"@type\":\"SearchAction\",\"target\":{\"@type\":\"EntryPoint\",\"urlTemplate\":\"https:\/\/radioinfinitagoya.com.ar\/v1\/?s={search_term_string}\"},\"query-input\":{\"@type\":\"PropertyValueSpecification\",\"valueRequired\":true,\"valueName\":\"search_term_string\"}}],\"inLanguage\":\"es-AR\"},{\"@type\":\"Organization\",\"@id\":\"https:\/\/radioinfinitagoya.com.ar\/v1\/#organization\",\"name\":\"Radio Infinita Goya\",\"url\":\"https:\/\/radioinfinitagoya.com.ar\/v1\/\",\"logo\":{\"@type\":\"ImageObject\",\"inLanguage\":\"es-AR\",\"@id\":\"https:\/\/radioinfinitagoya.com.ar\/v1\/#\/schema\/logo\/image\/\",\"url\":\"https:\/\/radioinfinitagoya.com.ar\/v1\/wp-content\/uploads\/2019\/11\/logo-pie-web.png\",\"contentUrl\":\"https:\/\/radioinfinitagoya.com.ar\/v1\/wp-content\/uploads\/2019\/11\/logo-pie-web.png\",\"width\":635,\"height\":326,\"caption\":\"Radio Infinita Goya\"},\"image\":{\"@id\":\"https:\/\/radioinfinitagoya.com.ar\/v1\/#\/schema\/logo\/image\/\"},\"sameAs\":[\"https:\/\/www.facebook.com\/p\/Infinita-Goya-100063870918311\/\"]},{\"@type\":\"Person\",\"@id\":\"https:\/\/radioinfinitagoya.com.ar\/v1\/#\/schema\/person\/d4cf9c413d4f6edb24aabdccab49ca4a\",\"name\":\"Jorge Mi\u00f1o\",\"image\":{\"@type\":\"ImageObject\",\"inLanguage\":\"es-AR\",\"@id\":\"https:\/\/secure.gravatar.com\/avatar\/910fcf6728fe95320e07a6643c1581fec1c7fc4bf8ae12e3d8f0d0373dc844be?s=96&d=mm&r=g\",\"url\":\"https:\/\/secure.gravatar.com\/avatar\/910fcf6728fe95320e07a6643c1581fec1c7fc4bf8ae12e3d8f0d0373dc844be?s=96&d=mm&r=g\",\"contentUrl\":\"https:\/\/secure.gravatar.com\/avatar\/910fcf6728fe95320e07a6643c1581fec1c7fc4bf8ae12e3d8f0d0373dc844be?s=96&d=mm&r=g\",\"caption\":\"Jorge Mi\u00f1o\"},\"sameAs\":[\"http:\/\/radioinfinitagoya.com.ar\"]}]}<\/script>\n<!-- \/ Yoast SEO plugin. -->","yoast_head_json":{"title":"Conflicto Textil Alal: se conoci\u00f3 el edicto judicial del concurso de acreedores - Radio Infinita Goya","description":"El proceso reci\u00e9n inicia y tiene fecha culminante en abril del a\u00f1o que viene. La firma Emilio Alal S.A.C.I.F.I., con presencia comercial en distintas","robots":{"index":"index","follow":"follow","max-snippet":"max-snippet:-1","max-image-preview":"max-image-preview:large","max-video-preview":"max-video-preview:-1"},"canonical":"https:\/\/radioinfinitagoya.com.ar\/v1\/2026\/03\/16\/conflicto-textil-alal-se-conocio-el-edicto-judicial-del-concurso-de-acreedores\/","og_locale":"es_ES","og_type":"article","og_title":"Conflicto Textil Alal: se conoci\u00f3 el edicto judicial del concurso de acreedores - Radio Infinita Goya","og_description":"El proceso reci\u00e9n inicia y tiene fecha culminante en abril del a\u00f1o que viene. La firma Emilio Alal S.A.C.I.F.I., con presencia comercial en distintas","og_url":"https:\/\/radioinfinitagoya.com.ar\/v1\/2026\/03\/16\/conflicto-textil-alal-se-conocio-el-edicto-judicial-del-concurso-de-acreedores\/","og_site_name":"Radio Infinita Goya","article_publisher":"https:\/\/www.facebook.com\/p\/Infinita-Goya-100063870918311\/","article_published_time":"2026-03-16T20:36:08+00:00","og_image":[{"width":620,"height":343,"url":"https:\/\/radioinfinitagoya.com.ar\/v1\/wp-content\/uploads\/2026\/03\/kCq5ee-y.jpg","type":"image\/jpeg"}],"author":"Jorge Mi\u00f1o","twitter_card":"summary_large_image","twitter_misc":{"Escrito por":"Jorge Mi\u00f1o","Tiempo de lectura":"2 minutos"},"schema":{"@context":"https:\/\/schema.org","@graph":[{"@type":"Article","@id":"https:\/\/radioinfinitagoya.com.ar\/v1\/2026\/03\/16\/conflicto-textil-alal-se-conocio-el-edicto-judicial-del-concurso-de-acreedores\/#article","isPartOf":{"@id":"https:\/\/radioinfinitagoya.com.ar\/v1\/2026\/03\/16\/conflicto-textil-alal-se-conocio-el-edicto-judicial-del-concurso-de-acreedores\/"},"author":{"name":"Jorge Mi\u00f1o","@id":"https:\/\/radioinfinitagoya.com.ar\/v1\/#\/schema\/person\/d4cf9c413d4f6edb24aabdccab49ca4a"},"headline":"Conflicto Textil Alal: se conoci\u00f3 el edicto judicial del concurso de acreedores","datePublished":"2026-03-16T20:36:08+00:00","mainEntityOfPage":{"@id":"https:\/\/radioinfinitagoya.com.ar\/v1\/2026\/03\/16\/conflicto-textil-alal-se-conocio-el-edicto-judicial-del-concurso-de-acreedores\/"},"wordCount":314,"commentCount":0,"publisher":{"@id":"https:\/\/radioinfinitagoya.com.ar\/v1\/#organization"},"image":{"@id":"https:\/\/radioinfinitagoya.com.ar\/v1\/2026\/03\/16\/conflicto-textil-alal-se-conocio-el-edicto-judicial-del-concurso-de-acreedores\/#primaryimage"},"thumbnailUrl":"https:\/\/radioinfinitagoya.com.ar\/v1\/wp-content\/uploads\/2026\/03\/kCq5ee-y.jpg","articleSection":["PROVINCIALES"],"inLanguage":"es-AR","potentialAction":[{"@type":"CommentAction","name":"Comment","target":["https:\/\/radioinfinitagoya.com.ar\/v1\/2026\/03\/16\/conflicto-textil-alal-se-conocio-el-edicto-judicial-del-concurso-de-acreedores\/#respond"]}]},{"@type":"WebPage","@id":"https:\/\/radioinfinitagoya.com.ar\/v1\/2026\/03\/16\/conflicto-textil-alal-se-conocio-el-edicto-judicial-del-concurso-de-acreedores\/","url":"https:\/\/radioinfinitagoya.com.ar\/v1\/2026\/03\/16\/conflicto-textil-alal-se-conocio-el-edicto-judicial-del-concurso-de-acreedores\/","name":"Conflicto Textil Alal: se conoci\u00f3 el edicto judicial del concurso de acreedores - Radio Infinita Goya","isPartOf":{"@id":"https:\/\/radioinfinitagoya.com.ar\/v1\/#website"},"primaryImageOfPage":{"@id":"https:\/\/radioinfinitagoya.com.ar\/v1\/2026\/03\/16\/conflicto-textil-alal-se-conocio-el-edicto-judicial-del-concurso-de-acreedores\/#primaryimage"},"image":{"@id":"https:\/\/radioinfinitagoya.com.ar\/v1\/2026\/03\/16\/conflicto-textil-alal-se-conocio-el-edicto-judicial-del-concurso-de-acreedores\/#primaryimage"},"thumbnailUrl":"https:\/\/radioinfinitagoya.com.ar\/v1\/wp-content\/uploads\/2026\/03\/kCq5ee-y.jpg","datePublished":"2026-03-16T20:36:08+00:00","description":"El proceso reci\u00e9n inicia y tiene fecha culminante en abril del a\u00f1o que viene. La firma Emilio Alal S.A.C.I.F.I., con presencia comercial en distintas","breadcrumb":{"@id":"https:\/\/radioinfinitagoya.com.ar\/v1\/2026\/03\/16\/conflicto-textil-alal-se-conocio-el-edicto-judicial-del-concurso-de-acreedores\/#breadcrumb"},"inLanguage":"es-AR","potentialAction":[{"@type":"ReadAction","target":["https:\/\/radioinfinitagoya.com.ar\/v1\/2026\/03\/16\/conflicto-textil-alal-se-conocio-el-edicto-judicial-del-concurso-de-acreedores\/"]}]},{"@type":"ImageObject","inLanguage":"es-AR","@id":"https:\/\/radioinfinitagoya.com.ar\/v1\/2026\/03\/16\/conflicto-textil-alal-se-conocio-el-edicto-judicial-del-concurso-de-acreedores\/#primaryimage","url":"https:\/\/radioinfinitagoya.com.ar\/v1\/wp-content\/uploads\/2026\/03\/kCq5ee-y.jpg","contentUrl":"https:\/\/radioinfinitagoya.com.ar\/v1\/wp-content\/uploads\/2026\/03\/kCq5ee-y.jpg","width":620,"height":343},{"@type":"BreadcrumbList","@id":"https:\/\/radioinfinitagoya.com.ar\/v1\/2026\/03\/16\/conflicto-textil-alal-se-conocio-el-edicto-judicial-del-concurso-de-acreedores\/#breadcrumb","itemListElement":[{"@type":"ListItem","position":1,"name":"Inicio","item":"https:\/\/radioinfinitagoya.com.ar\/v1\/"},{"@type":"ListItem","position":2,"name":"Conflicto Textil Alal: se conoci\u00f3 el edicto judicial del concurso de acreedores"}]},{"@type":"WebSite","@id":"https:\/\/radioinfinitagoya.com.ar\/v1\/#website","url":"https:\/\/radioinfinitagoya.com.ar\/v1\/","name":"radioinfinitagoya.com.ar","description":"Radio de noticias","publisher":{"@id":"https:\/\/radioinfinitagoya.com.ar\/v1\/#organization"},"potentialAction":[{"@type":"SearchAction","target":{"@type":"EntryPoint","urlTemplate":"https:\/\/radioinfinitagoya.com.ar\/v1\/?s={search_term_string}"},"query-input":{"@type":"PropertyValueSpecification","valueRequired":true,"valueName":"search_term_string"}}],"inLanguage":"es-AR"},{"@type":"Organization","@id":"https:\/\/radioinfinitagoya.com.ar\/v1\/#organization","name":"Radio Infinita Goya","url":"https:\/\/radioinfinitagoya.com.ar\/v1\/","logo":{"@type":"ImageObject","inLanguage":"es-AR","@id":"https:\/\/radioinfinitagoya.com.ar\/v1\/#\/schema\/logo\/image\/","url":"https:\/\/radioinfinitagoya.com.ar\/v1\/wp-content\/uploads\/2019\/11\/logo-pie-web.png","contentUrl":"https:\/\/radioinfinitagoya.com.ar\/v1\/wp-content\/uploads\/2019\/11\/logo-pie-web.png","width":635,"height":326,"caption":"Radio Infinita Goya"},"image":{"@id":"https:\/\/radioinfinitagoya.com.ar\/v1\/#\/schema\/logo\/image\/"},"sameAs":["https:\/\/www.facebook.com\/p\/Infinita-Goya-100063870918311\/"]},{"@type":"Person","@id":"https:\/\/radioinfinitagoya.com.ar\/v1\/#\/schema\/person\/d4cf9c413d4f6edb24aabdccab49ca4a","name":"Jorge Mi\u00f1o","image":{"@type":"ImageObject","inLanguage":"es-AR","@id":"https:\/\/secure.gravatar.com\/avatar\/910fcf6728fe95320e07a6643c1581fec1c7fc4bf8ae12e3d8f0d0373dc844be?s=96&d=mm&r=g","url":"https:\/\/secure.gravatar.com\/avatar\/910fcf6728fe95320e07a6643c1581fec1c7fc4bf8ae12e3d8f0d0373dc844be?s=96&d=mm&r=g","contentUrl":"https:\/\/secure.gravatar.com\/avatar\/910fcf6728fe95320e07a6643c1581fec1c7fc4bf8ae12e3d8f0d0373dc844be?s=96&d=mm&r=g","caption":"Jorge Mi\u00f1o"},"sameAs":["http:\/\/radioinfinitagoya.com.ar"]}]}},"_links":{"self":[{"href":"https:\/\/radioinfinitagoya.com.ar\/v1\/wp-json\/wp\/v2\/posts\/210361","targetHints":{"allow":["GET"]}}],"collection":[{"href":"https:\/\/radioinfinitagoya.com.ar\/v1\/wp-json\/wp\/v2\/posts"}],"about":[{"href":"https:\/\/radioinfinitagoya.com.ar\/v1\/wp-json\/wp\/v2\/types\/post"}],"author":[{"embeddable":true,"href":"https:\/\/radioinfinitagoya.com.ar\/v1\/wp-json\/wp\/v2\/users\/4"}],"replies":[{"embeddable":true,"href":"https:\/\/radioinfinitagoya.com.ar\/v1\/wp-json\/wp\/v2\/comments?post=210361"}],"version-history":[{"count":0,"href":"https:\/\/radioinfinitagoya.com.ar\/v1\/wp-json\/wp\/v2\/posts\/210361\/revisions"}],"wp:featuredmedia":[{"embeddable":true,"href":"https:\/\/radioinfinitagoya.com.ar\/v1\/wp-json\/wp\/v2\/media\/210362"}],"wp:attachment":[{"href":"https:\/\/radioinfinitagoya.com.ar\/v1\/wp-json\/wp\/v2\/media?parent=210361"}],"wp:term":[{"taxonomy":"category","embeddable":true,"href":"https:\/\/radioinfinitagoya.com.ar\/v1\/wp-json\/wp\/v2\/categories?post=210361"},{"taxonomy":"post_tag","embeddable":true,"href":"https:\/\/radioinfinitagoya.com.ar\/v1\/wp-json\/wp\/v2\/tags?post=210361"}],"curies":[{"name":"wp","href":"https:\/\/api.w.org\/{rel}","templated":true}]}}