{"id":210372,"date":"2026-03-17T15:58:03","date_gmt":"2026-03-17T18:58:03","guid":{"rendered":"https:\/\/radioinfinitagoya.com.ar\/v1\/?p=210372"},"modified":"2026-03-17T15:58:03","modified_gmt":"2026-03-17T18:58:03","slug":"runner-goyanos-destacan-en-villa-urquiza-entre-rios","status":"publish","type":"post","link":"https:\/\/radioinfinitagoya.com.ar\/v1\/2026\/03\/17\/runner-goyanos-destacan-en-villa-urquiza-entre-rios\/","title":{"rendered":"Runner Goyanos destacan en Villa Urquiza Entre R\u00edos"},"content":{"rendered":"<p>En la localidad de Villa Urquiza (Entre R\u00edos) los corredores de la regi\u00f3n participaron de una carrera netamente de aventura, logrando los goyanos un destacado rendimiento. Oscar Mazzuchini result\u00f3 primero en la general 7k y Pablo N\u00fa\u00f1ez tercero en la general 15k.<\/p>\n<p>\u201cAtardecer de Villa Urquiza\u201d es una carrera 100% de aventura, por las caracter\u00edsticas del paisaje. \u201cEstamos orgullosos por representar no solo a los equipos (Modo Runner Team y Punto de Entrenamiento), sino a la ciudad\u201d, expres\u00f3 el entrenador Fernando L\u00f3pez Torres, quien junto a Laura Pascual lideraron sus respectivos equipos.<\/p>\n<p>En lo que a la apertura 2026 del Circuito Correntino de Running se refiere, la primera fecha se correr\u00e1 en Goya el 17 de mayo, en la geograf\u00eda que ofrece en sus inmediaciones el Parque Acu\u00e1tico.<\/p>\n<p>Este a\u00f1o \u201cOto\u00f1o Trail Run\u201d tendr\u00e1 la novedad de contar con las tres distancias: 5, 10 y 21K. Esta \u00faltima, la categor\u00eda \u201celite\u201d, tendr\u00e1 para sus atletas un tratamiento diferenciado.<\/p>\n<p>\u201cAbrimos la inscripci\u00f3n, y este a\u00f1o usaremos el sistema Yvera Crono, con un cupo de 400 competidores por el tema organizativo y log\u00edstica que demanda esta aventura\u201d, explic\u00f3 el entrenador.<\/p>\n<p>\u201cOtro plus es la incorporaci\u00f3n de Sergio P\u00e9rez como entrenador de las categor\u00edas juveniles. Con ayuda del municipio, se suma al equipo de entrenamiento del semillero junto a Tiago L\u00f3pez, con los m\u00e1s chicos. Comento esto porque la aventura iniciamos el s\u00e1bado 16, con entrega de acreditaciones, exposici\u00f3n de indumentarias de esta disciplina (Expo Run) y la carrera para los ni\u00f1os, todo esto en el Predio Costa Surubi, en las tres distancias establecidas para este desaf\u00edo\u201d.<\/p>\n<p>El domingo 17 inicia el circuito correntino de running en el Parque Acu\u00e1tico. Para la clasificaci\u00f3n e inscripci\u00f3n ser\u00e1 una empresa goyana, Yvera Crono, la que ofrecer\u00e1 ese servicio con una plataforma f\u00e1cil para acceder a la inscripci\u00f3n, y despu\u00e9s se har\u00e1 cargo de la clasificaci\u00f3n el d\u00eda de carrera\u201d.<\/p>\n<p>\u201cPara esta competencia, junto al equipo organizador, siempre contamos con el apoyo de la Municipalidad de Goya\u201d, destac\u00f3.<\/p>\n<p>Direcci\u00f3n de Prensa &#8211; Municipalidad de Goya<\/p>\n<p>&nbsp;<\/p>\n","protected":false},"excerpt":{"rendered":"<p>En la localidad de Villa Urquiza (Entre R\u00edos) los corredores de la regi\u00f3n participaron de una carrera netamente de aventura, logrando los goyanos un destacado rendimiento. Oscar Mazzuchini result\u00f3 primero en la general 7k y Pablo N\u00fa\u00f1ez tercero en la general 15k. \u201cAtardecer de Villa Urquiza\u201d es una carrera 100% de aventura, por las caracter\u00edsticas [&hellip;]<\/p>\n","protected":false},"author":4,"featured_media":210373,"comment_status":"open","ping_status":"open","sticky":false,"template":"","format":"standard","meta":{"_joinchat":[],"footnotes":""},"categories":[27],"tags":[],"class_list":{"0":"post-210372","1":"post","2":"type-post","3":"status-publish","4":"format-standard","5":"has-post-thumbnail","7":"category-locales"},"yoast_head":"<!-- This site is optimized with the Yoast SEO plugin v27.2 - https:\/\/yoast.com\/product\/yoast-seo-wordpress\/ -->\n<title>Runner Goyanos destacan en Villa Urquiza Entre R\u00edos - Radio Infinita Goya<\/title>\n<meta name=\"description\" content=\"En la localidad de Villa Urquiza (Entre R\u00edos) los corredores de la regi\u00f3n participaron de una carrera netamente de aventura, logrando los goyanos un\" \/>\n<meta name=\"robots\" content=\"index, follow, max-snippet:-1, max-image-preview:large, max-video-preview:-1\" \/>\n<link rel=\"canonical\" href=\"https:\/\/radioinfinitagoya.com.ar\/v1\/2026\/03\/17\/runner-goyanos-destacan-en-villa-urquiza-entre-rios\/\" \/>\n<meta property=\"og:locale\" content=\"es_ES\" \/>\n<meta property=\"og:type\" content=\"article\" \/>\n<meta property=\"og:title\" content=\"Runner Goyanos destacan en Villa Urquiza Entre R\u00edos - Radio Infinita Goya\" \/>\n<meta property=\"og:description\" content=\"En la localidad de Villa Urquiza (Entre R\u00edos) los corredores de la regi\u00f3n participaron de una carrera netamente de aventura, logrando los goyanos un\" \/>\n<meta property=\"og:url\" content=\"https:\/\/radioinfinitagoya.com.ar\/v1\/2026\/03\/17\/runner-goyanos-destacan-en-villa-urquiza-entre-rios\/\" \/>\n<meta property=\"og:site_name\" content=\"Radio Infinita Goya\" \/>\n<meta property=\"article:publisher\" content=\"https:\/\/www.facebook.com\/p\/Infinita-Goya-100063870918311\/\" \/>\n<meta property=\"article:published_time\" content=\"2026-03-17T18:58:03+00:00\" \/>\n<meta property=\"og:image\" content=\"https:\/\/radioinfinitagoya.com.ar\/v1\/wp-content\/uploads\/2026\/03\/runner_goyanos_en_atardecer_de_villa_urquiz.jpg\" \/>\n\t<meta property=\"og:image:width\" content=\"848\" \/>\n\t<meta property=\"og:image:height\" content=\"477\" \/>\n\t<meta property=\"og:image:type\" content=\"image\/jpeg\" \/>\n<meta name=\"author\" content=\"Jorge Mi\u00f1o\" \/>\n<meta name=\"twitter:card\" content=\"summary_large_image\" \/>\n<meta name=\"twitter:label1\" content=\"Escrito por\" \/>\n\t<meta name=\"twitter:data1\" content=\"Jorge Mi\u00f1o\" \/>\n\t<meta name=\"twitter:label2\" content=\"Tiempo de lectura\" \/>\n\t<meta name=\"twitter:data2\" content=\"2 minutos\" \/>\n<script type=\"application\/ld+json\" class=\"yoast-schema-graph\">{\"@context\":\"https:\/\/schema.org\",\"@graph\":[{\"@type\":\"Article\",\"@id\":\"https:\/\/radioinfinitagoya.com.ar\/v1\/2026\/03\/17\/runner-goyanos-destacan-en-villa-urquiza-entre-rios\/#article\",\"isPartOf\":{\"@id\":\"https:\/\/radioinfinitagoya.com.ar\/v1\/2026\/03\/17\/runner-goyanos-destacan-en-villa-urquiza-entre-rios\/\"},\"author\":{\"name\":\"Jorge Mi\u00f1o\",\"@id\":\"https:\/\/radioinfinitagoya.com.ar\/v1\/#\/schema\/person\/d4cf9c413d4f6edb24aabdccab49ca4a\"},\"headline\":\"Runner Goyanos destacan en Villa Urquiza Entre R\u00edos\",\"datePublished\":\"2026-03-17T18:58:03+00:00\",\"mainEntityOfPage\":{\"@id\":\"https:\/\/radioinfinitagoya.com.ar\/v1\/2026\/03\/17\/runner-goyanos-destacan-en-villa-urquiza-entre-rios\/\"},\"wordCount\":372,\"commentCount\":0,\"publisher\":{\"@id\":\"https:\/\/radioinfinitagoya.com.ar\/v1\/#organization\"},\"image\":{\"@id\":\"https:\/\/radioinfinitagoya.com.ar\/v1\/2026\/03\/17\/runner-goyanos-destacan-en-villa-urquiza-entre-rios\/#primaryimage\"},\"thumbnailUrl\":\"https:\/\/radioinfinitagoya.com.ar\/v1\/wp-content\/uploads\/2026\/03\/runner_goyanos_en_atardecer_de_villa_urquiz.jpg\",\"articleSection\":[\"LOCALES\"],\"inLanguage\":\"es-AR\",\"potentialAction\":[{\"@type\":\"CommentAction\",\"name\":\"Comment\",\"target\":[\"https:\/\/radioinfinitagoya.com.ar\/v1\/2026\/03\/17\/runner-goyanos-destacan-en-villa-urquiza-entre-rios\/#respond\"]}]},{\"@type\":\"WebPage\",\"@id\":\"https:\/\/radioinfinitagoya.com.ar\/v1\/2026\/03\/17\/runner-goyanos-destacan-en-villa-urquiza-entre-rios\/\",\"url\":\"https:\/\/radioinfinitagoya.com.ar\/v1\/2026\/03\/17\/runner-goyanos-destacan-en-villa-urquiza-entre-rios\/\",\"name\":\"Runner Goyanos destacan en Villa Urquiza Entre R\u00edos - Radio Infinita Goya\",\"isPartOf\":{\"@id\":\"https:\/\/radioinfinitagoya.com.ar\/v1\/#website\"},\"primaryImageOfPage\":{\"@id\":\"https:\/\/radioinfinitagoya.com.ar\/v1\/2026\/03\/17\/runner-goyanos-destacan-en-villa-urquiza-entre-rios\/#primaryimage\"},\"image\":{\"@id\":\"https:\/\/radioinfinitagoya.com.ar\/v1\/2026\/03\/17\/runner-goyanos-destacan-en-villa-urquiza-entre-rios\/#primaryimage\"},\"thumbnailUrl\":\"https:\/\/radioinfinitagoya.com.ar\/v1\/wp-content\/uploads\/2026\/03\/runner_goyanos_en_atardecer_de_villa_urquiz.jpg\",\"datePublished\":\"2026-03-17T18:58:03+00:00\",\"description\":\"En la localidad de Villa Urquiza (Entre R\u00edos) los corredores de la regi\u00f3n participaron de una carrera netamente de aventura, logrando los goyanos un\",\"breadcrumb\":{\"@id\":\"https:\/\/radioinfinitagoya.com.ar\/v1\/2026\/03\/17\/runner-goyanos-destacan-en-villa-urquiza-entre-rios\/#breadcrumb\"},\"inLanguage\":\"es-AR\",\"potentialAction\":[{\"@type\":\"ReadAction\",\"target\":[\"https:\/\/radioinfinitagoya.com.ar\/v1\/2026\/03\/17\/runner-goyanos-destacan-en-villa-urquiza-entre-rios\/\"]}]},{\"@type\":\"ImageObject\",\"inLanguage\":\"es-AR\",\"@id\":\"https:\/\/radioinfinitagoya.com.ar\/v1\/2026\/03\/17\/runner-goyanos-destacan-en-villa-urquiza-entre-rios\/#primaryimage\",\"url\":\"https:\/\/radioinfinitagoya.com.ar\/v1\/wp-content\/uploads\/2026\/03\/runner_goyanos_en_atardecer_de_villa_urquiz.jpg\",\"contentUrl\":\"https:\/\/radioinfinitagoya.com.ar\/v1\/wp-content\/uploads\/2026\/03\/runner_goyanos_en_atardecer_de_villa_urquiz.jpg\",\"width\":848,\"height\":477},{\"@type\":\"BreadcrumbList\",\"@id\":\"https:\/\/radioinfinitagoya.com.ar\/v1\/2026\/03\/17\/runner-goyanos-destacan-en-villa-urquiza-entre-rios\/#breadcrumb\",\"itemListElement\":[{\"@type\":\"ListItem\",\"position\":1,\"name\":\"Inicio\",\"item\":\"https:\/\/radioinfinitagoya.com.ar\/v1\/\"},{\"@type\":\"ListItem\",\"position\":2,\"name\":\"Runner Goyanos destacan en Villa Urquiza Entre R\u00edos\"}]},{\"@type\":\"WebSite\",\"@id\":\"https:\/\/radioinfinitagoya.com.ar\/v1\/#website\",\"url\":\"https:\/\/radioinfinitagoya.com.ar\/v1\/\",\"name\":\"radioinfinitagoya.com.ar\",\"description\":\"Radio de noticias\",\"publisher\":{\"@id\":\"https:\/\/radioinfinitagoya.com.ar\/v1\/#organization\"},\"potentialAction\":[{\"@type\":\"SearchAction\",\"target\":{\"@type\":\"EntryPoint\",\"urlTemplate\":\"https:\/\/radioinfinitagoya.com.ar\/v1\/?s={search_term_string}\"},\"query-input\":{\"@type\":\"PropertyValueSpecification\",\"valueRequired\":true,\"valueName\":\"search_term_string\"}}],\"inLanguage\":\"es-AR\"},{\"@type\":\"Organization\",\"@id\":\"https:\/\/radioinfinitagoya.com.ar\/v1\/#organization\",\"name\":\"Radio Infinita Goya\",\"url\":\"https:\/\/radioinfinitagoya.com.ar\/v1\/\",\"logo\":{\"@type\":\"ImageObject\",\"inLanguage\":\"es-AR\",\"@id\":\"https:\/\/radioinfinitagoya.com.ar\/v1\/#\/schema\/logo\/image\/\",\"url\":\"https:\/\/radioinfinitagoya.com.ar\/v1\/wp-content\/uploads\/2019\/11\/logo-pie-web.png\",\"contentUrl\":\"https:\/\/radioinfinitagoya.com.ar\/v1\/wp-content\/uploads\/2019\/11\/logo-pie-web.png\",\"width\":635,\"height\":326,\"caption\":\"Radio Infinita Goya\"},\"image\":{\"@id\":\"https:\/\/radioinfinitagoya.com.ar\/v1\/#\/schema\/logo\/image\/\"},\"sameAs\":[\"https:\/\/www.facebook.com\/p\/Infinita-Goya-100063870918311\/\"]},{\"@type\":\"Person\",\"@id\":\"https:\/\/radioinfinitagoya.com.ar\/v1\/#\/schema\/person\/d4cf9c413d4f6edb24aabdccab49ca4a\",\"name\":\"Jorge Mi\u00f1o\",\"image\":{\"@type\":\"ImageObject\",\"inLanguage\":\"es-AR\",\"@id\":\"https:\/\/secure.gravatar.com\/avatar\/910fcf6728fe95320e07a6643c1581fec1c7fc4bf8ae12e3d8f0d0373dc844be?s=96&d=mm&r=g\",\"url\":\"https:\/\/secure.gravatar.com\/avatar\/910fcf6728fe95320e07a6643c1581fec1c7fc4bf8ae12e3d8f0d0373dc844be?s=96&d=mm&r=g\",\"contentUrl\":\"https:\/\/secure.gravatar.com\/avatar\/910fcf6728fe95320e07a6643c1581fec1c7fc4bf8ae12e3d8f0d0373dc844be?s=96&d=mm&r=g\",\"caption\":\"Jorge Mi\u00f1o\"},\"sameAs\":[\"http:\/\/radioinfinitagoya.com.ar\"]}]}<\/script>\n<!-- \/ Yoast SEO plugin. -->","yoast_head_json":{"title":"Runner Goyanos destacan en Villa Urquiza Entre R\u00edos - Radio Infinita Goya","description":"En la localidad de Villa Urquiza (Entre R\u00edos) los corredores de la regi\u00f3n participaron de una carrera netamente de aventura, logrando los goyanos un","robots":{"index":"index","follow":"follow","max-snippet":"max-snippet:-1","max-image-preview":"max-image-preview:large","max-video-preview":"max-video-preview:-1"},"canonical":"https:\/\/radioinfinitagoya.com.ar\/v1\/2026\/03\/17\/runner-goyanos-destacan-en-villa-urquiza-entre-rios\/","og_locale":"es_ES","og_type":"article","og_title":"Runner Goyanos destacan en Villa Urquiza Entre R\u00edos - Radio Infinita Goya","og_description":"En la localidad de Villa Urquiza (Entre R\u00edos) los corredores de la regi\u00f3n participaron de una carrera netamente de aventura, logrando los goyanos un","og_url":"https:\/\/radioinfinitagoya.com.ar\/v1\/2026\/03\/17\/runner-goyanos-destacan-en-villa-urquiza-entre-rios\/","og_site_name":"Radio Infinita Goya","article_publisher":"https:\/\/www.facebook.com\/p\/Infinita-Goya-100063870918311\/","article_published_time":"2026-03-17T18:58:03+00:00","og_image":[{"width":848,"height":477,"url":"https:\/\/radioinfinitagoya.com.ar\/v1\/wp-content\/uploads\/2026\/03\/runner_goyanos_en_atardecer_de_villa_urquiz.jpg","type":"image\/jpeg"}],"author":"Jorge Mi\u00f1o","twitter_card":"summary_large_image","twitter_misc":{"Escrito por":"Jorge Mi\u00f1o","Tiempo de lectura":"2 minutos"},"schema":{"@context":"https:\/\/schema.org","@graph":[{"@type":"Article","@id":"https:\/\/radioinfinitagoya.com.ar\/v1\/2026\/03\/17\/runner-goyanos-destacan-en-villa-urquiza-entre-rios\/#article","isPartOf":{"@id":"https:\/\/radioinfinitagoya.com.ar\/v1\/2026\/03\/17\/runner-goyanos-destacan-en-villa-urquiza-entre-rios\/"},"author":{"name":"Jorge Mi\u00f1o","@id":"https:\/\/radioinfinitagoya.com.ar\/v1\/#\/schema\/person\/d4cf9c413d4f6edb24aabdccab49ca4a"},"headline":"Runner Goyanos destacan en Villa Urquiza Entre R\u00edos","datePublished":"2026-03-17T18:58:03+00:00","mainEntityOfPage":{"@id":"https:\/\/radioinfinitagoya.com.ar\/v1\/2026\/03\/17\/runner-goyanos-destacan-en-villa-urquiza-entre-rios\/"},"wordCount":372,"commentCount":0,"publisher":{"@id":"https:\/\/radioinfinitagoya.com.ar\/v1\/#organization"},"image":{"@id":"https:\/\/radioinfinitagoya.com.ar\/v1\/2026\/03\/17\/runner-goyanos-destacan-en-villa-urquiza-entre-rios\/#primaryimage"},"thumbnailUrl":"https:\/\/radioinfinitagoya.com.ar\/v1\/wp-content\/uploads\/2026\/03\/runner_goyanos_en_atardecer_de_villa_urquiz.jpg","articleSection":["LOCALES"],"inLanguage":"es-AR","potentialAction":[{"@type":"CommentAction","name":"Comment","target":["https:\/\/radioinfinitagoya.com.ar\/v1\/2026\/03\/17\/runner-goyanos-destacan-en-villa-urquiza-entre-rios\/#respond"]}]},{"@type":"WebPage","@id":"https:\/\/radioinfinitagoya.com.ar\/v1\/2026\/03\/17\/runner-goyanos-destacan-en-villa-urquiza-entre-rios\/","url":"https:\/\/radioinfinitagoya.com.ar\/v1\/2026\/03\/17\/runner-goyanos-destacan-en-villa-urquiza-entre-rios\/","name":"Runner Goyanos destacan en Villa Urquiza Entre R\u00edos - Radio Infinita Goya","isPartOf":{"@id":"https:\/\/radioinfinitagoya.com.ar\/v1\/#website"},"primaryImageOfPage":{"@id":"https:\/\/radioinfinitagoya.com.ar\/v1\/2026\/03\/17\/runner-goyanos-destacan-en-villa-urquiza-entre-rios\/#primaryimage"},"image":{"@id":"https:\/\/radioinfinitagoya.com.ar\/v1\/2026\/03\/17\/runner-goyanos-destacan-en-villa-urquiza-entre-rios\/#primaryimage"},"thumbnailUrl":"https:\/\/radioinfinitagoya.com.ar\/v1\/wp-content\/uploads\/2026\/03\/runner_goyanos_en_atardecer_de_villa_urquiz.jpg","datePublished":"2026-03-17T18:58:03+00:00","description":"En la localidad de Villa Urquiza (Entre R\u00edos) los corredores de la regi\u00f3n participaron de una carrera netamente de aventura, logrando los goyanos un","breadcrumb":{"@id":"https:\/\/radioinfinitagoya.com.ar\/v1\/2026\/03\/17\/runner-goyanos-destacan-en-villa-urquiza-entre-rios\/#breadcrumb"},"inLanguage":"es-AR","potentialAction":[{"@type":"ReadAction","target":["https:\/\/radioinfinitagoya.com.ar\/v1\/2026\/03\/17\/runner-goyanos-destacan-en-villa-urquiza-entre-rios\/"]}]},{"@type":"ImageObject","inLanguage":"es-AR","@id":"https:\/\/radioinfinitagoya.com.ar\/v1\/2026\/03\/17\/runner-goyanos-destacan-en-villa-urquiza-entre-rios\/#primaryimage","url":"https:\/\/radioinfinitagoya.com.ar\/v1\/wp-content\/uploads\/2026\/03\/runner_goyanos_en_atardecer_de_villa_urquiz.jpg","contentUrl":"https:\/\/radioinfinitagoya.com.ar\/v1\/wp-content\/uploads\/2026\/03\/runner_goyanos_en_atardecer_de_villa_urquiz.jpg","width":848,"height":477},{"@type":"BreadcrumbList","@id":"https:\/\/radioinfinitagoya.com.ar\/v1\/2026\/03\/17\/runner-goyanos-destacan-en-villa-urquiza-entre-rios\/#breadcrumb","itemListElement":[{"@type":"ListItem","position":1,"name":"Inicio","item":"https:\/\/radioinfinitagoya.com.ar\/v1\/"},{"@type":"ListItem","position":2,"name":"Runner Goyanos destacan en Villa Urquiza Entre R\u00edos"}]},{"@type":"WebSite","@id":"https:\/\/radioinfinitagoya.com.ar\/v1\/#website","url":"https:\/\/radioinfinitagoya.com.ar\/v1\/","name":"radioinfinitagoya.com.ar","description":"Radio de noticias","publisher":{"@id":"https:\/\/radioinfinitagoya.com.ar\/v1\/#organization"},"potentialAction":[{"@type":"SearchAction","target":{"@type":"EntryPoint","urlTemplate":"https:\/\/radioinfinitagoya.com.ar\/v1\/?s={search_term_string}"},"query-input":{"@type":"PropertyValueSpecification","valueRequired":true,"valueName":"search_term_string"}}],"inLanguage":"es-AR"},{"@type":"Organization","@id":"https:\/\/radioinfinitagoya.com.ar\/v1\/#organization","name":"Radio Infinita Goya","url":"https:\/\/radioinfinitagoya.com.ar\/v1\/","logo":{"@type":"ImageObject","inLanguage":"es-AR","@id":"https:\/\/radioinfinitagoya.com.ar\/v1\/#\/schema\/logo\/image\/","url":"https:\/\/radioinfinitagoya.com.ar\/v1\/wp-content\/uploads\/2019\/11\/logo-pie-web.png","contentUrl":"https:\/\/radioinfinitagoya.com.ar\/v1\/wp-content\/uploads\/2019\/11\/logo-pie-web.png","width":635,"height":326,"caption":"Radio Infinita Goya"},"image":{"@id":"https:\/\/radioinfinitagoya.com.ar\/v1\/#\/schema\/logo\/image\/"},"sameAs":["https:\/\/www.facebook.com\/p\/Infinita-Goya-100063870918311\/"]},{"@type":"Person","@id":"https:\/\/radioinfinitagoya.com.ar\/v1\/#\/schema\/person\/d4cf9c413d4f6edb24aabdccab49ca4a","name":"Jorge Mi\u00f1o","image":{"@type":"ImageObject","inLanguage":"es-AR","@id":"https:\/\/secure.gravatar.com\/avatar\/910fcf6728fe95320e07a6643c1581fec1c7fc4bf8ae12e3d8f0d0373dc844be?s=96&d=mm&r=g","url":"https:\/\/secure.gravatar.com\/avatar\/910fcf6728fe95320e07a6643c1581fec1c7fc4bf8ae12e3d8f0d0373dc844be?s=96&d=mm&r=g","contentUrl":"https:\/\/secure.gravatar.com\/avatar\/910fcf6728fe95320e07a6643c1581fec1c7fc4bf8ae12e3d8f0d0373dc844be?s=96&d=mm&r=g","caption":"Jorge Mi\u00f1o"},"sameAs":["http:\/\/radioinfinitagoya.com.ar"]}]}},"_links":{"self":[{"href":"https:\/\/radioinfinitagoya.com.ar\/v1\/wp-json\/wp\/v2\/posts\/210372","targetHints":{"allow":["GET"]}}],"collection":[{"href":"https:\/\/radioinfinitagoya.com.ar\/v1\/wp-json\/wp\/v2\/posts"}],"about":[{"href":"https:\/\/radioinfinitagoya.com.ar\/v1\/wp-json\/wp\/v2\/types\/post"}],"author":[{"embeddable":true,"href":"https:\/\/radioinfinitagoya.com.ar\/v1\/wp-json\/wp\/v2\/users\/4"}],"replies":[{"embeddable":true,"href":"https:\/\/radioinfinitagoya.com.ar\/v1\/wp-json\/wp\/v2\/comments?post=210372"}],"version-history":[{"count":0,"href":"https:\/\/radioinfinitagoya.com.ar\/v1\/wp-json\/wp\/v2\/posts\/210372\/revisions"}],"wp:featuredmedia":[{"embeddable":true,"href":"https:\/\/radioinfinitagoya.com.ar\/v1\/wp-json\/wp\/v2\/media\/210373"}],"wp:attachment":[{"href":"https:\/\/radioinfinitagoya.com.ar\/v1\/wp-json\/wp\/v2\/media?parent=210372"}],"wp:term":[{"taxonomy":"category","embeddable":true,"href":"https:\/\/radioinfinitagoya.com.ar\/v1\/wp-json\/wp\/v2\/categories?post=210372"},{"taxonomy":"post_tag","embeddable":true,"href":"https:\/\/radioinfinitagoya.com.ar\/v1\/wp-json\/wp\/v2\/tags?post=210372"}],"curies":[{"name":"wp","href":"https:\/\/api.w.org\/{rel}","templated":true}]}}