{"id":210384,"date":"2026-03-17T16:15:43","date_gmt":"2026-03-17T19:15:43","guid":{"rendered":"https:\/\/radioinfinitagoya.com.ar\/v1\/?p=210384"},"modified":"2026-03-17T16:15:43","modified_gmt":"2026-03-17T19:15:43","slug":"ascenso-en-la-policia-de-corrientes-promovieron-a-1-985-efectivos","status":"publish","type":"post","link":"https:\/\/radioinfinitagoya.com.ar\/v1\/2026\/03\/17\/ascenso-en-la-policia-de-corrientes-promovieron-a-1-985-efectivos\/","title":{"rendered":"Ascenso en la Polic\u00eda de Corrientes: promovieron a 1.985 efectivos"},"content":{"rendered":"<p>Se formaliz\u00f3 mediante decretos del gobernador Juan Pablo Vald\u00e9s.<\/p>\n<p>El Gobierno de Corrientes oficializ\u00f3 el ascenso para 1.985 efectivos de la Polic\u00eda provincial. La medida fue dispuesta por el gobernador Juan Pablo Vald\u00e9s mediante los decretos N\u00b0 397\/26 y 398\/26, y publicada en la Orden del D\u00eda Interna N\u00b0 6.764.<\/p>\n<p>Del total de promovidos, 440 corresponden al personal superior, mientras que 1.545 pertenecen al escalaf\u00f3n de suboficiales. La medida implica el pase al grado inmediato superior dentro de la estructura policial.<\/p>\n<p>Oficiales jefes<br \/>\nEn el caso de los oficiales superiores, se registraron 31 ascensos a comisario mayor y 53 a comisario inspector. Entre los oficiales jefes, fueron promovidos 31 comisarios y 58 subcomisarios.<\/p>\n<p>Oficiales subalternos<\/p>\n<p>A su vez, dentro del grupo de oficiales subalternos, se contabilizan 69 oficiales principales, 63 oficiales auxiliares y 135 oficiales ayudantes. Este segmento completa el total de 440 ascensos en el personal superior.<\/p>\n<p>En cuanto a los suboficiales, los ascensos incluyen 151 suboficiales mayores y 288 suboficiales principales. Tambi\u00e9n se promovieron 606 sargentos ayudantes y 67 sargentos primeros en la categor\u00eda de suboficiales jefes.<\/p>\n<p>Finalmente, entre los suboficiales subalternos, se registraron 213 ascensos a sargento y 220 a cabo primero. De este modo, se completa el total de 1.545 efectivos promovidos en este escalaf\u00f3n<\/p>\n","protected":false},"excerpt":{"rendered":"<p>Se formaliz\u00f3 mediante decretos del gobernador Juan Pablo Vald\u00e9s. El Gobierno de Corrientes oficializ\u00f3 el ascenso para 1.985 efectivos de la Polic\u00eda provincial. La medida fue dispuesta por el gobernador Juan Pablo Vald\u00e9s mediante los decretos N\u00b0 397\/26 y 398\/26, y publicada en la Orden del D\u00eda Interna N\u00b0 6.764. Del total de promovidos, 440 [&hellip;]<\/p>\n","protected":false},"author":4,"featured_media":210385,"comment_status":"open","ping_status":"open","sticky":false,"template":"","format":"standard","meta":{"_joinchat":[],"footnotes":""},"categories":[26],"tags":[],"class_list":{"0":"post-210384","1":"post","2":"type-post","3":"status-publish","4":"format-standard","5":"has-post-thumbnail","7":"category-provinciales"},"yoast_head":"<!-- This site is optimized with the Yoast SEO plugin v27.2 - https:\/\/yoast.com\/product\/yoast-seo-wordpress\/ -->\n<title>Ascenso en la Polic\u00eda de Corrientes: promovieron a 1.985 efectivos - Radio Infinita Goya<\/title>\n<meta name=\"description\" content=\"Se formaliz\u00f3 mediante decretos del gobernador Juan Pablo Vald\u00e9s. El Gobierno de Corrientes oficializ\u00f3 el ascenso para 1.985 efectivos de la Polic\u00eda\" \/>\n<meta name=\"robots\" content=\"index, follow, max-snippet:-1, max-image-preview:large, max-video-preview:-1\" \/>\n<link rel=\"canonical\" href=\"https:\/\/radioinfinitagoya.com.ar\/v1\/2026\/03\/17\/ascenso-en-la-policia-de-corrientes-promovieron-a-1-985-efectivos\/\" \/>\n<meta property=\"og:locale\" content=\"es_ES\" \/>\n<meta property=\"og:type\" content=\"article\" \/>\n<meta property=\"og:title\" content=\"Ascenso en la Polic\u00eda de Corrientes: promovieron a 1.985 efectivos - Radio Infinita Goya\" \/>\n<meta property=\"og:description\" content=\"Se formaliz\u00f3 mediante decretos del gobernador Juan Pablo Vald\u00e9s. El Gobierno de Corrientes oficializ\u00f3 el ascenso para 1.985 efectivos de la Polic\u00eda\" \/>\n<meta property=\"og:url\" content=\"https:\/\/radioinfinitagoya.com.ar\/v1\/2026\/03\/17\/ascenso-en-la-policia-de-corrientes-promovieron-a-1-985-efectivos\/\" \/>\n<meta property=\"og:site_name\" content=\"Radio Infinita Goya\" \/>\n<meta property=\"article:publisher\" content=\"https:\/\/www.facebook.com\/p\/Infinita-Goya-100063870918311\/\" \/>\n<meta property=\"article:published_time\" content=\"2026-03-17T19:15:43+00:00\" \/>\n<meta property=\"og:image\" content=\"https:\/\/radioinfinitagoya.com.ar\/v1\/wp-content\/uploads\/2026\/03\/1773744247369.webp\" \/>\n\t<meta property=\"og:image:width\" content=\"1200\" \/>\n\t<meta property=\"og:image:height\" content=\"675\" \/>\n\t<meta property=\"og:image:type\" content=\"image\/webp\" \/>\n<meta name=\"author\" content=\"Jorge Mi\u00f1o\" \/>\n<meta name=\"twitter:card\" content=\"summary_large_image\" \/>\n<meta name=\"twitter:label1\" content=\"Escrito por\" \/>\n\t<meta name=\"twitter:data1\" content=\"Jorge Mi\u00f1o\" \/>\n\t<meta name=\"twitter:label2\" content=\"Tiempo de lectura\" \/>\n\t<meta name=\"twitter:data2\" content=\"2 minutos\" \/>\n<script type=\"application\/ld+json\" class=\"yoast-schema-graph\">{\"@context\":\"https:\/\/schema.org\",\"@graph\":[{\"@type\":\"Article\",\"@id\":\"https:\/\/radioinfinitagoya.com.ar\/v1\/2026\/03\/17\/ascenso-en-la-policia-de-corrientes-promovieron-a-1-985-efectivos\/#article\",\"isPartOf\":{\"@id\":\"https:\/\/radioinfinitagoya.com.ar\/v1\/2026\/03\/17\/ascenso-en-la-policia-de-corrientes-promovieron-a-1-985-efectivos\/\"},\"author\":{\"name\":\"Jorge Mi\u00f1o\",\"@id\":\"https:\/\/radioinfinitagoya.com.ar\/v1\/#\/schema\/person\/d4cf9c413d4f6edb24aabdccab49ca4a\"},\"headline\":\"Ascenso en la Polic\u00eda de Corrientes: promovieron a 1.985 efectivos\",\"datePublished\":\"2026-03-17T19:15:43+00:00\",\"mainEntityOfPage\":{\"@id\":\"https:\/\/radioinfinitagoya.com.ar\/v1\/2026\/03\/17\/ascenso-en-la-policia-de-corrientes-promovieron-a-1-985-efectivos\/\"},\"wordCount\":206,\"commentCount\":0,\"publisher\":{\"@id\":\"https:\/\/radioinfinitagoya.com.ar\/v1\/#organization\"},\"image\":{\"@id\":\"https:\/\/radioinfinitagoya.com.ar\/v1\/2026\/03\/17\/ascenso-en-la-policia-de-corrientes-promovieron-a-1-985-efectivos\/#primaryimage\"},\"thumbnailUrl\":\"https:\/\/radioinfinitagoya.com.ar\/v1\/wp-content\/uploads\/2026\/03\/1773744247369.webp\",\"articleSection\":[\"PROVINCIALES\"],\"inLanguage\":\"es-AR\",\"potentialAction\":[{\"@type\":\"CommentAction\",\"name\":\"Comment\",\"target\":[\"https:\/\/radioinfinitagoya.com.ar\/v1\/2026\/03\/17\/ascenso-en-la-policia-de-corrientes-promovieron-a-1-985-efectivos\/#respond\"]}]},{\"@type\":\"WebPage\",\"@id\":\"https:\/\/radioinfinitagoya.com.ar\/v1\/2026\/03\/17\/ascenso-en-la-policia-de-corrientes-promovieron-a-1-985-efectivos\/\",\"url\":\"https:\/\/radioinfinitagoya.com.ar\/v1\/2026\/03\/17\/ascenso-en-la-policia-de-corrientes-promovieron-a-1-985-efectivos\/\",\"name\":\"Ascenso en la Polic\u00eda de Corrientes: promovieron a 1.985 efectivos - Radio Infinita Goya\",\"isPartOf\":{\"@id\":\"https:\/\/radioinfinitagoya.com.ar\/v1\/#website\"},\"primaryImageOfPage\":{\"@id\":\"https:\/\/radioinfinitagoya.com.ar\/v1\/2026\/03\/17\/ascenso-en-la-policia-de-corrientes-promovieron-a-1-985-efectivos\/#primaryimage\"},\"image\":{\"@id\":\"https:\/\/radioinfinitagoya.com.ar\/v1\/2026\/03\/17\/ascenso-en-la-policia-de-corrientes-promovieron-a-1-985-efectivos\/#primaryimage\"},\"thumbnailUrl\":\"https:\/\/radioinfinitagoya.com.ar\/v1\/wp-content\/uploads\/2026\/03\/1773744247369.webp\",\"datePublished\":\"2026-03-17T19:15:43+00:00\",\"description\":\"Se formaliz\u00f3 mediante decretos del gobernador Juan Pablo Vald\u00e9s. El Gobierno de Corrientes oficializ\u00f3 el ascenso para 1.985 efectivos de la Polic\u00eda\",\"breadcrumb\":{\"@id\":\"https:\/\/radioinfinitagoya.com.ar\/v1\/2026\/03\/17\/ascenso-en-la-policia-de-corrientes-promovieron-a-1-985-efectivos\/#breadcrumb\"},\"inLanguage\":\"es-AR\",\"potentialAction\":[{\"@type\":\"ReadAction\",\"target\":[\"https:\/\/radioinfinitagoya.com.ar\/v1\/2026\/03\/17\/ascenso-en-la-policia-de-corrientes-promovieron-a-1-985-efectivos\/\"]}]},{\"@type\":\"ImageObject\",\"inLanguage\":\"es-AR\",\"@id\":\"https:\/\/radioinfinitagoya.com.ar\/v1\/2026\/03\/17\/ascenso-en-la-policia-de-corrientes-promovieron-a-1-985-efectivos\/#primaryimage\",\"url\":\"https:\/\/radioinfinitagoya.com.ar\/v1\/wp-content\/uploads\/2026\/03\/1773744247369.webp\",\"contentUrl\":\"https:\/\/radioinfinitagoya.com.ar\/v1\/wp-content\/uploads\/2026\/03\/1773744247369.webp\",\"width\":1200,\"height\":675},{\"@type\":\"BreadcrumbList\",\"@id\":\"https:\/\/radioinfinitagoya.com.ar\/v1\/2026\/03\/17\/ascenso-en-la-policia-de-corrientes-promovieron-a-1-985-efectivos\/#breadcrumb\",\"itemListElement\":[{\"@type\":\"ListItem\",\"position\":1,\"name\":\"Inicio\",\"item\":\"https:\/\/radioinfinitagoya.com.ar\/v1\/\"},{\"@type\":\"ListItem\",\"position\":2,\"name\":\"Ascenso en la Polic\u00eda de Corrientes: promovieron a 1.985 efectivos\"}]},{\"@type\":\"WebSite\",\"@id\":\"https:\/\/radioinfinitagoya.com.ar\/v1\/#website\",\"url\":\"https:\/\/radioinfinitagoya.com.ar\/v1\/\",\"name\":\"radioinfinitagoya.com.ar\",\"description\":\"Radio de noticias\",\"publisher\":{\"@id\":\"https:\/\/radioinfinitagoya.com.ar\/v1\/#organization\"},\"potentialAction\":[{\"@type\":\"SearchAction\",\"target\":{\"@type\":\"EntryPoint\",\"urlTemplate\":\"https:\/\/radioinfinitagoya.com.ar\/v1\/?s={search_term_string}\"},\"query-input\":{\"@type\":\"PropertyValueSpecification\",\"valueRequired\":true,\"valueName\":\"search_term_string\"}}],\"inLanguage\":\"es-AR\"},{\"@type\":\"Organization\",\"@id\":\"https:\/\/radioinfinitagoya.com.ar\/v1\/#organization\",\"name\":\"Radio Infinita Goya\",\"url\":\"https:\/\/radioinfinitagoya.com.ar\/v1\/\",\"logo\":{\"@type\":\"ImageObject\",\"inLanguage\":\"es-AR\",\"@id\":\"https:\/\/radioinfinitagoya.com.ar\/v1\/#\/schema\/logo\/image\/\",\"url\":\"https:\/\/radioinfinitagoya.com.ar\/v1\/wp-content\/uploads\/2019\/11\/logo-pie-web.png\",\"contentUrl\":\"https:\/\/radioinfinitagoya.com.ar\/v1\/wp-content\/uploads\/2019\/11\/logo-pie-web.png\",\"width\":635,\"height\":326,\"caption\":\"Radio Infinita Goya\"},\"image\":{\"@id\":\"https:\/\/radioinfinitagoya.com.ar\/v1\/#\/schema\/logo\/image\/\"},\"sameAs\":[\"https:\/\/www.facebook.com\/p\/Infinita-Goya-100063870918311\/\"]},{\"@type\":\"Person\",\"@id\":\"https:\/\/radioinfinitagoya.com.ar\/v1\/#\/schema\/person\/d4cf9c413d4f6edb24aabdccab49ca4a\",\"name\":\"Jorge Mi\u00f1o\",\"image\":{\"@type\":\"ImageObject\",\"inLanguage\":\"es-AR\",\"@id\":\"https:\/\/secure.gravatar.com\/avatar\/910fcf6728fe95320e07a6643c1581fec1c7fc4bf8ae12e3d8f0d0373dc844be?s=96&d=mm&r=g\",\"url\":\"https:\/\/secure.gravatar.com\/avatar\/910fcf6728fe95320e07a6643c1581fec1c7fc4bf8ae12e3d8f0d0373dc844be?s=96&d=mm&r=g\",\"contentUrl\":\"https:\/\/secure.gravatar.com\/avatar\/910fcf6728fe95320e07a6643c1581fec1c7fc4bf8ae12e3d8f0d0373dc844be?s=96&d=mm&r=g\",\"caption\":\"Jorge Mi\u00f1o\"},\"sameAs\":[\"http:\/\/radioinfinitagoya.com.ar\"]}]}<\/script>\n<!-- \/ Yoast SEO plugin. -->","yoast_head_json":{"title":"Ascenso en la Polic\u00eda de Corrientes: promovieron a 1.985 efectivos - Radio Infinita Goya","description":"Se formaliz\u00f3 mediante decretos del gobernador Juan Pablo Vald\u00e9s. El Gobierno de Corrientes oficializ\u00f3 el ascenso para 1.985 efectivos de la Polic\u00eda","robots":{"index":"index","follow":"follow","max-snippet":"max-snippet:-1","max-image-preview":"max-image-preview:large","max-video-preview":"max-video-preview:-1"},"canonical":"https:\/\/radioinfinitagoya.com.ar\/v1\/2026\/03\/17\/ascenso-en-la-policia-de-corrientes-promovieron-a-1-985-efectivos\/","og_locale":"es_ES","og_type":"article","og_title":"Ascenso en la Polic\u00eda de Corrientes: promovieron a 1.985 efectivos - Radio Infinita Goya","og_description":"Se formaliz\u00f3 mediante decretos del gobernador Juan Pablo Vald\u00e9s. El Gobierno de Corrientes oficializ\u00f3 el ascenso para 1.985 efectivos de la Polic\u00eda","og_url":"https:\/\/radioinfinitagoya.com.ar\/v1\/2026\/03\/17\/ascenso-en-la-policia-de-corrientes-promovieron-a-1-985-efectivos\/","og_site_name":"Radio Infinita Goya","article_publisher":"https:\/\/www.facebook.com\/p\/Infinita-Goya-100063870918311\/","article_published_time":"2026-03-17T19:15:43+00:00","og_image":[{"width":1200,"height":675,"url":"https:\/\/radioinfinitagoya.com.ar\/v1\/wp-content\/uploads\/2026\/03\/1773744247369.webp","type":"image\/webp"}],"author":"Jorge Mi\u00f1o","twitter_card":"summary_large_image","twitter_misc":{"Escrito por":"Jorge Mi\u00f1o","Tiempo de lectura":"2 minutos"},"schema":{"@context":"https:\/\/schema.org","@graph":[{"@type":"Article","@id":"https:\/\/radioinfinitagoya.com.ar\/v1\/2026\/03\/17\/ascenso-en-la-policia-de-corrientes-promovieron-a-1-985-efectivos\/#article","isPartOf":{"@id":"https:\/\/radioinfinitagoya.com.ar\/v1\/2026\/03\/17\/ascenso-en-la-policia-de-corrientes-promovieron-a-1-985-efectivos\/"},"author":{"name":"Jorge Mi\u00f1o","@id":"https:\/\/radioinfinitagoya.com.ar\/v1\/#\/schema\/person\/d4cf9c413d4f6edb24aabdccab49ca4a"},"headline":"Ascenso en la Polic\u00eda de Corrientes: promovieron a 1.985 efectivos","datePublished":"2026-03-17T19:15:43+00:00","mainEntityOfPage":{"@id":"https:\/\/radioinfinitagoya.com.ar\/v1\/2026\/03\/17\/ascenso-en-la-policia-de-corrientes-promovieron-a-1-985-efectivos\/"},"wordCount":206,"commentCount":0,"publisher":{"@id":"https:\/\/radioinfinitagoya.com.ar\/v1\/#organization"},"image":{"@id":"https:\/\/radioinfinitagoya.com.ar\/v1\/2026\/03\/17\/ascenso-en-la-policia-de-corrientes-promovieron-a-1-985-efectivos\/#primaryimage"},"thumbnailUrl":"https:\/\/radioinfinitagoya.com.ar\/v1\/wp-content\/uploads\/2026\/03\/1773744247369.webp","articleSection":["PROVINCIALES"],"inLanguage":"es-AR","potentialAction":[{"@type":"CommentAction","name":"Comment","target":["https:\/\/radioinfinitagoya.com.ar\/v1\/2026\/03\/17\/ascenso-en-la-policia-de-corrientes-promovieron-a-1-985-efectivos\/#respond"]}]},{"@type":"WebPage","@id":"https:\/\/radioinfinitagoya.com.ar\/v1\/2026\/03\/17\/ascenso-en-la-policia-de-corrientes-promovieron-a-1-985-efectivos\/","url":"https:\/\/radioinfinitagoya.com.ar\/v1\/2026\/03\/17\/ascenso-en-la-policia-de-corrientes-promovieron-a-1-985-efectivos\/","name":"Ascenso en la Polic\u00eda de Corrientes: promovieron a 1.985 efectivos - Radio Infinita Goya","isPartOf":{"@id":"https:\/\/radioinfinitagoya.com.ar\/v1\/#website"},"primaryImageOfPage":{"@id":"https:\/\/radioinfinitagoya.com.ar\/v1\/2026\/03\/17\/ascenso-en-la-policia-de-corrientes-promovieron-a-1-985-efectivos\/#primaryimage"},"image":{"@id":"https:\/\/radioinfinitagoya.com.ar\/v1\/2026\/03\/17\/ascenso-en-la-policia-de-corrientes-promovieron-a-1-985-efectivos\/#primaryimage"},"thumbnailUrl":"https:\/\/radioinfinitagoya.com.ar\/v1\/wp-content\/uploads\/2026\/03\/1773744247369.webp","datePublished":"2026-03-17T19:15:43+00:00","description":"Se formaliz\u00f3 mediante decretos del gobernador Juan Pablo Vald\u00e9s. El Gobierno de Corrientes oficializ\u00f3 el ascenso para 1.985 efectivos de la Polic\u00eda","breadcrumb":{"@id":"https:\/\/radioinfinitagoya.com.ar\/v1\/2026\/03\/17\/ascenso-en-la-policia-de-corrientes-promovieron-a-1-985-efectivos\/#breadcrumb"},"inLanguage":"es-AR","potentialAction":[{"@type":"ReadAction","target":["https:\/\/radioinfinitagoya.com.ar\/v1\/2026\/03\/17\/ascenso-en-la-policia-de-corrientes-promovieron-a-1-985-efectivos\/"]}]},{"@type":"ImageObject","inLanguage":"es-AR","@id":"https:\/\/radioinfinitagoya.com.ar\/v1\/2026\/03\/17\/ascenso-en-la-policia-de-corrientes-promovieron-a-1-985-efectivos\/#primaryimage","url":"https:\/\/radioinfinitagoya.com.ar\/v1\/wp-content\/uploads\/2026\/03\/1773744247369.webp","contentUrl":"https:\/\/radioinfinitagoya.com.ar\/v1\/wp-content\/uploads\/2026\/03\/1773744247369.webp","width":1200,"height":675},{"@type":"BreadcrumbList","@id":"https:\/\/radioinfinitagoya.com.ar\/v1\/2026\/03\/17\/ascenso-en-la-policia-de-corrientes-promovieron-a-1-985-efectivos\/#breadcrumb","itemListElement":[{"@type":"ListItem","position":1,"name":"Inicio","item":"https:\/\/radioinfinitagoya.com.ar\/v1\/"},{"@type":"ListItem","position":2,"name":"Ascenso en la Polic\u00eda de Corrientes: promovieron a 1.985 efectivos"}]},{"@type":"WebSite","@id":"https:\/\/radioinfinitagoya.com.ar\/v1\/#website","url":"https:\/\/radioinfinitagoya.com.ar\/v1\/","name":"radioinfinitagoya.com.ar","description":"Radio de noticias","publisher":{"@id":"https:\/\/radioinfinitagoya.com.ar\/v1\/#organization"},"potentialAction":[{"@type":"SearchAction","target":{"@type":"EntryPoint","urlTemplate":"https:\/\/radioinfinitagoya.com.ar\/v1\/?s={search_term_string}"},"query-input":{"@type":"PropertyValueSpecification","valueRequired":true,"valueName":"search_term_string"}}],"inLanguage":"es-AR"},{"@type":"Organization","@id":"https:\/\/radioinfinitagoya.com.ar\/v1\/#organization","name":"Radio Infinita Goya","url":"https:\/\/radioinfinitagoya.com.ar\/v1\/","logo":{"@type":"ImageObject","inLanguage":"es-AR","@id":"https:\/\/radioinfinitagoya.com.ar\/v1\/#\/schema\/logo\/image\/","url":"https:\/\/radioinfinitagoya.com.ar\/v1\/wp-content\/uploads\/2019\/11\/logo-pie-web.png","contentUrl":"https:\/\/radioinfinitagoya.com.ar\/v1\/wp-content\/uploads\/2019\/11\/logo-pie-web.png","width":635,"height":326,"caption":"Radio Infinita Goya"},"image":{"@id":"https:\/\/radioinfinitagoya.com.ar\/v1\/#\/schema\/logo\/image\/"},"sameAs":["https:\/\/www.facebook.com\/p\/Infinita-Goya-100063870918311\/"]},{"@type":"Person","@id":"https:\/\/radioinfinitagoya.com.ar\/v1\/#\/schema\/person\/d4cf9c413d4f6edb24aabdccab49ca4a","name":"Jorge Mi\u00f1o","image":{"@type":"ImageObject","inLanguage":"es-AR","@id":"https:\/\/secure.gravatar.com\/avatar\/910fcf6728fe95320e07a6643c1581fec1c7fc4bf8ae12e3d8f0d0373dc844be?s=96&d=mm&r=g","url":"https:\/\/secure.gravatar.com\/avatar\/910fcf6728fe95320e07a6643c1581fec1c7fc4bf8ae12e3d8f0d0373dc844be?s=96&d=mm&r=g","contentUrl":"https:\/\/secure.gravatar.com\/avatar\/910fcf6728fe95320e07a6643c1581fec1c7fc4bf8ae12e3d8f0d0373dc844be?s=96&d=mm&r=g","caption":"Jorge Mi\u00f1o"},"sameAs":["http:\/\/radioinfinitagoya.com.ar"]}]}},"_links":{"self":[{"href":"https:\/\/radioinfinitagoya.com.ar\/v1\/wp-json\/wp\/v2\/posts\/210384","targetHints":{"allow":["GET"]}}],"collection":[{"href":"https:\/\/radioinfinitagoya.com.ar\/v1\/wp-json\/wp\/v2\/posts"}],"about":[{"href":"https:\/\/radioinfinitagoya.com.ar\/v1\/wp-json\/wp\/v2\/types\/post"}],"author":[{"embeddable":true,"href":"https:\/\/radioinfinitagoya.com.ar\/v1\/wp-json\/wp\/v2\/users\/4"}],"replies":[{"embeddable":true,"href":"https:\/\/radioinfinitagoya.com.ar\/v1\/wp-json\/wp\/v2\/comments?post=210384"}],"version-history":[{"count":0,"href":"https:\/\/radioinfinitagoya.com.ar\/v1\/wp-json\/wp\/v2\/posts\/210384\/revisions"}],"wp:featuredmedia":[{"embeddable":true,"href":"https:\/\/radioinfinitagoya.com.ar\/v1\/wp-json\/wp\/v2\/media\/210385"}],"wp:attachment":[{"href":"https:\/\/radioinfinitagoya.com.ar\/v1\/wp-json\/wp\/v2\/media?parent=210384"}],"wp:term":[{"taxonomy":"category","embeddable":true,"href":"https:\/\/radioinfinitagoya.com.ar\/v1\/wp-json\/wp\/v2\/categories?post=210384"},{"taxonomy":"post_tag","embeddable":true,"href":"https:\/\/radioinfinitagoya.com.ar\/v1\/wp-json\/wp\/v2\/tags?post=210384"}],"curies":[{"name":"wp","href":"https:\/\/api.w.org\/{rel}","templated":true}]}}