{"id":210387,"date":"2026-03-17T16:20:21","date_gmt":"2026-03-17T19:20:21","guid":{"rendered":"https:\/\/radioinfinitagoya.com.ar\/v1\/?p=210387"},"modified":"2026-03-17T16:20:21","modified_gmt":"2026-03-17T19:20:21","slug":"santa-rosa-valdes-anuncio-la-construccion-de-un-mega-aserradero-en-el-parque-industrial","status":"publish","type":"post","link":"https:\/\/radioinfinitagoya.com.ar\/v1\/2026\/03\/17\/santa-rosa-valdes-anuncio-la-construccion-de-un-mega-aserradero-en-el-parque-industrial\/","title":{"rendered":"Santa Rosa: Vald\u00e9s anunci\u00f3 la construcci\u00f3n de un mega aserradero en el Parque Industrial"},"content":{"rendered":"<p>La obra se desarrollar\u00e1 en el Parque Industrial de Santa Rosa con una inversi\u00f3n de 40 millones de d\u00f3lares.<\/p>\n<p>El gobernador de Corrientes, Juan Pablo Vald\u00e9s, confirm\u00f3 que este a\u00f1o comenzar\u00e1 la construcci\u00f3n de un aserradero de gran escala en el Parque Industrial de Santa Rosa, una de las inversiones m\u00e1s importantes para el sector productivo de la provincia.<\/p>\n<p>El proyecto ser\u00e1 llevado adelante por la empresa Central Puerto, que prev\u00e9 una inversi\u00f3n cercana a los 40 millones de d\u00f3lares. La iniciativa no solo estar\u00e1 enfocada en la producci\u00f3n de madera s\u00f3lida para exportaci\u00f3n, sino que tambi\u00e9n incorporar\u00e1 generaci\u00f3n de energ\u00eda a partir de biomasa, aprovechando el potencial forestal de la regi\u00f3n.<\/p>\n<p>Seg\u00fan indic\u00f3 el mandatario, \u201ceste a\u00f1o estar\u00edan arrancando la obra\u201d, tras las gestiones realizadas en el marco de su misi\u00f3n oficial en Estados Unidos, donde se concretaron reuniones con inversores y actores del sector energ\u00e9tico.<\/p>\n<p>Santa Rosa, eje del desarrollo industrial<\/p>\n<p>La instalaci\u00f3n del aserradero posiciona a Santa Rosa como un punto clave dentro del mapa productivo provincial. La empresa cuenta con m\u00e1s de 160.000 hect\u00e1reas forestadas en la regi\u00f3n, lo que garantiza abastecimiento y proyecci\u00f3n a largo plazo.<\/p>\n<p>El proyecto se enmarca en la ley provincial 5470, que otorga beneficios impositivos y seguridad jur\u00eddica por 15 a\u00f1os, y en la adhesi\u00f3n al R\u00e9gimen de Incentivo a las Grandes Inversiones (RIGI), que brinda estabilidad fiscal extendida.<\/p>\n<p>El pedido a Naci\u00f3n por el RIGI<br \/>\nEn paralelo, Vald\u00e9s confirm\u00f3 que realiz\u00f3 un planteo formal al Gobierno nacional para modificar el RIGI, con el objetivo de que m\u00e1s sectores productivos puedan acceder a sus beneficios.<\/p>\n<p>El pedido fue dirigido al ministro de Econom\u00eda, Luis Caputo, y apunta a revisar el piso m\u00ednimo de inversi\u00f3n, actualmente fijado en 200 millones de d\u00f3lares<\/p>\n<p>Desde la Provincia consideran que ese monto resulta elevado para muchas actividades del interior, por lo que buscan adaptar el r\u00e9gimen a la realidad de las econom\u00edas regionales, como el sector forestal, arrocero y ganadero.<\/p>\n<p>M\u00e1s valor agregado y empleo<br \/>\nUno de los objetivos centrales del proyecto en Santa Rosa es avanzar en la industrializaci\u00f3n de la madera, generando mayor valor agregado en origen y fortaleciendo la cadena productiva local.<\/p>\n<p>Adem\u00e1s, se espera que la inversi\u00f3n tenga impacto directo en la generaci\u00f3n de empleo y en la integraci\u00f3n con PyMES, que podr\u00edan participar como proveedoras de bienes y servicios.<\/p>\n<p>En ese sentido, tambi\u00e9n se impulsa la creaci\u00f3n de un \u201cPunto Verde\u201d en el parque industrial, que permitir\u00eda realizar tr\u00e1mites de exportaci\u00f3n desde la provincia, reduciendo costos log\u00edsticos.<\/p>\n<p>&nbsp;<\/p>\n<p>&nbsp;<\/p>\n","protected":false},"excerpt":{"rendered":"<p>La obra se desarrollar\u00e1 en el Parque Industrial de Santa Rosa con una inversi\u00f3n de 40 millones de d\u00f3lares. El gobernador de Corrientes, Juan Pablo Vald\u00e9s, confirm\u00f3 que este a\u00f1o comenzar\u00e1 la construcci\u00f3n de un aserradero de gran escala en el Parque Industrial de Santa Rosa, una de las inversiones m\u00e1s importantes para el sector [&hellip;]<\/p>\n","protected":false},"author":4,"featured_media":210388,"comment_status":"open","ping_status":"open","sticky":false,"template":"","format":"standard","meta":{"_joinchat":[],"footnotes":""},"categories":[26],"tags":[],"class_list":{"0":"post-210387","1":"post","2":"type-post","3":"status-publish","4":"format-standard","5":"has-post-thumbnail","7":"category-provinciales"},"yoast_head":"<!-- This site is optimized with the Yoast SEO plugin v27.2 - https:\/\/yoast.com\/product\/yoast-seo-wordpress\/ -->\n<title>Santa Rosa: Vald\u00e9s anunci\u00f3 la construcci\u00f3n de un mega aserradero en el Parque Industrial - Radio Infinita Goya<\/title>\n<meta name=\"description\" content=\"La obra se desarrollar\u00e1 en el Parque Industrial de Santa Rosa con una inversi\u00f3n de 40 millones de d\u00f3lares. El gobernador de Corrientes, Juan Pablo Vald\u00e9s,\" \/>\n<meta name=\"robots\" content=\"index, follow, max-snippet:-1, max-image-preview:large, max-video-preview:-1\" \/>\n<link rel=\"canonical\" href=\"https:\/\/radioinfinitagoya.com.ar\/v1\/2026\/03\/17\/santa-rosa-valdes-anuncio-la-construccion-de-un-mega-aserradero-en-el-parque-industrial\/\" \/>\n<meta property=\"og:locale\" content=\"es_ES\" \/>\n<meta property=\"og:type\" content=\"article\" \/>\n<meta property=\"og:title\" content=\"Santa Rosa: Vald\u00e9s anunci\u00f3 la construcci\u00f3n de un mega aserradero en el Parque Industrial - Radio Infinita Goya\" \/>\n<meta property=\"og:description\" content=\"La obra se desarrollar\u00e1 en el Parque Industrial de Santa Rosa con una inversi\u00f3n de 40 millones de d\u00f3lares. El gobernador de Corrientes, Juan Pablo Vald\u00e9s,\" \/>\n<meta property=\"og:url\" content=\"https:\/\/radioinfinitagoya.com.ar\/v1\/2026\/03\/17\/santa-rosa-valdes-anuncio-la-construccion-de-un-mega-aserradero-en-el-parque-industrial\/\" \/>\n<meta property=\"og:site_name\" content=\"Radio Infinita Goya\" \/>\n<meta property=\"article:publisher\" content=\"https:\/\/www.facebook.com\/p\/Infinita-Goya-100063870918311\/\" \/>\n<meta property=\"article:published_time\" content=\"2026-03-17T19:20:21+00:00\" \/>\n<meta property=\"og:image\" content=\"https:\/\/radioinfinitagoya.com.ar\/v1\/wp-content\/uploads\/2026\/03\/1773770900921.webp\" \/>\n\t<meta property=\"og:image:width\" content=\"1200\" \/>\n\t<meta property=\"og:image:height\" content=\"675\" \/>\n\t<meta property=\"og:image:type\" content=\"image\/webp\" \/>\n<meta name=\"author\" content=\"Jorge Mi\u00f1o\" \/>\n<meta name=\"twitter:card\" content=\"summary_large_image\" \/>\n<meta name=\"twitter:label1\" content=\"Escrito por\" \/>\n\t<meta name=\"twitter:data1\" content=\"Jorge Mi\u00f1o\" \/>\n\t<meta name=\"twitter:label2\" content=\"Tiempo de lectura\" \/>\n\t<meta name=\"twitter:data2\" content=\"3 minutos\" \/>\n<script type=\"application\/ld+json\" class=\"yoast-schema-graph\">{\"@context\":\"https:\/\/schema.org\",\"@graph\":[{\"@type\":\"Article\",\"@id\":\"https:\/\/radioinfinitagoya.com.ar\/v1\/2026\/03\/17\/santa-rosa-valdes-anuncio-la-construccion-de-un-mega-aserradero-en-el-parque-industrial\/#article\",\"isPartOf\":{\"@id\":\"https:\/\/radioinfinitagoya.com.ar\/v1\/2026\/03\/17\/santa-rosa-valdes-anuncio-la-construccion-de-un-mega-aserradero-en-el-parque-industrial\/\"},\"author\":{\"name\":\"Jorge Mi\u00f1o\",\"@id\":\"https:\/\/radioinfinitagoya.com.ar\/v1\/#\/schema\/person\/d4cf9c413d4f6edb24aabdccab49ca4a\"},\"headline\":\"Santa Rosa: Vald\u00e9s anunci\u00f3 la construcci\u00f3n de un mega aserradero en el Parque Industrial\",\"datePublished\":\"2026-03-17T19:20:21+00:00\",\"mainEntityOfPage\":{\"@id\":\"https:\/\/radioinfinitagoya.com.ar\/v1\/2026\/03\/17\/santa-rosa-valdes-anuncio-la-construccion-de-un-mega-aserradero-en-el-parque-industrial\/\"},\"wordCount\":480,\"commentCount\":0,\"publisher\":{\"@id\":\"https:\/\/radioinfinitagoya.com.ar\/v1\/#organization\"},\"image\":{\"@id\":\"https:\/\/radioinfinitagoya.com.ar\/v1\/2026\/03\/17\/santa-rosa-valdes-anuncio-la-construccion-de-un-mega-aserradero-en-el-parque-industrial\/#primaryimage\"},\"thumbnailUrl\":\"https:\/\/radioinfinitagoya.com.ar\/v1\/wp-content\/uploads\/2026\/03\/1773770900921.webp\",\"articleSection\":[\"PROVINCIALES\"],\"inLanguage\":\"es-AR\",\"potentialAction\":[{\"@type\":\"CommentAction\",\"name\":\"Comment\",\"target\":[\"https:\/\/radioinfinitagoya.com.ar\/v1\/2026\/03\/17\/santa-rosa-valdes-anuncio-la-construccion-de-un-mega-aserradero-en-el-parque-industrial\/#respond\"]}]},{\"@type\":\"WebPage\",\"@id\":\"https:\/\/radioinfinitagoya.com.ar\/v1\/2026\/03\/17\/santa-rosa-valdes-anuncio-la-construccion-de-un-mega-aserradero-en-el-parque-industrial\/\",\"url\":\"https:\/\/radioinfinitagoya.com.ar\/v1\/2026\/03\/17\/santa-rosa-valdes-anuncio-la-construccion-de-un-mega-aserradero-en-el-parque-industrial\/\",\"name\":\"Santa Rosa: Vald\u00e9s anunci\u00f3 la construcci\u00f3n de un mega aserradero en el Parque Industrial - Radio Infinita Goya\",\"isPartOf\":{\"@id\":\"https:\/\/radioinfinitagoya.com.ar\/v1\/#website\"},\"primaryImageOfPage\":{\"@id\":\"https:\/\/radioinfinitagoya.com.ar\/v1\/2026\/03\/17\/santa-rosa-valdes-anuncio-la-construccion-de-un-mega-aserradero-en-el-parque-industrial\/#primaryimage\"},\"image\":{\"@id\":\"https:\/\/radioinfinitagoya.com.ar\/v1\/2026\/03\/17\/santa-rosa-valdes-anuncio-la-construccion-de-un-mega-aserradero-en-el-parque-industrial\/#primaryimage\"},\"thumbnailUrl\":\"https:\/\/radioinfinitagoya.com.ar\/v1\/wp-content\/uploads\/2026\/03\/1773770900921.webp\",\"datePublished\":\"2026-03-17T19:20:21+00:00\",\"description\":\"La obra se desarrollar\u00e1 en el Parque Industrial de Santa Rosa con una inversi\u00f3n de 40 millones de d\u00f3lares. El gobernador de Corrientes, Juan Pablo Vald\u00e9s,\",\"breadcrumb\":{\"@id\":\"https:\/\/radioinfinitagoya.com.ar\/v1\/2026\/03\/17\/santa-rosa-valdes-anuncio-la-construccion-de-un-mega-aserradero-en-el-parque-industrial\/#breadcrumb\"},\"inLanguage\":\"es-AR\",\"potentialAction\":[{\"@type\":\"ReadAction\",\"target\":[\"https:\/\/radioinfinitagoya.com.ar\/v1\/2026\/03\/17\/santa-rosa-valdes-anuncio-la-construccion-de-un-mega-aserradero-en-el-parque-industrial\/\"]}]},{\"@type\":\"ImageObject\",\"inLanguage\":\"es-AR\",\"@id\":\"https:\/\/radioinfinitagoya.com.ar\/v1\/2026\/03\/17\/santa-rosa-valdes-anuncio-la-construccion-de-un-mega-aserradero-en-el-parque-industrial\/#primaryimage\",\"url\":\"https:\/\/radioinfinitagoya.com.ar\/v1\/wp-content\/uploads\/2026\/03\/1773770900921.webp\",\"contentUrl\":\"https:\/\/radioinfinitagoya.com.ar\/v1\/wp-content\/uploads\/2026\/03\/1773770900921.webp\",\"width\":1200,\"height\":675},{\"@type\":\"BreadcrumbList\",\"@id\":\"https:\/\/radioinfinitagoya.com.ar\/v1\/2026\/03\/17\/santa-rosa-valdes-anuncio-la-construccion-de-un-mega-aserradero-en-el-parque-industrial\/#breadcrumb\",\"itemListElement\":[{\"@type\":\"ListItem\",\"position\":1,\"name\":\"Inicio\",\"item\":\"https:\/\/radioinfinitagoya.com.ar\/v1\/\"},{\"@type\":\"ListItem\",\"position\":2,\"name\":\"Santa Rosa: Vald\u00e9s anunci\u00f3 la construcci\u00f3n de un mega aserradero en el Parque Industrial\"}]},{\"@type\":\"WebSite\",\"@id\":\"https:\/\/radioinfinitagoya.com.ar\/v1\/#website\",\"url\":\"https:\/\/radioinfinitagoya.com.ar\/v1\/\",\"name\":\"radioinfinitagoya.com.ar\",\"description\":\"Radio de noticias\",\"publisher\":{\"@id\":\"https:\/\/radioinfinitagoya.com.ar\/v1\/#organization\"},\"potentialAction\":[{\"@type\":\"SearchAction\",\"target\":{\"@type\":\"EntryPoint\",\"urlTemplate\":\"https:\/\/radioinfinitagoya.com.ar\/v1\/?s={search_term_string}\"},\"query-input\":{\"@type\":\"PropertyValueSpecification\",\"valueRequired\":true,\"valueName\":\"search_term_string\"}}],\"inLanguage\":\"es-AR\"},{\"@type\":\"Organization\",\"@id\":\"https:\/\/radioinfinitagoya.com.ar\/v1\/#organization\",\"name\":\"Radio Infinita Goya\",\"url\":\"https:\/\/radioinfinitagoya.com.ar\/v1\/\",\"logo\":{\"@type\":\"ImageObject\",\"inLanguage\":\"es-AR\",\"@id\":\"https:\/\/radioinfinitagoya.com.ar\/v1\/#\/schema\/logo\/image\/\",\"url\":\"https:\/\/radioinfinitagoya.com.ar\/v1\/wp-content\/uploads\/2019\/11\/logo-pie-web.png\",\"contentUrl\":\"https:\/\/radioinfinitagoya.com.ar\/v1\/wp-content\/uploads\/2019\/11\/logo-pie-web.png\",\"width\":635,\"height\":326,\"caption\":\"Radio Infinita Goya\"},\"image\":{\"@id\":\"https:\/\/radioinfinitagoya.com.ar\/v1\/#\/schema\/logo\/image\/\"},\"sameAs\":[\"https:\/\/www.facebook.com\/p\/Infinita-Goya-100063870918311\/\"]},{\"@type\":\"Person\",\"@id\":\"https:\/\/radioinfinitagoya.com.ar\/v1\/#\/schema\/person\/d4cf9c413d4f6edb24aabdccab49ca4a\",\"name\":\"Jorge Mi\u00f1o\",\"image\":{\"@type\":\"ImageObject\",\"inLanguage\":\"es-AR\",\"@id\":\"https:\/\/secure.gravatar.com\/avatar\/910fcf6728fe95320e07a6643c1581fec1c7fc4bf8ae12e3d8f0d0373dc844be?s=96&d=mm&r=g\",\"url\":\"https:\/\/secure.gravatar.com\/avatar\/910fcf6728fe95320e07a6643c1581fec1c7fc4bf8ae12e3d8f0d0373dc844be?s=96&d=mm&r=g\",\"contentUrl\":\"https:\/\/secure.gravatar.com\/avatar\/910fcf6728fe95320e07a6643c1581fec1c7fc4bf8ae12e3d8f0d0373dc844be?s=96&d=mm&r=g\",\"caption\":\"Jorge Mi\u00f1o\"},\"sameAs\":[\"http:\/\/radioinfinitagoya.com.ar\"]}]}<\/script>\n<!-- \/ Yoast SEO plugin. -->","yoast_head_json":{"title":"Santa Rosa: Vald\u00e9s anunci\u00f3 la construcci\u00f3n de un mega aserradero en el Parque Industrial - Radio Infinita Goya","description":"La obra se desarrollar\u00e1 en el Parque Industrial de Santa Rosa con una inversi\u00f3n de 40 millones de d\u00f3lares. El gobernador de Corrientes, Juan Pablo Vald\u00e9s,","robots":{"index":"index","follow":"follow","max-snippet":"max-snippet:-1","max-image-preview":"max-image-preview:large","max-video-preview":"max-video-preview:-1"},"canonical":"https:\/\/radioinfinitagoya.com.ar\/v1\/2026\/03\/17\/santa-rosa-valdes-anuncio-la-construccion-de-un-mega-aserradero-en-el-parque-industrial\/","og_locale":"es_ES","og_type":"article","og_title":"Santa Rosa: Vald\u00e9s anunci\u00f3 la construcci\u00f3n de un mega aserradero en el Parque Industrial - Radio Infinita Goya","og_description":"La obra se desarrollar\u00e1 en el Parque Industrial de Santa Rosa con una inversi\u00f3n de 40 millones de d\u00f3lares. El gobernador de Corrientes, Juan Pablo Vald\u00e9s,","og_url":"https:\/\/radioinfinitagoya.com.ar\/v1\/2026\/03\/17\/santa-rosa-valdes-anuncio-la-construccion-de-un-mega-aserradero-en-el-parque-industrial\/","og_site_name":"Radio Infinita Goya","article_publisher":"https:\/\/www.facebook.com\/p\/Infinita-Goya-100063870918311\/","article_published_time":"2026-03-17T19:20:21+00:00","og_image":[{"width":1200,"height":675,"url":"https:\/\/radioinfinitagoya.com.ar\/v1\/wp-content\/uploads\/2026\/03\/1773770900921.webp","type":"image\/webp"}],"author":"Jorge Mi\u00f1o","twitter_card":"summary_large_image","twitter_misc":{"Escrito por":"Jorge Mi\u00f1o","Tiempo de lectura":"3 minutos"},"schema":{"@context":"https:\/\/schema.org","@graph":[{"@type":"Article","@id":"https:\/\/radioinfinitagoya.com.ar\/v1\/2026\/03\/17\/santa-rosa-valdes-anuncio-la-construccion-de-un-mega-aserradero-en-el-parque-industrial\/#article","isPartOf":{"@id":"https:\/\/radioinfinitagoya.com.ar\/v1\/2026\/03\/17\/santa-rosa-valdes-anuncio-la-construccion-de-un-mega-aserradero-en-el-parque-industrial\/"},"author":{"name":"Jorge Mi\u00f1o","@id":"https:\/\/radioinfinitagoya.com.ar\/v1\/#\/schema\/person\/d4cf9c413d4f6edb24aabdccab49ca4a"},"headline":"Santa Rosa: Vald\u00e9s anunci\u00f3 la construcci\u00f3n de un mega aserradero en el Parque Industrial","datePublished":"2026-03-17T19:20:21+00:00","mainEntityOfPage":{"@id":"https:\/\/radioinfinitagoya.com.ar\/v1\/2026\/03\/17\/santa-rosa-valdes-anuncio-la-construccion-de-un-mega-aserradero-en-el-parque-industrial\/"},"wordCount":480,"commentCount":0,"publisher":{"@id":"https:\/\/radioinfinitagoya.com.ar\/v1\/#organization"},"image":{"@id":"https:\/\/radioinfinitagoya.com.ar\/v1\/2026\/03\/17\/santa-rosa-valdes-anuncio-la-construccion-de-un-mega-aserradero-en-el-parque-industrial\/#primaryimage"},"thumbnailUrl":"https:\/\/radioinfinitagoya.com.ar\/v1\/wp-content\/uploads\/2026\/03\/1773770900921.webp","articleSection":["PROVINCIALES"],"inLanguage":"es-AR","potentialAction":[{"@type":"CommentAction","name":"Comment","target":["https:\/\/radioinfinitagoya.com.ar\/v1\/2026\/03\/17\/santa-rosa-valdes-anuncio-la-construccion-de-un-mega-aserradero-en-el-parque-industrial\/#respond"]}]},{"@type":"WebPage","@id":"https:\/\/radioinfinitagoya.com.ar\/v1\/2026\/03\/17\/santa-rosa-valdes-anuncio-la-construccion-de-un-mega-aserradero-en-el-parque-industrial\/","url":"https:\/\/radioinfinitagoya.com.ar\/v1\/2026\/03\/17\/santa-rosa-valdes-anuncio-la-construccion-de-un-mega-aserradero-en-el-parque-industrial\/","name":"Santa Rosa: Vald\u00e9s anunci\u00f3 la construcci\u00f3n de un mega aserradero en el Parque Industrial - Radio Infinita Goya","isPartOf":{"@id":"https:\/\/radioinfinitagoya.com.ar\/v1\/#website"},"primaryImageOfPage":{"@id":"https:\/\/radioinfinitagoya.com.ar\/v1\/2026\/03\/17\/santa-rosa-valdes-anuncio-la-construccion-de-un-mega-aserradero-en-el-parque-industrial\/#primaryimage"},"image":{"@id":"https:\/\/radioinfinitagoya.com.ar\/v1\/2026\/03\/17\/santa-rosa-valdes-anuncio-la-construccion-de-un-mega-aserradero-en-el-parque-industrial\/#primaryimage"},"thumbnailUrl":"https:\/\/radioinfinitagoya.com.ar\/v1\/wp-content\/uploads\/2026\/03\/1773770900921.webp","datePublished":"2026-03-17T19:20:21+00:00","description":"La obra se desarrollar\u00e1 en el Parque Industrial de Santa Rosa con una inversi\u00f3n de 40 millones de d\u00f3lares. El gobernador de Corrientes, Juan Pablo Vald\u00e9s,","breadcrumb":{"@id":"https:\/\/radioinfinitagoya.com.ar\/v1\/2026\/03\/17\/santa-rosa-valdes-anuncio-la-construccion-de-un-mega-aserradero-en-el-parque-industrial\/#breadcrumb"},"inLanguage":"es-AR","potentialAction":[{"@type":"ReadAction","target":["https:\/\/radioinfinitagoya.com.ar\/v1\/2026\/03\/17\/santa-rosa-valdes-anuncio-la-construccion-de-un-mega-aserradero-en-el-parque-industrial\/"]}]},{"@type":"ImageObject","inLanguage":"es-AR","@id":"https:\/\/radioinfinitagoya.com.ar\/v1\/2026\/03\/17\/santa-rosa-valdes-anuncio-la-construccion-de-un-mega-aserradero-en-el-parque-industrial\/#primaryimage","url":"https:\/\/radioinfinitagoya.com.ar\/v1\/wp-content\/uploads\/2026\/03\/1773770900921.webp","contentUrl":"https:\/\/radioinfinitagoya.com.ar\/v1\/wp-content\/uploads\/2026\/03\/1773770900921.webp","width":1200,"height":675},{"@type":"BreadcrumbList","@id":"https:\/\/radioinfinitagoya.com.ar\/v1\/2026\/03\/17\/santa-rosa-valdes-anuncio-la-construccion-de-un-mega-aserradero-en-el-parque-industrial\/#breadcrumb","itemListElement":[{"@type":"ListItem","position":1,"name":"Inicio","item":"https:\/\/radioinfinitagoya.com.ar\/v1\/"},{"@type":"ListItem","position":2,"name":"Santa Rosa: Vald\u00e9s anunci\u00f3 la construcci\u00f3n de un mega aserradero en el Parque Industrial"}]},{"@type":"WebSite","@id":"https:\/\/radioinfinitagoya.com.ar\/v1\/#website","url":"https:\/\/radioinfinitagoya.com.ar\/v1\/","name":"radioinfinitagoya.com.ar","description":"Radio de noticias","publisher":{"@id":"https:\/\/radioinfinitagoya.com.ar\/v1\/#organization"},"potentialAction":[{"@type":"SearchAction","target":{"@type":"EntryPoint","urlTemplate":"https:\/\/radioinfinitagoya.com.ar\/v1\/?s={search_term_string}"},"query-input":{"@type":"PropertyValueSpecification","valueRequired":true,"valueName":"search_term_string"}}],"inLanguage":"es-AR"},{"@type":"Organization","@id":"https:\/\/radioinfinitagoya.com.ar\/v1\/#organization","name":"Radio Infinita Goya","url":"https:\/\/radioinfinitagoya.com.ar\/v1\/","logo":{"@type":"ImageObject","inLanguage":"es-AR","@id":"https:\/\/radioinfinitagoya.com.ar\/v1\/#\/schema\/logo\/image\/","url":"https:\/\/radioinfinitagoya.com.ar\/v1\/wp-content\/uploads\/2019\/11\/logo-pie-web.png","contentUrl":"https:\/\/radioinfinitagoya.com.ar\/v1\/wp-content\/uploads\/2019\/11\/logo-pie-web.png","width":635,"height":326,"caption":"Radio Infinita Goya"},"image":{"@id":"https:\/\/radioinfinitagoya.com.ar\/v1\/#\/schema\/logo\/image\/"},"sameAs":["https:\/\/www.facebook.com\/p\/Infinita-Goya-100063870918311\/"]},{"@type":"Person","@id":"https:\/\/radioinfinitagoya.com.ar\/v1\/#\/schema\/person\/d4cf9c413d4f6edb24aabdccab49ca4a","name":"Jorge Mi\u00f1o","image":{"@type":"ImageObject","inLanguage":"es-AR","@id":"https:\/\/secure.gravatar.com\/avatar\/910fcf6728fe95320e07a6643c1581fec1c7fc4bf8ae12e3d8f0d0373dc844be?s=96&d=mm&r=g","url":"https:\/\/secure.gravatar.com\/avatar\/910fcf6728fe95320e07a6643c1581fec1c7fc4bf8ae12e3d8f0d0373dc844be?s=96&d=mm&r=g","contentUrl":"https:\/\/secure.gravatar.com\/avatar\/910fcf6728fe95320e07a6643c1581fec1c7fc4bf8ae12e3d8f0d0373dc844be?s=96&d=mm&r=g","caption":"Jorge Mi\u00f1o"},"sameAs":["http:\/\/radioinfinitagoya.com.ar"]}]}},"_links":{"self":[{"href":"https:\/\/radioinfinitagoya.com.ar\/v1\/wp-json\/wp\/v2\/posts\/210387","targetHints":{"allow":["GET"]}}],"collection":[{"href":"https:\/\/radioinfinitagoya.com.ar\/v1\/wp-json\/wp\/v2\/posts"}],"about":[{"href":"https:\/\/radioinfinitagoya.com.ar\/v1\/wp-json\/wp\/v2\/types\/post"}],"author":[{"embeddable":true,"href":"https:\/\/radioinfinitagoya.com.ar\/v1\/wp-json\/wp\/v2\/users\/4"}],"replies":[{"embeddable":true,"href":"https:\/\/radioinfinitagoya.com.ar\/v1\/wp-json\/wp\/v2\/comments?post=210387"}],"version-history":[{"count":0,"href":"https:\/\/radioinfinitagoya.com.ar\/v1\/wp-json\/wp\/v2\/posts\/210387\/revisions"}],"wp:featuredmedia":[{"embeddable":true,"href":"https:\/\/radioinfinitagoya.com.ar\/v1\/wp-json\/wp\/v2\/media\/210388"}],"wp:attachment":[{"href":"https:\/\/radioinfinitagoya.com.ar\/v1\/wp-json\/wp\/v2\/media?parent=210387"}],"wp:term":[{"taxonomy":"category","embeddable":true,"href":"https:\/\/radioinfinitagoya.com.ar\/v1\/wp-json\/wp\/v2\/categories?post=210387"},{"taxonomy":"post_tag","embeddable":true,"href":"https:\/\/radioinfinitagoya.com.ar\/v1\/wp-json\/wp\/v2\/tags?post=210387"}],"curies":[{"name":"wp","href":"https:\/\/api.w.org\/{rel}","templated":true}]}}