{"id":210396,"date":"2026-03-17T16:35:59","date_gmt":"2026-03-17T19:35:59","guid":{"rendered":"https:\/\/radioinfinitagoya.com.ar\/v1\/?p=210396"},"modified":"2026-03-17T16:35:59","modified_gmt":"2026-03-17T19:35:59","slug":"arca-las-nuevas-escalas-oficializadas-en-marzo-2026","status":"publish","type":"post","link":"https:\/\/radioinfinitagoya.com.ar\/v1\/2026\/03\/17\/arca-las-nuevas-escalas-oficializadas-en-marzo-2026\/","title":{"rendered":"ARCA: las nuevas escalas oficializadas en marzo 2026"},"content":{"rendered":"<p>Con la actualizaci\u00f3n de ARCA, el monotributo suma topes de facturaci\u00f3n y cuotas m\u00e1s altas, impactando de lleno en los ingresos de trabajadores independientes.<\/p>\n<p>Con la llegada de marzo en ARCA, el monotributo suma una nueva actualizaci\u00f3n que no pasa inadvertida para trabajadores independientes, comerciantes y profesionales. La medida implica cambios en las escalas de facturaci\u00f3n y en los montos mensuales, un movimiento que impacta de lleno en el bolsillo de millones de contribuyentes en todo el pa\u00eds.<\/p>\n<p>La decisi\u00f3n fue formalizada por el organismo encargado de gestionar el sistema tributario tras la transformaci\u00f3n de la ex AFIP. Este ajuste del monotributo responde al esquema de actualizaci\u00f3n que toma como base distintos indicadores econ\u00f3micos, con el objetivo de sostener la vigencia del r\u00e9gimen simplificado frente a la inflaci\u00f3n.<\/p>\n<p>Como ocurre en cada revisi\u00f3n, el efecto es mixto. Por un lado, se ampl\u00edan los topes de facturaci\u00f3n, lo que le permite a muchos seguir dentro del monotributo sin tener que saltar a otro r\u00e9gimen. Pero al mismo tiempo, tambi\u00e9n se incrementan las cuotas mensuales, lo que genera presi\u00f3n sobre los ingresos de quienes dependen de su actividad independiente para llegar a fin de mes.<\/p>\n<p>Las nuevas cuotas de marzo para los monotributistas<\/p>\n<p>Desde la actualizaci\u00f3n aplicada en marzo, quienes est\u00e1n dentro del monotributo empezaron a afrontar nuevos valores en sus pagos mensuales. El importe a abonar var\u00eda seg\u00fan la categor\u00eda asignada a cada contribuyente, definida en base a su facturaci\u00f3n anual dentro del esquema que regula ARCA.<\/p>\n<p>En el caso de las escalas m\u00e1s bajas, como la A y la B, siguen siendo las opciones m\u00e1s econ\u00f3micas del sistema. Sin embargo, incluso estos niveles registraron aumentos frente al per\u00edodo anterior, con subas que impactan tanto en el componente impositivo como en los aportes a la jubilaci\u00f3n y la obra social.<\/p>\n<p>Para las categor\u00edas intermedias del monotributo, donde suelen ubicarse profesionales independientes y prestadores de servicios, el ajuste se siente con mayor fuerza. Muchos ya ven\u00edan con n\u00fameros ajustados y este nuevo incremento obliga a repensar gastos, tarifas y honorarios para sostener la actividad.<\/p>\n<p>En los niveles m\u00e1s altos, el panorama es todav\u00eda m\u00e1s exigente. Quienes manejan mayores ingresos, como comerciantes o proveedores de servicios, deben hacer frente a cuotas m\u00e1s elevadas para no salir del r\u00e9gimen. En la pr\u00e1ctica, este cambio implica que miles de contribuyentes tengan que destinar m\u00e1s dinero cada mes para seguir dentro del sistema administrado por ARCA, una situaci\u00f3n que vuelve a abrir el debate cada vez que se actualizan las escalas del monotributo.<\/p>\n<p>C\u00f3mo son los topes de facturaci\u00f3n<\/p>\n<p>M\u00e1s all\u00e1 de las cuotas mensuales, un aspecto central del monotributo son los topes de facturaci\u00f3n anual, ya que definen qui\u00e9n puede seguir dentro del r\u00e9gimen y qui\u00e9n debe pasar al sistema general. Con la actualizaci\u00f3n de 2026 impulsada por ARCA, estos l\u00edmites tambi\u00e9n fueron ajustados para acompa\u00f1ar la inflaci\u00f3n y evitar que muchos contribuyentes queden afuera autom\u00e1ticamente.<\/p>\n<p>De todos modos, tanto profesionales como comerciantes siguen de cerca sus ingresos. Si se supera el m\u00e1ximo permitido incluso en la categor\u00eda m\u00e1s alta del monotributo, el paso al R\u00e9gimen General se vuelve obligatorio, lo que implica empezar a tributar IVA, Ganancias y otros impuestos.<\/p>\n<p>Para muchos emprendimientos chicos, ese cambio no es menor. Salir del monotributo significa asumir mayores exigencias administrativas, contables y fiscales. Por eso, cada vez m\u00e1s contribuyentes controlan su nivel de facturaci\u00f3n de forma constante para evitar sobresaltos al momento de la recategorizaci\u00f3n y seguir dentro del esquema que regula ARCA.<\/p>\n","protected":false},"excerpt":{"rendered":"<p>Con la actualizaci\u00f3n de ARCA, el monotributo suma topes de facturaci\u00f3n y cuotas m\u00e1s altas, impactando de lleno en los ingresos de trabajadores independientes. Con la llegada de marzo en ARCA, el monotributo suma una nueva actualizaci\u00f3n que no pasa inadvertida para trabajadores independientes, comerciantes y profesionales. La medida implica cambios en las escalas de [&hellip;]<\/p>\n","protected":false},"author":4,"featured_media":210397,"comment_status":"open","ping_status":"open","sticky":false,"template":"","format":"standard","meta":{"_joinchat":[],"footnotes":""},"categories":[29],"tags":[],"class_list":{"0":"post-210396","1":"post","2":"type-post","3":"status-publish","4":"format-standard","5":"has-post-thumbnail","7":"category-nacionales"},"yoast_head":"<!-- This site is optimized with the Yoast SEO plugin v27.2 - https:\/\/yoast.com\/product\/yoast-seo-wordpress\/ -->\n<title>ARCA: las nuevas escalas oficializadas en marzo 2026 - Radio Infinita Goya<\/title>\n<meta name=\"description\" content=\"Con la actualizaci\u00f3n de ARCA, el monotributo suma topes de facturaci\u00f3n y cuotas m\u00e1s altas, impactando de lleno en los ingresos de trabajadores\" \/>\n<meta name=\"robots\" content=\"index, follow, max-snippet:-1, max-image-preview:large, max-video-preview:-1\" \/>\n<link rel=\"canonical\" href=\"https:\/\/radioinfinitagoya.com.ar\/v1\/2026\/03\/17\/arca-las-nuevas-escalas-oficializadas-en-marzo-2026\/\" \/>\n<meta property=\"og:locale\" content=\"es_ES\" \/>\n<meta property=\"og:type\" content=\"article\" \/>\n<meta property=\"og:title\" content=\"ARCA: las nuevas escalas oficializadas en marzo 2026 - Radio Infinita Goya\" \/>\n<meta property=\"og:description\" content=\"Con la actualizaci\u00f3n de ARCA, el monotributo suma topes de facturaci\u00f3n y cuotas m\u00e1s altas, impactando de lleno en los ingresos de trabajadores\" \/>\n<meta property=\"og:url\" content=\"https:\/\/radioinfinitagoya.com.ar\/v1\/2026\/03\/17\/arca-las-nuevas-escalas-oficializadas-en-marzo-2026\/\" \/>\n<meta property=\"og:site_name\" content=\"Radio Infinita Goya\" \/>\n<meta property=\"article:publisher\" content=\"https:\/\/www.facebook.com\/p\/Infinita-Goya-100063870918311\/\" \/>\n<meta property=\"article:published_time\" content=\"2026-03-17T19:35:59+00:00\" \/>\n<meta property=\"og:image\" content=\"https:\/\/radioinfinitagoya.com.ar\/v1\/wp-content\/uploads\/2026\/03\/HDYU4ouXYAEqmIP.jpg\" \/>\n\t<meta property=\"og:image:width\" content=\"680\" \/>\n\t<meta property=\"og:image:height\" content=\"383\" \/>\n\t<meta property=\"og:image:type\" content=\"image\/jpeg\" \/>\n<meta name=\"author\" content=\"Jorge Mi\u00f1o\" \/>\n<meta name=\"twitter:card\" content=\"summary_large_image\" \/>\n<meta name=\"twitter:label1\" content=\"Escrito por\" \/>\n\t<meta name=\"twitter:data1\" content=\"Jorge Mi\u00f1o\" \/>\n\t<meta name=\"twitter:label2\" content=\"Tiempo de lectura\" \/>\n\t<meta name=\"twitter:data2\" content=\"3 minutos\" \/>\n<script type=\"application\/ld+json\" class=\"yoast-schema-graph\">{\"@context\":\"https:\/\/schema.org\",\"@graph\":[{\"@type\":\"Article\",\"@id\":\"https:\/\/radioinfinitagoya.com.ar\/v1\/2026\/03\/17\/arca-las-nuevas-escalas-oficializadas-en-marzo-2026\/#article\",\"isPartOf\":{\"@id\":\"https:\/\/radioinfinitagoya.com.ar\/v1\/2026\/03\/17\/arca-las-nuevas-escalas-oficializadas-en-marzo-2026\/\"},\"author\":{\"name\":\"Jorge Mi\u00f1o\",\"@id\":\"https:\/\/radioinfinitagoya.com.ar\/v1\/#\/schema\/person\/d4cf9c413d4f6edb24aabdccab49ca4a\"},\"headline\":\"ARCA: las nuevas escalas oficializadas en marzo 2026\",\"datePublished\":\"2026-03-17T19:35:59+00:00\",\"mainEntityOfPage\":{\"@id\":\"https:\/\/radioinfinitagoya.com.ar\/v1\/2026\/03\/17\/arca-las-nuevas-escalas-oficializadas-en-marzo-2026\/\"},\"wordCount\":642,\"commentCount\":0,\"publisher\":{\"@id\":\"https:\/\/radioinfinitagoya.com.ar\/v1\/#organization\"},\"image\":{\"@id\":\"https:\/\/radioinfinitagoya.com.ar\/v1\/2026\/03\/17\/arca-las-nuevas-escalas-oficializadas-en-marzo-2026\/#primaryimage\"},\"thumbnailUrl\":\"https:\/\/radioinfinitagoya.com.ar\/v1\/wp-content\/uploads\/2026\/03\/HDYU4ouXYAEqmIP.jpg\",\"articleSection\":[\"NACIONALES\"],\"inLanguage\":\"es-AR\",\"potentialAction\":[{\"@type\":\"CommentAction\",\"name\":\"Comment\",\"target\":[\"https:\/\/radioinfinitagoya.com.ar\/v1\/2026\/03\/17\/arca-las-nuevas-escalas-oficializadas-en-marzo-2026\/#respond\"]}]},{\"@type\":\"WebPage\",\"@id\":\"https:\/\/radioinfinitagoya.com.ar\/v1\/2026\/03\/17\/arca-las-nuevas-escalas-oficializadas-en-marzo-2026\/\",\"url\":\"https:\/\/radioinfinitagoya.com.ar\/v1\/2026\/03\/17\/arca-las-nuevas-escalas-oficializadas-en-marzo-2026\/\",\"name\":\"ARCA: las nuevas escalas oficializadas en marzo 2026 - Radio Infinita Goya\",\"isPartOf\":{\"@id\":\"https:\/\/radioinfinitagoya.com.ar\/v1\/#website\"},\"primaryImageOfPage\":{\"@id\":\"https:\/\/radioinfinitagoya.com.ar\/v1\/2026\/03\/17\/arca-las-nuevas-escalas-oficializadas-en-marzo-2026\/#primaryimage\"},\"image\":{\"@id\":\"https:\/\/radioinfinitagoya.com.ar\/v1\/2026\/03\/17\/arca-las-nuevas-escalas-oficializadas-en-marzo-2026\/#primaryimage\"},\"thumbnailUrl\":\"https:\/\/radioinfinitagoya.com.ar\/v1\/wp-content\/uploads\/2026\/03\/HDYU4ouXYAEqmIP.jpg\",\"datePublished\":\"2026-03-17T19:35:59+00:00\",\"description\":\"Con la actualizaci\u00f3n de ARCA, el monotributo suma topes de facturaci\u00f3n y cuotas m\u00e1s altas, impactando de lleno en los ingresos de trabajadores\",\"breadcrumb\":{\"@id\":\"https:\/\/radioinfinitagoya.com.ar\/v1\/2026\/03\/17\/arca-las-nuevas-escalas-oficializadas-en-marzo-2026\/#breadcrumb\"},\"inLanguage\":\"es-AR\",\"potentialAction\":[{\"@type\":\"ReadAction\",\"target\":[\"https:\/\/radioinfinitagoya.com.ar\/v1\/2026\/03\/17\/arca-las-nuevas-escalas-oficializadas-en-marzo-2026\/\"]}]},{\"@type\":\"ImageObject\",\"inLanguage\":\"es-AR\",\"@id\":\"https:\/\/radioinfinitagoya.com.ar\/v1\/2026\/03\/17\/arca-las-nuevas-escalas-oficializadas-en-marzo-2026\/#primaryimage\",\"url\":\"https:\/\/radioinfinitagoya.com.ar\/v1\/wp-content\/uploads\/2026\/03\/HDYU4ouXYAEqmIP.jpg\",\"contentUrl\":\"https:\/\/radioinfinitagoya.com.ar\/v1\/wp-content\/uploads\/2026\/03\/HDYU4ouXYAEqmIP.jpg\",\"width\":680,\"height\":383},{\"@type\":\"BreadcrumbList\",\"@id\":\"https:\/\/radioinfinitagoya.com.ar\/v1\/2026\/03\/17\/arca-las-nuevas-escalas-oficializadas-en-marzo-2026\/#breadcrumb\",\"itemListElement\":[{\"@type\":\"ListItem\",\"position\":1,\"name\":\"Inicio\",\"item\":\"https:\/\/radioinfinitagoya.com.ar\/v1\/\"},{\"@type\":\"ListItem\",\"position\":2,\"name\":\"ARCA: las nuevas escalas oficializadas en marzo 2026\"}]},{\"@type\":\"WebSite\",\"@id\":\"https:\/\/radioinfinitagoya.com.ar\/v1\/#website\",\"url\":\"https:\/\/radioinfinitagoya.com.ar\/v1\/\",\"name\":\"radioinfinitagoya.com.ar\",\"description\":\"Radio de noticias\",\"publisher\":{\"@id\":\"https:\/\/radioinfinitagoya.com.ar\/v1\/#organization\"},\"potentialAction\":[{\"@type\":\"SearchAction\",\"target\":{\"@type\":\"EntryPoint\",\"urlTemplate\":\"https:\/\/radioinfinitagoya.com.ar\/v1\/?s={search_term_string}\"},\"query-input\":{\"@type\":\"PropertyValueSpecification\",\"valueRequired\":true,\"valueName\":\"search_term_string\"}}],\"inLanguage\":\"es-AR\"},{\"@type\":\"Organization\",\"@id\":\"https:\/\/radioinfinitagoya.com.ar\/v1\/#organization\",\"name\":\"Radio Infinita Goya\",\"url\":\"https:\/\/radioinfinitagoya.com.ar\/v1\/\",\"logo\":{\"@type\":\"ImageObject\",\"inLanguage\":\"es-AR\",\"@id\":\"https:\/\/radioinfinitagoya.com.ar\/v1\/#\/schema\/logo\/image\/\",\"url\":\"https:\/\/radioinfinitagoya.com.ar\/v1\/wp-content\/uploads\/2019\/11\/logo-pie-web.png\",\"contentUrl\":\"https:\/\/radioinfinitagoya.com.ar\/v1\/wp-content\/uploads\/2019\/11\/logo-pie-web.png\",\"width\":635,\"height\":326,\"caption\":\"Radio Infinita Goya\"},\"image\":{\"@id\":\"https:\/\/radioinfinitagoya.com.ar\/v1\/#\/schema\/logo\/image\/\"},\"sameAs\":[\"https:\/\/www.facebook.com\/p\/Infinita-Goya-100063870918311\/\"]},{\"@type\":\"Person\",\"@id\":\"https:\/\/radioinfinitagoya.com.ar\/v1\/#\/schema\/person\/d4cf9c413d4f6edb24aabdccab49ca4a\",\"name\":\"Jorge Mi\u00f1o\",\"image\":{\"@type\":\"ImageObject\",\"inLanguage\":\"es-AR\",\"@id\":\"https:\/\/secure.gravatar.com\/avatar\/910fcf6728fe95320e07a6643c1581fec1c7fc4bf8ae12e3d8f0d0373dc844be?s=96&d=mm&r=g\",\"url\":\"https:\/\/secure.gravatar.com\/avatar\/910fcf6728fe95320e07a6643c1581fec1c7fc4bf8ae12e3d8f0d0373dc844be?s=96&d=mm&r=g\",\"contentUrl\":\"https:\/\/secure.gravatar.com\/avatar\/910fcf6728fe95320e07a6643c1581fec1c7fc4bf8ae12e3d8f0d0373dc844be?s=96&d=mm&r=g\",\"caption\":\"Jorge Mi\u00f1o\"},\"sameAs\":[\"http:\/\/radioinfinitagoya.com.ar\"]}]}<\/script>\n<!-- \/ Yoast SEO plugin. -->","yoast_head_json":{"title":"ARCA: las nuevas escalas oficializadas en marzo 2026 - Radio Infinita Goya","description":"Con la actualizaci\u00f3n de ARCA, el monotributo suma topes de facturaci\u00f3n y cuotas m\u00e1s altas, impactando de lleno en los ingresos de trabajadores","robots":{"index":"index","follow":"follow","max-snippet":"max-snippet:-1","max-image-preview":"max-image-preview:large","max-video-preview":"max-video-preview:-1"},"canonical":"https:\/\/radioinfinitagoya.com.ar\/v1\/2026\/03\/17\/arca-las-nuevas-escalas-oficializadas-en-marzo-2026\/","og_locale":"es_ES","og_type":"article","og_title":"ARCA: las nuevas escalas oficializadas en marzo 2026 - Radio Infinita Goya","og_description":"Con la actualizaci\u00f3n de ARCA, el monotributo suma topes de facturaci\u00f3n y cuotas m\u00e1s altas, impactando de lleno en los ingresos de trabajadores","og_url":"https:\/\/radioinfinitagoya.com.ar\/v1\/2026\/03\/17\/arca-las-nuevas-escalas-oficializadas-en-marzo-2026\/","og_site_name":"Radio Infinita Goya","article_publisher":"https:\/\/www.facebook.com\/p\/Infinita-Goya-100063870918311\/","article_published_time":"2026-03-17T19:35:59+00:00","og_image":[{"width":680,"height":383,"url":"https:\/\/radioinfinitagoya.com.ar\/v1\/wp-content\/uploads\/2026\/03\/HDYU4ouXYAEqmIP.jpg","type":"image\/jpeg"}],"author":"Jorge Mi\u00f1o","twitter_card":"summary_large_image","twitter_misc":{"Escrito por":"Jorge Mi\u00f1o","Tiempo de lectura":"3 minutos"},"schema":{"@context":"https:\/\/schema.org","@graph":[{"@type":"Article","@id":"https:\/\/radioinfinitagoya.com.ar\/v1\/2026\/03\/17\/arca-las-nuevas-escalas-oficializadas-en-marzo-2026\/#article","isPartOf":{"@id":"https:\/\/radioinfinitagoya.com.ar\/v1\/2026\/03\/17\/arca-las-nuevas-escalas-oficializadas-en-marzo-2026\/"},"author":{"name":"Jorge Mi\u00f1o","@id":"https:\/\/radioinfinitagoya.com.ar\/v1\/#\/schema\/person\/d4cf9c413d4f6edb24aabdccab49ca4a"},"headline":"ARCA: las nuevas escalas oficializadas en marzo 2026","datePublished":"2026-03-17T19:35:59+00:00","mainEntityOfPage":{"@id":"https:\/\/radioinfinitagoya.com.ar\/v1\/2026\/03\/17\/arca-las-nuevas-escalas-oficializadas-en-marzo-2026\/"},"wordCount":642,"commentCount":0,"publisher":{"@id":"https:\/\/radioinfinitagoya.com.ar\/v1\/#organization"},"image":{"@id":"https:\/\/radioinfinitagoya.com.ar\/v1\/2026\/03\/17\/arca-las-nuevas-escalas-oficializadas-en-marzo-2026\/#primaryimage"},"thumbnailUrl":"https:\/\/radioinfinitagoya.com.ar\/v1\/wp-content\/uploads\/2026\/03\/HDYU4ouXYAEqmIP.jpg","articleSection":["NACIONALES"],"inLanguage":"es-AR","potentialAction":[{"@type":"CommentAction","name":"Comment","target":["https:\/\/radioinfinitagoya.com.ar\/v1\/2026\/03\/17\/arca-las-nuevas-escalas-oficializadas-en-marzo-2026\/#respond"]}]},{"@type":"WebPage","@id":"https:\/\/radioinfinitagoya.com.ar\/v1\/2026\/03\/17\/arca-las-nuevas-escalas-oficializadas-en-marzo-2026\/","url":"https:\/\/radioinfinitagoya.com.ar\/v1\/2026\/03\/17\/arca-las-nuevas-escalas-oficializadas-en-marzo-2026\/","name":"ARCA: las nuevas escalas oficializadas en marzo 2026 - Radio Infinita Goya","isPartOf":{"@id":"https:\/\/radioinfinitagoya.com.ar\/v1\/#website"},"primaryImageOfPage":{"@id":"https:\/\/radioinfinitagoya.com.ar\/v1\/2026\/03\/17\/arca-las-nuevas-escalas-oficializadas-en-marzo-2026\/#primaryimage"},"image":{"@id":"https:\/\/radioinfinitagoya.com.ar\/v1\/2026\/03\/17\/arca-las-nuevas-escalas-oficializadas-en-marzo-2026\/#primaryimage"},"thumbnailUrl":"https:\/\/radioinfinitagoya.com.ar\/v1\/wp-content\/uploads\/2026\/03\/HDYU4ouXYAEqmIP.jpg","datePublished":"2026-03-17T19:35:59+00:00","description":"Con la actualizaci\u00f3n de ARCA, el monotributo suma topes de facturaci\u00f3n y cuotas m\u00e1s altas, impactando de lleno en los ingresos de trabajadores","breadcrumb":{"@id":"https:\/\/radioinfinitagoya.com.ar\/v1\/2026\/03\/17\/arca-las-nuevas-escalas-oficializadas-en-marzo-2026\/#breadcrumb"},"inLanguage":"es-AR","potentialAction":[{"@type":"ReadAction","target":["https:\/\/radioinfinitagoya.com.ar\/v1\/2026\/03\/17\/arca-las-nuevas-escalas-oficializadas-en-marzo-2026\/"]}]},{"@type":"ImageObject","inLanguage":"es-AR","@id":"https:\/\/radioinfinitagoya.com.ar\/v1\/2026\/03\/17\/arca-las-nuevas-escalas-oficializadas-en-marzo-2026\/#primaryimage","url":"https:\/\/radioinfinitagoya.com.ar\/v1\/wp-content\/uploads\/2026\/03\/HDYU4ouXYAEqmIP.jpg","contentUrl":"https:\/\/radioinfinitagoya.com.ar\/v1\/wp-content\/uploads\/2026\/03\/HDYU4ouXYAEqmIP.jpg","width":680,"height":383},{"@type":"BreadcrumbList","@id":"https:\/\/radioinfinitagoya.com.ar\/v1\/2026\/03\/17\/arca-las-nuevas-escalas-oficializadas-en-marzo-2026\/#breadcrumb","itemListElement":[{"@type":"ListItem","position":1,"name":"Inicio","item":"https:\/\/radioinfinitagoya.com.ar\/v1\/"},{"@type":"ListItem","position":2,"name":"ARCA: las nuevas escalas oficializadas en marzo 2026"}]},{"@type":"WebSite","@id":"https:\/\/radioinfinitagoya.com.ar\/v1\/#website","url":"https:\/\/radioinfinitagoya.com.ar\/v1\/","name":"radioinfinitagoya.com.ar","description":"Radio de noticias","publisher":{"@id":"https:\/\/radioinfinitagoya.com.ar\/v1\/#organization"},"potentialAction":[{"@type":"SearchAction","target":{"@type":"EntryPoint","urlTemplate":"https:\/\/radioinfinitagoya.com.ar\/v1\/?s={search_term_string}"},"query-input":{"@type":"PropertyValueSpecification","valueRequired":true,"valueName":"search_term_string"}}],"inLanguage":"es-AR"},{"@type":"Organization","@id":"https:\/\/radioinfinitagoya.com.ar\/v1\/#organization","name":"Radio Infinita Goya","url":"https:\/\/radioinfinitagoya.com.ar\/v1\/","logo":{"@type":"ImageObject","inLanguage":"es-AR","@id":"https:\/\/radioinfinitagoya.com.ar\/v1\/#\/schema\/logo\/image\/","url":"https:\/\/radioinfinitagoya.com.ar\/v1\/wp-content\/uploads\/2019\/11\/logo-pie-web.png","contentUrl":"https:\/\/radioinfinitagoya.com.ar\/v1\/wp-content\/uploads\/2019\/11\/logo-pie-web.png","width":635,"height":326,"caption":"Radio Infinita Goya"},"image":{"@id":"https:\/\/radioinfinitagoya.com.ar\/v1\/#\/schema\/logo\/image\/"},"sameAs":["https:\/\/www.facebook.com\/p\/Infinita-Goya-100063870918311\/"]},{"@type":"Person","@id":"https:\/\/radioinfinitagoya.com.ar\/v1\/#\/schema\/person\/d4cf9c413d4f6edb24aabdccab49ca4a","name":"Jorge Mi\u00f1o","image":{"@type":"ImageObject","inLanguage":"es-AR","@id":"https:\/\/secure.gravatar.com\/avatar\/910fcf6728fe95320e07a6643c1581fec1c7fc4bf8ae12e3d8f0d0373dc844be?s=96&d=mm&r=g","url":"https:\/\/secure.gravatar.com\/avatar\/910fcf6728fe95320e07a6643c1581fec1c7fc4bf8ae12e3d8f0d0373dc844be?s=96&d=mm&r=g","contentUrl":"https:\/\/secure.gravatar.com\/avatar\/910fcf6728fe95320e07a6643c1581fec1c7fc4bf8ae12e3d8f0d0373dc844be?s=96&d=mm&r=g","caption":"Jorge Mi\u00f1o"},"sameAs":["http:\/\/radioinfinitagoya.com.ar"]}]}},"_links":{"self":[{"href":"https:\/\/radioinfinitagoya.com.ar\/v1\/wp-json\/wp\/v2\/posts\/210396","targetHints":{"allow":["GET"]}}],"collection":[{"href":"https:\/\/radioinfinitagoya.com.ar\/v1\/wp-json\/wp\/v2\/posts"}],"about":[{"href":"https:\/\/radioinfinitagoya.com.ar\/v1\/wp-json\/wp\/v2\/types\/post"}],"author":[{"embeddable":true,"href":"https:\/\/radioinfinitagoya.com.ar\/v1\/wp-json\/wp\/v2\/users\/4"}],"replies":[{"embeddable":true,"href":"https:\/\/radioinfinitagoya.com.ar\/v1\/wp-json\/wp\/v2\/comments?post=210396"}],"version-history":[{"count":0,"href":"https:\/\/radioinfinitagoya.com.ar\/v1\/wp-json\/wp\/v2\/posts\/210396\/revisions"}],"wp:featuredmedia":[{"embeddable":true,"href":"https:\/\/radioinfinitagoya.com.ar\/v1\/wp-json\/wp\/v2\/media\/210397"}],"wp:attachment":[{"href":"https:\/\/radioinfinitagoya.com.ar\/v1\/wp-json\/wp\/v2\/media?parent=210396"}],"wp:term":[{"taxonomy":"category","embeddable":true,"href":"https:\/\/radioinfinitagoya.com.ar\/v1\/wp-json\/wp\/v2\/categories?post=210396"},{"taxonomy":"post_tag","embeddable":true,"href":"https:\/\/radioinfinitagoya.com.ar\/v1\/wp-json\/wp\/v2\/tags?post=210396"}],"curies":[{"name":"wp","href":"https:\/\/api.w.org\/{rel}","templated":true}]}}