{"id":210399,"date":"2026-03-17T16:39:14","date_gmt":"2026-03-17T19:39:14","guid":{"rendered":"https:\/\/radioinfinitagoya.com.ar\/v1\/?p=210399"},"modified":"2026-03-17T16:39:14","modified_gmt":"2026-03-17T19:39:14","slug":"anses-el-bono-que-comenzara-a-pagarse-despues-del-20-de-marzo","status":"publish","type":"post","link":"https:\/\/radioinfinitagoya.com.ar\/v1\/2026\/03\/17\/anses-el-bono-que-comenzara-a-pagarse-despues-del-20-de-marzo\/","title":{"rendered":"ANSES: el bono que comenzar\u00e1 a pagarse despu\u00e9s del 20 de marzo"},"content":{"rendered":"<p>El beneficio llega con un aumento del 2,9% y nuevos topes vinculados al Salario M\u00ednimo. Conoc\u00e9 el calendario de pagos y c\u00f3mo realizar el tr\u00e1mite para acceder.<\/p>\n<p>La Administraci\u00f3n Nacional de la Seguridad Social (ANSES) inform\u00f3 que durante marzo continuar\u00e1 el pago de la Prestaci\u00f3n por Desempleo. Este beneficio, que brinda apoyo econ\u00f3mico a quienes perdieron su empleo formal, tendr\u00e1 un incremento del 2,9% en el tercer mes del a\u00f1o, correspondiente a la Ley de Movilidad Jubilatoria.<\/p>\n<p>Este mes, el monto m\u00e1ximo del pago ser\u00e1 de $352.400, tras la actualizaci\u00f3n vinculada al Salario M\u00ednimo, Vital y M\u00f3vil (SMVM). Adem\u00e1s, los pagos se efectuar\u00e1n entre el 20 y el 30 de marzo, siguiendo el cronograma seg\u00fan la terminaci\u00f3n del DNI de cada beneficiario.<\/p>\n<p>A qui\u00e9nes les corresponder\u00e1 cobrar el bono<br \/>\nEl tr\u00e1mite debe iniciarse dentro de los 90 d\u00edas posteriores al despido para poder acceder al beneficio. Estos son los requisitos que se deben cumplir:<\/p>\n<p>Trabajadores permanentes: deben haber aportado al menos 6 meses en los \u00faltimos 3 a\u00f1os antes de quedar desempleados.<\/p>\n<p>Trabajadores eventuales o de temporada: pueden acceder si trabajaron entre 90 d\u00edas y 12 meses en los \u00faltimos 3 a\u00f1os, considerando especialmente el \u00faltimo a\u00f1o.<\/p>\n<p>Calendario de pagos de marzo 2026<\/p>\n<p>El cronograma establecido por ANSES se distribuye de manera escalonada para evitar aglomeraciones en las entidades bancarias y facilitar el flujo de fondos. El pago se inicia el viernes 20 de marzo para aquellos beneficiarios cuyos documentos finalizan en 0 y 1. La secuencia continuar\u00e1 durante la semana siguiente, respetando el orden num\u00e9rico habitual hasta completar todas las terminaciones de DNI.<\/p>\n<p>Los montos de la Prestaci\u00f3n de Desempleo<br \/>\nEl monto de la Prestaci\u00f3n por Desempleo se calcula en base al salario neto que el trabajador percib\u00eda antes de ser despedido, correspondiendo al 75% del mejor salario promedio de los \u00faltimos seis meses.<\/p>\n<p>Sin embargo, el beneficio tiene l\u00edmites: no puede ser menor al 50% del Salario M\u00ednimo, Vital y M\u00f3vil ni superar el 100% del mismo. Para marzo de 2026, esto se traduce en un rango de $176.200 a $352.400, y el valor que recibe cada beneficiario depender\u00e1 de su salario previo.<\/p>\n<p>&nbsp;<\/p>\n<p>&nbsp;<\/p>\n","protected":false},"excerpt":{"rendered":"<p>El beneficio llega con un aumento del 2,9% y nuevos topes vinculados al Salario M\u00ednimo. Conoc\u00e9 el calendario de pagos y c\u00f3mo realizar el tr\u00e1mite para acceder. La Administraci\u00f3n Nacional de la Seguridad Social (ANSES) inform\u00f3 que durante marzo continuar\u00e1 el pago de la Prestaci\u00f3n por Desempleo. Este beneficio, que brinda apoyo econ\u00f3mico a quienes [&hellip;]<\/p>\n","protected":false},"author":4,"featured_media":210400,"comment_status":"open","ping_status":"open","sticky":false,"template":"","format":"standard","meta":{"_joinchat":[],"footnotes":""},"categories":[29],"tags":[],"class_list":{"0":"post-210399","1":"post","2":"type-post","3":"status-publish","4":"format-standard","5":"has-post-thumbnail","7":"category-nacionales"},"yoast_head":"<!-- This site is optimized with the Yoast SEO plugin v27.2 - https:\/\/yoast.com\/product\/yoast-seo-wordpress\/ -->\n<title>ANSES: el bono que comenzar\u00e1 a pagarse despu\u00e9s del 20 de marzo - Radio Infinita Goya<\/title>\n<meta name=\"description\" content=\"El beneficio llega con un aumento del 2,9% y nuevos topes vinculados al Salario M\u00ednimo. Conoc\u00e9 el calendario de pagos y c\u00f3mo realizar el tr\u00e1mite para\" \/>\n<meta name=\"robots\" content=\"index, follow, max-snippet:-1, max-image-preview:large, max-video-preview:-1\" \/>\n<link rel=\"canonical\" href=\"https:\/\/radioinfinitagoya.com.ar\/v1\/2026\/03\/17\/anses-el-bono-que-comenzara-a-pagarse-despues-del-20-de-marzo\/\" \/>\n<meta property=\"og:locale\" content=\"es_ES\" \/>\n<meta property=\"og:type\" content=\"article\" \/>\n<meta property=\"og:title\" content=\"ANSES: el bono que comenzar\u00e1 a pagarse despu\u00e9s del 20 de marzo - Radio Infinita Goya\" \/>\n<meta property=\"og:description\" content=\"El beneficio llega con un aumento del 2,9% y nuevos topes vinculados al Salario M\u00ednimo. Conoc\u00e9 el calendario de pagos y c\u00f3mo realizar el tr\u00e1mite para\" \/>\n<meta property=\"og:url\" content=\"https:\/\/radioinfinitagoya.com.ar\/v1\/2026\/03\/17\/anses-el-bono-que-comenzara-a-pagarse-despues-del-20-de-marzo\/\" \/>\n<meta property=\"og:site_name\" content=\"Radio Infinita Goya\" \/>\n<meta property=\"article:publisher\" content=\"https:\/\/www.facebook.com\/p\/Infinita-Goya-100063870918311\/\" \/>\n<meta property=\"article:published_time\" content=\"2026-03-17T19:39:14+00:00\" \/>\n<meta property=\"og:image\" content=\"https:\/\/radioinfinitagoya.com.ar\/v1\/wp-content\/uploads\/2026\/03\/JaLBS7lG.jpg\" \/>\n\t<meta property=\"og:image:width\" content=\"680\" \/>\n\t<meta property=\"og:image:height\" content=\"383\" \/>\n\t<meta property=\"og:image:type\" content=\"image\/jpeg\" \/>\n<meta name=\"author\" content=\"Jorge Mi\u00f1o\" \/>\n<meta name=\"twitter:card\" content=\"summary_large_image\" \/>\n<meta name=\"twitter:label1\" content=\"Escrito por\" \/>\n\t<meta name=\"twitter:data1\" content=\"Jorge Mi\u00f1o\" \/>\n\t<meta name=\"twitter:label2\" content=\"Tiempo de lectura\" \/>\n\t<meta name=\"twitter:data2\" content=\"2 minutos\" \/>\n<script type=\"application\/ld+json\" class=\"yoast-schema-graph\">{\"@context\":\"https:\/\/schema.org\",\"@graph\":[{\"@type\":\"Article\",\"@id\":\"https:\/\/radioinfinitagoya.com.ar\/v1\/2026\/03\/17\/anses-el-bono-que-comenzara-a-pagarse-despues-del-20-de-marzo\/#article\",\"isPartOf\":{\"@id\":\"https:\/\/radioinfinitagoya.com.ar\/v1\/2026\/03\/17\/anses-el-bono-que-comenzara-a-pagarse-despues-del-20-de-marzo\/\"},\"author\":{\"name\":\"Jorge Mi\u00f1o\",\"@id\":\"https:\/\/radioinfinitagoya.com.ar\/v1\/#\/schema\/person\/d4cf9c413d4f6edb24aabdccab49ca4a\"},\"headline\":\"ANSES: el bono que comenzar\u00e1 a pagarse despu\u00e9s del 20 de marzo\",\"datePublished\":\"2026-03-17T19:39:14+00:00\",\"mainEntityOfPage\":{\"@id\":\"https:\/\/radioinfinitagoya.com.ar\/v1\/2026\/03\/17\/anses-el-bono-que-comenzara-a-pagarse-despues-del-20-de-marzo\/\"},\"wordCount\":377,\"commentCount\":0,\"publisher\":{\"@id\":\"https:\/\/radioinfinitagoya.com.ar\/v1\/#organization\"},\"image\":{\"@id\":\"https:\/\/radioinfinitagoya.com.ar\/v1\/2026\/03\/17\/anses-el-bono-que-comenzara-a-pagarse-despues-del-20-de-marzo\/#primaryimage\"},\"thumbnailUrl\":\"https:\/\/radioinfinitagoya.com.ar\/v1\/wp-content\/uploads\/2026\/03\/JaLBS7lG.jpg\",\"articleSection\":[\"NACIONALES\"],\"inLanguage\":\"es-AR\",\"potentialAction\":[{\"@type\":\"CommentAction\",\"name\":\"Comment\",\"target\":[\"https:\/\/radioinfinitagoya.com.ar\/v1\/2026\/03\/17\/anses-el-bono-que-comenzara-a-pagarse-despues-del-20-de-marzo\/#respond\"]}]},{\"@type\":\"WebPage\",\"@id\":\"https:\/\/radioinfinitagoya.com.ar\/v1\/2026\/03\/17\/anses-el-bono-que-comenzara-a-pagarse-despues-del-20-de-marzo\/\",\"url\":\"https:\/\/radioinfinitagoya.com.ar\/v1\/2026\/03\/17\/anses-el-bono-que-comenzara-a-pagarse-despues-del-20-de-marzo\/\",\"name\":\"ANSES: el bono que comenzar\u00e1 a pagarse despu\u00e9s del 20 de marzo - Radio Infinita Goya\",\"isPartOf\":{\"@id\":\"https:\/\/radioinfinitagoya.com.ar\/v1\/#website\"},\"primaryImageOfPage\":{\"@id\":\"https:\/\/radioinfinitagoya.com.ar\/v1\/2026\/03\/17\/anses-el-bono-que-comenzara-a-pagarse-despues-del-20-de-marzo\/#primaryimage\"},\"image\":{\"@id\":\"https:\/\/radioinfinitagoya.com.ar\/v1\/2026\/03\/17\/anses-el-bono-que-comenzara-a-pagarse-despues-del-20-de-marzo\/#primaryimage\"},\"thumbnailUrl\":\"https:\/\/radioinfinitagoya.com.ar\/v1\/wp-content\/uploads\/2026\/03\/JaLBS7lG.jpg\",\"datePublished\":\"2026-03-17T19:39:14+00:00\",\"description\":\"El beneficio llega con un aumento del 2,9% y nuevos topes vinculados al Salario M\u00ednimo. Conoc\u00e9 el calendario de pagos y c\u00f3mo realizar el tr\u00e1mite para\",\"breadcrumb\":{\"@id\":\"https:\/\/radioinfinitagoya.com.ar\/v1\/2026\/03\/17\/anses-el-bono-que-comenzara-a-pagarse-despues-del-20-de-marzo\/#breadcrumb\"},\"inLanguage\":\"es-AR\",\"potentialAction\":[{\"@type\":\"ReadAction\",\"target\":[\"https:\/\/radioinfinitagoya.com.ar\/v1\/2026\/03\/17\/anses-el-bono-que-comenzara-a-pagarse-despues-del-20-de-marzo\/\"]}]},{\"@type\":\"ImageObject\",\"inLanguage\":\"es-AR\",\"@id\":\"https:\/\/radioinfinitagoya.com.ar\/v1\/2026\/03\/17\/anses-el-bono-que-comenzara-a-pagarse-despues-del-20-de-marzo\/#primaryimage\",\"url\":\"https:\/\/radioinfinitagoya.com.ar\/v1\/wp-content\/uploads\/2026\/03\/JaLBS7lG.jpg\",\"contentUrl\":\"https:\/\/radioinfinitagoya.com.ar\/v1\/wp-content\/uploads\/2026\/03\/JaLBS7lG.jpg\",\"width\":680,\"height\":383},{\"@type\":\"BreadcrumbList\",\"@id\":\"https:\/\/radioinfinitagoya.com.ar\/v1\/2026\/03\/17\/anses-el-bono-que-comenzara-a-pagarse-despues-del-20-de-marzo\/#breadcrumb\",\"itemListElement\":[{\"@type\":\"ListItem\",\"position\":1,\"name\":\"Inicio\",\"item\":\"https:\/\/radioinfinitagoya.com.ar\/v1\/\"},{\"@type\":\"ListItem\",\"position\":2,\"name\":\"ANSES: el bono que comenzar\u00e1 a pagarse despu\u00e9s del 20 de marzo\"}]},{\"@type\":\"WebSite\",\"@id\":\"https:\/\/radioinfinitagoya.com.ar\/v1\/#website\",\"url\":\"https:\/\/radioinfinitagoya.com.ar\/v1\/\",\"name\":\"radioinfinitagoya.com.ar\",\"description\":\"Radio de noticias\",\"publisher\":{\"@id\":\"https:\/\/radioinfinitagoya.com.ar\/v1\/#organization\"},\"potentialAction\":[{\"@type\":\"SearchAction\",\"target\":{\"@type\":\"EntryPoint\",\"urlTemplate\":\"https:\/\/radioinfinitagoya.com.ar\/v1\/?s={search_term_string}\"},\"query-input\":{\"@type\":\"PropertyValueSpecification\",\"valueRequired\":true,\"valueName\":\"search_term_string\"}}],\"inLanguage\":\"es-AR\"},{\"@type\":\"Organization\",\"@id\":\"https:\/\/radioinfinitagoya.com.ar\/v1\/#organization\",\"name\":\"Radio Infinita Goya\",\"url\":\"https:\/\/radioinfinitagoya.com.ar\/v1\/\",\"logo\":{\"@type\":\"ImageObject\",\"inLanguage\":\"es-AR\",\"@id\":\"https:\/\/radioinfinitagoya.com.ar\/v1\/#\/schema\/logo\/image\/\",\"url\":\"https:\/\/radioinfinitagoya.com.ar\/v1\/wp-content\/uploads\/2019\/11\/logo-pie-web.png\",\"contentUrl\":\"https:\/\/radioinfinitagoya.com.ar\/v1\/wp-content\/uploads\/2019\/11\/logo-pie-web.png\",\"width\":635,\"height\":326,\"caption\":\"Radio Infinita Goya\"},\"image\":{\"@id\":\"https:\/\/radioinfinitagoya.com.ar\/v1\/#\/schema\/logo\/image\/\"},\"sameAs\":[\"https:\/\/www.facebook.com\/p\/Infinita-Goya-100063870918311\/\"]},{\"@type\":\"Person\",\"@id\":\"https:\/\/radioinfinitagoya.com.ar\/v1\/#\/schema\/person\/d4cf9c413d4f6edb24aabdccab49ca4a\",\"name\":\"Jorge Mi\u00f1o\",\"image\":{\"@type\":\"ImageObject\",\"inLanguage\":\"es-AR\",\"@id\":\"https:\/\/secure.gravatar.com\/avatar\/910fcf6728fe95320e07a6643c1581fec1c7fc4bf8ae12e3d8f0d0373dc844be?s=96&d=mm&r=g\",\"url\":\"https:\/\/secure.gravatar.com\/avatar\/910fcf6728fe95320e07a6643c1581fec1c7fc4bf8ae12e3d8f0d0373dc844be?s=96&d=mm&r=g\",\"contentUrl\":\"https:\/\/secure.gravatar.com\/avatar\/910fcf6728fe95320e07a6643c1581fec1c7fc4bf8ae12e3d8f0d0373dc844be?s=96&d=mm&r=g\",\"caption\":\"Jorge Mi\u00f1o\"},\"sameAs\":[\"http:\/\/radioinfinitagoya.com.ar\"]}]}<\/script>\n<!-- \/ Yoast SEO plugin. -->","yoast_head_json":{"title":"ANSES: el bono que comenzar\u00e1 a pagarse despu\u00e9s del 20 de marzo - Radio Infinita Goya","description":"El beneficio llega con un aumento del 2,9% y nuevos topes vinculados al Salario M\u00ednimo. Conoc\u00e9 el calendario de pagos y c\u00f3mo realizar el tr\u00e1mite para","robots":{"index":"index","follow":"follow","max-snippet":"max-snippet:-1","max-image-preview":"max-image-preview:large","max-video-preview":"max-video-preview:-1"},"canonical":"https:\/\/radioinfinitagoya.com.ar\/v1\/2026\/03\/17\/anses-el-bono-que-comenzara-a-pagarse-despues-del-20-de-marzo\/","og_locale":"es_ES","og_type":"article","og_title":"ANSES: el bono que comenzar\u00e1 a pagarse despu\u00e9s del 20 de marzo - Radio Infinita Goya","og_description":"El beneficio llega con un aumento del 2,9% y nuevos topes vinculados al Salario M\u00ednimo. Conoc\u00e9 el calendario de pagos y c\u00f3mo realizar el tr\u00e1mite para","og_url":"https:\/\/radioinfinitagoya.com.ar\/v1\/2026\/03\/17\/anses-el-bono-que-comenzara-a-pagarse-despues-del-20-de-marzo\/","og_site_name":"Radio Infinita Goya","article_publisher":"https:\/\/www.facebook.com\/p\/Infinita-Goya-100063870918311\/","article_published_time":"2026-03-17T19:39:14+00:00","og_image":[{"width":680,"height":383,"url":"https:\/\/radioinfinitagoya.com.ar\/v1\/wp-content\/uploads\/2026\/03\/JaLBS7lG.jpg","type":"image\/jpeg"}],"author":"Jorge Mi\u00f1o","twitter_card":"summary_large_image","twitter_misc":{"Escrito por":"Jorge Mi\u00f1o","Tiempo de lectura":"2 minutos"},"schema":{"@context":"https:\/\/schema.org","@graph":[{"@type":"Article","@id":"https:\/\/radioinfinitagoya.com.ar\/v1\/2026\/03\/17\/anses-el-bono-que-comenzara-a-pagarse-despues-del-20-de-marzo\/#article","isPartOf":{"@id":"https:\/\/radioinfinitagoya.com.ar\/v1\/2026\/03\/17\/anses-el-bono-que-comenzara-a-pagarse-despues-del-20-de-marzo\/"},"author":{"name":"Jorge Mi\u00f1o","@id":"https:\/\/radioinfinitagoya.com.ar\/v1\/#\/schema\/person\/d4cf9c413d4f6edb24aabdccab49ca4a"},"headline":"ANSES: el bono que comenzar\u00e1 a pagarse despu\u00e9s del 20 de marzo","datePublished":"2026-03-17T19:39:14+00:00","mainEntityOfPage":{"@id":"https:\/\/radioinfinitagoya.com.ar\/v1\/2026\/03\/17\/anses-el-bono-que-comenzara-a-pagarse-despues-del-20-de-marzo\/"},"wordCount":377,"commentCount":0,"publisher":{"@id":"https:\/\/radioinfinitagoya.com.ar\/v1\/#organization"},"image":{"@id":"https:\/\/radioinfinitagoya.com.ar\/v1\/2026\/03\/17\/anses-el-bono-que-comenzara-a-pagarse-despues-del-20-de-marzo\/#primaryimage"},"thumbnailUrl":"https:\/\/radioinfinitagoya.com.ar\/v1\/wp-content\/uploads\/2026\/03\/JaLBS7lG.jpg","articleSection":["NACIONALES"],"inLanguage":"es-AR","potentialAction":[{"@type":"CommentAction","name":"Comment","target":["https:\/\/radioinfinitagoya.com.ar\/v1\/2026\/03\/17\/anses-el-bono-que-comenzara-a-pagarse-despues-del-20-de-marzo\/#respond"]}]},{"@type":"WebPage","@id":"https:\/\/radioinfinitagoya.com.ar\/v1\/2026\/03\/17\/anses-el-bono-que-comenzara-a-pagarse-despues-del-20-de-marzo\/","url":"https:\/\/radioinfinitagoya.com.ar\/v1\/2026\/03\/17\/anses-el-bono-que-comenzara-a-pagarse-despues-del-20-de-marzo\/","name":"ANSES: el bono que comenzar\u00e1 a pagarse despu\u00e9s del 20 de marzo - Radio Infinita Goya","isPartOf":{"@id":"https:\/\/radioinfinitagoya.com.ar\/v1\/#website"},"primaryImageOfPage":{"@id":"https:\/\/radioinfinitagoya.com.ar\/v1\/2026\/03\/17\/anses-el-bono-que-comenzara-a-pagarse-despues-del-20-de-marzo\/#primaryimage"},"image":{"@id":"https:\/\/radioinfinitagoya.com.ar\/v1\/2026\/03\/17\/anses-el-bono-que-comenzara-a-pagarse-despues-del-20-de-marzo\/#primaryimage"},"thumbnailUrl":"https:\/\/radioinfinitagoya.com.ar\/v1\/wp-content\/uploads\/2026\/03\/JaLBS7lG.jpg","datePublished":"2026-03-17T19:39:14+00:00","description":"El beneficio llega con un aumento del 2,9% y nuevos topes vinculados al Salario M\u00ednimo. Conoc\u00e9 el calendario de pagos y c\u00f3mo realizar el tr\u00e1mite para","breadcrumb":{"@id":"https:\/\/radioinfinitagoya.com.ar\/v1\/2026\/03\/17\/anses-el-bono-que-comenzara-a-pagarse-despues-del-20-de-marzo\/#breadcrumb"},"inLanguage":"es-AR","potentialAction":[{"@type":"ReadAction","target":["https:\/\/radioinfinitagoya.com.ar\/v1\/2026\/03\/17\/anses-el-bono-que-comenzara-a-pagarse-despues-del-20-de-marzo\/"]}]},{"@type":"ImageObject","inLanguage":"es-AR","@id":"https:\/\/radioinfinitagoya.com.ar\/v1\/2026\/03\/17\/anses-el-bono-que-comenzara-a-pagarse-despues-del-20-de-marzo\/#primaryimage","url":"https:\/\/radioinfinitagoya.com.ar\/v1\/wp-content\/uploads\/2026\/03\/JaLBS7lG.jpg","contentUrl":"https:\/\/radioinfinitagoya.com.ar\/v1\/wp-content\/uploads\/2026\/03\/JaLBS7lG.jpg","width":680,"height":383},{"@type":"BreadcrumbList","@id":"https:\/\/radioinfinitagoya.com.ar\/v1\/2026\/03\/17\/anses-el-bono-que-comenzara-a-pagarse-despues-del-20-de-marzo\/#breadcrumb","itemListElement":[{"@type":"ListItem","position":1,"name":"Inicio","item":"https:\/\/radioinfinitagoya.com.ar\/v1\/"},{"@type":"ListItem","position":2,"name":"ANSES: el bono que comenzar\u00e1 a pagarse despu\u00e9s del 20 de marzo"}]},{"@type":"WebSite","@id":"https:\/\/radioinfinitagoya.com.ar\/v1\/#website","url":"https:\/\/radioinfinitagoya.com.ar\/v1\/","name":"radioinfinitagoya.com.ar","description":"Radio de noticias","publisher":{"@id":"https:\/\/radioinfinitagoya.com.ar\/v1\/#organization"},"potentialAction":[{"@type":"SearchAction","target":{"@type":"EntryPoint","urlTemplate":"https:\/\/radioinfinitagoya.com.ar\/v1\/?s={search_term_string}"},"query-input":{"@type":"PropertyValueSpecification","valueRequired":true,"valueName":"search_term_string"}}],"inLanguage":"es-AR"},{"@type":"Organization","@id":"https:\/\/radioinfinitagoya.com.ar\/v1\/#organization","name":"Radio Infinita Goya","url":"https:\/\/radioinfinitagoya.com.ar\/v1\/","logo":{"@type":"ImageObject","inLanguage":"es-AR","@id":"https:\/\/radioinfinitagoya.com.ar\/v1\/#\/schema\/logo\/image\/","url":"https:\/\/radioinfinitagoya.com.ar\/v1\/wp-content\/uploads\/2019\/11\/logo-pie-web.png","contentUrl":"https:\/\/radioinfinitagoya.com.ar\/v1\/wp-content\/uploads\/2019\/11\/logo-pie-web.png","width":635,"height":326,"caption":"Radio Infinita Goya"},"image":{"@id":"https:\/\/radioinfinitagoya.com.ar\/v1\/#\/schema\/logo\/image\/"},"sameAs":["https:\/\/www.facebook.com\/p\/Infinita-Goya-100063870918311\/"]},{"@type":"Person","@id":"https:\/\/radioinfinitagoya.com.ar\/v1\/#\/schema\/person\/d4cf9c413d4f6edb24aabdccab49ca4a","name":"Jorge Mi\u00f1o","image":{"@type":"ImageObject","inLanguage":"es-AR","@id":"https:\/\/secure.gravatar.com\/avatar\/910fcf6728fe95320e07a6643c1581fec1c7fc4bf8ae12e3d8f0d0373dc844be?s=96&d=mm&r=g","url":"https:\/\/secure.gravatar.com\/avatar\/910fcf6728fe95320e07a6643c1581fec1c7fc4bf8ae12e3d8f0d0373dc844be?s=96&d=mm&r=g","contentUrl":"https:\/\/secure.gravatar.com\/avatar\/910fcf6728fe95320e07a6643c1581fec1c7fc4bf8ae12e3d8f0d0373dc844be?s=96&d=mm&r=g","caption":"Jorge Mi\u00f1o"},"sameAs":["http:\/\/radioinfinitagoya.com.ar"]}]}},"_links":{"self":[{"href":"https:\/\/radioinfinitagoya.com.ar\/v1\/wp-json\/wp\/v2\/posts\/210399","targetHints":{"allow":["GET"]}}],"collection":[{"href":"https:\/\/radioinfinitagoya.com.ar\/v1\/wp-json\/wp\/v2\/posts"}],"about":[{"href":"https:\/\/radioinfinitagoya.com.ar\/v1\/wp-json\/wp\/v2\/types\/post"}],"author":[{"embeddable":true,"href":"https:\/\/radioinfinitagoya.com.ar\/v1\/wp-json\/wp\/v2\/users\/4"}],"replies":[{"embeddable":true,"href":"https:\/\/radioinfinitagoya.com.ar\/v1\/wp-json\/wp\/v2\/comments?post=210399"}],"version-history":[{"count":0,"href":"https:\/\/radioinfinitagoya.com.ar\/v1\/wp-json\/wp\/v2\/posts\/210399\/revisions"}],"wp:featuredmedia":[{"embeddable":true,"href":"https:\/\/radioinfinitagoya.com.ar\/v1\/wp-json\/wp\/v2\/media\/210400"}],"wp:attachment":[{"href":"https:\/\/radioinfinitagoya.com.ar\/v1\/wp-json\/wp\/v2\/media?parent=210399"}],"wp:term":[{"taxonomy":"category","embeddable":true,"href":"https:\/\/radioinfinitagoya.com.ar\/v1\/wp-json\/wp\/v2\/categories?post=210399"},{"taxonomy":"post_tag","embeddable":true,"href":"https:\/\/radioinfinitagoya.com.ar\/v1\/wp-json\/wp\/v2\/tags?post=210399"}],"curies":[{"name":"wp","href":"https:\/\/api.w.org\/{rel}","templated":true}]}}