{"id":210402,"date":"2026-03-17T16:42:17","date_gmt":"2026-03-17T19:42:17","guid":{"rendered":"https:\/\/radioinfinitagoya.com.ar\/v1\/?p=210402"},"modified":"2026-03-17T16:42:17","modified_gmt":"2026-03-17T19:42:17","slug":"corrientes-busca-abrir-el-mercado-de-estados-unidos-para-naranjas-y-mandarinas","status":"publish","type":"post","link":"https:\/\/radioinfinitagoya.com.ar\/v1\/2026\/03\/17\/corrientes-busca-abrir-el-mercado-de-estados-unidos-para-naranjas-y-mandarinas\/","title":{"rendered":"Corrientes busca abrir el mercado de Estados Unidos para naranjas y mandarinas"},"content":{"rendered":"<p>El Gobierno provincial formaliz\u00f3 un convenio de cooperaci\u00f3n con el objetivo de habilitar el ingreso de la producci\u00f3n citr\u00edcola del NEA al mercado estadounidense.<\/p>\n<p>En un paso estrat\u00e9gico para la econom\u00eda regional, el ministro de Producci\u00f3n de Corrientes, Walter Chavez, y el intendente de Monte Caseros, Juan Carlos \u00c1lvarez, encabezaron la firma de un acuerdo destinado a destrabar las exportaciones de c\u00edtricos dulces hacia Estados Unidos. La actividad, realizada en el Sal\u00f3n Dorado municipal, reuni\u00f3 a referentes de FEDERCITRUS y FUNDANEA.<\/p>\n<p>El convenio establece un marco de trabajo conjunto entre el Estado provincial y la Fundaci\u00f3n Regional de Sanidad y Calidad Citr\u00edcola del Nordeste Argentino para cumplimentar las exigencias internacionales. La provincia acompa\u00f1a este proceso con una inversi\u00f3n de 70 millones de pesos provenientes del Fondo de Desarrollo Rural, reafirmando el respaldo oficial a las gestiones fitosanitarias.<\/p>\n<p>El potencial exportador de Corrientes<br \/>\nLa provincia se consolida como uno de los principales polos productivos del pa\u00eds, con cifras que respaldan la necesidad de abrir nuevos mercados externos. Seg\u00fan detall\u00f3 el director de Producci\u00f3n Vegetal, Jos\u00e9 Mollevi, la realidad del sector indica:<\/p>\n<p>Superficie: m\u00e1s de 27 mil hect\u00e1reas implantadas con c\u00edtricos dulces.<\/p>\n<p>Producci\u00f3n de naranja: aproximadamente 375 mil toneladas anuales.<\/p>\n<p>Producci\u00f3n de mandarina: cerca de 200 mil toneladas por a\u00f1o.<\/p>\n<p>&#8220;La citricultura es uno de los pilares de la producci\u00f3n correntina. El acceso al mercado estadounidense significar\u00eda un salto muy importante para toda la cadena citr\u00edcola del NEA\u201d, enfatiz\u00f3 el ministro Chavez durante el encuentro.<\/p>\n<p>Auditor\u00edas y requisitos sanitarios<\/p>\n<p>Un punto fundamental en las gestiones es el avance t\u00e9cnico logrado ante las autoridades sanitarias de EE.UU. Se record\u00f3 que en 2019 se culmin\u00f3 exitosamente la etapa de auditor\u00eda, requisito indispensable para avanzar con el an\u00e1lisis de riesgo de plagas.<\/p>\n<p>Este antecedente posiciona favorablemente a la citricultura correntina para la fase final de las negociaciones bilaterales.<\/p>\n<p>El trabajo articulado entre el municipio de Monte Caseros, el sector productivo y el Gobierno de la provincia busca no solo generar divisas, sino potenciar la competitividad de una industria que es motor de empleo y desarrollo para el sur de la provincia y toda la regi\u00f3n del Nordeste Argentino.<\/p>\n","protected":false},"excerpt":{"rendered":"<p>El Gobierno provincial formaliz\u00f3 un convenio de cooperaci\u00f3n con el objetivo de habilitar el ingreso de la producci\u00f3n citr\u00edcola del NEA al mercado estadounidense. En un paso estrat\u00e9gico para la econom\u00eda regional, el ministro de Producci\u00f3n de Corrientes, Walter Chavez, y el intendente de Monte Caseros, Juan Carlos \u00c1lvarez, encabezaron la firma de un acuerdo [&hellip;]<\/p>\n","protected":false},"author":4,"featured_media":210403,"comment_status":"open","ping_status":"open","sticky":false,"template":"","format":"standard","meta":{"_joinchat":[],"footnotes":""},"categories":[31],"tags":[],"class_list":{"0":"post-210402","1":"post","2":"type-post","3":"status-publish","4":"format-standard","5":"has-post-thumbnail","7":"category-informacion-general"},"yoast_head":"<!-- This site is optimized with the Yoast SEO plugin v27.2 - https:\/\/yoast.com\/product\/yoast-seo-wordpress\/ -->\n<title>Corrientes busca abrir el mercado de Estados Unidos para naranjas y mandarinas - Radio Infinita Goya<\/title>\n<meta name=\"description\" content=\"El Gobierno provincial formaliz\u00f3 un convenio de cooperaci\u00f3n con el objetivo de habilitar el ingreso de la producci\u00f3n citr\u00edcola del NEA al mercado\" \/>\n<meta name=\"robots\" content=\"index, follow, max-snippet:-1, max-image-preview:large, max-video-preview:-1\" \/>\n<link rel=\"canonical\" href=\"https:\/\/radioinfinitagoya.com.ar\/v1\/2026\/03\/17\/corrientes-busca-abrir-el-mercado-de-estados-unidos-para-naranjas-y-mandarinas\/\" \/>\n<meta property=\"og:locale\" content=\"es_ES\" \/>\n<meta property=\"og:type\" content=\"article\" \/>\n<meta property=\"og:title\" content=\"Corrientes busca abrir el mercado de Estados Unidos para naranjas y mandarinas - Radio Infinita Goya\" \/>\n<meta property=\"og:description\" content=\"El Gobierno provincial formaliz\u00f3 un convenio de cooperaci\u00f3n con el objetivo de habilitar el ingreso de la producci\u00f3n citr\u00edcola del NEA al mercado\" \/>\n<meta property=\"og:url\" content=\"https:\/\/radioinfinitagoya.com.ar\/v1\/2026\/03\/17\/corrientes-busca-abrir-el-mercado-de-estados-unidos-para-naranjas-y-mandarinas\/\" \/>\n<meta property=\"og:site_name\" content=\"Radio Infinita Goya\" \/>\n<meta property=\"article:publisher\" content=\"https:\/\/www.facebook.com\/p\/Infinita-Goya-100063870918311\/\" \/>\n<meta property=\"article:published_time\" content=\"2026-03-17T19:42:17+00:00\" \/>\n<meta property=\"og:image\" content=\"https:\/\/radioinfinitagoya.com.ar\/v1\/wp-content\/uploads\/2026\/03\/1773776135436.webp\" \/>\n\t<meta property=\"og:image:width\" content=\"1200\" \/>\n\t<meta property=\"og:image:height\" content=\"675\" \/>\n\t<meta property=\"og:image:type\" content=\"image\/webp\" \/>\n<meta name=\"author\" content=\"Jorge Mi\u00f1o\" \/>\n<meta name=\"twitter:card\" content=\"summary_large_image\" \/>\n<meta name=\"twitter:label1\" content=\"Escrito por\" \/>\n\t<meta name=\"twitter:data1\" content=\"Jorge Mi\u00f1o\" \/>\n\t<meta name=\"twitter:label2\" content=\"Tiempo de lectura\" \/>\n\t<meta name=\"twitter:data2\" content=\"2 minutos\" \/>\n<script type=\"application\/ld+json\" class=\"yoast-schema-graph\">{\"@context\":\"https:\/\/schema.org\",\"@graph\":[{\"@type\":\"Article\",\"@id\":\"https:\/\/radioinfinitagoya.com.ar\/v1\/2026\/03\/17\/corrientes-busca-abrir-el-mercado-de-estados-unidos-para-naranjas-y-mandarinas\/#article\",\"isPartOf\":{\"@id\":\"https:\/\/radioinfinitagoya.com.ar\/v1\/2026\/03\/17\/corrientes-busca-abrir-el-mercado-de-estados-unidos-para-naranjas-y-mandarinas\/\"},\"author\":{\"name\":\"Jorge Mi\u00f1o\",\"@id\":\"https:\/\/radioinfinitagoya.com.ar\/v1\/#\/schema\/person\/d4cf9c413d4f6edb24aabdccab49ca4a\"},\"headline\":\"Corrientes busca abrir el mercado de Estados Unidos para naranjas y mandarinas\",\"datePublished\":\"2026-03-17T19:42:17+00:00\",\"mainEntityOfPage\":{\"@id\":\"https:\/\/radioinfinitagoya.com.ar\/v1\/2026\/03\/17\/corrientes-busca-abrir-el-mercado-de-estados-unidos-para-naranjas-y-mandarinas\/\"},\"wordCount\":390,\"commentCount\":0,\"publisher\":{\"@id\":\"https:\/\/radioinfinitagoya.com.ar\/v1\/#organization\"},\"image\":{\"@id\":\"https:\/\/radioinfinitagoya.com.ar\/v1\/2026\/03\/17\/corrientes-busca-abrir-el-mercado-de-estados-unidos-para-naranjas-y-mandarinas\/#primaryimage\"},\"thumbnailUrl\":\"https:\/\/radioinfinitagoya.com.ar\/v1\/wp-content\/uploads\/2026\/03\/1773776135436.webp\",\"articleSection\":[\"INFORMACI\u00d3N GENERAL\"],\"inLanguage\":\"es-AR\",\"potentialAction\":[{\"@type\":\"CommentAction\",\"name\":\"Comment\",\"target\":[\"https:\/\/radioinfinitagoya.com.ar\/v1\/2026\/03\/17\/corrientes-busca-abrir-el-mercado-de-estados-unidos-para-naranjas-y-mandarinas\/#respond\"]}]},{\"@type\":\"WebPage\",\"@id\":\"https:\/\/radioinfinitagoya.com.ar\/v1\/2026\/03\/17\/corrientes-busca-abrir-el-mercado-de-estados-unidos-para-naranjas-y-mandarinas\/\",\"url\":\"https:\/\/radioinfinitagoya.com.ar\/v1\/2026\/03\/17\/corrientes-busca-abrir-el-mercado-de-estados-unidos-para-naranjas-y-mandarinas\/\",\"name\":\"Corrientes busca abrir el mercado de Estados Unidos para naranjas y mandarinas - Radio Infinita Goya\",\"isPartOf\":{\"@id\":\"https:\/\/radioinfinitagoya.com.ar\/v1\/#website\"},\"primaryImageOfPage\":{\"@id\":\"https:\/\/radioinfinitagoya.com.ar\/v1\/2026\/03\/17\/corrientes-busca-abrir-el-mercado-de-estados-unidos-para-naranjas-y-mandarinas\/#primaryimage\"},\"image\":{\"@id\":\"https:\/\/radioinfinitagoya.com.ar\/v1\/2026\/03\/17\/corrientes-busca-abrir-el-mercado-de-estados-unidos-para-naranjas-y-mandarinas\/#primaryimage\"},\"thumbnailUrl\":\"https:\/\/radioinfinitagoya.com.ar\/v1\/wp-content\/uploads\/2026\/03\/1773776135436.webp\",\"datePublished\":\"2026-03-17T19:42:17+00:00\",\"description\":\"El Gobierno provincial formaliz\u00f3 un convenio de cooperaci\u00f3n con el objetivo de habilitar el ingreso de la producci\u00f3n citr\u00edcola del NEA al mercado\",\"breadcrumb\":{\"@id\":\"https:\/\/radioinfinitagoya.com.ar\/v1\/2026\/03\/17\/corrientes-busca-abrir-el-mercado-de-estados-unidos-para-naranjas-y-mandarinas\/#breadcrumb\"},\"inLanguage\":\"es-AR\",\"potentialAction\":[{\"@type\":\"ReadAction\",\"target\":[\"https:\/\/radioinfinitagoya.com.ar\/v1\/2026\/03\/17\/corrientes-busca-abrir-el-mercado-de-estados-unidos-para-naranjas-y-mandarinas\/\"]}]},{\"@type\":\"ImageObject\",\"inLanguage\":\"es-AR\",\"@id\":\"https:\/\/radioinfinitagoya.com.ar\/v1\/2026\/03\/17\/corrientes-busca-abrir-el-mercado-de-estados-unidos-para-naranjas-y-mandarinas\/#primaryimage\",\"url\":\"https:\/\/radioinfinitagoya.com.ar\/v1\/wp-content\/uploads\/2026\/03\/1773776135436.webp\",\"contentUrl\":\"https:\/\/radioinfinitagoya.com.ar\/v1\/wp-content\/uploads\/2026\/03\/1773776135436.webp\",\"width\":1200,\"height\":675},{\"@type\":\"BreadcrumbList\",\"@id\":\"https:\/\/radioinfinitagoya.com.ar\/v1\/2026\/03\/17\/corrientes-busca-abrir-el-mercado-de-estados-unidos-para-naranjas-y-mandarinas\/#breadcrumb\",\"itemListElement\":[{\"@type\":\"ListItem\",\"position\":1,\"name\":\"Inicio\",\"item\":\"https:\/\/radioinfinitagoya.com.ar\/v1\/\"},{\"@type\":\"ListItem\",\"position\":2,\"name\":\"Corrientes busca abrir el mercado de Estados Unidos para naranjas y mandarinas\"}]},{\"@type\":\"WebSite\",\"@id\":\"https:\/\/radioinfinitagoya.com.ar\/v1\/#website\",\"url\":\"https:\/\/radioinfinitagoya.com.ar\/v1\/\",\"name\":\"radioinfinitagoya.com.ar\",\"description\":\"Radio de noticias\",\"publisher\":{\"@id\":\"https:\/\/radioinfinitagoya.com.ar\/v1\/#organization\"},\"potentialAction\":[{\"@type\":\"SearchAction\",\"target\":{\"@type\":\"EntryPoint\",\"urlTemplate\":\"https:\/\/radioinfinitagoya.com.ar\/v1\/?s={search_term_string}\"},\"query-input\":{\"@type\":\"PropertyValueSpecification\",\"valueRequired\":true,\"valueName\":\"search_term_string\"}}],\"inLanguage\":\"es-AR\"},{\"@type\":\"Organization\",\"@id\":\"https:\/\/radioinfinitagoya.com.ar\/v1\/#organization\",\"name\":\"Radio Infinita Goya\",\"url\":\"https:\/\/radioinfinitagoya.com.ar\/v1\/\",\"logo\":{\"@type\":\"ImageObject\",\"inLanguage\":\"es-AR\",\"@id\":\"https:\/\/radioinfinitagoya.com.ar\/v1\/#\/schema\/logo\/image\/\",\"url\":\"https:\/\/radioinfinitagoya.com.ar\/v1\/wp-content\/uploads\/2019\/11\/logo-pie-web.png\",\"contentUrl\":\"https:\/\/radioinfinitagoya.com.ar\/v1\/wp-content\/uploads\/2019\/11\/logo-pie-web.png\",\"width\":635,\"height\":326,\"caption\":\"Radio Infinita Goya\"},\"image\":{\"@id\":\"https:\/\/radioinfinitagoya.com.ar\/v1\/#\/schema\/logo\/image\/\"},\"sameAs\":[\"https:\/\/www.facebook.com\/p\/Infinita-Goya-100063870918311\/\"]},{\"@type\":\"Person\",\"@id\":\"https:\/\/radioinfinitagoya.com.ar\/v1\/#\/schema\/person\/d4cf9c413d4f6edb24aabdccab49ca4a\",\"name\":\"Jorge Mi\u00f1o\",\"image\":{\"@type\":\"ImageObject\",\"inLanguage\":\"es-AR\",\"@id\":\"https:\/\/secure.gravatar.com\/avatar\/910fcf6728fe95320e07a6643c1581fec1c7fc4bf8ae12e3d8f0d0373dc844be?s=96&d=mm&r=g\",\"url\":\"https:\/\/secure.gravatar.com\/avatar\/910fcf6728fe95320e07a6643c1581fec1c7fc4bf8ae12e3d8f0d0373dc844be?s=96&d=mm&r=g\",\"contentUrl\":\"https:\/\/secure.gravatar.com\/avatar\/910fcf6728fe95320e07a6643c1581fec1c7fc4bf8ae12e3d8f0d0373dc844be?s=96&d=mm&r=g\",\"caption\":\"Jorge Mi\u00f1o\"},\"sameAs\":[\"http:\/\/radioinfinitagoya.com.ar\"]}]}<\/script>\n<!-- \/ Yoast SEO plugin. -->","yoast_head_json":{"title":"Corrientes busca abrir el mercado de Estados Unidos para naranjas y mandarinas - Radio Infinita Goya","description":"El Gobierno provincial formaliz\u00f3 un convenio de cooperaci\u00f3n con el objetivo de habilitar el ingreso de la producci\u00f3n citr\u00edcola del NEA al mercado","robots":{"index":"index","follow":"follow","max-snippet":"max-snippet:-1","max-image-preview":"max-image-preview:large","max-video-preview":"max-video-preview:-1"},"canonical":"https:\/\/radioinfinitagoya.com.ar\/v1\/2026\/03\/17\/corrientes-busca-abrir-el-mercado-de-estados-unidos-para-naranjas-y-mandarinas\/","og_locale":"es_ES","og_type":"article","og_title":"Corrientes busca abrir el mercado de Estados Unidos para naranjas y mandarinas - Radio Infinita Goya","og_description":"El Gobierno provincial formaliz\u00f3 un convenio de cooperaci\u00f3n con el objetivo de habilitar el ingreso de la producci\u00f3n citr\u00edcola del NEA al mercado","og_url":"https:\/\/radioinfinitagoya.com.ar\/v1\/2026\/03\/17\/corrientes-busca-abrir-el-mercado-de-estados-unidos-para-naranjas-y-mandarinas\/","og_site_name":"Radio Infinita Goya","article_publisher":"https:\/\/www.facebook.com\/p\/Infinita-Goya-100063870918311\/","article_published_time":"2026-03-17T19:42:17+00:00","og_image":[{"width":1200,"height":675,"url":"https:\/\/radioinfinitagoya.com.ar\/v1\/wp-content\/uploads\/2026\/03\/1773776135436.webp","type":"image\/webp"}],"author":"Jorge Mi\u00f1o","twitter_card":"summary_large_image","twitter_misc":{"Escrito por":"Jorge Mi\u00f1o","Tiempo de lectura":"2 minutos"},"schema":{"@context":"https:\/\/schema.org","@graph":[{"@type":"Article","@id":"https:\/\/radioinfinitagoya.com.ar\/v1\/2026\/03\/17\/corrientes-busca-abrir-el-mercado-de-estados-unidos-para-naranjas-y-mandarinas\/#article","isPartOf":{"@id":"https:\/\/radioinfinitagoya.com.ar\/v1\/2026\/03\/17\/corrientes-busca-abrir-el-mercado-de-estados-unidos-para-naranjas-y-mandarinas\/"},"author":{"name":"Jorge Mi\u00f1o","@id":"https:\/\/radioinfinitagoya.com.ar\/v1\/#\/schema\/person\/d4cf9c413d4f6edb24aabdccab49ca4a"},"headline":"Corrientes busca abrir el mercado de Estados Unidos para naranjas y mandarinas","datePublished":"2026-03-17T19:42:17+00:00","mainEntityOfPage":{"@id":"https:\/\/radioinfinitagoya.com.ar\/v1\/2026\/03\/17\/corrientes-busca-abrir-el-mercado-de-estados-unidos-para-naranjas-y-mandarinas\/"},"wordCount":390,"commentCount":0,"publisher":{"@id":"https:\/\/radioinfinitagoya.com.ar\/v1\/#organization"},"image":{"@id":"https:\/\/radioinfinitagoya.com.ar\/v1\/2026\/03\/17\/corrientes-busca-abrir-el-mercado-de-estados-unidos-para-naranjas-y-mandarinas\/#primaryimage"},"thumbnailUrl":"https:\/\/radioinfinitagoya.com.ar\/v1\/wp-content\/uploads\/2026\/03\/1773776135436.webp","articleSection":["INFORMACI\u00d3N GENERAL"],"inLanguage":"es-AR","potentialAction":[{"@type":"CommentAction","name":"Comment","target":["https:\/\/radioinfinitagoya.com.ar\/v1\/2026\/03\/17\/corrientes-busca-abrir-el-mercado-de-estados-unidos-para-naranjas-y-mandarinas\/#respond"]}]},{"@type":"WebPage","@id":"https:\/\/radioinfinitagoya.com.ar\/v1\/2026\/03\/17\/corrientes-busca-abrir-el-mercado-de-estados-unidos-para-naranjas-y-mandarinas\/","url":"https:\/\/radioinfinitagoya.com.ar\/v1\/2026\/03\/17\/corrientes-busca-abrir-el-mercado-de-estados-unidos-para-naranjas-y-mandarinas\/","name":"Corrientes busca abrir el mercado de Estados Unidos para naranjas y mandarinas - Radio Infinita Goya","isPartOf":{"@id":"https:\/\/radioinfinitagoya.com.ar\/v1\/#website"},"primaryImageOfPage":{"@id":"https:\/\/radioinfinitagoya.com.ar\/v1\/2026\/03\/17\/corrientes-busca-abrir-el-mercado-de-estados-unidos-para-naranjas-y-mandarinas\/#primaryimage"},"image":{"@id":"https:\/\/radioinfinitagoya.com.ar\/v1\/2026\/03\/17\/corrientes-busca-abrir-el-mercado-de-estados-unidos-para-naranjas-y-mandarinas\/#primaryimage"},"thumbnailUrl":"https:\/\/radioinfinitagoya.com.ar\/v1\/wp-content\/uploads\/2026\/03\/1773776135436.webp","datePublished":"2026-03-17T19:42:17+00:00","description":"El Gobierno provincial formaliz\u00f3 un convenio de cooperaci\u00f3n con el objetivo de habilitar el ingreso de la producci\u00f3n citr\u00edcola del NEA al mercado","breadcrumb":{"@id":"https:\/\/radioinfinitagoya.com.ar\/v1\/2026\/03\/17\/corrientes-busca-abrir-el-mercado-de-estados-unidos-para-naranjas-y-mandarinas\/#breadcrumb"},"inLanguage":"es-AR","potentialAction":[{"@type":"ReadAction","target":["https:\/\/radioinfinitagoya.com.ar\/v1\/2026\/03\/17\/corrientes-busca-abrir-el-mercado-de-estados-unidos-para-naranjas-y-mandarinas\/"]}]},{"@type":"ImageObject","inLanguage":"es-AR","@id":"https:\/\/radioinfinitagoya.com.ar\/v1\/2026\/03\/17\/corrientes-busca-abrir-el-mercado-de-estados-unidos-para-naranjas-y-mandarinas\/#primaryimage","url":"https:\/\/radioinfinitagoya.com.ar\/v1\/wp-content\/uploads\/2026\/03\/1773776135436.webp","contentUrl":"https:\/\/radioinfinitagoya.com.ar\/v1\/wp-content\/uploads\/2026\/03\/1773776135436.webp","width":1200,"height":675},{"@type":"BreadcrumbList","@id":"https:\/\/radioinfinitagoya.com.ar\/v1\/2026\/03\/17\/corrientes-busca-abrir-el-mercado-de-estados-unidos-para-naranjas-y-mandarinas\/#breadcrumb","itemListElement":[{"@type":"ListItem","position":1,"name":"Inicio","item":"https:\/\/radioinfinitagoya.com.ar\/v1\/"},{"@type":"ListItem","position":2,"name":"Corrientes busca abrir el mercado de Estados Unidos para naranjas y mandarinas"}]},{"@type":"WebSite","@id":"https:\/\/radioinfinitagoya.com.ar\/v1\/#website","url":"https:\/\/radioinfinitagoya.com.ar\/v1\/","name":"radioinfinitagoya.com.ar","description":"Radio de noticias","publisher":{"@id":"https:\/\/radioinfinitagoya.com.ar\/v1\/#organization"},"potentialAction":[{"@type":"SearchAction","target":{"@type":"EntryPoint","urlTemplate":"https:\/\/radioinfinitagoya.com.ar\/v1\/?s={search_term_string}"},"query-input":{"@type":"PropertyValueSpecification","valueRequired":true,"valueName":"search_term_string"}}],"inLanguage":"es-AR"},{"@type":"Organization","@id":"https:\/\/radioinfinitagoya.com.ar\/v1\/#organization","name":"Radio Infinita Goya","url":"https:\/\/radioinfinitagoya.com.ar\/v1\/","logo":{"@type":"ImageObject","inLanguage":"es-AR","@id":"https:\/\/radioinfinitagoya.com.ar\/v1\/#\/schema\/logo\/image\/","url":"https:\/\/radioinfinitagoya.com.ar\/v1\/wp-content\/uploads\/2019\/11\/logo-pie-web.png","contentUrl":"https:\/\/radioinfinitagoya.com.ar\/v1\/wp-content\/uploads\/2019\/11\/logo-pie-web.png","width":635,"height":326,"caption":"Radio Infinita Goya"},"image":{"@id":"https:\/\/radioinfinitagoya.com.ar\/v1\/#\/schema\/logo\/image\/"},"sameAs":["https:\/\/www.facebook.com\/p\/Infinita-Goya-100063870918311\/"]},{"@type":"Person","@id":"https:\/\/radioinfinitagoya.com.ar\/v1\/#\/schema\/person\/d4cf9c413d4f6edb24aabdccab49ca4a","name":"Jorge Mi\u00f1o","image":{"@type":"ImageObject","inLanguage":"es-AR","@id":"https:\/\/secure.gravatar.com\/avatar\/910fcf6728fe95320e07a6643c1581fec1c7fc4bf8ae12e3d8f0d0373dc844be?s=96&d=mm&r=g","url":"https:\/\/secure.gravatar.com\/avatar\/910fcf6728fe95320e07a6643c1581fec1c7fc4bf8ae12e3d8f0d0373dc844be?s=96&d=mm&r=g","contentUrl":"https:\/\/secure.gravatar.com\/avatar\/910fcf6728fe95320e07a6643c1581fec1c7fc4bf8ae12e3d8f0d0373dc844be?s=96&d=mm&r=g","caption":"Jorge Mi\u00f1o"},"sameAs":["http:\/\/radioinfinitagoya.com.ar"]}]}},"_links":{"self":[{"href":"https:\/\/radioinfinitagoya.com.ar\/v1\/wp-json\/wp\/v2\/posts\/210402","targetHints":{"allow":["GET"]}}],"collection":[{"href":"https:\/\/radioinfinitagoya.com.ar\/v1\/wp-json\/wp\/v2\/posts"}],"about":[{"href":"https:\/\/radioinfinitagoya.com.ar\/v1\/wp-json\/wp\/v2\/types\/post"}],"author":[{"embeddable":true,"href":"https:\/\/radioinfinitagoya.com.ar\/v1\/wp-json\/wp\/v2\/users\/4"}],"replies":[{"embeddable":true,"href":"https:\/\/radioinfinitagoya.com.ar\/v1\/wp-json\/wp\/v2\/comments?post=210402"}],"version-history":[{"count":0,"href":"https:\/\/radioinfinitagoya.com.ar\/v1\/wp-json\/wp\/v2\/posts\/210402\/revisions"}],"wp:featuredmedia":[{"embeddable":true,"href":"https:\/\/radioinfinitagoya.com.ar\/v1\/wp-json\/wp\/v2\/media\/210403"}],"wp:attachment":[{"href":"https:\/\/radioinfinitagoya.com.ar\/v1\/wp-json\/wp\/v2\/media?parent=210402"}],"wp:term":[{"taxonomy":"category","embeddable":true,"href":"https:\/\/radioinfinitagoya.com.ar\/v1\/wp-json\/wp\/v2\/categories?post=210402"},{"taxonomy":"post_tag","embeddable":true,"href":"https:\/\/radioinfinitagoya.com.ar\/v1\/wp-json\/wp\/v2\/tags?post=210402"}],"curies":[{"name":"wp","href":"https:\/\/api.w.org\/{rel}","templated":true}]}}