{"id":210405,"date":"2026-03-17T16:46:40","date_gmt":"2026-03-17T19:46:40","guid":{"rendered":"https:\/\/radioinfinitagoya.com.ar\/v1\/?p=210405"},"modified":"2026-03-17T16:46:40","modified_gmt":"2026-03-17T19:46:40","slug":"la-correntina-juliana-romero-se-consagro-campeona-de-la-carrera-ultra-alpina","status":"publish","type":"post","link":"https:\/\/radioinfinitagoya.com.ar\/v1\/2026\/03\/17\/la-correntina-juliana-romero-se-consagro-campeona-de-la-carrera-ultra-alpina\/","title":{"rendered":"La correntina Juliana Romero se consagr\u00f3 campeona de la Carrera Ultra Alpina"},"content":{"rendered":"<p>La joven atleta volvi\u00f3 a destacarse a nivel nacional al ganar la Ultra Alpina en C\u00f3rdoba, imponi\u00e9ndose en un circuito t\u00e9cnico y de alta dificultad.<\/p>\n<p>La atleta correntina Juliana Romero volvi\u00f3 a subirse a lo m\u00e1s alto del podio y ratific\u00f3 su gran presente deportivo al consagrarse campeona de la carrera Ultra Alpina, una competencia de trail de monta\u00f1a que se desarroll\u00f3 en Villa Alpina, C\u00f3rdoba.<\/p>\n<p>Con tan solo 21 a\u00f1os, la integrante del equipo CorrientesCorre se impuso en la distancia de 12 kil\u00f3metros, dentro de un circuito altamente exigente que inici\u00f3 a 1200 metros sobre el nivel del mar y alcanz\u00f3 los 2050 metros, con un desnivel acumulado cercano a los 850 metros.<\/p>\n<p>La prueba present\u00f3 condiciones t\u00e9cnicas complejas, con piedra suelta, descensos pronunciados y senderos exigentes que pusieron a prueba la resistencia de los competidores. Durante el recorrido, Juliana Romero sufri\u00f3 ca\u00eddas, raspones y torceduras de tobillo, pero logr\u00f3 sobreponerse y continuar en carrera.<\/p>\n<p>Frente a atletas especializadas en monta\u00f1a de todo el pa\u00eds, la correntina volvi\u00f3 a demostrar su car\u00e1cter competitivo, resistencia y determinaci\u00f3n, logrando quedarse con el primer puesto en la clasificaci\u00f3n general femenina de los 12 km.<\/p>\n<p>\u201cLa verdad correr los 12 km en Alpina fue desafiante. En las subidas las piernas quemaban y en las bajadas el terreno era muy t\u00e9cnico. Hubo momentos en los que el cuerpo iba solo por la inclinaci\u00f3n, me ca\u00ed y me rasp\u00e9, pero segu\u00ed corriendo\u201d, expres\u00f3 la atleta.<\/p>\n<p>En la distancia de 12 kil\u00f3metros participaron 80 atletas. Juliana Romero cruz\u00f3 la meta con un tiempo de 1:33:54, superando a Pamela Molina (1:35:29), mientras que el tercer lugar fue para Erica Solla (1:36:16).<\/p>\n<p>La definici\u00f3n fue intensa, ya que durante gran parte de la competencia se mantuvo en la pelea por la punta. En los \u00faltimos kil\u00f3metros, la correntina logr\u00f3 superar a sus rivales y ampliar la diferencia en los tramos de bajada.<\/p>\n<p>Al finalizar la prueba, las marcas f\u00edsicas del esfuerzo eran visibles: raspones y signos de torceduras, propias de una competencia de alta exigencia en monta\u00f1a.<\/p>\n<p>Adem\u00e1s de su rendimiento deportivo, Juliana Romero fue embajadora oficial de la carrera, t\u00edtulo que obtuvo tras ganar un concurso en redes sociales organizado por el evento.<\/p>\n<p>Aunque ese rol no implicaba exigencias deportivas, la atleta dej\u00f3 en claro que es mucho m\u00e1s que una figura en redes, consolid\u00e1ndose como una competidora de alto nivel que respalda su imagen con resultados.<\/p>\n<p>Romero se posiciona como una atleta vers\u00e1til, con participaci\u00f3n en calle, pista y trail de monta\u00f1a, destac\u00e1ndose en cada disciplina y llevando el nombre de Corrientes al podio nacional.<\/p>\n","protected":false},"excerpt":{"rendered":"<p>La joven atleta volvi\u00f3 a destacarse a nivel nacional al ganar la Ultra Alpina en C\u00f3rdoba, imponi\u00e9ndose en un circuito t\u00e9cnico y de alta dificultad. La atleta correntina Juliana Romero volvi\u00f3 a subirse a lo m\u00e1s alto del podio y ratific\u00f3 su gran presente deportivo al consagrarse campeona de la carrera Ultra Alpina, una competencia [&hellip;]<\/p>\n","protected":false},"author":4,"featured_media":210406,"comment_status":"open","ping_status":"open","sticky":false,"template":"","format":"standard","meta":{"_joinchat":[],"footnotes":""},"categories":[28],"tags":[],"class_list":{"0":"post-210405","1":"post","2":"type-post","3":"status-publish","4":"format-standard","5":"has-post-thumbnail","7":"category-deportes"},"yoast_head":"<!-- This site is optimized with the Yoast SEO plugin v27.2 - https:\/\/yoast.com\/product\/yoast-seo-wordpress\/ -->\n<title>La correntina Juliana Romero se consagr\u00f3 campeona de la Carrera Ultra Alpina - Radio Infinita Goya<\/title>\n<meta name=\"description\" content=\"La joven atleta volvi\u00f3 a destacarse a nivel nacional al ganar la Ultra Alpina en C\u00f3rdoba, imponi\u00e9ndose en un circuito t\u00e9cnico y de alta dificultad. La\" \/>\n<meta name=\"robots\" content=\"index, follow, max-snippet:-1, max-image-preview:large, max-video-preview:-1\" \/>\n<link rel=\"canonical\" href=\"https:\/\/radioinfinitagoya.com.ar\/v1\/2026\/03\/17\/la-correntina-juliana-romero-se-consagro-campeona-de-la-carrera-ultra-alpina\/\" \/>\n<meta property=\"og:locale\" content=\"es_ES\" \/>\n<meta property=\"og:type\" content=\"article\" \/>\n<meta property=\"og:title\" content=\"La correntina Juliana Romero se consagr\u00f3 campeona de la Carrera Ultra Alpina - Radio Infinita Goya\" \/>\n<meta property=\"og:description\" content=\"La joven atleta volvi\u00f3 a destacarse a nivel nacional al ganar la Ultra Alpina en C\u00f3rdoba, imponi\u00e9ndose en un circuito t\u00e9cnico y de alta dificultad. La\" \/>\n<meta property=\"og:url\" content=\"https:\/\/radioinfinitagoya.com.ar\/v1\/2026\/03\/17\/la-correntina-juliana-romero-se-consagro-campeona-de-la-carrera-ultra-alpina\/\" \/>\n<meta property=\"og:site_name\" content=\"Radio Infinita Goya\" \/>\n<meta property=\"article:publisher\" content=\"https:\/\/www.facebook.com\/p\/Infinita-Goya-100063870918311\/\" \/>\n<meta property=\"article:published_time\" content=\"2026-03-17T19:46:40+00:00\" \/>\n<meta property=\"og:image\" content=\"https:\/\/radioinfinitagoya.com.ar\/v1\/wp-content\/uploads\/2026\/03\/1773774240317.webp\" \/>\n\t<meta property=\"og:image:width\" content=\"1200\" \/>\n\t<meta property=\"og:image:height\" content=\"675\" \/>\n\t<meta property=\"og:image:type\" content=\"image\/webp\" \/>\n<meta name=\"author\" content=\"Jorge Mi\u00f1o\" \/>\n<meta name=\"twitter:card\" content=\"summary_large_image\" \/>\n<meta name=\"twitter:label1\" content=\"Escrito por\" \/>\n\t<meta name=\"twitter:data1\" content=\"Jorge Mi\u00f1o\" \/>\n\t<meta name=\"twitter:label2\" content=\"Tiempo de lectura\" \/>\n\t<meta name=\"twitter:data2\" content=\"3 minutos\" \/>\n<script type=\"application\/ld+json\" class=\"yoast-schema-graph\">{\"@context\":\"https:\/\/schema.org\",\"@graph\":[{\"@type\":\"Article\",\"@id\":\"https:\/\/radioinfinitagoya.com.ar\/v1\/2026\/03\/17\/la-correntina-juliana-romero-se-consagro-campeona-de-la-carrera-ultra-alpina\/#article\",\"isPartOf\":{\"@id\":\"https:\/\/radioinfinitagoya.com.ar\/v1\/2026\/03\/17\/la-correntina-juliana-romero-se-consagro-campeona-de-la-carrera-ultra-alpina\/\"},\"author\":{\"name\":\"Jorge Mi\u00f1o\",\"@id\":\"https:\/\/radioinfinitagoya.com.ar\/v1\/#\/schema\/person\/d4cf9c413d4f6edb24aabdccab49ca4a\"},\"headline\":\"La correntina Juliana Romero se consagr\u00f3 campeona de la Carrera Ultra Alpina\",\"datePublished\":\"2026-03-17T19:46:40+00:00\",\"mainEntityOfPage\":{\"@id\":\"https:\/\/radioinfinitagoya.com.ar\/v1\/2026\/03\/17\/la-correntina-juliana-romero-se-consagro-campeona-de-la-carrera-ultra-alpina\/\"},\"wordCount\":459,\"commentCount\":0,\"publisher\":{\"@id\":\"https:\/\/radioinfinitagoya.com.ar\/v1\/#organization\"},\"image\":{\"@id\":\"https:\/\/radioinfinitagoya.com.ar\/v1\/2026\/03\/17\/la-correntina-juliana-romero-se-consagro-campeona-de-la-carrera-ultra-alpina\/#primaryimage\"},\"thumbnailUrl\":\"https:\/\/radioinfinitagoya.com.ar\/v1\/wp-content\/uploads\/2026\/03\/1773774240317.webp\",\"articleSection\":[\"DEPORTES\"],\"inLanguage\":\"es-AR\",\"potentialAction\":[{\"@type\":\"CommentAction\",\"name\":\"Comment\",\"target\":[\"https:\/\/radioinfinitagoya.com.ar\/v1\/2026\/03\/17\/la-correntina-juliana-romero-se-consagro-campeona-de-la-carrera-ultra-alpina\/#respond\"]}]},{\"@type\":\"WebPage\",\"@id\":\"https:\/\/radioinfinitagoya.com.ar\/v1\/2026\/03\/17\/la-correntina-juliana-romero-se-consagro-campeona-de-la-carrera-ultra-alpina\/\",\"url\":\"https:\/\/radioinfinitagoya.com.ar\/v1\/2026\/03\/17\/la-correntina-juliana-romero-se-consagro-campeona-de-la-carrera-ultra-alpina\/\",\"name\":\"La correntina Juliana Romero se consagr\u00f3 campeona de la Carrera Ultra Alpina - Radio Infinita Goya\",\"isPartOf\":{\"@id\":\"https:\/\/radioinfinitagoya.com.ar\/v1\/#website\"},\"primaryImageOfPage\":{\"@id\":\"https:\/\/radioinfinitagoya.com.ar\/v1\/2026\/03\/17\/la-correntina-juliana-romero-se-consagro-campeona-de-la-carrera-ultra-alpina\/#primaryimage\"},\"image\":{\"@id\":\"https:\/\/radioinfinitagoya.com.ar\/v1\/2026\/03\/17\/la-correntina-juliana-romero-se-consagro-campeona-de-la-carrera-ultra-alpina\/#primaryimage\"},\"thumbnailUrl\":\"https:\/\/radioinfinitagoya.com.ar\/v1\/wp-content\/uploads\/2026\/03\/1773774240317.webp\",\"datePublished\":\"2026-03-17T19:46:40+00:00\",\"description\":\"La joven atleta volvi\u00f3 a destacarse a nivel nacional al ganar la Ultra Alpina en C\u00f3rdoba, imponi\u00e9ndose en un circuito t\u00e9cnico y de alta dificultad. La\",\"breadcrumb\":{\"@id\":\"https:\/\/radioinfinitagoya.com.ar\/v1\/2026\/03\/17\/la-correntina-juliana-romero-se-consagro-campeona-de-la-carrera-ultra-alpina\/#breadcrumb\"},\"inLanguage\":\"es-AR\",\"potentialAction\":[{\"@type\":\"ReadAction\",\"target\":[\"https:\/\/radioinfinitagoya.com.ar\/v1\/2026\/03\/17\/la-correntina-juliana-romero-se-consagro-campeona-de-la-carrera-ultra-alpina\/\"]}]},{\"@type\":\"ImageObject\",\"inLanguage\":\"es-AR\",\"@id\":\"https:\/\/radioinfinitagoya.com.ar\/v1\/2026\/03\/17\/la-correntina-juliana-romero-se-consagro-campeona-de-la-carrera-ultra-alpina\/#primaryimage\",\"url\":\"https:\/\/radioinfinitagoya.com.ar\/v1\/wp-content\/uploads\/2026\/03\/1773774240317.webp\",\"contentUrl\":\"https:\/\/radioinfinitagoya.com.ar\/v1\/wp-content\/uploads\/2026\/03\/1773774240317.webp\",\"width\":1200,\"height\":675},{\"@type\":\"BreadcrumbList\",\"@id\":\"https:\/\/radioinfinitagoya.com.ar\/v1\/2026\/03\/17\/la-correntina-juliana-romero-se-consagro-campeona-de-la-carrera-ultra-alpina\/#breadcrumb\",\"itemListElement\":[{\"@type\":\"ListItem\",\"position\":1,\"name\":\"Inicio\",\"item\":\"https:\/\/radioinfinitagoya.com.ar\/v1\/\"},{\"@type\":\"ListItem\",\"position\":2,\"name\":\"La correntina Juliana Romero se consagr\u00f3 campeona de la Carrera Ultra Alpina\"}]},{\"@type\":\"WebSite\",\"@id\":\"https:\/\/radioinfinitagoya.com.ar\/v1\/#website\",\"url\":\"https:\/\/radioinfinitagoya.com.ar\/v1\/\",\"name\":\"radioinfinitagoya.com.ar\",\"description\":\"Radio de noticias\",\"publisher\":{\"@id\":\"https:\/\/radioinfinitagoya.com.ar\/v1\/#organization\"},\"potentialAction\":[{\"@type\":\"SearchAction\",\"target\":{\"@type\":\"EntryPoint\",\"urlTemplate\":\"https:\/\/radioinfinitagoya.com.ar\/v1\/?s={search_term_string}\"},\"query-input\":{\"@type\":\"PropertyValueSpecification\",\"valueRequired\":true,\"valueName\":\"search_term_string\"}}],\"inLanguage\":\"es-AR\"},{\"@type\":\"Organization\",\"@id\":\"https:\/\/radioinfinitagoya.com.ar\/v1\/#organization\",\"name\":\"Radio Infinita Goya\",\"url\":\"https:\/\/radioinfinitagoya.com.ar\/v1\/\",\"logo\":{\"@type\":\"ImageObject\",\"inLanguage\":\"es-AR\",\"@id\":\"https:\/\/radioinfinitagoya.com.ar\/v1\/#\/schema\/logo\/image\/\",\"url\":\"https:\/\/radioinfinitagoya.com.ar\/v1\/wp-content\/uploads\/2019\/11\/logo-pie-web.png\",\"contentUrl\":\"https:\/\/radioinfinitagoya.com.ar\/v1\/wp-content\/uploads\/2019\/11\/logo-pie-web.png\",\"width\":635,\"height\":326,\"caption\":\"Radio Infinita Goya\"},\"image\":{\"@id\":\"https:\/\/radioinfinitagoya.com.ar\/v1\/#\/schema\/logo\/image\/\"},\"sameAs\":[\"https:\/\/www.facebook.com\/p\/Infinita-Goya-100063870918311\/\"]},{\"@type\":\"Person\",\"@id\":\"https:\/\/radioinfinitagoya.com.ar\/v1\/#\/schema\/person\/d4cf9c413d4f6edb24aabdccab49ca4a\",\"name\":\"Jorge Mi\u00f1o\",\"image\":{\"@type\":\"ImageObject\",\"inLanguage\":\"es-AR\",\"@id\":\"https:\/\/secure.gravatar.com\/avatar\/910fcf6728fe95320e07a6643c1581fec1c7fc4bf8ae12e3d8f0d0373dc844be?s=96&d=mm&r=g\",\"url\":\"https:\/\/secure.gravatar.com\/avatar\/910fcf6728fe95320e07a6643c1581fec1c7fc4bf8ae12e3d8f0d0373dc844be?s=96&d=mm&r=g\",\"contentUrl\":\"https:\/\/secure.gravatar.com\/avatar\/910fcf6728fe95320e07a6643c1581fec1c7fc4bf8ae12e3d8f0d0373dc844be?s=96&d=mm&r=g\",\"caption\":\"Jorge Mi\u00f1o\"},\"sameAs\":[\"http:\/\/radioinfinitagoya.com.ar\"]}]}<\/script>\n<!-- \/ Yoast SEO plugin. -->","yoast_head_json":{"title":"La correntina Juliana Romero se consagr\u00f3 campeona de la Carrera Ultra Alpina - Radio Infinita Goya","description":"La joven atleta volvi\u00f3 a destacarse a nivel nacional al ganar la Ultra Alpina en C\u00f3rdoba, imponi\u00e9ndose en un circuito t\u00e9cnico y de alta dificultad. La","robots":{"index":"index","follow":"follow","max-snippet":"max-snippet:-1","max-image-preview":"max-image-preview:large","max-video-preview":"max-video-preview:-1"},"canonical":"https:\/\/radioinfinitagoya.com.ar\/v1\/2026\/03\/17\/la-correntina-juliana-romero-se-consagro-campeona-de-la-carrera-ultra-alpina\/","og_locale":"es_ES","og_type":"article","og_title":"La correntina Juliana Romero se consagr\u00f3 campeona de la Carrera Ultra Alpina - Radio Infinita Goya","og_description":"La joven atleta volvi\u00f3 a destacarse a nivel nacional al ganar la Ultra Alpina en C\u00f3rdoba, imponi\u00e9ndose en un circuito t\u00e9cnico y de alta dificultad. La","og_url":"https:\/\/radioinfinitagoya.com.ar\/v1\/2026\/03\/17\/la-correntina-juliana-romero-se-consagro-campeona-de-la-carrera-ultra-alpina\/","og_site_name":"Radio Infinita Goya","article_publisher":"https:\/\/www.facebook.com\/p\/Infinita-Goya-100063870918311\/","article_published_time":"2026-03-17T19:46:40+00:00","og_image":[{"width":1200,"height":675,"url":"https:\/\/radioinfinitagoya.com.ar\/v1\/wp-content\/uploads\/2026\/03\/1773774240317.webp","type":"image\/webp"}],"author":"Jorge Mi\u00f1o","twitter_card":"summary_large_image","twitter_misc":{"Escrito por":"Jorge Mi\u00f1o","Tiempo de lectura":"3 minutos"},"schema":{"@context":"https:\/\/schema.org","@graph":[{"@type":"Article","@id":"https:\/\/radioinfinitagoya.com.ar\/v1\/2026\/03\/17\/la-correntina-juliana-romero-se-consagro-campeona-de-la-carrera-ultra-alpina\/#article","isPartOf":{"@id":"https:\/\/radioinfinitagoya.com.ar\/v1\/2026\/03\/17\/la-correntina-juliana-romero-se-consagro-campeona-de-la-carrera-ultra-alpina\/"},"author":{"name":"Jorge Mi\u00f1o","@id":"https:\/\/radioinfinitagoya.com.ar\/v1\/#\/schema\/person\/d4cf9c413d4f6edb24aabdccab49ca4a"},"headline":"La correntina Juliana Romero se consagr\u00f3 campeona de la Carrera Ultra Alpina","datePublished":"2026-03-17T19:46:40+00:00","mainEntityOfPage":{"@id":"https:\/\/radioinfinitagoya.com.ar\/v1\/2026\/03\/17\/la-correntina-juliana-romero-se-consagro-campeona-de-la-carrera-ultra-alpina\/"},"wordCount":459,"commentCount":0,"publisher":{"@id":"https:\/\/radioinfinitagoya.com.ar\/v1\/#organization"},"image":{"@id":"https:\/\/radioinfinitagoya.com.ar\/v1\/2026\/03\/17\/la-correntina-juliana-romero-se-consagro-campeona-de-la-carrera-ultra-alpina\/#primaryimage"},"thumbnailUrl":"https:\/\/radioinfinitagoya.com.ar\/v1\/wp-content\/uploads\/2026\/03\/1773774240317.webp","articleSection":["DEPORTES"],"inLanguage":"es-AR","potentialAction":[{"@type":"CommentAction","name":"Comment","target":["https:\/\/radioinfinitagoya.com.ar\/v1\/2026\/03\/17\/la-correntina-juliana-romero-se-consagro-campeona-de-la-carrera-ultra-alpina\/#respond"]}]},{"@type":"WebPage","@id":"https:\/\/radioinfinitagoya.com.ar\/v1\/2026\/03\/17\/la-correntina-juliana-romero-se-consagro-campeona-de-la-carrera-ultra-alpina\/","url":"https:\/\/radioinfinitagoya.com.ar\/v1\/2026\/03\/17\/la-correntina-juliana-romero-se-consagro-campeona-de-la-carrera-ultra-alpina\/","name":"La correntina Juliana Romero se consagr\u00f3 campeona de la Carrera Ultra Alpina - Radio Infinita Goya","isPartOf":{"@id":"https:\/\/radioinfinitagoya.com.ar\/v1\/#website"},"primaryImageOfPage":{"@id":"https:\/\/radioinfinitagoya.com.ar\/v1\/2026\/03\/17\/la-correntina-juliana-romero-se-consagro-campeona-de-la-carrera-ultra-alpina\/#primaryimage"},"image":{"@id":"https:\/\/radioinfinitagoya.com.ar\/v1\/2026\/03\/17\/la-correntina-juliana-romero-se-consagro-campeona-de-la-carrera-ultra-alpina\/#primaryimage"},"thumbnailUrl":"https:\/\/radioinfinitagoya.com.ar\/v1\/wp-content\/uploads\/2026\/03\/1773774240317.webp","datePublished":"2026-03-17T19:46:40+00:00","description":"La joven atleta volvi\u00f3 a destacarse a nivel nacional al ganar la Ultra Alpina en C\u00f3rdoba, imponi\u00e9ndose en un circuito t\u00e9cnico y de alta dificultad. La","breadcrumb":{"@id":"https:\/\/radioinfinitagoya.com.ar\/v1\/2026\/03\/17\/la-correntina-juliana-romero-se-consagro-campeona-de-la-carrera-ultra-alpina\/#breadcrumb"},"inLanguage":"es-AR","potentialAction":[{"@type":"ReadAction","target":["https:\/\/radioinfinitagoya.com.ar\/v1\/2026\/03\/17\/la-correntina-juliana-romero-se-consagro-campeona-de-la-carrera-ultra-alpina\/"]}]},{"@type":"ImageObject","inLanguage":"es-AR","@id":"https:\/\/radioinfinitagoya.com.ar\/v1\/2026\/03\/17\/la-correntina-juliana-romero-se-consagro-campeona-de-la-carrera-ultra-alpina\/#primaryimage","url":"https:\/\/radioinfinitagoya.com.ar\/v1\/wp-content\/uploads\/2026\/03\/1773774240317.webp","contentUrl":"https:\/\/radioinfinitagoya.com.ar\/v1\/wp-content\/uploads\/2026\/03\/1773774240317.webp","width":1200,"height":675},{"@type":"BreadcrumbList","@id":"https:\/\/radioinfinitagoya.com.ar\/v1\/2026\/03\/17\/la-correntina-juliana-romero-se-consagro-campeona-de-la-carrera-ultra-alpina\/#breadcrumb","itemListElement":[{"@type":"ListItem","position":1,"name":"Inicio","item":"https:\/\/radioinfinitagoya.com.ar\/v1\/"},{"@type":"ListItem","position":2,"name":"La correntina Juliana Romero se consagr\u00f3 campeona de la Carrera Ultra Alpina"}]},{"@type":"WebSite","@id":"https:\/\/radioinfinitagoya.com.ar\/v1\/#website","url":"https:\/\/radioinfinitagoya.com.ar\/v1\/","name":"radioinfinitagoya.com.ar","description":"Radio de noticias","publisher":{"@id":"https:\/\/radioinfinitagoya.com.ar\/v1\/#organization"},"potentialAction":[{"@type":"SearchAction","target":{"@type":"EntryPoint","urlTemplate":"https:\/\/radioinfinitagoya.com.ar\/v1\/?s={search_term_string}"},"query-input":{"@type":"PropertyValueSpecification","valueRequired":true,"valueName":"search_term_string"}}],"inLanguage":"es-AR"},{"@type":"Organization","@id":"https:\/\/radioinfinitagoya.com.ar\/v1\/#organization","name":"Radio Infinita Goya","url":"https:\/\/radioinfinitagoya.com.ar\/v1\/","logo":{"@type":"ImageObject","inLanguage":"es-AR","@id":"https:\/\/radioinfinitagoya.com.ar\/v1\/#\/schema\/logo\/image\/","url":"https:\/\/radioinfinitagoya.com.ar\/v1\/wp-content\/uploads\/2019\/11\/logo-pie-web.png","contentUrl":"https:\/\/radioinfinitagoya.com.ar\/v1\/wp-content\/uploads\/2019\/11\/logo-pie-web.png","width":635,"height":326,"caption":"Radio Infinita Goya"},"image":{"@id":"https:\/\/radioinfinitagoya.com.ar\/v1\/#\/schema\/logo\/image\/"},"sameAs":["https:\/\/www.facebook.com\/p\/Infinita-Goya-100063870918311\/"]},{"@type":"Person","@id":"https:\/\/radioinfinitagoya.com.ar\/v1\/#\/schema\/person\/d4cf9c413d4f6edb24aabdccab49ca4a","name":"Jorge Mi\u00f1o","image":{"@type":"ImageObject","inLanguage":"es-AR","@id":"https:\/\/secure.gravatar.com\/avatar\/910fcf6728fe95320e07a6643c1581fec1c7fc4bf8ae12e3d8f0d0373dc844be?s=96&d=mm&r=g","url":"https:\/\/secure.gravatar.com\/avatar\/910fcf6728fe95320e07a6643c1581fec1c7fc4bf8ae12e3d8f0d0373dc844be?s=96&d=mm&r=g","contentUrl":"https:\/\/secure.gravatar.com\/avatar\/910fcf6728fe95320e07a6643c1581fec1c7fc4bf8ae12e3d8f0d0373dc844be?s=96&d=mm&r=g","caption":"Jorge Mi\u00f1o"},"sameAs":["http:\/\/radioinfinitagoya.com.ar"]}]}},"_links":{"self":[{"href":"https:\/\/radioinfinitagoya.com.ar\/v1\/wp-json\/wp\/v2\/posts\/210405","targetHints":{"allow":["GET"]}}],"collection":[{"href":"https:\/\/radioinfinitagoya.com.ar\/v1\/wp-json\/wp\/v2\/posts"}],"about":[{"href":"https:\/\/radioinfinitagoya.com.ar\/v1\/wp-json\/wp\/v2\/types\/post"}],"author":[{"embeddable":true,"href":"https:\/\/radioinfinitagoya.com.ar\/v1\/wp-json\/wp\/v2\/users\/4"}],"replies":[{"embeddable":true,"href":"https:\/\/radioinfinitagoya.com.ar\/v1\/wp-json\/wp\/v2\/comments?post=210405"}],"version-history":[{"count":0,"href":"https:\/\/radioinfinitagoya.com.ar\/v1\/wp-json\/wp\/v2\/posts\/210405\/revisions"}],"wp:featuredmedia":[{"embeddable":true,"href":"https:\/\/radioinfinitagoya.com.ar\/v1\/wp-json\/wp\/v2\/media\/210406"}],"wp:attachment":[{"href":"https:\/\/radioinfinitagoya.com.ar\/v1\/wp-json\/wp\/v2\/media?parent=210405"}],"wp:term":[{"taxonomy":"category","embeddable":true,"href":"https:\/\/radioinfinitagoya.com.ar\/v1\/wp-json\/wp\/v2\/categories?post=210405"},{"taxonomy":"post_tag","embeddable":true,"href":"https:\/\/radioinfinitagoya.com.ar\/v1\/wp-json\/wp\/v2\/tags?post=210405"}],"curies":[{"name":"wp","href":"https:\/\/api.w.org\/{rel}","templated":true}]}}